{"id":16251,"date":"2023-03-21T19:31:00","date_gmt":"2023-03-21T22:31:00","guid":{"rendered":"http:\/\/diarioprincipios.com\/?p=16251"},"modified":"2023-03-31T15:57:53","modified_gmt":"2023-03-31T18:57:53","slug":"homenajearon-a-mussi-a-50-anos-de-haber-sido-elegido-por-los-trabajadores-como-director-del-hospital-san-martin","status":"publish","type":"post","link":"https:\/\/diarioprincipios.com\/index.php\/2023\/03\/21\/homenajearon-a-mussi-a-50-anos-de-haber-sido-elegido-por-los-trabajadores-como-director-del-hospital-san-martin\/","title":{"rendered":"Homenajearon a Mussi a 50 a\u00f1os de haber sido elegido por los trabajadores como Director del Hospital San Mart\u00edn"},"content":{"rendered":"\n<p>Se le realiz\u00f3 un homenaje al Dr. Juan Jos\u00e9 Mussi en el Hospital Interzonal General de Agudos (HIGA) \u201cGeneral San Mart\u00edn\u201d de la ciudad de La Plata, al cumplirse 50 a\u00f1os de su asunci\u00f3n como director de ese establecimiento. El actual Intendente de Berazategui estuvo a cargo desde 1973 hasta 1976, momento en el que fue dejado cesante por el Gobierno militar. Mussi tuvo la particularidad de ser el director de hospital m\u00e1s joven de la historia en ese momento y de ser elegido por los propios trabajadores y profesionales del nosocomio para ocupar ese cargo.<\/p>\n\n\n\n<figure class=\"wp-block-image size-large\"><img loading=\"lazy\" decoding=\"async\" width=\"1024\" height=\"669\" src=\"https:\/\/diarioprincipios.com\/wp-content\/uploads\/2023\/03\/Screenshot_20230321-192029_Yahoo-Mail-1024x669.jpg\" alt=\"\" class=\"wp-image-16252\" srcset=\"https:\/\/diarioprincipios.com\/wp-content\/uploads\/2023\/03\/Screenshot_20230321-192029_Yahoo-Mail-1024x669.jpg 1024w, https:\/\/diarioprincipios.com\/wp-content\/uploads\/2023\/03\/Screenshot_20230321-192029_Yahoo-Mail-300x196.jpg 300w, https:\/\/diarioprincipios.com\/wp-content\/uploads\/2023\/03\/Screenshot_20230321-192029_Yahoo-Mail-768x502.jpg 768w, https:\/\/diarioprincipios.com\/wp-content\/uploads\/2023\/03\/Screenshot_20230321-192029_Yahoo-Mail.jpg 1075w\" sizes=\"auto, (max-width: 1024px) 100vw, 1024px\" \/><\/figure>\n\n\n\n<p>La emotiva ceremonia cont\u00f3 con la presencia del ministro de Salud de la Provincia, Nicol\u00e1s Kreplak; los diputados nacionales, Daniel Goll\u00e1n y Julio Pereyra; la actual directora del Hospital, Graciela Ramos Romero; el secretario general del Sindicato de la Salud P\u00fablica bonaerense, Miguel Zubieta; trabajadores actuales y jubilados, entre otros asistentes.<\/p>\n\n\n\n<p>Durante el acto, Zubieta remarc\u00f3: \u201cNunca nos vamos a olvidar de la lealtad del Dr. Mussi al movimiento obrero. En los momentos en los que los militares lo presionaban para dar nombres, jam\u00e1s entreg\u00f3 a ning\u00fan compa\u00f1ero ni compa\u00f1era. Tambi\u00e9n nos ense\u00f1\u00f3 a trabajar en conjunto, siempre estuvo codo a codo con los trabajadores. Este reconocimiento es por todo lo que le brind\u00f3 a nuestra organizaci\u00f3n sindical. Es un gran sanitarista y un gran defensor de la Salud P\u00fablica\u201d.<\/p>\n\n\n\n<figure class=\"wp-block-image size-large\"><img loading=\"lazy\" decoding=\"async\" width=\"1024\" height=\"675\" src=\"https:\/\/diarioprincipios.com\/wp-content\/uploads\/2023\/03\/Screenshot_20230321-192024_Yahoo-Mail-1024x675.jpg\" alt=\"\" class=\"wp-image-16253\" srcset=\"https:\/\/diarioprincipios.com\/wp-content\/uploads\/2023\/03\/Screenshot_20230321-192024_Yahoo-Mail-1024x675.jpg 1024w, https:\/\/diarioprincipios.com\/wp-content\/uploads\/2023\/03\/Screenshot_20230321-192024_Yahoo-Mail-300x198.jpg 300w, https:\/\/diarioprincipios.com\/wp-content\/uploads\/2023\/03\/Screenshot_20230321-192024_Yahoo-Mail-768x506.jpg 768w, https:\/\/diarioprincipios.com\/wp-content\/uploads\/2023\/03\/Screenshot_20230321-192024_Yahoo-Mail.jpg 1070w\" sizes=\"auto, (max-width: 1024px) 100vw, 1024px\" \/><\/figure>\n\n\n\n<p>En tanto, el Dr. Mussi expres\u00f3: \u201cSe me pasan por la cabeza un mont\u00f3n de acontecimientos. En este lugar pas\u00e9 tres de los a\u00f1os m\u00e1s lindos de mi vida. Cuando mis compa\u00f1eros tomaron el Hospital y me pusieron como director, fue un hito, nunca hab\u00eda pasado. Tambi\u00e9n contamos con el consenso de los Sindicatos de Salud P\u00fablica y de Profesionales de la Salud. La realidad nos demostr\u00f3 que se pueden hacer grandes cosas cuando trabajamos en unidad\u201d.<\/p>\n\n\n\n<p>\u201cEste lugar tiene un valor incalculable, es el padre de todos los hospitales de la provincia de Buenos Aires. Los domingos ven\u00edamos a trabajar: pint\u00e1bamos, refaccionamos y, cuando la gente ven\u00eda el lunes, encontraba un Hospital diferente. A nosotros, los berazateguenses, nos prest\u00f3 servicio durante much\u00edsimos a\u00f1os\u201d, concluy\u00f3 el Intendente.<\/p>\n\n\n\n<figure class=\"wp-block-image size-large\"><img loading=\"lazy\" decoding=\"async\" width=\"1024\" height=\"689\" src=\"https:\/\/diarioprincipios.com\/wp-content\/uploads\/2023\/03\/Screenshot_20230321-192017_Yahoo-Mail-1024x689.jpg\" alt=\"\" class=\"wp-image-16254\" srcset=\"https:\/\/diarioprincipios.com\/wp-content\/uploads\/2023\/03\/Screenshot_20230321-192017_Yahoo-Mail-1024x689.jpg 1024w, https:\/\/diarioprincipios.com\/wp-content\/uploads\/2023\/03\/Screenshot_20230321-192017_Yahoo-Mail-300x202.jpg 300w, https:\/\/diarioprincipios.com\/wp-content\/uploads\/2023\/03\/Screenshot_20230321-192017_Yahoo-Mail-768x517.jpg 768w, https:\/\/diarioprincipios.com\/wp-content\/uploads\/2023\/03\/Screenshot_20230321-192017_Yahoo-Mail.jpg 1080w\" sizes=\"auto, (max-width: 1024px) 100vw, 1024px\" \/><\/figure>\n\n\n\n<p>Asimismo, el ministro Kreplak destac\u00f3 la figura del Dr. Mussi a lo largo de su carrera, tanto en el \u00e1mbito de la medicina como en la funci\u00f3n p\u00fablica: \u201cEntre otras cosas, impuls\u00f3 la idea de que los trabajadores y trabajadoras tengan una voz en el sistema de Salud, que la mirada sanitaria incluya la sensibilidad por las personas, los padecimientos y las desigualdades. Y otra cosa muy importante: que la pol\u00edtica, la lucha por servir a los dem\u00e1s, puede comenzar hace 50 a\u00f1os y seguir vigente todos los d\u00edas, militando por lo que es justo y por lo colectivo\u201d, expres\u00f3.<\/p>\n\n\n\n<p>Por su parte, la directora Romero record\u00f3: \u201cTodos los 24 de Marzo conmemoramos el D\u00eda de la Memoria e invitamos a los directores que estuvieron en \u00e9pocas de democracia. Me emocion\u00f3 un mont\u00f3n lo que cont\u00f3 hoy el Dr. Mussi. Lamentablemente tuvo que irse en aquella \u00e9poca nefasta de nuestra historia, durante la dictadura. Pero tuvo el valor de enfrentarse a los militares y no querer ser c\u00f3mplice. Su lucha es la que tenemos que continuar todos nosotros\u201d.<\/p>\n\n\n\n<p>El homenaje estuvo organizado por el Ministerio de Salud de la provincia de Buenos Aires y el Sindicato de Salud Bonaerense.<\/p>\n\n\n\n<p>Hospital Interzonal Gral. de Agudos General San Mart\u00edn<\/p>\n\n\n\n<p>Fue fundado en 1884. Es el hospital p\u00fablico de alta complejidad m\u00e1s importante de la Provincia para pacientes de alto riesgo. Su \u00e1rea de influencia comprende los partidos incluidos en la regi\u00f3n sanitaria XI: Berisso, Coronel Brandsen, Ca\u00f1uelas, Castelli, Chascom\u00fas, Dolores, Ensenada, General Belgrano, Tordillo y Lezama. Est\u00e1 vinculado a la Universidad Nacional de La Plata (UNLP), dando lugar a 45 residencias y 16 c\u00e1tedras que desarrollan pr\u00e1cticas asistenciales y actividades acad\u00e9micas de diversas especialidades.<\/p>\n","protected":false},"excerpt":{"rendered":"<p>Se le realiz\u00f3 un homenaje al Dr. Juan Jos\u00e9 Mussi en el Hospital Interzonal General de Agudos (HIGA) \u201cGeneral San Mart\u00edn\u201d de la ciudad de La Plata, al cumplirse 50 a\u00f1os de su asunci\u00f3n como director de ese establecimiento. El actual Intendente de Berazategui estuvo a cargo desde 1973 hasta 1976, momento en el que&#8230;<\/p>\n","protected":false},"author":2,"featured_media":16255,"comment_status":"open","ping_status":"open","sticky":false,"template":"","format":"standard","meta":{"footnotes":""},"categories":[3],"tags":[],"class_list":["post-16251","post","type-post","status-publish","format-standard","has-post-thumbnail","hentry","category-berazategui"],"featured_image_src":"https:\/\/diarioprincipios.com\/wp-content\/uploads\/2023\/03\/Screenshot_20230321-192013_Yahoo-Mail-1024x667.jpg","blog_images":{"medium":"https:\/\/diarioprincipios.com\/wp-content\/uploads\/2023\/03\/Screenshot_20230321-192013_Yahoo-Mail-300x196.jpg","large":"https:\/\/diarioprincipios.com\/wp-content\/uploads\/2023\/03\/Screenshot_20230321-192013_Yahoo-Mail-1024x667.jpg"},"ams_acf":[],"yoast_head":"<!-- This site is optimized with the Yoast SEO plugin v27.3 - https:\/\/yoast.com\/product\/yoast-seo-wordpress\/ -->\n<title>Homenajearon a Mussi a 50 a\u00f1os de haber sido elegido por los trabajadores como Director del Hospital San Mart\u00edn - Principios<\/title>\n<meta name=\"robots\" content=\"index, follow, max-snippet:-1, max-image-preview:large, max-video-preview:-1\" \/>\n<link rel=\"canonical\" href=\"https:\/\/diarioprincipios.com\/index.php\/2023\/03\/21\/homenajearon-a-mussi-a-50-anos-de-haber-sido-elegido-por-los-trabajadores-como-director-del-hospital-san-martin\/\" \/>\n<meta property=\"og:locale\" content=\"es_ES\" \/>\n<meta property=\"og:type\" content=\"article\" \/>\n<meta property=\"og:title\" content=\"Homenajearon a Mussi a 50 a\u00f1os de haber sido elegido por los trabajadores como Director del Hospital San Mart\u00edn - Principios\" \/>\n<meta property=\"og:description\" content=\"Se le realiz\u00f3 un homenaje al Dr. Juan Jos\u00e9 Mussi en el Hospital Interzonal General de Agudos (HIGA) \u201cGeneral San Mart\u00edn\u201d de la ciudad de La Plata, al cumplirse 50 a\u00f1os de su asunci\u00f3n como director de ese establecimiento. El actual Intendente de Berazategui estuvo a cargo desde 1973 hasta 1976, momento en el que...\" \/>\n<meta property=\"og:url\" content=\"https:\/\/diarioprincipios.com\/index.php\/2023\/03\/21\/homenajearon-a-mussi-a-50-anos-de-haber-sido-elegido-por-los-trabajadores-como-director-del-hospital-san-martin\/\" \/>\n<meta property=\"og:site_name\" content=\"Principios\" \/>\n<meta property=\"article:published_time\" content=\"2023-03-21T22:31:00+00:00\" \/>\n<meta property=\"article:modified_time\" content=\"2023-03-31T18:57:53+00:00\" \/>\n<meta property=\"og:image\" content=\"https:\/\/diarioprincipios.com\/wp-content\/uploads\/2023\/03\/Screenshot_20230321-192013_Yahoo-Mail.jpg\" \/>\n\t<meta property=\"og:image:width\" content=\"1080\" \/>\n\t<meta property=\"og:image:height\" content=\"704\" \/>\n\t<meta property=\"og:image:type\" content=\"image\/jpeg\" \/>\n<meta name=\"author\" content=\"Hern\u00e1n L\u00f3pez\" \/>\n<meta name=\"twitter:card\" content=\"summary_large_image\" \/>\n<meta name=\"twitter:label1\" content=\"Escrito por\" \/>\n\t<meta name=\"twitter:data1\" content=\"Hern\u00e1n L\u00f3pez\" \/>\n\t<meta name=\"twitter:label2\" content=\"Tiempo de lectura\" \/>\n\t<meta name=\"twitter:data2\" content=\"4 minutos\" \/>\n<script type=\"application\/ld+json\" class=\"yoast-schema-graph\">{\"@context\":\"https:\\\/\\\/schema.org\",\"@graph\":[{\"@type\":\"Article\",\"@id\":\"https:\\\/\\\/diarioprincipios.com\\\/index.php\\\/2023\\\/03\\\/21\\\/homenajearon-a-mussi-a-50-anos-de-haber-sido-elegido-por-los-trabajadores-como-director-del-hospital-san-martin\\\/#article\",\"isPartOf\":{\"@id\":\"https:\\\/\\\/diarioprincipios.com\\\/index.php\\\/2023\\\/03\\\/21\\\/homenajearon-a-mussi-a-50-anos-de-haber-sido-elegido-por-los-trabajadores-como-director-del-hospital-san-martin\\\/\"},\"author\":{\"name\":\"Hern\u00e1n L\u00f3pez\",\"@id\":\"https:\\\/\\\/diarioprincipios.com\\\/#\\\/schema\\\/person\\\/436d5a1fd41a5e250e23ff5a6a7cb080\"},\"headline\":\"Homenajearon a Mussi a 50 a\u00f1os de haber sido elegido por los trabajadores como Director del Hospital San Mart\u00edn\",\"datePublished\":\"2023-03-21T22:31:00+00:00\",\"dateModified\":\"2023-03-31T18:57:53+00:00\",\"mainEntityOfPage\":{\"@id\":\"https:\\\/\\\/diarioprincipios.com\\\/index.php\\\/2023\\\/03\\\/21\\\/homenajearon-a-mussi-a-50-anos-de-haber-sido-elegido-por-los-trabajadores-como-director-del-hospital-san-martin\\\/\"},\"wordCount\":691,\"commentCount\":0,\"publisher\":{\"@id\":\"https:\\\/\\\/diarioprincipios.com\\\/#organization\"},\"image\":{\"@id\":\"https:\\\/\\\/diarioprincipios.com\\\/index.php\\\/2023\\\/03\\\/21\\\/homenajearon-a-mussi-a-50-anos-de-haber-sido-elegido-por-los-trabajadores-como-director-del-hospital-san-martin\\\/#primaryimage\"},\"thumbnailUrl\":\"https:\\\/\\\/diarioprincipios.com\\\/wp-content\\\/uploads\\\/2023\\\/03\\\/Screenshot_20230321-192013_Yahoo-Mail.jpg\",\"articleSection\":[\"Berazategui\"],\"inLanguage\":\"es\",\"potentialAction\":[{\"@type\":\"CommentAction\",\"name\":\"Comment\",\"target\":[\"https:\\\/\\\/diarioprincipios.com\\\/index.php\\\/2023\\\/03\\\/21\\\/homenajearon-a-mussi-a-50-anos-de-haber-sido-elegido-por-los-trabajadores-como-director-del-hospital-san-martin\\\/#respond\"]}]},{\"@type\":\"WebPage\",\"@id\":\"https:\\\/\\\/diarioprincipios.com\\\/index.php\\\/2023\\\/03\\\/21\\\/homenajearon-a-mussi-a-50-anos-de-haber-sido-elegido-por-los-trabajadores-como-director-del-hospital-san-martin\\\/\",\"url\":\"https:\\\/\\\/diarioprincipios.com\\\/index.php\\\/2023\\\/03\\\/21\\\/homenajearon-a-mussi-a-50-anos-de-haber-sido-elegido-por-los-trabajadores-como-director-del-hospital-san-martin\\\/\",\"name\":\"Homenajearon a Mussi a 50 a\u00f1os de haber sido elegido por los trabajadores como Director del Hospital San Mart\u00edn - Principios\",\"isPartOf\":{\"@id\":\"https:\\\/\\\/diarioprincipios.com\\\/#website\"},\"primaryImageOfPage\":{\"@id\":\"https:\\\/\\\/diarioprincipios.com\\\/index.php\\\/2023\\\/03\\\/21\\\/homenajearon-a-mussi-a-50-anos-de-haber-sido-elegido-por-los-trabajadores-como-director-del-hospital-san-martin\\\/#primaryimage\"},\"image\":{\"@id\":\"https:\\\/\\\/diarioprincipios.com\\\/index.php\\\/2023\\\/03\\\/21\\\/homenajearon-a-mussi-a-50-anos-de-haber-sido-elegido-por-los-trabajadores-como-director-del-hospital-san-martin\\\/#primaryimage\"},\"thumbnailUrl\":\"https:\\\/\\\/diarioprincipios.com\\\/wp-content\\\/uploads\\\/2023\\\/03\\\/Screenshot_20230321-192013_Yahoo-Mail.jpg\",\"datePublished\":\"2023-03-21T22:31:00+00:00\",\"dateModified\":\"2023-03-31T18:57:53+00:00\",\"breadcrumb\":{\"@id\":\"https:\\\/\\\/diarioprincipios.com\\\/index.php\\\/2023\\\/03\\\/21\\\/homenajearon-a-mussi-a-50-anos-de-haber-sido-elegido-por-los-trabajadores-como-director-del-hospital-san-martin\\\/#breadcrumb\"},\"inLanguage\":\"es\",\"potentialAction\":[{\"@type\":\"ReadAction\",\"target\":[\"https:\\\/\\\/diarioprincipios.com\\\/index.php\\\/2023\\\/03\\\/21\\\/homenajearon-a-mussi-a-50-anos-de-haber-sido-elegido-por-los-trabajadores-como-director-del-hospital-san-martin\\\/\"]}]},{\"@type\":\"ImageObject\",\"inLanguage\":\"es\",\"@id\":\"https:\\\/\\\/diarioprincipios.com\\\/index.php\\\/2023\\\/03\\\/21\\\/homenajearon-a-mussi-a-50-anos-de-haber-sido-elegido-por-los-trabajadores-como-director-del-hospital-san-martin\\\/#primaryimage\",\"url\":\"https:\\\/\\\/diarioprincipios.com\\\/wp-content\\\/uploads\\\/2023\\\/03\\\/Screenshot_20230321-192013_Yahoo-Mail.jpg\",\"contentUrl\":\"https:\\\/\\\/diarioprincipios.com\\\/wp-content\\\/uploads\\\/2023\\\/03\\\/Screenshot_20230321-192013_Yahoo-Mail.jpg\",\"width\":1080,\"height\":704},{\"@type\":\"BreadcrumbList\",\"@id\":\"https:\\\/\\\/diarioprincipios.com\\\/index.php\\\/2023\\\/03\\\/21\\\/homenajearon-a-mussi-a-50-anos-de-haber-sido-elegido-por-los-trabajadores-como-director-del-hospital-san-martin\\\/#breadcrumb\",\"itemListElement\":[{\"@type\":\"ListItem\",\"position\":1,\"name\":\"Portada\",\"item\":\"https:\\\/\\\/diarioprincipios.com\\\/\"},{\"@type\":\"ListItem\",\"position\":2,\"name\":\"Homenajearon a Mussi a 50 a\u00f1os de haber sido elegido por los trabajadores como Director del Hospital San Mart\u00edn\"}]},{\"@type\":\"WebSite\",\"@id\":\"https:\\\/\\\/diarioprincipios.com\\\/#website\",\"url\":\"https:\\\/\\\/diarioprincipios.com\\\/\",\"name\":\"Principios\",\"description\":\"Principios Diario\",\"publisher\":{\"@id\":\"https:\\\/\\\/diarioprincipios.com\\\/#organization\"},\"potentialAction\":[{\"@type\":\"SearchAction\",\"target\":{\"@type\":\"EntryPoint\",\"urlTemplate\":\"https:\\\/\\\/diarioprincipios.com\\\/?s={search_term_string}\"},\"query-input\":{\"@type\":\"PropertyValueSpecification\",\"valueRequired\":true,\"valueName\":\"search_term_string\"}}],\"inLanguage\":\"es\"},{\"@type\":\"Organization\",\"@id\":\"https:\\\/\\\/diarioprincipios.com\\\/#organization\",\"name\":\"Principios\",\"url\":\"https:\\\/\\\/diarioprincipios.com\\\/\",\"logo\":{\"@type\":\"ImageObject\",\"inLanguage\":\"es\",\"@id\":\"https:\\\/\\\/diarioprincipios.com\\\/#\\\/schema\\\/logo\\\/image\\\/\",\"url\":\"https:\\\/\\\/diarioprincipios.com\\\/wp-content\\\/uploads\\\/2024\\\/04\\\/cropped-www.diarioprincipios.com_-1.png\",\"contentUrl\":\"https:\\\/\\\/diarioprincipios.com\\\/wp-content\\\/uploads\\\/2024\\\/04\\\/cropped-www.diarioprincipios.com_-1.png\",\"width\":5325,\"height\":1454,\"caption\":\"Principios\"},\"image\":{\"@id\":\"https:\\\/\\\/diarioprincipios.com\\\/#\\\/schema\\\/logo\\\/image\\\/\"}},{\"@type\":\"Person\",\"@id\":\"https:\\\/\\\/diarioprincipios.com\\\/#\\\/schema\\\/person\\\/436d5a1fd41a5e250e23ff5a6a7cb080\",\"name\":\"Hern\u00e1n L\u00f3pez\",\"image\":{\"@type\":\"ImageObject\",\"inLanguage\":\"es\",\"@id\":\"https:\\\/\\\/diarioprincipios.com\\\/wp-content\\\/litespeed\\\/avatar\\\/11ddfe5610ff3bd100522525b2571f48.jpg?ver=1777048341\",\"url\":\"https:\\\/\\\/diarioprincipios.com\\\/wp-content\\\/litespeed\\\/avatar\\\/11ddfe5610ff3bd100522525b2571f48.jpg?ver=1777048341\",\"contentUrl\":\"https:\\\/\\\/diarioprincipios.com\\\/wp-content\\\/litespeed\\\/avatar\\\/11ddfe5610ff3bd100522525b2571f48.jpg?ver=1777048341\",\"caption\":\"Hern\u00e1n L\u00f3pez\"},\"url\":\"https:\\\/\\\/diarioprincipios.com\\\/index.php\\\/author\\\/hernan\\\/\"}]}<\/script>\n<!-- \/ Yoast SEO plugin. -->","yoast_head_json":{"title":"Homenajearon a Mussi a 50 a\u00f1os de haber sido elegido por los trabajadores como Director del Hospital San Mart\u00edn - Principios","robots":{"index":"index","follow":"follow","max-snippet":"max-snippet:-1","max-image-preview":"max-image-preview:large","max-video-preview":"max-video-preview:-1"},"canonical":"https:\/\/diarioprincipios.com\/index.php\/2023\/03\/21\/homenajearon-a-mussi-a-50-anos-de-haber-sido-elegido-por-los-trabajadores-como-director-del-hospital-san-martin\/","og_locale":"es_ES","og_type":"article","og_title":"Homenajearon a Mussi a 50 a\u00f1os de haber sido elegido por los trabajadores como Director del Hospital San Mart\u00edn - Principios","og_description":"Se le realiz\u00f3 un homenaje al Dr. Juan Jos\u00e9 Mussi en el Hospital Interzonal General de Agudos (HIGA) \u201cGeneral San Mart\u00edn\u201d de la ciudad de La Plata, al cumplirse 50 a\u00f1os de su asunci\u00f3n como director de ese establecimiento. El actual Intendente de Berazategui estuvo a cargo desde 1973 hasta 1976, momento en el que...","og_url":"https:\/\/diarioprincipios.com\/index.php\/2023\/03\/21\/homenajearon-a-mussi-a-50-anos-de-haber-sido-elegido-por-los-trabajadores-como-director-del-hospital-san-martin\/","og_site_name":"Principios","article_published_time":"2023-03-21T22:31:00+00:00","article_modified_time":"2023-03-31T18:57:53+00:00","og_image":[{"width":1080,"height":704,"url":"https:\/\/diarioprincipios.com\/wp-content\/uploads\/2023\/03\/Screenshot_20230321-192013_Yahoo-Mail.jpg","type":"image\/jpeg"}],"author":"Hern\u00e1n L\u00f3pez","twitter_card":"summary_large_image","twitter_misc":{"Escrito por":"Hern\u00e1n L\u00f3pez","Tiempo de lectura":"4 minutos"},"schema":{"@context":"https:\/\/schema.org","@graph":[{"@type":"Article","@id":"https:\/\/diarioprincipios.com\/index.php\/2023\/03\/21\/homenajearon-a-mussi-a-50-anos-de-haber-sido-elegido-por-los-trabajadores-como-director-del-hospital-san-martin\/#article","isPartOf":{"@id":"https:\/\/diarioprincipios.com\/index.php\/2023\/03\/21\/homenajearon-a-mussi-a-50-anos-de-haber-sido-elegido-por-los-trabajadores-como-director-del-hospital-san-martin\/"},"author":{"name":"Hern\u00e1n L\u00f3pez","@id":"https:\/\/diarioprincipios.com\/#\/schema\/person\/436d5a1fd41a5e250e23ff5a6a7cb080"},"headline":"Homenajearon a Mussi a 50 a\u00f1os de haber sido elegido por los trabajadores como Director del Hospital San Mart\u00edn","datePublished":"2023-03-21T22:31:00+00:00","dateModified":"2023-03-31T18:57:53+00:00","mainEntityOfPage":{"@id":"https:\/\/diarioprincipios.com\/index.php\/2023\/03\/21\/homenajearon-a-mussi-a-50-anos-de-haber-sido-elegido-por-los-trabajadores-como-director-del-hospital-san-martin\/"},"wordCount":691,"commentCount":0,"publisher":{"@id":"https:\/\/diarioprincipios.com\/#organization"},"image":{"@id":"https:\/\/diarioprincipios.com\/index.php\/2023\/03\/21\/homenajearon-a-mussi-a-50-anos-de-haber-sido-elegido-por-los-trabajadores-como-director-del-hospital-san-martin\/#primaryimage"},"thumbnailUrl":"https:\/\/diarioprincipios.com\/wp-content\/uploads\/2023\/03\/Screenshot_20230321-192013_Yahoo-Mail.jpg","articleSection":["Berazategui"],"inLanguage":"es","potentialAction":[{"@type":"CommentAction","name":"Comment","target":["https:\/\/diarioprincipios.com\/index.php\/2023\/03\/21\/homenajearon-a-mussi-a-50-anos-de-haber-sido-elegido-por-los-trabajadores-como-director-del-hospital-san-martin\/#respond"]}]},{"@type":"WebPage","@id":"https:\/\/diarioprincipios.com\/index.php\/2023\/03\/21\/homenajearon-a-mussi-a-50-anos-de-haber-sido-elegido-por-los-trabajadores-como-director-del-hospital-san-martin\/","url":"https:\/\/diarioprincipios.com\/index.php\/2023\/03\/21\/homenajearon-a-mussi-a-50-anos-de-haber-sido-elegido-por-los-trabajadores-como-director-del-hospital-san-martin\/","name":"Homenajearon a Mussi a 50 a\u00f1os de haber sido elegido por los trabajadores como Director del Hospital San Mart\u00edn - Principios","isPartOf":{"@id":"https:\/\/diarioprincipios.com\/#website"},"primaryImageOfPage":{"@id":"https:\/\/diarioprincipios.com\/index.php\/2023\/03\/21\/homenajearon-a-mussi-a-50-anos-de-haber-sido-elegido-por-los-trabajadores-como-director-del-hospital-san-martin\/#primaryimage"},"image":{"@id":"https:\/\/diarioprincipios.com\/index.php\/2023\/03\/21\/homenajearon-a-mussi-a-50-anos-de-haber-sido-elegido-por-los-trabajadores-como-director-del-hospital-san-martin\/#primaryimage"},"thumbnailUrl":"https:\/\/diarioprincipios.com\/wp-content\/uploads\/2023\/03\/Screenshot_20230321-192013_Yahoo-Mail.jpg","datePublished":"2023-03-21T22:31:00+00:00","dateModified":"2023-03-31T18:57:53+00:00","breadcrumb":{"@id":"https:\/\/diarioprincipios.com\/index.php\/2023\/03\/21\/homenajearon-a-mussi-a-50-anos-de-haber-sido-elegido-por-los-trabajadores-como-director-del-hospital-san-martin\/#breadcrumb"},"inLanguage":"es","potentialAction":[{"@type":"ReadAction","target":["https:\/\/diarioprincipios.com\/index.php\/2023\/03\/21\/homenajearon-a-mussi-a-50-anos-de-haber-sido-elegido-por-los-trabajadores-como-director-del-hospital-san-martin\/"]}]},{"@type":"ImageObject","inLanguage":"es","@id":"https:\/\/diarioprincipios.com\/index.php\/2023\/03\/21\/homenajearon-a-mussi-a-50-anos-de-haber-sido-elegido-por-los-trabajadores-como-director-del-hospital-san-martin\/#primaryimage","url":"https:\/\/diarioprincipios.com\/wp-content\/uploads\/2023\/03\/Screenshot_20230321-192013_Yahoo-Mail.jpg","contentUrl":"https:\/\/diarioprincipios.com\/wp-content\/uploads\/2023\/03\/Screenshot_20230321-192013_Yahoo-Mail.jpg","width":1080,"height":704},{"@type":"BreadcrumbList","@id":"https:\/\/diarioprincipios.com\/index.php\/2023\/03\/21\/homenajearon-a-mussi-a-50-anos-de-haber-sido-elegido-por-los-trabajadores-como-director-del-hospital-san-martin\/#breadcrumb","itemListElement":[{"@type":"ListItem","position":1,"name":"Portada","item":"https:\/\/diarioprincipios.com\/"},{"@type":"ListItem","position":2,"name":"Homenajearon a Mussi a 50 a\u00f1os de haber sido elegido por los trabajadores como Director del Hospital San Mart\u00edn"}]},{"@type":"WebSite","@id":"https:\/\/diarioprincipios.com\/#website","url":"https:\/\/diarioprincipios.com\/","name":"Principios","description":"Principios Diario","publisher":{"@id":"https:\/\/diarioprincipios.com\/#organization"},"potentialAction":[{"@type":"SearchAction","target":{"@type":"EntryPoint","urlTemplate":"https:\/\/diarioprincipios.com\/?s={search_term_string}"},"query-input":{"@type":"PropertyValueSpecification","valueRequired":true,"valueName":"search_term_string"}}],"inLanguage":"es"},{"@type":"Organization","@id":"https:\/\/diarioprincipios.com\/#organization","name":"Principios","url":"https:\/\/diarioprincipios.com\/","logo":{"@type":"ImageObject","inLanguage":"es","@id":"https:\/\/diarioprincipios.com\/#\/schema\/logo\/image\/","url":"https:\/\/diarioprincipios.com\/wp-content\/uploads\/2024\/04\/cropped-www.diarioprincipios.com_-1.png","contentUrl":"https:\/\/diarioprincipios.com\/wp-content\/uploads\/2024\/04\/cropped-www.diarioprincipios.com_-1.png","width":5325,"height":1454,"caption":"Principios"},"image":{"@id":"https:\/\/diarioprincipios.com\/#\/schema\/logo\/image\/"}},{"@type":"Person","@id":"https:\/\/diarioprincipios.com\/#\/schema\/person\/436d5a1fd41a5e250e23ff5a6a7cb080","name":"Hern\u00e1n L\u00f3pez","image":{"@type":"ImageObject","inLanguage":"es","@id":"https:\/\/diarioprincipios.com\/wp-content\/litespeed\/avatar\/11ddfe5610ff3bd100522525b2571f48.jpg?ver=1777048341","url":"https:\/\/diarioprincipios.com\/wp-content\/litespeed\/avatar\/11ddfe5610ff3bd100522525b2571f48.jpg?ver=1777048341","contentUrl":"https:\/\/diarioprincipios.com\/wp-content\/litespeed\/avatar\/11ddfe5610ff3bd100522525b2571f48.jpg?ver=1777048341","caption":"Hern\u00e1n L\u00f3pez"},"url":"https:\/\/diarioprincipios.com\/index.php\/author\/hernan\/"}]}},"jetpack_featured_media_url":"https:\/\/diarioprincipios.com\/wp-content\/uploads\/2023\/03\/Screenshot_20230321-192013_Yahoo-Mail.jpg","_links":{"self":[{"href":"https:\/\/diarioprincipios.com\/index.php\/wp-json\/wp\/v2\/posts\/16251","targetHints":{"allow":["GET"]}}],"collection":[{"href":"https:\/\/diarioprincipios.com\/index.php\/wp-json\/wp\/v2\/posts"}],"about":[{"href":"https:\/\/diarioprincipios.com\/index.php\/wp-json\/wp\/v2\/types\/post"}],"author":[{"embeddable":true,"href":"https:\/\/diarioprincipios.com\/index.php\/wp-json\/wp\/v2\/users\/2"}],"replies":[{"embeddable":true,"href":"https:\/\/diarioprincipios.com\/index.php\/wp-json\/wp\/v2\/comments?post=16251"}],"version-history":[{"count":1,"href":"https:\/\/diarioprincipios.com\/index.php\/wp-json\/wp\/v2\/posts\/16251\/revisions"}],"predecessor-version":[{"id":16256,"href":"https:\/\/diarioprincipios.com\/index.php\/wp-json\/wp\/v2\/posts\/16251\/revisions\/16256"}],"wp:featuredmedia":[{"embeddable":true,"href":"https:\/\/diarioprincipios.com\/index.php\/wp-json\/wp\/v2\/media\/16255"}],"wp:attachment":[{"href":"https:\/\/diarioprincipios.com\/index.php\/wp-json\/wp\/v2\/media?parent=16251"}],"wp:term":[{"taxonomy":"category","embeddable":true,"href":"https:\/\/diarioprincipios.com\/index.php\/wp-json\/wp\/v2\/categories?post=16251"},{"taxonomy":"post_tag","embeddable":true,"href":"https:\/\/diarioprincipios.com\/index.php\/wp-json\/wp\/v2\/tags?post=16251"}],"curies":[{"name":"wp","href":"https:\/\/api.w.org\/{rel}","templated":true}]}}