{"id":16249,"date":"2023-03-20T11:28:34","date_gmt":"2023-03-20T14:28:34","guid":{"rendered":"http:\/\/diarioprincipios.com\/?p=16249"},"modified":"2023-03-31T15:51:20","modified_gmt":"2023-03-31T18:51:20","slug":"arranca-el-torneo-roberto-de-vicenzo-100-memorial","status":"publish","type":"post","link":"https:\/\/diarioprincipios.com\/index.php\/2023\/03\/20\/arranca-el-torneo-roberto-de-vicenzo-100-memorial\/","title":{"rendered":"Arranca el Torneo \u00abRoberto De Vicenzo 100 Memorial\u00bb"},"content":{"rendered":"\n<p>Comienza  hoy en el R\u00e1nelagh Golf Club, el Torneo \u00abRoberto De Vicenzo 100 Memorial\u00bb en el que participan jugadores de nuestro pa\u00eds y tambi\u00e9n de Brasil, Canad\u00e1,\u00a0 Chile, Colombia, Escocia, Estados Unidos, Finlandia, Francia, Inglaterra, M\u00e9xico, Nueva Zelanda, Per\u00fa, Puerto Rico, Rep\u00fablica Dominicana, entre otras nacionalidades.<\/p>\n\n\n\n<p>Este lunes 20 comenz\u00f3 la segunda clasificaci\u00f3n (la primera se realiz\u00f3 el pasado Martes 7), continuando el martes 21 con una sesi\u00f3n de pr\u00e1ctica, siendo el mi\u00e9rcoles 22 el torneo PROAM, con la participaci\u00f3n de jugadores profesionales y aficionados invitados.<\/p>\n\n\n\n<figure class=\"wp-block-image\"><img loading=\"lazy\" decoding=\"async\" width=\"1024\" height=\"1024\" src=\"https:\/\/diarioprincipios.com\/wp-content\/uploads\/2023\/02\/SE-DISPUTARA-EL-TORNEO-DE-GOLF-ROBERTO-DE-VICENZO-100-ANOS-MEMORIAL-EN-BERAZATEGUI-4-1024x1024.jpeg\" alt=\"\" class=\"wp-image-15841\" srcset=\"https:\/\/diarioprincipios.com\/wp-content\/uploads\/2023\/02\/SE-DISPUTARA-EL-TORNEO-DE-GOLF-ROBERTO-DE-VICENZO-100-ANOS-MEMORIAL-EN-BERAZATEGUI-4-1024x1024.jpeg 1024w, https:\/\/diarioprincipios.com\/wp-content\/uploads\/2023\/02\/SE-DISPUTARA-EL-TORNEO-DE-GOLF-ROBERTO-DE-VICENZO-100-ANOS-MEMORIAL-EN-BERAZATEGUI-4-300x300.jpeg 300w, https:\/\/diarioprincipios.com\/wp-content\/uploads\/2023\/02\/SE-DISPUTARA-EL-TORNEO-DE-GOLF-ROBERTO-DE-VICENZO-100-ANOS-MEMORIAL-EN-BERAZATEGUI-4-150x150.jpeg 150w, https:\/\/diarioprincipios.com\/wp-content\/uploads\/2023\/02\/SE-DISPUTARA-EL-TORNEO-DE-GOLF-ROBERTO-DE-VICENZO-100-ANOS-MEMORIAL-EN-BERAZATEGUI-4-768x768.jpeg 768w, https:\/\/diarioprincipios.com\/wp-content\/uploads\/2023\/02\/SE-DISPUTARA-EL-TORNEO-DE-GOLF-ROBERTO-DE-VICENZO-100-ANOS-MEMORIAL-EN-BERAZATEGUI-4.jpeg 1280w\" sizes=\"auto, (max-width: 1024px) 100vw, 1024px\" \/><\/figure>\n\n\n\n<p>La competencia principal dar\u00e1 comienzo el jueves 23 con la clasificaci\u00f3n hasta el viernes 24, para para dar paso a las finales el s\u00e1bado 25 y domingo 26.<\/p>\n\n\n\n<p>Desde el lunes hasta el mi\u00e9rcoles, la entrada ser\u00e1 gratuita , excepto el estacionamiento. A partir de all\u00ed ser\u00e1 con cargo.&nbsp;<\/p>\n\n\n\n<p>La entrada al evento para socios e invitados, ser\u00e1 por la Av. Vergara y Av. Sabin (l\u00edmite con las v\u00edas al costado del puente), y autoridades, prensa e invitados especiales lo har\u00e1n por la entrada principal al Club (359 y Av. Sabin).<\/p>\n\n\n\n<p>Durante todo el torneo, el Club ofrecer\u00e1 un patio de comidas y bebidas.<\/p>\n","protected":false},"excerpt":{"rendered":"<p>Comienza hoy en el R\u00e1nelagh Golf Club, el Torneo \u00abRoberto De Vicenzo 100 Memorial\u00bb en el que participan jugadores de nuestro pa\u00eds y tambi\u00e9n de Brasil, Canad\u00e1,\u00a0 Chile, Colombia, Escocia, Estados Unidos, Finlandia, Francia, Inglaterra, M\u00e9xico, Nueva Zelanda, Per\u00fa, Puerto Rico, Rep\u00fablica Dominicana, entre otras nacionalidades. Este lunes 20 comenz\u00f3 la segunda clasificaci\u00f3n (la primera&#8230;<\/p>\n","protected":false},"author":2,"featured_media":16224,"comment_status":"open","ping_status":"open","sticky":false,"template":"","format":"standard","meta":{"footnotes":""},"categories":[6],"tags":[],"class_list":["post-16249","post","type-post","status-publish","format-standard","has-post-thumbnail","hentry","category-deportes"],"featured_image_src":"https:\/\/diarioprincipios.com\/wp-content\/uploads\/2023\/03\/roberto.jpg","blog_images":{"medium":"https:\/\/diarioprincipios.com\/wp-content\/uploads\/2023\/03\/roberto-300x212.jpg","large":"https:\/\/diarioprincipios.com\/wp-content\/uploads\/2023\/03\/roberto.jpg"},"ams_acf":[],"yoast_head":"<!-- This site is optimized with the Yoast SEO plugin v27.3 - https:\/\/yoast.com\/product\/yoast-seo-wordpress\/ -->\n<title>Arranca el Torneo &quot;Roberto De Vicenzo 100 Memorial&quot; - Principios<\/title>\n<meta name=\"robots\" content=\"index, follow, max-snippet:-1, max-image-preview:large, max-video-preview:-1\" \/>\n<link rel=\"canonical\" href=\"https:\/\/diarioprincipios.com\/index.php\/2023\/03\/20\/arranca-el-torneo-roberto-de-vicenzo-100-memorial\/\" \/>\n<meta property=\"og:locale\" content=\"es_ES\" \/>\n<meta property=\"og:type\" content=\"article\" \/>\n<meta property=\"og:title\" content=\"Arranca el Torneo &quot;Roberto De Vicenzo 100 Memorial&quot; - Principios\" \/>\n<meta property=\"og:description\" content=\"Comienza hoy en el R\u00e1nelagh Golf Club, el Torneo \u00abRoberto De Vicenzo 100 Memorial\u00bb en el que participan jugadores de nuestro pa\u00eds y tambi\u00e9n de Brasil, Canad\u00e1,\u00a0 Chile, Colombia, Escocia, Estados Unidos, Finlandia, Francia, Inglaterra, M\u00e9xico, Nueva Zelanda, Per\u00fa, Puerto Rico, Rep\u00fablica Dominicana, entre otras nacionalidades. Este lunes 20 comenz\u00f3 la segunda clasificaci\u00f3n (la primera...\" \/>\n<meta property=\"og:url\" content=\"https:\/\/diarioprincipios.com\/index.php\/2023\/03\/20\/arranca-el-torneo-roberto-de-vicenzo-100-memorial\/\" \/>\n<meta property=\"og:site_name\" content=\"Principios\" \/>\n<meta property=\"article:published_time\" content=\"2023-03-20T14:28:34+00:00\" \/>\n<meta property=\"article:modified_time\" content=\"2023-03-31T18:51:20+00:00\" \/>\n<meta property=\"og:image\" content=\"https:\/\/diarioprincipios.com\/wp-content\/uploads\/2023\/03\/roberto.jpg\" \/>\n\t<meta property=\"og:image:width\" content=\"842\" \/>\n\t<meta property=\"og:image:height\" content=\"595\" \/>\n\t<meta property=\"og:image:type\" content=\"image\/jpeg\" \/>\n<meta name=\"author\" content=\"Hern\u00e1n L\u00f3pez\" \/>\n<meta name=\"twitter:card\" content=\"summary_large_image\" \/>\n<meta name=\"twitter:label1\" content=\"Escrito por\" \/>\n\t<meta name=\"twitter:data1\" content=\"Hern\u00e1n L\u00f3pez\" \/>\n\t<meta name=\"twitter:label2\" content=\"Tiempo de lectura\" \/>\n\t<meta name=\"twitter:data2\" content=\"2 minutos\" \/>\n<script type=\"application\/ld+json\" class=\"yoast-schema-graph\">{\"@context\":\"https:\\\/\\\/schema.org\",\"@graph\":[{\"@type\":\"Article\",\"@id\":\"https:\\\/\\\/diarioprincipios.com\\\/index.php\\\/2023\\\/03\\\/20\\\/arranca-el-torneo-roberto-de-vicenzo-100-memorial\\\/#article\",\"isPartOf\":{\"@id\":\"https:\\\/\\\/diarioprincipios.com\\\/index.php\\\/2023\\\/03\\\/20\\\/arranca-el-torneo-roberto-de-vicenzo-100-memorial\\\/\"},\"author\":{\"name\":\"Hern\u00e1n L\u00f3pez\",\"@id\":\"https:\\\/\\\/diarioprincipios.com\\\/#\\\/schema\\\/person\\\/436d5a1fd41a5e250e23ff5a6a7cb080\"},\"headline\":\"Arranca el Torneo \u00abRoberto De Vicenzo 100 Memorial\u00bb\",\"datePublished\":\"2023-03-20T14:28:34+00:00\",\"dateModified\":\"2023-03-31T18:51:20+00:00\",\"mainEntityOfPage\":{\"@id\":\"https:\\\/\\\/diarioprincipios.com\\\/index.php\\\/2023\\\/03\\\/20\\\/arranca-el-torneo-roberto-de-vicenzo-100-memorial\\\/\"},\"wordCount\":203,\"commentCount\":0,\"publisher\":{\"@id\":\"https:\\\/\\\/diarioprincipios.com\\\/#organization\"},\"image\":{\"@id\":\"https:\\\/\\\/diarioprincipios.com\\\/index.php\\\/2023\\\/03\\\/20\\\/arranca-el-torneo-roberto-de-vicenzo-100-memorial\\\/#primaryimage\"},\"thumbnailUrl\":\"https:\\\/\\\/diarioprincipios.com\\\/wp-content\\\/uploads\\\/2023\\\/03\\\/roberto.jpg\",\"articleSection\":[\"Deportes\"],\"inLanguage\":\"es\",\"potentialAction\":[{\"@type\":\"CommentAction\",\"name\":\"Comment\",\"target\":[\"https:\\\/\\\/diarioprincipios.com\\\/index.php\\\/2023\\\/03\\\/20\\\/arranca-el-torneo-roberto-de-vicenzo-100-memorial\\\/#respond\"]}]},{\"@type\":\"WebPage\",\"@id\":\"https:\\\/\\\/diarioprincipios.com\\\/index.php\\\/2023\\\/03\\\/20\\\/arranca-el-torneo-roberto-de-vicenzo-100-memorial\\\/\",\"url\":\"https:\\\/\\\/diarioprincipios.com\\\/index.php\\\/2023\\\/03\\\/20\\\/arranca-el-torneo-roberto-de-vicenzo-100-memorial\\\/\",\"name\":\"Arranca el Torneo \\\"Roberto De Vicenzo 100 Memorial\\\" - Principios\",\"isPartOf\":{\"@id\":\"https:\\\/\\\/diarioprincipios.com\\\/#website\"},\"primaryImageOfPage\":{\"@id\":\"https:\\\/\\\/diarioprincipios.com\\\/index.php\\\/2023\\\/03\\\/20\\\/arranca-el-torneo-roberto-de-vicenzo-100-memorial\\\/#primaryimage\"},\"image\":{\"@id\":\"https:\\\/\\\/diarioprincipios.com\\\/index.php\\\/2023\\\/03\\\/20\\\/arranca-el-torneo-roberto-de-vicenzo-100-memorial\\\/#primaryimage\"},\"thumbnailUrl\":\"https:\\\/\\\/diarioprincipios.com\\\/wp-content\\\/uploads\\\/2023\\\/03\\\/roberto.jpg\",\"datePublished\":\"2023-03-20T14:28:34+00:00\",\"dateModified\":\"2023-03-31T18:51:20+00:00\",\"breadcrumb\":{\"@id\":\"https:\\\/\\\/diarioprincipios.com\\\/index.php\\\/2023\\\/03\\\/20\\\/arranca-el-torneo-roberto-de-vicenzo-100-memorial\\\/#breadcrumb\"},\"inLanguage\":\"es\",\"potentialAction\":[{\"@type\":\"ReadAction\",\"target\":[\"https:\\\/\\\/diarioprincipios.com\\\/index.php\\\/2023\\\/03\\\/20\\\/arranca-el-torneo-roberto-de-vicenzo-100-memorial\\\/\"]}]},{\"@type\":\"ImageObject\",\"inLanguage\":\"es\",\"@id\":\"https:\\\/\\\/diarioprincipios.com\\\/index.php\\\/2023\\\/03\\\/20\\\/arranca-el-torneo-roberto-de-vicenzo-100-memorial\\\/#primaryimage\",\"url\":\"https:\\\/\\\/diarioprincipios.com\\\/wp-content\\\/uploads\\\/2023\\\/03\\\/roberto.jpg\",\"contentUrl\":\"https:\\\/\\\/diarioprincipios.com\\\/wp-content\\\/uploads\\\/2023\\\/03\\\/roberto.jpg\",\"width\":842,\"height\":595},{\"@type\":\"BreadcrumbList\",\"@id\":\"https:\\\/\\\/diarioprincipios.com\\\/index.php\\\/2023\\\/03\\\/20\\\/arranca-el-torneo-roberto-de-vicenzo-100-memorial\\\/#breadcrumb\",\"itemListElement\":[{\"@type\":\"ListItem\",\"position\":1,\"name\":\"Portada\",\"item\":\"https:\\\/\\\/diarioprincipios.com\\\/\"},{\"@type\":\"ListItem\",\"position\":2,\"name\":\"Arranca el Torneo \u00abRoberto De Vicenzo 100 Memorial\u00bb\"}]},{\"@type\":\"WebSite\",\"@id\":\"https:\\\/\\\/diarioprincipios.com\\\/#website\",\"url\":\"https:\\\/\\\/diarioprincipios.com\\\/\",\"name\":\"Principios\",\"description\":\"Principios Diario\",\"publisher\":{\"@id\":\"https:\\\/\\\/diarioprincipios.com\\\/#organization\"},\"potentialAction\":[{\"@type\":\"SearchAction\",\"target\":{\"@type\":\"EntryPoint\",\"urlTemplate\":\"https:\\\/\\\/diarioprincipios.com\\\/?s={search_term_string}\"},\"query-input\":{\"@type\":\"PropertyValueSpecification\",\"valueRequired\":true,\"valueName\":\"search_term_string\"}}],\"inLanguage\":\"es\"},{\"@type\":\"Organization\",\"@id\":\"https:\\\/\\\/diarioprincipios.com\\\/#organization\",\"name\":\"Principios\",\"url\":\"https:\\\/\\\/diarioprincipios.com\\\/\",\"logo\":{\"@type\":\"ImageObject\",\"inLanguage\":\"es\",\"@id\":\"https:\\\/\\\/diarioprincipios.com\\\/#\\\/schema\\\/logo\\\/image\\\/\",\"url\":\"https:\\\/\\\/diarioprincipios.com\\\/wp-content\\\/uploads\\\/2024\\\/04\\\/cropped-www.diarioprincipios.com_-1.png\",\"contentUrl\":\"https:\\\/\\\/diarioprincipios.com\\\/wp-content\\\/uploads\\\/2024\\\/04\\\/cropped-www.diarioprincipios.com_-1.png\",\"width\":5325,\"height\":1454,\"caption\":\"Principios\"},\"image\":{\"@id\":\"https:\\\/\\\/diarioprincipios.com\\\/#\\\/schema\\\/logo\\\/image\\\/\"}},{\"@type\":\"Person\",\"@id\":\"https:\\\/\\\/diarioprincipios.com\\\/#\\\/schema\\\/person\\\/436d5a1fd41a5e250e23ff5a6a7cb080\",\"name\":\"Hern\u00e1n L\u00f3pez\",\"image\":{\"@type\":\"ImageObject\",\"inLanguage\":\"es\",\"@id\":\"https:\\\/\\\/diarioprincipios.com\\\/wp-content\\\/litespeed\\\/avatar\\\/11ddfe5610ff3bd100522525b2571f48.jpg?ver=1777048341\",\"url\":\"https:\\\/\\\/diarioprincipios.com\\\/wp-content\\\/litespeed\\\/avatar\\\/11ddfe5610ff3bd100522525b2571f48.jpg?ver=1777048341\",\"contentUrl\":\"https:\\\/\\\/diarioprincipios.com\\\/wp-content\\\/litespeed\\\/avatar\\\/11ddfe5610ff3bd100522525b2571f48.jpg?ver=1777048341\",\"caption\":\"Hern\u00e1n L\u00f3pez\"},\"url\":\"https:\\\/\\\/diarioprincipios.com\\\/index.php\\\/author\\\/hernan\\\/\"}]}<\/script>\n<!-- \/ Yoast SEO plugin. -->","yoast_head_json":{"title":"Arranca el Torneo \"Roberto De Vicenzo 100 Memorial\" - Principios","robots":{"index":"index","follow":"follow","max-snippet":"max-snippet:-1","max-image-preview":"max-image-preview:large","max-video-preview":"max-video-preview:-1"},"canonical":"https:\/\/diarioprincipios.com\/index.php\/2023\/03\/20\/arranca-el-torneo-roberto-de-vicenzo-100-memorial\/","og_locale":"es_ES","og_type":"article","og_title":"Arranca el Torneo \"Roberto De Vicenzo 100 Memorial\" - Principios","og_description":"Comienza hoy en el R\u00e1nelagh Golf Club, el Torneo \u00abRoberto De Vicenzo 100 Memorial\u00bb en el que participan jugadores de nuestro pa\u00eds y tambi\u00e9n de Brasil, Canad\u00e1,\u00a0 Chile, Colombia, Escocia, Estados Unidos, Finlandia, Francia, Inglaterra, M\u00e9xico, Nueva Zelanda, Per\u00fa, Puerto Rico, Rep\u00fablica Dominicana, entre otras nacionalidades. Este lunes 20 comenz\u00f3 la segunda clasificaci\u00f3n (la primera...","og_url":"https:\/\/diarioprincipios.com\/index.php\/2023\/03\/20\/arranca-el-torneo-roberto-de-vicenzo-100-memorial\/","og_site_name":"Principios","article_published_time":"2023-03-20T14:28:34+00:00","article_modified_time":"2023-03-31T18:51:20+00:00","og_image":[{"width":842,"height":595,"url":"https:\/\/diarioprincipios.com\/wp-content\/uploads\/2023\/03\/roberto.jpg","type":"image\/jpeg"}],"author":"Hern\u00e1n L\u00f3pez","twitter_card":"summary_large_image","twitter_misc":{"Escrito por":"Hern\u00e1n L\u00f3pez","Tiempo de lectura":"2 minutos"},"schema":{"@context":"https:\/\/schema.org","@graph":[{"@type":"Article","@id":"https:\/\/diarioprincipios.com\/index.php\/2023\/03\/20\/arranca-el-torneo-roberto-de-vicenzo-100-memorial\/#article","isPartOf":{"@id":"https:\/\/diarioprincipios.com\/index.php\/2023\/03\/20\/arranca-el-torneo-roberto-de-vicenzo-100-memorial\/"},"author":{"name":"Hern\u00e1n L\u00f3pez","@id":"https:\/\/diarioprincipios.com\/#\/schema\/person\/436d5a1fd41a5e250e23ff5a6a7cb080"},"headline":"Arranca el Torneo \u00abRoberto De Vicenzo 100 Memorial\u00bb","datePublished":"2023-03-20T14:28:34+00:00","dateModified":"2023-03-31T18:51:20+00:00","mainEntityOfPage":{"@id":"https:\/\/diarioprincipios.com\/index.php\/2023\/03\/20\/arranca-el-torneo-roberto-de-vicenzo-100-memorial\/"},"wordCount":203,"commentCount":0,"publisher":{"@id":"https:\/\/diarioprincipios.com\/#organization"},"image":{"@id":"https:\/\/diarioprincipios.com\/index.php\/2023\/03\/20\/arranca-el-torneo-roberto-de-vicenzo-100-memorial\/#primaryimage"},"thumbnailUrl":"https:\/\/diarioprincipios.com\/wp-content\/uploads\/2023\/03\/roberto.jpg","articleSection":["Deportes"],"inLanguage":"es","potentialAction":[{"@type":"CommentAction","name":"Comment","target":["https:\/\/diarioprincipios.com\/index.php\/2023\/03\/20\/arranca-el-torneo-roberto-de-vicenzo-100-memorial\/#respond"]}]},{"@type":"WebPage","@id":"https:\/\/diarioprincipios.com\/index.php\/2023\/03\/20\/arranca-el-torneo-roberto-de-vicenzo-100-memorial\/","url":"https:\/\/diarioprincipios.com\/index.php\/2023\/03\/20\/arranca-el-torneo-roberto-de-vicenzo-100-memorial\/","name":"Arranca el Torneo \"Roberto De Vicenzo 100 Memorial\" - Principios","isPartOf":{"@id":"https:\/\/diarioprincipios.com\/#website"},"primaryImageOfPage":{"@id":"https:\/\/diarioprincipios.com\/index.php\/2023\/03\/20\/arranca-el-torneo-roberto-de-vicenzo-100-memorial\/#primaryimage"},"image":{"@id":"https:\/\/diarioprincipios.com\/index.php\/2023\/03\/20\/arranca-el-torneo-roberto-de-vicenzo-100-memorial\/#primaryimage"},"thumbnailUrl":"https:\/\/diarioprincipios.com\/wp-content\/uploads\/2023\/03\/roberto.jpg","datePublished":"2023-03-20T14:28:34+00:00","dateModified":"2023-03-31T18:51:20+00:00","breadcrumb":{"@id":"https:\/\/diarioprincipios.com\/index.php\/2023\/03\/20\/arranca-el-torneo-roberto-de-vicenzo-100-memorial\/#breadcrumb"},"inLanguage":"es","potentialAction":[{"@type":"ReadAction","target":["https:\/\/diarioprincipios.com\/index.php\/2023\/03\/20\/arranca-el-torneo-roberto-de-vicenzo-100-memorial\/"]}]},{"@type":"ImageObject","inLanguage":"es","@id":"https:\/\/diarioprincipios.com\/index.php\/2023\/03\/20\/arranca-el-torneo-roberto-de-vicenzo-100-memorial\/#primaryimage","url":"https:\/\/diarioprincipios.com\/wp-content\/uploads\/2023\/03\/roberto.jpg","contentUrl":"https:\/\/diarioprincipios.com\/wp-content\/uploads\/2023\/03\/roberto.jpg","width":842,"height":595},{"@type":"BreadcrumbList","@id":"https:\/\/diarioprincipios.com\/index.php\/2023\/03\/20\/arranca-el-torneo-roberto-de-vicenzo-100-memorial\/#breadcrumb","itemListElement":[{"@type":"ListItem","position":1,"name":"Portada","item":"https:\/\/diarioprincipios.com\/"},{"@type":"ListItem","position":2,"name":"Arranca el Torneo \u00abRoberto De Vicenzo 100 Memorial\u00bb"}]},{"@type":"WebSite","@id":"https:\/\/diarioprincipios.com\/#website","url":"https:\/\/diarioprincipios.com\/","name":"Principios","description":"Principios Diario","publisher":{"@id":"https:\/\/diarioprincipios.com\/#organization"},"potentialAction":[{"@type":"SearchAction","target":{"@type":"EntryPoint","urlTemplate":"https:\/\/diarioprincipios.com\/?s={search_term_string}"},"query-input":{"@type":"PropertyValueSpecification","valueRequired":true,"valueName":"search_term_string"}}],"inLanguage":"es"},{"@type":"Organization","@id":"https:\/\/diarioprincipios.com\/#organization","name":"Principios","url":"https:\/\/diarioprincipios.com\/","logo":{"@type":"ImageObject","inLanguage":"es","@id":"https:\/\/diarioprincipios.com\/#\/schema\/logo\/image\/","url":"https:\/\/diarioprincipios.com\/wp-content\/uploads\/2024\/04\/cropped-www.diarioprincipios.com_-1.png","contentUrl":"https:\/\/diarioprincipios.com\/wp-content\/uploads\/2024\/04\/cropped-www.diarioprincipios.com_-1.png","width":5325,"height":1454,"caption":"Principios"},"image":{"@id":"https:\/\/diarioprincipios.com\/#\/schema\/logo\/image\/"}},{"@type":"Person","@id":"https:\/\/diarioprincipios.com\/#\/schema\/person\/436d5a1fd41a5e250e23ff5a6a7cb080","name":"Hern\u00e1n L\u00f3pez","image":{"@type":"ImageObject","inLanguage":"es","@id":"https:\/\/diarioprincipios.com\/wp-content\/litespeed\/avatar\/11ddfe5610ff3bd100522525b2571f48.jpg?ver=1777048341","url":"https:\/\/diarioprincipios.com\/wp-content\/litespeed\/avatar\/11ddfe5610ff3bd100522525b2571f48.jpg?ver=1777048341","contentUrl":"https:\/\/diarioprincipios.com\/wp-content\/litespeed\/avatar\/11ddfe5610ff3bd100522525b2571f48.jpg?ver=1777048341","caption":"Hern\u00e1n L\u00f3pez"},"url":"https:\/\/diarioprincipios.com\/index.php\/author\/hernan\/"}]}},"jetpack_featured_media_url":"https:\/\/diarioprincipios.com\/wp-content\/uploads\/2023\/03\/roberto.jpg","_links":{"self":[{"href":"https:\/\/diarioprincipios.com\/index.php\/wp-json\/wp\/v2\/posts\/16249","targetHints":{"allow":["GET"]}}],"collection":[{"href":"https:\/\/diarioprincipios.com\/index.php\/wp-json\/wp\/v2\/posts"}],"about":[{"href":"https:\/\/diarioprincipios.com\/index.php\/wp-json\/wp\/v2\/types\/post"}],"author":[{"embeddable":true,"href":"https:\/\/diarioprincipios.com\/index.php\/wp-json\/wp\/v2\/users\/2"}],"replies":[{"embeddable":true,"href":"https:\/\/diarioprincipios.com\/index.php\/wp-json\/wp\/v2\/comments?post=16249"}],"version-history":[{"count":1,"href":"https:\/\/diarioprincipios.com\/index.php\/wp-json\/wp\/v2\/posts\/16249\/revisions"}],"predecessor-version":[{"id":16250,"href":"https:\/\/diarioprincipios.com\/index.php\/wp-json\/wp\/v2\/posts\/16249\/revisions\/16250"}],"wp:featuredmedia":[{"embeddable":true,"href":"https:\/\/diarioprincipios.com\/index.php\/wp-json\/wp\/v2\/media\/16224"}],"wp:attachment":[{"href":"https:\/\/diarioprincipios.com\/index.php\/wp-json\/wp\/v2\/media?parent=16249"}],"wp:term":[{"taxonomy":"category","embeddable":true,"href":"https:\/\/diarioprincipios.com\/index.php\/wp-json\/wp\/v2\/categories?post=16249"},{"taxonomy":"post_tag","embeddable":true,"href":"https:\/\/diarioprincipios.com\/index.php\/wp-json\/wp\/v2\/tags?post=16249"}],"curies":[{"name":"wp","href":"https:\/\/api.w.org\/{rel}","templated":true}]}}