{"id":16238,"date":"2023-03-18T19:53:49","date_gmt":"2023-03-18T22:53:49","guid":{"rendered":"http:\/\/diarioprincipios.com\/?p=16238"},"modified":"2023-03-31T15:51:05","modified_gmt":"2023-03-31T18:51:05","slug":"si-edesur-no-cumple-su-directorio-sera-penalmente-juzgado-por-desobediencia","status":"publish","type":"post","link":"https:\/\/diarioprincipios.com\/index.php\/2023\/03\/18\/si-edesur-no-cumple-su-directorio-sera-penalmente-juzgado-por-desobediencia\/","title":{"rendered":"\u00abSi EDESUR no cumple su directorio ser\u00e1 penalmente juzgado por desobediencia \u201c"},"content":{"rendered":"\n<p>El viernes 17 de marzo, el Juzgado Federal de Quilmes hizo lugar a la medida cautelar presentada por el intendente de Berazategui, Juan Jos\u00e9 Mussi, contra Edesur. Desde el municipio informan que en caso de que la empresa no cumpla con la orden judicial, su directorio y principalmente el presidente de EDESUR ser\u00e1n denunciados penalmente por desobediencia .<br>El asesor letrado del municipio , Gustavo Campos expres\u00f3 \u201cMussi est\u00e1 al frente de los reclamos de los vecinos y por eso fue nuevamente a la Justicia. Ahora la Justicia ya dio lugar a la cautelar y si Edesur no cumple se realizar\u00e1 una medida penal contra el directorio de Edesur, m\u00e1s espec\u00edficamente contra su Presidente\u201d.<br>\u201cRecordemos que el Intendente no solo denunci\u00f3 los perjuicios que genera la falta de luz en las viviendas y comercios sino que sum\u00f3 la gravedad de la paralizaci\u00f3n de los pozos de agua, que en nuestra ciudad es municipal\u201d, agreg\u00f3 el doctor Campos.<br>Finalmente el asesor letrado municipal, subray\u00f3 \u201cMussi viene encabezando una lucha hist\u00f3rica contra Edesur. En el 2014 promovi\u00f3 una acci\u00f3n de amparo contra la empresa y solicit\u00f3 que se decrete una medida cautelar. Es el intendente que m\u00e1s denuncias contra EDESUR tiene\u201d.<\/p>\n","protected":false},"excerpt":{"rendered":"<p>El viernes 17 de marzo, el Juzgado Federal de Quilmes hizo lugar a la medida cautelar presentada por el intendente de Berazategui, Juan Jos\u00e9 Mussi, contra Edesur. Desde el municipio informan que en caso de que la empresa no cumpla con la orden judicial, su directorio y principalmente el presidente de EDESUR ser\u00e1n denunciados penalmente&#8230;<\/p>\n","protected":false},"author":2,"featured_media":16239,"comment_status":"open","ping_status":"open","sticky":false,"template":"","format":"standard","meta":{"footnotes":""},"categories":[3],"tags":[],"class_list":["post-16238","post","type-post","status-publish","format-standard","has-post-thumbnail","hentry","category-berazategui"],"featured_image_src":"https:\/\/diarioprincipios.com\/wp-content\/uploads\/2023\/03\/IMG-20230318-WA0024.jpg","blog_images":{"medium":"https:\/\/diarioprincipios.com\/wp-content\/uploads\/2023\/03\/IMG-20230318-WA0024-300x291.jpg","large":"https:\/\/diarioprincipios.com\/wp-content\/uploads\/2023\/03\/IMG-20230318-WA0024.jpg"},"ams_acf":[],"yoast_head":"<!-- This site is optimized with the Yoast SEO plugin v27.3 - https:\/\/yoast.com\/product\/yoast-seo-wordpress\/ -->\n<title>&quot;Si EDESUR no cumple su directorio ser\u00e1 penalmente juzgado por desobediencia \u201c - Principios<\/title>\n<meta name=\"robots\" content=\"index, follow, max-snippet:-1, max-image-preview:large, max-video-preview:-1\" \/>\n<link rel=\"canonical\" href=\"https:\/\/diarioprincipios.com\/index.php\/2023\/03\/18\/si-edesur-no-cumple-su-directorio-sera-penalmente-juzgado-por-desobediencia\/\" \/>\n<meta property=\"og:locale\" content=\"es_ES\" \/>\n<meta property=\"og:type\" content=\"article\" \/>\n<meta property=\"og:title\" content=\"&quot;Si EDESUR no cumple su directorio ser\u00e1 penalmente juzgado por desobediencia \u201c - Principios\" \/>\n<meta property=\"og:description\" content=\"El viernes 17 de marzo, el Juzgado Federal de Quilmes hizo lugar a la medida cautelar presentada por el intendente de Berazategui, Juan Jos\u00e9 Mussi, contra Edesur. Desde el municipio informan que en caso de que la empresa no cumpla con la orden judicial, su directorio y principalmente el presidente de EDESUR ser\u00e1n denunciados penalmente...\" \/>\n<meta property=\"og:url\" content=\"https:\/\/diarioprincipios.com\/index.php\/2023\/03\/18\/si-edesur-no-cumple-su-directorio-sera-penalmente-juzgado-por-desobediencia\/\" \/>\n<meta property=\"og:site_name\" content=\"Principios\" \/>\n<meta property=\"article:published_time\" content=\"2023-03-18T22:53:49+00:00\" \/>\n<meta property=\"article:modified_time\" content=\"2023-03-31T18:51:05+00:00\" \/>\n<meta property=\"og:image\" content=\"https:\/\/diarioprincipios.com\/wp-content\/uploads\/2023\/03\/IMG-20230318-WA0024.jpg\" \/>\n\t<meta property=\"og:image:width\" content=\"698\" \/>\n\t<meta property=\"og:image:height\" content=\"677\" \/>\n\t<meta property=\"og:image:type\" content=\"image\/jpeg\" \/>\n<meta name=\"author\" content=\"Hern\u00e1n L\u00f3pez\" \/>\n<meta name=\"twitter:card\" content=\"summary_large_image\" \/>\n<meta name=\"twitter:label1\" content=\"Escrito por\" \/>\n\t<meta name=\"twitter:data1\" content=\"Hern\u00e1n L\u00f3pez\" \/>\n\t<meta name=\"twitter:label2\" content=\"Tiempo de lectura\" \/>\n\t<meta name=\"twitter:data2\" content=\"1 minuto\" \/>\n<script type=\"application\/ld+json\" class=\"yoast-schema-graph\">{\"@context\":\"https:\\\/\\\/schema.org\",\"@graph\":[{\"@type\":\"Article\",\"@id\":\"https:\\\/\\\/diarioprincipios.com\\\/index.php\\\/2023\\\/03\\\/18\\\/si-edesur-no-cumple-su-directorio-sera-penalmente-juzgado-por-desobediencia\\\/#article\",\"isPartOf\":{\"@id\":\"https:\\\/\\\/diarioprincipios.com\\\/index.php\\\/2023\\\/03\\\/18\\\/si-edesur-no-cumple-su-directorio-sera-penalmente-juzgado-por-desobediencia\\\/\"},\"author\":{\"name\":\"Hern\u00e1n L\u00f3pez\",\"@id\":\"https:\\\/\\\/diarioprincipios.com\\\/#\\\/schema\\\/person\\\/436d5a1fd41a5e250e23ff5a6a7cb080\"},\"headline\":\"\u00abSi EDESUR no cumple su directorio ser\u00e1 penalmente juzgado por desobediencia \u201c\",\"datePublished\":\"2023-03-18T22:53:49+00:00\",\"dateModified\":\"2023-03-31T18:51:05+00:00\",\"mainEntityOfPage\":{\"@id\":\"https:\\\/\\\/diarioprincipios.com\\\/index.php\\\/2023\\\/03\\\/18\\\/si-edesur-no-cumple-su-directorio-sera-penalmente-juzgado-por-desobediencia\\\/\"},\"wordCount\":213,\"commentCount\":0,\"publisher\":{\"@id\":\"https:\\\/\\\/diarioprincipios.com\\\/#organization\"},\"image\":{\"@id\":\"https:\\\/\\\/diarioprincipios.com\\\/index.php\\\/2023\\\/03\\\/18\\\/si-edesur-no-cumple-su-directorio-sera-penalmente-juzgado-por-desobediencia\\\/#primaryimage\"},\"thumbnailUrl\":\"https:\\\/\\\/diarioprincipios.com\\\/wp-content\\\/uploads\\\/2023\\\/03\\\/IMG-20230318-WA0024.jpg\",\"articleSection\":[\"Berazategui\"],\"inLanguage\":\"es\",\"potentialAction\":[{\"@type\":\"CommentAction\",\"name\":\"Comment\",\"target\":[\"https:\\\/\\\/diarioprincipios.com\\\/index.php\\\/2023\\\/03\\\/18\\\/si-edesur-no-cumple-su-directorio-sera-penalmente-juzgado-por-desobediencia\\\/#respond\"]}]},{\"@type\":\"WebPage\",\"@id\":\"https:\\\/\\\/diarioprincipios.com\\\/index.php\\\/2023\\\/03\\\/18\\\/si-edesur-no-cumple-su-directorio-sera-penalmente-juzgado-por-desobediencia\\\/\",\"url\":\"https:\\\/\\\/diarioprincipios.com\\\/index.php\\\/2023\\\/03\\\/18\\\/si-edesur-no-cumple-su-directorio-sera-penalmente-juzgado-por-desobediencia\\\/\",\"name\":\"\\\"Si EDESUR no cumple su directorio ser\u00e1 penalmente juzgado por desobediencia \u201c - Principios\",\"isPartOf\":{\"@id\":\"https:\\\/\\\/diarioprincipios.com\\\/#website\"},\"primaryImageOfPage\":{\"@id\":\"https:\\\/\\\/diarioprincipios.com\\\/index.php\\\/2023\\\/03\\\/18\\\/si-edesur-no-cumple-su-directorio-sera-penalmente-juzgado-por-desobediencia\\\/#primaryimage\"},\"image\":{\"@id\":\"https:\\\/\\\/diarioprincipios.com\\\/index.php\\\/2023\\\/03\\\/18\\\/si-edesur-no-cumple-su-directorio-sera-penalmente-juzgado-por-desobediencia\\\/#primaryimage\"},\"thumbnailUrl\":\"https:\\\/\\\/diarioprincipios.com\\\/wp-content\\\/uploads\\\/2023\\\/03\\\/IMG-20230318-WA0024.jpg\",\"datePublished\":\"2023-03-18T22:53:49+00:00\",\"dateModified\":\"2023-03-31T18:51:05+00:00\",\"breadcrumb\":{\"@id\":\"https:\\\/\\\/diarioprincipios.com\\\/index.php\\\/2023\\\/03\\\/18\\\/si-edesur-no-cumple-su-directorio-sera-penalmente-juzgado-por-desobediencia\\\/#breadcrumb\"},\"inLanguage\":\"es\",\"potentialAction\":[{\"@type\":\"ReadAction\",\"target\":[\"https:\\\/\\\/diarioprincipios.com\\\/index.php\\\/2023\\\/03\\\/18\\\/si-edesur-no-cumple-su-directorio-sera-penalmente-juzgado-por-desobediencia\\\/\"]}]},{\"@type\":\"ImageObject\",\"inLanguage\":\"es\",\"@id\":\"https:\\\/\\\/diarioprincipios.com\\\/index.php\\\/2023\\\/03\\\/18\\\/si-edesur-no-cumple-su-directorio-sera-penalmente-juzgado-por-desobediencia\\\/#primaryimage\",\"url\":\"https:\\\/\\\/diarioprincipios.com\\\/wp-content\\\/uploads\\\/2023\\\/03\\\/IMG-20230318-WA0024.jpg\",\"contentUrl\":\"https:\\\/\\\/diarioprincipios.com\\\/wp-content\\\/uploads\\\/2023\\\/03\\\/IMG-20230318-WA0024.jpg\",\"width\":698,\"height\":677},{\"@type\":\"BreadcrumbList\",\"@id\":\"https:\\\/\\\/diarioprincipios.com\\\/index.php\\\/2023\\\/03\\\/18\\\/si-edesur-no-cumple-su-directorio-sera-penalmente-juzgado-por-desobediencia\\\/#breadcrumb\",\"itemListElement\":[{\"@type\":\"ListItem\",\"position\":1,\"name\":\"Portada\",\"item\":\"https:\\\/\\\/diarioprincipios.com\\\/\"},{\"@type\":\"ListItem\",\"position\":2,\"name\":\"\u00abSi EDESUR no cumple su directorio ser\u00e1 penalmente juzgado por desobediencia \u201c\"}]},{\"@type\":\"WebSite\",\"@id\":\"https:\\\/\\\/diarioprincipios.com\\\/#website\",\"url\":\"https:\\\/\\\/diarioprincipios.com\\\/\",\"name\":\"Principios\",\"description\":\"Principios Diario\",\"publisher\":{\"@id\":\"https:\\\/\\\/diarioprincipios.com\\\/#organization\"},\"potentialAction\":[{\"@type\":\"SearchAction\",\"target\":{\"@type\":\"EntryPoint\",\"urlTemplate\":\"https:\\\/\\\/diarioprincipios.com\\\/?s={search_term_string}\"},\"query-input\":{\"@type\":\"PropertyValueSpecification\",\"valueRequired\":true,\"valueName\":\"search_term_string\"}}],\"inLanguage\":\"es\"},{\"@type\":\"Organization\",\"@id\":\"https:\\\/\\\/diarioprincipios.com\\\/#organization\",\"name\":\"Principios\",\"url\":\"https:\\\/\\\/diarioprincipios.com\\\/\",\"logo\":{\"@type\":\"ImageObject\",\"inLanguage\":\"es\",\"@id\":\"https:\\\/\\\/diarioprincipios.com\\\/#\\\/schema\\\/logo\\\/image\\\/\",\"url\":\"https:\\\/\\\/diarioprincipios.com\\\/wp-content\\\/uploads\\\/2024\\\/04\\\/cropped-www.diarioprincipios.com_-1.png\",\"contentUrl\":\"https:\\\/\\\/diarioprincipios.com\\\/wp-content\\\/uploads\\\/2024\\\/04\\\/cropped-www.diarioprincipios.com_-1.png\",\"width\":5325,\"height\":1454,\"caption\":\"Principios\"},\"image\":{\"@id\":\"https:\\\/\\\/diarioprincipios.com\\\/#\\\/schema\\\/logo\\\/image\\\/\"}},{\"@type\":\"Person\",\"@id\":\"https:\\\/\\\/diarioprincipios.com\\\/#\\\/schema\\\/person\\\/436d5a1fd41a5e250e23ff5a6a7cb080\",\"name\":\"Hern\u00e1n L\u00f3pez\",\"image\":{\"@type\":\"ImageObject\",\"inLanguage\":\"es\",\"@id\":\"https:\\\/\\\/diarioprincipios.com\\\/wp-content\\\/litespeed\\\/avatar\\\/11ddfe5610ff3bd100522525b2571f48.jpg?ver=1777048341\",\"url\":\"https:\\\/\\\/diarioprincipios.com\\\/wp-content\\\/litespeed\\\/avatar\\\/11ddfe5610ff3bd100522525b2571f48.jpg?ver=1777048341\",\"contentUrl\":\"https:\\\/\\\/diarioprincipios.com\\\/wp-content\\\/litespeed\\\/avatar\\\/11ddfe5610ff3bd100522525b2571f48.jpg?ver=1777048341\",\"caption\":\"Hern\u00e1n L\u00f3pez\"},\"url\":\"https:\\\/\\\/diarioprincipios.com\\\/index.php\\\/author\\\/hernan\\\/\"}]}<\/script>\n<!-- \/ Yoast SEO plugin. -->","yoast_head_json":{"title":"\"Si EDESUR no cumple su directorio ser\u00e1 penalmente juzgado por desobediencia \u201c - Principios","robots":{"index":"index","follow":"follow","max-snippet":"max-snippet:-1","max-image-preview":"max-image-preview:large","max-video-preview":"max-video-preview:-1"},"canonical":"https:\/\/diarioprincipios.com\/index.php\/2023\/03\/18\/si-edesur-no-cumple-su-directorio-sera-penalmente-juzgado-por-desobediencia\/","og_locale":"es_ES","og_type":"article","og_title":"\"Si EDESUR no cumple su directorio ser\u00e1 penalmente juzgado por desobediencia \u201c - Principios","og_description":"El viernes 17 de marzo, el Juzgado Federal de Quilmes hizo lugar a la medida cautelar presentada por el intendente de Berazategui, Juan Jos\u00e9 Mussi, contra Edesur. Desde el municipio informan que en caso de que la empresa no cumpla con la orden judicial, su directorio y principalmente el presidente de EDESUR ser\u00e1n denunciados penalmente...","og_url":"https:\/\/diarioprincipios.com\/index.php\/2023\/03\/18\/si-edesur-no-cumple-su-directorio-sera-penalmente-juzgado-por-desobediencia\/","og_site_name":"Principios","article_published_time":"2023-03-18T22:53:49+00:00","article_modified_time":"2023-03-31T18:51:05+00:00","og_image":[{"width":698,"height":677,"url":"https:\/\/diarioprincipios.com\/wp-content\/uploads\/2023\/03\/IMG-20230318-WA0024.jpg","type":"image\/jpeg"}],"author":"Hern\u00e1n L\u00f3pez","twitter_card":"summary_large_image","twitter_misc":{"Escrito por":"Hern\u00e1n L\u00f3pez","Tiempo de lectura":"1 minuto"},"schema":{"@context":"https:\/\/schema.org","@graph":[{"@type":"Article","@id":"https:\/\/diarioprincipios.com\/index.php\/2023\/03\/18\/si-edesur-no-cumple-su-directorio-sera-penalmente-juzgado-por-desobediencia\/#article","isPartOf":{"@id":"https:\/\/diarioprincipios.com\/index.php\/2023\/03\/18\/si-edesur-no-cumple-su-directorio-sera-penalmente-juzgado-por-desobediencia\/"},"author":{"name":"Hern\u00e1n L\u00f3pez","@id":"https:\/\/diarioprincipios.com\/#\/schema\/person\/436d5a1fd41a5e250e23ff5a6a7cb080"},"headline":"\u00abSi EDESUR no cumple su directorio ser\u00e1 penalmente juzgado por desobediencia \u201c","datePublished":"2023-03-18T22:53:49+00:00","dateModified":"2023-03-31T18:51:05+00:00","mainEntityOfPage":{"@id":"https:\/\/diarioprincipios.com\/index.php\/2023\/03\/18\/si-edesur-no-cumple-su-directorio-sera-penalmente-juzgado-por-desobediencia\/"},"wordCount":213,"commentCount":0,"publisher":{"@id":"https:\/\/diarioprincipios.com\/#organization"},"image":{"@id":"https:\/\/diarioprincipios.com\/index.php\/2023\/03\/18\/si-edesur-no-cumple-su-directorio-sera-penalmente-juzgado-por-desobediencia\/#primaryimage"},"thumbnailUrl":"https:\/\/diarioprincipios.com\/wp-content\/uploads\/2023\/03\/IMG-20230318-WA0024.jpg","articleSection":["Berazategui"],"inLanguage":"es","potentialAction":[{"@type":"CommentAction","name":"Comment","target":["https:\/\/diarioprincipios.com\/index.php\/2023\/03\/18\/si-edesur-no-cumple-su-directorio-sera-penalmente-juzgado-por-desobediencia\/#respond"]}]},{"@type":"WebPage","@id":"https:\/\/diarioprincipios.com\/index.php\/2023\/03\/18\/si-edesur-no-cumple-su-directorio-sera-penalmente-juzgado-por-desobediencia\/","url":"https:\/\/diarioprincipios.com\/index.php\/2023\/03\/18\/si-edesur-no-cumple-su-directorio-sera-penalmente-juzgado-por-desobediencia\/","name":"\"Si EDESUR no cumple su directorio ser\u00e1 penalmente juzgado por desobediencia \u201c - Principios","isPartOf":{"@id":"https:\/\/diarioprincipios.com\/#website"},"primaryImageOfPage":{"@id":"https:\/\/diarioprincipios.com\/index.php\/2023\/03\/18\/si-edesur-no-cumple-su-directorio-sera-penalmente-juzgado-por-desobediencia\/#primaryimage"},"image":{"@id":"https:\/\/diarioprincipios.com\/index.php\/2023\/03\/18\/si-edesur-no-cumple-su-directorio-sera-penalmente-juzgado-por-desobediencia\/#primaryimage"},"thumbnailUrl":"https:\/\/diarioprincipios.com\/wp-content\/uploads\/2023\/03\/IMG-20230318-WA0024.jpg","datePublished":"2023-03-18T22:53:49+00:00","dateModified":"2023-03-31T18:51:05+00:00","breadcrumb":{"@id":"https:\/\/diarioprincipios.com\/index.php\/2023\/03\/18\/si-edesur-no-cumple-su-directorio-sera-penalmente-juzgado-por-desobediencia\/#breadcrumb"},"inLanguage":"es","potentialAction":[{"@type":"ReadAction","target":["https:\/\/diarioprincipios.com\/index.php\/2023\/03\/18\/si-edesur-no-cumple-su-directorio-sera-penalmente-juzgado-por-desobediencia\/"]}]},{"@type":"ImageObject","inLanguage":"es","@id":"https:\/\/diarioprincipios.com\/index.php\/2023\/03\/18\/si-edesur-no-cumple-su-directorio-sera-penalmente-juzgado-por-desobediencia\/#primaryimage","url":"https:\/\/diarioprincipios.com\/wp-content\/uploads\/2023\/03\/IMG-20230318-WA0024.jpg","contentUrl":"https:\/\/diarioprincipios.com\/wp-content\/uploads\/2023\/03\/IMG-20230318-WA0024.jpg","width":698,"height":677},{"@type":"BreadcrumbList","@id":"https:\/\/diarioprincipios.com\/index.php\/2023\/03\/18\/si-edesur-no-cumple-su-directorio-sera-penalmente-juzgado-por-desobediencia\/#breadcrumb","itemListElement":[{"@type":"ListItem","position":1,"name":"Portada","item":"https:\/\/diarioprincipios.com\/"},{"@type":"ListItem","position":2,"name":"\u00abSi EDESUR no cumple su directorio ser\u00e1 penalmente juzgado por desobediencia \u201c"}]},{"@type":"WebSite","@id":"https:\/\/diarioprincipios.com\/#website","url":"https:\/\/diarioprincipios.com\/","name":"Principios","description":"Principios Diario","publisher":{"@id":"https:\/\/diarioprincipios.com\/#organization"},"potentialAction":[{"@type":"SearchAction","target":{"@type":"EntryPoint","urlTemplate":"https:\/\/diarioprincipios.com\/?s={search_term_string}"},"query-input":{"@type":"PropertyValueSpecification","valueRequired":true,"valueName":"search_term_string"}}],"inLanguage":"es"},{"@type":"Organization","@id":"https:\/\/diarioprincipios.com\/#organization","name":"Principios","url":"https:\/\/diarioprincipios.com\/","logo":{"@type":"ImageObject","inLanguage":"es","@id":"https:\/\/diarioprincipios.com\/#\/schema\/logo\/image\/","url":"https:\/\/diarioprincipios.com\/wp-content\/uploads\/2024\/04\/cropped-www.diarioprincipios.com_-1.png","contentUrl":"https:\/\/diarioprincipios.com\/wp-content\/uploads\/2024\/04\/cropped-www.diarioprincipios.com_-1.png","width":5325,"height":1454,"caption":"Principios"},"image":{"@id":"https:\/\/diarioprincipios.com\/#\/schema\/logo\/image\/"}},{"@type":"Person","@id":"https:\/\/diarioprincipios.com\/#\/schema\/person\/436d5a1fd41a5e250e23ff5a6a7cb080","name":"Hern\u00e1n L\u00f3pez","image":{"@type":"ImageObject","inLanguage":"es","@id":"https:\/\/diarioprincipios.com\/wp-content\/litespeed\/avatar\/11ddfe5610ff3bd100522525b2571f48.jpg?ver=1777048341","url":"https:\/\/diarioprincipios.com\/wp-content\/litespeed\/avatar\/11ddfe5610ff3bd100522525b2571f48.jpg?ver=1777048341","contentUrl":"https:\/\/diarioprincipios.com\/wp-content\/litespeed\/avatar\/11ddfe5610ff3bd100522525b2571f48.jpg?ver=1777048341","caption":"Hern\u00e1n L\u00f3pez"},"url":"https:\/\/diarioprincipios.com\/index.php\/author\/hernan\/"}]}},"jetpack_featured_media_url":"https:\/\/diarioprincipios.com\/wp-content\/uploads\/2023\/03\/IMG-20230318-WA0024.jpg","_links":{"self":[{"href":"https:\/\/diarioprincipios.com\/index.php\/wp-json\/wp\/v2\/posts\/16238","targetHints":{"allow":["GET"]}}],"collection":[{"href":"https:\/\/diarioprincipios.com\/index.php\/wp-json\/wp\/v2\/posts"}],"about":[{"href":"https:\/\/diarioprincipios.com\/index.php\/wp-json\/wp\/v2\/types\/post"}],"author":[{"embeddable":true,"href":"https:\/\/diarioprincipios.com\/index.php\/wp-json\/wp\/v2\/users\/2"}],"replies":[{"embeddable":true,"href":"https:\/\/diarioprincipios.com\/index.php\/wp-json\/wp\/v2\/comments?post=16238"}],"version-history":[{"count":1,"href":"https:\/\/diarioprincipios.com\/index.php\/wp-json\/wp\/v2\/posts\/16238\/revisions"}],"predecessor-version":[{"id":16240,"href":"https:\/\/diarioprincipios.com\/index.php\/wp-json\/wp\/v2\/posts\/16238\/revisions\/16240"}],"wp:featuredmedia":[{"embeddable":true,"href":"https:\/\/diarioprincipios.com\/index.php\/wp-json\/wp\/v2\/media\/16239"}],"wp:attachment":[{"href":"https:\/\/diarioprincipios.com\/index.php\/wp-json\/wp\/v2\/media?parent=16238"}],"wp:term":[{"taxonomy":"category","embeddable":true,"href":"https:\/\/diarioprincipios.com\/index.php\/wp-json\/wp\/v2\/categories?post=16238"},{"taxonomy":"post_tag","embeddable":true,"href":"https:\/\/diarioprincipios.com\/index.php\/wp-json\/wp\/v2\/tags?post=16238"}],"curies":[{"name":"wp","href":"https:\/\/api.w.org\/{rel}","templated":true}]}}