{"id":16220,"date":"2023-03-16T11:29:33","date_gmt":"2023-03-16T14:29:33","guid":{"rendered":"http:\/\/diarioprincipios.com\/?p=16220"},"modified":"2023-03-31T15:50:39","modified_gmt":"2023-03-31T18:50:39","slug":"medidas-para-avanzar-con-el-alcohol-cero-al-volante-en-todo-el-territorio-bonaerense","status":"publish","type":"post","link":"https:\/\/diarioprincipios.com\/index.php\/2023\/03\/16\/medidas-para-avanzar-con-el-alcohol-cero-al-volante-en-todo-el-territorio-bonaerense\/","title":{"rendered":"Medidas para avanzar con el Alcohol Cero al volante en todo el territorio bonaerense."},"content":{"rendered":"\n<p>Este jueves, el ministro de Transporte de la Provincia de Buenos Aires, Jorge D\u2019Onofrio, recibi\u00f3 al director ejecutivo de la Agencia Nacional de Seguridad Vial (ANSV), Pablo Mart\u00ednez Carignano. Los funcionarios profundizaron las gestiones articuladas para avanzar con el Alcohol Cero al volante en todo el territorio bonaerense.<\/p>\n\n\n\n<p>Vale recordar que, desde la creaci\u00f3n de la cartera de Transporte, con el impulso del Ministro D\u2019Onofrio y del gobernador Axel Kicillof, se avanz\u00f3 con la normativa despu\u00e9s de un tratamiento legislativo que contempl\u00f3 a todos los actores involucrados. En ese marco, desde principios del 2023 rige el Alcohol Cero al volante en toda la Provincia.<\/p>\n\n\n\n<p>\u201cPeleamos contra la pandemia de la inseguridad vial\u201d, sentenci\u00f3 D\u00b4Onofrio y remarc\u00f3: \u201cTrabajamos y colaboramos articuladamente con la ANSV para que haya una mejor legislaci\u00f3n al respecto y por eso conseguimos que en la Provincia se sancione ley de Alcohol Cero que, abogamos junto con el Director Carignano, para que se implemente a nivel nacional\u201d.<\/p>\n\n\n\n<p>Asimismo, el titular de la cartera de Transporte record\u00f3: \u201cen la Provincia tuvimos excelentes resultados con la aplicaci\u00f3n de la Ley en el Operativo de Sol a Sol. S\u00ed la norma est\u00e1, y la controlamos, conseguimos resultados eficaces que nos permiten salvar vidas\u201d.<\/p>\n\n\n\n<p>Por \u00faltimo, Jorge D\u2019Onofrio anunci\u00f3 que \u201cel gobernador Axel Kicillof enviar\u00e1 a la Legislatura el proyecto para adherir al Scoring nacional y una vez que se apruebe lo implementaremos. Estamos trabajando con simulaciones para implementarlo\u201d. Y detall\u00f3: \u201cSon dos etapas que esperamos concretar lo antes posible, pasando de la etapa de ensayo de prueba y error a una aplicaci\u00f3n m\u00e1s certera de la norma ya que con el Scoring, comienza el autocontrol\u201d.<\/p>\n\n\n\n<p>En tanto, el Director Carignano manifest\u00f3: \u201cLa Provincia se puso a la vanguardia de la seguridad vial gracias a la decisi\u00f3n del Ministro D\u2019Onofrio, del gobernador Kicillof y de los legisladores con la aprobaci\u00f3n de la Ley de Alcohol Cero al volante. Esta jurisprudencia sirve como tracci\u00f3n para lo que pase en el Estado nacional con el fin de disociar el consumo de la conducci\u00f3n\u201d.<\/p>\n\n\n\n<p>\u201cLa Provincia de Buenos Aires cuenta con el parque automotor m\u00e1s grande del pa\u00eds y seguiremos adquiriendo m\u00e1s tecnolog\u00eda para dotar a los distritos en la lucha contra el alcohol al volante. En ese sentido, estamos convencidos que el sistema de puntos de Scoring es m\u00e1s equitativo que pagar una multa. Por eso, agradecemos el compromiso de la Provincia. Nosotros haremos todo lo posible por seguir ayudando\u201d, manifest\u00f3 el titular de la ANSV.<\/p>\n\n\n\n<p>Cabe se\u00f1alar que, el nuevo equipamiento que adquiri\u00f3 el Ministerio de Transporte son 25 al\u00f3metros Drager Alcotest 500 y 25 alcohol\u00edmetros Drager Alcotest 7510 que ya fueron verificados y homologados por el Instituto Nacional de Tecnolog\u00eda Industrial (INTI) para reforzar los controles y la prevenci\u00f3n en los corredores bonaerenses y mitigar el flagelo de la siniestralidad vial.<\/p>\n","protected":false},"excerpt":{"rendered":"<p>Este jueves, el ministro de Transporte de la Provincia de Buenos Aires, Jorge D\u2019Onofrio, recibi\u00f3 al director ejecutivo de la Agencia Nacional de Seguridad Vial (ANSV), Pablo Mart\u00ednez Carignano. Los funcionarios profundizaron las gestiones articuladas para avanzar con el Alcohol Cero al volante en todo el territorio bonaerense. Vale recordar que, desde la creaci\u00f3n de&#8230;<\/p>\n","protected":false},"author":2,"featured_media":16221,"comment_status":"open","ping_status":"open","sticky":false,"template":"","format":"standard","meta":{"footnotes":""},"categories":[7],"tags":[],"class_list":["post-16220","post","type-post","status-publish","format-standard","has-post-thumbnail","hentry","category-provincia"],"featured_image_src":"https:\/\/diarioprincipios.com\/wp-content\/uploads\/2023\/03\/Fotos-entrega-de-Alcoholimetros-de-ANSV-a-Pcia-Bs-As.3-1024x683.jpeg","blog_images":{"medium":"https:\/\/diarioprincipios.com\/wp-content\/uploads\/2023\/03\/Fotos-entrega-de-Alcoholimetros-de-ANSV-a-Pcia-Bs-As.3-300x200.jpeg","large":"https:\/\/diarioprincipios.com\/wp-content\/uploads\/2023\/03\/Fotos-entrega-de-Alcoholimetros-de-ANSV-a-Pcia-Bs-As.3-1024x683.jpeg"},"ams_acf":[],"yoast_head":"<!-- This site is optimized with the Yoast SEO plugin v27.3 - https:\/\/yoast.com\/product\/yoast-seo-wordpress\/ -->\n<title>Medidas para avanzar con el Alcohol Cero al volante en todo el territorio bonaerense. - Principios<\/title>\n<meta name=\"robots\" content=\"index, follow, max-snippet:-1, max-image-preview:large, max-video-preview:-1\" \/>\n<link rel=\"canonical\" href=\"https:\/\/diarioprincipios.com\/index.php\/2023\/03\/16\/medidas-para-avanzar-con-el-alcohol-cero-al-volante-en-todo-el-territorio-bonaerense\/\" \/>\n<meta property=\"og:locale\" content=\"es_ES\" \/>\n<meta property=\"og:type\" content=\"article\" \/>\n<meta property=\"og:title\" content=\"Medidas para avanzar con el Alcohol Cero al volante en todo el territorio bonaerense. - Principios\" \/>\n<meta property=\"og:description\" content=\"Este jueves, el ministro de Transporte de la Provincia de Buenos Aires, Jorge D\u2019Onofrio, recibi\u00f3 al director ejecutivo de la Agencia Nacional de Seguridad Vial (ANSV), Pablo Mart\u00ednez Carignano. Los funcionarios profundizaron las gestiones articuladas para avanzar con el Alcohol Cero al volante en todo el territorio bonaerense. Vale recordar que, desde la creaci\u00f3n de...\" \/>\n<meta property=\"og:url\" content=\"https:\/\/diarioprincipios.com\/index.php\/2023\/03\/16\/medidas-para-avanzar-con-el-alcohol-cero-al-volante-en-todo-el-territorio-bonaerense\/\" \/>\n<meta property=\"og:site_name\" content=\"Principios\" \/>\n<meta property=\"article:published_time\" content=\"2023-03-16T14:29:33+00:00\" \/>\n<meta property=\"article:modified_time\" content=\"2023-03-31T18:50:39+00:00\" \/>\n<meta property=\"og:image\" content=\"https:\/\/diarioprincipios.com\/wp-content\/uploads\/2023\/03\/Fotos-entrega-de-Alcoholimetros-de-ANSV-a-Pcia-Bs-As.3.jpeg\" \/>\n\t<meta property=\"og:image:width\" content=\"1341\" \/>\n\t<meta property=\"og:image:height\" content=\"894\" \/>\n\t<meta property=\"og:image:type\" content=\"image\/jpeg\" \/>\n<meta name=\"author\" content=\"Hern\u00e1n L\u00f3pez\" \/>\n<meta name=\"twitter:card\" content=\"summary_large_image\" \/>\n<meta name=\"twitter:label1\" content=\"Escrito por\" \/>\n\t<meta name=\"twitter:data1\" content=\"Hern\u00e1n L\u00f3pez\" \/>\n\t<meta name=\"twitter:label2\" content=\"Tiempo de lectura\" \/>\n\t<meta name=\"twitter:data2\" content=\"3 minutos\" \/>\n<script type=\"application\/ld+json\" class=\"yoast-schema-graph\">{\"@context\":\"https:\\\/\\\/schema.org\",\"@graph\":[{\"@type\":\"Article\",\"@id\":\"https:\\\/\\\/diarioprincipios.com\\\/index.php\\\/2023\\\/03\\\/16\\\/medidas-para-avanzar-con-el-alcohol-cero-al-volante-en-todo-el-territorio-bonaerense\\\/#article\",\"isPartOf\":{\"@id\":\"https:\\\/\\\/diarioprincipios.com\\\/index.php\\\/2023\\\/03\\\/16\\\/medidas-para-avanzar-con-el-alcohol-cero-al-volante-en-todo-el-territorio-bonaerense\\\/\"},\"author\":{\"name\":\"Hern\u00e1n L\u00f3pez\",\"@id\":\"https:\\\/\\\/diarioprincipios.com\\\/#\\\/schema\\\/person\\\/436d5a1fd41a5e250e23ff5a6a7cb080\"},\"headline\":\"Medidas para avanzar con el Alcohol Cero al volante en todo el territorio bonaerense.\",\"datePublished\":\"2023-03-16T14:29:33+00:00\",\"dateModified\":\"2023-03-31T18:50:39+00:00\",\"mainEntityOfPage\":{\"@id\":\"https:\\\/\\\/diarioprincipios.com\\\/index.php\\\/2023\\\/03\\\/16\\\/medidas-para-avanzar-con-el-alcohol-cero-al-volante-en-todo-el-territorio-bonaerense\\\/\"},\"wordCount\":504,\"commentCount\":0,\"publisher\":{\"@id\":\"https:\\\/\\\/diarioprincipios.com\\\/#organization\"},\"image\":{\"@id\":\"https:\\\/\\\/diarioprincipios.com\\\/index.php\\\/2023\\\/03\\\/16\\\/medidas-para-avanzar-con-el-alcohol-cero-al-volante-en-todo-el-territorio-bonaerense\\\/#primaryimage\"},\"thumbnailUrl\":\"https:\\\/\\\/diarioprincipios.com\\\/wp-content\\\/uploads\\\/2023\\\/03\\\/Fotos-entrega-de-Alcoholimetros-de-ANSV-a-Pcia-Bs-As.3.jpeg\",\"articleSection\":[\"Provincia\"],\"inLanguage\":\"es\",\"potentialAction\":[{\"@type\":\"CommentAction\",\"name\":\"Comment\",\"target\":[\"https:\\\/\\\/diarioprincipios.com\\\/index.php\\\/2023\\\/03\\\/16\\\/medidas-para-avanzar-con-el-alcohol-cero-al-volante-en-todo-el-territorio-bonaerense\\\/#respond\"]}]},{\"@type\":\"WebPage\",\"@id\":\"https:\\\/\\\/diarioprincipios.com\\\/index.php\\\/2023\\\/03\\\/16\\\/medidas-para-avanzar-con-el-alcohol-cero-al-volante-en-todo-el-territorio-bonaerense\\\/\",\"url\":\"https:\\\/\\\/diarioprincipios.com\\\/index.php\\\/2023\\\/03\\\/16\\\/medidas-para-avanzar-con-el-alcohol-cero-al-volante-en-todo-el-territorio-bonaerense\\\/\",\"name\":\"Medidas para avanzar con el Alcohol Cero al volante en todo el territorio bonaerense. - Principios\",\"isPartOf\":{\"@id\":\"https:\\\/\\\/diarioprincipios.com\\\/#website\"},\"primaryImageOfPage\":{\"@id\":\"https:\\\/\\\/diarioprincipios.com\\\/index.php\\\/2023\\\/03\\\/16\\\/medidas-para-avanzar-con-el-alcohol-cero-al-volante-en-todo-el-territorio-bonaerense\\\/#primaryimage\"},\"image\":{\"@id\":\"https:\\\/\\\/diarioprincipios.com\\\/index.php\\\/2023\\\/03\\\/16\\\/medidas-para-avanzar-con-el-alcohol-cero-al-volante-en-todo-el-territorio-bonaerense\\\/#primaryimage\"},\"thumbnailUrl\":\"https:\\\/\\\/diarioprincipios.com\\\/wp-content\\\/uploads\\\/2023\\\/03\\\/Fotos-entrega-de-Alcoholimetros-de-ANSV-a-Pcia-Bs-As.3.jpeg\",\"datePublished\":\"2023-03-16T14:29:33+00:00\",\"dateModified\":\"2023-03-31T18:50:39+00:00\",\"breadcrumb\":{\"@id\":\"https:\\\/\\\/diarioprincipios.com\\\/index.php\\\/2023\\\/03\\\/16\\\/medidas-para-avanzar-con-el-alcohol-cero-al-volante-en-todo-el-territorio-bonaerense\\\/#breadcrumb\"},\"inLanguage\":\"es\",\"potentialAction\":[{\"@type\":\"ReadAction\",\"target\":[\"https:\\\/\\\/diarioprincipios.com\\\/index.php\\\/2023\\\/03\\\/16\\\/medidas-para-avanzar-con-el-alcohol-cero-al-volante-en-todo-el-territorio-bonaerense\\\/\"]}]},{\"@type\":\"ImageObject\",\"inLanguage\":\"es\",\"@id\":\"https:\\\/\\\/diarioprincipios.com\\\/index.php\\\/2023\\\/03\\\/16\\\/medidas-para-avanzar-con-el-alcohol-cero-al-volante-en-todo-el-territorio-bonaerense\\\/#primaryimage\",\"url\":\"https:\\\/\\\/diarioprincipios.com\\\/wp-content\\\/uploads\\\/2023\\\/03\\\/Fotos-entrega-de-Alcoholimetros-de-ANSV-a-Pcia-Bs-As.3.jpeg\",\"contentUrl\":\"https:\\\/\\\/diarioprincipios.com\\\/wp-content\\\/uploads\\\/2023\\\/03\\\/Fotos-entrega-de-Alcoholimetros-de-ANSV-a-Pcia-Bs-As.3.jpeg\",\"width\":1341,\"height\":894},{\"@type\":\"BreadcrumbList\",\"@id\":\"https:\\\/\\\/diarioprincipios.com\\\/index.php\\\/2023\\\/03\\\/16\\\/medidas-para-avanzar-con-el-alcohol-cero-al-volante-en-todo-el-territorio-bonaerense\\\/#breadcrumb\",\"itemListElement\":[{\"@type\":\"ListItem\",\"position\":1,\"name\":\"Portada\",\"item\":\"https:\\\/\\\/diarioprincipios.com\\\/\"},{\"@type\":\"ListItem\",\"position\":2,\"name\":\"Medidas para avanzar con el Alcohol Cero al volante en todo el territorio bonaerense.\"}]},{\"@type\":\"WebSite\",\"@id\":\"https:\\\/\\\/diarioprincipios.com\\\/#website\",\"url\":\"https:\\\/\\\/diarioprincipios.com\\\/\",\"name\":\"Principios\",\"description\":\"Principios Diario\",\"publisher\":{\"@id\":\"https:\\\/\\\/diarioprincipios.com\\\/#organization\"},\"potentialAction\":[{\"@type\":\"SearchAction\",\"target\":{\"@type\":\"EntryPoint\",\"urlTemplate\":\"https:\\\/\\\/diarioprincipios.com\\\/?s={search_term_string}\"},\"query-input\":{\"@type\":\"PropertyValueSpecification\",\"valueRequired\":true,\"valueName\":\"search_term_string\"}}],\"inLanguage\":\"es\"},{\"@type\":\"Organization\",\"@id\":\"https:\\\/\\\/diarioprincipios.com\\\/#organization\",\"name\":\"Principios\",\"url\":\"https:\\\/\\\/diarioprincipios.com\\\/\",\"logo\":{\"@type\":\"ImageObject\",\"inLanguage\":\"es\",\"@id\":\"https:\\\/\\\/diarioprincipios.com\\\/#\\\/schema\\\/logo\\\/image\\\/\",\"url\":\"https:\\\/\\\/diarioprincipios.com\\\/wp-content\\\/uploads\\\/2024\\\/04\\\/cropped-www.diarioprincipios.com_-1.png\",\"contentUrl\":\"https:\\\/\\\/diarioprincipios.com\\\/wp-content\\\/uploads\\\/2024\\\/04\\\/cropped-www.diarioprincipios.com_-1.png\",\"width\":5325,\"height\":1454,\"caption\":\"Principios\"},\"image\":{\"@id\":\"https:\\\/\\\/diarioprincipios.com\\\/#\\\/schema\\\/logo\\\/image\\\/\"}},{\"@type\":\"Person\",\"@id\":\"https:\\\/\\\/diarioprincipios.com\\\/#\\\/schema\\\/person\\\/436d5a1fd41a5e250e23ff5a6a7cb080\",\"name\":\"Hern\u00e1n L\u00f3pez\",\"image\":{\"@type\":\"ImageObject\",\"inLanguage\":\"es\",\"@id\":\"https:\\\/\\\/diarioprincipios.com\\\/wp-content\\\/litespeed\\\/avatar\\\/11ddfe5610ff3bd100522525b2571f48.jpg?ver=1777048341\",\"url\":\"https:\\\/\\\/diarioprincipios.com\\\/wp-content\\\/litespeed\\\/avatar\\\/11ddfe5610ff3bd100522525b2571f48.jpg?ver=1777048341\",\"contentUrl\":\"https:\\\/\\\/diarioprincipios.com\\\/wp-content\\\/litespeed\\\/avatar\\\/11ddfe5610ff3bd100522525b2571f48.jpg?ver=1777048341\",\"caption\":\"Hern\u00e1n L\u00f3pez\"},\"url\":\"https:\\\/\\\/diarioprincipios.com\\\/index.php\\\/author\\\/hernan\\\/\"}]}<\/script>\n<!-- \/ Yoast SEO plugin. -->","yoast_head_json":{"title":"Medidas para avanzar con el Alcohol Cero al volante en todo el territorio bonaerense. - Principios","robots":{"index":"index","follow":"follow","max-snippet":"max-snippet:-1","max-image-preview":"max-image-preview:large","max-video-preview":"max-video-preview:-1"},"canonical":"https:\/\/diarioprincipios.com\/index.php\/2023\/03\/16\/medidas-para-avanzar-con-el-alcohol-cero-al-volante-en-todo-el-territorio-bonaerense\/","og_locale":"es_ES","og_type":"article","og_title":"Medidas para avanzar con el Alcohol Cero al volante en todo el territorio bonaerense. - Principios","og_description":"Este jueves, el ministro de Transporte de la Provincia de Buenos Aires, Jorge D\u2019Onofrio, recibi\u00f3 al director ejecutivo de la Agencia Nacional de Seguridad Vial (ANSV), Pablo Mart\u00ednez Carignano. Los funcionarios profundizaron las gestiones articuladas para avanzar con el Alcohol Cero al volante en todo el territorio bonaerense. Vale recordar que, desde la creaci\u00f3n de...","og_url":"https:\/\/diarioprincipios.com\/index.php\/2023\/03\/16\/medidas-para-avanzar-con-el-alcohol-cero-al-volante-en-todo-el-territorio-bonaerense\/","og_site_name":"Principios","article_published_time":"2023-03-16T14:29:33+00:00","article_modified_time":"2023-03-31T18:50:39+00:00","og_image":[{"width":1341,"height":894,"url":"https:\/\/diarioprincipios.com\/wp-content\/uploads\/2023\/03\/Fotos-entrega-de-Alcoholimetros-de-ANSV-a-Pcia-Bs-As.3.jpeg","type":"image\/jpeg"}],"author":"Hern\u00e1n L\u00f3pez","twitter_card":"summary_large_image","twitter_misc":{"Escrito por":"Hern\u00e1n L\u00f3pez","Tiempo de lectura":"3 minutos"},"schema":{"@context":"https:\/\/schema.org","@graph":[{"@type":"Article","@id":"https:\/\/diarioprincipios.com\/index.php\/2023\/03\/16\/medidas-para-avanzar-con-el-alcohol-cero-al-volante-en-todo-el-territorio-bonaerense\/#article","isPartOf":{"@id":"https:\/\/diarioprincipios.com\/index.php\/2023\/03\/16\/medidas-para-avanzar-con-el-alcohol-cero-al-volante-en-todo-el-territorio-bonaerense\/"},"author":{"name":"Hern\u00e1n L\u00f3pez","@id":"https:\/\/diarioprincipios.com\/#\/schema\/person\/436d5a1fd41a5e250e23ff5a6a7cb080"},"headline":"Medidas para avanzar con el Alcohol Cero al volante en todo el territorio bonaerense.","datePublished":"2023-03-16T14:29:33+00:00","dateModified":"2023-03-31T18:50:39+00:00","mainEntityOfPage":{"@id":"https:\/\/diarioprincipios.com\/index.php\/2023\/03\/16\/medidas-para-avanzar-con-el-alcohol-cero-al-volante-en-todo-el-territorio-bonaerense\/"},"wordCount":504,"commentCount":0,"publisher":{"@id":"https:\/\/diarioprincipios.com\/#organization"},"image":{"@id":"https:\/\/diarioprincipios.com\/index.php\/2023\/03\/16\/medidas-para-avanzar-con-el-alcohol-cero-al-volante-en-todo-el-territorio-bonaerense\/#primaryimage"},"thumbnailUrl":"https:\/\/diarioprincipios.com\/wp-content\/uploads\/2023\/03\/Fotos-entrega-de-Alcoholimetros-de-ANSV-a-Pcia-Bs-As.3.jpeg","articleSection":["Provincia"],"inLanguage":"es","potentialAction":[{"@type":"CommentAction","name":"Comment","target":["https:\/\/diarioprincipios.com\/index.php\/2023\/03\/16\/medidas-para-avanzar-con-el-alcohol-cero-al-volante-en-todo-el-territorio-bonaerense\/#respond"]}]},{"@type":"WebPage","@id":"https:\/\/diarioprincipios.com\/index.php\/2023\/03\/16\/medidas-para-avanzar-con-el-alcohol-cero-al-volante-en-todo-el-territorio-bonaerense\/","url":"https:\/\/diarioprincipios.com\/index.php\/2023\/03\/16\/medidas-para-avanzar-con-el-alcohol-cero-al-volante-en-todo-el-territorio-bonaerense\/","name":"Medidas para avanzar con el Alcohol Cero al volante en todo el territorio bonaerense. - Principios","isPartOf":{"@id":"https:\/\/diarioprincipios.com\/#website"},"primaryImageOfPage":{"@id":"https:\/\/diarioprincipios.com\/index.php\/2023\/03\/16\/medidas-para-avanzar-con-el-alcohol-cero-al-volante-en-todo-el-territorio-bonaerense\/#primaryimage"},"image":{"@id":"https:\/\/diarioprincipios.com\/index.php\/2023\/03\/16\/medidas-para-avanzar-con-el-alcohol-cero-al-volante-en-todo-el-territorio-bonaerense\/#primaryimage"},"thumbnailUrl":"https:\/\/diarioprincipios.com\/wp-content\/uploads\/2023\/03\/Fotos-entrega-de-Alcoholimetros-de-ANSV-a-Pcia-Bs-As.3.jpeg","datePublished":"2023-03-16T14:29:33+00:00","dateModified":"2023-03-31T18:50:39+00:00","breadcrumb":{"@id":"https:\/\/diarioprincipios.com\/index.php\/2023\/03\/16\/medidas-para-avanzar-con-el-alcohol-cero-al-volante-en-todo-el-territorio-bonaerense\/#breadcrumb"},"inLanguage":"es","potentialAction":[{"@type":"ReadAction","target":["https:\/\/diarioprincipios.com\/index.php\/2023\/03\/16\/medidas-para-avanzar-con-el-alcohol-cero-al-volante-en-todo-el-territorio-bonaerense\/"]}]},{"@type":"ImageObject","inLanguage":"es","@id":"https:\/\/diarioprincipios.com\/index.php\/2023\/03\/16\/medidas-para-avanzar-con-el-alcohol-cero-al-volante-en-todo-el-territorio-bonaerense\/#primaryimage","url":"https:\/\/diarioprincipios.com\/wp-content\/uploads\/2023\/03\/Fotos-entrega-de-Alcoholimetros-de-ANSV-a-Pcia-Bs-As.3.jpeg","contentUrl":"https:\/\/diarioprincipios.com\/wp-content\/uploads\/2023\/03\/Fotos-entrega-de-Alcoholimetros-de-ANSV-a-Pcia-Bs-As.3.jpeg","width":1341,"height":894},{"@type":"BreadcrumbList","@id":"https:\/\/diarioprincipios.com\/index.php\/2023\/03\/16\/medidas-para-avanzar-con-el-alcohol-cero-al-volante-en-todo-el-territorio-bonaerense\/#breadcrumb","itemListElement":[{"@type":"ListItem","position":1,"name":"Portada","item":"https:\/\/diarioprincipios.com\/"},{"@type":"ListItem","position":2,"name":"Medidas para avanzar con el Alcohol Cero al volante en todo el territorio bonaerense."}]},{"@type":"WebSite","@id":"https:\/\/diarioprincipios.com\/#website","url":"https:\/\/diarioprincipios.com\/","name":"Principios","description":"Principios Diario","publisher":{"@id":"https:\/\/diarioprincipios.com\/#organization"},"potentialAction":[{"@type":"SearchAction","target":{"@type":"EntryPoint","urlTemplate":"https:\/\/diarioprincipios.com\/?s={search_term_string}"},"query-input":{"@type":"PropertyValueSpecification","valueRequired":true,"valueName":"search_term_string"}}],"inLanguage":"es"},{"@type":"Organization","@id":"https:\/\/diarioprincipios.com\/#organization","name":"Principios","url":"https:\/\/diarioprincipios.com\/","logo":{"@type":"ImageObject","inLanguage":"es","@id":"https:\/\/diarioprincipios.com\/#\/schema\/logo\/image\/","url":"https:\/\/diarioprincipios.com\/wp-content\/uploads\/2024\/04\/cropped-www.diarioprincipios.com_-1.png","contentUrl":"https:\/\/diarioprincipios.com\/wp-content\/uploads\/2024\/04\/cropped-www.diarioprincipios.com_-1.png","width":5325,"height":1454,"caption":"Principios"},"image":{"@id":"https:\/\/diarioprincipios.com\/#\/schema\/logo\/image\/"}},{"@type":"Person","@id":"https:\/\/diarioprincipios.com\/#\/schema\/person\/436d5a1fd41a5e250e23ff5a6a7cb080","name":"Hern\u00e1n L\u00f3pez","image":{"@type":"ImageObject","inLanguage":"es","@id":"https:\/\/diarioprincipios.com\/wp-content\/litespeed\/avatar\/11ddfe5610ff3bd100522525b2571f48.jpg?ver=1777048341","url":"https:\/\/diarioprincipios.com\/wp-content\/litespeed\/avatar\/11ddfe5610ff3bd100522525b2571f48.jpg?ver=1777048341","contentUrl":"https:\/\/diarioprincipios.com\/wp-content\/litespeed\/avatar\/11ddfe5610ff3bd100522525b2571f48.jpg?ver=1777048341","caption":"Hern\u00e1n L\u00f3pez"},"url":"https:\/\/diarioprincipios.com\/index.php\/author\/hernan\/"}]}},"jetpack_featured_media_url":"https:\/\/diarioprincipios.com\/wp-content\/uploads\/2023\/03\/Fotos-entrega-de-Alcoholimetros-de-ANSV-a-Pcia-Bs-As.3.jpeg","_links":{"self":[{"href":"https:\/\/diarioprincipios.com\/index.php\/wp-json\/wp\/v2\/posts\/16220","targetHints":{"allow":["GET"]}}],"collection":[{"href":"https:\/\/diarioprincipios.com\/index.php\/wp-json\/wp\/v2\/posts"}],"about":[{"href":"https:\/\/diarioprincipios.com\/index.php\/wp-json\/wp\/v2\/types\/post"}],"author":[{"embeddable":true,"href":"https:\/\/diarioprincipios.com\/index.php\/wp-json\/wp\/v2\/users\/2"}],"replies":[{"embeddable":true,"href":"https:\/\/diarioprincipios.com\/index.php\/wp-json\/wp\/v2\/comments?post=16220"}],"version-history":[{"count":1,"href":"https:\/\/diarioprincipios.com\/index.php\/wp-json\/wp\/v2\/posts\/16220\/revisions"}],"predecessor-version":[{"id":16222,"href":"https:\/\/diarioprincipios.com\/index.php\/wp-json\/wp\/v2\/posts\/16220\/revisions\/16222"}],"wp:featuredmedia":[{"embeddable":true,"href":"https:\/\/diarioprincipios.com\/index.php\/wp-json\/wp\/v2\/media\/16221"}],"wp:attachment":[{"href":"https:\/\/diarioprincipios.com\/index.php\/wp-json\/wp\/v2\/media?parent=16220"}],"wp:term":[{"taxonomy":"category","embeddable":true,"href":"https:\/\/diarioprincipios.com\/index.php\/wp-json\/wp\/v2\/categories?post=16220"},{"taxonomy":"post_tag","embeddable":true,"href":"https:\/\/diarioprincipios.com\/index.php\/wp-json\/wp\/v2\/tags?post=16220"}],"curies":[{"name":"wp","href":"https:\/\/api.w.org\/{rel}","templated":true}]}}