{"id":16216,"date":"2023-03-16T10:13:12","date_gmt":"2023-03-16T13:13:12","guid":{"rendered":"http:\/\/diarioprincipios.com\/?p=16216"},"modified":"2023-03-31T15:50:34","modified_gmt":"2023-03-31T18:50:34","slug":"mussi-acompano-a-kicillof-en-el-anuncio-de-la-reglamentacion-del-ejercicio-profesional-de-los-instrumentadores-quirurgicos","status":"publish","type":"post","link":"https:\/\/diarioprincipios.com\/index.php\/2023\/03\/16\/mussi-acompano-a-kicillof-en-el-anuncio-de-la-reglamentacion-del-ejercicio-profesional-de-los-instrumentadores-quirurgicos\/","title":{"rendered":"Mussi acompa\u00f1\u00f3 a Kicillof en el anuncio de la reglamentaci\u00f3n del ejercicio profesional de los instrumentadores quir\u00fargicos"},"content":{"rendered":"\n<p><strong>Se reglament\u00f3 la Ley Provincial 14.865, referida al ejercicio profesional de los instrumentadores quir\u00fargicos, en un acto en el Sal\u00f3n Dorado de la Casa de Gobierno bonaerense. All\u00ed estuvo el gobernador Axel Kicillof, acompa\u00f1ado por el intendente Juan Jos\u00e9 Mussi, junto a los trabajadores del sector.<\/strong><\/p>\n\n\n\n<p>\u201cAl comenzar nuestra gesti\u00f3n, recibimos un sistema de Salud desfinanciado, abandonado y muy golpeado. Los gobiernos neoliberales tienen este modus operandi: se desinteresan de lo p\u00fablico\u201d, comenz\u00f3 se\u00f1alando Kicillof durante el anuncio. Y continu\u00f3: \u201cEra muy importante salir a revertir esa situaci\u00f3n y por eso hicimos la inversi\u00f3n m\u00e1s grande de la historia reciente en Salud\u201d.<\/p>\n\n\n\n<p>Asimismo, afirm\u00f3: \u201cLa Ley fue muy reclamada. Por eso, ac\u00e1 tambi\u00e9n est\u00e1 presente el Dr. Juan Jos\u00e9 Mussi, quien nos llam\u00f3 la atenci\u00f3n para que avancemos sobre esto y lo llevemos a cabo. A trav\u00e9s de la reglamentaci\u00f3n, podemos darle a los instrumentadores quir\u00fargicos la importancia, la visibilidad y los derechos que se merecen\u201d.<\/p>\n\n\n\n<figure class=\"wp-block-image size-large\"><img loading=\"lazy\" decoding=\"async\" width=\"1024\" height=\"683\" src=\"https:\/\/diarioprincipios.com\/wp-content\/uploads\/2023\/03\/REGLAMENTARON-EL-EJERCICIO-PROFESIONAL-DE-LOS-INSTRUMENTADORES-QUIRURGICOS-3-1024x683.jpg\" alt=\"\" class=\"wp-image-16217\" srcset=\"https:\/\/diarioprincipios.com\/wp-content\/uploads\/2023\/03\/REGLAMENTARON-EL-EJERCICIO-PROFESIONAL-DE-LOS-INSTRUMENTADORES-QUIRURGICOS-3-1024x683.jpg 1024w, https:\/\/diarioprincipios.com\/wp-content\/uploads\/2023\/03\/REGLAMENTARON-EL-EJERCICIO-PROFESIONAL-DE-LOS-INSTRUMENTADORES-QUIRURGICOS-3-300x200.jpg 300w, https:\/\/diarioprincipios.com\/wp-content\/uploads\/2023\/03\/REGLAMENTARON-EL-EJERCICIO-PROFESIONAL-DE-LOS-INSTRUMENTADORES-QUIRURGICOS-3-768x512.jpg 768w, https:\/\/diarioprincipios.com\/wp-content\/uploads\/2023\/03\/REGLAMENTARON-EL-EJERCICIO-PROFESIONAL-DE-LOS-INSTRUMENTADORES-QUIRURGICOS-3-1536x1024.jpg 1536w, https:\/\/diarioprincipios.com\/wp-content\/uploads\/2023\/03\/REGLAMENTARON-EL-EJERCICIO-PROFESIONAL-DE-LOS-INSTRUMENTADORES-QUIRURGICOS-3.jpg 1920w\" sizes=\"auto, (max-width: 1024px) 100vw, 1024px\" \/><\/figure>\n\n\n\n<p>En tanto, el intendente Mussi expres\u00f3: \u201cLe agradezco al gobernador Axel Kicillof por este homenaje a nuestros trabajadores y trabajadoras de la Salud. Felicito especialmente a los y las especialistas de Berazategui, me siento m\u00e1s que orgulloso del compromiso que tienen con los vecinos y vecinas de nuestra Patria Chica\u201d.<\/p>\n\n\n\n<p>Por su parte, el ministro de Salud de la provincia de Buenos Aires, Nicol\u00e1s Kreplak, destac\u00f3: \u201cEsper\u00e1bamos este d\u00eda, apunta a que valoremos a todas y todos los trabajadores en sus roles en el sistema de Salud. Las y los instrumentadores quir\u00fargicos hacen un trabajo indispensable y necesitaban tener el reconocimiento profesional que les corresponde\u201d.<\/p>\n\n\n\n<p>A partir del decreto de reglamentaci\u00f3n, se jerarquizan las tareas que llevan adelante las y los licenciados de Instrumentaci\u00f3n Quir\u00fargica, Organizaci\u00f3n y Asistencia de Quir\u00f3fanos; y se los incorpora a la carrera profesional hospitalaria, enmarcada en la Ley 10.471. En la provincia de Buenos Aires son 8.984 las y los instrumentadores quir\u00fargicos matriculados, de las cuales el 94% son mujeres y solo el 6% hombres.<\/p>\n","protected":false},"excerpt":{"rendered":"<p>Se reglament\u00f3 la Ley Provincial 14.865, referida al ejercicio profesional de los instrumentadores quir\u00fargicos, en un acto en el Sal\u00f3n Dorado de la Casa de Gobierno bonaerense. All\u00ed estuvo el gobernador Axel Kicillof, acompa\u00f1ado por el intendente Juan Jos\u00e9 Mussi, junto a los trabajadores del sector. \u201cAl comenzar nuestra gesti\u00f3n, recibimos un sistema de Salud&#8230;<\/p>\n","protected":false},"author":2,"featured_media":16218,"comment_status":"open","ping_status":"open","sticky":false,"template":"","format":"standard","meta":{"footnotes":""},"categories":[7],"tags":[],"class_list":["post-16216","post","type-post","status-publish","format-standard","has-post-thumbnail","hentry","category-provincia"],"featured_image_src":"https:\/\/diarioprincipios.com\/wp-content\/uploads\/2023\/03\/REGLAMENTARON-EL-EJERCICIO-PROFESIONAL-DE-LOS-INSTRUMENTADORES-QUIRURGICOS-2-1024x683.jpg","blog_images":{"medium":"https:\/\/diarioprincipios.com\/wp-content\/uploads\/2023\/03\/REGLAMENTARON-EL-EJERCICIO-PROFESIONAL-DE-LOS-INSTRUMENTADORES-QUIRURGICOS-2-300x200.jpg","large":"https:\/\/diarioprincipios.com\/wp-content\/uploads\/2023\/03\/REGLAMENTARON-EL-EJERCICIO-PROFESIONAL-DE-LOS-INSTRUMENTADORES-QUIRURGICOS-2-1024x683.jpg"},"ams_acf":[],"yoast_head":"<!-- This site is optimized with the Yoast SEO plugin v27.3 - https:\/\/yoast.com\/product\/yoast-seo-wordpress\/ -->\n<title>Mussi acompa\u00f1\u00f3 a Kicillof en el anuncio de la reglamentaci\u00f3n del ejercicio profesional de los instrumentadores quir\u00fargicos - Principios<\/title>\n<meta name=\"robots\" content=\"index, follow, max-snippet:-1, max-image-preview:large, max-video-preview:-1\" \/>\n<link rel=\"canonical\" href=\"https:\/\/diarioprincipios.com\/index.php\/2023\/03\/16\/mussi-acompano-a-kicillof-en-el-anuncio-de-la-reglamentacion-del-ejercicio-profesional-de-los-instrumentadores-quirurgicos\/\" \/>\n<meta property=\"og:locale\" content=\"es_ES\" \/>\n<meta property=\"og:type\" content=\"article\" \/>\n<meta property=\"og:title\" content=\"Mussi acompa\u00f1\u00f3 a Kicillof en el anuncio de la reglamentaci\u00f3n del ejercicio profesional de los instrumentadores quir\u00fargicos - Principios\" \/>\n<meta property=\"og:description\" content=\"Se reglament\u00f3 la Ley Provincial 14.865, referida al ejercicio profesional de los instrumentadores quir\u00fargicos, en un acto en el Sal\u00f3n Dorado de la Casa de Gobierno bonaerense. All\u00ed estuvo el gobernador Axel Kicillof, acompa\u00f1ado por el intendente Juan Jos\u00e9 Mussi, junto a los trabajadores del sector. \u201cAl comenzar nuestra gesti\u00f3n, recibimos un sistema de Salud...\" \/>\n<meta property=\"og:url\" content=\"https:\/\/diarioprincipios.com\/index.php\/2023\/03\/16\/mussi-acompano-a-kicillof-en-el-anuncio-de-la-reglamentacion-del-ejercicio-profesional-de-los-instrumentadores-quirurgicos\/\" \/>\n<meta property=\"og:site_name\" content=\"Principios\" \/>\n<meta property=\"article:published_time\" content=\"2023-03-16T13:13:12+00:00\" \/>\n<meta property=\"article:modified_time\" content=\"2023-03-31T18:50:34+00:00\" \/>\n<meta property=\"og:image\" content=\"https:\/\/diarioprincipios.com\/wp-content\/uploads\/2023\/03\/REGLAMENTARON-EL-EJERCICIO-PROFESIONAL-DE-LOS-INSTRUMENTADORES-QUIRURGICOS-2.jpg\" \/>\n\t<meta property=\"og:image:width\" content=\"1920\" \/>\n\t<meta property=\"og:image:height\" content=\"1280\" \/>\n\t<meta property=\"og:image:type\" content=\"image\/jpeg\" \/>\n<meta name=\"author\" content=\"Hern\u00e1n L\u00f3pez\" \/>\n<meta name=\"twitter:card\" content=\"summary_large_image\" \/>\n<meta name=\"twitter:label1\" content=\"Escrito por\" \/>\n\t<meta name=\"twitter:data1\" content=\"Hern\u00e1n L\u00f3pez\" \/>\n\t<meta name=\"twitter:label2\" content=\"Tiempo de lectura\" \/>\n\t<meta name=\"twitter:data2\" content=\"2 minutos\" \/>\n<script type=\"application\/ld+json\" class=\"yoast-schema-graph\">{\"@context\":\"https:\\\/\\\/schema.org\",\"@graph\":[{\"@type\":\"Article\",\"@id\":\"https:\\\/\\\/diarioprincipios.com\\\/index.php\\\/2023\\\/03\\\/16\\\/mussi-acompano-a-kicillof-en-el-anuncio-de-la-reglamentacion-del-ejercicio-profesional-de-los-instrumentadores-quirurgicos\\\/#article\",\"isPartOf\":{\"@id\":\"https:\\\/\\\/diarioprincipios.com\\\/index.php\\\/2023\\\/03\\\/16\\\/mussi-acompano-a-kicillof-en-el-anuncio-de-la-reglamentacion-del-ejercicio-profesional-de-los-instrumentadores-quirurgicos\\\/\"},\"author\":{\"name\":\"Hern\u00e1n L\u00f3pez\",\"@id\":\"https:\\\/\\\/diarioprincipios.com\\\/#\\\/schema\\\/person\\\/436d5a1fd41a5e250e23ff5a6a7cb080\"},\"headline\":\"Mussi acompa\u00f1\u00f3 a Kicillof en el anuncio de la reglamentaci\u00f3n del ejercicio profesional de los instrumentadores quir\u00fargicos\",\"datePublished\":\"2023-03-16T13:13:12+00:00\",\"dateModified\":\"2023-03-31T18:50:34+00:00\",\"mainEntityOfPage\":{\"@id\":\"https:\\\/\\\/diarioprincipios.com\\\/index.php\\\/2023\\\/03\\\/16\\\/mussi-acompano-a-kicillof-en-el-anuncio-de-la-reglamentacion-del-ejercicio-profesional-de-los-instrumentadores-quirurgicos\\\/\"},\"wordCount\":365,\"commentCount\":0,\"publisher\":{\"@id\":\"https:\\\/\\\/diarioprincipios.com\\\/#organization\"},\"image\":{\"@id\":\"https:\\\/\\\/diarioprincipios.com\\\/index.php\\\/2023\\\/03\\\/16\\\/mussi-acompano-a-kicillof-en-el-anuncio-de-la-reglamentacion-del-ejercicio-profesional-de-los-instrumentadores-quirurgicos\\\/#primaryimage\"},\"thumbnailUrl\":\"https:\\\/\\\/diarioprincipios.com\\\/wp-content\\\/uploads\\\/2023\\\/03\\\/REGLAMENTARON-EL-EJERCICIO-PROFESIONAL-DE-LOS-INSTRUMENTADORES-QUIRURGICOS-2.jpg\",\"articleSection\":[\"Provincia\"],\"inLanguage\":\"es\",\"potentialAction\":[{\"@type\":\"CommentAction\",\"name\":\"Comment\",\"target\":[\"https:\\\/\\\/diarioprincipios.com\\\/index.php\\\/2023\\\/03\\\/16\\\/mussi-acompano-a-kicillof-en-el-anuncio-de-la-reglamentacion-del-ejercicio-profesional-de-los-instrumentadores-quirurgicos\\\/#respond\"]}]},{\"@type\":\"WebPage\",\"@id\":\"https:\\\/\\\/diarioprincipios.com\\\/index.php\\\/2023\\\/03\\\/16\\\/mussi-acompano-a-kicillof-en-el-anuncio-de-la-reglamentacion-del-ejercicio-profesional-de-los-instrumentadores-quirurgicos\\\/\",\"url\":\"https:\\\/\\\/diarioprincipios.com\\\/index.php\\\/2023\\\/03\\\/16\\\/mussi-acompano-a-kicillof-en-el-anuncio-de-la-reglamentacion-del-ejercicio-profesional-de-los-instrumentadores-quirurgicos\\\/\",\"name\":\"Mussi acompa\u00f1\u00f3 a Kicillof en el anuncio de la reglamentaci\u00f3n del ejercicio profesional de los instrumentadores quir\u00fargicos - Principios\",\"isPartOf\":{\"@id\":\"https:\\\/\\\/diarioprincipios.com\\\/#website\"},\"primaryImageOfPage\":{\"@id\":\"https:\\\/\\\/diarioprincipios.com\\\/index.php\\\/2023\\\/03\\\/16\\\/mussi-acompano-a-kicillof-en-el-anuncio-de-la-reglamentacion-del-ejercicio-profesional-de-los-instrumentadores-quirurgicos\\\/#primaryimage\"},\"image\":{\"@id\":\"https:\\\/\\\/diarioprincipios.com\\\/index.php\\\/2023\\\/03\\\/16\\\/mussi-acompano-a-kicillof-en-el-anuncio-de-la-reglamentacion-del-ejercicio-profesional-de-los-instrumentadores-quirurgicos\\\/#primaryimage\"},\"thumbnailUrl\":\"https:\\\/\\\/diarioprincipios.com\\\/wp-content\\\/uploads\\\/2023\\\/03\\\/REGLAMENTARON-EL-EJERCICIO-PROFESIONAL-DE-LOS-INSTRUMENTADORES-QUIRURGICOS-2.jpg\",\"datePublished\":\"2023-03-16T13:13:12+00:00\",\"dateModified\":\"2023-03-31T18:50:34+00:00\",\"breadcrumb\":{\"@id\":\"https:\\\/\\\/diarioprincipios.com\\\/index.php\\\/2023\\\/03\\\/16\\\/mussi-acompano-a-kicillof-en-el-anuncio-de-la-reglamentacion-del-ejercicio-profesional-de-los-instrumentadores-quirurgicos\\\/#breadcrumb\"},\"inLanguage\":\"es\",\"potentialAction\":[{\"@type\":\"ReadAction\",\"target\":[\"https:\\\/\\\/diarioprincipios.com\\\/index.php\\\/2023\\\/03\\\/16\\\/mussi-acompano-a-kicillof-en-el-anuncio-de-la-reglamentacion-del-ejercicio-profesional-de-los-instrumentadores-quirurgicos\\\/\"]}]},{\"@type\":\"ImageObject\",\"inLanguage\":\"es\",\"@id\":\"https:\\\/\\\/diarioprincipios.com\\\/index.php\\\/2023\\\/03\\\/16\\\/mussi-acompano-a-kicillof-en-el-anuncio-de-la-reglamentacion-del-ejercicio-profesional-de-los-instrumentadores-quirurgicos\\\/#primaryimage\",\"url\":\"https:\\\/\\\/diarioprincipios.com\\\/wp-content\\\/uploads\\\/2023\\\/03\\\/REGLAMENTARON-EL-EJERCICIO-PROFESIONAL-DE-LOS-INSTRUMENTADORES-QUIRURGICOS-2.jpg\",\"contentUrl\":\"https:\\\/\\\/diarioprincipios.com\\\/wp-content\\\/uploads\\\/2023\\\/03\\\/REGLAMENTARON-EL-EJERCICIO-PROFESIONAL-DE-LOS-INSTRUMENTADORES-QUIRURGICOS-2.jpg\",\"width\":1920,\"height\":1280},{\"@type\":\"BreadcrumbList\",\"@id\":\"https:\\\/\\\/diarioprincipios.com\\\/index.php\\\/2023\\\/03\\\/16\\\/mussi-acompano-a-kicillof-en-el-anuncio-de-la-reglamentacion-del-ejercicio-profesional-de-los-instrumentadores-quirurgicos\\\/#breadcrumb\",\"itemListElement\":[{\"@type\":\"ListItem\",\"position\":1,\"name\":\"Portada\",\"item\":\"https:\\\/\\\/diarioprincipios.com\\\/\"},{\"@type\":\"ListItem\",\"position\":2,\"name\":\"Mussi acompa\u00f1\u00f3 a Kicillof en el anuncio de la reglamentaci\u00f3n del ejercicio profesional de los instrumentadores quir\u00fargicos\"}]},{\"@type\":\"WebSite\",\"@id\":\"https:\\\/\\\/diarioprincipios.com\\\/#website\",\"url\":\"https:\\\/\\\/diarioprincipios.com\\\/\",\"name\":\"Principios\",\"description\":\"Principios Diario\",\"publisher\":{\"@id\":\"https:\\\/\\\/diarioprincipios.com\\\/#organization\"},\"potentialAction\":[{\"@type\":\"SearchAction\",\"target\":{\"@type\":\"EntryPoint\",\"urlTemplate\":\"https:\\\/\\\/diarioprincipios.com\\\/?s={search_term_string}\"},\"query-input\":{\"@type\":\"PropertyValueSpecification\",\"valueRequired\":true,\"valueName\":\"search_term_string\"}}],\"inLanguage\":\"es\"},{\"@type\":\"Organization\",\"@id\":\"https:\\\/\\\/diarioprincipios.com\\\/#organization\",\"name\":\"Principios\",\"url\":\"https:\\\/\\\/diarioprincipios.com\\\/\",\"logo\":{\"@type\":\"ImageObject\",\"inLanguage\":\"es\",\"@id\":\"https:\\\/\\\/diarioprincipios.com\\\/#\\\/schema\\\/logo\\\/image\\\/\",\"url\":\"https:\\\/\\\/diarioprincipios.com\\\/wp-content\\\/uploads\\\/2024\\\/04\\\/cropped-www.diarioprincipios.com_-1.png\",\"contentUrl\":\"https:\\\/\\\/diarioprincipios.com\\\/wp-content\\\/uploads\\\/2024\\\/04\\\/cropped-www.diarioprincipios.com_-1.png\",\"width\":5325,\"height\":1454,\"caption\":\"Principios\"},\"image\":{\"@id\":\"https:\\\/\\\/diarioprincipios.com\\\/#\\\/schema\\\/logo\\\/image\\\/\"}},{\"@type\":\"Person\",\"@id\":\"https:\\\/\\\/diarioprincipios.com\\\/#\\\/schema\\\/person\\\/436d5a1fd41a5e250e23ff5a6a7cb080\",\"name\":\"Hern\u00e1n L\u00f3pez\",\"image\":{\"@type\":\"ImageObject\",\"inLanguage\":\"es\",\"@id\":\"https:\\\/\\\/diarioprincipios.com\\\/wp-content\\\/litespeed\\\/avatar\\\/11ddfe5610ff3bd100522525b2571f48.jpg?ver=1777048341\",\"url\":\"https:\\\/\\\/diarioprincipios.com\\\/wp-content\\\/litespeed\\\/avatar\\\/11ddfe5610ff3bd100522525b2571f48.jpg?ver=1777048341\",\"contentUrl\":\"https:\\\/\\\/diarioprincipios.com\\\/wp-content\\\/litespeed\\\/avatar\\\/11ddfe5610ff3bd100522525b2571f48.jpg?ver=1777048341\",\"caption\":\"Hern\u00e1n L\u00f3pez\"},\"url\":\"https:\\\/\\\/diarioprincipios.com\\\/index.php\\\/author\\\/hernan\\\/\"}]}<\/script>\n<!-- \/ Yoast SEO plugin. -->","yoast_head_json":{"title":"Mussi acompa\u00f1\u00f3 a Kicillof en el anuncio de la reglamentaci\u00f3n del ejercicio profesional de los instrumentadores quir\u00fargicos - Principios","robots":{"index":"index","follow":"follow","max-snippet":"max-snippet:-1","max-image-preview":"max-image-preview:large","max-video-preview":"max-video-preview:-1"},"canonical":"https:\/\/diarioprincipios.com\/index.php\/2023\/03\/16\/mussi-acompano-a-kicillof-en-el-anuncio-de-la-reglamentacion-del-ejercicio-profesional-de-los-instrumentadores-quirurgicos\/","og_locale":"es_ES","og_type":"article","og_title":"Mussi acompa\u00f1\u00f3 a Kicillof en el anuncio de la reglamentaci\u00f3n del ejercicio profesional de los instrumentadores quir\u00fargicos - Principios","og_description":"Se reglament\u00f3 la Ley Provincial 14.865, referida al ejercicio profesional de los instrumentadores quir\u00fargicos, en un acto en el Sal\u00f3n Dorado de la Casa de Gobierno bonaerense. All\u00ed estuvo el gobernador Axel Kicillof, acompa\u00f1ado por el intendente Juan Jos\u00e9 Mussi, junto a los trabajadores del sector. \u201cAl comenzar nuestra gesti\u00f3n, recibimos un sistema de Salud...","og_url":"https:\/\/diarioprincipios.com\/index.php\/2023\/03\/16\/mussi-acompano-a-kicillof-en-el-anuncio-de-la-reglamentacion-del-ejercicio-profesional-de-los-instrumentadores-quirurgicos\/","og_site_name":"Principios","article_published_time":"2023-03-16T13:13:12+00:00","article_modified_time":"2023-03-31T18:50:34+00:00","og_image":[{"width":1920,"height":1280,"url":"https:\/\/diarioprincipios.com\/wp-content\/uploads\/2023\/03\/REGLAMENTARON-EL-EJERCICIO-PROFESIONAL-DE-LOS-INSTRUMENTADORES-QUIRURGICOS-2.jpg","type":"image\/jpeg"}],"author":"Hern\u00e1n L\u00f3pez","twitter_card":"summary_large_image","twitter_misc":{"Escrito por":"Hern\u00e1n L\u00f3pez","Tiempo de lectura":"2 minutos"},"schema":{"@context":"https:\/\/schema.org","@graph":[{"@type":"Article","@id":"https:\/\/diarioprincipios.com\/index.php\/2023\/03\/16\/mussi-acompano-a-kicillof-en-el-anuncio-de-la-reglamentacion-del-ejercicio-profesional-de-los-instrumentadores-quirurgicos\/#article","isPartOf":{"@id":"https:\/\/diarioprincipios.com\/index.php\/2023\/03\/16\/mussi-acompano-a-kicillof-en-el-anuncio-de-la-reglamentacion-del-ejercicio-profesional-de-los-instrumentadores-quirurgicos\/"},"author":{"name":"Hern\u00e1n L\u00f3pez","@id":"https:\/\/diarioprincipios.com\/#\/schema\/person\/436d5a1fd41a5e250e23ff5a6a7cb080"},"headline":"Mussi acompa\u00f1\u00f3 a Kicillof en el anuncio de la reglamentaci\u00f3n del ejercicio profesional de los instrumentadores quir\u00fargicos","datePublished":"2023-03-16T13:13:12+00:00","dateModified":"2023-03-31T18:50:34+00:00","mainEntityOfPage":{"@id":"https:\/\/diarioprincipios.com\/index.php\/2023\/03\/16\/mussi-acompano-a-kicillof-en-el-anuncio-de-la-reglamentacion-del-ejercicio-profesional-de-los-instrumentadores-quirurgicos\/"},"wordCount":365,"commentCount":0,"publisher":{"@id":"https:\/\/diarioprincipios.com\/#organization"},"image":{"@id":"https:\/\/diarioprincipios.com\/index.php\/2023\/03\/16\/mussi-acompano-a-kicillof-en-el-anuncio-de-la-reglamentacion-del-ejercicio-profesional-de-los-instrumentadores-quirurgicos\/#primaryimage"},"thumbnailUrl":"https:\/\/diarioprincipios.com\/wp-content\/uploads\/2023\/03\/REGLAMENTARON-EL-EJERCICIO-PROFESIONAL-DE-LOS-INSTRUMENTADORES-QUIRURGICOS-2.jpg","articleSection":["Provincia"],"inLanguage":"es","potentialAction":[{"@type":"CommentAction","name":"Comment","target":["https:\/\/diarioprincipios.com\/index.php\/2023\/03\/16\/mussi-acompano-a-kicillof-en-el-anuncio-de-la-reglamentacion-del-ejercicio-profesional-de-los-instrumentadores-quirurgicos\/#respond"]}]},{"@type":"WebPage","@id":"https:\/\/diarioprincipios.com\/index.php\/2023\/03\/16\/mussi-acompano-a-kicillof-en-el-anuncio-de-la-reglamentacion-del-ejercicio-profesional-de-los-instrumentadores-quirurgicos\/","url":"https:\/\/diarioprincipios.com\/index.php\/2023\/03\/16\/mussi-acompano-a-kicillof-en-el-anuncio-de-la-reglamentacion-del-ejercicio-profesional-de-los-instrumentadores-quirurgicos\/","name":"Mussi acompa\u00f1\u00f3 a Kicillof en el anuncio de la reglamentaci\u00f3n del ejercicio profesional de los instrumentadores quir\u00fargicos - Principios","isPartOf":{"@id":"https:\/\/diarioprincipios.com\/#website"},"primaryImageOfPage":{"@id":"https:\/\/diarioprincipios.com\/index.php\/2023\/03\/16\/mussi-acompano-a-kicillof-en-el-anuncio-de-la-reglamentacion-del-ejercicio-profesional-de-los-instrumentadores-quirurgicos\/#primaryimage"},"image":{"@id":"https:\/\/diarioprincipios.com\/index.php\/2023\/03\/16\/mussi-acompano-a-kicillof-en-el-anuncio-de-la-reglamentacion-del-ejercicio-profesional-de-los-instrumentadores-quirurgicos\/#primaryimage"},"thumbnailUrl":"https:\/\/diarioprincipios.com\/wp-content\/uploads\/2023\/03\/REGLAMENTARON-EL-EJERCICIO-PROFESIONAL-DE-LOS-INSTRUMENTADORES-QUIRURGICOS-2.jpg","datePublished":"2023-03-16T13:13:12+00:00","dateModified":"2023-03-31T18:50:34+00:00","breadcrumb":{"@id":"https:\/\/diarioprincipios.com\/index.php\/2023\/03\/16\/mussi-acompano-a-kicillof-en-el-anuncio-de-la-reglamentacion-del-ejercicio-profesional-de-los-instrumentadores-quirurgicos\/#breadcrumb"},"inLanguage":"es","potentialAction":[{"@type":"ReadAction","target":["https:\/\/diarioprincipios.com\/index.php\/2023\/03\/16\/mussi-acompano-a-kicillof-en-el-anuncio-de-la-reglamentacion-del-ejercicio-profesional-de-los-instrumentadores-quirurgicos\/"]}]},{"@type":"ImageObject","inLanguage":"es","@id":"https:\/\/diarioprincipios.com\/index.php\/2023\/03\/16\/mussi-acompano-a-kicillof-en-el-anuncio-de-la-reglamentacion-del-ejercicio-profesional-de-los-instrumentadores-quirurgicos\/#primaryimage","url":"https:\/\/diarioprincipios.com\/wp-content\/uploads\/2023\/03\/REGLAMENTARON-EL-EJERCICIO-PROFESIONAL-DE-LOS-INSTRUMENTADORES-QUIRURGICOS-2.jpg","contentUrl":"https:\/\/diarioprincipios.com\/wp-content\/uploads\/2023\/03\/REGLAMENTARON-EL-EJERCICIO-PROFESIONAL-DE-LOS-INSTRUMENTADORES-QUIRURGICOS-2.jpg","width":1920,"height":1280},{"@type":"BreadcrumbList","@id":"https:\/\/diarioprincipios.com\/index.php\/2023\/03\/16\/mussi-acompano-a-kicillof-en-el-anuncio-de-la-reglamentacion-del-ejercicio-profesional-de-los-instrumentadores-quirurgicos\/#breadcrumb","itemListElement":[{"@type":"ListItem","position":1,"name":"Portada","item":"https:\/\/diarioprincipios.com\/"},{"@type":"ListItem","position":2,"name":"Mussi acompa\u00f1\u00f3 a Kicillof en el anuncio de la reglamentaci\u00f3n del ejercicio profesional de los instrumentadores quir\u00fargicos"}]},{"@type":"WebSite","@id":"https:\/\/diarioprincipios.com\/#website","url":"https:\/\/diarioprincipios.com\/","name":"Principios","description":"Principios Diario","publisher":{"@id":"https:\/\/diarioprincipios.com\/#organization"},"potentialAction":[{"@type":"SearchAction","target":{"@type":"EntryPoint","urlTemplate":"https:\/\/diarioprincipios.com\/?s={search_term_string}"},"query-input":{"@type":"PropertyValueSpecification","valueRequired":true,"valueName":"search_term_string"}}],"inLanguage":"es"},{"@type":"Organization","@id":"https:\/\/diarioprincipios.com\/#organization","name":"Principios","url":"https:\/\/diarioprincipios.com\/","logo":{"@type":"ImageObject","inLanguage":"es","@id":"https:\/\/diarioprincipios.com\/#\/schema\/logo\/image\/","url":"https:\/\/diarioprincipios.com\/wp-content\/uploads\/2024\/04\/cropped-www.diarioprincipios.com_-1.png","contentUrl":"https:\/\/diarioprincipios.com\/wp-content\/uploads\/2024\/04\/cropped-www.diarioprincipios.com_-1.png","width":5325,"height":1454,"caption":"Principios"},"image":{"@id":"https:\/\/diarioprincipios.com\/#\/schema\/logo\/image\/"}},{"@type":"Person","@id":"https:\/\/diarioprincipios.com\/#\/schema\/person\/436d5a1fd41a5e250e23ff5a6a7cb080","name":"Hern\u00e1n L\u00f3pez","image":{"@type":"ImageObject","inLanguage":"es","@id":"https:\/\/diarioprincipios.com\/wp-content\/litespeed\/avatar\/11ddfe5610ff3bd100522525b2571f48.jpg?ver=1777048341","url":"https:\/\/diarioprincipios.com\/wp-content\/litespeed\/avatar\/11ddfe5610ff3bd100522525b2571f48.jpg?ver=1777048341","contentUrl":"https:\/\/diarioprincipios.com\/wp-content\/litespeed\/avatar\/11ddfe5610ff3bd100522525b2571f48.jpg?ver=1777048341","caption":"Hern\u00e1n L\u00f3pez"},"url":"https:\/\/diarioprincipios.com\/index.php\/author\/hernan\/"}]}},"jetpack_featured_media_url":"https:\/\/diarioprincipios.com\/wp-content\/uploads\/2023\/03\/REGLAMENTARON-EL-EJERCICIO-PROFESIONAL-DE-LOS-INSTRUMENTADORES-QUIRURGICOS-2.jpg","_links":{"self":[{"href":"https:\/\/diarioprincipios.com\/index.php\/wp-json\/wp\/v2\/posts\/16216","targetHints":{"allow":["GET"]}}],"collection":[{"href":"https:\/\/diarioprincipios.com\/index.php\/wp-json\/wp\/v2\/posts"}],"about":[{"href":"https:\/\/diarioprincipios.com\/index.php\/wp-json\/wp\/v2\/types\/post"}],"author":[{"embeddable":true,"href":"https:\/\/diarioprincipios.com\/index.php\/wp-json\/wp\/v2\/users\/2"}],"replies":[{"embeddable":true,"href":"https:\/\/diarioprincipios.com\/index.php\/wp-json\/wp\/v2\/comments?post=16216"}],"version-history":[{"count":1,"href":"https:\/\/diarioprincipios.com\/index.php\/wp-json\/wp\/v2\/posts\/16216\/revisions"}],"predecessor-version":[{"id":16219,"href":"https:\/\/diarioprincipios.com\/index.php\/wp-json\/wp\/v2\/posts\/16216\/revisions\/16219"}],"wp:featuredmedia":[{"embeddable":true,"href":"https:\/\/diarioprincipios.com\/index.php\/wp-json\/wp\/v2\/media\/16218"}],"wp:attachment":[{"href":"https:\/\/diarioprincipios.com\/index.php\/wp-json\/wp\/v2\/media?parent=16216"}],"wp:term":[{"taxonomy":"category","embeddable":true,"href":"https:\/\/diarioprincipios.com\/index.php\/wp-json\/wp\/v2\/categories?post=16216"},{"taxonomy":"post_tag","embeddable":true,"href":"https:\/\/diarioprincipios.com\/index.php\/wp-json\/wp\/v2\/tags?post=16216"}],"curies":[{"name":"wp","href":"https:\/\/api.w.org\/{rel}","templated":true}]}}