{"id":16183,"date":"2023-03-15T11:27:44","date_gmt":"2023-03-15T14:27:44","guid":{"rendered":"http:\/\/diarioprincipios.com\/?p=16183"},"modified":"2023-03-31T15:49:47","modified_gmt":"2023-03-31T18:49:47","slug":"nueva-firma-de-tramites-de-propiedad","status":"publish","type":"post","link":"https:\/\/diarioprincipios.com\/index.php\/2023\/03\/15\/nueva-firma-de-tramites-de-propiedad\/","title":{"rendered":"Nueva firma de tr\u00e1mites de propiedad"},"content":{"rendered":"\n<p><strong>Se realiz\u00f3 una nueva firma de tr\u00e1mites de propiedad por parte de familias de Berazategui, en un acto encabezado por el intendente Juan Jos\u00e9 Mussi. En este caso, se rubricaron 27 escrituras y 22 efectivizaciones de Bien de Familia. A trav\u00e9s de esta iniciativa, las y los vecinos pueden ahorrarse hasta $500.000, dependiendo del valor de su inmueble.<\/strong><\/p>\n\n\n\n<p>Tambi\u00e9n participaron de la actividad: la titular de la Agencia de Tierras y H\u00e1bitat municipal, Luc\u00eda Vega; y las representantes de la Escriban\u00eda General de Gobierno de la Provincia de Buenos Aires, Mar\u00eda Villanueva y Mariana Scalise.<\/p>\n\n\n\n<p>Durante la ceremonia, el intendente Mussi expres\u00f3: \u201cEstos actos son lindos, porque es el paso para asegurarse la tranquilidad del techo propio. El Municipio se convierte en un intermediario de estas iniciativas que le dan seguridad a los vecinos. En esta oportunidad, tenemos beneficiarios de 18 barrios de distintas localidades de Berazategui. Le agradezco al gobernador Axel Kicillof por impulsar estas medidas\u201d.<\/p>\n\n\n\n<p>Por su parte, Luc\u00eda Vega se\u00f1al\u00f3: \u201cEste es el paso previo a la entrega de las escrituras y saben que la pr\u00f3xima vez que los convoquemos ser\u00e1 para que las reciban, as\u00ed que fue un acto muy feliz. Tenemos una relaci\u00f3n permanente entre la Escriban\u00eda General bonaerense y nuestro equipo de Escrituraci\u00f3n. Esto nos permite que los expedientes tengan un curso r\u00e1pido y correcto\u201d.<\/p>\n\n\n\n<p>En tanto, N\u00e9lida Ballesteros -vecina del barrio Nicol\u00e1s Videla- celebr\u00f3 que el Municipio \u201cnos acompa\u00f1e con estas medidas. Le agradezco mucho al intendente Mussi. Estoy muy emocionada, por fin puedo tener la escritura de mi casa\u201d.<\/p>\n","protected":false},"excerpt":{"rendered":"<p>Se realiz\u00f3 una nueva firma de tr\u00e1mites de propiedad por parte de familias de Berazategui, en un acto encabezado por el intendente Juan Jos\u00e9 Mussi. En este caso, se rubricaron 27 escrituras y 22 efectivizaciones de Bien de Familia. A trav\u00e9s de esta iniciativa, las y los vecinos pueden ahorrarse hasta $500.000, dependiendo del valor&#8230;<\/p>\n","protected":false},"author":2,"featured_media":16184,"comment_status":"open","ping_status":"open","sticky":false,"template":"","format":"standard","meta":{"footnotes":""},"categories":[3],"tags":[],"class_list":["post-16183","post","type-post","status-publish","format-standard","has-post-thumbnail","hentry","category-berazategui"],"featured_image_src":"https:\/\/diarioprincipios.com\/wp-content\/uploads\/2023\/03\/BERAZATEGUI.-SE-FIRMARON-49-TRAMITES-DE-PROPIEDAD-2-1024x683.jpg","blog_images":{"medium":"https:\/\/diarioprincipios.com\/wp-content\/uploads\/2023\/03\/BERAZATEGUI.-SE-FIRMARON-49-TRAMITES-DE-PROPIEDAD-2-300x200.jpg","large":"https:\/\/diarioprincipios.com\/wp-content\/uploads\/2023\/03\/BERAZATEGUI.-SE-FIRMARON-49-TRAMITES-DE-PROPIEDAD-2-1024x683.jpg"},"ams_acf":[],"yoast_head":"<!-- This site is optimized with the Yoast SEO plugin v27.3 - https:\/\/yoast.com\/product\/yoast-seo-wordpress\/ -->\n<title>Nueva firma de tr\u00e1mites de propiedad - Principios<\/title>\n<meta name=\"robots\" content=\"index, follow, max-snippet:-1, max-image-preview:large, max-video-preview:-1\" \/>\n<link rel=\"canonical\" href=\"https:\/\/diarioprincipios.com\/index.php\/2023\/03\/15\/nueva-firma-de-tramites-de-propiedad\/\" \/>\n<meta property=\"og:locale\" content=\"es_ES\" \/>\n<meta property=\"og:type\" content=\"article\" \/>\n<meta property=\"og:title\" content=\"Nueva firma de tr\u00e1mites de propiedad - Principios\" \/>\n<meta property=\"og:description\" content=\"Se realiz\u00f3 una nueva firma de tr\u00e1mites de propiedad por parte de familias de Berazategui, en un acto encabezado por el intendente Juan Jos\u00e9 Mussi. En este caso, se rubricaron 27 escrituras y 22 efectivizaciones de Bien de Familia. A trav\u00e9s de esta iniciativa, las y los vecinos pueden ahorrarse hasta $500.000, dependiendo del valor...\" \/>\n<meta property=\"og:url\" content=\"https:\/\/diarioprincipios.com\/index.php\/2023\/03\/15\/nueva-firma-de-tramites-de-propiedad\/\" \/>\n<meta property=\"og:site_name\" content=\"Principios\" \/>\n<meta property=\"article:published_time\" content=\"2023-03-15T14:27:44+00:00\" \/>\n<meta property=\"article:modified_time\" content=\"2023-03-31T18:49:47+00:00\" \/>\n<meta property=\"og:image\" content=\"https:\/\/diarioprincipios.com\/wp-content\/uploads\/2023\/03\/BERAZATEGUI.-SE-FIRMARON-49-TRAMITES-DE-PROPIEDAD-2.jpg\" \/>\n\t<meta property=\"og:image:width\" content=\"1920\" \/>\n\t<meta property=\"og:image:height\" content=\"1280\" \/>\n\t<meta property=\"og:image:type\" content=\"image\/jpeg\" \/>\n<meta name=\"author\" content=\"Hern\u00e1n L\u00f3pez\" \/>\n<meta name=\"twitter:card\" content=\"summary_large_image\" \/>\n<meta name=\"twitter:label1\" content=\"Escrito por\" \/>\n\t<meta name=\"twitter:data1\" content=\"Hern\u00e1n L\u00f3pez\" \/>\n\t<meta name=\"twitter:label2\" content=\"Tiempo de lectura\" \/>\n\t<meta name=\"twitter:data2\" content=\"2 minutos\" \/>\n<script type=\"application\/ld+json\" class=\"yoast-schema-graph\">{\"@context\":\"https:\\\/\\\/schema.org\",\"@graph\":[{\"@type\":\"Article\",\"@id\":\"https:\\\/\\\/diarioprincipios.com\\\/index.php\\\/2023\\\/03\\\/15\\\/nueva-firma-de-tramites-de-propiedad\\\/#article\",\"isPartOf\":{\"@id\":\"https:\\\/\\\/diarioprincipios.com\\\/index.php\\\/2023\\\/03\\\/15\\\/nueva-firma-de-tramites-de-propiedad\\\/\"},\"author\":{\"name\":\"Hern\u00e1n L\u00f3pez\",\"@id\":\"https:\\\/\\\/diarioprincipios.com\\\/#\\\/schema\\\/person\\\/436d5a1fd41a5e250e23ff5a6a7cb080\"},\"headline\":\"Nueva firma de tr\u00e1mites de propiedad\",\"datePublished\":\"2023-03-15T14:27:44+00:00\",\"dateModified\":\"2023-03-31T18:49:47+00:00\",\"mainEntityOfPage\":{\"@id\":\"https:\\\/\\\/diarioprincipios.com\\\/index.php\\\/2023\\\/03\\\/15\\\/nueva-firma-de-tramites-de-propiedad\\\/\"},\"wordCount\":277,\"commentCount\":0,\"publisher\":{\"@id\":\"https:\\\/\\\/diarioprincipios.com\\\/#organization\"},\"image\":{\"@id\":\"https:\\\/\\\/diarioprincipios.com\\\/index.php\\\/2023\\\/03\\\/15\\\/nueva-firma-de-tramites-de-propiedad\\\/#primaryimage\"},\"thumbnailUrl\":\"https:\\\/\\\/diarioprincipios.com\\\/wp-content\\\/uploads\\\/2023\\\/03\\\/BERAZATEGUI.-SE-FIRMARON-49-TRAMITES-DE-PROPIEDAD-2.jpg\",\"articleSection\":[\"Berazategui\"],\"inLanguage\":\"es\",\"potentialAction\":[{\"@type\":\"CommentAction\",\"name\":\"Comment\",\"target\":[\"https:\\\/\\\/diarioprincipios.com\\\/index.php\\\/2023\\\/03\\\/15\\\/nueva-firma-de-tramites-de-propiedad\\\/#respond\"]}]},{\"@type\":\"WebPage\",\"@id\":\"https:\\\/\\\/diarioprincipios.com\\\/index.php\\\/2023\\\/03\\\/15\\\/nueva-firma-de-tramites-de-propiedad\\\/\",\"url\":\"https:\\\/\\\/diarioprincipios.com\\\/index.php\\\/2023\\\/03\\\/15\\\/nueva-firma-de-tramites-de-propiedad\\\/\",\"name\":\"Nueva firma de tr\u00e1mites de propiedad - Principios\",\"isPartOf\":{\"@id\":\"https:\\\/\\\/diarioprincipios.com\\\/#website\"},\"primaryImageOfPage\":{\"@id\":\"https:\\\/\\\/diarioprincipios.com\\\/index.php\\\/2023\\\/03\\\/15\\\/nueva-firma-de-tramites-de-propiedad\\\/#primaryimage\"},\"image\":{\"@id\":\"https:\\\/\\\/diarioprincipios.com\\\/index.php\\\/2023\\\/03\\\/15\\\/nueva-firma-de-tramites-de-propiedad\\\/#primaryimage\"},\"thumbnailUrl\":\"https:\\\/\\\/diarioprincipios.com\\\/wp-content\\\/uploads\\\/2023\\\/03\\\/BERAZATEGUI.-SE-FIRMARON-49-TRAMITES-DE-PROPIEDAD-2.jpg\",\"datePublished\":\"2023-03-15T14:27:44+00:00\",\"dateModified\":\"2023-03-31T18:49:47+00:00\",\"breadcrumb\":{\"@id\":\"https:\\\/\\\/diarioprincipios.com\\\/index.php\\\/2023\\\/03\\\/15\\\/nueva-firma-de-tramites-de-propiedad\\\/#breadcrumb\"},\"inLanguage\":\"es\",\"potentialAction\":[{\"@type\":\"ReadAction\",\"target\":[\"https:\\\/\\\/diarioprincipios.com\\\/index.php\\\/2023\\\/03\\\/15\\\/nueva-firma-de-tramites-de-propiedad\\\/\"]}]},{\"@type\":\"ImageObject\",\"inLanguage\":\"es\",\"@id\":\"https:\\\/\\\/diarioprincipios.com\\\/index.php\\\/2023\\\/03\\\/15\\\/nueva-firma-de-tramites-de-propiedad\\\/#primaryimage\",\"url\":\"https:\\\/\\\/diarioprincipios.com\\\/wp-content\\\/uploads\\\/2023\\\/03\\\/BERAZATEGUI.-SE-FIRMARON-49-TRAMITES-DE-PROPIEDAD-2.jpg\",\"contentUrl\":\"https:\\\/\\\/diarioprincipios.com\\\/wp-content\\\/uploads\\\/2023\\\/03\\\/BERAZATEGUI.-SE-FIRMARON-49-TRAMITES-DE-PROPIEDAD-2.jpg\",\"width\":1920,\"height\":1280},{\"@type\":\"BreadcrumbList\",\"@id\":\"https:\\\/\\\/diarioprincipios.com\\\/index.php\\\/2023\\\/03\\\/15\\\/nueva-firma-de-tramites-de-propiedad\\\/#breadcrumb\",\"itemListElement\":[{\"@type\":\"ListItem\",\"position\":1,\"name\":\"Portada\",\"item\":\"https:\\\/\\\/diarioprincipios.com\\\/\"},{\"@type\":\"ListItem\",\"position\":2,\"name\":\"Nueva firma de tr\u00e1mites de propiedad\"}]},{\"@type\":\"WebSite\",\"@id\":\"https:\\\/\\\/diarioprincipios.com\\\/#website\",\"url\":\"https:\\\/\\\/diarioprincipios.com\\\/\",\"name\":\"Principios\",\"description\":\"Principios Diario\",\"publisher\":{\"@id\":\"https:\\\/\\\/diarioprincipios.com\\\/#organization\"},\"potentialAction\":[{\"@type\":\"SearchAction\",\"target\":{\"@type\":\"EntryPoint\",\"urlTemplate\":\"https:\\\/\\\/diarioprincipios.com\\\/?s={search_term_string}\"},\"query-input\":{\"@type\":\"PropertyValueSpecification\",\"valueRequired\":true,\"valueName\":\"search_term_string\"}}],\"inLanguage\":\"es\"},{\"@type\":\"Organization\",\"@id\":\"https:\\\/\\\/diarioprincipios.com\\\/#organization\",\"name\":\"Principios\",\"url\":\"https:\\\/\\\/diarioprincipios.com\\\/\",\"logo\":{\"@type\":\"ImageObject\",\"inLanguage\":\"es\",\"@id\":\"https:\\\/\\\/diarioprincipios.com\\\/#\\\/schema\\\/logo\\\/image\\\/\",\"url\":\"https:\\\/\\\/diarioprincipios.com\\\/wp-content\\\/uploads\\\/2024\\\/04\\\/cropped-www.diarioprincipios.com_-1.png\",\"contentUrl\":\"https:\\\/\\\/diarioprincipios.com\\\/wp-content\\\/uploads\\\/2024\\\/04\\\/cropped-www.diarioprincipios.com_-1.png\",\"width\":5325,\"height\":1454,\"caption\":\"Principios\"},\"image\":{\"@id\":\"https:\\\/\\\/diarioprincipios.com\\\/#\\\/schema\\\/logo\\\/image\\\/\"}},{\"@type\":\"Person\",\"@id\":\"https:\\\/\\\/diarioprincipios.com\\\/#\\\/schema\\\/person\\\/436d5a1fd41a5e250e23ff5a6a7cb080\",\"name\":\"Hern\u00e1n L\u00f3pez\",\"image\":{\"@type\":\"ImageObject\",\"inLanguage\":\"es\",\"@id\":\"https:\\\/\\\/diarioprincipios.com\\\/wp-content\\\/litespeed\\\/avatar\\\/11ddfe5610ff3bd100522525b2571f48.jpg?ver=1777653193\",\"url\":\"https:\\\/\\\/diarioprincipios.com\\\/wp-content\\\/litespeed\\\/avatar\\\/11ddfe5610ff3bd100522525b2571f48.jpg?ver=1777653193\",\"contentUrl\":\"https:\\\/\\\/diarioprincipios.com\\\/wp-content\\\/litespeed\\\/avatar\\\/11ddfe5610ff3bd100522525b2571f48.jpg?ver=1777653193\",\"caption\":\"Hern\u00e1n L\u00f3pez\"},\"url\":\"https:\\\/\\\/diarioprincipios.com\\\/index.php\\\/author\\\/hernan\\\/\"}]}<\/script>\n<!-- \/ Yoast SEO plugin. -->","yoast_head_json":{"title":"Nueva firma de tr\u00e1mites de propiedad - Principios","robots":{"index":"index","follow":"follow","max-snippet":"max-snippet:-1","max-image-preview":"max-image-preview:large","max-video-preview":"max-video-preview:-1"},"canonical":"https:\/\/diarioprincipios.com\/index.php\/2023\/03\/15\/nueva-firma-de-tramites-de-propiedad\/","og_locale":"es_ES","og_type":"article","og_title":"Nueva firma de tr\u00e1mites de propiedad - Principios","og_description":"Se realiz\u00f3 una nueva firma de tr\u00e1mites de propiedad por parte de familias de Berazategui, en un acto encabezado por el intendente Juan Jos\u00e9 Mussi. En este caso, se rubricaron 27 escrituras y 22 efectivizaciones de Bien de Familia. A trav\u00e9s de esta iniciativa, las y los vecinos pueden ahorrarse hasta $500.000, dependiendo del valor...","og_url":"https:\/\/diarioprincipios.com\/index.php\/2023\/03\/15\/nueva-firma-de-tramites-de-propiedad\/","og_site_name":"Principios","article_published_time":"2023-03-15T14:27:44+00:00","article_modified_time":"2023-03-31T18:49:47+00:00","og_image":[{"width":1920,"height":1280,"url":"https:\/\/diarioprincipios.com\/wp-content\/uploads\/2023\/03\/BERAZATEGUI.-SE-FIRMARON-49-TRAMITES-DE-PROPIEDAD-2.jpg","type":"image\/jpeg"}],"author":"Hern\u00e1n L\u00f3pez","twitter_card":"summary_large_image","twitter_misc":{"Escrito por":"Hern\u00e1n L\u00f3pez","Tiempo de lectura":"2 minutos"},"schema":{"@context":"https:\/\/schema.org","@graph":[{"@type":"Article","@id":"https:\/\/diarioprincipios.com\/index.php\/2023\/03\/15\/nueva-firma-de-tramites-de-propiedad\/#article","isPartOf":{"@id":"https:\/\/diarioprincipios.com\/index.php\/2023\/03\/15\/nueva-firma-de-tramites-de-propiedad\/"},"author":{"name":"Hern\u00e1n L\u00f3pez","@id":"https:\/\/diarioprincipios.com\/#\/schema\/person\/436d5a1fd41a5e250e23ff5a6a7cb080"},"headline":"Nueva firma de tr\u00e1mites de propiedad","datePublished":"2023-03-15T14:27:44+00:00","dateModified":"2023-03-31T18:49:47+00:00","mainEntityOfPage":{"@id":"https:\/\/diarioprincipios.com\/index.php\/2023\/03\/15\/nueva-firma-de-tramites-de-propiedad\/"},"wordCount":277,"commentCount":0,"publisher":{"@id":"https:\/\/diarioprincipios.com\/#organization"},"image":{"@id":"https:\/\/diarioprincipios.com\/index.php\/2023\/03\/15\/nueva-firma-de-tramites-de-propiedad\/#primaryimage"},"thumbnailUrl":"https:\/\/diarioprincipios.com\/wp-content\/uploads\/2023\/03\/BERAZATEGUI.-SE-FIRMARON-49-TRAMITES-DE-PROPIEDAD-2.jpg","articleSection":["Berazategui"],"inLanguage":"es","potentialAction":[{"@type":"CommentAction","name":"Comment","target":["https:\/\/diarioprincipios.com\/index.php\/2023\/03\/15\/nueva-firma-de-tramites-de-propiedad\/#respond"]}]},{"@type":"WebPage","@id":"https:\/\/diarioprincipios.com\/index.php\/2023\/03\/15\/nueva-firma-de-tramites-de-propiedad\/","url":"https:\/\/diarioprincipios.com\/index.php\/2023\/03\/15\/nueva-firma-de-tramites-de-propiedad\/","name":"Nueva firma de tr\u00e1mites de propiedad - Principios","isPartOf":{"@id":"https:\/\/diarioprincipios.com\/#website"},"primaryImageOfPage":{"@id":"https:\/\/diarioprincipios.com\/index.php\/2023\/03\/15\/nueva-firma-de-tramites-de-propiedad\/#primaryimage"},"image":{"@id":"https:\/\/diarioprincipios.com\/index.php\/2023\/03\/15\/nueva-firma-de-tramites-de-propiedad\/#primaryimage"},"thumbnailUrl":"https:\/\/diarioprincipios.com\/wp-content\/uploads\/2023\/03\/BERAZATEGUI.-SE-FIRMARON-49-TRAMITES-DE-PROPIEDAD-2.jpg","datePublished":"2023-03-15T14:27:44+00:00","dateModified":"2023-03-31T18:49:47+00:00","breadcrumb":{"@id":"https:\/\/diarioprincipios.com\/index.php\/2023\/03\/15\/nueva-firma-de-tramites-de-propiedad\/#breadcrumb"},"inLanguage":"es","potentialAction":[{"@type":"ReadAction","target":["https:\/\/diarioprincipios.com\/index.php\/2023\/03\/15\/nueva-firma-de-tramites-de-propiedad\/"]}]},{"@type":"ImageObject","inLanguage":"es","@id":"https:\/\/diarioprincipios.com\/index.php\/2023\/03\/15\/nueva-firma-de-tramites-de-propiedad\/#primaryimage","url":"https:\/\/diarioprincipios.com\/wp-content\/uploads\/2023\/03\/BERAZATEGUI.-SE-FIRMARON-49-TRAMITES-DE-PROPIEDAD-2.jpg","contentUrl":"https:\/\/diarioprincipios.com\/wp-content\/uploads\/2023\/03\/BERAZATEGUI.-SE-FIRMARON-49-TRAMITES-DE-PROPIEDAD-2.jpg","width":1920,"height":1280},{"@type":"BreadcrumbList","@id":"https:\/\/diarioprincipios.com\/index.php\/2023\/03\/15\/nueva-firma-de-tramites-de-propiedad\/#breadcrumb","itemListElement":[{"@type":"ListItem","position":1,"name":"Portada","item":"https:\/\/diarioprincipios.com\/"},{"@type":"ListItem","position":2,"name":"Nueva firma de tr\u00e1mites de propiedad"}]},{"@type":"WebSite","@id":"https:\/\/diarioprincipios.com\/#website","url":"https:\/\/diarioprincipios.com\/","name":"Principios","description":"Principios Diario","publisher":{"@id":"https:\/\/diarioprincipios.com\/#organization"},"potentialAction":[{"@type":"SearchAction","target":{"@type":"EntryPoint","urlTemplate":"https:\/\/diarioprincipios.com\/?s={search_term_string}"},"query-input":{"@type":"PropertyValueSpecification","valueRequired":true,"valueName":"search_term_string"}}],"inLanguage":"es"},{"@type":"Organization","@id":"https:\/\/diarioprincipios.com\/#organization","name":"Principios","url":"https:\/\/diarioprincipios.com\/","logo":{"@type":"ImageObject","inLanguage":"es","@id":"https:\/\/diarioprincipios.com\/#\/schema\/logo\/image\/","url":"https:\/\/diarioprincipios.com\/wp-content\/uploads\/2024\/04\/cropped-www.diarioprincipios.com_-1.png","contentUrl":"https:\/\/diarioprincipios.com\/wp-content\/uploads\/2024\/04\/cropped-www.diarioprincipios.com_-1.png","width":5325,"height":1454,"caption":"Principios"},"image":{"@id":"https:\/\/diarioprincipios.com\/#\/schema\/logo\/image\/"}},{"@type":"Person","@id":"https:\/\/diarioprincipios.com\/#\/schema\/person\/436d5a1fd41a5e250e23ff5a6a7cb080","name":"Hern\u00e1n L\u00f3pez","image":{"@type":"ImageObject","inLanguage":"es","@id":"https:\/\/diarioprincipios.com\/wp-content\/litespeed\/avatar\/11ddfe5610ff3bd100522525b2571f48.jpg?ver=1777653193","url":"https:\/\/diarioprincipios.com\/wp-content\/litespeed\/avatar\/11ddfe5610ff3bd100522525b2571f48.jpg?ver=1777653193","contentUrl":"https:\/\/diarioprincipios.com\/wp-content\/litespeed\/avatar\/11ddfe5610ff3bd100522525b2571f48.jpg?ver=1777653193","caption":"Hern\u00e1n L\u00f3pez"},"url":"https:\/\/diarioprincipios.com\/index.php\/author\/hernan\/"}]}},"jetpack_featured_media_url":"https:\/\/diarioprincipios.com\/wp-content\/uploads\/2023\/03\/BERAZATEGUI.-SE-FIRMARON-49-TRAMITES-DE-PROPIEDAD-2.jpg","_links":{"self":[{"href":"https:\/\/diarioprincipios.com\/index.php\/wp-json\/wp\/v2\/posts\/16183","targetHints":{"allow":["GET"]}}],"collection":[{"href":"https:\/\/diarioprincipios.com\/index.php\/wp-json\/wp\/v2\/posts"}],"about":[{"href":"https:\/\/diarioprincipios.com\/index.php\/wp-json\/wp\/v2\/types\/post"}],"author":[{"embeddable":true,"href":"https:\/\/diarioprincipios.com\/index.php\/wp-json\/wp\/v2\/users\/2"}],"replies":[{"embeddable":true,"href":"https:\/\/diarioprincipios.com\/index.php\/wp-json\/wp\/v2\/comments?post=16183"}],"version-history":[{"count":1,"href":"https:\/\/diarioprincipios.com\/index.php\/wp-json\/wp\/v2\/posts\/16183\/revisions"}],"predecessor-version":[{"id":16185,"href":"https:\/\/diarioprincipios.com\/index.php\/wp-json\/wp\/v2\/posts\/16183\/revisions\/16185"}],"wp:featuredmedia":[{"embeddable":true,"href":"https:\/\/diarioprincipios.com\/index.php\/wp-json\/wp\/v2\/media\/16184"}],"wp:attachment":[{"href":"https:\/\/diarioprincipios.com\/index.php\/wp-json\/wp\/v2\/media?parent=16183"}],"wp:term":[{"taxonomy":"category","embeddable":true,"href":"https:\/\/diarioprincipios.com\/index.php\/wp-json\/wp\/v2\/categories?post=16183"},{"taxonomy":"post_tag","embeddable":true,"href":"https:\/\/diarioprincipios.com\/index.php\/wp-json\/wp\/v2\/tags?post=16183"}],"curies":[{"name":"wp","href":"https:\/\/api.w.org\/{rel}","templated":true}]}}