{"id":16166,"date":"2023-03-13T11:53:27","date_gmt":"2023-03-13T14:53:27","guid":{"rendered":"http:\/\/diarioprincipios.com\/?p=16166"},"modified":"2023-03-31T15:43:52","modified_gmt":"2023-03-31T18:43:52","slug":"rotundo-exito-del-curso-de-planilleros-de-la-asociacion-de-voley","status":"publish","type":"post","link":"https:\/\/diarioprincipios.com\/index.php\/2023\/03\/13\/rotundo-exito-del-curso-de-planilleros-de-la-asociacion-de-voley\/","title":{"rendered":"Rotundo \u00e9xito del Curso de Planilleros de la Asociaci\u00f3n de Voley"},"content":{"rendered":"\n<p>Con rotundo \u00e9xito se desarroll\u00f3 durante la primera quincena de este mes el Curso de Planilleros organizado por la Asociaci\u00f3n de Voley Capital Nacional del Vidrio, que preside Celia Cabrera y que brinda una oportunidad laboral a decenas de j\u00f3venes.<\/p>\n\n\n\n<figure class=\"wp-block-image size-large\"><img loading=\"lazy\" decoding=\"async\" width=\"1024\" height=\"774\" src=\"https:\/\/diarioprincipios.com\/wp-content\/uploads\/2023\/03\/Screenshot_20230313-103004_WhatsApp-1024x774.jpg\" alt=\"\" class=\"wp-image-16167\" srcset=\"https:\/\/diarioprincipios.com\/wp-content\/uploads\/2023\/03\/Screenshot_20230313-103004_WhatsApp-1024x774.jpg 1024w, https:\/\/diarioprincipios.com\/wp-content\/uploads\/2023\/03\/Screenshot_20230313-103004_WhatsApp-300x227.jpg 300w, https:\/\/diarioprincipios.com\/wp-content\/uploads\/2023\/03\/Screenshot_20230313-103004_WhatsApp-768x580.jpg 768w, https:\/\/diarioprincipios.com\/wp-content\/uploads\/2023\/03\/Screenshot_20230313-103004_WhatsApp.jpg 1080w\" sizes=\"auto, (max-width: 1024px) 100vw, 1024px\" \/><\/figure>\n\n\n\n<p>Las clases se dictaron el S\u00e1bado 4 de Marzo en un Sal\u00f3n cedido por la Secundaria N\u00b0 11 y el s\u00e1bado 11 de Marzo en un aula de la Escuela Primaria N\u00b0 36.<\/p>\n\n\n\n<p>\u00abNuestro primer agradecimiento es para Laura Barrag\u00e1n, directora de la Secundaria N\u00b0 11 y para la Directora y Vice de la Primaria 36, Susana Chiarelli y Susana Patizz\u00bb, se\u00f1al\u00f3 Celia Cabrera quien a su ves destac\u00f3 \u00abel apoyo que recibimos del Consejo Escolar de Berazategui, el cual fue importantismo para que podamos llavar adelante la actividad\u00bb.\u00a0<\/p>\n\n\n\n<figure class=\"wp-block-image size-large\"><img loading=\"lazy\" decoding=\"async\" width=\"1024\" height=\"768\" src=\"https:\/\/diarioprincipios.com\/wp-content\/uploads\/2023\/03\/Screenshot_20230313-103014_WhatsApp-1024x768.jpg\" alt=\"\" class=\"wp-image-16168\" srcset=\"https:\/\/diarioprincipios.com\/wp-content\/uploads\/2023\/03\/Screenshot_20230313-103014_WhatsApp-1024x768.jpg 1024w, https:\/\/diarioprincipios.com\/wp-content\/uploads\/2023\/03\/Screenshot_20230313-103014_WhatsApp-300x225.jpg 300w, https:\/\/diarioprincipios.com\/wp-content\/uploads\/2023\/03\/Screenshot_20230313-103014_WhatsApp-768x576.jpg 768w, https:\/\/diarioprincipios.com\/wp-content\/uploads\/2023\/03\/Screenshot_20230313-103014_WhatsApp.jpg 1080w\" sizes=\"auto, (max-width: 1024px) 100vw, 1024px\" \/><\/figure>\n\n\n\n<p>Bajo la coordinaci\u00f3n de la propia Celia Cabrera, el curso fue dictado por el profesor Alejandro Cachambi, y particip\u00f3 todo el cuerpo arbitral de la Asociaci\u00f3n de Voley Capital Nacional del Vidrio.<\/p>\n\n\n\n<p>El domingo 26 de marzo a las 9 horas se tomar\u00e1 el te\u00f3rico y practico a los participantes del curso.<\/p>\n\n\n\n<figure class=\"wp-block-image size-large\"><img loading=\"lazy\" decoding=\"async\" width=\"1024\" height=\"780\" src=\"https:\/\/diarioprincipios.com\/wp-content\/uploads\/2023\/03\/Screenshot_20230313-102914_WhatsApp-1024x780.jpg\" alt=\"\" class=\"wp-image-16169\" srcset=\"https:\/\/diarioprincipios.com\/wp-content\/uploads\/2023\/03\/Screenshot_20230313-102914_WhatsApp-1024x780.jpg 1024w, https:\/\/diarioprincipios.com\/wp-content\/uploads\/2023\/03\/Screenshot_20230313-102914_WhatsApp-300x229.jpg 300w, https:\/\/diarioprincipios.com\/wp-content\/uploads\/2023\/03\/Screenshot_20230313-102914_WhatsApp-768x585.jpg 768w, https:\/\/diarioprincipios.com\/wp-content\/uploads\/2023\/03\/Screenshot_20230313-102914_WhatsApp.jpg 1080w\" sizes=\"auto, (max-width: 1024px) 100vw, 1024px\" \/><\/figure>\n\n\n\n<p>\u00abHace unos d\u00edas estabamos sorprendidos por el \u00e9xito alcanzado en la inscripci\u00f3n, ahora lo estamos por el nivel logrado en el curso, el cual creemos fue muy bien aprovechado por los estudiantes, quienes el 26 de este mes estar\u00e1n rindiendo el te\u00f3rico y practico\u00bb, sostuvo Celia Cabrera, quien finalmente dijo que \u00abcontinuamos apostando a la capacitaci\u00f3n y la inserci\u00f3n laboral de los jovenes, nuestro trabajo es en todos los frentes porque entendemos que el deporte apunta al crecimiento integral de las personas, estamos muy contentos con lo logrado y vamos por m\u00e1s, por mucho m\u00e1s, siempre junto al excelente grupo de trabajo con el que contamos\u00bb.<\/p>\n","protected":false},"excerpt":{"rendered":"<p>Con rotundo \u00e9xito se desarroll\u00f3 durante la primera quincena de este mes el Curso de Planilleros organizado por la Asociaci\u00f3n de Voley Capital Nacional del Vidrio, que preside Celia Cabrera y que brinda una oportunidad laboral a decenas de j\u00f3venes. Las clases se dictaron el S\u00e1bado 4 de Marzo en un Sal\u00f3n cedido por la&#8230;<\/p>\n","protected":false},"author":2,"featured_media":16170,"comment_status":"open","ping_status":"open","sticky":false,"template":"","format":"standard","meta":{"footnotes":""},"categories":[6],"tags":[],"class_list":["post-16166","post","type-post","status-publish","format-standard","has-post-thumbnail","hentry","category-deportes"],"featured_image_src":"https:\/\/diarioprincipios.com\/wp-content\/uploads\/2023\/03\/Screenshot_20230313-102930_WhatsApp-1024x780.jpg","blog_images":{"medium":"https:\/\/diarioprincipios.com\/wp-content\/uploads\/2023\/03\/Screenshot_20230313-102930_WhatsApp-300x228.jpg","large":"https:\/\/diarioprincipios.com\/wp-content\/uploads\/2023\/03\/Screenshot_20230313-102930_WhatsApp-1024x780.jpg"},"ams_acf":[],"yoast_head":"<!-- This site is optimized with the Yoast SEO plugin v27.3 - https:\/\/yoast.com\/product\/yoast-seo-wordpress\/ -->\n<title>Rotundo \u00e9xito del Curso de Planilleros de la Asociaci\u00f3n de Voley - Principios<\/title>\n<meta name=\"robots\" content=\"index, follow, max-snippet:-1, max-image-preview:large, max-video-preview:-1\" \/>\n<link rel=\"canonical\" href=\"https:\/\/diarioprincipios.com\/index.php\/2023\/03\/13\/rotundo-exito-del-curso-de-planilleros-de-la-asociacion-de-voley\/\" \/>\n<meta property=\"og:locale\" content=\"es_ES\" \/>\n<meta property=\"og:type\" content=\"article\" \/>\n<meta property=\"og:title\" content=\"Rotundo \u00e9xito del Curso de Planilleros de la Asociaci\u00f3n de Voley - Principios\" \/>\n<meta property=\"og:description\" content=\"Con rotundo \u00e9xito se desarroll\u00f3 durante la primera quincena de este mes el Curso de Planilleros organizado por la Asociaci\u00f3n de Voley Capital Nacional del Vidrio, que preside Celia Cabrera y que brinda una oportunidad laboral a decenas de j\u00f3venes. Las clases se dictaron el S\u00e1bado 4 de Marzo en un Sal\u00f3n cedido por la...\" \/>\n<meta property=\"og:url\" content=\"https:\/\/diarioprincipios.com\/index.php\/2023\/03\/13\/rotundo-exito-del-curso-de-planilleros-de-la-asociacion-de-voley\/\" \/>\n<meta property=\"og:site_name\" content=\"Principios\" \/>\n<meta property=\"article:published_time\" content=\"2023-03-13T14:53:27+00:00\" \/>\n<meta property=\"article:modified_time\" content=\"2023-03-31T18:43:52+00:00\" \/>\n<meta property=\"og:image\" content=\"https:\/\/diarioprincipios.com\/wp-content\/uploads\/2023\/03\/Screenshot_20230313-102930_WhatsApp.jpg\" \/>\n\t<meta property=\"og:image:width\" content=\"1061\" \/>\n\t<meta property=\"og:image:height\" content=\"808\" \/>\n\t<meta property=\"og:image:type\" content=\"image\/jpeg\" \/>\n<meta name=\"author\" content=\"Hern\u00e1n L\u00f3pez\" \/>\n<meta name=\"twitter:card\" content=\"summary_large_image\" \/>\n<meta name=\"twitter:label1\" content=\"Escrito por\" \/>\n\t<meta name=\"twitter:data1\" content=\"Hern\u00e1n L\u00f3pez\" \/>\n\t<meta name=\"twitter:label2\" content=\"Tiempo de lectura\" \/>\n\t<meta name=\"twitter:data2\" content=\"2 minutos\" \/>\n<script type=\"application\/ld+json\" class=\"yoast-schema-graph\">{\"@context\":\"https:\\\/\\\/schema.org\",\"@graph\":[{\"@type\":\"Article\",\"@id\":\"https:\\\/\\\/diarioprincipios.com\\\/index.php\\\/2023\\\/03\\\/13\\\/rotundo-exito-del-curso-de-planilleros-de-la-asociacion-de-voley\\\/#article\",\"isPartOf\":{\"@id\":\"https:\\\/\\\/diarioprincipios.com\\\/index.php\\\/2023\\\/03\\\/13\\\/rotundo-exito-del-curso-de-planilleros-de-la-asociacion-de-voley\\\/\"},\"author\":{\"name\":\"Hern\u00e1n L\u00f3pez\",\"@id\":\"https:\\\/\\\/diarioprincipios.com\\\/#\\\/schema\\\/person\\\/436d5a1fd41a5e250e23ff5a6a7cb080\"},\"headline\":\"Rotundo \u00e9xito del Curso de Planilleros de la Asociaci\u00f3n de Voley\",\"datePublished\":\"2023-03-13T14:53:27+00:00\",\"dateModified\":\"2023-03-31T18:43:52+00:00\",\"mainEntityOfPage\":{\"@id\":\"https:\\\/\\\/diarioprincipios.com\\\/index.php\\\/2023\\\/03\\\/13\\\/rotundo-exito-del-curso-de-planilleros-de-la-asociacion-de-voley\\\/\"},\"wordCount\":308,\"commentCount\":0,\"publisher\":{\"@id\":\"https:\\\/\\\/diarioprincipios.com\\\/#organization\"},\"image\":{\"@id\":\"https:\\\/\\\/diarioprincipios.com\\\/index.php\\\/2023\\\/03\\\/13\\\/rotundo-exito-del-curso-de-planilleros-de-la-asociacion-de-voley\\\/#primaryimage\"},\"thumbnailUrl\":\"https:\\\/\\\/diarioprincipios.com\\\/wp-content\\\/uploads\\\/2023\\\/03\\\/Screenshot_20230313-102930_WhatsApp.jpg\",\"articleSection\":[\"Deportes\"],\"inLanguage\":\"es\",\"potentialAction\":[{\"@type\":\"CommentAction\",\"name\":\"Comment\",\"target\":[\"https:\\\/\\\/diarioprincipios.com\\\/index.php\\\/2023\\\/03\\\/13\\\/rotundo-exito-del-curso-de-planilleros-de-la-asociacion-de-voley\\\/#respond\"]}]},{\"@type\":\"WebPage\",\"@id\":\"https:\\\/\\\/diarioprincipios.com\\\/index.php\\\/2023\\\/03\\\/13\\\/rotundo-exito-del-curso-de-planilleros-de-la-asociacion-de-voley\\\/\",\"url\":\"https:\\\/\\\/diarioprincipios.com\\\/index.php\\\/2023\\\/03\\\/13\\\/rotundo-exito-del-curso-de-planilleros-de-la-asociacion-de-voley\\\/\",\"name\":\"Rotundo \u00e9xito del Curso de Planilleros de la Asociaci\u00f3n de Voley - Principios\",\"isPartOf\":{\"@id\":\"https:\\\/\\\/diarioprincipios.com\\\/#website\"},\"primaryImageOfPage\":{\"@id\":\"https:\\\/\\\/diarioprincipios.com\\\/index.php\\\/2023\\\/03\\\/13\\\/rotundo-exito-del-curso-de-planilleros-de-la-asociacion-de-voley\\\/#primaryimage\"},\"image\":{\"@id\":\"https:\\\/\\\/diarioprincipios.com\\\/index.php\\\/2023\\\/03\\\/13\\\/rotundo-exito-del-curso-de-planilleros-de-la-asociacion-de-voley\\\/#primaryimage\"},\"thumbnailUrl\":\"https:\\\/\\\/diarioprincipios.com\\\/wp-content\\\/uploads\\\/2023\\\/03\\\/Screenshot_20230313-102930_WhatsApp.jpg\",\"datePublished\":\"2023-03-13T14:53:27+00:00\",\"dateModified\":\"2023-03-31T18:43:52+00:00\",\"breadcrumb\":{\"@id\":\"https:\\\/\\\/diarioprincipios.com\\\/index.php\\\/2023\\\/03\\\/13\\\/rotundo-exito-del-curso-de-planilleros-de-la-asociacion-de-voley\\\/#breadcrumb\"},\"inLanguage\":\"es\",\"potentialAction\":[{\"@type\":\"ReadAction\",\"target\":[\"https:\\\/\\\/diarioprincipios.com\\\/index.php\\\/2023\\\/03\\\/13\\\/rotundo-exito-del-curso-de-planilleros-de-la-asociacion-de-voley\\\/\"]}]},{\"@type\":\"ImageObject\",\"inLanguage\":\"es\",\"@id\":\"https:\\\/\\\/diarioprincipios.com\\\/index.php\\\/2023\\\/03\\\/13\\\/rotundo-exito-del-curso-de-planilleros-de-la-asociacion-de-voley\\\/#primaryimage\",\"url\":\"https:\\\/\\\/diarioprincipios.com\\\/wp-content\\\/uploads\\\/2023\\\/03\\\/Screenshot_20230313-102930_WhatsApp.jpg\",\"contentUrl\":\"https:\\\/\\\/diarioprincipios.com\\\/wp-content\\\/uploads\\\/2023\\\/03\\\/Screenshot_20230313-102930_WhatsApp.jpg\",\"width\":1061,\"height\":808},{\"@type\":\"BreadcrumbList\",\"@id\":\"https:\\\/\\\/diarioprincipios.com\\\/index.php\\\/2023\\\/03\\\/13\\\/rotundo-exito-del-curso-de-planilleros-de-la-asociacion-de-voley\\\/#breadcrumb\",\"itemListElement\":[{\"@type\":\"ListItem\",\"position\":1,\"name\":\"Portada\",\"item\":\"https:\\\/\\\/diarioprincipios.com\\\/\"},{\"@type\":\"ListItem\",\"position\":2,\"name\":\"Rotundo \u00e9xito del Curso de Planilleros de la Asociaci\u00f3n de Voley\"}]},{\"@type\":\"WebSite\",\"@id\":\"https:\\\/\\\/diarioprincipios.com\\\/#website\",\"url\":\"https:\\\/\\\/diarioprincipios.com\\\/\",\"name\":\"Principios\",\"description\":\"Principios Diario\",\"publisher\":{\"@id\":\"https:\\\/\\\/diarioprincipios.com\\\/#organization\"},\"potentialAction\":[{\"@type\":\"SearchAction\",\"target\":{\"@type\":\"EntryPoint\",\"urlTemplate\":\"https:\\\/\\\/diarioprincipios.com\\\/?s={search_term_string}\"},\"query-input\":{\"@type\":\"PropertyValueSpecification\",\"valueRequired\":true,\"valueName\":\"search_term_string\"}}],\"inLanguage\":\"es\"},{\"@type\":\"Organization\",\"@id\":\"https:\\\/\\\/diarioprincipios.com\\\/#organization\",\"name\":\"Principios\",\"url\":\"https:\\\/\\\/diarioprincipios.com\\\/\",\"logo\":{\"@type\":\"ImageObject\",\"inLanguage\":\"es\",\"@id\":\"https:\\\/\\\/diarioprincipios.com\\\/#\\\/schema\\\/logo\\\/image\\\/\",\"url\":\"https:\\\/\\\/diarioprincipios.com\\\/wp-content\\\/uploads\\\/2024\\\/04\\\/cropped-www.diarioprincipios.com_-1.png\",\"contentUrl\":\"https:\\\/\\\/diarioprincipios.com\\\/wp-content\\\/uploads\\\/2024\\\/04\\\/cropped-www.diarioprincipios.com_-1.png\",\"width\":5325,\"height\":1454,\"caption\":\"Principios\"},\"image\":{\"@id\":\"https:\\\/\\\/diarioprincipios.com\\\/#\\\/schema\\\/logo\\\/image\\\/\"}},{\"@type\":\"Person\",\"@id\":\"https:\\\/\\\/diarioprincipios.com\\\/#\\\/schema\\\/person\\\/436d5a1fd41a5e250e23ff5a6a7cb080\",\"name\":\"Hern\u00e1n L\u00f3pez\",\"image\":{\"@type\":\"ImageObject\",\"inLanguage\":\"es\",\"@id\":\"https:\\\/\\\/diarioprincipios.com\\\/wp-content\\\/litespeed\\\/avatar\\\/11ddfe5610ff3bd100522525b2571f48.jpg?ver=1777048341\",\"url\":\"https:\\\/\\\/diarioprincipios.com\\\/wp-content\\\/litespeed\\\/avatar\\\/11ddfe5610ff3bd100522525b2571f48.jpg?ver=1777048341\",\"contentUrl\":\"https:\\\/\\\/diarioprincipios.com\\\/wp-content\\\/litespeed\\\/avatar\\\/11ddfe5610ff3bd100522525b2571f48.jpg?ver=1777048341\",\"caption\":\"Hern\u00e1n L\u00f3pez\"},\"url\":\"https:\\\/\\\/diarioprincipios.com\\\/index.php\\\/author\\\/hernan\\\/\"}]}<\/script>\n<!-- \/ Yoast SEO plugin. -->","yoast_head_json":{"title":"Rotundo \u00e9xito del Curso de Planilleros de la Asociaci\u00f3n de Voley - Principios","robots":{"index":"index","follow":"follow","max-snippet":"max-snippet:-1","max-image-preview":"max-image-preview:large","max-video-preview":"max-video-preview:-1"},"canonical":"https:\/\/diarioprincipios.com\/index.php\/2023\/03\/13\/rotundo-exito-del-curso-de-planilleros-de-la-asociacion-de-voley\/","og_locale":"es_ES","og_type":"article","og_title":"Rotundo \u00e9xito del Curso de Planilleros de la Asociaci\u00f3n de Voley - Principios","og_description":"Con rotundo \u00e9xito se desarroll\u00f3 durante la primera quincena de este mes el Curso de Planilleros organizado por la Asociaci\u00f3n de Voley Capital Nacional del Vidrio, que preside Celia Cabrera y que brinda una oportunidad laboral a decenas de j\u00f3venes. Las clases se dictaron el S\u00e1bado 4 de Marzo en un Sal\u00f3n cedido por la...","og_url":"https:\/\/diarioprincipios.com\/index.php\/2023\/03\/13\/rotundo-exito-del-curso-de-planilleros-de-la-asociacion-de-voley\/","og_site_name":"Principios","article_published_time":"2023-03-13T14:53:27+00:00","article_modified_time":"2023-03-31T18:43:52+00:00","og_image":[{"width":1061,"height":808,"url":"https:\/\/diarioprincipios.com\/wp-content\/uploads\/2023\/03\/Screenshot_20230313-102930_WhatsApp.jpg","type":"image\/jpeg"}],"author":"Hern\u00e1n L\u00f3pez","twitter_card":"summary_large_image","twitter_misc":{"Escrito por":"Hern\u00e1n L\u00f3pez","Tiempo de lectura":"2 minutos"},"schema":{"@context":"https:\/\/schema.org","@graph":[{"@type":"Article","@id":"https:\/\/diarioprincipios.com\/index.php\/2023\/03\/13\/rotundo-exito-del-curso-de-planilleros-de-la-asociacion-de-voley\/#article","isPartOf":{"@id":"https:\/\/diarioprincipios.com\/index.php\/2023\/03\/13\/rotundo-exito-del-curso-de-planilleros-de-la-asociacion-de-voley\/"},"author":{"name":"Hern\u00e1n L\u00f3pez","@id":"https:\/\/diarioprincipios.com\/#\/schema\/person\/436d5a1fd41a5e250e23ff5a6a7cb080"},"headline":"Rotundo \u00e9xito del Curso de Planilleros de la Asociaci\u00f3n de Voley","datePublished":"2023-03-13T14:53:27+00:00","dateModified":"2023-03-31T18:43:52+00:00","mainEntityOfPage":{"@id":"https:\/\/diarioprincipios.com\/index.php\/2023\/03\/13\/rotundo-exito-del-curso-de-planilleros-de-la-asociacion-de-voley\/"},"wordCount":308,"commentCount":0,"publisher":{"@id":"https:\/\/diarioprincipios.com\/#organization"},"image":{"@id":"https:\/\/diarioprincipios.com\/index.php\/2023\/03\/13\/rotundo-exito-del-curso-de-planilleros-de-la-asociacion-de-voley\/#primaryimage"},"thumbnailUrl":"https:\/\/diarioprincipios.com\/wp-content\/uploads\/2023\/03\/Screenshot_20230313-102930_WhatsApp.jpg","articleSection":["Deportes"],"inLanguage":"es","potentialAction":[{"@type":"CommentAction","name":"Comment","target":["https:\/\/diarioprincipios.com\/index.php\/2023\/03\/13\/rotundo-exito-del-curso-de-planilleros-de-la-asociacion-de-voley\/#respond"]}]},{"@type":"WebPage","@id":"https:\/\/diarioprincipios.com\/index.php\/2023\/03\/13\/rotundo-exito-del-curso-de-planilleros-de-la-asociacion-de-voley\/","url":"https:\/\/diarioprincipios.com\/index.php\/2023\/03\/13\/rotundo-exito-del-curso-de-planilleros-de-la-asociacion-de-voley\/","name":"Rotundo \u00e9xito del Curso de Planilleros de la Asociaci\u00f3n de Voley - Principios","isPartOf":{"@id":"https:\/\/diarioprincipios.com\/#website"},"primaryImageOfPage":{"@id":"https:\/\/diarioprincipios.com\/index.php\/2023\/03\/13\/rotundo-exito-del-curso-de-planilleros-de-la-asociacion-de-voley\/#primaryimage"},"image":{"@id":"https:\/\/diarioprincipios.com\/index.php\/2023\/03\/13\/rotundo-exito-del-curso-de-planilleros-de-la-asociacion-de-voley\/#primaryimage"},"thumbnailUrl":"https:\/\/diarioprincipios.com\/wp-content\/uploads\/2023\/03\/Screenshot_20230313-102930_WhatsApp.jpg","datePublished":"2023-03-13T14:53:27+00:00","dateModified":"2023-03-31T18:43:52+00:00","breadcrumb":{"@id":"https:\/\/diarioprincipios.com\/index.php\/2023\/03\/13\/rotundo-exito-del-curso-de-planilleros-de-la-asociacion-de-voley\/#breadcrumb"},"inLanguage":"es","potentialAction":[{"@type":"ReadAction","target":["https:\/\/diarioprincipios.com\/index.php\/2023\/03\/13\/rotundo-exito-del-curso-de-planilleros-de-la-asociacion-de-voley\/"]}]},{"@type":"ImageObject","inLanguage":"es","@id":"https:\/\/diarioprincipios.com\/index.php\/2023\/03\/13\/rotundo-exito-del-curso-de-planilleros-de-la-asociacion-de-voley\/#primaryimage","url":"https:\/\/diarioprincipios.com\/wp-content\/uploads\/2023\/03\/Screenshot_20230313-102930_WhatsApp.jpg","contentUrl":"https:\/\/diarioprincipios.com\/wp-content\/uploads\/2023\/03\/Screenshot_20230313-102930_WhatsApp.jpg","width":1061,"height":808},{"@type":"BreadcrumbList","@id":"https:\/\/diarioprincipios.com\/index.php\/2023\/03\/13\/rotundo-exito-del-curso-de-planilleros-de-la-asociacion-de-voley\/#breadcrumb","itemListElement":[{"@type":"ListItem","position":1,"name":"Portada","item":"https:\/\/diarioprincipios.com\/"},{"@type":"ListItem","position":2,"name":"Rotundo \u00e9xito del Curso de Planilleros de la Asociaci\u00f3n de Voley"}]},{"@type":"WebSite","@id":"https:\/\/diarioprincipios.com\/#website","url":"https:\/\/diarioprincipios.com\/","name":"Principios","description":"Principios Diario","publisher":{"@id":"https:\/\/diarioprincipios.com\/#organization"},"potentialAction":[{"@type":"SearchAction","target":{"@type":"EntryPoint","urlTemplate":"https:\/\/diarioprincipios.com\/?s={search_term_string}"},"query-input":{"@type":"PropertyValueSpecification","valueRequired":true,"valueName":"search_term_string"}}],"inLanguage":"es"},{"@type":"Organization","@id":"https:\/\/diarioprincipios.com\/#organization","name":"Principios","url":"https:\/\/diarioprincipios.com\/","logo":{"@type":"ImageObject","inLanguage":"es","@id":"https:\/\/diarioprincipios.com\/#\/schema\/logo\/image\/","url":"https:\/\/diarioprincipios.com\/wp-content\/uploads\/2024\/04\/cropped-www.diarioprincipios.com_-1.png","contentUrl":"https:\/\/diarioprincipios.com\/wp-content\/uploads\/2024\/04\/cropped-www.diarioprincipios.com_-1.png","width":5325,"height":1454,"caption":"Principios"},"image":{"@id":"https:\/\/diarioprincipios.com\/#\/schema\/logo\/image\/"}},{"@type":"Person","@id":"https:\/\/diarioprincipios.com\/#\/schema\/person\/436d5a1fd41a5e250e23ff5a6a7cb080","name":"Hern\u00e1n L\u00f3pez","image":{"@type":"ImageObject","inLanguage":"es","@id":"https:\/\/diarioprincipios.com\/wp-content\/litespeed\/avatar\/11ddfe5610ff3bd100522525b2571f48.jpg?ver=1777048341","url":"https:\/\/diarioprincipios.com\/wp-content\/litespeed\/avatar\/11ddfe5610ff3bd100522525b2571f48.jpg?ver=1777048341","contentUrl":"https:\/\/diarioprincipios.com\/wp-content\/litespeed\/avatar\/11ddfe5610ff3bd100522525b2571f48.jpg?ver=1777048341","caption":"Hern\u00e1n L\u00f3pez"},"url":"https:\/\/diarioprincipios.com\/index.php\/author\/hernan\/"}]}},"jetpack_featured_media_url":"https:\/\/diarioprincipios.com\/wp-content\/uploads\/2023\/03\/Screenshot_20230313-102930_WhatsApp.jpg","_links":{"self":[{"href":"https:\/\/diarioprincipios.com\/index.php\/wp-json\/wp\/v2\/posts\/16166","targetHints":{"allow":["GET"]}}],"collection":[{"href":"https:\/\/diarioprincipios.com\/index.php\/wp-json\/wp\/v2\/posts"}],"about":[{"href":"https:\/\/diarioprincipios.com\/index.php\/wp-json\/wp\/v2\/types\/post"}],"author":[{"embeddable":true,"href":"https:\/\/diarioprincipios.com\/index.php\/wp-json\/wp\/v2\/users\/2"}],"replies":[{"embeddable":true,"href":"https:\/\/diarioprincipios.com\/index.php\/wp-json\/wp\/v2\/comments?post=16166"}],"version-history":[{"count":1,"href":"https:\/\/diarioprincipios.com\/index.php\/wp-json\/wp\/v2\/posts\/16166\/revisions"}],"predecessor-version":[{"id":16171,"href":"https:\/\/diarioprincipios.com\/index.php\/wp-json\/wp\/v2\/posts\/16166\/revisions\/16171"}],"wp:featuredmedia":[{"embeddable":true,"href":"https:\/\/diarioprincipios.com\/index.php\/wp-json\/wp\/v2\/media\/16170"}],"wp:attachment":[{"href":"https:\/\/diarioprincipios.com\/index.php\/wp-json\/wp\/v2\/media?parent=16166"}],"wp:term":[{"taxonomy":"category","embeddable":true,"href":"https:\/\/diarioprincipios.com\/index.php\/wp-json\/wp\/v2\/categories?post=16166"},{"taxonomy":"post_tag","embeddable":true,"href":"https:\/\/diarioprincipios.com\/index.php\/wp-json\/wp\/v2\/tags?post=16166"}],"curies":[{"name":"wp","href":"https:\/\/api.w.org\/{rel}","templated":true}]}}