{"id":16158,"date":"2023-03-13T11:31:48","date_gmt":"2023-03-13T14:31:48","guid":{"rendered":"http:\/\/diarioprincipios.com\/?p=16158"},"modified":"2023-03-31T15:43:34","modified_gmt":"2023-03-31T18:43:34","slug":"ferraresi-inauguro-el-parque-del-rio-en-la-costa-de-villa-dominico","status":"publish","type":"post","link":"https:\/\/diarioprincipios.com\/index.php\/2023\/03\/13\/ferraresi-inauguro-el-parque-del-rio-en-la-costa-de-villa-dominico\/","title":{"rendered":"Ferraresi inaugur\u00f3 el Parque del R\u00edo en la costa de Villa Dominico"},"content":{"rendered":"\n<p>La Municipalidad de Avellaneda sigue recuperando espacios de cara al r\u00edo, para nuestra comunidad.<\/p>\n\n\n\n<p>Con un gran festival y enorme concurrencia de vecinos, el intendente de Avellaneda, Jorge Ferraresi, encabez\u00f3 la inauguraci\u00f3n del Parque del R\u00edo, ubicado sobre la costa de Villa Dom\u00ednico.<\/p>\n\n\n\n<figure class=\"wp-block-image size-large\"><img loading=\"lazy\" decoding=\"async\" width=\"1024\" height=\"681\" src=\"https:\/\/diarioprincipios.com\/wp-content\/uploads\/2023\/03\/336286200_530556215658859_172453111597283972_n-1024x681.jpg\" alt=\"\" class=\"wp-image-16159\" srcset=\"https:\/\/diarioprincipios.com\/wp-content\/uploads\/2023\/03\/336286200_530556215658859_172453111597283972_n-1024x681.jpg 1024w, https:\/\/diarioprincipios.com\/wp-content\/uploads\/2023\/03\/336286200_530556215658859_172453111597283972_n-300x200.jpg 300w, https:\/\/diarioprincipios.com\/wp-content\/uploads\/2023\/03\/336286200_530556215658859_172453111597283972_n-768x511.jpg 768w, https:\/\/diarioprincipios.com\/wp-content\/uploads\/2023\/03\/336286200_530556215658859_172453111597283972_n-1536x1021.jpg 1536w, https:\/\/diarioprincipios.com\/wp-content\/uploads\/2023\/03\/336286200_530556215658859_172453111597283972_n.jpg 1600w\" sizes=\"auto, (max-width: 1024px) 100vw, 1024px\" \/><\/figure>\n\n\n\n<p>Este espacio p\u00fablico fue construido sobre un terreno frente a la costa y en el cual se instalaron espacios recreativos, una plaza de juegos para ni\u00f1as y ni\u00f1os y un estacionamiento para los vecinos que se acerquen a disfrutar el d\u00eda con sus veh\u00edculos.<\/p>\n\n\n\n<p>De esta forma se le da continuidad a un proceso iniciado con la Eco \u00c1rea, una reserva natural abierta como paseo al p\u00fablico en 2018, que reanud\u00f3 la vinculaci\u00f3n de la ciudad con el r\u00edo.<\/p>\n\n\n\n<p>Ferraresi convers\u00f3 con la comunidad y recorri\u00f3 el predio, donde estaban instalados diferentes stands de las \u00e1reas municipales, brindando asesoramiento sobre tr\u00e1mites y servicios que brinda la Comuna.<\/p>\n\n\n\n<figure class=\"wp-block-image size-large\"><img loading=\"lazy\" decoding=\"async\" width=\"1024\" height=\"681\" src=\"https:\/\/diarioprincipios.com\/wp-content\/uploads\/2023\/03\/335067124_650872540140788_6876840503176547953_n-1024x681.jpg\" alt=\"\" class=\"wp-image-16160\" srcset=\"https:\/\/diarioprincipios.com\/wp-content\/uploads\/2023\/03\/335067124_650872540140788_6876840503176547953_n-1024x681.jpg 1024w, https:\/\/diarioprincipios.com\/wp-content\/uploads\/2023\/03\/335067124_650872540140788_6876840503176547953_n-300x199.jpg 300w, https:\/\/diarioprincipios.com\/wp-content\/uploads\/2023\/03\/335067124_650872540140788_6876840503176547953_n-768x511.jpg 768w, https:\/\/diarioprincipios.com\/wp-content\/uploads\/2023\/03\/335067124_650872540140788_6876840503176547953_n-1536x1021.jpg 1536w, https:\/\/diarioprincipios.com\/wp-content\/uploads\/2023\/03\/335067124_650872540140788_6876840503176547953_n.jpg 1540w\" sizes=\"auto, (max-width: 1024px) 100vw, 1024px\" \/><\/figure>\n\n\n\n<p>Hubo micros que trasladaron a los vecinos y vecinas que no cuentan con transporte propio, que salieron desde Sarand\u00ed y llevaron al p\u00fablico hasta el predio. Y una bicicleteada que cont\u00f3 con una gran participaci\u00f3n de la comunidad.<\/p>\n\n\n\n<p>Adem\u00e1s se llev\u00f3 a cabo un festival art\u00edstico con la presentaci\u00f3n de distintos grupos musicales y una clase de zumba abierta al p\u00fablico.<\/p>\n\n\n\n<p>Asimismo, durante la jornada Ferraresi entreg\u00f3 una vivienda modular sustentable, construida en el lugar.<\/p>\n\n\n\n<p>Estuvieron presentes el titular del HCD, Hugo Barrueco; y los secretarios de Obras P\u00fablicas, Gast\u00f3n Seillan; de Desarrollo Territorial y H\u00e1bitat, M\u00f3nica Ghirelli; de Desarrollo Social, Romina Barreiro; de Deportes, Sebasti\u00e1n Vidal, el subsecretario de Cultura, Federico Bonaldi y otros funcionarios, adem\u00e1s de los bomberos de Dom\u00ednico-Wilde quienes colaboraron para refrescar a los presentes durante la tarde de calor.<\/p>\n","protected":false},"excerpt":{"rendered":"<p>La Municipalidad de Avellaneda sigue recuperando espacios de cara al r\u00edo, para nuestra comunidad. Con un gran festival y enorme concurrencia de vecinos, el intendente de Avellaneda, Jorge Ferraresi, encabez\u00f3 la inauguraci\u00f3n del Parque del R\u00edo, ubicado sobre la costa de Villa Dom\u00ednico. Este espacio p\u00fablico fue construido sobre un terreno frente a la costa&#8230;<\/p>\n","protected":false},"author":2,"featured_media":16161,"comment_status":"open","ping_status":"open","sticky":false,"template":"","format":"standard","meta":{"footnotes":""},"categories":[5],"tags":[],"class_list":["post-16158","post","type-post","status-publish","format-standard","has-post-thumbnail","hentry","category-avellaneda"],"featured_image_src":"https:\/\/diarioprincipios.com\/wp-content\/uploads\/2023\/03\/335087258_925403098612869_6892991907848296508_n-1024x681.jpg","blog_images":{"medium":"https:\/\/diarioprincipios.com\/wp-content\/uploads\/2023\/03\/335087258_925403098612869_6892991907848296508_n-300x200.jpg","large":"https:\/\/diarioprincipios.com\/wp-content\/uploads\/2023\/03\/335087258_925403098612869_6892991907848296508_n-1024x681.jpg"},"ams_acf":[],"yoast_head":"<!-- This site is optimized with the Yoast SEO plugin v27.3 - https:\/\/yoast.com\/product\/yoast-seo-wordpress\/ -->\n<title>Ferraresi inaugur\u00f3 el Parque del R\u00edo en la costa de Villa Dominico - Principios<\/title>\n<meta name=\"robots\" content=\"index, follow, max-snippet:-1, max-image-preview:large, max-video-preview:-1\" \/>\n<link rel=\"canonical\" href=\"https:\/\/diarioprincipios.com\/index.php\/2023\/03\/13\/ferraresi-inauguro-el-parque-del-rio-en-la-costa-de-villa-dominico\/\" \/>\n<meta property=\"og:locale\" content=\"es_ES\" \/>\n<meta property=\"og:type\" content=\"article\" \/>\n<meta property=\"og:title\" content=\"Ferraresi inaugur\u00f3 el Parque del R\u00edo en la costa de Villa Dominico - Principios\" \/>\n<meta property=\"og:description\" content=\"La Municipalidad de Avellaneda sigue recuperando espacios de cara al r\u00edo, para nuestra comunidad. Con un gran festival y enorme concurrencia de vecinos, el intendente de Avellaneda, Jorge Ferraresi, encabez\u00f3 la inauguraci\u00f3n del Parque del R\u00edo, ubicado sobre la costa de Villa Dom\u00ednico. Este espacio p\u00fablico fue construido sobre un terreno frente a la costa...\" \/>\n<meta property=\"og:url\" content=\"https:\/\/diarioprincipios.com\/index.php\/2023\/03\/13\/ferraresi-inauguro-el-parque-del-rio-en-la-costa-de-villa-dominico\/\" \/>\n<meta property=\"og:site_name\" content=\"Principios\" \/>\n<meta property=\"article:published_time\" content=\"2023-03-13T14:31:48+00:00\" \/>\n<meta property=\"article:modified_time\" content=\"2023-03-31T18:43:34+00:00\" \/>\n<meta property=\"og:image\" content=\"https:\/\/diarioprincipios.com\/wp-content\/uploads\/2023\/03\/335087258_925403098612869_6892991907848296508_n.jpg\" \/>\n\t<meta property=\"og:image:width\" content=\"1600\" \/>\n\t<meta property=\"og:image:height\" content=\"1064\" \/>\n\t<meta property=\"og:image:type\" content=\"image\/jpeg\" \/>\n<meta name=\"author\" content=\"Hern\u00e1n L\u00f3pez\" \/>\n<meta name=\"twitter:card\" content=\"summary_large_image\" \/>\n<meta name=\"twitter:label1\" content=\"Escrito por\" \/>\n\t<meta name=\"twitter:data1\" content=\"Hern\u00e1n L\u00f3pez\" \/>\n\t<meta name=\"twitter:label2\" content=\"Tiempo de lectura\" \/>\n\t<meta name=\"twitter:data2\" content=\"2 minutos\" \/>\n<script type=\"application\/ld+json\" class=\"yoast-schema-graph\">{\"@context\":\"https:\\\/\\\/schema.org\",\"@graph\":[{\"@type\":\"Article\",\"@id\":\"https:\\\/\\\/diarioprincipios.com\\\/index.php\\\/2023\\\/03\\\/13\\\/ferraresi-inauguro-el-parque-del-rio-en-la-costa-de-villa-dominico\\\/#article\",\"isPartOf\":{\"@id\":\"https:\\\/\\\/diarioprincipios.com\\\/index.php\\\/2023\\\/03\\\/13\\\/ferraresi-inauguro-el-parque-del-rio-en-la-costa-de-villa-dominico\\\/\"},\"author\":{\"name\":\"Hern\u00e1n L\u00f3pez\",\"@id\":\"https:\\\/\\\/diarioprincipios.com\\\/#\\\/schema\\\/person\\\/436d5a1fd41a5e250e23ff5a6a7cb080\"},\"headline\":\"Ferraresi inaugur\u00f3 el Parque del R\u00edo en la costa de Villa Dominico\",\"datePublished\":\"2023-03-13T14:31:48+00:00\",\"dateModified\":\"2023-03-31T18:43:34+00:00\",\"mainEntityOfPage\":{\"@id\":\"https:\\\/\\\/diarioprincipios.com\\\/index.php\\\/2023\\\/03\\\/13\\\/ferraresi-inauguro-el-parque-del-rio-en-la-costa-de-villa-dominico\\\/\"},\"wordCount\":322,\"commentCount\":0,\"publisher\":{\"@id\":\"https:\\\/\\\/diarioprincipios.com\\\/#organization\"},\"image\":{\"@id\":\"https:\\\/\\\/diarioprincipios.com\\\/index.php\\\/2023\\\/03\\\/13\\\/ferraresi-inauguro-el-parque-del-rio-en-la-costa-de-villa-dominico\\\/#primaryimage\"},\"thumbnailUrl\":\"https:\\\/\\\/diarioprincipios.com\\\/wp-content\\\/uploads\\\/2023\\\/03\\\/335087258_925403098612869_6892991907848296508_n.jpg\",\"articleSection\":[\"Avellaneda\"],\"inLanguage\":\"es\",\"potentialAction\":[{\"@type\":\"CommentAction\",\"name\":\"Comment\",\"target\":[\"https:\\\/\\\/diarioprincipios.com\\\/index.php\\\/2023\\\/03\\\/13\\\/ferraresi-inauguro-el-parque-del-rio-en-la-costa-de-villa-dominico\\\/#respond\"]}]},{\"@type\":\"WebPage\",\"@id\":\"https:\\\/\\\/diarioprincipios.com\\\/index.php\\\/2023\\\/03\\\/13\\\/ferraresi-inauguro-el-parque-del-rio-en-la-costa-de-villa-dominico\\\/\",\"url\":\"https:\\\/\\\/diarioprincipios.com\\\/index.php\\\/2023\\\/03\\\/13\\\/ferraresi-inauguro-el-parque-del-rio-en-la-costa-de-villa-dominico\\\/\",\"name\":\"Ferraresi inaugur\u00f3 el Parque del R\u00edo en la costa de Villa Dominico - Principios\",\"isPartOf\":{\"@id\":\"https:\\\/\\\/diarioprincipios.com\\\/#website\"},\"primaryImageOfPage\":{\"@id\":\"https:\\\/\\\/diarioprincipios.com\\\/index.php\\\/2023\\\/03\\\/13\\\/ferraresi-inauguro-el-parque-del-rio-en-la-costa-de-villa-dominico\\\/#primaryimage\"},\"image\":{\"@id\":\"https:\\\/\\\/diarioprincipios.com\\\/index.php\\\/2023\\\/03\\\/13\\\/ferraresi-inauguro-el-parque-del-rio-en-la-costa-de-villa-dominico\\\/#primaryimage\"},\"thumbnailUrl\":\"https:\\\/\\\/diarioprincipios.com\\\/wp-content\\\/uploads\\\/2023\\\/03\\\/335087258_925403098612869_6892991907848296508_n.jpg\",\"datePublished\":\"2023-03-13T14:31:48+00:00\",\"dateModified\":\"2023-03-31T18:43:34+00:00\",\"breadcrumb\":{\"@id\":\"https:\\\/\\\/diarioprincipios.com\\\/index.php\\\/2023\\\/03\\\/13\\\/ferraresi-inauguro-el-parque-del-rio-en-la-costa-de-villa-dominico\\\/#breadcrumb\"},\"inLanguage\":\"es\",\"potentialAction\":[{\"@type\":\"ReadAction\",\"target\":[\"https:\\\/\\\/diarioprincipios.com\\\/index.php\\\/2023\\\/03\\\/13\\\/ferraresi-inauguro-el-parque-del-rio-en-la-costa-de-villa-dominico\\\/\"]}]},{\"@type\":\"ImageObject\",\"inLanguage\":\"es\",\"@id\":\"https:\\\/\\\/diarioprincipios.com\\\/index.php\\\/2023\\\/03\\\/13\\\/ferraresi-inauguro-el-parque-del-rio-en-la-costa-de-villa-dominico\\\/#primaryimage\",\"url\":\"https:\\\/\\\/diarioprincipios.com\\\/wp-content\\\/uploads\\\/2023\\\/03\\\/335087258_925403098612869_6892991907848296508_n.jpg\",\"contentUrl\":\"https:\\\/\\\/diarioprincipios.com\\\/wp-content\\\/uploads\\\/2023\\\/03\\\/335087258_925403098612869_6892991907848296508_n.jpg\",\"width\":1600,\"height\":1064},{\"@type\":\"BreadcrumbList\",\"@id\":\"https:\\\/\\\/diarioprincipios.com\\\/index.php\\\/2023\\\/03\\\/13\\\/ferraresi-inauguro-el-parque-del-rio-en-la-costa-de-villa-dominico\\\/#breadcrumb\",\"itemListElement\":[{\"@type\":\"ListItem\",\"position\":1,\"name\":\"Portada\",\"item\":\"https:\\\/\\\/diarioprincipios.com\\\/\"},{\"@type\":\"ListItem\",\"position\":2,\"name\":\"Ferraresi inaugur\u00f3 el Parque del R\u00edo en la costa de Villa Dominico\"}]},{\"@type\":\"WebSite\",\"@id\":\"https:\\\/\\\/diarioprincipios.com\\\/#website\",\"url\":\"https:\\\/\\\/diarioprincipios.com\\\/\",\"name\":\"Principios\",\"description\":\"Principios Diario\",\"publisher\":{\"@id\":\"https:\\\/\\\/diarioprincipios.com\\\/#organization\"},\"potentialAction\":[{\"@type\":\"SearchAction\",\"target\":{\"@type\":\"EntryPoint\",\"urlTemplate\":\"https:\\\/\\\/diarioprincipios.com\\\/?s={search_term_string}\"},\"query-input\":{\"@type\":\"PropertyValueSpecification\",\"valueRequired\":true,\"valueName\":\"search_term_string\"}}],\"inLanguage\":\"es\"},{\"@type\":\"Organization\",\"@id\":\"https:\\\/\\\/diarioprincipios.com\\\/#organization\",\"name\":\"Principios\",\"url\":\"https:\\\/\\\/diarioprincipios.com\\\/\",\"logo\":{\"@type\":\"ImageObject\",\"inLanguage\":\"es\",\"@id\":\"https:\\\/\\\/diarioprincipios.com\\\/#\\\/schema\\\/logo\\\/image\\\/\",\"url\":\"https:\\\/\\\/diarioprincipios.com\\\/wp-content\\\/uploads\\\/2024\\\/04\\\/cropped-www.diarioprincipios.com_-1.png\",\"contentUrl\":\"https:\\\/\\\/diarioprincipios.com\\\/wp-content\\\/uploads\\\/2024\\\/04\\\/cropped-www.diarioprincipios.com_-1.png\",\"width\":5325,\"height\":1454,\"caption\":\"Principios\"},\"image\":{\"@id\":\"https:\\\/\\\/diarioprincipios.com\\\/#\\\/schema\\\/logo\\\/image\\\/\"}},{\"@type\":\"Person\",\"@id\":\"https:\\\/\\\/diarioprincipios.com\\\/#\\\/schema\\\/person\\\/436d5a1fd41a5e250e23ff5a6a7cb080\",\"name\":\"Hern\u00e1n L\u00f3pez\",\"image\":{\"@type\":\"ImageObject\",\"inLanguage\":\"es\",\"@id\":\"https:\\\/\\\/diarioprincipios.com\\\/wp-content\\\/litespeed\\\/avatar\\\/11ddfe5610ff3bd100522525b2571f48.jpg?ver=1777048341\",\"url\":\"https:\\\/\\\/diarioprincipios.com\\\/wp-content\\\/litespeed\\\/avatar\\\/11ddfe5610ff3bd100522525b2571f48.jpg?ver=1777048341\",\"contentUrl\":\"https:\\\/\\\/diarioprincipios.com\\\/wp-content\\\/litespeed\\\/avatar\\\/11ddfe5610ff3bd100522525b2571f48.jpg?ver=1777048341\",\"caption\":\"Hern\u00e1n L\u00f3pez\"},\"url\":\"https:\\\/\\\/diarioprincipios.com\\\/index.php\\\/author\\\/hernan\\\/\"}]}<\/script>\n<!-- \/ Yoast SEO plugin. -->","yoast_head_json":{"title":"Ferraresi inaugur\u00f3 el Parque del R\u00edo en la costa de Villa Dominico - Principios","robots":{"index":"index","follow":"follow","max-snippet":"max-snippet:-1","max-image-preview":"max-image-preview:large","max-video-preview":"max-video-preview:-1"},"canonical":"https:\/\/diarioprincipios.com\/index.php\/2023\/03\/13\/ferraresi-inauguro-el-parque-del-rio-en-la-costa-de-villa-dominico\/","og_locale":"es_ES","og_type":"article","og_title":"Ferraresi inaugur\u00f3 el Parque del R\u00edo en la costa de Villa Dominico - Principios","og_description":"La Municipalidad de Avellaneda sigue recuperando espacios de cara al r\u00edo, para nuestra comunidad. Con un gran festival y enorme concurrencia de vecinos, el intendente de Avellaneda, Jorge Ferraresi, encabez\u00f3 la inauguraci\u00f3n del Parque del R\u00edo, ubicado sobre la costa de Villa Dom\u00ednico. Este espacio p\u00fablico fue construido sobre un terreno frente a la costa...","og_url":"https:\/\/diarioprincipios.com\/index.php\/2023\/03\/13\/ferraresi-inauguro-el-parque-del-rio-en-la-costa-de-villa-dominico\/","og_site_name":"Principios","article_published_time":"2023-03-13T14:31:48+00:00","article_modified_time":"2023-03-31T18:43:34+00:00","og_image":[{"width":1600,"height":1064,"url":"https:\/\/diarioprincipios.com\/wp-content\/uploads\/2023\/03\/335087258_925403098612869_6892991907848296508_n.jpg","type":"image\/jpeg"}],"author":"Hern\u00e1n L\u00f3pez","twitter_card":"summary_large_image","twitter_misc":{"Escrito por":"Hern\u00e1n L\u00f3pez","Tiempo de lectura":"2 minutos"},"schema":{"@context":"https:\/\/schema.org","@graph":[{"@type":"Article","@id":"https:\/\/diarioprincipios.com\/index.php\/2023\/03\/13\/ferraresi-inauguro-el-parque-del-rio-en-la-costa-de-villa-dominico\/#article","isPartOf":{"@id":"https:\/\/diarioprincipios.com\/index.php\/2023\/03\/13\/ferraresi-inauguro-el-parque-del-rio-en-la-costa-de-villa-dominico\/"},"author":{"name":"Hern\u00e1n L\u00f3pez","@id":"https:\/\/diarioprincipios.com\/#\/schema\/person\/436d5a1fd41a5e250e23ff5a6a7cb080"},"headline":"Ferraresi inaugur\u00f3 el Parque del R\u00edo en la costa de Villa Dominico","datePublished":"2023-03-13T14:31:48+00:00","dateModified":"2023-03-31T18:43:34+00:00","mainEntityOfPage":{"@id":"https:\/\/diarioprincipios.com\/index.php\/2023\/03\/13\/ferraresi-inauguro-el-parque-del-rio-en-la-costa-de-villa-dominico\/"},"wordCount":322,"commentCount":0,"publisher":{"@id":"https:\/\/diarioprincipios.com\/#organization"},"image":{"@id":"https:\/\/diarioprincipios.com\/index.php\/2023\/03\/13\/ferraresi-inauguro-el-parque-del-rio-en-la-costa-de-villa-dominico\/#primaryimage"},"thumbnailUrl":"https:\/\/diarioprincipios.com\/wp-content\/uploads\/2023\/03\/335087258_925403098612869_6892991907848296508_n.jpg","articleSection":["Avellaneda"],"inLanguage":"es","potentialAction":[{"@type":"CommentAction","name":"Comment","target":["https:\/\/diarioprincipios.com\/index.php\/2023\/03\/13\/ferraresi-inauguro-el-parque-del-rio-en-la-costa-de-villa-dominico\/#respond"]}]},{"@type":"WebPage","@id":"https:\/\/diarioprincipios.com\/index.php\/2023\/03\/13\/ferraresi-inauguro-el-parque-del-rio-en-la-costa-de-villa-dominico\/","url":"https:\/\/diarioprincipios.com\/index.php\/2023\/03\/13\/ferraresi-inauguro-el-parque-del-rio-en-la-costa-de-villa-dominico\/","name":"Ferraresi inaugur\u00f3 el Parque del R\u00edo en la costa de Villa Dominico - Principios","isPartOf":{"@id":"https:\/\/diarioprincipios.com\/#website"},"primaryImageOfPage":{"@id":"https:\/\/diarioprincipios.com\/index.php\/2023\/03\/13\/ferraresi-inauguro-el-parque-del-rio-en-la-costa-de-villa-dominico\/#primaryimage"},"image":{"@id":"https:\/\/diarioprincipios.com\/index.php\/2023\/03\/13\/ferraresi-inauguro-el-parque-del-rio-en-la-costa-de-villa-dominico\/#primaryimage"},"thumbnailUrl":"https:\/\/diarioprincipios.com\/wp-content\/uploads\/2023\/03\/335087258_925403098612869_6892991907848296508_n.jpg","datePublished":"2023-03-13T14:31:48+00:00","dateModified":"2023-03-31T18:43:34+00:00","breadcrumb":{"@id":"https:\/\/diarioprincipios.com\/index.php\/2023\/03\/13\/ferraresi-inauguro-el-parque-del-rio-en-la-costa-de-villa-dominico\/#breadcrumb"},"inLanguage":"es","potentialAction":[{"@type":"ReadAction","target":["https:\/\/diarioprincipios.com\/index.php\/2023\/03\/13\/ferraresi-inauguro-el-parque-del-rio-en-la-costa-de-villa-dominico\/"]}]},{"@type":"ImageObject","inLanguage":"es","@id":"https:\/\/diarioprincipios.com\/index.php\/2023\/03\/13\/ferraresi-inauguro-el-parque-del-rio-en-la-costa-de-villa-dominico\/#primaryimage","url":"https:\/\/diarioprincipios.com\/wp-content\/uploads\/2023\/03\/335087258_925403098612869_6892991907848296508_n.jpg","contentUrl":"https:\/\/diarioprincipios.com\/wp-content\/uploads\/2023\/03\/335087258_925403098612869_6892991907848296508_n.jpg","width":1600,"height":1064},{"@type":"BreadcrumbList","@id":"https:\/\/diarioprincipios.com\/index.php\/2023\/03\/13\/ferraresi-inauguro-el-parque-del-rio-en-la-costa-de-villa-dominico\/#breadcrumb","itemListElement":[{"@type":"ListItem","position":1,"name":"Portada","item":"https:\/\/diarioprincipios.com\/"},{"@type":"ListItem","position":2,"name":"Ferraresi inaugur\u00f3 el Parque del R\u00edo en la costa de Villa Dominico"}]},{"@type":"WebSite","@id":"https:\/\/diarioprincipios.com\/#website","url":"https:\/\/diarioprincipios.com\/","name":"Principios","description":"Principios Diario","publisher":{"@id":"https:\/\/diarioprincipios.com\/#organization"},"potentialAction":[{"@type":"SearchAction","target":{"@type":"EntryPoint","urlTemplate":"https:\/\/diarioprincipios.com\/?s={search_term_string}"},"query-input":{"@type":"PropertyValueSpecification","valueRequired":true,"valueName":"search_term_string"}}],"inLanguage":"es"},{"@type":"Organization","@id":"https:\/\/diarioprincipios.com\/#organization","name":"Principios","url":"https:\/\/diarioprincipios.com\/","logo":{"@type":"ImageObject","inLanguage":"es","@id":"https:\/\/diarioprincipios.com\/#\/schema\/logo\/image\/","url":"https:\/\/diarioprincipios.com\/wp-content\/uploads\/2024\/04\/cropped-www.diarioprincipios.com_-1.png","contentUrl":"https:\/\/diarioprincipios.com\/wp-content\/uploads\/2024\/04\/cropped-www.diarioprincipios.com_-1.png","width":5325,"height":1454,"caption":"Principios"},"image":{"@id":"https:\/\/diarioprincipios.com\/#\/schema\/logo\/image\/"}},{"@type":"Person","@id":"https:\/\/diarioprincipios.com\/#\/schema\/person\/436d5a1fd41a5e250e23ff5a6a7cb080","name":"Hern\u00e1n L\u00f3pez","image":{"@type":"ImageObject","inLanguage":"es","@id":"https:\/\/diarioprincipios.com\/wp-content\/litespeed\/avatar\/11ddfe5610ff3bd100522525b2571f48.jpg?ver=1777048341","url":"https:\/\/diarioprincipios.com\/wp-content\/litespeed\/avatar\/11ddfe5610ff3bd100522525b2571f48.jpg?ver=1777048341","contentUrl":"https:\/\/diarioprincipios.com\/wp-content\/litespeed\/avatar\/11ddfe5610ff3bd100522525b2571f48.jpg?ver=1777048341","caption":"Hern\u00e1n L\u00f3pez"},"url":"https:\/\/diarioprincipios.com\/index.php\/author\/hernan\/"}]}},"jetpack_featured_media_url":"https:\/\/diarioprincipios.com\/wp-content\/uploads\/2023\/03\/335087258_925403098612869_6892991907848296508_n.jpg","_links":{"self":[{"href":"https:\/\/diarioprincipios.com\/index.php\/wp-json\/wp\/v2\/posts\/16158","targetHints":{"allow":["GET"]}}],"collection":[{"href":"https:\/\/diarioprincipios.com\/index.php\/wp-json\/wp\/v2\/posts"}],"about":[{"href":"https:\/\/diarioprincipios.com\/index.php\/wp-json\/wp\/v2\/types\/post"}],"author":[{"embeddable":true,"href":"https:\/\/diarioprincipios.com\/index.php\/wp-json\/wp\/v2\/users\/2"}],"replies":[{"embeddable":true,"href":"https:\/\/diarioprincipios.com\/index.php\/wp-json\/wp\/v2\/comments?post=16158"}],"version-history":[{"count":1,"href":"https:\/\/diarioprincipios.com\/index.php\/wp-json\/wp\/v2\/posts\/16158\/revisions"}],"predecessor-version":[{"id":16162,"href":"https:\/\/diarioprincipios.com\/index.php\/wp-json\/wp\/v2\/posts\/16158\/revisions\/16162"}],"wp:featuredmedia":[{"embeddable":true,"href":"https:\/\/diarioprincipios.com\/index.php\/wp-json\/wp\/v2\/media\/16161"}],"wp:attachment":[{"href":"https:\/\/diarioprincipios.com\/index.php\/wp-json\/wp\/v2\/media?parent=16158"}],"wp:term":[{"taxonomy":"category","embeddable":true,"href":"https:\/\/diarioprincipios.com\/index.php\/wp-json\/wp\/v2\/categories?post=16158"},{"taxonomy":"post_tag","embeddable":true,"href":"https:\/\/diarioprincipios.com\/index.php\/wp-json\/wp\/v2\/tags?post=16158"}],"curies":[{"name":"wp","href":"https:\/\/api.w.org\/{rel}","templated":true}]}}