{"id":16155,"date":"2023-03-10T12:15:30","date_gmt":"2023-03-10T15:15:30","guid":{"rendered":"http:\/\/diarioprincipios.com\/?p=16155"},"modified":"2023-03-31T15:41:08","modified_gmt":"2023-03-31T18:41:08","slug":"se-conmemoro-el-dia-internacional-de-la-mujer-en-berazategui-con-una-gran-jornada-multidisciplinaria","status":"publish","type":"post","link":"https:\/\/diarioprincipios.com\/index.php\/2023\/03\/10\/se-conmemoro-el-dia-internacional-de-la-mujer-en-berazategui-con-una-gran-jornada-multidisciplinaria\/","title":{"rendered":"Se conmemor\u00f3 el D\u00eda Internacional de la Mujer en Berazategui con una gran Jornada Multidisciplinaria"},"content":{"rendered":"\n<p><strong>Se conmemor\u00f3 el D\u00eda Internacional de la Mujer en Berazategui, con una gran jornada multidisciplinaria y abierta a la comunidad en la Peatonal de Av. 14 y 147. El evento fue organizado por la Subsecretar\u00eda de Mujeres, G\u00e9nero y Diversidades; y cont\u00f3 con la participaci\u00f3n de la Secretar\u00eda de Salud P\u00fablica e Higiene.<\/strong><\/p>\n\n\n\n<p>Durante la jornada, entre muchas otras actividades, se brindaron espacios de asesoramiento jur\u00eddico, orientaci\u00f3n sobre el Programa Nacional Acompa\u00f1ar, apoyo psicol\u00f3gico e informaci\u00f3n sobre los talleres de g\u00e9nero que lleva adelante el Municipio. Tambi\u00e9n, hubo stands con informaci\u00f3n sobre salud sexual y reproductiva; gesti\u00f3n menstrual; y orientaci\u00f3n de la Coordinaci\u00f3n Integral de Prevenci\u00f3n y Asistencia a las Violencias (CIPAV), dependiente de la Secretar\u00eda de Salud.<\/p>\n\n\n\n<p>En este sentido, Salome Pereyra -a cargo de la Subsecretar\u00eda de Mujeres, G\u00e9nero y Diversidades- remarc\u00f3 que \u201cse acercaron much\u00edsimas mujeres a los stands que pusimos a disposici\u00f3n y se llevaron lo m\u00e1s importante para nosotras: informaci\u00f3n sobre los espacios que ofrece el Municipio para resolver el flagelo de la violencia por razones de g\u00e9nero\u201d.<\/p>\n\n\n\n<p>Asimismo, la Dra. Estela Valiente -directora del \u00e1rea de Materno Infantil de la Secretar\u00eda de Salud- expres\u00f3: \u201cAprovechamos esta jornada tan especial para acercarle a las vecinas todas las iniciativas que llevamos a cabo para las mujeres en el municipio. En este sentido, las invitamos a que sigan participando de todas las actividades que tenemos previstas para este mes, para que puedan asesorarse y acceder a toda la informaci\u00f3n necesaria\u201d.<\/p>\n\n\n\n<p>Bajo el lema \u00abNos cuidamos, nos queremos, nos informamos\u00bb, a lo largo de marzo tambi\u00e9n se realizar\u00e1n jornadas informativas y preventivas en los barrios. All\u00ed se dispondr\u00e1 un espacio donde se brindar\u00e1 informaci\u00f3n sobre salud sexual y gesti\u00f3n menstrual. El cronograma de encuentros es el siguiente:<\/p>\n\n\n\n<p>-Viernes 10\/3: a las 10.30 en el Polideportivo Municipal N\u00b0 4 (calle 164 y 30).<br>-Viernes 17\/3: a partir de las 10.30 en la Sociedad de Fomento Barrio Once (calle 616 y 504).<br>-Martes 28\/3: desde las 10.30, en la Sociedad de Fomento Gente de Trabajo (calle 119 e\/ 17 A y 18 A, barrio CGT).<\/p>\n","protected":false},"excerpt":{"rendered":"<p>Se conmemor\u00f3 el D\u00eda Internacional de la Mujer en Berazategui, con una gran jornada multidisciplinaria y abierta a la comunidad en la Peatonal de Av. 14 y 147. El evento fue organizado por la Subsecretar\u00eda de Mujeres, G\u00e9nero y Diversidades; y cont\u00f3 con la participaci\u00f3n de la Secretar\u00eda de Salud P\u00fablica e Higiene. Durante la&#8230;<\/p>\n","protected":false},"author":2,"featured_media":16156,"comment_status":"open","ping_status":"open","sticky":false,"template":"","format":"standard","meta":{"footnotes":""},"categories":[3],"tags":[],"class_list":["post-16155","post","type-post","status-publish","format-standard","has-post-thumbnail","hentry","category-berazategui"],"featured_image_src":"https:\/\/diarioprincipios.com\/wp-content\/uploads\/2023\/03\/mujer-1024x682.jpg","blog_images":{"medium":"https:\/\/diarioprincipios.com\/wp-content\/uploads\/2023\/03\/mujer-300x200.jpg","large":"https:\/\/diarioprincipios.com\/wp-content\/uploads\/2023\/03\/mujer-1024x682.jpg"},"ams_acf":[],"yoast_head":"<!-- This site is optimized with the Yoast SEO plugin v27.3 - https:\/\/yoast.com\/product\/yoast-seo-wordpress\/ -->\n<title>Se conmemor\u00f3 el D\u00eda Internacional de la Mujer en Berazategui con una gran Jornada Multidisciplinaria - Principios<\/title>\n<meta name=\"robots\" content=\"index, follow, max-snippet:-1, max-image-preview:large, max-video-preview:-1\" \/>\n<link rel=\"canonical\" href=\"https:\/\/diarioprincipios.com\/index.php\/2023\/03\/10\/se-conmemoro-el-dia-internacional-de-la-mujer-en-berazategui-con-una-gran-jornada-multidisciplinaria\/\" \/>\n<meta property=\"og:locale\" content=\"es_ES\" \/>\n<meta property=\"og:type\" content=\"article\" \/>\n<meta property=\"og:title\" content=\"Se conmemor\u00f3 el D\u00eda Internacional de la Mujer en Berazategui con una gran Jornada Multidisciplinaria - Principios\" \/>\n<meta property=\"og:description\" content=\"Se conmemor\u00f3 el D\u00eda Internacional de la Mujer en Berazategui, con una gran jornada multidisciplinaria y abierta a la comunidad en la Peatonal de Av. 14 y 147. El evento fue organizado por la Subsecretar\u00eda de Mujeres, G\u00e9nero y Diversidades; y cont\u00f3 con la participaci\u00f3n de la Secretar\u00eda de Salud P\u00fablica e Higiene. Durante la...\" \/>\n<meta property=\"og:url\" content=\"https:\/\/diarioprincipios.com\/index.php\/2023\/03\/10\/se-conmemoro-el-dia-internacional-de-la-mujer-en-berazategui-con-una-gran-jornada-multidisciplinaria\/\" \/>\n<meta property=\"og:site_name\" content=\"Principios\" \/>\n<meta property=\"article:published_time\" content=\"2023-03-10T15:15:30+00:00\" \/>\n<meta property=\"article:modified_time\" content=\"2023-03-31T18:41:08+00:00\" \/>\n<meta property=\"og:image\" content=\"https:\/\/diarioprincipios.com\/wp-content\/uploads\/2023\/03\/mujer.jpg\" \/>\n\t<meta property=\"og:image:width\" content=\"1600\" \/>\n\t<meta property=\"og:image:height\" content=\"1066\" \/>\n\t<meta property=\"og:image:type\" content=\"image\/jpeg\" \/>\n<meta name=\"author\" content=\"Hern\u00e1n L\u00f3pez\" \/>\n<meta name=\"twitter:card\" content=\"summary_large_image\" \/>\n<meta name=\"twitter:label1\" content=\"Escrito por\" \/>\n\t<meta name=\"twitter:data1\" content=\"Hern\u00e1n L\u00f3pez\" \/>\n\t<meta name=\"twitter:label2\" content=\"Tiempo de lectura\" \/>\n\t<meta name=\"twitter:data2\" content=\"2 minutos\" \/>\n<script type=\"application\/ld+json\" class=\"yoast-schema-graph\">{\"@context\":\"https:\\\/\\\/schema.org\",\"@graph\":[{\"@type\":\"Article\",\"@id\":\"https:\\\/\\\/diarioprincipios.com\\\/index.php\\\/2023\\\/03\\\/10\\\/se-conmemoro-el-dia-internacional-de-la-mujer-en-berazategui-con-una-gran-jornada-multidisciplinaria\\\/#article\",\"isPartOf\":{\"@id\":\"https:\\\/\\\/diarioprincipios.com\\\/index.php\\\/2023\\\/03\\\/10\\\/se-conmemoro-el-dia-internacional-de-la-mujer-en-berazategui-con-una-gran-jornada-multidisciplinaria\\\/\"},\"author\":{\"name\":\"Hern\u00e1n L\u00f3pez\",\"@id\":\"https:\\\/\\\/diarioprincipios.com\\\/#\\\/schema\\\/person\\\/436d5a1fd41a5e250e23ff5a6a7cb080\"},\"headline\":\"Se conmemor\u00f3 el D\u00eda Internacional de la Mujer en Berazategui con una gran Jornada Multidisciplinaria\",\"datePublished\":\"2023-03-10T15:15:30+00:00\",\"dateModified\":\"2023-03-31T18:41:08+00:00\",\"mainEntityOfPage\":{\"@id\":\"https:\\\/\\\/diarioprincipios.com\\\/index.php\\\/2023\\\/03\\\/10\\\/se-conmemoro-el-dia-internacional-de-la-mujer-en-berazategui-con-una-gran-jornada-multidisciplinaria\\\/\"},\"wordCount\":377,\"commentCount\":0,\"publisher\":{\"@id\":\"https:\\\/\\\/diarioprincipios.com\\\/#organization\"},\"image\":{\"@id\":\"https:\\\/\\\/diarioprincipios.com\\\/index.php\\\/2023\\\/03\\\/10\\\/se-conmemoro-el-dia-internacional-de-la-mujer-en-berazategui-con-una-gran-jornada-multidisciplinaria\\\/#primaryimage\"},\"thumbnailUrl\":\"https:\\\/\\\/diarioprincipios.com\\\/wp-content\\\/uploads\\\/2023\\\/03\\\/mujer.jpg\",\"articleSection\":[\"Berazategui\"],\"inLanguage\":\"es\",\"potentialAction\":[{\"@type\":\"CommentAction\",\"name\":\"Comment\",\"target\":[\"https:\\\/\\\/diarioprincipios.com\\\/index.php\\\/2023\\\/03\\\/10\\\/se-conmemoro-el-dia-internacional-de-la-mujer-en-berazategui-con-una-gran-jornada-multidisciplinaria\\\/#respond\"]}]},{\"@type\":\"WebPage\",\"@id\":\"https:\\\/\\\/diarioprincipios.com\\\/index.php\\\/2023\\\/03\\\/10\\\/se-conmemoro-el-dia-internacional-de-la-mujer-en-berazategui-con-una-gran-jornada-multidisciplinaria\\\/\",\"url\":\"https:\\\/\\\/diarioprincipios.com\\\/index.php\\\/2023\\\/03\\\/10\\\/se-conmemoro-el-dia-internacional-de-la-mujer-en-berazategui-con-una-gran-jornada-multidisciplinaria\\\/\",\"name\":\"Se conmemor\u00f3 el D\u00eda Internacional de la Mujer en Berazategui con una gran Jornada Multidisciplinaria - Principios\",\"isPartOf\":{\"@id\":\"https:\\\/\\\/diarioprincipios.com\\\/#website\"},\"primaryImageOfPage\":{\"@id\":\"https:\\\/\\\/diarioprincipios.com\\\/index.php\\\/2023\\\/03\\\/10\\\/se-conmemoro-el-dia-internacional-de-la-mujer-en-berazategui-con-una-gran-jornada-multidisciplinaria\\\/#primaryimage\"},\"image\":{\"@id\":\"https:\\\/\\\/diarioprincipios.com\\\/index.php\\\/2023\\\/03\\\/10\\\/se-conmemoro-el-dia-internacional-de-la-mujer-en-berazategui-con-una-gran-jornada-multidisciplinaria\\\/#primaryimage\"},\"thumbnailUrl\":\"https:\\\/\\\/diarioprincipios.com\\\/wp-content\\\/uploads\\\/2023\\\/03\\\/mujer.jpg\",\"datePublished\":\"2023-03-10T15:15:30+00:00\",\"dateModified\":\"2023-03-31T18:41:08+00:00\",\"breadcrumb\":{\"@id\":\"https:\\\/\\\/diarioprincipios.com\\\/index.php\\\/2023\\\/03\\\/10\\\/se-conmemoro-el-dia-internacional-de-la-mujer-en-berazategui-con-una-gran-jornada-multidisciplinaria\\\/#breadcrumb\"},\"inLanguage\":\"es\",\"potentialAction\":[{\"@type\":\"ReadAction\",\"target\":[\"https:\\\/\\\/diarioprincipios.com\\\/index.php\\\/2023\\\/03\\\/10\\\/se-conmemoro-el-dia-internacional-de-la-mujer-en-berazategui-con-una-gran-jornada-multidisciplinaria\\\/\"]}]},{\"@type\":\"ImageObject\",\"inLanguage\":\"es\",\"@id\":\"https:\\\/\\\/diarioprincipios.com\\\/index.php\\\/2023\\\/03\\\/10\\\/se-conmemoro-el-dia-internacional-de-la-mujer-en-berazategui-con-una-gran-jornada-multidisciplinaria\\\/#primaryimage\",\"url\":\"https:\\\/\\\/diarioprincipios.com\\\/wp-content\\\/uploads\\\/2023\\\/03\\\/mujer.jpg\",\"contentUrl\":\"https:\\\/\\\/diarioprincipios.com\\\/wp-content\\\/uploads\\\/2023\\\/03\\\/mujer.jpg\",\"width\":1600,\"height\":1066},{\"@type\":\"BreadcrumbList\",\"@id\":\"https:\\\/\\\/diarioprincipios.com\\\/index.php\\\/2023\\\/03\\\/10\\\/se-conmemoro-el-dia-internacional-de-la-mujer-en-berazategui-con-una-gran-jornada-multidisciplinaria\\\/#breadcrumb\",\"itemListElement\":[{\"@type\":\"ListItem\",\"position\":1,\"name\":\"Portada\",\"item\":\"https:\\\/\\\/diarioprincipios.com\\\/\"},{\"@type\":\"ListItem\",\"position\":2,\"name\":\"Se conmemor\u00f3 el D\u00eda Internacional de la Mujer en Berazategui con una gran Jornada Multidisciplinaria\"}]},{\"@type\":\"WebSite\",\"@id\":\"https:\\\/\\\/diarioprincipios.com\\\/#website\",\"url\":\"https:\\\/\\\/diarioprincipios.com\\\/\",\"name\":\"Principios\",\"description\":\"Principios Diario\",\"publisher\":{\"@id\":\"https:\\\/\\\/diarioprincipios.com\\\/#organization\"},\"potentialAction\":[{\"@type\":\"SearchAction\",\"target\":{\"@type\":\"EntryPoint\",\"urlTemplate\":\"https:\\\/\\\/diarioprincipios.com\\\/?s={search_term_string}\"},\"query-input\":{\"@type\":\"PropertyValueSpecification\",\"valueRequired\":true,\"valueName\":\"search_term_string\"}}],\"inLanguage\":\"es\"},{\"@type\":\"Organization\",\"@id\":\"https:\\\/\\\/diarioprincipios.com\\\/#organization\",\"name\":\"Principios\",\"url\":\"https:\\\/\\\/diarioprincipios.com\\\/\",\"logo\":{\"@type\":\"ImageObject\",\"inLanguage\":\"es\",\"@id\":\"https:\\\/\\\/diarioprincipios.com\\\/#\\\/schema\\\/logo\\\/image\\\/\",\"url\":\"https:\\\/\\\/diarioprincipios.com\\\/wp-content\\\/uploads\\\/2024\\\/04\\\/cropped-www.diarioprincipios.com_-1.png\",\"contentUrl\":\"https:\\\/\\\/diarioprincipios.com\\\/wp-content\\\/uploads\\\/2024\\\/04\\\/cropped-www.diarioprincipios.com_-1.png\",\"width\":5325,\"height\":1454,\"caption\":\"Principios\"},\"image\":{\"@id\":\"https:\\\/\\\/diarioprincipios.com\\\/#\\\/schema\\\/logo\\\/image\\\/\"}},{\"@type\":\"Person\",\"@id\":\"https:\\\/\\\/diarioprincipios.com\\\/#\\\/schema\\\/person\\\/436d5a1fd41a5e250e23ff5a6a7cb080\",\"name\":\"Hern\u00e1n L\u00f3pez\",\"image\":{\"@type\":\"ImageObject\",\"inLanguage\":\"es\",\"@id\":\"https:\\\/\\\/diarioprincipios.com\\\/wp-content\\\/litespeed\\\/avatar\\\/11ddfe5610ff3bd100522525b2571f48.jpg?ver=1777048341\",\"url\":\"https:\\\/\\\/diarioprincipios.com\\\/wp-content\\\/litespeed\\\/avatar\\\/11ddfe5610ff3bd100522525b2571f48.jpg?ver=1777048341\",\"contentUrl\":\"https:\\\/\\\/diarioprincipios.com\\\/wp-content\\\/litespeed\\\/avatar\\\/11ddfe5610ff3bd100522525b2571f48.jpg?ver=1777048341\",\"caption\":\"Hern\u00e1n L\u00f3pez\"},\"url\":\"https:\\\/\\\/diarioprincipios.com\\\/index.php\\\/author\\\/hernan\\\/\"}]}<\/script>\n<!-- \/ Yoast SEO plugin. -->","yoast_head_json":{"title":"Se conmemor\u00f3 el D\u00eda Internacional de la Mujer en Berazategui con una gran Jornada Multidisciplinaria - Principios","robots":{"index":"index","follow":"follow","max-snippet":"max-snippet:-1","max-image-preview":"max-image-preview:large","max-video-preview":"max-video-preview:-1"},"canonical":"https:\/\/diarioprincipios.com\/index.php\/2023\/03\/10\/se-conmemoro-el-dia-internacional-de-la-mujer-en-berazategui-con-una-gran-jornada-multidisciplinaria\/","og_locale":"es_ES","og_type":"article","og_title":"Se conmemor\u00f3 el D\u00eda Internacional de la Mujer en Berazategui con una gran Jornada Multidisciplinaria - Principios","og_description":"Se conmemor\u00f3 el D\u00eda Internacional de la Mujer en Berazategui, con una gran jornada multidisciplinaria y abierta a la comunidad en la Peatonal de Av. 14 y 147. El evento fue organizado por la Subsecretar\u00eda de Mujeres, G\u00e9nero y Diversidades; y cont\u00f3 con la participaci\u00f3n de la Secretar\u00eda de Salud P\u00fablica e Higiene. Durante la...","og_url":"https:\/\/diarioprincipios.com\/index.php\/2023\/03\/10\/se-conmemoro-el-dia-internacional-de-la-mujer-en-berazategui-con-una-gran-jornada-multidisciplinaria\/","og_site_name":"Principios","article_published_time":"2023-03-10T15:15:30+00:00","article_modified_time":"2023-03-31T18:41:08+00:00","og_image":[{"width":1600,"height":1066,"url":"https:\/\/diarioprincipios.com\/wp-content\/uploads\/2023\/03\/mujer.jpg","type":"image\/jpeg"}],"author":"Hern\u00e1n L\u00f3pez","twitter_card":"summary_large_image","twitter_misc":{"Escrito por":"Hern\u00e1n L\u00f3pez","Tiempo de lectura":"2 minutos"},"schema":{"@context":"https:\/\/schema.org","@graph":[{"@type":"Article","@id":"https:\/\/diarioprincipios.com\/index.php\/2023\/03\/10\/se-conmemoro-el-dia-internacional-de-la-mujer-en-berazategui-con-una-gran-jornada-multidisciplinaria\/#article","isPartOf":{"@id":"https:\/\/diarioprincipios.com\/index.php\/2023\/03\/10\/se-conmemoro-el-dia-internacional-de-la-mujer-en-berazategui-con-una-gran-jornada-multidisciplinaria\/"},"author":{"name":"Hern\u00e1n L\u00f3pez","@id":"https:\/\/diarioprincipios.com\/#\/schema\/person\/436d5a1fd41a5e250e23ff5a6a7cb080"},"headline":"Se conmemor\u00f3 el D\u00eda Internacional de la Mujer en Berazategui con una gran Jornada Multidisciplinaria","datePublished":"2023-03-10T15:15:30+00:00","dateModified":"2023-03-31T18:41:08+00:00","mainEntityOfPage":{"@id":"https:\/\/diarioprincipios.com\/index.php\/2023\/03\/10\/se-conmemoro-el-dia-internacional-de-la-mujer-en-berazategui-con-una-gran-jornada-multidisciplinaria\/"},"wordCount":377,"commentCount":0,"publisher":{"@id":"https:\/\/diarioprincipios.com\/#organization"},"image":{"@id":"https:\/\/diarioprincipios.com\/index.php\/2023\/03\/10\/se-conmemoro-el-dia-internacional-de-la-mujer-en-berazategui-con-una-gran-jornada-multidisciplinaria\/#primaryimage"},"thumbnailUrl":"https:\/\/diarioprincipios.com\/wp-content\/uploads\/2023\/03\/mujer.jpg","articleSection":["Berazategui"],"inLanguage":"es","potentialAction":[{"@type":"CommentAction","name":"Comment","target":["https:\/\/diarioprincipios.com\/index.php\/2023\/03\/10\/se-conmemoro-el-dia-internacional-de-la-mujer-en-berazategui-con-una-gran-jornada-multidisciplinaria\/#respond"]}]},{"@type":"WebPage","@id":"https:\/\/diarioprincipios.com\/index.php\/2023\/03\/10\/se-conmemoro-el-dia-internacional-de-la-mujer-en-berazategui-con-una-gran-jornada-multidisciplinaria\/","url":"https:\/\/diarioprincipios.com\/index.php\/2023\/03\/10\/se-conmemoro-el-dia-internacional-de-la-mujer-en-berazategui-con-una-gran-jornada-multidisciplinaria\/","name":"Se conmemor\u00f3 el D\u00eda Internacional de la Mujer en Berazategui con una gran Jornada Multidisciplinaria - Principios","isPartOf":{"@id":"https:\/\/diarioprincipios.com\/#website"},"primaryImageOfPage":{"@id":"https:\/\/diarioprincipios.com\/index.php\/2023\/03\/10\/se-conmemoro-el-dia-internacional-de-la-mujer-en-berazategui-con-una-gran-jornada-multidisciplinaria\/#primaryimage"},"image":{"@id":"https:\/\/diarioprincipios.com\/index.php\/2023\/03\/10\/se-conmemoro-el-dia-internacional-de-la-mujer-en-berazategui-con-una-gran-jornada-multidisciplinaria\/#primaryimage"},"thumbnailUrl":"https:\/\/diarioprincipios.com\/wp-content\/uploads\/2023\/03\/mujer.jpg","datePublished":"2023-03-10T15:15:30+00:00","dateModified":"2023-03-31T18:41:08+00:00","breadcrumb":{"@id":"https:\/\/diarioprincipios.com\/index.php\/2023\/03\/10\/se-conmemoro-el-dia-internacional-de-la-mujer-en-berazategui-con-una-gran-jornada-multidisciplinaria\/#breadcrumb"},"inLanguage":"es","potentialAction":[{"@type":"ReadAction","target":["https:\/\/diarioprincipios.com\/index.php\/2023\/03\/10\/se-conmemoro-el-dia-internacional-de-la-mujer-en-berazategui-con-una-gran-jornada-multidisciplinaria\/"]}]},{"@type":"ImageObject","inLanguage":"es","@id":"https:\/\/diarioprincipios.com\/index.php\/2023\/03\/10\/se-conmemoro-el-dia-internacional-de-la-mujer-en-berazategui-con-una-gran-jornada-multidisciplinaria\/#primaryimage","url":"https:\/\/diarioprincipios.com\/wp-content\/uploads\/2023\/03\/mujer.jpg","contentUrl":"https:\/\/diarioprincipios.com\/wp-content\/uploads\/2023\/03\/mujer.jpg","width":1600,"height":1066},{"@type":"BreadcrumbList","@id":"https:\/\/diarioprincipios.com\/index.php\/2023\/03\/10\/se-conmemoro-el-dia-internacional-de-la-mujer-en-berazategui-con-una-gran-jornada-multidisciplinaria\/#breadcrumb","itemListElement":[{"@type":"ListItem","position":1,"name":"Portada","item":"https:\/\/diarioprincipios.com\/"},{"@type":"ListItem","position":2,"name":"Se conmemor\u00f3 el D\u00eda Internacional de la Mujer en Berazategui con una gran Jornada Multidisciplinaria"}]},{"@type":"WebSite","@id":"https:\/\/diarioprincipios.com\/#website","url":"https:\/\/diarioprincipios.com\/","name":"Principios","description":"Principios Diario","publisher":{"@id":"https:\/\/diarioprincipios.com\/#organization"},"potentialAction":[{"@type":"SearchAction","target":{"@type":"EntryPoint","urlTemplate":"https:\/\/diarioprincipios.com\/?s={search_term_string}"},"query-input":{"@type":"PropertyValueSpecification","valueRequired":true,"valueName":"search_term_string"}}],"inLanguage":"es"},{"@type":"Organization","@id":"https:\/\/diarioprincipios.com\/#organization","name":"Principios","url":"https:\/\/diarioprincipios.com\/","logo":{"@type":"ImageObject","inLanguage":"es","@id":"https:\/\/diarioprincipios.com\/#\/schema\/logo\/image\/","url":"https:\/\/diarioprincipios.com\/wp-content\/uploads\/2024\/04\/cropped-www.diarioprincipios.com_-1.png","contentUrl":"https:\/\/diarioprincipios.com\/wp-content\/uploads\/2024\/04\/cropped-www.diarioprincipios.com_-1.png","width":5325,"height":1454,"caption":"Principios"},"image":{"@id":"https:\/\/diarioprincipios.com\/#\/schema\/logo\/image\/"}},{"@type":"Person","@id":"https:\/\/diarioprincipios.com\/#\/schema\/person\/436d5a1fd41a5e250e23ff5a6a7cb080","name":"Hern\u00e1n L\u00f3pez","image":{"@type":"ImageObject","inLanguage":"es","@id":"https:\/\/diarioprincipios.com\/wp-content\/litespeed\/avatar\/11ddfe5610ff3bd100522525b2571f48.jpg?ver=1777048341","url":"https:\/\/diarioprincipios.com\/wp-content\/litespeed\/avatar\/11ddfe5610ff3bd100522525b2571f48.jpg?ver=1777048341","contentUrl":"https:\/\/diarioprincipios.com\/wp-content\/litespeed\/avatar\/11ddfe5610ff3bd100522525b2571f48.jpg?ver=1777048341","caption":"Hern\u00e1n L\u00f3pez"},"url":"https:\/\/diarioprincipios.com\/index.php\/author\/hernan\/"}]}},"jetpack_featured_media_url":"https:\/\/diarioprincipios.com\/wp-content\/uploads\/2023\/03\/mujer.jpg","_links":{"self":[{"href":"https:\/\/diarioprincipios.com\/index.php\/wp-json\/wp\/v2\/posts\/16155","targetHints":{"allow":["GET"]}}],"collection":[{"href":"https:\/\/diarioprincipios.com\/index.php\/wp-json\/wp\/v2\/posts"}],"about":[{"href":"https:\/\/diarioprincipios.com\/index.php\/wp-json\/wp\/v2\/types\/post"}],"author":[{"embeddable":true,"href":"https:\/\/diarioprincipios.com\/index.php\/wp-json\/wp\/v2\/users\/2"}],"replies":[{"embeddable":true,"href":"https:\/\/diarioprincipios.com\/index.php\/wp-json\/wp\/v2\/comments?post=16155"}],"version-history":[{"count":1,"href":"https:\/\/diarioprincipios.com\/index.php\/wp-json\/wp\/v2\/posts\/16155\/revisions"}],"predecessor-version":[{"id":16157,"href":"https:\/\/diarioprincipios.com\/index.php\/wp-json\/wp\/v2\/posts\/16155\/revisions\/16157"}],"wp:featuredmedia":[{"embeddable":true,"href":"https:\/\/diarioprincipios.com\/index.php\/wp-json\/wp\/v2\/media\/16156"}],"wp:attachment":[{"href":"https:\/\/diarioprincipios.com\/index.php\/wp-json\/wp\/v2\/media?parent=16155"}],"wp:term":[{"taxonomy":"category","embeddable":true,"href":"https:\/\/diarioprincipios.com\/index.php\/wp-json\/wp\/v2\/categories?post=16155"},{"taxonomy":"post_tag","embeddable":true,"href":"https:\/\/diarioprincipios.com\/index.php\/wp-json\/wp\/v2\/tags?post=16155"}],"curies":[{"name":"wp","href":"https:\/\/api.w.org\/{rel}","templated":true}]}}