{"id":16150,"date":"2023-03-10T12:10:21","date_gmt":"2023-03-10T15:10:21","guid":{"rendered":"http:\/\/diarioprincipios.com\/?p=16150"},"modified":"2023-03-31T15:40:54","modified_gmt":"2023-03-31T18:40:54","slug":"ferraresi-y-wado-de-pedro-entregaron-equipamiento-urbano-kits-escolares-e-inauguraron-obras-en-un-club","status":"publish","type":"post","link":"https:\/\/diarioprincipios.com\/index.php\/2023\/03\/10\/ferraresi-y-wado-de-pedro-entregaron-equipamiento-urbano-kits-escolares-e-inauguraron-obras-en-un-club\/","title":{"rendered":"Ferraresi y Wado de Pedro entregaron equipamiento urbano, kits escolares e inauguraron obras en un club"},"content":{"rendered":"\n<p>Adem\u00e1s participaron del 20\u00ba aniversario de una cooperativa de Trabajo, en Wilde.\u00a0 \u00a0 \u00a0\u00a0<\/p>\n\n\n\n<p>El intendente de Avellaneda Jorge Ferraresi, recibi\u00f3 ayer al ministro del Interior de la Naci\u00f3n, Wado de Pedro, con quien encabez\u00f3 distintas actividades en la ciudad.<\/p>\n\n\n\n<p>En primera instancia, se entregaron camiones y equipamiento destinado a las tareas de higiene y mantenimiento urbano. En el acto del que tambi\u00e9n particip\u00f3 la jefa de Gabinete Magdalena Sierra y el titular del Concejo Deliberante Hugo Barrueco, se entregaron tres camiones cargadores, 1 autocargador y 4 cajas de 28 mts3, 2 furgones chicos utilitarios; 2 pickup doble cabina; 2 minipalas cargadoras; 2 acoplados para minipala y 2 accesorios porta pallet para minipala, con una inversi\u00f3n total conjunta de $ 152.435.529.<\/p>\n\n\n\n<figure class=\"wp-block-image size-large\"><img loading=\"lazy\" decoding=\"async\" width=\"1024\" height=\"576\" src=\"https:\/\/diarioprincipios.com\/wp-content\/uploads\/2023\/03\/WhatsApp-Image-2023-03-10-at-11.08.18-1-1024x576.jpeg\" alt=\"\" class=\"wp-image-16151\" srcset=\"https:\/\/diarioprincipios.com\/wp-content\/uploads\/2023\/03\/WhatsApp-Image-2023-03-10-at-11.08.18-1-1024x576.jpeg 1024w, https:\/\/diarioprincipios.com\/wp-content\/uploads\/2023\/03\/WhatsApp-Image-2023-03-10-at-11.08.18-1-300x169.jpeg 300w, https:\/\/diarioprincipios.com\/wp-content\/uploads\/2023\/03\/WhatsApp-Image-2023-03-10-at-11.08.18-1-768x432.jpeg 768w, https:\/\/diarioprincipios.com\/wp-content\/uploads\/2023\/03\/WhatsApp-Image-2023-03-10-at-11.08.18-1-1536x864.jpeg 1536w, https:\/\/diarioprincipios.com\/wp-content\/uploads\/2023\/03\/WhatsApp-Image-2023-03-10-at-11.08.18-1.jpeg 1600w\" sizes=\"auto, (max-width: 1024px) 100vw, 1024px\" \/><\/figure>\n\n\n\n<p>M\u00e1s tarde, De Pedro, Ferraresi y Sierra participaron en el Parque La Estaci\u00f3n de un nuevo operativo de entrega de kits escolares del Programa De Punta en Blanco, una pol\u00edtica p\u00fablica municipal a trav\u00e9s de la cual todos los alumnos y alumnas residentes en Avellaneda de las escuelas primarias p\u00fablicas reciben una mochila, un guardapolvo y un par de zapatillas. En esta ocasi\u00f3n, se acercaron cerca de 850 ni\u00f1os de las primarias N\u00ba 18, 43, 52 y 64, adem\u00e1s de operativos de vacunaci\u00f3n, tr\u00e1mites y servicios de diversa \u00edndole que pudieron aprovechar sus familias.<\/p>\n\n\n\n<p>Luego asistieron a los festejos del 20\u00ba aniversario de la Cooperativa de Trabajo \u201cNuestra Identidad\u201d, de Wilde, donde compartieron esa celebraci\u00f3n con su presidente Diego Ledesma, con su tesorero y fundador, Mario Barrios y con todos los integrantes de esta comunidad de trabajadores y trabajadoras.<\/p>\n\n\n\n<figure class=\"wp-block-image size-large\"><img loading=\"lazy\" decoding=\"async\" width=\"1024\" height=\"576\" src=\"https:\/\/diarioprincipios.com\/wp-content\/uploads\/2023\/03\/WhatsApp-Image-2023-03-10-at-11.08.17-1-1024x576.jpeg\" alt=\"\" class=\"wp-image-16152\" srcset=\"https:\/\/diarioprincipios.com\/wp-content\/uploads\/2023\/03\/WhatsApp-Image-2023-03-10-at-11.08.17-1-1024x576.jpeg 1024w, https:\/\/diarioprincipios.com\/wp-content\/uploads\/2023\/03\/WhatsApp-Image-2023-03-10-at-11.08.17-1-300x169.jpeg 300w, https:\/\/diarioprincipios.com\/wp-content\/uploads\/2023\/03\/WhatsApp-Image-2023-03-10-at-11.08.17-1-768x432.jpeg 768w, https:\/\/diarioprincipios.com\/wp-content\/uploads\/2023\/03\/WhatsApp-Image-2023-03-10-at-11.08.17-1-1536x864.jpeg 1536w, https:\/\/diarioprincipios.com\/wp-content\/uploads\/2023\/03\/WhatsApp-Image-2023-03-10-at-11.08.17-1.jpeg 1600w\" sizes=\"auto, (max-width: 1024px) 100vw, 1024px\" \/><\/figure>\n\n\n\n<p>Para finalizar la jornada, el intendente y el ministro inauguraron los vestuarios del club Cruz Varela, de Wilde. All\u00ed Ferraresi destac\u00f3 durante su discurso que \u201clos recursos municipales son de todos y no importa el barrio o c\u00f3mo pienses, todos los clubes tienen las mismas obras y mejoras\u201d y finaliz\u00f3: \u201cHacemos todo esto por decisi\u00f3n pol\u00edtica, queremos que nuestros pibes tengan lo mejor y ese es un proyecto nacional, no solo local\u201d.<\/p>\n\n\n\n<p>Por su parte Wado de Pedro expres\u00f3 que \u201cEs un honor ser compa\u00f1ero y amigo de Jorge Ferraresi y ver qu\u00e9 Avellaneda sigue creciendo y creando una comunidad organizada\u00bb.<\/p>\n\n\n\n<p>En las distintas actividades estuvieron presentes la secretaria de Desarrollo Social, Romina Barreiro; el de Institucionales, Ariel Lerici, adem\u00e1s de otros funcionarios y vecinos.<\/p>\n","protected":false},"excerpt":{"rendered":"<p>Adem\u00e1s participaron del 20\u00ba aniversario de una cooperativa de Trabajo, en Wilde.\u00a0 \u00a0 \u00a0\u00a0 El intendente de Avellaneda Jorge Ferraresi, recibi\u00f3 ayer al ministro del Interior de la Naci\u00f3n, Wado de Pedro, con quien encabez\u00f3 distintas actividades en la ciudad. En primera instancia, se entregaron camiones y equipamiento destinado a las tareas de higiene y&#8230;<\/p>\n","protected":false},"author":2,"featured_media":16153,"comment_status":"open","ping_status":"open","sticky":false,"template":"","format":"standard","meta":{"footnotes":""},"categories":[5],"tags":[],"class_list":["post-16150","post","type-post","status-publish","format-standard","has-post-thumbnail","hentry","category-avellaneda"],"featured_image_src":"https:\/\/diarioprincipios.com\/wp-content\/uploads\/2023\/03\/WhatsApp-Image-2023-03-10-at-11.08.19-1024x576.jpeg","blog_images":{"medium":"https:\/\/diarioprincipios.com\/wp-content\/uploads\/2023\/03\/WhatsApp-Image-2023-03-10-at-11.08.19-300x169.jpeg","large":"https:\/\/diarioprincipios.com\/wp-content\/uploads\/2023\/03\/WhatsApp-Image-2023-03-10-at-11.08.19-1024x576.jpeg"},"ams_acf":[],"yoast_head":"<!-- This site is optimized with the Yoast SEO plugin v27.3 - https:\/\/yoast.com\/product\/yoast-seo-wordpress\/ -->\n<title>Ferraresi y Wado de Pedro entregaron equipamiento urbano, kits escolares e inauguraron obras en un club - Principios<\/title>\n<meta name=\"robots\" content=\"index, follow, max-snippet:-1, max-image-preview:large, max-video-preview:-1\" \/>\n<link rel=\"canonical\" href=\"https:\/\/diarioprincipios.com\/index.php\/2023\/03\/10\/ferraresi-y-wado-de-pedro-entregaron-equipamiento-urbano-kits-escolares-e-inauguraron-obras-en-un-club\/\" \/>\n<meta property=\"og:locale\" content=\"es_ES\" \/>\n<meta property=\"og:type\" content=\"article\" \/>\n<meta property=\"og:title\" content=\"Ferraresi y Wado de Pedro entregaron equipamiento urbano, kits escolares e inauguraron obras en un club - Principios\" \/>\n<meta property=\"og:description\" content=\"Adem\u00e1s participaron del 20\u00ba aniversario de una cooperativa de Trabajo, en Wilde.\u00a0 \u00a0 \u00a0\u00a0 El intendente de Avellaneda Jorge Ferraresi, recibi\u00f3 ayer al ministro del Interior de la Naci\u00f3n, Wado de Pedro, con quien encabez\u00f3 distintas actividades en la ciudad. En primera instancia, se entregaron camiones y equipamiento destinado a las tareas de higiene y...\" \/>\n<meta property=\"og:url\" content=\"https:\/\/diarioprincipios.com\/index.php\/2023\/03\/10\/ferraresi-y-wado-de-pedro-entregaron-equipamiento-urbano-kits-escolares-e-inauguraron-obras-en-un-club\/\" \/>\n<meta property=\"og:site_name\" content=\"Principios\" \/>\n<meta property=\"article:published_time\" content=\"2023-03-10T15:10:21+00:00\" \/>\n<meta property=\"article:modified_time\" content=\"2023-03-31T18:40:54+00:00\" \/>\n<meta property=\"og:image\" content=\"https:\/\/diarioprincipios.com\/wp-content\/uploads\/2023\/03\/WhatsApp-Image-2023-03-10-at-11.08.19.jpeg\" \/>\n\t<meta property=\"og:image:width\" content=\"1599\" \/>\n\t<meta property=\"og:image:height\" content=\"899\" \/>\n\t<meta property=\"og:image:type\" content=\"image\/jpeg\" \/>\n<meta name=\"author\" content=\"Hern\u00e1n L\u00f3pez\" \/>\n<meta name=\"twitter:card\" content=\"summary_large_image\" \/>\n<meta name=\"twitter:label1\" content=\"Escrito por\" \/>\n\t<meta name=\"twitter:data1\" content=\"Hern\u00e1n L\u00f3pez\" \/>\n\t<meta name=\"twitter:label2\" content=\"Tiempo de lectura\" \/>\n\t<meta name=\"twitter:data2\" content=\"3 minutos\" \/>\n<script type=\"application\/ld+json\" class=\"yoast-schema-graph\">{\"@context\":\"https:\\\/\\\/schema.org\",\"@graph\":[{\"@type\":\"Article\",\"@id\":\"https:\\\/\\\/diarioprincipios.com\\\/index.php\\\/2023\\\/03\\\/10\\\/ferraresi-y-wado-de-pedro-entregaron-equipamiento-urbano-kits-escolares-e-inauguraron-obras-en-un-club\\\/#article\",\"isPartOf\":{\"@id\":\"https:\\\/\\\/diarioprincipios.com\\\/index.php\\\/2023\\\/03\\\/10\\\/ferraresi-y-wado-de-pedro-entregaron-equipamiento-urbano-kits-escolares-e-inauguraron-obras-en-un-club\\\/\"},\"author\":{\"name\":\"Hern\u00e1n L\u00f3pez\",\"@id\":\"https:\\\/\\\/diarioprincipios.com\\\/#\\\/schema\\\/person\\\/436d5a1fd41a5e250e23ff5a6a7cb080\"},\"headline\":\"Ferraresi y Wado de Pedro entregaron equipamiento urbano, kits escolares e inauguraron obras en un club\",\"datePublished\":\"2023-03-10T15:10:21+00:00\",\"dateModified\":\"2023-03-31T18:40:54+00:00\",\"mainEntityOfPage\":{\"@id\":\"https:\\\/\\\/diarioprincipios.com\\\/index.php\\\/2023\\\/03\\\/10\\\/ferraresi-y-wado-de-pedro-entregaron-equipamiento-urbano-kits-escolares-e-inauguraron-obras-en-un-club\\\/\"},\"wordCount\":403,\"commentCount\":0,\"publisher\":{\"@id\":\"https:\\\/\\\/diarioprincipios.com\\\/#organization\"},\"image\":{\"@id\":\"https:\\\/\\\/diarioprincipios.com\\\/index.php\\\/2023\\\/03\\\/10\\\/ferraresi-y-wado-de-pedro-entregaron-equipamiento-urbano-kits-escolares-e-inauguraron-obras-en-un-club\\\/#primaryimage\"},\"thumbnailUrl\":\"https:\\\/\\\/diarioprincipios.com\\\/wp-content\\\/uploads\\\/2023\\\/03\\\/WhatsApp-Image-2023-03-10-at-11.08.19.jpeg\",\"articleSection\":[\"Avellaneda\"],\"inLanguage\":\"es\",\"potentialAction\":[{\"@type\":\"CommentAction\",\"name\":\"Comment\",\"target\":[\"https:\\\/\\\/diarioprincipios.com\\\/index.php\\\/2023\\\/03\\\/10\\\/ferraresi-y-wado-de-pedro-entregaron-equipamiento-urbano-kits-escolares-e-inauguraron-obras-en-un-club\\\/#respond\"]}]},{\"@type\":\"WebPage\",\"@id\":\"https:\\\/\\\/diarioprincipios.com\\\/index.php\\\/2023\\\/03\\\/10\\\/ferraresi-y-wado-de-pedro-entregaron-equipamiento-urbano-kits-escolares-e-inauguraron-obras-en-un-club\\\/\",\"url\":\"https:\\\/\\\/diarioprincipios.com\\\/index.php\\\/2023\\\/03\\\/10\\\/ferraresi-y-wado-de-pedro-entregaron-equipamiento-urbano-kits-escolares-e-inauguraron-obras-en-un-club\\\/\",\"name\":\"Ferraresi y Wado de Pedro entregaron equipamiento urbano, kits escolares e inauguraron obras en un club - Principios\",\"isPartOf\":{\"@id\":\"https:\\\/\\\/diarioprincipios.com\\\/#website\"},\"primaryImageOfPage\":{\"@id\":\"https:\\\/\\\/diarioprincipios.com\\\/index.php\\\/2023\\\/03\\\/10\\\/ferraresi-y-wado-de-pedro-entregaron-equipamiento-urbano-kits-escolares-e-inauguraron-obras-en-un-club\\\/#primaryimage\"},\"image\":{\"@id\":\"https:\\\/\\\/diarioprincipios.com\\\/index.php\\\/2023\\\/03\\\/10\\\/ferraresi-y-wado-de-pedro-entregaron-equipamiento-urbano-kits-escolares-e-inauguraron-obras-en-un-club\\\/#primaryimage\"},\"thumbnailUrl\":\"https:\\\/\\\/diarioprincipios.com\\\/wp-content\\\/uploads\\\/2023\\\/03\\\/WhatsApp-Image-2023-03-10-at-11.08.19.jpeg\",\"datePublished\":\"2023-03-10T15:10:21+00:00\",\"dateModified\":\"2023-03-31T18:40:54+00:00\",\"breadcrumb\":{\"@id\":\"https:\\\/\\\/diarioprincipios.com\\\/index.php\\\/2023\\\/03\\\/10\\\/ferraresi-y-wado-de-pedro-entregaron-equipamiento-urbano-kits-escolares-e-inauguraron-obras-en-un-club\\\/#breadcrumb\"},\"inLanguage\":\"es\",\"potentialAction\":[{\"@type\":\"ReadAction\",\"target\":[\"https:\\\/\\\/diarioprincipios.com\\\/index.php\\\/2023\\\/03\\\/10\\\/ferraresi-y-wado-de-pedro-entregaron-equipamiento-urbano-kits-escolares-e-inauguraron-obras-en-un-club\\\/\"]}]},{\"@type\":\"ImageObject\",\"inLanguage\":\"es\",\"@id\":\"https:\\\/\\\/diarioprincipios.com\\\/index.php\\\/2023\\\/03\\\/10\\\/ferraresi-y-wado-de-pedro-entregaron-equipamiento-urbano-kits-escolares-e-inauguraron-obras-en-un-club\\\/#primaryimage\",\"url\":\"https:\\\/\\\/diarioprincipios.com\\\/wp-content\\\/uploads\\\/2023\\\/03\\\/WhatsApp-Image-2023-03-10-at-11.08.19.jpeg\",\"contentUrl\":\"https:\\\/\\\/diarioprincipios.com\\\/wp-content\\\/uploads\\\/2023\\\/03\\\/WhatsApp-Image-2023-03-10-at-11.08.19.jpeg\",\"width\":1599,\"height\":899},{\"@type\":\"BreadcrumbList\",\"@id\":\"https:\\\/\\\/diarioprincipios.com\\\/index.php\\\/2023\\\/03\\\/10\\\/ferraresi-y-wado-de-pedro-entregaron-equipamiento-urbano-kits-escolares-e-inauguraron-obras-en-un-club\\\/#breadcrumb\",\"itemListElement\":[{\"@type\":\"ListItem\",\"position\":1,\"name\":\"Portada\",\"item\":\"https:\\\/\\\/diarioprincipios.com\\\/\"},{\"@type\":\"ListItem\",\"position\":2,\"name\":\"Ferraresi y Wado de Pedro entregaron equipamiento urbano, kits escolares e inauguraron obras en un club\"}]},{\"@type\":\"WebSite\",\"@id\":\"https:\\\/\\\/diarioprincipios.com\\\/#website\",\"url\":\"https:\\\/\\\/diarioprincipios.com\\\/\",\"name\":\"Principios\",\"description\":\"Principios Diario\",\"publisher\":{\"@id\":\"https:\\\/\\\/diarioprincipios.com\\\/#organization\"},\"potentialAction\":[{\"@type\":\"SearchAction\",\"target\":{\"@type\":\"EntryPoint\",\"urlTemplate\":\"https:\\\/\\\/diarioprincipios.com\\\/?s={search_term_string}\"},\"query-input\":{\"@type\":\"PropertyValueSpecification\",\"valueRequired\":true,\"valueName\":\"search_term_string\"}}],\"inLanguage\":\"es\"},{\"@type\":\"Organization\",\"@id\":\"https:\\\/\\\/diarioprincipios.com\\\/#organization\",\"name\":\"Principios\",\"url\":\"https:\\\/\\\/diarioprincipios.com\\\/\",\"logo\":{\"@type\":\"ImageObject\",\"inLanguage\":\"es\",\"@id\":\"https:\\\/\\\/diarioprincipios.com\\\/#\\\/schema\\\/logo\\\/image\\\/\",\"url\":\"https:\\\/\\\/diarioprincipios.com\\\/wp-content\\\/uploads\\\/2024\\\/04\\\/cropped-www.diarioprincipios.com_-1.png\",\"contentUrl\":\"https:\\\/\\\/diarioprincipios.com\\\/wp-content\\\/uploads\\\/2024\\\/04\\\/cropped-www.diarioprincipios.com_-1.png\",\"width\":5325,\"height\":1454,\"caption\":\"Principios\"},\"image\":{\"@id\":\"https:\\\/\\\/diarioprincipios.com\\\/#\\\/schema\\\/logo\\\/image\\\/\"}},{\"@type\":\"Person\",\"@id\":\"https:\\\/\\\/diarioprincipios.com\\\/#\\\/schema\\\/person\\\/436d5a1fd41a5e250e23ff5a6a7cb080\",\"name\":\"Hern\u00e1n L\u00f3pez\",\"image\":{\"@type\":\"ImageObject\",\"inLanguage\":\"es\",\"@id\":\"https:\\\/\\\/diarioprincipios.com\\\/wp-content\\\/litespeed\\\/avatar\\\/11ddfe5610ff3bd100522525b2571f48.jpg?ver=1777048341\",\"url\":\"https:\\\/\\\/diarioprincipios.com\\\/wp-content\\\/litespeed\\\/avatar\\\/11ddfe5610ff3bd100522525b2571f48.jpg?ver=1777048341\",\"contentUrl\":\"https:\\\/\\\/diarioprincipios.com\\\/wp-content\\\/litespeed\\\/avatar\\\/11ddfe5610ff3bd100522525b2571f48.jpg?ver=1777048341\",\"caption\":\"Hern\u00e1n L\u00f3pez\"},\"url\":\"https:\\\/\\\/diarioprincipios.com\\\/index.php\\\/author\\\/hernan\\\/\"}]}<\/script>\n<!-- \/ Yoast SEO plugin. -->","yoast_head_json":{"title":"Ferraresi y Wado de Pedro entregaron equipamiento urbano, kits escolares e inauguraron obras en un club - Principios","robots":{"index":"index","follow":"follow","max-snippet":"max-snippet:-1","max-image-preview":"max-image-preview:large","max-video-preview":"max-video-preview:-1"},"canonical":"https:\/\/diarioprincipios.com\/index.php\/2023\/03\/10\/ferraresi-y-wado-de-pedro-entregaron-equipamiento-urbano-kits-escolares-e-inauguraron-obras-en-un-club\/","og_locale":"es_ES","og_type":"article","og_title":"Ferraresi y Wado de Pedro entregaron equipamiento urbano, kits escolares e inauguraron obras en un club - Principios","og_description":"Adem\u00e1s participaron del 20\u00ba aniversario de una cooperativa de Trabajo, en Wilde.\u00a0 \u00a0 \u00a0\u00a0 El intendente de Avellaneda Jorge Ferraresi, recibi\u00f3 ayer al ministro del Interior de la Naci\u00f3n, Wado de Pedro, con quien encabez\u00f3 distintas actividades en la ciudad. En primera instancia, se entregaron camiones y equipamiento destinado a las tareas de higiene y...","og_url":"https:\/\/diarioprincipios.com\/index.php\/2023\/03\/10\/ferraresi-y-wado-de-pedro-entregaron-equipamiento-urbano-kits-escolares-e-inauguraron-obras-en-un-club\/","og_site_name":"Principios","article_published_time":"2023-03-10T15:10:21+00:00","article_modified_time":"2023-03-31T18:40:54+00:00","og_image":[{"width":1599,"height":899,"url":"https:\/\/diarioprincipios.com\/wp-content\/uploads\/2023\/03\/WhatsApp-Image-2023-03-10-at-11.08.19.jpeg","type":"image\/jpeg"}],"author":"Hern\u00e1n L\u00f3pez","twitter_card":"summary_large_image","twitter_misc":{"Escrito por":"Hern\u00e1n L\u00f3pez","Tiempo de lectura":"3 minutos"},"schema":{"@context":"https:\/\/schema.org","@graph":[{"@type":"Article","@id":"https:\/\/diarioprincipios.com\/index.php\/2023\/03\/10\/ferraresi-y-wado-de-pedro-entregaron-equipamiento-urbano-kits-escolares-e-inauguraron-obras-en-un-club\/#article","isPartOf":{"@id":"https:\/\/diarioprincipios.com\/index.php\/2023\/03\/10\/ferraresi-y-wado-de-pedro-entregaron-equipamiento-urbano-kits-escolares-e-inauguraron-obras-en-un-club\/"},"author":{"name":"Hern\u00e1n L\u00f3pez","@id":"https:\/\/diarioprincipios.com\/#\/schema\/person\/436d5a1fd41a5e250e23ff5a6a7cb080"},"headline":"Ferraresi y Wado de Pedro entregaron equipamiento urbano, kits escolares e inauguraron obras en un club","datePublished":"2023-03-10T15:10:21+00:00","dateModified":"2023-03-31T18:40:54+00:00","mainEntityOfPage":{"@id":"https:\/\/diarioprincipios.com\/index.php\/2023\/03\/10\/ferraresi-y-wado-de-pedro-entregaron-equipamiento-urbano-kits-escolares-e-inauguraron-obras-en-un-club\/"},"wordCount":403,"commentCount":0,"publisher":{"@id":"https:\/\/diarioprincipios.com\/#organization"},"image":{"@id":"https:\/\/diarioprincipios.com\/index.php\/2023\/03\/10\/ferraresi-y-wado-de-pedro-entregaron-equipamiento-urbano-kits-escolares-e-inauguraron-obras-en-un-club\/#primaryimage"},"thumbnailUrl":"https:\/\/diarioprincipios.com\/wp-content\/uploads\/2023\/03\/WhatsApp-Image-2023-03-10-at-11.08.19.jpeg","articleSection":["Avellaneda"],"inLanguage":"es","potentialAction":[{"@type":"CommentAction","name":"Comment","target":["https:\/\/diarioprincipios.com\/index.php\/2023\/03\/10\/ferraresi-y-wado-de-pedro-entregaron-equipamiento-urbano-kits-escolares-e-inauguraron-obras-en-un-club\/#respond"]}]},{"@type":"WebPage","@id":"https:\/\/diarioprincipios.com\/index.php\/2023\/03\/10\/ferraresi-y-wado-de-pedro-entregaron-equipamiento-urbano-kits-escolares-e-inauguraron-obras-en-un-club\/","url":"https:\/\/diarioprincipios.com\/index.php\/2023\/03\/10\/ferraresi-y-wado-de-pedro-entregaron-equipamiento-urbano-kits-escolares-e-inauguraron-obras-en-un-club\/","name":"Ferraresi y Wado de Pedro entregaron equipamiento urbano, kits escolares e inauguraron obras en un club - Principios","isPartOf":{"@id":"https:\/\/diarioprincipios.com\/#website"},"primaryImageOfPage":{"@id":"https:\/\/diarioprincipios.com\/index.php\/2023\/03\/10\/ferraresi-y-wado-de-pedro-entregaron-equipamiento-urbano-kits-escolares-e-inauguraron-obras-en-un-club\/#primaryimage"},"image":{"@id":"https:\/\/diarioprincipios.com\/index.php\/2023\/03\/10\/ferraresi-y-wado-de-pedro-entregaron-equipamiento-urbano-kits-escolares-e-inauguraron-obras-en-un-club\/#primaryimage"},"thumbnailUrl":"https:\/\/diarioprincipios.com\/wp-content\/uploads\/2023\/03\/WhatsApp-Image-2023-03-10-at-11.08.19.jpeg","datePublished":"2023-03-10T15:10:21+00:00","dateModified":"2023-03-31T18:40:54+00:00","breadcrumb":{"@id":"https:\/\/diarioprincipios.com\/index.php\/2023\/03\/10\/ferraresi-y-wado-de-pedro-entregaron-equipamiento-urbano-kits-escolares-e-inauguraron-obras-en-un-club\/#breadcrumb"},"inLanguage":"es","potentialAction":[{"@type":"ReadAction","target":["https:\/\/diarioprincipios.com\/index.php\/2023\/03\/10\/ferraresi-y-wado-de-pedro-entregaron-equipamiento-urbano-kits-escolares-e-inauguraron-obras-en-un-club\/"]}]},{"@type":"ImageObject","inLanguage":"es","@id":"https:\/\/diarioprincipios.com\/index.php\/2023\/03\/10\/ferraresi-y-wado-de-pedro-entregaron-equipamiento-urbano-kits-escolares-e-inauguraron-obras-en-un-club\/#primaryimage","url":"https:\/\/diarioprincipios.com\/wp-content\/uploads\/2023\/03\/WhatsApp-Image-2023-03-10-at-11.08.19.jpeg","contentUrl":"https:\/\/diarioprincipios.com\/wp-content\/uploads\/2023\/03\/WhatsApp-Image-2023-03-10-at-11.08.19.jpeg","width":1599,"height":899},{"@type":"BreadcrumbList","@id":"https:\/\/diarioprincipios.com\/index.php\/2023\/03\/10\/ferraresi-y-wado-de-pedro-entregaron-equipamiento-urbano-kits-escolares-e-inauguraron-obras-en-un-club\/#breadcrumb","itemListElement":[{"@type":"ListItem","position":1,"name":"Portada","item":"https:\/\/diarioprincipios.com\/"},{"@type":"ListItem","position":2,"name":"Ferraresi y Wado de Pedro entregaron equipamiento urbano, kits escolares e inauguraron obras en un club"}]},{"@type":"WebSite","@id":"https:\/\/diarioprincipios.com\/#website","url":"https:\/\/diarioprincipios.com\/","name":"Principios","description":"Principios Diario","publisher":{"@id":"https:\/\/diarioprincipios.com\/#organization"},"potentialAction":[{"@type":"SearchAction","target":{"@type":"EntryPoint","urlTemplate":"https:\/\/diarioprincipios.com\/?s={search_term_string}"},"query-input":{"@type":"PropertyValueSpecification","valueRequired":true,"valueName":"search_term_string"}}],"inLanguage":"es"},{"@type":"Organization","@id":"https:\/\/diarioprincipios.com\/#organization","name":"Principios","url":"https:\/\/diarioprincipios.com\/","logo":{"@type":"ImageObject","inLanguage":"es","@id":"https:\/\/diarioprincipios.com\/#\/schema\/logo\/image\/","url":"https:\/\/diarioprincipios.com\/wp-content\/uploads\/2024\/04\/cropped-www.diarioprincipios.com_-1.png","contentUrl":"https:\/\/diarioprincipios.com\/wp-content\/uploads\/2024\/04\/cropped-www.diarioprincipios.com_-1.png","width":5325,"height":1454,"caption":"Principios"},"image":{"@id":"https:\/\/diarioprincipios.com\/#\/schema\/logo\/image\/"}},{"@type":"Person","@id":"https:\/\/diarioprincipios.com\/#\/schema\/person\/436d5a1fd41a5e250e23ff5a6a7cb080","name":"Hern\u00e1n L\u00f3pez","image":{"@type":"ImageObject","inLanguage":"es","@id":"https:\/\/diarioprincipios.com\/wp-content\/litespeed\/avatar\/11ddfe5610ff3bd100522525b2571f48.jpg?ver=1777048341","url":"https:\/\/diarioprincipios.com\/wp-content\/litespeed\/avatar\/11ddfe5610ff3bd100522525b2571f48.jpg?ver=1777048341","contentUrl":"https:\/\/diarioprincipios.com\/wp-content\/litespeed\/avatar\/11ddfe5610ff3bd100522525b2571f48.jpg?ver=1777048341","caption":"Hern\u00e1n L\u00f3pez"},"url":"https:\/\/diarioprincipios.com\/index.php\/author\/hernan\/"}]}},"jetpack_featured_media_url":"https:\/\/diarioprincipios.com\/wp-content\/uploads\/2023\/03\/WhatsApp-Image-2023-03-10-at-11.08.19.jpeg","_links":{"self":[{"href":"https:\/\/diarioprincipios.com\/index.php\/wp-json\/wp\/v2\/posts\/16150","targetHints":{"allow":["GET"]}}],"collection":[{"href":"https:\/\/diarioprincipios.com\/index.php\/wp-json\/wp\/v2\/posts"}],"about":[{"href":"https:\/\/diarioprincipios.com\/index.php\/wp-json\/wp\/v2\/types\/post"}],"author":[{"embeddable":true,"href":"https:\/\/diarioprincipios.com\/index.php\/wp-json\/wp\/v2\/users\/2"}],"replies":[{"embeddable":true,"href":"https:\/\/diarioprincipios.com\/index.php\/wp-json\/wp\/v2\/comments?post=16150"}],"version-history":[{"count":1,"href":"https:\/\/diarioprincipios.com\/index.php\/wp-json\/wp\/v2\/posts\/16150\/revisions"}],"predecessor-version":[{"id":16154,"href":"https:\/\/diarioprincipios.com\/index.php\/wp-json\/wp\/v2\/posts\/16150\/revisions\/16154"}],"wp:featuredmedia":[{"embeddable":true,"href":"https:\/\/diarioprincipios.com\/index.php\/wp-json\/wp\/v2\/media\/16153"}],"wp:attachment":[{"href":"https:\/\/diarioprincipios.com\/index.php\/wp-json\/wp\/v2\/media?parent=16150"}],"wp:term":[{"taxonomy":"category","embeddable":true,"href":"https:\/\/diarioprincipios.com\/index.php\/wp-json\/wp\/v2\/categories?post=16150"},{"taxonomy":"post_tag","embeddable":true,"href":"https:\/\/diarioprincipios.com\/index.php\/wp-json\/wp\/v2\/tags?post=16150"}],"curies":[{"name":"wp","href":"https:\/\/api.w.org\/{rel}","templated":true}]}}