{"id":16104,"date":"2023-03-07T12:29:58","date_gmt":"2023-03-07T15:29:58","guid":{"rendered":"http:\/\/diarioprincipios.com\/?p=16104"},"modified":"2023-03-07T12:30:00","modified_gmt":"2023-03-07T15:30:00","slug":"mussi-recibio-a-leandro-santoro","status":"publish","type":"post","link":"https:\/\/diarioprincipios.com\/index.php\/2023\/03\/07\/mussi-recibio-a-leandro-santoro\/","title":{"rendered":"Mussi recibi\u00f3 a Leandro Santoro"},"content":{"rendered":"\n<p>El Intendente de Berazategui, Dr. Juan Jos\u00e9 Mussi, recibi\u00f3 en su despacho al Diputado Nacional y precandidato a Jefe de Gobierno Porte\u00f1o por el Frente de Todos, Leandro Santoro. El encuentro se extendi\u00f3 por una hora y media, en la cual los dirigentes conversaron sobre la coyuntura nacional de cara a las pr\u00f3ximas elecciones. <\/p>\n\n\n\n<figure class=\"wp-block-image size-large\"><img loading=\"lazy\" decoding=\"async\" width=\"832\" height=\"1024\" src=\"https:\/\/diarioprincipios.com\/wp-content\/uploads\/2023\/03\/IMG-20230307-WA0022-832x1024.jpg\" alt=\"\" class=\"wp-image-16106\" srcset=\"https:\/\/diarioprincipios.com\/wp-content\/uploads\/2023\/03\/IMG-20230307-WA0022-832x1024.jpg 832w, https:\/\/diarioprincipios.com\/wp-content\/uploads\/2023\/03\/IMG-20230307-WA0022-244x300.jpg 244w, https:\/\/diarioprincipios.com\/wp-content\/uploads\/2023\/03\/IMG-20230307-WA0022-768x945.jpg 768w, https:\/\/diarioprincipios.com\/wp-content\/uploads\/2023\/03\/IMG-20230307-WA0022-1248x1536.jpg 1248w, https:\/\/diarioprincipios.com\/wp-content\/uploads\/2023\/03\/IMG-20230307-WA0022.jpg 1300w\" sizes=\"auto, (max-width: 832px) 100vw, 832px\" \/><\/figure>\n\n\n\n<p>Santoro se interioriz\u00f3 de las pol\u00edticas implementadas en Berazategui muchas de las cuales consider\u00f3 se podr\u00edan implantar tambi\u00e9n en la Ciudad de Buenos Aires. Puntualmente el Diputado Nacional destac\u00f3 el funcionamiento del Centto Odontol\u00f3gico, el Oftalmol\u00f3gico, la Cl\u00ednica Veterinaria Municipal, el programa Bera Recicla y el trabajo de la Inmobiliaria Municipal.<br>Santoro visit\u00f3 a Mussi acompa\u00f1ado de los referentes locales de Irrompibles quienes agradecieron las gestiones de Alejandro Islas para llevar adelante el encuentro.<\/p>\n","protected":false},"excerpt":{"rendered":"<p>El Intendente de Berazategui, Dr. Juan Jos\u00e9 Mussi, recibi\u00f3 en su despacho al Diputado Nacional y precandidato a Jefe de Gobierno Porte\u00f1o por el Frente de Todos, Leandro Santoro. El encuentro se extendi\u00f3 por una hora y media, en la cual los dirigentes conversaron sobre la coyuntura nacional de cara a las pr\u00f3ximas elecciones. Santoro&#8230;<\/p>\n","protected":false},"author":2,"featured_media":16105,"comment_status":"open","ping_status":"open","sticky":false,"template":"","format":"standard","meta":{"footnotes":""},"categories":[3],"tags":[],"class_list":["post-16104","post","type-post","status-publish","format-standard","has-post-thumbnail","hentry","category-berazategui"],"featured_image_src":"https:\/\/diarioprincipios.com\/wp-content\/uploads\/2023\/03\/IMG-20230306-WA0047.jpg","blog_images":{"medium":"https:\/\/diarioprincipios.com\/wp-content\/uploads\/2023\/03\/IMG-20230306-WA0047-270x300.jpg","large":"https:\/\/diarioprincipios.com\/wp-content\/uploads\/2023\/03\/IMG-20230306-WA0047.jpg"},"ams_acf":[],"yoast_head":"<!-- This site is optimized with the Yoast SEO plugin v27.3 - https:\/\/yoast.com\/product\/yoast-seo-wordpress\/ -->\n<title>Mussi recibi\u00f3 a Leandro Santoro - Principios<\/title>\n<meta name=\"robots\" content=\"index, follow, max-snippet:-1, max-image-preview:large, max-video-preview:-1\" \/>\n<link rel=\"canonical\" href=\"https:\/\/diarioprincipios.com\/index.php\/2023\/03\/07\/mussi-recibio-a-leandro-santoro\/\" \/>\n<meta property=\"og:locale\" content=\"es_ES\" \/>\n<meta property=\"og:type\" content=\"article\" \/>\n<meta property=\"og:title\" content=\"Mussi recibi\u00f3 a Leandro Santoro - Principios\" \/>\n<meta property=\"og:description\" content=\"El Intendente de Berazategui, Dr. Juan Jos\u00e9 Mussi, recibi\u00f3 en su despacho al Diputado Nacional y precandidato a Jefe de Gobierno Porte\u00f1o por el Frente de Todos, Leandro Santoro. El encuentro se extendi\u00f3 por una hora y media, en la cual los dirigentes conversaron sobre la coyuntura nacional de cara a las pr\u00f3ximas elecciones. Santoro...\" \/>\n<meta property=\"og:url\" content=\"https:\/\/diarioprincipios.com\/index.php\/2023\/03\/07\/mussi-recibio-a-leandro-santoro\/\" \/>\n<meta property=\"og:site_name\" content=\"Principios\" \/>\n<meta property=\"article:published_time\" content=\"2023-03-07T15:29:58+00:00\" \/>\n<meta property=\"article:modified_time\" content=\"2023-03-07T15:30:00+00:00\" \/>\n<meta property=\"og:image\" content=\"https:\/\/diarioprincipios.com\/wp-content\/uploads\/2023\/03\/IMG-20230306-WA0047.jpg\" \/>\n\t<meta property=\"og:image:width\" content=\"720\" \/>\n\t<meta property=\"og:image:height\" content=\"800\" \/>\n\t<meta property=\"og:image:type\" content=\"image\/jpeg\" \/>\n<meta name=\"author\" content=\"Hern\u00e1n L\u00f3pez\" \/>\n<meta name=\"twitter:card\" content=\"summary_large_image\" \/>\n<meta name=\"twitter:label1\" content=\"Escrito por\" \/>\n\t<meta name=\"twitter:data1\" content=\"Hern\u00e1n L\u00f3pez\" \/>\n\t<meta name=\"twitter:label2\" content=\"Tiempo de lectura\" \/>\n\t<meta name=\"twitter:data2\" content=\"1 minuto\" \/>\n<script type=\"application\/ld+json\" class=\"yoast-schema-graph\">{\"@context\":\"https:\\\/\\\/schema.org\",\"@graph\":[{\"@type\":\"Article\",\"@id\":\"https:\\\/\\\/diarioprincipios.com\\\/index.php\\\/2023\\\/03\\\/07\\\/mussi-recibio-a-leandro-santoro\\\/#article\",\"isPartOf\":{\"@id\":\"https:\\\/\\\/diarioprincipios.com\\\/index.php\\\/2023\\\/03\\\/07\\\/mussi-recibio-a-leandro-santoro\\\/\"},\"author\":{\"name\":\"Hern\u00e1n L\u00f3pez\",\"@id\":\"https:\\\/\\\/diarioprincipios.com\\\/#\\\/schema\\\/person\\\/436d5a1fd41a5e250e23ff5a6a7cb080\"},\"headline\":\"Mussi recibi\u00f3 a Leandro Santoro\",\"datePublished\":\"2023-03-07T15:29:58+00:00\",\"dateModified\":\"2023-03-07T15:30:00+00:00\",\"mainEntityOfPage\":{\"@id\":\"https:\\\/\\\/diarioprincipios.com\\\/index.php\\\/2023\\\/03\\\/07\\\/mussi-recibio-a-leandro-santoro\\\/\"},\"wordCount\":142,\"commentCount\":0,\"publisher\":{\"@id\":\"https:\\\/\\\/diarioprincipios.com\\\/#organization\"},\"image\":{\"@id\":\"https:\\\/\\\/diarioprincipios.com\\\/index.php\\\/2023\\\/03\\\/07\\\/mussi-recibio-a-leandro-santoro\\\/#primaryimage\"},\"thumbnailUrl\":\"https:\\\/\\\/diarioprincipios.com\\\/wp-content\\\/uploads\\\/2023\\\/03\\\/IMG-20230306-WA0047.jpg\",\"articleSection\":[\"Berazategui\"],\"inLanguage\":\"es\",\"potentialAction\":[{\"@type\":\"CommentAction\",\"name\":\"Comment\",\"target\":[\"https:\\\/\\\/diarioprincipios.com\\\/index.php\\\/2023\\\/03\\\/07\\\/mussi-recibio-a-leandro-santoro\\\/#respond\"]}]},{\"@type\":\"WebPage\",\"@id\":\"https:\\\/\\\/diarioprincipios.com\\\/index.php\\\/2023\\\/03\\\/07\\\/mussi-recibio-a-leandro-santoro\\\/\",\"url\":\"https:\\\/\\\/diarioprincipios.com\\\/index.php\\\/2023\\\/03\\\/07\\\/mussi-recibio-a-leandro-santoro\\\/\",\"name\":\"Mussi recibi\u00f3 a Leandro Santoro - Principios\",\"isPartOf\":{\"@id\":\"https:\\\/\\\/diarioprincipios.com\\\/#website\"},\"primaryImageOfPage\":{\"@id\":\"https:\\\/\\\/diarioprincipios.com\\\/index.php\\\/2023\\\/03\\\/07\\\/mussi-recibio-a-leandro-santoro\\\/#primaryimage\"},\"image\":{\"@id\":\"https:\\\/\\\/diarioprincipios.com\\\/index.php\\\/2023\\\/03\\\/07\\\/mussi-recibio-a-leandro-santoro\\\/#primaryimage\"},\"thumbnailUrl\":\"https:\\\/\\\/diarioprincipios.com\\\/wp-content\\\/uploads\\\/2023\\\/03\\\/IMG-20230306-WA0047.jpg\",\"datePublished\":\"2023-03-07T15:29:58+00:00\",\"dateModified\":\"2023-03-07T15:30:00+00:00\",\"breadcrumb\":{\"@id\":\"https:\\\/\\\/diarioprincipios.com\\\/index.php\\\/2023\\\/03\\\/07\\\/mussi-recibio-a-leandro-santoro\\\/#breadcrumb\"},\"inLanguage\":\"es\",\"potentialAction\":[{\"@type\":\"ReadAction\",\"target\":[\"https:\\\/\\\/diarioprincipios.com\\\/index.php\\\/2023\\\/03\\\/07\\\/mussi-recibio-a-leandro-santoro\\\/\"]}]},{\"@type\":\"ImageObject\",\"inLanguage\":\"es\",\"@id\":\"https:\\\/\\\/diarioprincipios.com\\\/index.php\\\/2023\\\/03\\\/07\\\/mussi-recibio-a-leandro-santoro\\\/#primaryimage\",\"url\":\"https:\\\/\\\/diarioprincipios.com\\\/wp-content\\\/uploads\\\/2023\\\/03\\\/IMG-20230306-WA0047.jpg\",\"contentUrl\":\"https:\\\/\\\/diarioprincipios.com\\\/wp-content\\\/uploads\\\/2023\\\/03\\\/IMG-20230306-WA0047.jpg\",\"width\":720,\"height\":800},{\"@type\":\"BreadcrumbList\",\"@id\":\"https:\\\/\\\/diarioprincipios.com\\\/index.php\\\/2023\\\/03\\\/07\\\/mussi-recibio-a-leandro-santoro\\\/#breadcrumb\",\"itemListElement\":[{\"@type\":\"ListItem\",\"position\":1,\"name\":\"Portada\",\"item\":\"https:\\\/\\\/diarioprincipios.com\\\/\"},{\"@type\":\"ListItem\",\"position\":2,\"name\":\"Mussi recibi\u00f3 a Leandro Santoro\"}]},{\"@type\":\"WebSite\",\"@id\":\"https:\\\/\\\/diarioprincipios.com\\\/#website\",\"url\":\"https:\\\/\\\/diarioprincipios.com\\\/\",\"name\":\"Principios\",\"description\":\"Principios Diario\",\"publisher\":{\"@id\":\"https:\\\/\\\/diarioprincipios.com\\\/#organization\"},\"potentialAction\":[{\"@type\":\"SearchAction\",\"target\":{\"@type\":\"EntryPoint\",\"urlTemplate\":\"https:\\\/\\\/diarioprincipios.com\\\/?s={search_term_string}\"},\"query-input\":{\"@type\":\"PropertyValueSpecification\",\"valueRequired\":true,\"valueName\":\"search_term_string\"}}],\"inLanguage\":\"es\"},{\"@type\":\"Organization\",\"@id\":\"https:\\\/\\\/diarioprincipios.com\\\/#organization\",\"name\":\"Principios\",\"url\":\"https:\\\/\\\/diarioprincipios.com\\\/\",\"logo\":{\"@type\":\"ImageObject\",\"inLanguage\":\"es\",\"@id\":\"https:\\\/\\\/diarioprincipios.com\\\/#\\\/schema\\\/logo\\\/image\\\/\",\"url\":\"https:\\\/\\\/diarioprincipios.com\\\/wp-content\\\/uploads\\\/2024\\\/04\\\/cropped-www.diarioprincipios.com_-1.png\",\"contentUrl\":\"https:\\\/\\\/diarioprincipios.com\\\/wp-content\\\/uploads\\\/2024\\\/04\\\/cropped-www.diarioprincipios.com_-1.png\",\"width\":5325,\"height\":1454,\"caption\":\"Principios\"},\"image\":{\"@id\":\"https:\\\/\\\/diarioprincipios.com\\\/#\\\/schema\\\/logo\\\/image\\\/\"}},{\"@type\":\"Person\",\"@id\":\"https:\\\/\\\/diarioprincipios.com\\\/#\\\/schema\\\/person\\\/436d5a1fd41a5e250e23ff5a6a7cb080\",\"name\":\"Hern\u00e1n L\u00f3pez\",\"image\":{\"@type\":\"ImageObject\",\"inLanguage\":\"es\",\"@id\":\"https:\\\/\\\/diarioprincipios.com\\\/wp-content\\\/litespeed\\\/avatar\\\/11ddfe5610ff3bd100522525b2571f48.jpg?ver=1777048341\",\"url\":\"https:\\\/\\\/diarioprincipios.com\\\/wp-content\\\/litespeed\\\/avatar\\\/11ddfe5610ff3bd100522525b2571f48.jpg?ver=1777048341\",\"contentUrl\":\"https:\\\/\\\/diarioprincipios.com\\\/wp-content\\\/litespeed\\\/avatar\\\/11ddfe5610ff3bd100522525b2571f48.jpg?ver=1777048341\",\"caption\":\"Hern\u00e1n L\u00f3pez\"},\"url\":\"https:\\\/\\\/diarioprincipios.com\\\/index.php\\\/author\\\/hernan\\\/\"}]}<\/script>\n<!-- \/ Yoast SEO plugin. -->","yoast_head_json":{"title":"Mussi recibi\u00f3 a Leandro Santoro - Principios","robots":{"index":"index","follow":"follow","max-snippet":"max-snippet:-1","max-image-preview":"max-image-preview:large","max-video-preview":"max-video-preview:-1"},"canonical":"https:\/\/diarioprincipios.com\/index.php\/2023\/03\/07\/mussi-recibio-a-leandro-santoro\/","og_locale":"es_ES","og_type":"article","og_title":"Mussi recibi\u00f3 a Leandro Santoro - Principios","og_description":"El Intendente de Berazategui, Dr. Juan Jos\u00e9 Mussi, recibi\u00f3 en su despacho al Diputado Nacional y precandidato a Jefe de Gobierno Porte\u00f1o por el Frente de Todos, Leandro Santoro. El encuentro se extendi\u00f3 por una hora y media, en la cual los dirigentes conversaron sobre la coyuntura nacional de cara a las pr\u00f3ximas elecciones. Santoro...","og_url":"https:\/\/diarioprincipios.com\/index.php\/2023\/03\/07\/mussi-recibio-a-leandro-santoro\/","og_site_name":"Principios","article_published_time":"2023-03-07T15:29:58+00:00","article_modified_time":"2023-03-07T15:30:00+00:00","og_image":[{"width":720,"height":800,"url":"https:\/\/diarioprincipios.com\/wp-content\/uploads\/2023\/03\/IMG-20230306-WA0047.jpg","type":"image\/jpeg"}],"author":"Hern\u00e1n L\u00f3pez","twitter_card":"summary_large_image","twitter_misc":{"Escrito por":"Hern\u00e1n L\u00f3pez","Tiempo de lectura":"1 minuto"},"schema":{"@context":"https:\/\/schema.org","@graph":[{"@type":"Article","@id":"https:\/\/diarioprincipios.com\/index.php\/2023\/03\/07\/mussi-recibio-a-leandro-santoro\/#article","isPartOf":{"@id":"https:\/\/diarioprincipios.com\/index.php\/2023\/03\/07\/mussi-recibio-a-leandro-santoro\/"},"author":{"name":"Hern\u00e1n L\u00f3pez","@id":"https:\/\/diarioprincipios.com\/#\/schema\/person\/436d5a1fd41a5e250e23ff5a6a7cb080"},"headline":"Mussi recibi\u00f3 a Leandro Santoro","datePublished":"2023-03-07T15:29:58+00:00","dateModified":"2023-03-07T15:30:00+00:00","mainEntityOfPage":{"@id":"https:\/\/diarioprincipios.com\/index.php\/2023\/03\/07\/mussi-recibio-a-leandro-santoro\/"},"wordCount":142,"commentCount":0,"publisher":{"@id":"https:\/\/diarioprincipios.com\/#organization"},"image":{"@id":"https:\/\/diarioprincipios.com\/index.php\/2023\/03\/07\/mussi-recibio-a-leandro-santoro\/#primaryimage"},"thumbnailUrl":"https:\/\/diarioprincipios.com\/wp-content\/uploads\/2023\/03\/IMG-20230306-WA0047.jpg","articleSection":["Berazategui"],"inLanguage":"es","potentialAction":[{"@type":"CommentAction","name":"Comment","target":["https:\/\/diarioprincipios.com\/index.php\/2023\/03\/07\/mussi-recibio-a-leandro-santoro\/#respond"]}]},{"@type":"WebPage","@id":"https:\/\/diarioprincipios.com\/index.php\/2023\/03\/07\/mussi-recibio-a-leandro-santoro\/","url":"https:\/\/diarioprincipios.com\/index.php\/2023\/03\/07\/mussi-recibio-a-leandro-santoro\/","name":"Mussi recibi\u00f3 a Leandro Santoro - Principios","isPartOf":{"@id":"https:\/\/diarioprincipios.com\/#website"},"primaryImageOfPage":{"@id":"https:\/\/diarioprincipios.com\/index.php\/2023\/03\/07\/mussi-recibio-a-leandro-santoro\/#primaryimage"},"image":{"@id":"https:\/\/diarioprincipios.com\/index.php\/2023\/03\/07\/mussi-recibio-a-leandro-santoro\/#primaryimage"},"thumbnailUrl":"https:\/\/diarioprincipios.com\/wp-content\/uploads\/2023\/03\/IMG-20230306-WA0047.jpg","datePublished":"2023-03-07T15:29:58+00:00","dateModified":"2023-03-07T15:30:00+00:00","breadcrumb":{"@id":"https:\/\/diarioprincipios.com\/index.php\/2023\/03\/07\/mussi-recibio-a-leandro-santoro\/#breadcrumb"},"inLanguage":"es","potentialAction":[{"@type":"ReadAction","target":["https:\/\/diarioprincipios.com\/index.php\/2023\/03\/07\/mussi-recibio-a-leandro-santoro\/"]}]},{"@type":"ImageObject","inLanguage":"es","@id":"https:\/\/diarioprincipios.com\/index.php\/2023\/03\/07\/mussi-recibio-a-leandro-santoro\/#primaryimage","url":"https:\/\/diarioprincipios.com\/wp-content\/uploads\/2023\/03\/IMG-20230306-WA0047.jpg","contentUrl":"https:\/\/diarioprincipios.com\/wp-content\/uploads\/2023\/03\/IMG-20230306-WA0047.jpg","width":720,"height":800},{"@type":"BreadcrumbList","@id":"https:\/\/diarioprincipios.com\/index.php\/2023\/03\/07\/mussi-recibio-a-leandro-santoro\/#breadcrumb","itemListElement":[{"@type":"ListItem","position":1,"name":"Portada","item":"https:\/\/diarioprincipios.com\/"},{"@type":"ListItem","position":2,"name":"Mussi recibi\u00f3 a Leandro Santoro"}]},{"@type":"WebSite","@id":"https:\/\/diarioprincipios.com\/#website","url":"https:\/\/diarioprincipios.com\/","name":"Principios","description":"Principios Diario","publisher":{"@id":"https:\/\/diarioprincipios.com\/#organization"},"potentialAction":[{"@type":"SearchAction","target":{"@type":"EntryPoint","urlTemplate":"https:\/\/diarioprincipios.com\/?s={search_term_string}"},"query-input":{"@type":"PropertyValueSpecification","valueRequired":true,"valueName":"search_term_string"}}],"inLanguage":"es"},{"@type":"Organization","@id":"https:\/\/diarioprincipios.com\/#organization","name":"Principios","url":"https:\/\/diarioprincipios.com\/","logo":{"@type":"ImageObject","inLanguage":"es","@id":"https:\/\/diarioprincipios.com\/#\/schema\/logo\/image\/","url":"https:\/\/diarioprincipios.com\/wp-content\/uploads\/2024\/04\/cropped-www.diarioprincipios.com_-1.png","contentUrl":"https:\/\/diarioprincipios.com\/wp-content\/uploads\/2024\/04\/cropped-www.diarioprincipios.com_-1.png","width":5325,"height":1454,"caption":"Principios"},"image":{"@id":"https:\/\/diarioprincipios.com\/#\/schema\/logo\/image\/"}},{"@type":"Person","@id":"https:\/\/diarioprincipios.com\/#\/schema\/person\/436d5a1fd41a5e250e23ff5a6a7cb080","name":"Hern\u00e1n L\u00f3pez","image":{"@type":"ImageObject","inLanguage":"es","@id":"https:\/\/diarioprincipios.com\/wp-content\/litespeed\/avatar\/11ddfe5610ff3bd100522525b2571f48.jpg?ver=1777048341","url":"https:\/\/diarioprincipios.com\/wp-content\/litespeed\/avatar\/11ddfe5610ff3bd100522525b2571f48.jpg?ver=1777048341","contentUrl":"https:\/\/diarioprincipios.com\/wp-content\/litespeed\/avatar\/11ddfe5610ff3bd100522525b2571f48.jpg?ver=1777048341","caption":"Hern\u00e1n L\u00f3pez"},"url":"https:\/\/diarioprincipios.com\/index.php\/author\/hernan\/"}]}},"jetpack_featured_media_url":"https:\/\/diarioprincipios.com\/wp-content\/uploads\/2023\/03\/IMG-20230306-WA0047.jpg","_links":{"self":[{"href":"https:\/\/diarioprincipios.com\/index.php\/wp-json\/wp\/v2\/posts\/16104","targetHints":{"allow":["GET"]}}],"collection":[{"href":"https:\/\/diarioprincipios.com\/index.php\/wp-json\/wp\/v2\/posts"}],"about":[{"href":"https:\/\/diarioprincipios.com\/index.php\/wp-json\/wp\/v2\/types\/post"}],"author":[{"embeddable":true,"href":"https:\/\/diarioprincipios.com\/index.php\/wp-json\/wp\/v2\/users\/2"}],"replies":[{"embeddable":true,"href":"https:\/\/diarioprincipios.com\/index.php\/wp-json\/wp\/v2\/comments?post=16104"}],"version-history":[{"count":1,"href":"https:\/\/diarioprincipios.com\/index.php\/wp-json\/wp\/v2\/posts\/16104\/revisions"}],"predecessor-version":[{"id":16107,"href":"https:\/\/diarioprincipios.com\/index.php\/wp-json\/wp\/v2\/posts\/16104\/revisions\/16107"}],"wp:featuredmedia":[{"embeddable":true,"href":"https:\/\/diarioprincipios.com\/index.php\/wp-json\/wp\/v2\/media\/16105"}],"wp:attachment":[{"href":"https:\/\/diarioprincipios.com\/index.php\/wp-json\/wp\/v2\/media?parent=16104"}],"wp:term":[{"taxonomy":"category","embeddable":true,"href":"https:\/\/diarioprincipios.com\/index.php\/wp-json\/wp\/v2\/categories?post=16104"},{"taxonomy":"post_tag","embeddable":true,"href":"https:\/\/diarioprincipios.com\/index.php\/wp-json\/wp\/v2\/tags?post=16104"}],"curies":[{"name":"wp","href":"https:\/\/api.w.org\/{rel}","templated":true}]}}