{"id":16098,"date":"2023-03-06T17:45:08","date_gmt":"2023-03-06T20:45:08","guid":{"rendered":"http:\/\/diarioprincipios.com\/?p=16098"},"modified":"2023-03-06T17:45:12","modified_gmt":"2023-03-06T20:45:12","slug":"el-teatro-roma-comenzo-su-temporada-2023-a-sala-llena","status":"publish","type":"post","link":"https:\/\/diarioprincipios.com\/index.php\/2023\/03\/06\/el-teatro-roma-comenzo-su-temporada-2023-a-sala-llena\/","title":{"rendered":"El Teatro Roma comenz\u00f3 su temporada 2023 a sala llena"},"content":{"rendered":"\n<p>Una multitud de vecinos disfrut\u00f3 durante el fin de semana de la reapertura del coliseo cultural de Avellaneda, con espect\u00e1culos de alta calidad.<\/p>\n\n\n\n<p>Con su sala colmada, el Teatro Roma de Avellaneda dio inicio a una nueva temporada de espect\u00e1culos, que como viene impulsando la gesti\u00f3n municipal durante los \u00faltimos a\u00f1os, mantiene como eje la decisi\u00f3n de ofrecer a la comunidad obras de gran calidad a precios muy accesibles.<\/p>\n\n\n\n<p>El viernes por la noche, la sala recibi\u00f3 a un gran artista popular como Alejandro Dolina, con su cl\u00e1sico \u201cLa Venganza Ser\u00e1 Terrible\u201d, mientras que el s\u00e1bado fue el turno de \u201cForever Young\u201d, una propuesta musical que emocion\u00f3 a un auditorio colmado.<\/p>\n\n\n\n<p>Este a\u00f1o, el municipio sigue alentando la participaci\u00f3n de toda la comunidad con la puesta en marcha de la Promo Roma, una propuesta que beneficia a quienes decidan acercarse a ver m\u00e1s de un espect\u00e1culo. El costo ser\u00e1 de $ 1500 para la primera funci\u00f3n elegida, $ 2000 para quienes adquieran dos y $ 2500 para el caso de comprar el combo de tres funciones, ya sea en el teatro o mediante la plataforma Plateanet.<\/p>\n\n\n\n<p>Adem\u00e1s, quienes posean la tarjeta SOMOS A suman un descuento adicional del 10% en el total de la compra, acerc\u00e1ndose a la boleter\u00eda del teatro, ubicada en Sarmiento 109.<\/p>\n\n\n\n<p>La programaci\u00f3n completa del teatro puede consultarse en&nbsp;<a rel=\"noreferrer noopener\" target=\"_blank\" href=\"http:\/\/www.mda.gob.ar\/teatro-roma\">www.mda.gob.ar\/teatro-roma<\/a><\/p>\n","protected":false},"excerpt":{"rendered":"<p>Una multitud de vecinos disfrut\u00f3 durante el fin de semana de la reapertura del coliseo cultural de Avellaneda, con espect\u00e1culos de alta calidad. Con su sala colmada, el Teatro Roma de Avellaneda dio inicio a una nueva temporada de espect\u00e1culos, que como viene impulsando la gesti\u00f3n municipal durante los \u00faltimos a\u00f1os, mantiene como eje la&#8230;<\/p>\n","protected":false},"author":2,"featured_media":16099,"comment_status":"open","ping_status":"open","sticky":false,"template":"","format":"standard","meta":{"footnotes":""},"categories":[5],"tags":[],"class_list":["post-16098","post","type-post","status-publish","format-standard","has-post-thumbnail","hentry","category-avellaneda"],"featured_image_src":"https:\/\/diarioprincipios.com\/wp-content\/uploads\/2023\/03\/43e2de45-3333-49dc-83e0-188a731e4a3b-1024x681.jpg","blog_images":{"medium":"https:\/\/diarioprincipios.com\/wp-content\/uploads\/2023\/03\/43e2de45-3333-49dc-83e0-188a731e4a3b-300x200.jpg","large":"https:\/\/diarioprincipios.com\/wp-content\/uploads\/2023\/03\/43e2de45-3333-49dc-83e0-188a731e4a3b-1024x681.jpg"},"ams_acf":[],"yoast_head":"<!-- This site is optimized with the Yoast SEO plugin v27.3 - https:\/\/yoast.com\/product\/yoast-seo-wordpress\/ -->\n<title>El Teatro Roma comenz\u00f3 su temporada 2023 a sala llena - Principios<\/title>\n<meta name=\"robots\" content=\"index, follow, max-snippet:-1, max-image-preview:large, max-video-preview:-1\" \/>\n<link rel=\"canonical\" href=\"https:\/\/diarioprincipios.com\/index.php\/2023\/03\/06\/el-teatro-roma-comenzo-su-temporada-2023-a-sala-llena\/\" \/>\n<meta property=\"og:locale\" content=\"es_ES\" \/>\n<meta property=\"og:type\" content=\"article\" \/>\n<meta property=\"og:title\" content=\"El Teatro Roma comenz\u00f3 su temporada 2023 a sala llena - Principios\" \/>\n<meta property=\"og:description\" content=\"Una multitud de vecinos disfrut\u00f3 durante el fin de semana de la reapertura del coliseo cultural de Avellaneda, con espect\u00e1culos de alta calidad. Con su sala colmada, el Teatro Roma de Avellaneda dio inicio a una nueva temporada de espect\u00e1culos, que como viene impulsando la gesti\u00f3n municipal durante los \u00faltimos a\u00f1os, mantiene como eje la...\" \/>\n<meta property=\"og:url\" content=\"https:\/\/diarioprincipios.com\/index.php\/2023\/03\/06\/el-teatro-roma-comenzo-su-temporada-2023-a-sala-llena\/\" \/>\n<meta property=\"og:site_name\" content=\"Principios\" \/>\n<meta property=\"article:published_time\" content=\"2023-03-06T20:45:08+00:00\" \/>\n<meta property=\"article:modified_time\" content=\"2023-03-06T20:45:12+00:00\" \/>\n<meta property=\"og:image\" content=\"https:\/\/diarioprincipios.com\/wp-content\/uploads\/2023\/03\/43e2de45-3333-49dc-83e0-188a731e4a3b.jpg\" \/>\n\t<meta property=\"og:image:width\" content=\"1600\" \/>\n\t<meta property=\"og:image:height\" content=\"1064\" \/>\n\t<meta property=\"og:image:type\" content=\"image\/jpeg\" \/>\n<meta name=\"author\" content=\"Hern\u00e1n L\u00f3pez\" \/>\n<meta name=\"twitter:card\" content=\"summary_large_image\" \/>\n<meta name=\"twitter:label1\" content=\"Escrito por\" \/>\n\t<meta name=\"twitter:data1\" content=\"Hern\u00e1n L\u00f3pez\" \/>\n\t<meta name=\"twitter:label2\" content=\"Tiempo de lectura\" \/>\n\t<meta name=\"twitter:data2\" content=\"2 minutos\" \/>\n<script type=\"application\/ld+json\" class=\"yoast-schema-graph\">{\"@context\":\"https:\\\/\\\/schema.org\",\"@graph\":[{\"@type\":\"Article\",\"@id\":\"https:\\\/\\\/diarioprincipios.com\\\/index.php\\\/2023\\\/03\\\/06\\\/el-teatro-roma-comenzo-su-temporada-2023-a-sala-llena\\\/#article\",\"isPartOf\":{\"@id\":\"https:\\\/\\\/diarioprincipios.com\\\/index.php\\\/2023\\\/03\\\/06\\\/el-teatro-roma-comenzo-su-temporada-2023-a-sala-llena\\\/\"},\"author\":{\"name\":\"Hern\u00e1n L\u00f3pez\",\"@id\":\"https:\\\/\\\/diarioprincipios.com\\\/#\\\/schema\\\/person\\\/436d5a1fd41a5e250e23ff5a6a7cb080\"},\"headline\":\"El Teatro Roma comenz\u00f3 su temporada 2023 a sala llena\",\"datePublished\":\"2023-03-06T20:45:08+00:00\",\"dateModified\":\"2023-03-06T20:45:12+00:00\",\"mainEntityOfPage\":{\"@id\":\"https:\\\/\\\/diarioprincipios.com\\\/index.php\\\/2023\\\/03\\\/06\\\/el-teatro-roma-comenzo-su-temporada-2023-a-sala-llena\\\/\"},\"wordCount\":246,\"commentCount\":0,\"publisher\":{\"@id\":\"https:\\\/\\\/diarioprincipios.com\\\/#organization\"},\"image\":{\"@id\":\"https:\\\/\\\/diarioprincipios.com\\\/index.php\\\/2023\\\/03\\\/06\\\/el-teatro-roma-comenzo-su-temporada-2023-a-sala-llena\\\/#primaryimage\"},\"thumbnailUrl\":\"https:\\\/\\\/diarioprincipios.com\\\/wp-content\\\/uploads\\\/2023\\\/03\\\/43e2de45-3333-49dc-83e0-188a731e4a3b.jpg\",\"articleSection\":[\"Avellaneda\"],\"inLanguage\":\"es\",\"potentialAction\":[{\"@type\":\"CommentAction\",\"name\":\"Comment\",\"target\":[\"https:\\\/\\\/diarioprincipios.com\\\/index.php\\\/2023\\\/03\\\/06\\\/el-teatro-roma-comenzo-su-temporada-2023-a-sala-llena\\\/#respond\"]}]},{\"@type\":\"WebPage\",\"@id\":\"https:\\\/\\\/diarioprincipios.com\\\/index.php\\\/2023\\\/03\\\/06\\\/el-teatro-roma-comenzo-su-temporada-2023-a-sala-llena\\\/\",\"url\":\"https:\\\/\\\/diarioprincipios.com\\\/index.php\\\/2023\\\/03\\\/06\\\/el-teatro-roma-comenzo-su-temporada-2023-a-sala-llena\\\/\",\"name\":\"El Teatro Roma comenz\u00f3 su temporada 2023 a sala llena - Principios\",\"isPartOf\":{\"@id\":\"https:\\\/\\\/diarioprincipios.com\\\/#website\"},\"primaryImageOfPage\":{\"@id\":\"https:\\\/\\\/diarioprincipios.com\\\/index.php\\\/2023\\\/03\\\/06\\\/el-teatro-roma-comenzo-su-temporada-2023-a-sala-llena\\\/#primaryimage\"},\"image\":{\"@id\":\"https:\\\/\\\/diarioprincipios.com\\\/index.php\\\/2023\\\/03\\\/06\\\/el-teatro-roma-comenzo-su-temporada-2023-a-sala-llena\\\/#primaryimage\"},\"thumbnailUrl\":\"https:\\\/\\\/diarioprincipios.com\\\/wp-content\\\/uploads\\\/2023\\\/03\\\/43e2de45-3333-49dc-83e0-188a731e4a3b.jpg\",\"datePublished\":\"2023-03-06T20:45:08+00:00\",\"dateModified\":\"2023-03-06T20:45:12+00:00\",\"breadcrumb\":{\"@id\":\"https:\\\/\\\/diarioprincipios.com\\\/index.php\\\/2023\\\/03\\\/06\\\/el-teatro-roma-comenzo-su-temporada-2023-a-sala-llena\\\/#breadcrumb\"},\"inLanguage\":\"es\",\"potentialAction\":[{\"@type\":\"ReadAction\",\"target\":[\"https:\\\/\\\/diarioprincipios.com\\\/index.php\\\/2023\\\/03\\\/06\\\/el-teatro-roma-comenzo-su-temporada-2023-a-sala-llena\\\/\"]}]},{\"@type\":\"ImageObject\",\"inLanguage\":\"es\",\"@id\":\"https:\\\/\\\/diarioprincipios.com\\\/index.php\\\/2023\\\/03\\\/06\\\/el-teatro-roma-comenzo-su-temporada-2023-a-sala-llena\\\/#primaryimage\",\"url\":\"https:\\\/\\\/diarioprincipios.com\\\/wp-content\\\/uploads\\\/2023\\\/03\\\/43e2de45-3333-49dc-83e0-188a731e4a3b.jpg\",\"contentUrl\":\"https:\\\/\\\/diarioprincipios.com\\\/wp-content\\\/uploads\\\/2023\\\/03\\\/43e2de45-3333-49dc-83e0-188a731e4a3b.jpg\",\"width\":1600,\"height\":1064},{\"@type\":\"BreadcrumbList\",\"@id\":\"https:\\\/\\\/diarioprincipios.com\\\/index.php\\\/2023\\\/03\\\/06\\\/el-teatro-roma-comenzo-su-temporada-2023-a-sala-llena\\\/#breadcrumb\",\"itemListElement\":[{\"@type\":\"ListItem\",\"position\":1,\"name\":\"Portada\",\"item\":\"https:\\\/\\\/diarioprincipios.com\\\/\"},{\"@type\":\"ListItem\",\"position\":2,\"name\":\"El Teatro Roma comenz\u00f3 su temporada 2023 a sala llena\"}]},{\"@type\":\"WebSite\",\"@id\":\"https:\\\/\\\/diarioprincipios.com\\\/#website\",\"url\":\"https:\\\/\\\/diarioprincipios.com\\\/\",\"name\":\"Principios\",\"description\":\"Principios Diario\",\"publisher\":{\"@id\":\"https:\\\/\\\/diarioprincipios.com\\\/#organization\"},\"potentialAction\":[{\"@type\":\"SearchAction\",\"target\":{\"@type\":\"EntryPoint\",\"urlTemplate\":\"https:\\\/\\\/diarioprincipios.com\\\/?s={search_term_string}\"},\"query-input\":{\"@type\":\"PropertyValueSpecification\",\"valueRequired\":true,\"valueName\":\"search_term_string\"}}],\"inLanguage\":\"es\"},{\"@type\":\"Organization\",\"@id\":\"https:\\\/\\\/diarioprincipios.com\\\/#organization\",\"name\":\"Principios\",\"url\":\"https:\\\/\\\/diarioprincipios.com\\\/\",\"logo\":{\"@type\":\"ImageObject\",\"inLanguage\":\"es\",\"@id\":\"https:\\\/\\\/diarioprincipios.com\\\/#\\\/schema\\\/logo\\\/image\\\/\",\"url\":\"https:\\\/\\\/diarioprincipios.com\\\/wp-content\\\/uploads\\\/2024\\\/04\\\/cropped-www.diarioprincipios.com_-1.png\",\"contentUrl\":\"https:\\\/\\\/diarioprincipios.com\\\/wp-content\\\/uploads\\\/2024\\\/04\\\/cropped-www.diarioprincipios.com_-1.png\",\"width\":5325,\"height\":1454,\"caption\":\"Principios\"},\"image\":{\"@id\":\"https:\\\/\\\/diarioprincipios.com\\\/#\\\/schema\\\/logo\\\/image\\\/\"}},{\"@type\":\"Person\",\"@id\":\"https:\\\/\\\/diarioprincipios.com\\\/#\\\/schema\\\/person\\\/436d5a1fd41a5e250e23ff5a6a7cb080\",\"name\":\"Hern\u00e1n L\u00f3pez\",\"image\":{\"@type\":\"ImageObject\",\"inLanguage\":\"es\",\"@id\":\"https:\\\/\\\/diarioprincipios.com\\\/wp-content\\\/litespeed\\\/avatar\\\/11ddfe5610ff3bd100522525b2571f48.jpg?ver=1777048341\",\"url\":\"https:\\\/\\\/diarioprincipios.com\\\/wp-content\\\/litespeed\\\/avatar\\\/11ddfe5610ff3bd100522525b2571f48.jpg?ver=1777048341\",\"contentUrl\":\"https:\\\/\\\/diarioprincipios.com\\\/wp-content\\\/litespeed\\\/avatar\\\/11ddfe5610ff3bd100522525b2571f48.jpg?ver=1777048341\",\"caption\":\"Hern\u00e1n L\u00f3pez\"},\"url\":\"https:\\\/\\\/diarioprincipios.com\\\/index.php\\\/author\\\/hernan\\\/\"}]}<\/script>\n<!-- \/ Yoast SEO plugin. -->","yoast_head_json":{"title":"El Teatro Roma comenz\u00f3 su temporada 2023 a sala llena - Principios","robots":{"index":"index","follow":"follow","max-snippet":"max-snippet:-1","max-image-preview":"max-image-preview:large","max-video-preview":"max-video-preview:-1"},"canonical":"https:\/\/diarioprincipios.com\/index.php\/2023\/03\/06\/el-teatro-roma-comenzo-su-temporada-2023-a-sala-llena\/","og_locale":"es_ES","og_type":"article","og_title":"El Teatro Roma comenz\u00f3 su temporada 2023 a sala llena - Principios","og_description":"Una multitud de vecinos disfrut\u00f3 durante el fin de semana de la reapertura del coliseo cultural de Avellaneda, con espect\u00e1culos de alta calidad. Con su sala colmada, el Teatro Roma de Avellaneda dio inicio a una nueva temporada de espect\u00e1culos, que como viene impulsando la gesti\u00f3n municipal durante los \u00faltimos a\u00f1os, mantiene como eje la...","og_url":"https:\/\/diarioprincipios.com\/index.php\/2023\/03\/06\/el-teatro-roma-comenzo-su-temporada-2023-a-sala-llena\/","og_site_name":"Principios","article_published_time":"2023-03-06T20:45:08+00:00","article_modified_time":"2023-03-06T20:45:12+00:00","og_image":[{"width":1600,"height":1064,"url":"https:\/\/diarioprincipios.com\/wp-content\/uploads\/2023\/03\/43e2de45-3333-49dc-83e0-188a731e4a3b.jpg","type":"image\/jpeg"}],"author":"Hern\u00e1n L\u00f3pez","twitter_card":"summary_large_image","twitter_misc":{"Escrito por":"Hern\u00e1n L\u00f3pez","Tiempo de lectura":"2 minutos"},"schema":{"@context":"https:\/\/schema.org","@graph":[{"@type":"Article","@id":"https:\/\/diarioprincipios.com\/index.php\/2023\/03\/06\/el-teatro-roma-comenzo-su-temporada-2023-a-sala-llena\/#article","isPartOf":{"@id":"https:\/\/diarioprincipios.com\/index.php\/2023\/03\/06\/el-teatro-roma-comenzo-su-temporada-2023-a-sala-llena\/"},"author":{"name":"Hern\u00e1n L\u00f3pez","@id":"https:\/\/diarioprincipios.com\/#\/schema\/person\/436d5a1fd41a5e250e23ff5a6a7cb080"},"headline":"El Teatro Roma comenz\u00f3 su temporada 2023 a sala llena","datePublished":"2023-03-06T20:45:08+00:00","dateModified":"2023-03-06T20:45:12+00:00","mainEntityOfPage":{"@id":"https:\/\/diarioprincipios.com\/index.php\/2023\/03\/06\/el-teatro-roma-comenzo-su-temporada-2023-a-sala-llena\/"},"wordCount":246,"commentCount":0,"publisher":{"@id":"https:\/\/diarioprincipios.com\/#organization"},"image":{"@id":"https:\/\/diarioprincipios.com\/index.php\/2023\/03\/06\/el-teatro-roma-comenzo-su-temporada-2023-a-sala-llena\/#primaryimage"},"thumbnailUrl":"https:\/\/diarioprincipios.com\/wp-content\/uploads\/2023\/03\/43e2de45-3333-49dc-83e0-188a731e4a3b.jpg","articleSection":["Avellaneda"],"inLanguage":"es","potentialAction":[{"@type":"CommentAction","name":"Comment","target":["https:\/\/diarioprincipios.com\/index.php\/2023\/03\/06\/el-teatro-roma-comenzo-su-temporada-2023-a-sala-llena\/#respond"]}]},{"@type":"WebPage","@id":"https:\/\/diarioprincipios.com\/index.php\/2023\/03\/06\/el-teatro-roma-comenzo-su-temporada-2023-a-sala-llena\/","url":"https:\/\/diarioprincipios.com\/index.php\/2023\/03\/06\/el-teatro-roma-comenzo-su-temporada-2023-a-sala-llena\/","name":"El Teatro Roma comenz\u00f3 su temporada 2023 a sala llena - Principios","isPartOf":{"@id":"https:\/\/diarioprincipios.com\/#website"},"primaryImageOfPage":{"@id":"https:\/\/diarioprincipios.com\/index.php\/2023\/03\/06\/el-teatro-roma-comenzo-su-temporada-2023-a-sala-llena\/#primaryimage"},"image":{"@id":"https:\/\/diarioprincipios.com\/index.php\/2023\/03\/06\/el-teatro-roma-comenzo-su-temporada-2023-a-sala-llena\/#primaryimage"},"thumbnailUrl":"https:\/\/diarioprincipios.com\/wp-content\/uploads\/2023\/03\/43e2de45-3333-49dc-83e0-188a731e4a3b.jpg","datePublished":"2023-03-06T20:45:08+00:00","dateModified":"2023-03-06T20:45:12+00:00","breadcrumb":{"@id":"https:\/\/diarioprincipios.com\/index.php\/2023\/03\/06\/el-teatro-roma-comenzo-su-temporada-2023-a-sala-llena\/#breadcrumb"},"inLanguage":"es","potentialAction":[{"@type":"ReadAction","target":["https:\/\/diarioprincipios.com\/index.php\/2023\/03\/06\/el-teatro-roma-comenzo-su-temporada-2023-a-sala-llena\/"]}]},{"@type":"ImageObject","inLanguage":"es","@id":"https:\/\/diarioprincipios.com\/index.php\/2023\/03\/06\/el-teatro-roma-comenzo-su-temporada-2023-a-sala-llena\/#primaryimage","url":"https:\/\/diarioprincipios.com\/wp-content\/uploads\/2023\/03\/43e2de45-3333-49dc-83e0-188a731e4a3b.jpg","contentUrl":"https:\/\/diarioprincipios.com\/wp-content\/uploads\/2023\/03\/43e2de45-3333-49dc-83e0-188a731e4a3b.jpg","width":1600,"height":1064},{"@type":"BreadcrumbList","@id":"https:\/\/diarioprincipios.com\/index.php\/2023\/03\/06\/el-teatro-roma-comenzo-su-temporada-2023-a-sala-llena\/#breadcrumb","itemListElement":[{"@type":"ListItem","position":1,"name":"Portada","item":"https:\/\/diarioprincipios.com\/"},{"@type":"ListItem","position":2,"name":"El Teatro Roma comenz\u00f3 su temporada 2023 a sala llena"}]},{"@type":"WebSite","@id":"https:\/\/diarioprincipios.com\/#website","url":"https:\/\/diarioprincipios.com\/","name":"Principios","description":"Principios Diario","publisher":{"@id":"https:\/\/diarioprincipios.com\/#organization"},"potentialAction":[{"@type":"SearchAction","target":{"@type":"EntryPoint","urlTemplate":"https:\/\/diarioprincipios.com\/?s={search_term_string}"},"query-input":{"@type":"PropertyValueSpecification","valueRequired":true,"valueName":"search_term_string"}}],"inLanguage":"es"},{"@type":"Organization","@id":"https:\/\/diarioprincipios.com\/#organization","name":"Principios","url":"https:\/\/diarioprincipios.com\/","logo":{"@type":"ImageObject","inLanguage":"es","@id":"https:\/\/diarioprincipios.com\/#\/schema\/logo\/image\/","url":"https:\/\/diarioprincipios.com\/wp-content\/uploads\/2024\/04\/cropped-www.diarioprincipios.com_-1.png","contentUrl":"https:\/\/diarioprincipios.com\/wp-content\/uploads\/2024\/04\/cropped-www.diarioprincipios.com_-1.png","width":5325,"height":1454,"caption":"Principios"},"image":{"@id":"https:\/\/diarioprincipios.com\/#\/schema\/logo\/image\/"}},{"@type":"Person","@id":"https:\/\/diarioprincipios.com\/#\/schema\/person\/436d5a1fd41a5e250e23ff5a6a7cb080","name":"Hern\u00e1n L\u00f3pez","image":{"@type":"ImageObject","inLanguage":"es","@id":"https:\/\/diarioprincipios.com\/wp-content\/litespeed\/avatar\/11ddfe5610ff3bd100522525b2571f48.jpg?ver=1777048341","url":"https:\/\/diarioprincipios.com\/wp-content\/litespeed\/avatar\/11ddfe5610ff3bd100522525b2571f48.jpg?ver=1777048341","contentUrl":"https:\/\/diarioprincipios.com\/wp-content\/litespeed\/avatar\/11ddfe5610ff3bd100522525b2571f48.jpg?ver=1777048341","caption":"Hern\u00e1n L\u00f3pez"},"url":"https:\/\/diarioprincipios.com\/index.php\/author\/hernan\/"}]}},"jetpack_featured_media_url":"https:\/\/diarioprincipios.com\/wp-content\/uploads\/2023\/03\/43e2de45-3333-49dc-83e0-188a731e4a3b.jpg","_links":{"self":[{"href":"https:\/\/diarioprincipios.com\/index.php\/wp-json\/wp\/v2\/posts\/16098","targetHints":{"allow":["GET"]}}],"collection":[{"href":"https:\/\/diarioprincipios.com\/index.php\/wp-json\/wp\/v2\/posts"}],"about":[{"href":"https:\/\/diarioprincipios.com\/index.php\/wp-json\/wp\/v2\/types\/post"}],"author":[{"embeddable":true,"href":"https:\/\/diarioprincipios.com\/index.php\/wp-json\/wp\/v2\/users\/2"}],"replies":[{"embeddable":true,"href":"https:\/\/diarioprincipios.com\/index.php\/wp-json\/wp\/v2\/comments?post=16098"}],"version-history":[{"count":1,"href":"https:\/\/diarioprincipios.com\/index.php\/wp-json\/wp\/v2\/posts\/16098\/revisions"}],"predecessor-version":[{"id":16100,"href":"https:\/\/diarioprincipios.com\/index.php\/wp-json\/wp\/v2\/posts\/16098\/revisions\/16100"}],"wp:featuredmedia":[{"embeddable":true,"href":"https:\/\/diarioprincipios.com\/index.php\/wp-json\/wp\/v2\/media\/16099"}],"wp:attachment":[{"href":"https:\/\/diarioprincipios.com\/index.php\/wp-json\/wp\/v2\/media?parent=16098"}],"wp:term":[{"taxonomy":"category","embeddable":true,"href":"https:\/\/diarioprincipios.com\/index.php\/wp-json\/wp\/v2\/categories?post=16098"},{"taxonomy":"post_tag","embeddable":true,"href":"https:\/\/diarioprincipios.com\/index.php\/wp-json\/wp\/v2\/tags?post=16098"}],"curies":[{"name":"wp","href":"https:\/\/api.w.org\/{rel}","templated":true}]}}