{"id":16092,"date":"2023-03-05T18:27:09","date_gmt":"2023-03-05T21:27:09","guid":{"rendered":"http:\/\/diarioprincipios.com\/?p=16092"},"modified":"2023-03-05T18:27:12","modified_gmt":"2023-03-05T21:27:12","slug":"mussi-pidio-quitarle-la-concesion-a-edesur-y-califico-el-servicio-como-una-verguenza","status":"publish","type":"post","link":"https:\/\/diarioprincipios.com\/index.php\/2023\/03\/05\/mussi-pidio-quitarle-la-concesion-a-edesur-y-califico-el-servicio-como-una-verguenza\/","title":{"rendered":"Mussi pidi\u00f3 quitarle la concesi\u00f3n a Edesur y calific\u00f3 el servicio como \u00abUna Verg\u00fcenza\u00bb"},"content":{"rendered":"\n<p>El intendente de Berazategui, Juan Jos\u00e9 Mussi, pidi\u00f3 que se le suspenda la concesi\u00f3n a EDESUR. Adem\u00e1s, anunci\u00f3 que la Municipalidad nuevamente llevar\u00e1 a Edesur a la Justicia.<\/p>\n\n\n\n<p>\u201cEn Berazategui, desde hace MUCHOS a\u00f1os le exigimos a Edesur -a trav\u00e9s de NUMEROSAS DENUNCIAS EN LA JUSTICIA- el mantenimiento e inversi\u00f3n para brindar el suministro de energ\u00eda el\u00e9ctrica como corresponde. A pesar de que existen fallos a nuestro favor, Edesur NO CUMPLE\u201d, comenz\u00f3 Mussi.<\/p>\n\n\n\n<p>Seguidamente, se\u00f1al\u00f3: \u201cEn Berazategui, los cortes de energ\u00eda nos afectan de manera doble, porque paralizan los pozos de agua, generando problemas y fallas en el suministro. Por eso, PRESENTAREMOS UNA NUEVA MEDIDA CAUTELAR contra Edesur basada en lo sanitario\u201d.<\/p>\n\n\n\n<p>En este sentido, Mussi enfatiz\u00f3: \u201cPEDIMOS adem\u00e1s que se SUSPENDA LA CONCESI\u00d3N DEL SERVICIO A EDESUR\u201d.<\/p>\n\n\n\n<p>Finalmente, subray\u00f3: \u201cDesde el 2014 Berazategui mantiene una lucha judicial incansable contra Edesur QUE NO VAMOS A DETENER porque su servicio es una verdadera VERG\u00dcENZA!\u201d.<\/p>\n","protected":false},"excerpt":{"rendered":"<p>El intendente de Berazategui, Juan Jos\u00e9 Mussi, pidi\u00f3 que se le suspenda la concesi\u00f3n a EDESUR. Adem\u00e1s, anunci\u00f3 que la Municipalidad nuevamente llevar\u00e1 a Edesur a la Justicia. \u201cEn Berazategui, desde hace MUCHOS a\u00f1os le exigimos a Edesur -a trav\u00e9s de NUMEROSAS DENUNCIAS EN LA JUSTICIA- el mantenimiento e inversi\u00f3n para brindar el suministro de&#8230;<\/p>\n","protected":false},"author":2,"featured_media":16093,"comment_status":"open","ping_status":"open","sticky":false,"template":"","format":"standard","meta":{"footnotes":""},"categories":[3],"tags":[],"class_list":["post-16092","post","type-post","status-publish","format-standard","has-post-thumbnail","hentry","category-berazategui"],"featured_image_src":"https:\/\/diarioprincipios.com\/wp-content\/uploads\/2023\/03\/62b7acbf5c5f5_940_529.png","blog_images":{"medium":"https:\/\/diarioprincipios.com\/wp-content\/uploads\/2023\/03\/62b7acbf5c5f5_940_529-300x169.png","large":"https:\/\/diarioprincipios.com\/wp-content\/uploads\/2023\/03\/62b7acbf5c5f5_940_529.png"},"ams_acf":[],"yoast_head":"<!-- This site is optimized with the Yoast SEO plugin v27.3 - https:\/\/yoast.com\/product\/yoast-seo-wordpress\/ -->\n<title>Mussi pidi\u00f3 quitarle la concesi\u00f3n a Edesur y calific\u00f3 el servicio como &quot;Una Verg\u00fcenza&quot; - Principios<\/title>\n<meta name=\"robots\" content=\"index, follow, max-snippet:-1, max-image-preview:large, max-video-preview:-1\" \/>\n<link rel=\"canonical\" href=\"https:\/\/diarioprincipios.com\/index.php\/2023\/03\/05\/mussi-pidio-quitarle-la-concesion-a-edesur-y-califico-el-servicio-como-una-verguenza\/\" \/>\n<meta property=\"og:locale\" content=\"es_ES\" \/>\n<meta property=\"og:type\" content=\"article\" \/>\n<meta property=\"og:title\" content=\"Mussi pidi\u00f3 quitarle la concesi\u00f3n a Edesur y calific\u00f3 el servicio como &quot;Una Verg\u00fcenza&quot; - Principios\" \/>\n<meta property=\"og:description\" content=\"El intendente de Berazategui, Juan Jos\u00e9 Mussi, pidi\u00f3 que se le suspenda la concesi\u00f3n a EDESUR. Adem\u00e1s, anunci\u00f3 que la Municipalidad nuevamente llevar\u00e1 a Edesur a la Justicia. \u201cEn Berazategui, desde hace MUCHOS a\u00f1os le exigimos a Edesur -a trav\u00e9s de NUMEROSAS DENUNCIAS EN LA JUSTICIA- el mantenimiento e inversi\u00f3n para brindar el suministro de...\" \/>\n<meta property=\"og:url\" content=\"https:\/\/diarioprincipios.com\/index.php\/2023\/03\/05\/mussi-pidio-quitarle-la-concesion-a-edesur-y-califico-el-servicio-como-una-verguenza\/\" \/>\n<meta property=\"og:site_name\" content=\"Principios\" \/>\n<meta property=\"article:published_time\" content=\"2023-03-05T21:27:09+00:00\" \/>\n<meta property=\"article:modified_time\" content=\"2023-03-05T21:27:12+00:00\" \/>\n<meta property=\"og:image\" content=\"https:\/\/diarioprincipios.com\/wp-content\/uploads\/2023\/03\/62b7acbf5c5f5_940_529.png\" \/>\n\t<meta property=\"og:image:width\" content=\"940\" \/>\n\t<meta property=\"og:image:height\" content=\"529\" \/>\n\t<meta property=\"og:image:type\" content=\"image\/png\" \/>\n<meta name=\"author\" content=\"Hern\u00e1n L\u00f3pez\" \/>\n<meta name=\"twitter:card\" content=\"summary_large_image\" \/>\n<meta name=\"twitter:label1\" content=\"Escrito por\" \/>\n\t<meta name=\"twitter:data1\" content=\"Hern\u00e1n L\u00f3pez\" \/>\n\t<meta name=\"twitter:label2\" content=\"Tiempo de lectura\" \/>\n\t<meta name=\"twitter:data2\" content=\"1 minuto\" \/>\n<script type=\"application\/ld+json\" class=\"yoast-schema-graph\">{\"@context\":\"https:\\\/\\\/schema.org\",\"@graph\":[{\"@type\":\"Article\",\"@id\":\"https:\\\/\\\/diarioprincipios.com\\\/index.php\\\/2023\\\/03\\\/05\\\/mussi-pidio-quitarle-la-concesion-a-edesur-y-califico-el-servicio-como-una-verguenza\\\/#article\",\"isPartOf\":{\"@id\":\"https:\\\/\\\/diarioprincipios.com\\\/index.php\\\/2023\\\/03\\\/05\\\/mussi-pidio-quitarle-la-concesion-a-edesur-y-califico-el-servicio-como-una-verguenza\\\/\"},\"author\":{\"name\":\"Hern\u00e1n L\u00f3pez\",\"@id\":\"https:\\\/\\\/diarioprincipios.com\\\/#\\\/schema\\\/person\\\/436d5a1fd41a5e250e23ff5a6a7cb080\"},\"headline\":\"Mussi pidi\u00f3 quitarle la concesi\u00f3n a Edesur y calific\u00f3 el servicio como \u00abUna Verg\u00fcenza\u00bb\",\"datePublished\":\"2023-03-05T21:27:09+00:00\",\"dateModified\":\"2023-03-05T21:27:12+00:00\",\"mainEntityOfPage\":{\"@id\":\"https:\\\/\\\/diarioprincipios.com\\\/index.php\\\/2023\\\/03\\\/05\\\/mussi-pidio-quitarle-la-concesion-a-edesur-y-califico-el-servicio-como-una-verguenza\\\/\"},\"wordCount\":180,\"commentCount\":0,\"publisher\":{\"@id\":\"https:\\\/\\\/diarioprincipios.com\\\/#organization\"},\"image\":{\"@id\":\"https:\\\/\\\/diarioprincipios.com\\\/index.php\\\/2023\\\/03\\\/05\\\/mussi-pidio-quitarle-la-concesion-a-edesur-y-califico-el-servicio-como-una-verguenza\\\/#primaryimage\"},\"thumbnailUrl\":\"https:\\\/\\\/diarioprincipios.com\\\/wp-content\\\/uploads\\\/2023\\\/03\\\/62b7acbf5c5f5_940_529.png\",\"articleSection\":[\"Berazategui\"],\"inLanguage\":\"es\",\"potentialAction\":[{\"@type\":\"CommentAction\",\"name\":\"Comment\",\"target\":[\"https:\\\/\\\/diarioprincipios.com\\\/index.php\\\/2023\\\/03\\\/05\\\/mussi-pidio-quitarle-la-concesion-a-edesur-y-califico-el-servicio-como-una-verguenza\\\/#respond\"]}]},{\"@type\":\"WebPage\",\"@id\":\"https:\\\/\\\/diarioprincipios.com\\\/index.php\\\/2023\\\/03\\\/05\\\/mussi-pidio-quitarle-la-concesion-a-edesur-y-califico-el-servicio-como-una-verguenza\\\/\",\"url\":\"https:\\\/\\\/diarioprincipios.com\\\/index.php\\\/2023\\\/03\\\/05\\\/mussi-pidio-quitarle-la-concesion-a-edesur-y-califico-el-servicio-como-una-verguenza\\\/\",\"name\":\"Mussi pidi\u00f3 quitarle la concesi\u00f3n a Edesur y calific\u00f3 el servicio como \\\"Una Verg\u00fcenza\\\" - Principios\",\"isPartOf\":{\"@id\":\"https:\\\/\\\/diarioprincipios.com\\\/#website\"},\"primaryImageOfPage\":{\"@id\":\"https:\\\/\\\/diarioprincipios.com\\\/index.php\\\/2023\\\/03\\\/05\\\/mussi-pidio-quitarle-la-concesion-a-edesur-y-califico-el-servicio-como-una-verguenza\\\/#primaryimage\"},\"image\":{\"@id\":\"https:\\\/\\\/diarioprincipios.com\\\/index.php\\\/2023\\\/03\\\/05\\\/mussi-pidio-quitarle-la-concesion-a-edesur-y-califico-el-servicio-como-una-verguenza\\\/#primaryimage\"},\"thumbnailUrl\":\"https:\\\/\\\/diarioprincipios.com\\\/wp-content\\\/uploads\\\/2023\\\/03\\\/62b7acbf5c5f5_940_529.png\",\"datePublished\":\"2023-03-05T21:27:09+00:00\",\"dateModified\":\"2023-03-05T21:27:12+00:00\",\"breadcrumb\":{\"@id\":\"https:\\\/\\\/diarioprincipios.com\\\/index.php\\\/2023\\\/03\\\/05\\\/mussi-pidio-quitarle-la-concesion-a-edesur-y-califico-el-servicio-como-una-verguenza\\\/#breadcrumb\"},\"inLanguage\":\"es\",\"potentialAction\":[{\"@type\":\"ReadAction\",\"target\":[\"https:\\\/\\\/diarioprincipios.com\\\/index.php\\\/2023\\\/03\\\/05\\\/mussi-pidio-quitarle-la-concesion-a-edesur-y-califico-el-servicio-como-una-verguenza\\\/\"]}]},{\"@type\":\"ImageObject\",\"inLanguage\":\"es\",\"@id\":\"https:\\\/\\\/diarioprincipios.com\\\/index.php\\\/2023\\\/03\\\/05\\\/mussi-pidio-quitarle-la-concesion-a-edesur-y-califico-el-servicio-como-una-verguenza\\\/#primaryimage\",\"url\":\"https:\\\/\\\/diarioprincipios.com\\\/wp-content\\\/uploads\\\/2023\\\/03\\\/62b7acbf5c5f5_940_529.png\",\"contentUrl\":\"https:\\\/\\\/diarioprincipios.com\\\/wp-content\\\/uploads\\\/2023\\\/03\\\/62b7acbf5c5f5_940_529.png\",\"width\":940,\"height\":529},{\"@type\":\"BreadcrumbList\",\"@id\":\"https:\\\/\\\/diarioprincipios.com\\\/index.php\\\/2023\\\/03\\\/05\\\/mussi-pidio-quitarle-la-concesion-a-edesur-y-califico-el-servicio-como-una-verguenza\\\/#breadcrumb\",\"itemListElement\":[{\"@type\":\"ListItem\",\"position\":1,\"name\":\"Portada\",\"item\":\"https:\\\/\\\/diarioprincipios.com\\\/\"},{\"@type\":\"ListItem\",\"position\":2,\"name\":\"Mussi pidi\u00f3 quitarle la concesi\u00f3n a Edesur y calific\u00f3 el servicio como \u00abUna Verg\u00fcenza\u00bb\"}]},{\"@type\":\"WebSite\",\"@id\":\"https:\\\/\\\/diarioprincipios.com\\\/#website\",\"url\":\"https:\\\/\\\/diarioprincipios.com\\\/\",\"name\":\"Principios\",\"description\":\"Principios Diario\",\"publisher\":{\"@id\":\"https:\\\/\\\/diarioprincipios.com\\\/#organization\"},\"potentialAction\":[{\"@type\":\"SearchAction\",\"target\":{\"@type\":\"EntryPoint\",\"urlTemplate\":\"https:\\\/\\\/diarioprincipios.com\\\/?s={search_term_string}\"},\"query-input\":{\"@type\":\"PropertyValueSpecification\",\"valueRequired\":true,\"valueName\":\"search_term_string\"}}],\"inLanguage\":\"es\"},{\"@type\":\"Organization\",\"@id\":\"https:\\\/\\\/diarioprincipios.com\\\/#organization\",\"name\":\"Principios\",\"url\":\"https:\\\/\\\/diarioprincipios.com\\\/\",\"logo\":{\"@type\":\"ImageObject\",\"inLanguage\":\"es\",\"@id\":\"https:\\\/\\\/diarioprincipios.com\\\/#\\\/schema\\\/logo\\\/image\\\/\",\"url\":\"https:\\\/\\\/diarioprincipios.com\\\/wp-content\\\/uploads\\\/2024\\\/04\\\/cropped-www.diarioprincipios.com_-1.png\",\"contentUrl\":\"https:\\\/\\\/diarioprincipios.com\\\/wp-content\\\/uploads\\\/2024\\\/04\\\/cropped-www.diarioprincipios.com_-1.png\",\"width\":5325,\"height\":1454,\"caption\":\"Principios\"},\"image\":{\"@id\":\"https:\\\/\\\/diarioprincipios.com\\\/#\\\/schema\\\/logo\\\/image\\\/\"}},{\"@type\":\"Person\",\"@id\":\"https:\\\/\\\/diarioprincipios.com\\\/#\\\/schema\\\/person\\\/436d5a1fd41a5e250e23ff5a6a7cb080\",\"name\":\"Hern\u00e1n L\u00f3pez\",\"image\":{\"@type\":\"ImageObject\",\"inLanguage\":\"es\",\"@id\":\"https:\\\/\\\/diarioprincipios.com\\\/wp-content\\\/litespeed\\\/avatar\\\/11ddfe5610ff3bd100522525b2571f48.jpg?ver=1777048341\",\"url\":\"https:\\\/\\\/diarioprincipios.com\\\/wp-content\\\/litespeed\\\/avatar\\\/11ddfe5610ff3bd100522525b2571f48.jpg?ver=1777048341\",\"contentUrl\":\"https:\\\/\\\/diarioprincipios.com\\\/wp-content\\\/litespeed\\\/avatar\\\/11ddfe5610ff3bd100522525b2571f48.jpg?ver=1777048341\",\"caption\":\"Hern\u00e1n L\u00f3pez\"},\"url\":\"https:\\\/\\\/diarioprincipios.com\\\/index.php\\\/author\\\/hernan\\\/\"}]}<\/script>\n<!-- \/ Yoast SEO plugin. -->","yoast_head_json":{"title":"Mussi pidi\u00f3 quitarle la concesi\u00f3n a Edesur y calific\u00f3 el servicio como \"Una Verg\u00fcenza\" - Principios","robots":{"index":"index","follow":"follow","max-snippet":"max-snippet:-1","max-image-preview":"max-image-preview:large","max-video-preview":"max-video-preview:-1"},"canonical":"https:\/\/diarioprincipios.com\/index.php\/2023\/03\/05\/mussi-pidio-quitarle-la-concesion-a-edesur-y-califico-el-servicio-como-una-verguenza\/","og_locale":"es_ES","og_type":"article","og_title":"Mussi pidi\u00f3 quitarle la concesi\u00f3n a Edesur y calific\u00f3 el servicio como \"Una Verg\u00fcenza\" - Principios","og_description":"El intendente de Berazategui, Juan Jos\u00e9 Mussi, pidi\u00f3 que se le suspenda la concesi\u00f3n a EDESUR. Adem\u00e1s, anunci\u00f3 que la Municipalidad nuevamente llevar\u00e1 a Edesur a la Justicia. \u201cEn Berazategui, desde hace MUCHOS a\u00f1os le exigimos a Edesur -a trav\u00e9s de NUMEROSAS DENUNCIAS EN LA JUSTICIA- el mantenimiento e inversi\u00f3n para brindar el suministro de...","og_url":"https:\/\/diarioprincipios.com\/index.php\/2023\/03\/05\/mussi-pidio-quitarle-la-concesion-a-edesur-y-califico-el-servicio-como-una-verguenza\/","og_site_name":"Principios","article_published_time":"2023-03-05T21:27:09+00:00","article_modified_time":"2023-03-05T21:27:12+00:00","og_image":[{"width":940,"height":529,"url":"https:\/\/diarioprincipios.com\/wp-content\/uploads\/2023\/03\/62b7acbf5c5f5_940_529.png","type":"image\/png"}],"author":"Hern\u00e1n L\u00f3pez","twitter_card":"summary_large_image","twitter_misc":{"Escrito por":"Hern\u00e1n L\u00f3pez","Tiempo de lectura":"1 minuto"},"schema":{"@context":"https:\/\/schema.org","@graph":[{"@type":"Article","@id":"https:\/\/diarioprincipios.com\/index.php\/2023\/03\/05\/mussi-pidio-quitarle-la-concesion-a-edesur-y-califico-el-servicio-como-una-verguenza\/#article","isPartOf":{"@id":"https:\/\/diarioprincipios.com\/index.php\/2023\/03\/05\/mussi-pidio-quitarle-la-concesion-a-edesur-y-califico-el-servicio-como-una-verguenza\/"},"author":{"name":"Hern\u00e1n L\u00f3pez","@id":"https:\/\/diarioprincipios.com\/#\/schema\/person\/436d5a1fd41a5e250e23ff5a6a7cb080"},"headline":"Mussi pidi\u00f3 quitarle la concesi\u00f3n a Edesur y calific\u00f3 el servicio como \u00abUna Verg\u00fcenza\u00bb","datePublished":"2023-03-05T21:27:09+00:00","dateModified":"2023-03-05T21:27:12+00:00","mainEntityOfPage":{"@id":"https:\/\/diarioprincipios.com\/index.php\/2023\/03\/05\/mussi-pidio-quitarle-la-concesion-a-edesur-y-califico-el-servicio-como-una-verguenza\/"},"wordCount":180,"commentCount":0,"publisher":{"@id":"https:\/\/diarioprincipios.com\/#organization"},"image":{"@id":"https:\/\/diarioprincipios.com\/index.php\/2023\/03\/05\/mussi-pidio-quitarle-la-concesion-a-edesur-y-califico-el-servicio-como-una-verguenza\/#primaryimage"},"thumbnailUrl":"https:\/\/diarioprincipios.com\/wp-content\/uploads\/2023\/03\/62b7acbf5c5f5_940_529.png","articleSection":["Berazategui"],"inLanguage":"es","potentialAction":[{"@type":"CommentAction","name":"Comment","target":["https:\/\/diarioprincipios.com\/index.php\/2023\/03\/05\/mussi-pidio-quitarle-la-concesion-a-edesur-y-califico-el-servicio-como-una-verguenza\/#respond"]}]},{"@type":"WebPage","@id":"https:\/\/diarioprincipios.com\/index.php\/2023\/03\/05\/mussi-pidio-quitarle-la-concesion-a-edesur-y-califico-el-servicio-como-una-verguenza\/","url":"https:\/\/diarioprincipios.com\/index.php\/2023\/03\/05\/mussi-pidio-quitarle-la-concesion-a-edesur-y-califico-el-servicio-como-una-verguenza\/","name":"Mussi pidi\u00f3 quitarle la concesi\u00f3n a Edesur y calific\u00f3 el servicio como \"Una Verg\u00fcenza\" - Principios","isPartOf":{"@id":"https:\/\/diarioprincipios.com\/#website"},"primaryImageOfPage":{"@id":"https:\/\/diarioprincipios.com\/index.php\/2023\/03\/05\/mussi-pidio-quitarle-la-concesion-a-edesur-y-califico-el-servicio-como-una-verguenza\/#primaryimage"},"image":{"@id":"https:\/\/diarioprincipios.com\/index.php\/2023\/03\/05\/mussi-pidio-quitarle-la-concesion-a-edesur-y-califico-el-servicio-como-una-verguenza\/#primaryimage"},"thumbnailUrl":"https:\/\/diarioprincipios.com\/wp-content\/uploads\/2023\/03\/62b7acbf5c5f5_940_529.png","datePublished":"2023-03-05T21:27:09+00:00","dateModified":"2023-03-05T21:27:12+00:00","breadcrumb":{"@id":"https:\/\/diarioprincipios.com\/index.php\/2023\/03\/05\/mussi-pidio-quitarle-la-concesion-a-edesur-y-califico-el-servicio-como-una-verguenza\/#breadcrumb"},"inLanguage":"es","potentialAction":[{"@type":"ReadAction","target":["https:\/\/diarioprincipios.com\/index.php\/2023\/03\/05\/mussi-pidio-quitarle-la-concesion-a-edesur-y-califico-el-servicio-como-una-verguenza\/"]}]},{"@type":"ImageObject","inLanguage":"es","@id":"https:\/\/diarioprincipios.com\/index.php\/2023\/03\/05\/mussi-pidio-quitarle-la-concesion-a-edesur-y-califico-el-servicio-como-una-verguenza\/#primaryimage","url":"https:\/\/diarioprincipios.com\/wp-content\/uploads\/2023\/03\/62b7acbf5c5f5_940_529.png","contentUrl":"https:\/\/diarioprincipios.com\/wp-content\/uploads\/2023\/03\/62b7acbf5c5f5_940_529.png","width":940,"height":529},{"@type":"BreadcrumbList","@id":"https:\/\/diarioprincipios.com\/index.php\/2023\/03\/05\/mussi-pidio-quitarle-la-concesion-a-edesur-y-califico-el-servicio-como-una-verguenza\/#breadcrumb","itemListElement":[{"@type":"ListItem","position":1,"name":"Portada","item":"https:\/\/diarioprincipios.com\/"},{"@type":"ListItem","position":2,"name":"Mussi pidi\u00f3 quitarle la concesi\u00f3n a Edesur y calific\u00f3 el servicio como \u00abUna Verg\u00fcenza\u00bb"}]},{"@type":"WebSite","@id":"https:\/\/diarioprincipios.com\/#website","url":"https:\/\/diarioprincipios.com\/","name":"Principios","description":"Principios Diario","publisher":{"@id":"https:\/\/diarioprincipios.com\/#organization"},"potentialAction":[{"@type":"SearchAction","target":{"@type":"EntryPoint","urlTemplate":"https:\/\/diarioprincipios.com\/?s={search_term_string}"},"query-input":{"@type":"PropertyValueSpecification","valueRequired":true,"valueName":"search_term_string"}}],"inLanguage":"es"},{"@type":"Organization","@id":"https:\/\/diarioprincipios.com\/#organization","name":"Principios","url":"https:\/\/diarioprincipios.com\/","logo":{"@type":"ImageObject","inLanguage":"es","@id":"https:\/\/diarioprincipios.com\/#\/schema\/logo\/image\/","url":"https:\/\/diarioprincipios.com\/wp-content\/uploads\/2024\/04\/cropped-www.diarioprincipios.com_-1.png","contentUrl":"https:\/\/diarioprincipios.com\/wp-content\/uploads\/2024\/04\/cropped-www.diarioprincipios.com_-1.png","width":5325,"height":1454,"caption":"Principios"},"image":{"@id":"https:\/\/diarioprincipios.com\/#\/schema\/logo\/image\/"}},{"@type":"Person","@id":"https:\/\/diarioprincipios.com\/#\/schema\/person\/436d5a1fd41a5e250e23ff5a6a7cb080","name":"Hern\u00e1n L\u00f3pez","image":{"@type":"ImageObject","inLanguage":"es","@id":"https:\/\/diarioprincipios.com\/wp-content\/litespeed\/avatar\/11ddfe5610ff3bd100522525b2571f48.jpg?ver=1777048341","url":"https:\/\/diarioprincipios.com\/wp-content\/litespeed\/avatar\/11ddfe5610ff3bd100522525b2571f48.jpg?ver=1777048341","contentUrl":"https:\/\/diarioprincipios.com\/wp-content\/litespeed\/avatar\/11ddfe5610ff3bd100522525b2571f48.jpg?ver=1777048341","caption":"Hern\u00e1n L\u00f3pez"},"url":"https:\/\/diarioprincipios.com\/index.php\/author\/hernan\/"}]}},"jetpack_featured_media_url":"https:\/\/diarioprincipios.com\/wp-content\/uploads\/2023\/03\/62b7acbf5c5f5_940_529.png","_links":{"self":[{"href":"https:\/\/diarioprincipios.com\/index.php\/wp-json\/wp\/v2\/posts\/16092","targetHints":{"allow":["GET"]}}],"collection":[{"href":"https:\/\/diarioprincipios.com\/index.php\/wp-json\/wp\/v2\/posts"}],"about":[{"href":"https:\/\/diarioprincipios.com\/index.php\/wp-json\/wp\/v2\/types\/post"}],"author":[{"embeddable":true,"href":"https:\/\/diarioprincipios.com\/index.php\/wp-json\/wp\/v2\/users\/2"}],"replies":[{"embeddable":true,"href":"https:\/\/diarioprincipios.com\/index.php\/wp-json\/wp\/v2\/comments?post=16092"}],"version-history":[{"count":1,"href":"https:\/\/diarioprincipios.com\/index.php\/wp-json\/wp\/v2\/posts\/16092\/revisions"}],"predecessor-version":[{"id":16094,"href":"https:\/\/diarioprincipios.com\/index.php\/wp-json\/wp\/v2\/posts\/16092\/revisions\/16094"}],"wp:featuredmedia":[{"embeddable":true,"href":"https:\/\/diarioprincipios.com\/index.php\/wp-json\/wp\/v2\/media\/16093"}],"wp:attachment":[{"href":"https:\/\/diarioprincipios.com\/index.php\/wp-json\/wp\/v2\/media?parent=16092"}],"wp:term":[{"taxonomy":"category","embeddable":true,"href":"https:\/\/diarioprincipios.com\/index.php\/wp-json\/wp\/v2\/categories?post=16092"},{"taxonomy":"post_tag","embeddable":true,"href":"https:\/\/diarioprincipios.com\/index.php\/wp-json\/wp\/v2\/tags?post=16092"}],"curies":[{"name":"wp","href":"https:\/\/api.w.org\/{rel}","templated":true}]}}