{"id":16078,"date":"2023-03-05T16:25:22","date_gmt":"2023-03-05T19:25:22","guid":{"rendered":"http:\/\/diarioprincipios.com\/?p=16078"},"modified":"2023-03-05T16:25:25","modified_gmt":"2023-03-05T19:25:25","slug":"mayra-mendoza-abrio-el-141o-periodo-de-sesiones-ordinarias-del-honorable-concejo-deliberante-de-quilmes","status":"publish","type":"post","link":"https:\/\/diarioprincipios.com\/index.php\/2023\/03\/05\/mayra-mendoza-abrio-el-141o-periodo-de-sesiones-ordinarias-del-honorable-concejo-deliberante-de-quilmes\/","title":{"rendered":"Mayra Mendoza abri\u00f3 el 141\u00ba per\u00edodo de sesiones ordinarias del Honorable Concejo Deliberante de Quilmes"},"content":{"rendered":"\n<p>La Intendenta de Quilmes, Mayra Mendoza, abri\u00f3 el 141\u00ba per\u00edodo de sesiones ordinarias del Honorable Concejo Deliberante local, en el que hizo un repaso de las m\u00e1s de 1.000 obras que se llevaron adelante durante su gesti\u00f3n e hizo un fuerte reclamo por mayor seguridad, tanto al Gobierno Nacional como al Provincial.<\/p>\n\n\n\n<p>\u201cMe enorgullece decirles que en esta gesti\u00f3n vamos a superar las 1.000 obras. M\u00e1s de 1.000 obras que transforman nuestra ciudad y mejoran la calidad de vida de quienes la habitamos. Cuando recorremos el distrito notamos lo cambiado que est\u00e1. Porque estamos haciendo m\u00e1s obras que nunca en la historia de Quilmes\u201d, afirm\u00f3 Mayra, en el auditorio del predio del Sindicato del Pl\u00e1stico, en Quilmes Oeste.<\/p>\n\n\n\n<p>Entre las obras que destac\u00f3 la Intendenta se encuentra el Plan de Pavimentos, que abarca la pavimentaci\u00f3n de m\u00e1s de 800 cuadras en todo el distrito, como por ejemplo en Ezpeleta Oeste, Solano, Bernal Oeste, La Florida, La Ribera y Quilmes Oeste.<\/p>\n\n\n\n<p>\u201cNuestro objetivo es que las obras de pavimento se conviertan en una pol\u00edtica de largo plazo para llevar, de una vez por todas, dignidad e igualdad a todos los barrios. Si nuestros vecinos y vecinas nos acompa\u00f1an, no vamos a parar hasta pavimentar todas las calles de Quilmes. Porque ya demostramos que podemos hacerlo. Porque con m\u00e1s tiempo vamos a poder mostrar muchos m\u00e1s resultados\u201d, destac\u00f3 la Intendenta.<\/p>\n\n\n\n<p>Entre otras obras,&nbsp;Mayra&nbsp;se\u00f1al\u00f3 las mejoras&nbsp;en&nbsp;plazas y espacios verdes, la construcci\u00f3n de 5 Centros de Desarrollo Infantil, y las obras en la totalidad de los establecimientos educativos del distrito. Tambi\u00e9n mencion\u00f3 la construcci\u00f3n de m\u00e1s de 900 viviendas, de 3 nuevos polideportivos, y de la nueva estaci\u00f3n de tren entre Quilmes y Ezpeleta.<\/p>\n\n\n\n<p>Adem\u00e1s, destac\u00f3 la importante mejora de la recolecci\u00f3n de residuos, que con la triplicaci\u00f3n de la flota de camiones -pas\u00f3 de 15 a m\u00e1s de 50- y la modernizaci\u00f3n del sistema, ahora puede juntar las 600 toneladas que se producen diariamente en Quilmes. Y asegur\u00f3 que, una vez que la obra del nuevo Ecoparque finalice, este complejo har\u00e1 a\u00fan m\u00e1s eficiente el sistema, permitiendo que los camiones est\u00e9n m\u00e1s tiempo recorriendo las calles.<\/p>\n\n\n\n<p>A su vez, Mayra remarc\u00f3 otras pol\u00edticas importantes de su gesti\u00f3n como la puesta a nuevo de 27 plazas y el mantenimiento regular de todos los espacios verdes del distrito; las obras de renovaci\u00f3n en el Hospital de Solano y en el Hospital Iriarte; y las medidas de incentivo a la producci\u00f3n, el trabajo y el consumo.<\/p>\n\n\n\n<p>La Jefa comunal indic\u00f3 lo mucho que se hizo en estos a\u00f1os, reconoci\u00f3 que a\u00fan quedan cosas por hacer y les pidi\u00f3 a los quilme\u00f1os y quilme\u00f1as que la acompa\u00f1en en la continuidad del proyecto de gesti\u00f3n.<\/p>\n\n\n\n<p>Por otro lado, la Intendenta se refiri\u00f3 a la inseguridad e insisti\u00f3 en el pedido de mayor presencia policial.&nbsp;Teniendo en cuenta que&nbsp;la Naci\u00f3n&nbsp;y&nbsp;la Provincia tienen el manejo de las fuerzas de seguridad, solicit\u00f3&nbsp;m\u00e1s efectivos&nbsp;en Quilmes. Tambi\u00e9n le pidi\u00f3 al Poder Judicial que cumpla con su deber y aplique el m\u00e1ximo rigor contra los delincuentes, y sostuvo: \u201cqueremos que los laburantes vivan tranquilos y que los delincuentes est\u00e9n en la c\u00e1rcel. Y vamos a hacer todo lo que est\u00e9 en nuestras manos para prevenir estos hechos horribles, y para que quienes roben, hieran o maten tengan su condena\u201d.<\/p>\n\n\n\n<p>En Quilmes, durante la gesti\u00f3n de Mayra Mendoza se hizo una inversi\u00f3n hist\u00f3rica e in\u00e9dita en materia de seguridad con el Plan de Inversi\u00f3n Municipal para la Prevenci\u00f3n del Delito. En ese marco, se adquirieron 180 veh\u00edculos que fueron cedidos a la Polic\u00eda de la Provincia para que patrulle las calles las 24 horas; se est\u00e1n instalando luces LED, que alcanzar\u00e1n un total de m\u00e1s de 50.000; se est\u00e1n colocando nuevas c\u00e1maras de seguridad, para llegar a m\u00e1s de 1.500; se construyeron 170 paradas seguras, con bot\u00f3n de llamada al CEQ; y se est\u00e1n instalando 1.000 alarmas vecinales, entre otras medidas. \u201cLas luces LED est\u00e1n, los patrulleros est\u00e1n, las motos est\u00e1n, las c\u00e1maras y las alarmas est\u00e1n\u201d, remarc\u00f3 la Jefa comunal en referencia a este programa.<\/p>\n\n\n\n<p>Por \u00faltimo, Mayra cerr\u00f3 con un mensaje a los vecinos y vecinas, asegurando que \u201cestos 4 a\u00f1os, esta primera gesti\u00f3n, son las bases de la transformaci\u00f3n. Necesitamos m\u00e1s tiempo para hacer todo lo que hay que hacer. Necesitamos que los vecinos nos sigan acompa\u00f1ando. Que no nos juzguen por prejuicios sino por los resultados de nuestra gesti\u00f3n. Este a\u00f1o es un a\u00f1o electoral. Este a\u00f1o los vecinos van a elegir si continuamos a cargo del gobierno municipal. Quiero decirles que elijan lo que elijan, no permitan que se haga menos. Sigan exigiendo. Sigan reclamando. Sigan marcando las prioridades. Nosotras, demostramos que es posible, y que para nuestro proyecto es s\u00f3lo el comienzo. Nunca m\u00e1s gobiernos antipopulares. Defi\u00e9ndanse con su derecho a elegir y que no vuelvan aquellos que los miran con la nuca. Nunca menos. Siempre para adelante\u201d.<\/p>\n\n\n\n<p>Estuvieron presentes vecinos, vecinas, representantes de instituciones y organizaciones; concejales y concejalas del oficialismo y de la oposici\u00f3n; la intendenta de Ca\u00f1uelas, Marisa Fassi; la diputada provincial Berenice Latorre, y el senador provincial Emmanuel Gonz\u00e1lez Santalla, entre otros.<\/p>\n","protected":false},"excerpt":{"rendered":"<p>La Intendenta de Quilmes, Mayra Mendoza, abri\u00f3 el 141\u00ba per\u00edodo de sesiones ordinarias del Honorable Concejo Deliberante local, en el que hizo un repaso de las m\u00e1s de 1.000 obras que se llevaron adelante durante su gesti\u00f3n e hizo un fuerte reclamo por mayor seguridad, tanto al Gobierno Nacional como al Provincial. \u201cMe enorgullece decirles&#8230;<\/p>\n","protected":false},"author":2,"featured_media":16079,"comment_status":"open","ping_status":"open","sticky":false,"template":"","format":"standard","meta":{"footnotes":""},"categories":[4],"tags":[],"class_list":["post-16078","post","type-post","status-publish","format-standard","has-post-thumbnail","hentry","category-quilmes"],"featured_image_src":"https:\/\/diarioprincipios.com\/wp-content\/uploads\/2023\/03\/MAYRA-MENDOZA-VAMOS-A-SUPERAR-LAS-MIL-OBRAS-EN-ESTA-GESTION-4-1024x682.jpeg","blog_images":{"medium":"https:\/\/diarioprincipios.com\/wp-content\/uploads\/2023\/03\/MAYRA-MENDOZA-VAMOS-A-SUPERAR-LAS-MIL-OBRAS-EN-ESTA-GESTION-4-300x200.jpeg","large":"https:\/\/diarioprincipios.com\/wp-content\/uploads\/2023\/03\/MAYRA-MENDOZA-VAMOS-A-SUPERAR-LAS-MIL-OBRAS-EN-ESTA-GESTION-4-1024x682.jpeg"},"ams_acf":[],"yoast_head":"<!-- This site is optimized with the Yoast SEO plugin v27.3 - https:\/\/yoast.com\/product\/yoast-seo-wordpress\/ -->\n<title>Mayra Mendoza abri\u00f3 el 141\u00ba per\u00edodo de sesiones ordinarias del Honorable Concejo Deliberante de Quilmes - Principios<\/title>\n<meta name=\"robots\" content=\"index, follow, max-snippet:-1, max-image-preview:large, max-video-preview:-1\" \/>\n<link rel=\"canonical\" href=\"https:\/\/diarioprincipios.com\/index.php\/2023\/03\/05\/mayra-mendoza-abrio-el-141o-periodo-de-sesiones-ordinarias-del-honorable-concejo-deliberante-de-quilmes\/\" \/>\n<meta property=\"og:locale\" content=\"es_ES\" \/>\n<meta property=\"og:type\" content=\"article\" \/>\n<meta property=\"og:title\" content=\"Mayra Mendoza abri\u00f3 el 141\u00ba per\u00edodo de sesiones ordinarias del Honorable Concejo Deliberante de Quilmes - Principios\" \/>\n<meta property=\"og:description\" content=\"La Intendenta de Quilmes, Mayra Mendoza, abri\u00f3 el 141\u00ba per\u00edodo de sesiones ordinarias del Honorable Concejo Deliberante local, en el que hizo un repaso de las m\u00e1s de 1.000 obras que se llevaron adelante durante su gesti\u00f3n e hizo un fuerte reclamo por mayor seguridad, tanto al Gobierno Nacional como al Provincial. \u201cMe enorgullece decirles...\" \/>\n<meta property=\"og:url\" content=\"https:\/\/diarioprincipios.com\/index.php\/2023\/03\/05\/mayra-mendoza-abrio-el-141o-periodo-de-sesiones-ordinarias-del-honorable-concejo-deliberante-de-quilmes\/\" \/>\n<meta property=\"og:site_name\" content=\"Principios\" \/>\n<meta property=\"article:published_time\" content=\"2023-03-05T19:25:22+00:00\" \/>\n<meta property=\"article:modified_time\" content=\"2023-03-05T19:25:25+00:00\" \/>\n<meta property=\"og:image\" content=\"https:\/\/diarioprincipios.com\/wp-content\/uploads\/2023\/03\/MAYRA-MENDOZA-VAMOS-A-SUPERAR-LAS-MIL-OBRAS-EN-ESTA-GESTION-4.jpeg\" \/>\n\t<meta property=\"og:image:width\" content=\"1280\" \/>\n\t<meta property=\"og:image:height\" content=\"853\" \/>\n\t<meta property=\"og:image:type\" content=\"image\/jpeg\" \/>\n<meta name=\"author\" content=\"Hern\u00e1n L\u00f3pez\" \/>\n<meta name=\"twitter:card\" content=\"summary_large_image\" \/>\n<meta name=\"twitter:label1\" content=\"Escrito por\" \/>\n\t<meta name=\"twitter:data1\" content=\"Hern\u00e1n L\u00f3pez\" \/>\n\t<meta name=\"twitter:label2\" content=\"Tiempo de lectura\" \/>\n\t<meta name=\"twitter:data2\" content=\"4 minutos\" \/>\n<script type=\"application\/ld+json\" class=\"yoast-schema-graph\">{\"@context\":\"https:\\\/\\\/schema.org\",\"@graph\":[{\"@type\":\"Article\",\"@id\":\"https:\\\/\\\/diarioprincipios.com\\\/index.php\\\/2023\\\/03\\\/05\\\/mayra-mendoza-abrio-el-141o-periodo-de-sesiones-ordinarias-del-honorable-concejo-deliberante-de-quilmes\\\/#article\",\"isPartOf\":{\"@id\":\"https:\\\/\\\/diarioprincipios.com\\\/index.php\\\/2023\\\/03\\\/05\\\/mayra-mendoza-abrio-el-141o-periodo-de-sesiones-ordinarias-del-honorable-concejo-deliberante-de-quilmes\\\/\"},\"author\":{\"name\":\"Hern\u00e1n L\u00f3pez\",\"@id\":\"https:\\\/\\\/diarioprincipios.com\\\/#\\\/schema\\\/person\\\/436d5a1fd41a5e250e23ff5a6a7cb080\"},\"headline\":\"Mayra Mendoza abri\u00f3 el 141\u00ba per\u00edodo de sesiones ordinarias del Honorable Concejo Deliberante de Quilmes\",\"datePublished\":\"2023-03-05T19:25:22+00:00\",\"dateModified\":\"2023-03-05T19:25:25+00:00\",\"mainEntityOfPage\":{\"@id\":\"https:\\\/\\\/diarioprincipios.com\\\/index.php\\\/2023\\\/03\\\/05\\\/mayra-mendoza-abrio-el-141o-periodo-de-sesiones-ordinarias-del-honorable-concejo-deliberante-de-quilmes\\\/\"},\"wordCount\":943,\"commentCount\":0,\"publisher\":{\"@id\":\"https:\\\/\\\/diarioprincipios.com\\\/#organization\"},\"image\":{\"@id\":\"https:\\\/\\\/diarioprincipios.com\\\/index.php\\\/2023\\\/03\\\/05\\\/mayra-mendoza-abrio-el-141o-periodo-de-sesiones-ordinarias-del-honorable-concejo-deliberante-de-quilmes\\\/#primaryimage\"},\"thumbnailUrl\":\"https:\\\/\\\/diarioprincipios.com\\\/wp-content\\\/uploads\\\/2023\\\/03\\\/MAYRA-MENDOZA-VAMOS-A-SUPERAR-LAS-MIL-OBRAS-EN-ESTA-GESTION-4.jpeg\",\"articleSection\":[\"Quilmes\"],\"inLanguage\":\"es\",\"potentialAction\":[{\"@type\":\"CommentAction\",\"name\":\"Comment\",\"target\":[\"https:\\\/\\\/diarioprincipios.com\\\/index.php\\\/2023\\\/03\\\/05\\\/mayra-mendoza-abrio-el-141o-periodo-de-sesiones-ordinarias-del-honorable-concejo-deliberante-de-quilmes\\\/#respond\"]}]},{\"@type\":\"WebPage\",\"@id\":\"https:\\\/\\\/diarioprincipios.com\\\/index.php\\\/2023\\\/03\\\/05\\\/mayra-mendoza-abrio-el-141o-periodo-de-sesiones-ordinarias-del-honorable-concejo-deliberante-de-quilmes\\\/\",\"url\":\"https:\\\/\\\/diarioprincipios.com\\\/index.php\\\/2023\\\/03\\\/05\\\/mayra-mendoza-abrio-el-141o-periodo-de-sesiones-ordinarias-del-honorable-concejo-deliberante-de-quilmes\\\/\",\"name\":\"Mayra Mendoza abri\u00f3 el 141\u00ba per\u00edodo de sesiones ordinarias del Honorable Concejo Deliberante de Quilmes - Principios\",\"isPartOf\":{\"@id\":\"https:\\\/\\\/diarioprincipios.com\\\/#website\"},\"primaryImageOfPage\":{\"@id\":\"https:\\\/\\\/diarioprincipios.com\\\/index.php\\\/2023\\\/03\\\/05\\\/mayra-mendoza-abrio-el-141o-periodo-de-sesiones-ordinarias-del-honorable-concejo-deliberante-de-quilmes\\\/#primaryimage\"},\"image\":{\"@id\":\"https:\\\/\\\/diarioprincipios.com\\\/index.php\\\/2023\\\/03\\\/05\\\/mayra-mendoza-abrio-el-141o-periodo-de-sesiones-ordinarias-del-honorable-concejo-deliberante-de-quilmes\\\/#primaryimage\"},\"thumbnailUrl\":\"https:\\\/\\\/diarioprincipios.com\\\/wp-content\\\/uploads\\\/2023\\\/03\\\/MAYRA-MENDOZA-VAMOS-A-SUPERAR-LAS-MIL-OBRAS-EN-ESTA-GESTION-4.jpeg\",\"datePublished\":\"2023-03-05T19:25:22+00:00\",\"dateModified\":\"2023-03-05T19:25:25+00:00\",\"breadcrumb\":{\"@id\":\"https:\\\/\\\/diarioprincipios.com\\\/index.php\\\/2023\\\/03\\\/05\\\/mayra-mendoza-abrio-el-141o-periodo-de-sesiones-ordinarias-del-honorable-concejo-deliberante-de-quilmes\\\/#breadcrumb\"},\"inLanguage\":\"es\",\"potentialAction\":[{\"@type\":\"ReadAction\",\"target\":[\"https:\\\/\\\/diarioprincipios.com\\\/index.php\\\/2023\\\/03\\\/05\\\/mayra-mendoza-abrio-el-141o-periodo-de-sesiones-ordinarias-del-honorable-concejo-deliberante-de-quilmes\\\/\"]}]},{\"@type\":\"ImageObject\",\"inLanguage\":\"es\",\"@id\":\"https:\\\/\\\/diarioprincipios.com\\\/index.php\\\/2023\\\/03\\\/05\\\/mayra-mendoza-abrio-el-141o-periodo-de-sesiones-ordinarias-del-honorable-concejo-deliberante-de-quilmes\\\/#primaryimage\",\"url\":\"https:\\\/\\\/diarioprincipios.com\\\/wp-content\\\/uploads\\\/2023\\\/03\\\/MAYRA-MENDOZA-VAMOS-A-SUPERAR-LAS-MIL-OBRAS-EN-ESTA-GESTION-4.jpeg\",\"contentUrl\":\"https:\\\/\\\/diarioprincipios.com\\\/wp-content\\\/uploads\\\/2023\\\/03\\\/MAYRA-MENDOZA-VAMOS-A-SUPERAR-LAS-MIL-OBRAS-EN-ESTA-GESTION-4.jpeg\",\"width\":1280,\"height\":853},{\"@type\":\"BreadcrumbList\",\"@id\":\"https:\\\/\\\/diarioprincipios.com\\\/index.php\\\/2023\\\/03\\\/05\\\/mayra-mendoza-abrio-el-141o-periodo-de-sesiones-ordinarias-del-honorable-concejo-deliberante-de-quilmes\\\/#breadcrumb\",\"itemListElement\":[{\"@type\":\"ListItem\",\"position\":1,\"name\":\"Portada\",\"item\":\"https:\\\/\\\/diarioprincipios.com\\\/\"},{\"@type\":\"ListItem\",\"position\":2,\"name\":\"Mayra Mendoza abri\u00f3 el 141\u00ba per\u00edodo de sesiones ordinarias del Honorable Concejo Deliberante de Quilmes\"}]},{\"@type\":\"WebSite\",\"@id\":\"https:\\\/\\\/diarioprincipios.com\\\/#website\",\"url\":\"https:\\\/\\\/diarioprincipios.com\\\/\",\"name\":\"Principios\",\"description\":\"Principios Diario\",\"publisher\":{\"@id\":\"https:\\\/\\\/diarioprincipios.com\\\/#organization\"},\"potentialAction\":[{\"@type\":\"SearchAction\",\"target\":{\"@type\":\"EntryPoint\",\"urlTemplate\":\"https:\\\/\\\/diarioprincipios.com\\\/?s={search_term_string}\"},\"query-input\":{\"@type\":\"PropertyValueSpecification\",\"valueRequired\":true,\"valueName\":\"search_term_string\"}}],\"inLanguage\":\"es\"},{\"@type\":\"Organization\",\"@id\":\"https:\\\/\\\/diarioprincipios.com\\\/#organization\",\"name\":\"Principios\",\"url\":\"https:\\\/\\\/diarioprincipios.com\\\/\",\"logo\":{\"@type\":\"ImageObject\",\"inLanguage\":\"es\",\"@id\":\"https:\\\/\\\/diarioprincipios.com\\\/#\\\/schema\\\/logo\\\/image\\\/\",\"url\":\"https:\\\/\\\/diarioprincipios.com\\\/wp-content\\\/uploads\\\/2024\\\/04\\\/cropped-www.diarioprincipios.com_-1.png\",\"contentUrl\":\"https:\\\/\\\/diarioprincipios.com\\\/wp-content\\\/uploads\\\/2024\\\/04\\\/cropped-www.diarioprincipios.com_-1.png\",\"width\":5325,\"height\":1454,\"caption\":\"Principios\"},\"image\":{\"@id\":\"https:\\\/\\\/diarioprincipios.com\\\/#\\\/schema\\\/logo\\\/image\\\/\"}},{\"@type\":\"Person\",\"@id\":\"https:\\\/\\\/diarioprincipios.com\\\/#\\\/schema\\\/person\\\/436d5a1fd41a5e250e23ff5a6a7cb080\",\"name\":\"Hern\u00e1n L\u00f3pez\",\"image\":{\"@type\":\"ImageObject\",\"inLanguage\":\"es\",\"@id\":\"https:\\\/\\\/diarioprincipios.com\\\/wp-content\\\/litespeed\\\/avatar\\\/11ddfe5610ff3bd100522525b2571f48.jpg?ver=1777048341\",\"url\":\"https:\\\/\\\/diarioprincipios.com\\\/wp-content\\\/litespeed\\\/avatar\\\/11ddfe5610ff3bd100522525b2571f48.jpg?ver=1777048341\",\"contentUrl\":\"https:\\\/\\\/diarioprincipios.com\\\/wp-content\\\/litespeed\\\/avatar\\\/11ddfe5610ff3bd100522525b2571f48.jpg?ver=1777048341\",\"caption\":\"Hern\u00e1n L\u00f3pez\"},\"url\":\"https:\\\/\\\/diarioprincipios.com\\\/index.php\\\/author\\\/hernan\\\/\"}]}<\/script>\n<!-- \/ Yoast SEO plugin. -->","yoast_head_json":{"title":"Mayra Mendoza abri\u00f3 el 141\u00ba per\u00edodo de sesiones ordinarias del Honorable Concejo Deliberante de Quilmes - Principios","robots":{"index":"index","follow":"follow","max-snippet":"max-snippet:-1","max-image-preview":"max-image-preview:large","max-video-preview":"max-video-preview:-1"},"canonical":"https:\/\/diarioprincipios.com\/index.php\/2023\/03\/05\/mayra-mendoza-abrio-el-141o-periodo-de-sesiones-ordinarias-del-honorable-concejo-deliberante-de-quilmes\/","og_locale":"es_ES","og_type":"article","og_title":"Mayra Mendoza abri\u00f3 el 141\u00ba per\u00edodo de sesiones ordinarias del Honorable Concejo Deliberante de Quilmes - Principios","og_description":"La Intendenta de Quilmes, Mayra Mendoza, abri\u00f3 el 141\u00ba per\u00edodo de sesiones ordinarias del Honorable Concejo Deliberante local, en el que hizo un repaso de las m\u00e1s de 1.000 obras que se llevaron adelante durante su gesti\u00f3n e hizo un fuerte reclamo por mayor seguridad, tanto al Gobierno Nacional como al Provincial. \u201cMe enorgullece decirles...","og_url":"https:\/\/diarioprincipios.com\/index.php\/2023\/03\/05\/mayra-mendoza-abrio-el-141o-periodo-de-sesiones-ordinarias-del-honorable-concejo-deliberante-de-quilmes\/","og_site_name":"Principios","article_published_time":"2023-03-05T19:25:22+00:00","article_modified_time":"2023-03-05T19:25:25+00:00","og_image":[{"width":1280,"height":853,"url":"https:\/\/diarioprincipios.com\/wp-content\/uploads\/2023\/03\/MAYRA-MENDOZA-VAMOS-A-SUPERAR-LAS-MIL-OBRAS-EN-ESTA-GESTION-4.jpeg","type":"image\/jpeg"}],"author":"Hern\u00e1n L\u00f3pez","twitter_card":"summary_large_image","twitter_misc":{"Escrito por":"Hern\u00e1n L\u00f3pez","Tiempo de lectura":"4 minutos"},"schema":{"@context":"https:\/\/schema.org","@graph":[{"@type":"Article","@id":"https:\/\/diarioprincipios.com\/index.php\/2023\/03\/05\/mayra-mendoza-abrio-el-141o-periodo-de-sesiones-ordinarias-del-honorable-concejo-deliberante-de-quilmes\/#article","isPartOf":{"@id":"https:\/\/diarioprincipios.com\/index.php\/2023\/03\/05\/mayra-mendoza-abrio-el-141o-periodo-de-sesiones-ordinarias-del-honorable-concejo-deliberante-de-quilmes\/"},"author":{"name":"Hern\u00e1n L\u00f3pez","@id":"https:\/\/diarioprincipios.com\/#\/schema\/person\/436d5a1fd41a5e250e23ff5a6a7cb080"},"headline":"Mayra Mendoza abri\u00f3 el 141\u00ba per\u00edodo de sesiones ordinarias del Honorable Concejo Deliberante de Quilmes","datePublished":"2023-03-05T19:25:22+00:00","dateModified":"2023-03-05T19:25:25+00:00","mainEntityOfPage":{"@id":"https:\/\/diarioprincipios.com\/index.php\/2023\/03\/05\/mayra-mendoza-abrio-el-141o-periodo-de-sesiones-ordinarias-del-honorable-concejo-deliberante-de-quilmes\/"},"wordCount":943,"commentCount":0,"publisher":{"@id":"https:\/\/diarioprincipios.com\/#organization"},"image":{"@id":"https:\/\/diarioprincipios.com\/index.php\/2023\/03\/05\/mayra-mendoza-abrio-el-141o-periodo-de-sesiones-ordinarias-del-honorable-concejo-deliberante-de-quilmes\/#primaryimage"},"thumbnailUrl":"https:\/\/diarioprincipios.com\/wp-content\/uploads\/2023\/03\/MAYRA-MENDOZA-VAMOS-A-SUPERAR-LAS-MIL-OBRAS-EN-ESTA-GESTION-4.jpeg","articleSection":["Quilmes"],"inLanguage":"es","potentialAction":[{"@type":"CommentAction","name":"Comment","target":["https:\/\/diarioprincipios.com\/index.php\/2023\/03\/05\/mayra-mendoza-abrio-el-141o-periodo-de-sesiones-ordinarias-del-honorable-concejo-deliberante-de-quilmes\/#respond"]}]},{"@type":"WebPage","@id":"https:\/\/diarioprincipios.com\/index.php\/2023\/03\/05\/mayra-mendoza-abrio-el-141o-periodo-de-sesiones-ordinarias-del-honorable-concejo-deliberante-de-quilmes\/","url":"https:\/\/diarioprincipios.com\/index.php\/2023\/03\/05\/mayra-mendoza-abrio-el-141o-periodo-de-sesiones-ordinarias-del-honorable-concejo-deliberante-de-quilmes\/","name":"Mayra Mendoza abri\u00f3 el 141\u00ba per\u00edodo de sesiones ordinarias del Honorable Concejo Deliberante de Quilmes - Principios","isPartOf":{"@id":"https:\/\/diarioprincipios.com\/#website"},"primaryImageOfPage":{"@id":"https:\/\/diarioprincipios.com\/index.php\/2023\/03\/05\/mayra-mendoza-abrio-el-141o-periodo-de-sesiones-ordinarias-del-honorable-concejo-deliberante-de-quilmes\/#primaryimage"},"image":{"@id":"https:\/\/diarioprincipios.com\/index.php\/2023\/03\/05\/mayra-mendoza-abrio-el-141o-periodo-de-sesiones-ordinarias-del-honorable-concejo-deliberante-de-quilmes\/#primaryimage"},"thumbnailUrl":"https:\/\/diarioprincipios.com\/wp-content\/uploads\/2023\/03\/MAYRA-MENDOZA-VAMOS-A-SUPERAR-LAS-MIL-OBRAS-EN-ESTA-GESTION-4.jpeg","datePublished":"2023-03-05T19:25:22+00:00","dateModified":"2023-03-05T19:25:25+00:00","breadcrumb":{"@id":"https:\/\/diarioprincipios.com\/index.php\/2023\/03\/05\/mayra-mendoza-abrio-el-141o-periodo-de-sesiones-ordinarias-del-honorable-concejo-deliberante-de-quilmes\/#breadcrumb"},"inLanguage":"es","potentialAction":[{"@type":"ReadAction","target":["https:\/\/diarioprincipios.com\/index.php\/2023\/03\/05\/mayra-mendoza-abrio-el-141o-periodo-de-sesiones-ordinarias-del-honorable-concejo-deliberante-de-quilmes\/"]}]},{"@type":"ImageObject","inLanguage":"es","@id":"https:\/\/diarioprincipios.com\/index.php\/2023\/03\/05\/mayra-mendoza-abrio-el-141o-periodo-de-sesiones-ordinarias-del-honorable-concejo-deliberante-de-quilmes\/#primaryimage","url":"https:\/\/diarioprincipios.com\/wp-content\/uploads\/2023\/03\/MAYRA-MENDOZA-VAMOS-A-SUPERAR-LAS-MIL-OBRAS-EN-ESTA-GESTION-4.jpeg","contentUrl":"https:\/\/diarioprincipios.com\/wp-content\/uploads\/2023\/03\/MAYRA-MENDOZA-VAMOS-A-SUPERAR-LAS-MIL-OBRAS-EN-ESTA-GESTION-4.jpeg","width":1280,"height":853},{"@type":"BreadcrumbList","@id":"https:\/\/diarioprincipios.com\/index.php\/2023\/03\/05\/mayra-mendoza-abrio-el-141o-periodo-de-sesiones-ordinarias-del-honorable-concejo-deliberante-de-quilmes\/#breadcrumb","itemListElement":[{"@type":"ListItem","position":1,"name":"Portada","item":"https:\/\/diarioprincipios.com\/"},{"@type":"ListItem","position":2,"name":"Mayra Mendoza abri\u00f3 el 141\u00ba per\u00edodo de sesiones ordinarias del Honorable Concejo Deliberante de Quilmes"}]},{"@type":"WebSite","@id":"https:\/\/diarioprincipios.com\/#website","url":"https:\/\/diarioprincipios.com\/","name":"Principios","description":"Principios Diario","publisher":{"@id":"https:\/\/diarioprincipios.com\/#organization"},"potentialAction":[{"@type":"SearchAction","target":{"@type":"EntryPoint","urlTemplate":"https:\/\/diarioprincipios.com\/?s={search_term_string}"},"query-input":{"@type":"PropertyValueSpecification","valueRequired":true,"valueName":"search_term_string"}}],"inLanguage":"es"},{"@type":"Organization","@id":"https:\/\/diarioprincipios.com\/#organization","name":"Principios","url":"https:\/\/diarioprincipios.com\/","logo":{"@type":"ImageObject","inLanguage":"es","@id":"https:\/\/diarioprincipios.com\/#\/schema\/logo\/image\/","url":"https:\/\/diarioprincipios.com\/wp-content\/uploads\/2024\/04\/cropped-www.diarioprincipios.com_-1.png","contentUrl":"https:\/\/diarioprincipios.com\/wp-content\/uploads\/2024\/04\/cropped-www.diarioprincipios.com_-1.png","width":5325,"height":1454,"caption":"Principios"},"image":{"@id":"https:\/\/diarioprincipios.com\/#\/schema\/logo\/image\/"}},{"@type":"Person","@id":"https:\/\/diarioprincipios.com\/#\/schema\/person\/436d5a1fd41a5e250e23ff5a6a7cb080","name":"Hern\u00e1n L\u00f3pez","image":{"@type":"ImageObject","inLanguage":"es","@id":"https:\/\/diarioprincipios.com\/wp-content\/litespeed\/avatar\/11ddfe5610ff3bd100522525b2571f48.jpg?ver=1777048341","url":"https:\/\/diarioprincipios.com\/wp-content\/litespeed\/avatar\/11ddfe5610ff3bd100522525b2571f48.jpg?ver=1777048341","contentUrl":"https:\/\/diarioprincipios.com\/wp-content\/litespeed\/avatar\/11ddfe5610ff3bd100522525b2571f48.jpg?ver=1777048341","caption":"Hern\u00e1n L\u00f3pez"},"url":"https:\/\/diarioprincipios.com\/index.php\/author\/hernan\/"}]}},"jetpack_featured_media_url":"https:\/\/diarioprincipios.com\/wp-content\/uploads\/2023\/03\/MAYRA-MENDOZA-VAMOS-A-SUPERAR-LAS-MIL-OBRAS-EN-ESTA-GESTION-4.jpeg","_links":{"self":[{"href":"https:\/\/diarioprincipios.com\/index.php\/wp-json\/wp\/v2\/posts\/16078","targetHints":{"allow":["GET"]}}],"collection":[{"href":"https:\/\/diarioprincipios.com\/index.php\/wp-json\/wp\/v2\/posts"}],"about":[{"href":"https:\/\/diarioprincipios.com\/index.php\/wp-json\/wp\/v2\/types\/post"}],"author":[{"embeddable":true,"href":"https:\/\/diarioprincipios.com\/index.php\/wp-json\/wp\/v2\/users\/2"}],"replies":[{"embeddable":true,"href":"https:\/\/diarioprincipios.com\/index.php\/wp-json\/wp\/v2\/comments?post=16078"}],"version-history":[{"count":1,"href":"https:\/\/diarioprincipios.com\/index.php\/wp-json\/wp\/v2\/posts\/16078\/revisions"}],"predecessor-version":[{"id":16080,"href":"https:\/\/diarioprincipios.com\/index.php\/wp-json\/wp\/v2\/posts\/16078\/revisions\/16080"}],"wp:featuredmedia":[{"embeddable":true,"href":"https:\/\/diarioprincipios.com\/index.php\/wp-json\/wp\/v2\/media\/16079"}],"wp:attachment":[{"href":"https:\/\/diarioprincipios.com\/index.php\/wp-json\/wp\/v2\/media?parent=16078"}],"wp:term":[{"taxonomy":"category","embeddable":true,"href":"https:\/\/diarioprincipios.com\/index.php\/wp-json\/wp\/v2\/categories?post=16078"},{"taxonomy":"post_tag","embeddable":true,"href":"https:\/\/diarioprincipios.com\/index.php\/wp-json\/wp\/v2\/tags?post=16078"}],"curies":[{"name":"wp","href":"https:\/\/api.w.org\/{rel}","templated":true}]}}