{"id":16064,"date":"2023-03-02T21:06:08","date_gmt":"2023-03-03T00:06:08","guid":{"rendered":"http:\/\/diarioprincipios.com\/?p=16064"},"modified":"2023-03-02T21:06:11","modified_gmt":"2023-03-03T00:06:11","slug":"kicillof-y-mussi-inauguraron-una-alcaidia","status":"publish","type":"post","link":"https:\/\/diarioprincipios.com\/index.php\/2023\/03\/02\/kicillof-y-mussi-inauguraron-una-alcaidia\/","title":{"rendered":"Kicillof y Mussi inauguraron una Alcaid\u00eda"},"content":{"rendered":"\n<p><strong>El gobernador de la provincia de Buenos Aires, Axel Kicillof; junto al intendente de Berazategui, Juan Jos\u00e9 Mussi, inauguraron una Alcaid\u00eda en el distrito. Esta instituci\u00f3n fue creada con el fin de disminuir la poblaci\u00f3n de detenidos en las Comisar\u00edas (tanto de Berazategui Centro, como de Ranelagh, J. M. Guti\u00e9rrez, Hudson y El Pato), cediendo su custodia desde la fuerza policial al Servicio Penitenciario.<\/strong><\/p>\n\n\n\n<p>Al respecto, Kicillof declar\u00f3: \u00abA trav\u00e9s de las alcaid\u00edas vamos a sacar los calabozos de las comisar\u00edas y los polic\u00edas van a poder estar en la calle cuidando a los vecinos, en vez de estar vigilando a los presos\u00bb.<\/p>\n\n\n\n<p>\u201cPusimos en marcha el plan de infraestructura penitenciaria m\u00e1s grande de la historia, con el que vamos a construir 12 mil plazas entre unidades y alcaid\u00edas. Apuntamos a seguir bajando la tasa de reincidencia en el delito. Se trata de una pol\u00edtica de seguridad ciudadana, que requiere de una fuerte inversi\u00f3n a largo plazo y un intendente como Mussi, que supo explicar por qu\u00e9 era importante construir una alcaid\u00eda en Berazategui. Quiero agradecerle, porque sin su acompa\u00f1amiento nada de todo esto podr\u00eda ser posible\u201d, destac\u00f3 el Gobernador.<\/p>\n\n\n\n<p>Seguidamente, Mussi subray\u00f3: \u00abNosotros estamos necesitando mucho estas cosas en los municipios y por suerte las tenemos. Entend\u00edamos que un ciudadano que iba a una comisar\u00eda com\u00fan a hacer un tr\u00e1mite cualquiera ten\u00eda los presos a dos metros y todos amontonados. Hoy en d\u00eda, muchos berazateguenses est\u00e1n agradecidos porque comprendieron lo que significaba la alcaid\u00eda\u201d.<\/p>\n\n\n\n<figure class=\"wp-block-image size-large\"><img loading=\"lazy\" decoding=\"async\" width=\"1024\" height=\"683\" src=\"https:\/\/diarioprincipios.com\/wp-content\/uploads\/2023\/03\/BERAZATEGUI-KICILLOF-Y-MUSSI-INAUGURARON-UNA-ALCAIDIA-2-1024x683.jpg\" alt=\"\" class=\"wp-image-16065\" srcset=\"https:\/\/diarioprincipios.com\/wp-content\/uploads\/2023\/03\/BERAZATEGUI-KICILLOF-Y-MUSSI-INAUGURARON-UNA-ALCAIDIA-2-1024x683.jpg 1024w, https:\/\/diarioprincipios.com\/wp-content\/uploads\/2023\/03\/BERAZATEGUI-KICILLOF-Y-MUSSI-INAUGURARON-UNA-ALCAIDIA-2-300x200.jpg 300w, https:\/\/diarioprincipios.com\/wp-content\/uploads\/2023\/03\/BERAZATEGUI-KICILLOF-Y-MUSSI-INAUGURARON-UNA-ALCAIDIA-2-768x512.jpg 768w, https:\/\/diarioprincipios.com\/wp-content\/uploads\/2023\/03\/BERAZATEGUI-KICILLOF-Y-MUSSI-INAUGURARON-UNA-ALCAIDIA-2-1536x1024.jpg 1536w, https:\/\/diarioprincipios.com\/wp-content\/uploads\/2023\/03\/BERAZATEGUI-KICILLOF-Y-MUSSI-INAUGURARON-UNA-ALCAIDIA-2-600x400.jpg 600w, https:\/\/diarioprincipios.com\/wp-content\/uploads\/2023\/03\/BERAZATEGUI-KICILLOF-Y-MUSSI-INAUGURARON-UNA-ALCAIDIA-2.jpg 1920w\" sizes=\"auto, (max-width: 1024px) 100vw, 1024px\" \/><\/figure>\n\n\n\n<p>\u201cLos que padecimos el Gobierno anterior, hoy nos sentimos en el para\u00edso. Aquella \u00e9poca fue muy fea, nos castigaron despiadadamente y no ten\u00edan ning\u00fan derecho a hacerlo. El gobernador Kicillof hace totalmente lo contrario. Para \u00e9l, cualquier Intendente electo por la gente tiene valor. Le agradezco profundamente\u201d, finaliz\u00f3 el Mandatario local.<\/p>\n\n\n\n<p>La Alcaid\u00eda (situada en Av. Padre Mugica e\/ 160 y 161, Pl\u00e1tanos) cuenta con tres m\u00f3dulos de cuatro pabellones cada uno. Tambi\u00e9n tiene un sal\u00f3n de usos m\u00faltiples y espacios para la vinculaci\u00f3n familiar, con el objetivo de seguir disminuyendo la tasa de reincidencia.<\/p>\n\n\n\n<p>En este espacio, el detenido se encontrar\u00e1 en tr\u00e1nsito a la espera de que se resuelva su situaci\u00f3n procesal, en un lugar seguro y preparado para albergarlos, y no en las comisar\u00edas de los barrios, a las que los vecinos se acercan regularmente por denuncias y exposiciones.<\/p>\n\n\n\n<p>Estuvieron presentes tambi\u00e9n, la vicegobernadora de la provincia de Buenos Aires, Ver\u00f3nica Magario;&nbsp; el ministro bonaerense de Justicia y Derechos Humanos, Julio Alak; el flamante director de la Alcaid\u00eda de Berazategui, Javier Castagno; adem\u00e1s de integrantes del Gabinete Municipal y concejales locales.<\/p>\n","protected":false},"excerpt":{"rendered":"<p>El gobernador de la provincia de Buenos Aires, Axel Kicillof; junto al intendente de Berazategui, Juan Jos\u00e9 Mussi, inauguraron una Alcaid\u00eda en el distrito. Esta instituci\u00f3n fue creada con el fin de disminuir la poblaci\u00f3n de detenidos en las Comisar\u00edas (tanto de Berazategui Centro, como de Ranelagh, J. M. Guti\u00e9rrez, Hudson y El Pato), cediendo&#8230;<\/p>\n","protected":false},"author":2,"featured_media":16066,"comment_status":"open","ping_status":"open","sticky":false,"template":"","format":"standard","meta":{"footnotes":""},"categories":[3],"tags":[],"class_list":["post-16064","post","type-post","status-publish","format-standard","has-post-thumbnail","hentry","category-berazategui"],"featured_image_src":"https:\/\/diarioprincipios.com\/wp-content\/uploads\/2023\/03\/BERAZATEGUI-KICILLOF-Y-MUSSI-INAUGURARON-UNA-ALCAIDIA-1-1024x683.jpg","blog_images":{"medium":"https:\/\/diarioprincipios.com\/wp-content\/uploads\/2023\/03\/BERAZATEGUI-KICILLOF-Y-MUSSI-INAUGURARON-UNA-ALCAIDIA-1-300x200.jpg","large":"https:\/\/diarioprincipios.com\/wp-content\/uploads\/2023\/03\/BERAZATEGUI-KICILLOF-Y-MUSSI-INAUGURARON-UNA-ALCAIDIA-1-1024x683.jpg"},"ams_acf":[],"yoast_head":"<!-- This site is optimized with the Yoast SEO plugin v27.3 - https:\/\/yoast.com\/product\/yoast-seo-wordpress\/ -->\n<title>Kicillof y Mussi inauguraron una Alcaid\u00eda - Principios<\/title>\n<meta name=\"robots\" content=\"index, follow, max-snippet:-1, max-image-preview:large, max-video-preview:-1\" \/>\n<link rel=\"canonical\" href=\"https:\/\/diarioprincipios.com\/index.php\/2023\/03\/02\/kicillof-y-mussi-inauguraron-una-alcaidia\/\" \/>\n<meta property=\"og:locale\" content=\"es_ES\" \/>\n<meta property=\"og:type\" content=\"article\" \/>\n<meta property=\"og:title\" content=\"Kicillof y Mussi inauguraron una Alcaid\u00eda - Principios\" \/>\n<meta property=\"og:description\" content=\"El gobernador de la provincia de Buenos Aires, Axel Kicillof; junto al intendente de Berazategui, Juan Jos\u00e9 Mussi, inauguraron una Alcaid\u00eda en el distrito. Esta instituci\u00f3n fue creada con el fin de disminuir la poblaci\u00f3n de detenidos en las Comisar\u00edas (tanto de Berazategui Centro, como de Ranelagh, J. M. Guti\u00e9rrez, Hudson y El Pato), cediendo...\" \/>\n<meta property=\"og:url\" content=\"https:\/\/diarioprincipios.com\/index.php\/2023\/03\/02\/kicillof-y-mussi-inauguraron-una-alcaidia\/\" \/>\n<meta property=\"og:site_name\" content=\"Principios\" \/>\n<meta property=\"article:published_time\" content=\"2023-03-03T00:06:08+00:00\" \/>\n<meta property=\"article:modified_time\" content=\"2023-03-03T00:06:11+00:00\" \/>\n<meta property=\"og:image\" content=\"https:\/\/diarioprincipios.com\/wp-content\/uploads\/2023\/03\/BERAZATEGUI-KICILLOF-Y-MUSSI-INAUGURARON-UNA-ALCAIDIA-1.jpg\" \/>\n\t<meta property=\"og:image:width\" content=\"1920\" \/>\n\t<meta property=\"og:image:height\" content=\"1280\" \/>\n\t<meta property=\"og:image:type\" content=\"image\/jpeg\" \/>\n<meta name=\"author\" content=\"Hern\u00e1n L\u00f3pez\" \/>\n<meta name=\"twitter:card\" content=\"summary_large_image\" \/>\n<meta name=\"twitter:label1\" content=\"Escrito por\" \/>\n\t<meta name=\"twitter:data1\" content=\"Hern\u00e1n L\u00f3pez\" \/>\n\t<meta name=\"twitter:label2\" content=\"Tiempo de lectura\" \/>\n\t<meta name=\"twitter:data2\" content=\"3 minutos\" \/>\n<script type=\"application\/ld+json\" class=\"yoast-schema-graph\">{\"@context\":\"https:\\\/\\\/schema.org\",\"@graph\":[{\"@type\":\"Article\",\"@id\":\"https:\\\/\\\/diarioprincipios.com\\\/index.php\\\/2023\\\/03\\\/02\\\/kicillof-y-mussi-inauguraron-una-alcaidia\\\/#article\",\"isPartOf\":{\"@id\":\"https:\\\/\\\/diarioprincipios.com\\\/index.php\\\/2023\\\/03\\\/02\\\/kicillof-y-mussi-inauguraron-una-alcaidia\\\/\"},\"author\":{\"name\":\"Hern\u00e1n L\u00f3pez\",\"@id\":\"https:\\\/\\\/diarioprincipios.com\\\/#\\\/schema\\\/person\\\/436d5a1fd41a5e250e23ff5a6a7cb080\"},\"headline\":\"Kicillof y Mussi inauguraron una Alcaid\u00eda\",\"datePublished\":\"2023-03-03T00:06:08+00:00\",\"dateModified\":\"2023-03-03T00:06:11+00:00\",\"mainEntityOfPage\":{\"@id\":\"https:\\\/\\\/diarioprincipios.com\\\/index.php\\\/2023\\\/03\\\/02\\\/kicillof-y-mussi-inauguraron-una-alcaidia\\\/\"},\"wordCount\":475,\"commentCount\":0,\"publisher\":{\"@id\":\"https:\\\/\\\/diarioprincipios.com\\\/#organization\"},\"image\":{\"@id\":\"https:\\\/\\\/diarioprincipios.com\\\/index.php\\\/2023\\\/03\\\/02\\\/kicillof-y-mussi-inauguraron-una-alcaidia\\\/#primaryimage\"},\"thumbnailUrl\":\"https:\\\/\\\/diarioprincipios.com\\\/wp-content\\\/uploads\\\/2023\\\/03\\\/BERAZATEGUI-KICILLOF-Y-MUSSI-INAUGURARON-UNA-ALCAIDIA-1.jpg\",\"articleSection\":[\"Berazategui\"],\"inLanguage\":\"es\",\"potentialAction\":[{\"@type\":\"CommentAction\",\"name\":\"Comment\",\"target\":[\"https:\\\/\\\/diarioprincipios.com\\\/index.php\\\/2023\\\/03\\\/02\\\/kicillof-y-mussi-inauguraron-una-alcaidia\\\/#respond\"]}]},{\"@type\":\"WebPage\",\"@id\":\"https:\\\/\\\/diarioprincipios.com\\\/index.php\\\/2023\\\/03\\\/02\\\/kicillof-y-mussi-inauguraron-una-alcaidia\\\/\",\"url\":\"https:\\\/\\\/diarioprincipios.com\\\/index.php\\\/2023\\\/03\\\/02\\\/kicillof-y-mussi-inauguraron-una-alcaidia\\\/\",\"name\":\"Kicillof y Mussi inauguraron una Alcaid\u00eda - Principios\",\"isPartOf\":{\"@id\":\"https:\\\/\\\/diarioprincipios.com\\\/#website\"},\"primaryImageOfPage\":{\"@id\":\"https:\\\/\\\/diarioprincipios.com\\\/index.php\\\/2023\\\/03\\\/02\\\/kicillof-y-mussi-inauguraron-una-alcaidia\\\/#primaryimage\"},\"image\":{\"@id\":\"https:\\\/\\\/diarioprincipios.com\\\/index.php\\\/2023\\\/03\\\/02\\\/kicillof-y-mussi-inauguraron-una-alcaidia\\\/#primaryimage\"},\"thumbnailUrl\":\"https:\\\/\\\/diarioprincipios.com\\\/wp-content\\\/uploads\\\/2023\\\/03\\\/BERAZATEGUI-KICILLOF-Y-MUSSI-INAUGURARON-UNA-ALCAIDIA-1.jpg\",\"datePublished\":\"2023-03-03T00:06:08+00:00\",\"dateModified\":\"2023-03-03T00:06:11+00:00\",\"breadcrumb\":{\"@id\":\"https:\\\/\\\/diarioprincipios.com\\\/index.php\\\/2023\\\/03\\\/02\\\/kicillof-y-mussi-inauguraron-una-alcaidia\\\/#breadcrumb\"},\"inLanguage\":\"es\",\"potentialAction\":[{\"@type\":\"ReadAction\",\"target\":[\"https:\\\/\\\/diarioprincipios.com\\\/index.php\\\/2023\\\/03\\\/02\\\/kicillof-y-mussi-inauguraron-una-alcaidia\\\/\"]}]},{\"@type\":\"ImageObject\",\"inLanguage\":\"es\",\"@id\":\"https:\\\/\\\/diarioprincipios.com\\\/index.php\\\/2023\\\/03\\\/02\\\/kicillof-y-mussi-inauguraron-una-alcaidia\\\/#primaryimage\",\"url\":\"https:\\\/\\\/diarioprincipios.com\\\/wp-content\\\/uploads\\\/2023\\\/03\\\/BERAZATEGUI-KICILLOF-Y-MUSSI-INAUGURARON-UNA-ALCAIDIA-1.jpg\",\"contentUrl\":\"https:\\\/\\\/diarioprincipios.com\\\/wp-content\\\/uploads\\\/2023\\\/03\\\/BERAZATEGUI-KICILLOF-Y-MUSSI-INAUGURARON-UNA-ALCAIDIA-1.jpg\",\"width\":1920,\"height\":1280},{\"@type\":\"BreadcrumbList\",\"@id\":\"https:\\\/\\\/diarioprincipios.com\\\/index.php\\\/2023\\\/03\\\/02\\\/kicillof-y-mussi-inauguraron-una-alcaidia\\\/#breadcrumb\",\"itemListElement\":[{\"@type\":\"ListItem\",\"position\":1,\"name\":\"Portada\",\"item\":\"https:\\\/\\\/diarioprincipios.com\\\/\"},{\"@type\":\"ListItem\",\"position\":2,\"name\":\"Kicillof y Mussi inauguraron una Alcaid\u00eda\"}]},{\"@type\":\"WebSite\",\"@id\":\"https:\\\/\\\/diarioprincipios.com\\\/#website\",\"url\":\"https:\\\/\\\/diarioprincipios.com\\\/\",\"name\":\"Principios\",\"description\":\"Principios Diario\",\"publisher\":{\"@id\":\"https:\\\/\\\/diarioprincipios.com\\\/#organization\"},\"potentialAction\":[{\"@type\":\"SearchAction\",\"target\":{\"@type\":\"EntryPoint\",\"urlTemplate\":\"https:\\\/\\\/diarioprincipios.com\\\/?s={search_term_string}\"},\"query-input\":{\"@type\":\"PropertyValueSpecification\",\"valueRequired\":true,\"valueName\":\"search_term_string\"}}],\"inLanguage\":\"es\"},{\"@type\":\"Organization\",\"@id\":\"https:\\\/\\\/diarioprincipios.com\\\/#organization\",\"name\":\"Principios\",\"url\":\"https:\\\/\\\/diarioprincipios.com\\\/\",\"logo\":{\"@type\":\"ImageObject\",\"inLanguage\":\"es\",\"@id\":\"https:\\\/\\\/diarioprincipios.com\\\/#\\\/schema\\\/logo\\\/image\\\/\",\"url\":\"https:\\\/\\\/diarioprincipios.com\\\/wp-content\\\/uploads\\\/2024\\\/04\\\/cropped-www.diarioprincipios.com_-1.png\",\"contentUrl\":\"https:\\\/\\\/diarioprincipios.com\\\/wp-content\\\/uploads\\\/2024\\\/04\\\/cropped-www.diarioprincipios.com_-1.png\",\"width\":5325,\"height\":1454,\"caption\":\"Principios\"},\"image\":{\"@id\":\"https:\\\/\\\/diarioprincipios.com\\\/#\\\/schema\\\/logo\\\/image\\\/\"}},{\"@type\":\"Person\",\"@id\":\"https:\\\/\\\/diarioprincipios.com\\\/#\\\/schema\\\/person\\\/436d5a1fd41a5e250e23ff5a6a7cb080\",\"name\":\"Hern\u00e1n L\u00f3pez\",\"image\":{\"@type\":\"ImageObject\",\"inLanguage\":\"es\",\"@id\":\"https:\\\/\\\/diarioprincipios.com\\\/wp-content\\\/litespeed\\\/avatar\\\/11ddfe5610ff3bd100522525b2571f48.jpg?ver=1777048341\",\"url\":\"https:\\\/\\\/diarioprincipios.com\\\/wp-content\\\/litespeed\\\/avatar\\\/11ddfe5610ff3bd100522525b2571f48.jpg?ver=1777048341\",\"contentUrl\":\"https:\\\/\\\/diarioprincipios.com\\\/wp-content\\\/litespeed\\\/avatar\\\/11ddfe5610ff3bd100522525b2571f48.jpg?ver=1777048341\",\"caption\":\"Hern\u00e1n L\u00f3pez\"},\"url\":\"https:\\\/\\\/diarioprincipios.com\\\/index.php\\\/author\\\/hernan\\\/\"}]}<\/script>\n<!-- \/ Yoast SEO plugin. -->","yoast_head_json":{"title":"Kicillof y Mussi inauguraron una Alcaid\u00eda - Principios","robots":{"index":"index","follow":"follow","max-snippet":"max-snippet:-1","max-image-preview":"max-image-preview:large","max-video-preview":"max-video-preview:-1"},"canonical":"https:\/\/diarioprincipios.com\/index.php\/2023\/03\/02\/kicillof-y-mussi-inauguraron-una-alcaidia\/","og_locale":"es_ES","og_type":"article","og_title":"Kicillof y Mussi inauguraron una Alcaid\u00eda - Principios","og_description":"El gobernador de la provincia de Buenos Aires, Axel Kicillof; junto al intendente de Berazategui, Juan Jos\u00e9 Mussi, inauguraron una Alcaid\u00eda en el distrito. Esta instituci\u00f3n fue creada con el fin de disminuir la poblaci\u00f3n de detenidos en las Comisar\u00edas (tanto de Berazategui Centro, como de Ranelagh, J. M. Guti\u00e9rrez, Hudson y El Pato), cediendo...","og_url":"https:\/\/diarioprincipios.com\/index.php\/2023\/03\/02\/kicillof-y-mussi-inauguraron-una-alcaidia\/","og_site_name":"Principios","article_published_time":"2023-03-03T00:06:08+00:00","article_modified_time":"2023-03-03T00:06:11+00:00","og_image":[{"width":1920,"height":1280,"url":"https:\/\/diarioprincipios.com\/wp-content\/uploads\/2023\/03\/BERAZATEGUI-KICILLOF-Y-MUSSI-INAUGURARON-UNA-ALCAIDIA-1.jpg","type":"image\/jpeg"}],"author":"Hern\u00e1n L\u00f3pez","twitter_card":"summary_large_image","twitter_misc":{"Escrito por":"Hern\u00e1n L\u00f3pez","Tiempo de lectura":"3 minutos"},"schema":{"@context":"https:\/\/schema.org","@graph":[{"@type":"Article","@id":"https:\/\/diarioprincipios.com\/index.php\/2023\/03\/02\/kicillof-y-mussi-inauguraron-una-alcaidia\/#article","isPartOf":{"@id":"https:\/\/diarioprincipios.com\/index.php\/2023\/03\/02\/kicillof-y-mussi-inauguraron-una-alcaidia\/"},"author":{"name":"Hern\u00e1n L\u00f3pez","@id":"https:\/\/diarioprincipios.com\/#\/schema\/person\/436d5a1fd41a5e250e23ff5a6a7cb080"},"headline":"Kicillof y Mussi inauguraron una Alcaid\u00eda","datePublished":"2023-03-03T00:06:08+00:00","dateModified":"2023-03-03T00:06:11+00:00","mainEntityOfPage":{"@id":"https:\/\/diarioprincipios.com\/index.php\/2023\/03\/02\/kicillof-y-mussi-inauguraron-una-alcaidia\/"},"wordCount":475,"commentCount":0,"publisher":{"@id":"https:\/\/diarioprincipios.com\/#organization"},"image":{"@id":"https:\/\/diarioprincipios.com\/index.php\/2023\/03\/02\/kicillof-y-mussi-inauguraron-una-alcaidia\/#primaryimage"},"thumbnailUrl":"https:\/\/diarioprincipios.com\/wp-content\/uploads\/2023\/03\/BERAZATEGUI-KICILLOF-Y-MUSSI-INAUGURARON-UNA-ALCAIDIA-1.jpg","articleSection":["Berazategui"],"inLanguage":"es","potentialAction":[{"@type":"CommentAction","name":"Comment","target":["https:\/\/diarioprincipios.com\/index.php\/2023\/03\/02\/kicillof-y-mussi-inauguraron-una-alcaidia\/#respond"]}]},{"@type":"WebPage","@id":"https:\/\/diarioprincipios.com\/index.php\/2023\/03\/02\/kicillof-y-mussi-inauguraron-una-alcaidia\/","url":"https:\/\/diarioprincipios.com\/index.php\/2023\/03\/02\/kicillof-y-mussi-inauguraron-una-alcaidia\/","name":"Kicillof y Mussi inauguraron una Alcaid\u00eda - Principios","isPartOf":{"@id":"https:\/\/diarioprincipios.com\/#website"},"primaryImageOfPage":{"@id":"https:\/\/diarioprincipios.com\/index.php\/2023\/03\/02\/kicillof-y-mussi-inauguraron-una-alcaidia\/#primaryimage"},"image":{"@id":"https:\/\/diarioprincipios.com\/index.php\/2023\/03\/02\/kicillof-y-mussi-inauguraron-una-alcaidia\/#primaryimage"},"thumbnailUrl":"https:\/\/diarioprincipios.com\/wp-content\/uploads\/2023\/03\/BERAZATEGUI-KICILLOF-Y-MUSSI-INAUGURARON-UNA-ALCAIDIA-1.jpg","datePublished":"2023-03-03T00:06:08+00:00","dateModified":"2023-03-03T00:06:11+00:00","breadcrumb":{"@id":"https:\/\/diarioprincipios.com\/index.php\/2023\/03\/02\/kicillof-y-mussi-inauguraron-una-alcaidia\/#breadcrumb"},"inLanguage":"es","potentialAction":[{"@type":"ReadAction","target":["https:\/\/diarioprincipios.com\/index.php\/2023\/03\/02\/kicillof-y-mussi-inauguraron-una-alcaidia\/"]}]},{"@type":"ImageObject","inLanguage":"es","@id":"https:\/\/diarioprincipios.com\/index.php\/2023\/03\/02\/kicillof-y-mussi-inauguraron-una-alcaidia\/#primaryimage","url":"https:\/\/diarioprincipios.com\/wp-content\/uploads\/2023\/03\/BERAZATEGUI-KICILLOF-Y-MUSSI-INAUGURARON-UNA-ALCAIDIA-1.jpg","contentUrl":"https:\/\/diarioprincipios.com\/wp-content\/uploads\/2023\/03\/BERAZATEGUI-KICILLOF-Y-MUSSI-INAUGURARON-UNA-ALCAIDIA-1.jpg","width":1920,"height":1280},{"@type":"BreadcrumbList","@id":"https:\/\/diarioprincipios.com\/index.php\/2023\/03\/02\/kicillof-y-mussi-inauguraron-una-alcaidia\/#breadcrumb","itemListElement":[{"@type":"ListItem","position":1,"name":"Portada","item":"https:\/\/diarioprincipios.com\/"},{"@type":"ListItem","position":2,"name":"Kicillof y Mussi inauguraron una Alcaid\u00eda"}]},{"@type":"WebSite","@id":"https:\/\/diarioprincipios.com\/#website","url":"https:\/\/diarioprincipios.com\/","name":"Principios","description":"Principios Diario","publisher":{"@id":"https:\/\/diarioprincipios.com\/#organization"},"potentialAction":[{"@type":"SearchAction","target":{"@type":"EntryPoint","urlTemplate":"https:\/\/diarioprincipios.com\/?s={search_term_string}"},"query-input":{"@type":"PropertyValueSpecification","valueRequired":true,"valueName":"search_term_string"}}],"inLanguage":"es"},{"@type":"Organization","@id":"https:\/\/diarioprincipios.com\/#organization","name":"Principios","url":"https:\/\/diarioprincipios.com\/","logo":{"@type":"ImageObject","inLanguage":"es","@id":"https:\/\/diarioprincipios.com\/#\/schema\/logo\/image\/","url":"https:\/\/diarioprincipios.com\/wp-content\/uploads\/2024\/04\/cropped-www.diarioprincipios.com_-1.png","contentUrl":"https:\/\/diarioprincipios.com\/wp-content\/uploads\/2024\/04\/cropped-www.diarioprincipios.com_-1.png","width":5325,"height":1454,"caption":"Principios"},"image":{"@id":"https:\/\/diarioprincipios.com\/#\/schema\/logo\/image\/"}},{"@type":"Person","@id":"https:\/\/diarioprincipios.com\/#\/schema\/person\/436d5a1fd41a5e250e23ff5a6a7cb080","name":"Hern\u00e1n L\u00f3pez","image":{"@type":"ImageObject","inLanguage":"es","@id":"https:\/\/diarioprincipios.com\/wp-content\/litespeed\/avatar\/11ddfe5610ff3bd100522525b2571f48.jpg?ver=1777048341","url":"https:\/\/diarioprincipios.com\/wp-content\/litespeed\/avatar\/11ddfe5610ff3bd100522525b2571f48.jpg?ver=1777048341","contentUrl":"https:\/\/diarioprincipios.com\/wp-content\/litespeed\/avatar\/11ddfe5610ff3bd100522525b2571f48.jpg?ver=1777048341","caption":"Hern\u00e1n L\u00f3pez"},"url":"https:\/\/diarioprincipios.com\/index.php\/author\/hernan\/"}]}},"jetpack_featured_media_url":"https:\/\/diarioprincipios.com\/wp-content\/uploads\/2023\/03\/BERAZATEGUI-KICILLOF-Y-MUSSI-INAUGURARON-UNA-ALCAIDIA-1.jpg","_links":{"self":[{"href":"https:\/\/diarioprincipios.com\/index.php\/wp-json\/wp\/v2\/posts\/16064","targetHints":{"allow":["GET"]}}],"collection":[{"href":"https:\/\/diarioprincipios.com\/index.php\/wp-json\/wp\/v2\/posts"}],"about":[{"href":"https:\/\/diarioprincipios.com\/index.php\/wp-json\/wp\/v2\/types\/post"}],"author":[{"embeddable":true,"href":"https:\/\/diarioprincipios.com\/index.php\/wp-json\/wp\/v2\/users\/2"}],"replies":[{"embeddable":true,"href":"https:\/\/diarioprincipios.com\/index.php\/wp-json\/wp\/v2\/comments?post=16064"}],"version-history":[{"count":1,"href":"https:\/\/diarioprincipios.com\/index.php\/wp-json\/wp\/v2\/posts\/16064\/revisions"}],"predecessor-version":[{"id":16067,"href":"https:\/\/diarioprincipios.com\/index.php\/wp-json\/wp\/v2\/posts\/16064\/revisions\/16067"}],"wp:featuredmedia":[{"embeddable":true,"href":"https:\/\/diarioprincipios.com\/index.php\/wp-json\/wp\/v2\/media\/16066"}],"wp:attachment":[{"href":"https:\/\/diarioprincipios.com\/index.php\/wp-json\/wp\/v2\/media?parent=16064"}],"wp:term":[{"taxonomy":"category","embeddable":true,"href":"https:\/\/diarioprincipios.com\/index.php\/wp-json\/wp\/v2\/categories?post=16064"},{"taxonomy":"post_tag","embeddable":true,"href":"https:\/\/diarioprincipios.com\/index.php\/wp-json\/wp\/v2\/tags?post=16064"}],"curies":[{"name":"wp","href":"https:\/\/api.w.org\/{rel}","templated":true}]}}