{"id":16054,"date":"2023-03-02T17:39:26","date_gmt":"2023-03-02T20:39:26","guid":{"rendered":"http:\/\/diarioprincipios.com\/?p=16054"},"modified":"2023-03-02T17:39:29","modified_gmt":"2023-03-02T20:39:29","slug":"kicillof-y-mussi-entregaron-escrituras-lanzaron-el-conectar-igualdad-e-inauguraron-una-alcaidia","status":"publish","type":"post","link":"https:\/\/diarioprincipios.com\/index.php\/2023\/03\/02\/kicillof-y-mussi-entregaron-escrituras-lanzaron-el-conectar-igualdad-e-inauguraron-una-alcaidia\/","title":{"rendered":"Kicillof y Mussi entregaron Escrituras, lanzaron el Conectar Igualdad e inauguraron una Alcaid\u00eda"},"content":{"rendered":"\n<p><strong>El Gobernador de la provincia de Buenos Aires tuvo una jornada marat\u00f3nica en Berazategui, donde junto al intendente municipal, Juan Jos\u00e9 Mussi, entreg\u00f3 452 escrituras de propiedad en el Centro Municipal de Actividades Roberto De Vicenzo, lanz\u00f3 el Programa Conectar Igualdad Bonaerense en el Complejo Cultural Municipal La Calle e inaugur\u00f3 la Alcaid\u00eda en Pl\u00e1tanos.<\/strong><\/p>\n\n\n\n<p>Durante su visita, Axel Kicillof destac\u00f3 los logros recientes junto a la gesti\u00f3n municipal: \u201cSin un intendente como Juan Jos\u00e9 Mussi no podr\u00edamos haber hecho todo lo que hicimos en Berazategui, donde en estos 3 a\u00f1os ya construimos viviendas, asfalto, escuelas, hicimos una gran inversi\u00f3n en salud, entregamos escrituras y tambi\u00e9n computadoras. Todo esto representa un esfuerzo muy importante por parte de la provincia de Buenos Aires, pero tambi\u00e9n es el fruto de un trabajo colectivo y articulado con el Municipio\u201d.<\/p>\n\n\n\n<figure class=\"wp-block-image size-large\"><img loading=\"lazy\" decoding=\"async\" width=\"1024\" height=\"683\" src=\"https:\/\/diarioprincipios.com\/wp-content\/uploads\/2023\/03\/KICILLOF-Y-MUSSI-ENTREGARON-ESCRITURAS-LANZARON-EL-CONECTAR-IGUALDAD-E-INAUGURARON-UNA-ALCAIDIA-6-1024x683.jpg\" alt=\"\" class=\"wp-image-16055\" srcset=\"https:\/\/diarioprincipios.com\/wp-content\/uploads\/2023\/03\/KICILLOF-Y-MUSSI-ENTREGARON-ESCRITURAS-LANZARON-EL-CONECTAR-IGUALDAD-E-INAUGURARON-UNA-ALCAIDIA-6-1024x683.jpg 1024w, https:\/\/diarioprincipios.com\/wp-content\/uploads\/2023\/03\/KICILLOF-Y-MUSSI-ENTREGARON-ESCRITURAS-LANZARON-EL-CONECTAR-IGUALDAD-E-INAUGURARON-UNA-ALCAIDIA-6-300x200.jpg 300w, https:\/\/diarioprincipios.com\/wp-content\/uploads\/2023\/03\/KICILLOF-Y-MUSSI-ENTREGARON-ESCRITURAS-LANZARON-EL-CONECTAR-IGUALDAD-E-INAUGURARON-UNA-ALCAIDIA-6-768x512.jpg 768w, https:\/\/diarioprincipios.com\/wp-content\/uploads\/2023\/03\/KICILLOF-Y-MUSSI-ENTREGARON-ESCRITURAS-LANZARON-EL-CONECTAR-IGUALDAD-E-INAUGURARON-UNA-ALCAIDIA-6-1536x1024.jpg 1536w, https:\/\/diarioprincipios.com\/wp-content\/uploads\/2023\/03\/KICILLOF-Y-MUSSI-ENTREGARON-ESCRITURAS-LANZARON-EL-CONECTAR-IGUALDAD-E-INAUGURARON-UNA-ALCAIDIA-6-600x400.jpg 600w, https:\/\/diarioprincipios.com\/wp-content\/uploads\/2023\/03\/KICILLOF-Y-MUSSI-ENTREGARON-ESCRITURAS-LANZARON-EL-CONECTAR-IGUALDAD-E-INAUGURARON-UNA-ALCAIDIA-6.jpg 1920w\" sizes=\"auto, (max-width: 1024px) 100vw, 1024px\" \/><\/figure>\n\n\n\n<p>En este marco, el Gobernador destac\u00f3: \u201cComo dijo Evita, nosotros creemos que donde hay una necesidad, hay un derecho, y que donde hay un derecho tambi\u00e9n existe una obligaci\u00f3n. Por eso aqu\u00ed todos lo quieren tanto al Intendente, porque durante a\u00f1os y a\u00f1os se dedic\u00f3 a reconocer todos estos derechos\u201d.<\/p>\n\n\n\n<p>Por su parte, el Intendente berazateguense agradeci\u00f3 el apoyo de la gobernaci\u00f3n para concretar todos estos proyectos, y expres\u00f3: \u201cOjal\u00e1 que Axel Kicillof siga siendo nuestro gobernador. Adem\u00e1s de las 452 escrituras y cerca de 2000 notebooks que entregamos hoy, Axel tambi\u00e9n nos trajo obras de pavimento y escuelas como nadie. En estos 3 a\u00f1os, por ejemplo, ya construimos 6 escuelas nuevas en Berazategui, mientras que con el anterior Gobierno solo hab\u00edamos inaugurado un Jard\u00edn que se estaba haciendo antes de que asumieran. Entonces, \u00bfc\u00f3mo no le voy a agradecer y pedirle que siga?\u201d.<\/p>\n\n\n\n<figure class=\"wp-block-image size-large\"><img loading=\"lazy\" decoding=\"async\" width=\"1024\" height=\"683\" src=\"https:\/\/diarioprincipios.com\/wp-content\/uploads\/2023\/03\/KICILLOF-Y-MUSSI-ENTREGARON-ESCRITURAS-LANZARON-EL-CONECTAR-IGUALDAD-E-INAUGURARON-UNA-ALCAIDIA-5-1024x683.jpg\" alt=\"\" class=\"wp-image-16056\" srcset=\"https:\/\/diarioprincipios.com\/wp-content\/uploads\/2023\/03\/KICILLOF-Y-MUSSI-ENTREGARON-ESCRITURAS-LANZARON-EL-CONECTAR-IGUALDAD-E-INAUGURARON-UNA-ALCAIDIA-5-1024x683.jpg 1024w, https:\/\/diarioprincipios.com\/wp-content\/uploads\/2023\/03\/KICILLOF-Y-MUSSI-ENTREGARON-ESCRITURAS-LANZARON-EL-CONECTAR-IGUALDAD-E-INAUGURARON-UNA-ALCAIDIA-5-300x200.jpg 300w, https:\/\/diarioprincipios.com\/wp-content\/uploads\/2023\/03\/KICILLOF-Y-MUSSI-ENTREGARON-ESCRITURAS-LANZARON-EL-CONECTAR-IGUALDAD-E-INAUGURARON-UNA-ALCAIDIA-5-768x512.jpg 768w, https:\/\/diarioprincipios.com\/wp-content\/uploads\/2023\/03\/KICILLOF-Y-MUSSI-ENTREGARON-ESCRITURAS-LANZARON-EL-CONECTAR-IGUALDAD-E-INAUGURARON-UNA-ALCAIDIA-5-1536x1024.jpg 1536w, https:\/\/diarioprincipios.com\/wp-content\/uploads\/2023\/03\/KICILLOF-Y-MUSSI-ENTREGARON-ESCRITURAS-LANZARON-EL-CONECTAR-IGUALDAD-E-INAUGURARON-UNA-ALCAIDIA-5-600x400.jpg 600w, https:\/\/diarioprincipios.com\/wp-content\/uploads\/2023\/03\/KICILLOF-Y-MUSSI-ENTREGARON-ESCRITURAS-LANZARON-EL-CONECTAR-IGUALDAD-E-INAUGURARON-UNA-ALCAIDIA-5.jpg 1920w\" sizes=\"auto, (max-width: 1024px) 100vw, 1024px\" \/><\/figure>\n\n\n\n<p>A su vez, el Jefe comunal hizo hincapi\u00e9 en el permanente acompa\u00f1amiento del Gobierno nacional. \u201cEn todo este tiempo tambi\u00e9n recibimos la ayuda del presidente de la Naci\u00f3n, Alberto Fern\u00e1ndez; y de la vicepresidenta, Cristina Fern\u00e1ndez de Kirchner, a quienes les agradezco profundamente en nombre del pueblo de Berazategui\u201d. Adem\u00e1s, repudi\u00f3 \u201ccateg\u00f3ricamente la persecuci\u00f3n judicial contra la figura de la expresidenta\u00bb. Y, a modo de cierre, concluy\u00f3: \u201cTodos los d\u00edas nos ponen a prueba, pero todos aquellos que hacemos las cosas por amor al pr\u00f3jimo, no debemos aflojar, y seguir trabajando para resolverles los problemas a nuestros vecinos\u201d.<\/p>\n\n\n\n<figure class=\"wp-block-image size-large\"><img loading=\"lazy\" decoding=\"async\" width=\"1024\" height=\"683\" src=\"https:\/\/diarioprincipios.com\/wp-content\/uploads\/2023\/03\/KICILLOF-Y-MUSSI-ENTREGARON-ESCRITURAS-LANZARON-EL-CONECTAR-IGUALDAD-E-INAUGURARON-UNA-ALCAIDIA-8-1024x683.jpg\" alt=\"\" class=\"wp-image-16057\" srcset=\"https:\/\/diarioprincipios.com\/wp-content\/uploads\/2023\/03\/KICILLOF-Y-MUSSI-ENTREGARON-ESCRITURAS-LANZARON-EL-CONECTAR-IGUALDAD-E-INAUGURARON-UNA-ALCAIDIA-8-1024x683.jpg 1024w, https:\/\/diarioprincipios.com\/wp-content\/uploads\/2023\/03\/KICILLOF-Y-MUSSI-ENTREGARON-ESCRITURAS-LANZARON-EL-CONECTAR-IGUALDAD-E-INAUGURARON-UNA-ALCAIDIA-8-300x200.jpg 300w, https:\/\/diarioprincipios.com\/wp-content\/uploads\/2023\/03\/KICILLOF-Y-MUSSI-ENTREGARON-ESCRITURAS-LANZARON-EL-CONECTAR-IGUALDAD-E-INAUGURARON-UNA-ALCAIDIA-8-768x512.jpg 768w, https:\/\/diarioprincipios.com\/wp-content\/uploads\/2023\/03\/KICILLOF-Y-MUSSI-ENTREGARON-ESCRITURAS-LANZARON-EL-CONECTAR-IGUALDAD-E-INAUGURARON-UNA-ALCAIDIA-8-1536x1024.jpg 1536w, https:\/\/diarioprincipios.com\/wp-content\/uploads\/2023\/03\/KICILLOF-Y-MUSSI-ENTREGARON-ESCRITURAS-LANZARON-EL-CONECTAR-IGUALDAD-E-INAUGURARON-UNA-ALCAIDIA-8-600x400.jpg 600w, https:\/\/diarioprincipios.com\/wp-content\/uploads\/2023\/03\/KICILLOF-Y-MUSSI-ENTREGARON-ESCRITURAS-LANZARON-EL-CONECTAR-IGUALDAD-E-INAUGURARON-UNA-ALCAIDIA-8.jpg 1920w\" sizes=\"auto, (max-width: 1024px) 100vw, 1024px\" \/><\/figure>\n\n\n\n<p>Participaron en la visita: la vicegobernadora de la provincia de Buenos Aires, Ver\u00f3nica Magario; el vicejefe de Gabinete de ministros bonaerense, Juan Pablo de Jes\u00fas; el ministro provincial de Justicia y Derechos Humanos, Julio Alak; y el director General de Cultura y Educaci\u00f3n, Alberto Sileoni; as\u00ed como integrantes del Gabinete municipal y concejales del distrito.<\/p>\n","protected":false},"excerpt":{"rendered":"<p>El Gobernador de la provincia de Buenos Aires tuvo una jornada marat\u00f3nica en Berazategui, donde junto al intendente municipal, Juan Jos\u00e9 Mussi, entreg\u00f3 452 escrituras de propiedad en el Centro Municipal de Actividades Roberto De Vicenzo, lanz\u00f3 el Programa Conectar Igualdad Bonaerense en el Complejo Cultural Municipal La Calle e inaugur\u00f3 la Alcaid\u00eda en Pl\u00e1tanos&#8230;.<\/p>\n","protected":false},"author":2,"featured_media":16058,"comment_status":"open","ping_status":"open","sticky":false,"template":"","format":"standard","meta":{"footnotes":""},"categories":[3],"tags":[],"class_list":["post-16054","post","type-post","status-publish","format-standard","has-post-thumbnail","hentry","category-berazategui"],"featured_image_src":"https:\/\/diarioprincipios.com\/wp-content\/uploads\/2023\/03\/KICILLOF-Y-MUSSI-ENTREGARON-ESCRITURAS-LANZARON-EL-CONECTAR-IGUALDAD-E-INAUGURARON-UNA-ALCAIDIA-7-1024x683.jpg","blog_images":{"medium":"https:\/\/diarioprincipios.com\/wp-content\/uploads\/2023\/03\/KICILLOF-Y-MUSSI-ENTREGARON-ESCRITURAS-LANZARON-EL-CONECTAR-IGUALDAD-E-INAUGURARON-UNA-ALCAIDIA-7-300x200.jpg","large":"https:\/\/diarioprincipios.com\/wp-content\/uploads\/2023\/03\/KICILLOF-Y-MUSSI-ENTREGARON-ESCRITURAS-LANZARON-EL-CONECTAR-IGUALDAD-E-INAUGURARON-UNA-ALCAIDIA-7-1024x683.jpg"},"ams_acf":[],"yoast_head":"<!-- This site is optimized with the Yoast SEO plugin v27.3 - https:\/\/yoast.com\/product\/yoast-seo-wordpress\/ -->\n<title>Kicillof y Mussi entregaron Escrituras, lanzaron el Conectar Igualdad e inauguraron una Alcaid\u00eda - Principios<\/title>\n<meta name=\"robots\" content=\"index, follow, max-snippet:-1, max-image-preview:large, max-video-preview:-1\" \/>\n<link rel=\"canonical\" href=\"https:\/\/diarioprincipios.com\/index.php\/2023\/03\/02\/kicillof-y-mussi-entregaron-escrituras-lanzaron-el-conectar-igualdad-e-inauguraron-una-alcaidia\/\" \/>\n<meta property=\"og:locale\" content=\"es_ES\" \/>\n<meta property=\"og:type\" content=\"article\" \/>\n<meta property=\"og:title\" content=\"Kicillof y Mussi entregaron Escrituras, lanzaron el Conectar Igualdad e inauguraron una Alcaid\u00eda - Principios\" \/>\n<meta property=\"og:description\" content=\"El Gobernador de la provincia de Buenos Aires tuvo una jornada marat\u00f3nica en Berazategui, donde junto al intendente municipal, Juan Jos\u00e9 Mussi, entreg\u00f3 452 escrituras de propiedad en el Centro Municipal de Actividades Roberto De Vicenzo, lanz\u00f3 el Programa Conectar Igualdad Bonaerense en el Complejo Cultural Municipal La Calle e inaugur\u00f3 la Alcaid\u00eda en Pl\u00e1tanos....\" \/>\n<meta property=\"og:url\" content=\"https:\/\/diarioprincipios.com\/index.php\/2023\/03\/02\/kicillof-y-mussi-entregaron-escrituras-lanzaron-el-conectar-igualdad-e-inauguraron-una-alcaidia\/\" \/>\n<meta property=\"og:site_name\" content=\"Principios\" \/>\n<meta property=\"article:published_time\" content=\"2023-03-02T20:39:26+00:00\" \/>\n<meta property=\"article:modified_time\" content=\"2023-03-02T20:39:29+00:00\" \/>\n<meta property=\"og:image\" content=\"https:\/\/diarioprincipios.com\/wp-content\/uploads\/2023\/03\/KICILLOF-Y-MUSSI-ENTREGARON-ESCRITURAS-LANZARON-EL-CONECTAR-IGUALDAD-E-INAUGURARON-UNA-ALCAIDIA-7.jpg\" \/>\n\t<meta property=\"og:image:width\" content=\"1920\" \/>\n\t<meta property=\"og:image:height\" content=\"1280\" \/>\n\t<meta property=\"og:image:type\" content=\"image\/jpeg\" \/>\n<meta name=\"author\" content=\"Hern\u00e1n L\u00f3pez\" \/>\n<meta name=\"twitter:card\" content=\"summary_large_image\" \/>\n<meta name=\"twitter:label1\" content=\"Escrito por\" \/>\n\t<meta name=\"twitter:data1\" content=\"Hern\u00e1n L\u00f3pez\" \/>\n\t<meta name=\"twitter:label2\" content=\"Tiempo de lectura\" \/>\n\t<meta name=\"twitter:data2\" content=\"3 minutos\" \/>\n<script type=\"application\/ld+json\" class=\"yoast-schema-graph\">{\"@context\":\"https:\\\/\\\/schema.org\",\"@graph\":[{\"@type\":\"Article\",\"@id\":\"https:\\\/\\\/diarioprincipios.com\\\/index.php\\\/2023\\\/03\\\/02\\\/kicillof-y-mussi-entregaron-escrituras-lanzaron-el-conectar-igualdad-e-inauguraron-una-alcaidia\\\/#article\",\"isPartOf\":{\"@id\":\"https:\\\/\\\/diarioprincipios.com\\\/index.php\\\/2023\\\/03\\\/02\\\/kicillof-y-mussi-entregaron-escrituras-lanzaron-el-conectar-igualdad-e-inauguraron-una-alcaidia\\\/\"},\"author\":{\"name\":\"Hern\u00e1n L\u00f3pez\",\"@id\":\"https:\\\/\\\/diarioprincipios.com\\\/#\\\/schema\\\/person\\\/436d5a1fd41a5e250e23ff5a6a7cb080\"},\"headline\":\"Kicillof y Mussi entregaron Escrituras, lanzaron el Conectar Igualdad e inauguraron una Alcaid\u00eda\",\"datePublished\":\"2023-03-02T20:39:26+00:00\",\"dateModified\":\"2023-03-02T20:39:29+00:00\",\"mainEntityOfPage\":{\"@id\":\"https:\\\/\\\/diarioprincipios.com\\\/index.php\\\/2023\\\/03\\\/02\\\/kicillof-y-mussi-entregaron-escrituras-lanzaron-el-conectar-igualdad-e-inauguraron-una-alcaidia\\\/\"},\"wordCount\":474,\"commentCount\":0,\"publisher\":{\"@id\":\"https:\\\/\\\/diarioprincipios.com\\\/#organization\"},\"image\":{\"@id\":\"https:\\\/\\\/diarioprincipios.com\\\/index.php\\\/2023\\\/03\\\/02\\\/kicillof-y-mussi-entregaron-escrituras-lanzaron-el-conectar-igualdad-e-inauguraron-una-alcaidia\\\/#primaryimage\"},\"thumbnailUrl\":\"https:\\\/\\\/diarioprincipios.com\\\/wp-content\\\/uploads\\\/2023\\\/03\\\/KICILLOF-Y-MUSSI-ENTREGARON-ESCRITURAS-LANZARON-EL-CONECTAR-IGUALDAD-E-INAUGURARON-UNA-ALCAIDIA-7.jpg\",\"articleSection\":[\"Berazategui\"],\"inLanguage\":\"es\",\"potentialAction\":[{\"@type\":\"CommentAction\",\"name\":\"Comment\",\"target\":[\"https:\\\/\\\/diarioprincipios.com\\\/index.php\\\/2023\\\/03\\\/02\\\/kicillof-y-mussi-entregaron-escrituras-lanzaron-el-conectar-igualdad-e-inauguraron-una-alcaidia\\\/#respond\"]}]},{\"@type\":\"WebPage\",\"@id\":\"https:\\\/\\\/diarioprincipios.com\\\/index.php\\\/2023\\\/03\\\/02\\\/kicillof-y-mussi-entregaron-escrituras-lanzaron-el-conectar-igualdad-e-inauguraron-una-alcaidia\\\/\",\"url\":\"https:\\\/\\\/diarioprincipios.com\\\/index.php\\\/2023\\\/03\\\/02\\\/kicillof-y-mussi-entregaron-escrituras-lanzaron-el-conectar-igualdad-e-inauguraron-una-alcaidia\\\/\",\"name\":\"Kicillof y Mussi entregaron Escrituras, lanzaron el Conectar Igualdad e inauguraron una Alcaid\u00eda - Principios\",\"isPartOf\":{\"@id\":\"https:\\\/\\\/diarioprincipios.com\\\/#website\"},\"primaryImageOfPage\":{\"@id\":\"https:\\\/\\\/diarioprincipios.com\\\/index.php\\\/2023\\\/03\\\/02\\\/kicillof-y-mussi-entregaron-escrituras-lanzaron-el-conectar-igualdad-e-inauguraron-una-alcaidia\\\/#primaryimage\"},\"image\":{\"@id\":\"https:\\\/\\\/diarioprincipios.com\\\/index.php\\\/2023\\\/03\\\/02\\\/kicillof-y-mussi-entregaron-escrituras-lanzaron-el-conectar-igualdad-e-inauguraron-una-alcaidia\\\/#primaryimage\"},\"thumbnailUrl\":\"https:\\\/\\\/diarioprincipios.com\\\/wp-content\\\/uploads\\\/2023\\\/03\\\/KICILLOF-Y-MUSSI-ENTREGARON-ESCRITURAS-LANZARON-EL-CONECTAR-IGUALDAD-E-INAUGURARON-UNA-ALCAIDIA-7.jpg\",\"datePublished\":\"2023-03-02T20:39:26+00:00\",\"dateModified\":\"2023-03-02T20:39:29+00:00\",\"breadcrumb\":{\"@id\":\"https:\\\/\\\/diarioprincipios.com\\\/index.php\\\/2023\\\/03\\\/02\\\/kicillof-y-mussi-entregaron-escrituras-lanzaron-el-conectar-igualdad-e-inauguraron-una-alcaidia\\\/#breadcrumb\"},\"inLanguage\":\"es\",\"potentialAction\":[{\"@type\":\"ReadAction\",\"target\":[\"https:\\\/\\\/diarioprincipios.com\\\/index.php\\\/2023\\\/03\\\/02\\\/kicillof-y-mussi-entregaron-escrituras-lanzaron-el-conectar-igualdad-e-inauguraron-una-alcaidia\\\/\"]}]},{\"@type\":\"ImageObject\",\"inLanguage\":\"es\",\"@id\":\"https:\\\/\\\/diarioprincipios.com\\\/index.php\\\/2023\\\/03\\\/02\\\/kicillof-y-mussi-entregaron-escrituras-lanzaron-el-conectar-igualdad-e-inauguraron-una-alcaidia\\\/#primaryimage\",\"url\":\"https:\\\/\\\/diarioprincipios.com\\\/wp-content\\\/uploads\\\/2023\\\/03\\\/KICILLOF-Y-MUSSI-ENTREGARON-ESCRITURAS-LANZARON-EL-CONECTAR-IGUALDAD-E-INAUGURARON-UNA-ALCAIDIA-7.jpg\",\"contentUrl\":\"https:\\\/\\\/diarioprincipios.com\\\/wp-content\\\/uploads\\\/2023\\\/03\\\/KICILLOF-Y-MUSSI-ENTREGARON-ESCRITURAS-LANZARON-EL-CONECTAR-IGUALDAD-E-INAUGURARON-UNA-ALCAIDIA-7.jpg\",\"width\":1920,\"height\":1280},{\"@type\":\"BreadcrumbList\",\"@id\":\"https:\\\/\\\/diarioprincipios.com\\\/index.php\\\/2023\\\/03\\\/02\\\/kicillof-y-mussi-entregaron-escrituras-lanzaron-el-conectar-igualdad-e-inauguraron-una-alcaidia\\\/#breadcrumb\",\"itemListElement\":[{\"@type\":\"ListItem\",\"position\":1,\"name\":\"Portada\",\"item\":\"https:\\\/\\\/diarioprincipios.com\\\/\"},{\"@type\":\"ListItem\",\"position\":2,\"name\":\"Kicillof y Mussi entregaron Escrituras, lanzaron el Conectar Igualdad e inauguraron una Alcaid\u00eda\"}]},{\"@type\":\"WebSite\",\"@id\":\"https:\\\/\\\/diarioprincipios.com\\\/#website\",\"url\":\"https:\\\/\\\/diarioprincipios.com\\\/\",\"name\":\"Principios\",\"description\":\"Principios Diario\",\"publisher\":{\"@id\":\"https:\\\/\\\/diarioprincipios.com\\\/#organization\"},\"potentialAction\":[{\"@type\":\"SearchAction\",\"target\":{\"@type\":\"EntryPoint\",\"urlTemplate\":\"https:\\\/\\\/diarioprincipios.com\\\/?s={search_term_string}\"},\"query-input\":{\"@type\":\"PropertyValueSpecification\",\"valueRequired\":true,\"valueName\":\"search_term_string\"}}],\"inLanguage\":\"es\"},{\"@type\":\"Organization\",\"@id\":\"https:\\\/\\\/diarioprincipios.com\\\/#organization\",\"name\":\"Principios\",\"url\":\"https:\\\/\\\/diarioprincipios.com\\\/\",\"logo\":{\"@type\":\"ImageObject\",\"inLanguage\":\"es\",\"@id\":\"https:\\\/\\\/diarioprincipios.com\\\/#\\\/schema\\\/logo\\\/image\\\/\",\"url\":\"https:\\\/\\\/diarioprincipios.com\\\/wp-content\\\/uploads\\\/2024\\\/04\\\/cropped-www.diarioprincipios.com_-1.png\",\"contentUrl\":\"https:\\\/\\\/diarioprincipios.com\\\/wp-content\\\/uploads\\\/2024\\\/04\\\/cropped-www.diarioprincipios.com_-1.png\",\"width\":5325,\"height\":1454,\"caption\":\"Principios\"},\"image\":{\"@id\":\"https:\\\/\\\/diarioprincipios.com\\\/#\\\/schema\\\/logo\\\/image\\\/\"}},{\"@type\":\"Person\",\"@id\":\"https:\\\/\\\/diarioprincipios.com\\\/#\\\/schema\\\/person\\\/436d5a1fd41a5e250e23ff5a6a7cb080\",\"name\":\"Hern\u00e1n L\u00f3pez\",\"image\":{\"@type\":\"ImageObject\",\"inLanguage\":\"es\",\"@id\":\"https:\\\/\\\/diarioprincipios.com\\\/wp-content\\\/litespeed\\\/avatar\\\/11ddfe5610ff3bd100522525b2571f48.jpg?ver=1777048341\",\"url\":\"https:\\\/\\\/diarioprincipios.com\\\/wp-content\\\/litespeed\\\/avatar\\\/11ddfe5610ff3bd100522525b2571f48.jpg?ver=1777048341\",\"contentUrl\":\"https:\\\/\\\/diarioprincipios.com\\\/wp-content\\\/litespeed\\\/avatar\\\/11ddfe5610ff3bd100522525b2571f48.jpg?ver=1777048341\",\"caption\":\"Hern\u00e1n L\u00f3pez\"},\"url\":\"https:\\\/\\\/diarioprincipios.com\\\/index.php\\\/author\\\/hernan\\\/\"}]}<\/script>\n<!-- \/ Yoast SEO plugin. -->","yoast_head_json":{"title":"Kicillof y Mussi entregaron Escrituras, lanzaron el Conectar Igualdad e inauguraron una Alcaid\u00eda - Principios","robots":{"index":"index","follow":"follow","max-snippet":"max-snippet:-1","max-image-preview":"max-image-preview:large","max-video-preview":"max-video-preview:-1"},"canonical":"https:\/\/diarioprincipios.com\/index.php\/2023\/03\/02\/kicillof-y-mussi-entregaron-escrituras-lanzaron-el-conectar-igualdad-e-inauguraron-una-alcaidia\/","og_locale":"es_ES","og_type":"article","og_title":"Kicillof y Mussi entregaron Escrituras, lanzaron el Conectar Igualdad e inauguraron una Alcaid\u00eda - Principios","og_description":"El Gobernador de la provincia de Buenos Aires tuvo una jornada marat\u00f3nica en Berazategui, donde junto al intendente municipal, Juan Jos\u00e9 Mussi, entreg\u00f3 452 escrituras de propiedad en el Centro Municipal de Actividades Roberto De Vicenzo, lanz\u00f3 el Programa Conectar Igualdad Bonaerense en el Complejo Cultural Municipal La Calle e inaugur\u00f3 la Alcaid\u00eda en Pl\u00e1tanos....","og_url":"https:\/\/diarioprincipios.com\/index.php\/2023\/03\/02\/kicillof-y-mussi-entregaron-escrituras-lanzaron-el-conectar-igualdad-e-inauguraron-una-alcaidia\/","og_site_name":"Principios","article_published_time":"2023-03-02T20:39:26+00:00","article_modified_time":"2023-03-02T20:39:29+00:00","og_image":[{"width":1920,"height":1280,"url":"https:\/\/diarioprincipios.com\/wp-content\/uploads\/2023\/03\/KICILLOF-Y-MUSSI-ENTREGARON-ESCRITURAS-LANZARON-EL-CONECTAR-IGUALDAD-E-INAUGURARON-UNA-ALCAIDIA-7.jpg","type":"image\/jpeg"}],"author":"Hern\u00e1n L\u00f3pez","twitter_card":"summary_large_image","twitter_misc":{"Escrito por":"Hern\u00e1n L\u00f3pez","Tiempo de lectura":"3 minutos"},"schema":{"@context":"https:\/\/schema.org","@graph":[{"@type":"Article","@id":"https:\/\/diarioprincipios.com\/index.php\/2023\/03\/02\/kicillof-y-mussi-entregaron-escrituras-lanzaron-el-conectar-igualdad-e-inauguraron-una-alcaidia\/#article","isPartOf":{"@id":"https:\/\/diarioprincipios.com\/index.php\/2023\/03\/02\/kicillof-y-mussi-entregaron-escrituras-lanzaron-el-conectar-igualdad-e-inauguraron-una-alcaidia\/"},"author":{"name":"Hern\u00e1n L\u00f3pez","@id":"https:\/\/diarioprincipios.com\/#\/schema\/person\/436d5a1fd41a5e250e23ff5a6a7cb080"},"headline":"Kicillof y Mussi entregaron Escrituras, lanzaron el Conectar Igualdad e inauguraron una Alcaid\u00eda","datePublished":"2023-03-02T20:39:26+00:00","dateModified":"2023-03-02T20:39:29+00:00","mainEntityOfPage":{"@id":"https:\/\/diarioprincipios.com\/index.php\/2023\/03\/02\/kicillof-y-mussi-entregaron-escrituras-lanzaron-el-conectar-igualdad-e-inauguraron-una-alcaidia\/"},"wordCount":474,"commentCount":0,"publisher":{"@id":"https:\/\/diarioprincipios.com\/#organization"},"image":{"@id":"https:\/\/diarioprincipios.com\/index.php\/2023\/03\/02\/kicillof-y-mussi-entregaron-escrituras-lanzaron-el-conectar-igualdad-e-inauguraron-una-alcaidia\/#primaryimage"},"thumbnailUrl":"https:\/\/diarioprincipios.com\/wp-content\/uploads\/2023\/03\/KICILLOF-Y-MUSSI-ENTREGARON-ESCRITURAS-LANZARON-EL-CONECTAR-IGUALDAD-E-INAUGURARON-UNA-ALCAIDIA-7.jpg","articleSection":["Berazategui"],"inLanguage":"es","potentialAction":[{"@type":"CommentAction","name":"Comment","target":["https:\/\/diarioprincipios.com\/index.php\/2023\/03\/02\/kicillof-y-mussi-entregaron-escrituras-lanzaron-el-conectar-igualdad-e-inauguraron-una-alcaidia\/#respond"]}]},{"@type":"WebPage","@id":"https:\/\/diarioprincipios.com\/index.php\/2023\/03\/02\/kicillof-y-mussi-entregaron-escrituras-lanzaron-el-conectar-igualdad-e-inauguraron-una-alcaidia\/","url":"https:\/\/diarioprincipios.com\/index.php\/2023\/03\/02\/kicillof-y-mussi-entregaron-escrituras-lanzaron-el-conectar-igualdad-e-inauguraron-una-alcaidia\/","name":"Kicillof y Mussi entregaron Escrituras, lanzaron el Conectar Igualdad e inauguraron una Alcaid\u00eda - Principios","isPartOf":{"@id":"https:\/\/diarioprincipios.com\/#website"},"primaryImageOfPage":{"@id":"https:\/\/diarioprincipios.com\/index.php\/2023\/03\/02\/kicillof-y-mussi-entregaron-escrituras-lanzaron-el-conectar-igualdad-e-inauguraron-una-alcaidia\/#primaryimage"},"image":{"@id":"https:\/\/diarioprincipios.com\/index.php\/2023\/03\/02\/kicillof-y-mussi-entregaron-escrituras-lanzaron-el-conectar-igualdad-e-inauguraron-una-alcaidia\/#primaryimage"},"thumbnailUrl":"https:\/\/diarioprincipios.com\/wp-content\/uploads\/2023\/03\/KICILLOF-Y-MUSSI-ENTREGARON-ESCRITURAS-LANZARON-EL-CONECTAR-IGUALDAD-E-INAUGURARON-UNA-ALCAIDIA-7.jpg","datePublished":"2023-03-02T20:39:26+00:00","dateModified":"2023-03-02T20:39:29+00:00","breadcrumb":{"@id":"https:\/\/diarioprincipios.com\/index.php\/2023\/03\/02\/kicillof-y-mussi-entregaron-escrituras-lanzaron-el-conectar-igualdad-e-inauguraron-una-alcaidia\/#breadcrumb"},"inLanguage":"es","potentialAction":[{"@type":"ReadAction","target":["https:\/\/diarioprincipios.com\/index.php\/2023\/03\/02\/kicillof-y-mussi-entregaron-escrituras-lanzaron-el-conectar-igualdad-e-inauguraron-una-alcaidia\/"]}]},{"@type":"ImageObject","inLanguage":"es","@id":"https:\/\/diarioprincipios.com\/index.php\/2023\/03\/02\/kicillof-y-mussi-entregaron-escrituras-lanzaron-el-conectar-igualdad-e-inauguraron-una-alcaidia\/#primaryimage","url":"https:\/\/diarioprincipios.com\/wp-content\/uploads\/2023\/03\/KICILLOF-Y-MUSSI-ENTREGARON-ESCRITURAS-LANZARON-EL-CONECTAR-IGUALDAD-E-INAUGURARON-UNA-ALCAIDIA-7.jpg","contentUrl":"https:\/\/diarioprincipios.com\/wp-content\/uploads\/2023\/03\/KICILLOF-Y-MUSSI-ENTREGARON-ESCRITURAS-LANZARON-EL-CONECTAR-IGUALDAD-E-INAUGURARON-UNA-ALCAIDIA-7.jpg","width":1920,"height":1280},{"@type":"BreadcrumbList","@id":"https:\/\/diarioprincipios.com\/index.php\/2023\/03\/02\/kicillof-y-mussi-entregaron-escrituras-lanzaron-el-conectar-igualdad-e-inauguraron-una-alcaidia\/#breadcrumb","itemListElement":[{"@type":"ListItem","position":1,"name":"Portada","item":"https:\/\/diarioprincipios.com\/"},{"@type":"ListItem","position":2,"name":"Kicillof y Mussi entregaron Escrituras, lanzaron el Conectar Igualdad e inauguraron una Alcaid\u00eda"}]},{"@type":"WebSite","@id":"https:\/\/diarioprincipios.com\/#website","url":"https:\/\/diarioprincipios.com\/","name":"Principios","description":"Principios Diario","publisher":{"@id":"https:\/\/diarioprincipios.com\/#organization"},"potentialAction":[{"@type":"SearchAction","target":{"@type":"EntryPoint","urlTemplate":"https:\/\/diarioprincipios.com\/?s={search_term_string}"},"query-input":{"@type":"PropertyValueSpecification","valueRequired":true,"valueName":"search_term_string"}}],"inLanguage":"es"},{"@type":"Organization","@id":"https:\/\/diarioprincipios.com\/#organization","name":"Principios","url":"https:\/\/diarioprincipios.com\/","logo":{"@type":"ImageObject","inLanguage":"es","@id":"https:\/\/diarioprincipios.com\/#\/schema\/logo\/image\/","url":"https:\/\/diarioprincipios.com\/wp-content\/uploads\/2024\/04\/cropped-www.diarioprincipios.com_-1.png","contentUrl":"https:\/\/diarioprincipios.com\/wp-content\/uploads\/2024\/04\/cropped-www.diarioprincipios.com_-1.png","width":5325,"height":1454,"caption":"Principios"},"image":{"@id":"https:\/\/diarioprincipios.com\/#\/schema\/logo\/image\/"}},{"@type":"Person","@id":"https:\/\/diarioprincipios.com\/#\/schema\/person\/436d5a1fd41a5e250e23ff5a6a7cb080","name":"Hern\u00e1n L\u00f3pez","image":{"@type":"ImageObject","inLanguage":"es","@id":"https:\/\/diarioprincipios.com\/wp-content\/litespeed\/avatar\/11ddfe5610ff3bd100522525b2571f48.jpg?ver=1777048341","url":"https:\/\/diarioprincipios.com\/wp-content\/litespeed\/avatar\/11ddfe5610ff3bd100522525b2571f48.jpg?ver=1777048341","contentUrl":"https:\/\/diarioprincipios.com\/wp-content\/litespeed\/avatar\/11ddfe5610ff3bd100522525b2571f48.jpg?ver=1777048341","caption":"Hern\u00e1n L\u00f3pez"},"url":"https:\/\/diarioprincipios.com\/index.php\/author\/hernan\/"}]}},"jetpack_featured_media_url":"https:\/\/diarioprincipios.com\/wp-content\/uploads\/2023\/03\/KICILLOF-Y-MUSSI-ENTREGARON-ESCRITURAS-LANZARON-EL-CONECTAR-IGUALDAD-E-INAUGURARON-UNA-ALCAIDIA-7.jpg","_links":{"self":[{"href":"https:\/\/diarioprincipios.com\/index.php\/wp-json\/wp\/v2\/posts\/16054","targetHints":{"allow":["GET"]}}],"collection":[{"href":"https:\/\/diarioprincipios.com\/index.php\/wp-json\/wp\/v2\/posts"}],"about":[{"href":"https:\/\/diarioprincipios.com\/index.php\/wp-json\/wp\/v2\/types\/post"}],"author":[{"embeddable":true,"href":"https:\/\/diarioprincipios.com\/index.php\/wp-json\/wp\/v2\/users\/2"}],"replies":[{"embeddable":true,"href":"https:\/\/diarioprincipios.com\/index.php\/wp-json\/wp\/v2\/comments?post=16054"}],"version-history":[{"count":1,"href":"https:\/\/diarioprincipios.com\/index.php\/wp-json\/wp\/v2\/posts\/16054\/revisions"}],"predecessor-version":[{"id":16059,"href":"https:\/\/diarioprincipios.com\/index.php\/wp-json\/wp\/v2\/posts\/16054\/revisions\/16059"}],"wp:featuredmedia":[{"embeddable":true,"href":"https:\/\/diarioprincipios.com\/index.php\/wp-json\/wp\/v2\/media\/16058"}],"wp:attachment":[{"href":"https:\/\/diarioprincipios.com\/index.php\/wp-json\/wp\/v2\/media?parent=16054"}],"wp:term":[{"taxonomy":"category","embeddable":true,"href":"https:\/\/diarioprincipios.com\/index.php\/wp-json\/wp\/v2\/categories?post=16054"},{"taxonomy":"post_tag","embeddable":true,"href":"https:\/\/diarioprincipios.com\/index.php\/wp-json\/wp\/v2\/tags?post=16054"}],"curies":[{"name":"wp","href":"https:\/\/api.w.org\/{rel}","templated":true}]}}