{"id":16047,"date":"2023-03-01T20:03:04","date_gmt":"2023-03-01T23:03:04","guid":{"rendered":"http:\/\/diarioprincipios.com\/?p=16047"},"modified":"2023-03-01T20:03:05","modified_gmt":"2023-03-01T23:03:05","slug":"hcd-aprobaron-la-cesion-de-terrenos-para-construir-la-nueva-sede-de-la-unaj","status":"publish","type":"post","link":"https:\/\/diarioprincipios.com\/index.php\/2023\/03\/01\/hcd-aprobaron-la-cesion-de-terrenos-para-construir-la-nueva-sede-de-la-unaj\/","title":{"rendered":"HCD: Aprobaron la cesi\u00f3n de terrenos para construir la nueva sede de la UNAJ"},"content":{"rendered":"\n<p><strong>El Honorable Concejo Deliberante (HCD) de Berazategui aprob\u00f3 por unanimidad la cesi\u00f3n de terrenos para la construcci\u00f3n de la nueva sede de la Universidad Nacional Arturo Jauretche (UNAJ) en el Parque Industrial Tecnol\u00f3gico (Hudson).<\/strong><\/p>\n\n\n\n<p>El concejal Omar Acosta destac\u00f3: \u201cEste hecho fue anhelado por la comunidad de Berazategui. Es, sin dudas, una ordenanza hist\u00f3rica. Y, en el 40\u00b0 aniversario de la democracia, qu\u00e9 mejor homenaje al sistema democr\u00e1tico que la sesi\u00f3n de tierras para la construcci\u00f3n de esta Universidad\u201d. Y record\u00f3: \u201cSe cumple el deseo de las primeras generaciones que vinieron a vivir a Berazategui. Es Educaci\u00f3n p\u00fablica para nuestra querida ciudad. Adem\u00e1s, se construir\u00e1n una Escuela Secundaria T\u00e9cnica Profesional para el barrio Bustillo y nuevas Escuelas Primarias en San Marcos, La Prosperidad y Villa Real, que se suman a las que ya est\u00e1n en marcha\u201d.<\/p>\n\n\n\n<figure class=\"wp-block-image size-large\"><img loading=\"lazy\" decoding=\"async\" width=\"1024\" height=\"683\" src=\"https:\/\/diarioprincipios.com\/wp-content\/uploads\/2023\/03\/APROBARON-LA-CESION-DE-TERRENOS-PARA-CONSTRUIR-LA-NUEVA-SEDE-DE-LA-UNAJ-2-1024x683.jpg\" alt=\"\" class=\"wp-image-16048\" srcset=\"https:\/\/diarioprincipios.com\/wp-content\/uploads\/2023\/03\/APROBARON-LA-CESION-DE-TERRENOS-PARA-CONSTRUIR-LA-NUEVA-SEDE-DE-LA-UNAJ-2-1024x683.jpg 1024w, https:\/\/diarioprincipios.com\/wp-content\/uploads\/2023\/03\/APROBARON-LA-CESION-DE-TERRENOS-PARA-CONSTRUIR-LA-NUEVA-SEDE-DE-LA-UNAJ-2-300x200.jpg 300w, https:\/\/diarioprincipios.com\/wp-content\/uploads\/2023\/03\/APROBARON-LA-CESION-DE-TERRENOS-PARA-CONSTRUIR-LA-NUEVA-SEDE-DE-LA-UNAJ-2-768x512.jpg 768w, https:\/\/diarioprincipios.com\/wp-content\/uploads\/2023\/03\/APROBARON-LA-CESION-DE-TERRENOS-PARA-CONSTRUIR-LA-NUEVA-SEDE-DE-LA-UNAJ-2-1536x1024.jpg 1536w, https:\/\/diarioprincipios.com\/wp-content\/uploads\/2023\/03\/APROBARON-LA-CESION-DE-TERRENOS-PARA-CONSTRUIR-LA-NUEVA-SEDE-DE-LA-UNAJ-2-600x400.jpg 600w, https:\/\/diarioprincipios.com\/wp-content\/uploads\/2023\/03\/APROBARON-LA-CESION-DE-TERRENOS-PARA-CONSTRUIR-LA-NUEVA-SEDE-DE-LA-UNAJ-2.jpg 1920w\" sizes=\"auto, (max-width: 1024px) 100vw, 1024px\" \/><\/figure>\n\n\n\n<p>El proyecto fue aprobado por los concejales presentes. Los ausentes fueron Juli\u00e1n Amendolaggine, Dante Morini, Jorge S\u00edvori y Zulma Vega.<\/p>\n\n\n\n<p>Por su parte, el consejero escolar Carlos Almir\u00f3n expres\u00f3 al respecto de esta medida: \u201cEl hecho de que nuestros estudiantes no tengan que viajar grandes distancias hace que sea tan necesaria esta Universidad en Berazategui. Un 80% de los alumnos de la UNAJ son berazateguenses que, en la mayor\u00eda de los casos, son primera generaci\u00f3n de estudiantes universitarios y podr\u00e1n hacerlo en el Parque Industrial Tecnol\u00f3gico. En Berazategui decimos que la educaci\u00f3n es un proyecto colectivo y lo demuestra el hecho de que se haya votado la cesi\u00f3n de tierras; as\u00ed como el trabajo que hace el Dr. Mussi, junto al Ministerio de Educaci\u00f3n, para la construcci\u00f3n de esta Universidad\u00bb.<\/p>\n\n\n\n<p>El presidente de la Naci\u00f3n, Alberto Fern\u00e1ndez; el intendente de Berazategui, Juan Jos\u00e9 Mussi, el ministro de Obras P\u00fablicas, Gabriel Katopodis; y el ministro de Educaci\u00f3n, Jaime Percykz, junto al rector de la UNAJ, Arnaldo Medina, firmaron el convenio para el financiamiento de la nueva sede. El edificio educativo de 2.200 m2 de superficie total estar\u00e1 ubicado en la localidad de Hudson, en el Parque Industrial Tecnol\u00f3gico, donde est\u00e1n radicadas industrias viales, de construcci\u00f3n y alimentos, con las que se buscar\u00e1 articular los procesos productivos para vincular a los estudiantes con el desarrollo local y favorecer su inserci\u00f3n laboral. Este espacio tendr\u00e1 capacidad para recibir a 800 estudiantes en tres turnos.<\/p>\n","protected":false},"excerpt":{"rendered":"<p>El Honorable Concejo Deliberante (HCD) de Berazategui aprob\u00f3 por unanimidad la cesi\u00f3n de terrenos para la construcci\u00f3n de la nueva sede de la Universidad Nacional Arturo Jauretche (UNAJ) en el Parque Industrial Tecnol\u00f3gico (Hudson). El concejal Omar Acosta destac\u00f3: \u201cEste hecho fue anhelado por la comunidad de Berazategui. Es, sin dudas, una ordenanza hist\u00f3rica. Y,&#8230;<\/p>\n","protected":false},"author":2,"featured_media":16049,"comment_status":"open","ping_status":"open","sticky":false,"template":"","format":"standard","meta":{"footnotes":""},"categories":[3],"tags":[],"class_list":["post-16047","post","type-post","status-publish","format-standard","has-post-thumbnail","hentry","category-berazategui"],"featured_image_src":"https:\/\/diarioprincipios.com\/wp-content\/uploads\/2023\/03\/APROBARON-LA-CESION-DE-TERRENOS-PARA-CONSTRUIR-LA-NUEVA-SEDE-DE-LA-UNAJ-1-1024x576.jpg","blog_images":{"medium":"https:\/\/diarioprincipios.com\/wp-content\/uploads\/2023\/03\/APROBARON-LA-CESION-DE-TERRENOS-PARA-CONSTRUIR-LA-NUEVA-SEDE-DE-LA-UNAJ-1-300x169.jpg","large":"https:\/\/diarioprincipios.com\/wp-content\/uploads\/2023\/03\/APROBARON-LA-CESION-DE-TERRENOS-PARA-CONSTRUIR-LA-NUEVA-SEDE-DE-LA-UNAJ-1-1024x576.jpg"},"ams_acf":[],"yoast_head":"<!-- This site is optimized with the Yoast SEO plugin v27.3 - https:\/\/yoast.com\/product\/yoast-seo-wordpress\/ -->\n<title>HCD: Aprobaron la cesi\u00f3n de terrenos para construir la nueva sede de la UNAJ - Principios<\/title>\n<meta name=\"robots\" content=\"index, follow, max-snippet:-1, max-image-preview:large, max-video-preview:-1\" \/>\n<link rel=\"canonical\" href=\"https:\/\/diarioprincipios.com\/index.php\/2023\/03\/01\/hcd-aprobaron-la-cesion-de-terrenos-para-construir-la-nueva-sede-de-la-unaj\/\" \/>\n<meta property=\"og:locale\" content=\"es_ES\" \/>\n<meta property=\"og:type\" content=\"article\" \/>\n<meta property=\"og:title\" content=\"HCD: Aprobaron la cesi\u00f3n de terrenos para construir la nueva sede de la UNAJ - Principios\" \/>\n<meta property=\"og:description\" content=\"El Honorable Concejo Deliberante (HCD) de Berazategui aprob\u00f3 por unanimidad la cesi\u00f3n de terrenos para la construcci\u00f3n de la nueva sede de la Universidad Nacional Arturo Jauretche (UNAJ) en el Parque Industrial Tecnol\u00f3gico (Hudson). El concejal Omar Acosta destac\u00f3: \u201cEste hecho fue anhelado por la comunidad de Berazategui. Es, sin dudas, una ordenanza hist\u00f3rica. Y,...\" \/>\n<meta property=\"og:url\" content=\"https:\/\/diarioprincipios.com\/index.php\/2023\/03\/01\/hcd-aprobaron-la-cesion-de-terrenos-para-construir-la-nueva-sede-de-la-unaj\/\" \/>\n<meta property=\"og:site_name\" content=\"Principios\" \/>\n<meta property=\"article:published_time\" content=\"2023-03-01T23:03:04+00:00\" \/>\n<meta property=\"article:modified_time\" content=\"2023-03-01T23:03:05+00:00\" \/>\n<meta property=\"og:image\" content=\"https:\/\/diarioprincipios.com\/wp-content\/uploads\/2023\/03\/APROBARON-LA-CESION-DE-TERRENOS-PARA-CONSTRUIR-LA-NUEVA-SEDE-DE-LA-UNAJ-1.jpg\" \/>\n\t<meta property=\"og:image:width\" content=\"1920\" \/>\n\t<meta property=\"og:image:height\" content=\"1080\" \/>\n\t<meta property=\"og:image:type\" content=\"image\/jpeg\" \/>\n<meta name=\"author\" content=\"Hern\u00e1n L\u00f3pez\" \/>\n<meta name=\"twitter:card\" content=\"summary_large_image\" \/>\n<meta name=\"twitter:label1\" content=\"Escrito por\" \/>\n\t<meta name=\"twitter:data1\" content=\"Hern\u00e1n L\u00f3pez\" \/>\n\t<meta name=\"twitter:label2\" content=\"Tiempo de lectura\" \/>\n\t<meta name=\"twitter:data2\" content=\"2 minutos\" \/>\n<script type=\"application\/ld+json\" class=\"yoast-schema-graph\">{\"@context\":\"https:\\\/\\\/schema.org\",\"@graph\":[{\"@type\":\"Article\",\"@id\":\"https:\\\/\\\/diarioprincipios.com\\\/index.php\\\/2023\\\/03\\\/01\\\/hcd-aprobaron-la-cesion-de-terrenos-para-construir-la-nueva-sede-de-la-unaj\\\/#article\",\"isPartOf\":{\"@id\":\"https:\\\/\\\/diarioprincipios.com\\\/index.php\\\/2023\\\/03\\\/01\\\/hcd-aprobaron-la-cesion-de-terrenos-para-construir-la-nueva-sede-de-la-unaj\\\/\"},\"author\":{\"name\":\"Hern\u00e1n L\u00f3pez\",\"@id\":\"https:\\\/\\\/diarioprincipios.com\\\/#\\\/schema\\\/person\\\/436d5a1fd41a5e250e23ff5a6a7cb080\"},\"headline\":\"HCD: Aprobaron la cesi\u00f3n de terrenos para construir la nueva sede de la UNAJ\",\"datePublished\":\"2023-03-01T23:03:04+00:00\",\"dateModified\":\"2023-03-01T23:03:05+00:00\",\"mainEntityOfPage\":{\"@id\":\"https:\\\/\\\/diarioprincipios.com\\\/index.php\\\/2023\\\/03\\\/01\\\/hcd-aprobaron-la-cesion-de-terrenos-para-construir-la-nueva-sede-de-la-unaj\\\/\"},\"wordCount\":420,\"commentCount\":0,\"publisher\":{\"@id\":\"https:\\\/\\\/diarioprincipios.com\\\/#organization\"},\"image\":{\"@id\":\"https:\\\/\\\/diarioprincipios.com\\\/index.php\\\/2023\\\/03\\\/01\\\/hcd-aprobaron-la-cesion-de-terrenos-para-construir-la-nueva-sede-de-la-unaj\\\/#primaryimage\"},\"thumbnailUrl\":\"https:\\\/\\\/diarioprincipios.com\\\/wp-content\\\/uploads\\\/2023\\\/03\\\/APROBARON-LA-CESION-DE-TERRENOS-PARA-CONSTRUIR-LA-NUEVA-SEDE-DE-LA-UNAJ-1.jpg\",\"articleSection\":[\"Berazategui\"],\"inLanguage\":\"es\",\"potentialAction\":[{\"@type\":\"CommentAction\",\"name\":\"Comment\",\"target\":[\"https:\\\/\\\/diarioprincipios.com\\\/index.php\\\/2023\\\/03\\\/01\\\/hcd-aprobaron-la-cesion-de-terrenos-para-construir-la-nueva-sede-de-la-unaj\\\/#respond\"]}]},{\"@type\":\"WebPage\",\"@id\":\"https:\\\/\\\/diarioprincipios.com\\\/index.php\\\/2023\\\/03\\\/01\\\/hcd-aprobaron-la-cesion-de-terrenos-para-construir-la-nueva-sede-de-la-unaj\\\/\",\"url\":\"https:\\\/\\\/diarioprincipios.com\\\/index.php\\\/2023\\\/03\\\/01\\\/hcd-aprobaron-la-cesion-de-terrenos-para-construir-la-nueva-sede-de-la-unaj\\\/\",\"name\":\"HCD: Aprobaron la cesi\u00f3n de terrenos para construir la nueva sede de la UNAJ - Principios\",\"isPartOf\":{\"@id\":\"https:\\\/\\\/diarioprincipios.com\\\/#website\"},\"primaryImageOfPage\":{\"@id\":\"https:\\\/\\\/diarioprincipios.com\\\/index.php\\\/2023\\\/03\\\/01\\\/hcd-aprobaron-la-cesion-de-terrenos-para-construir-la-nueva-sede-de-la-unaj\\\/#primaryimage\"},\"image\":{\"@id\":\"https:\\\/\\\/diarioprincipios.com\\\/index.php\\\/2023\\\/03\\\/01\\\/hcd-aprobaron-la-cesion-de-terrenos-para-construir-la-nueva-sede-de-la-unaj\\\/#primaryimage\"},\"thumbnailUrl\":\"https:\\\/\\\/diarioprincipios.com\\\/wp-content\\\/uploads\\\/2023\\\/03\\\/APROBARON-LA-CESION-DE-TERRENOS-PARA-CONSTRUIR-LA-NUEVA-SEDE-DE-LA-UNAJ-1.jpg\",\"datePublished\":\"2023-03-01T23:03:04+00:00\",\"dateModified\":\"2023-03-01T23:03:05+00:00\",\"breadcrumb\":{\"@id\":\"https:\\\/\\\/diarioprincipios.com\\\/index.php\\\/2023\\\/03\\\/01\\\/hcd-aprobaron-la-cesion-de-terrenos-para-construir-la-nueva-sede-de-la-unaj\\\/#breadcrumb\"},\"inLanguage\":\"es\",\"potentialAction\":[{\"@type\":\"ReadAction\",\"target\":[\"https:\\\/\\\/diarioprincipios.com\\\/index.php\\\/2023\\\/03\\\/01\\\/hcd-aprobaron-la-cesion-de-terrenos-para-construir-la-nueva-sede-de-la-unaj\\\/\"]}]},{\"@type\":\"ImageObject\",\"inLanguage\":\"es\",\"@id\":\"https:\\\/\\\/diarioprincipios.com\\\/index.php\\\/2023\\\/03\\\/01\\\/hcd-aprobaron-la-cesion-de-terrenos-para-construir-la-nueva-sede-de-la-unaj\\\/#primaryimage\",\"url\":\"https:\\\/\\\/diarioprincipios.com\\\/wp-content\\\/uploads\\\/2023\\\/03\\\/APROBARON-LA-CESION-DE-TERRENOS-PARA-CONSTRUIR-LA-NUEVA-SEDE-DE-LA-UNAJ-1.jpg\",\"contentUrl\":\"https:\\\/\\\/diarioprincipios.com\\\/wp-content\\\/uploads\\\/2023\\\/03\\\/APROBARON-LA-CESION-DE-TERRENOS-PARA-CONSTRUIR-LA-NUEVA-SEDE-DE-LA-UNAJ-1.jpg\",\"width\":1920,\"height\":1080},{\"@type\":\"BreadcrumbList\",\"@id\":\"https:\\\/\\\/diarioprincipios.com\\\/index.php\\\/2023\\\/03\\\/01\\\/hcd-aprobaron-la-cesion-de-terrenos-para-construir-la-nueva-sede-de-la-unaj\\\/#breadcrumb\",\"itemListElement\":[{\"@type\":\"ListItem\",\"position\":1,\"name\":\"Portada\",\"item\":\"https:\\\/\\\/diarioprincipios.com\\\/\"},{\"@type\":\"ListItem\",\"position\":2,\"name\":\"HCD: Aprobaron la cesi\u00f3n de terrenos para construir la nueva sede de la UNAJ\"}]},{\"@type\":\"WebSite\",\"@id\":\"https:\\\/\\\/diarioprincipios.com\\\/#website\",\"url\":\"https:\\\/\\\/diarioprincipios.com\\\/\",\"name\":\"Principios\",\"description\":\"Principios Diario\",\"publisher\":{\"@id\":\"https:\\\/\\\/diarioprincipios.com\\\/#organization\"},\"potentialAction\":[{\"@type\":\"SearchAction\",\"target\":{\"@type\":\"EntryPoint\",\"urlTemplate\":\"https:\\\/\\\/diarioprincipios.com\\\/?s={search_term_string}\"},\"query-input\":{\"@type\":\"PropertyValueSpecification\",\"valueRequired\":true,\"valueName\":\"search_term_string\"}}],\"inLanguage\":\"es\"},{\"@type\":\"Organization\",\"@id\":\"https:\\\/\\\/diarioprincipios.com\\\/#organization\",\"name\":\"Principios\",\"url\":\"https:\\\/\\\/diarioprincipios.com\\\/\",\"logo\":{\"@type\":\"ImageObject\",\"inLanguage\":\"es\",\"@id\":\"https:\\\/\\\/diarioprincipios.com\\\/#\\\/schema\\\/logo\\\/image\\\/\",\"url\":\"https:\\\/\\\/diarioprincipios.com\\\/wp-content\\\/uploads\\\/2024\\\/04\\\/cropped-www.diarioprincipios.com_-1.png\",\"contentUrl\":\"https:\\\/\\\/diarioprincipios.com\\\/wp-content\\\/uploads\\\/2024\\\/04\\\/cropped-www.diarioprincipios.com_-1.png\",\"width\":5325,\"height\":1454,\"caption\":\"Principios\"},\"image\":{\"@id\":\"https:\\\/\\\/diarioprincipios.com\\\/#\\\/schema\\\/logo\\\/image\\\/\"}},{\"@type\":\"Person\",\"@id\":\"https:\\\/\\\/diarioprincipios.com\\\/#\\\/schema\\\/person\\\/436d5a1fd41a5e250e23ff5a6a7cb080\",\"name\":\"Hern\u00e1n L\u00f3pez\",\"image\":{\"@type\":\"ImageObject\",\"inLanguage\":\"es\",\"@id\":\"https:\\\/\\\/diarioprincipios.com\\\/wp-content\\\/litespeed\\\/avatar\\\/11ddfe5610ff3bd100522525b2571f48.jpg?ver=1777048341\",\"url\":\"https:\\\/\\\/diarioprincipios.com\\\/wp-content\\\/litespeed\\\/avatar\\\/11ddfe5610ff3bd100522525b2571f48.jpg?ver=1777048341\",\"contentUrl\":\"https:\\\/\\\/diarioprincipios.com\\\/wp-content\\\/litespeed\\\/avatar\\\/11ddfe5610ff3bd100522525b2571f48.jpg?ver=1777048341\",\"caption\":\"Hern\u00e1n L\u00f3pez\"},\"url\":\"https:\\\/\\\/diarioprincipios.com\\\/index.php\\\/author\\\/hernan\\\/\"}]}<\/script>\n<!-- \/ Yoast SEO plugin. -->","yoast_head_json":{"title":"HCD: Aprobaron la cesi\u00f3n de terrenos para construir la nueva sede de la UNAJ - Principios","robots":{"index":"index","follow":"follow","max-snippet":"max-snippet:-1","max-image-preview":"max-image-preview:large","max-video-preview":"max-video-preview:-1"},"canonical":"https:\/\/diarioprincipios.com\/index.php\/2023\/03\/01\/hcd-aprobaron-la-cesion-de-terrenos-para-construir-la-nueva-sede-de-la-unaj\/","og_locale":"es_ES","og_type":"article","og_title":"HCD: Aprobaron la cesi\u00f3n de terrenos para construir la nueva sede de la UNAJ - Principios","og_description":"El Honorable Concejo Deliberante (HCD) de Berazategui aprob\u00f3 por unanimidad la cesi\u00f3n de terrenos para la construcci\u00f3n de la nueva sede de la Universidad Nacional Arturo Jauretche (UNAJ) en el Parque Industrial Tecnol\u00f3gico (Hudson). El concejal Omar Acosta destac\u00f3: \u201cEste hecho fue anhelado por la comunidad de Berazategui. Es, sin dudas, una ordenanza hist\u00f3rica. Y,...","og_url":"https:\/\/diarioprincipios.com\/index.php\/2023\/03\/01\/hcd-aprobaron-la-cesion-de-terrenos-para-construir-la-nueva-sede-de-la-unaj\/","og_site_name":"Principios","article_published_time":"2023-03-01T23:03:04+00:00","article_modified_time":"2023-03-01T23:03:05+00:00","og_image":[{"width":1920,"height":1080,"url":"https:\/\/diarioprincipios.com\/wp-content\/uploads\/2023\/03\/APROBARON-LA-CESION-DE-TERRENOS-PARA-CONSTRUIR-LA-NUEVA-SEDE-DE-LA-UNAJ-1.jpg","type":"image\/jpeg"}],"author":"Hern\u00e1n L\u00f3pez","twitter_card":"summary_large_image","twitter_misc":{"Escrito por":"Hern\u00e1n L\u00f3pez","Tiempo de lectura":"2 minutos"},"schema":{"@context":"https:\/\/schema.org","@graph":[{"@type":"Article","@id":"https:\/\/diarioprincipios.com\/index.php\/2023\/03\/01\/hcd-aprobaron-la-cesion-de-terrenos-para-construir-la-nueva-sede-de-la-unaj\/#article","isPartOf":{"@id":"https:\/\/diarioprincipios.com\/index.php\/2023\/03\/01\/hcd-aprobaron-la-cesion-de-terrenos-para-construir-la-nueva-sede-de-la-unaj\/"},"author":{"name":"Hern\u00e1n L\u00f3pez","@id":"https:\/\/diarioprincipios.com\/#\/schema\/person\/436d5a1fd41a5e250e23ff5a6a7cb080"},"headline":"HCD: Aprobaron la cesi\u00f3n de terrenos para construir la nueva sede de la UNAJ","datePublished":"2023-03-01T23:03:04+00:00","dateModified":"2023-03-01T23:03:05+00:00","mainEntityOfPage":{"@id":"https:\/\/diarioprincipios.com\/index.php\/2023\/03\/01\/hcd-aprobaron-la-cesion-de-terrenos-para-construir-la-nueva-sede-de-la-unaj\/"},"wordCount":420,"commentCount":0,"publisher":{"@id":"https:\/\/diarioprincipios.com\/#organization"},"image":{"@id":"https:\/\/diarioprincipios.com\/index.php\/2023\/03\/01\/hcd-aprobaron-la-cesion-de-terrenos-para-construir-la-nueva-sede-de-la-unaj\/#primaryimage"},"thumbnailUrl":"https:\/\/diarioprincipios.com\/wp-content\/uploads\/2023\/03\/APROBARON-LA-CESION-DE-TERRENOS-PARA-CONSTRUIR-LA-NUEVA-SEDE-DE-LA-UNAJ-1.jpg","articleSection":["Berazategui"],"inLanguage":"es","potentialAction":[{"@type":"CommentAction","name":"Comment","target":["https:\/\/diarioprincipios.com\/index.php\/2023\/03\/01\/hcd-aprobaron-la-cesion-de-terrenos-para-construir-la-nueva-sede-de-la-unaj\/#respond"]}]},{"@type":"WebPage","@id":"https:\/\/diarioprincipios.com\/index.php\/2023\/03\/01\/hcd-aprobaron-la-cesion-de-terrenos-para-construir-la-nueva-sede-de-la-unaj\/","url":"https:\/\/diarioprincipios.com\/index.php\/2023\/03\/01\/hcd-aprobaron-la-cesion-de-terrenos-para-construir-la-nueva-sede-de-la-unaj\/","name":"HCD: Aprobaron la cesi\u00f3n de terrenos para construir la nueva sede de la UNAJ - Principios","isPartOf":{"@id":"https:\/\/diarioprincipios.com\/#website"},"primaryImageOfPage":{"@id":"https:\/\/diarioprincipios.com\/index.php\/2023\/03\/01\/hcd-aprobaron-la-cesion-de-terrenos-para-construir-la-nueva-sede-de-la-unaj\/#primaryimage"},"image":{"@id":"https:\/\/diarioprincipios.com\/index.php\/2023\/03\/01\/hcd-aprobaron-la-cesion-de-terrenos-para-construir-la-nueva-sede-de-la-unaj\/#primaryimage"},"thumbnailUrl":"https:\/\/diarioprincipios.com\/wp-content\/uploads\/2023\/03\/APROBARON-LA-CESION-DE-TERRENOS-PARA-CONSTRUIR-LA-NUEVA-SEDE-DE-LA-UNAJ-1.jpg","datePublished":"2023-03-01T23:03:04+00:00","dateModified":"2023-03-01T23:03:05+00:00","breadcrumb":{"@id":"https:\/\/diarioprincipios.com\/index.php\/2023\/03\/01\/hcd-aprobaron-la-cesion-de-terrenos-para-construir-la-nueva-sede-de-la-unaj\/#breadcrumb"},"inLanguage":"es","potentialAction":[{"@type":"ReadAction","target":["https:\/\/diarioprincipios.com\/index.php\/2023\/03\/01\/hcd-aprobaron-la-cesion-de-terrenos-para-construir-la-nueva-sede-de-la-unaj\/"]}]},{"@type":"ImageObject","inLanguage":"es","@id":"https:\/\/diarioprincipios.com\/index.php\/2023\/03\/01\/hcd-aprobaron-la-cesion-de-terrenos-para-construir-la-nueva-sede-de-la-unaj\/#primaryimage","url":"https:\/\/diarioprincipios.com\/wp-content\/uploads\/2023\/03\/APROBARON-LA-CESION-DE-TERRENOS-PARA-CONSTRUIR-LA-NUEVA-SEDE-DE-LA-UNAJ-1.jpg","contentUrl":"https:\/\/diarioprincipios.com\/wp-content\/uploads\/2023\/03\/APROBARON-LA-CESION-DE-TERRENOS-PARA-CONSTRUIR-LA-NUEVA-SEDE-DE-LA-UNAJ-1.jpg","width":1920,"height":1080},{"@type":"BreadcrumbList","@id":"https:\/\/diarioprincipios.com\/index.php\/2023\/03\/01\/hcd-aprobaron-la-cesion-de-terrenos-para-construir-la-nueva-sede-de-la-unaj\/#breadcrumb","itemListElement":[{"@type":"ListItem","position":1,"name":"Portada","item":"https:\/\/diarioprincipios.com\/"},{"@type":"ListItem","position":2,"name":"HCD: Aprobaron la cesi\u00f3n de terrenos para construir la nueva sede de la UNAJ"}]},{"@type":"WebSite","@id":"https:\/\/diarioprincipios.com\/#website","url":"https:\/\/diarioprincipios.com\/","name":"Principios","description":"Principios Diario","publisher":{"@id":"https:\/\/diarioprincipios.com\/#organization"},"potentialAction":[{"@type":"SearchAction","target":{"@type":"EntryPoint","urlTemplate":"https:\/\/diarioprincipios.com\/?s={search_term_string}"},"query-input":{"@type":"PropertyValueSpecification","valueRequired":true,"valueName":"search_term_string"}}],"inLanguage":"es"},{"@type":"Organization","@id":"https:\/\/diarioprincipios.com\/#organization","name":"Principios","url":"https:\/\/diarioprincipios.com\/","logo":{"@type":"ImageObject","inLanguage":"es","@id":"https:\/\/diarioprincipios.com\/#\/schema\/logo\/image\/","url":"https:\/\/diarioprincipios.com\/wp-content\/uploads\/2024\/04\/cropped-www.diarioprincipios.com_-1.png","contentUrl":"https:\/\/diarioprincipios.com\/wp-content\/uploads\/2024\/04\/cropped-www.diarioprincipios.com_-1.png","width":5325,"height":1454,"caption":"Principios"},"image":{"@id":"https:\/\/diarioprincipios.com\/#\/schema\/logo\/image\/"}},{"@type":"Person","@id":"https:\/\/diarioprincipios.com\/#\/schema\/person\/436d5a1fd41a5e250e23ff5a6a7cb080","name":"Hern\u00e1n L\u00f3pez","image":{"@type":"ImageObject","inLanguage":"es","@id":"https:\/\/diarioprincipios.com\/wp-content\/litespeed\/avatar\/11ddfe5610ff3bd100522525b2571f48.jpg?ver=1777048341","url":"https:\/\/diarioprincipios.com\/wp-content\/litespeed\/avatar\/11ddfe5610ff3bd100522525b2571f48.jpg?ver=1777048341","contentUrl":"https:\/\/diarioprincipios.com\/wp-content\/litespeed\/avatar\/11ddfe5610ff3bd100522525b2571f48.jpg?ver=1777048341","caption":"Hern\u00e1n L\u00f3pez"},"url":"https:\/\/diarioprincipios.com\/index.php\/author\/hernan\/"}]}},"jetpack_featured_media_url":"https:\/\/diarioprincipios.com\/wp-content\/uploads\/2023\/03\/APROBARON-LA-CESION-DE-TERRENOS-PARA-CONSTRUIR-LA-NUEVA-SEDE-DE-LA-UNAJ-1.jpg","_links":{"self":[{"href":"https:\/\/diarioprincipios.com\/index.php\/wp-json\/wp\/v2\/posts\/16047","targetHints":{"allow":["GET"]}}],"collection":[{"href":"https:\/\/diarioprincipios.com\/index.php\/wp-json\/wp\/v2\/posts"}],"about":[{"href":"https:\/\/diarioprincipios.com\/index.php\/wp-json\/wp\/v2\/types\/post"}],"author":[{"embeddable":true,"href":"https:\/\/diarioprincipios.com\/index.php\/wp-json\/wp\/v2\/users\/2"}],"replies":[{"embeddable":true,"href":"https:\/\/diarioprincipios.com\/index.php\/wp-json\/wp\/v2\/comments?post=16047"}],"version-history":[{"count":1,"href":"https:\/\/diarioprincipios.com\/index.php\/wp-json\/wp\/v2\/posts\/16047\/revisions"}],"predecessor-version":[{"id":16050,"href":"https:\/\/diarioprincipios.com\/index.php\/wp-json\/wp\/v2\/posts\/16047\/revisions\/16050"}],"wp:featuredmedia":[{"embeddable":true,"href":"https:\/\/diarioprincipios.com\/index.php\/wp-json\/wp\/v2\/media\/16049"}],"wp:attachment":[{"href":"https:\/\/diarioprincipios.com\/index.php\/wp-json\/wp\/v2\/media?parent=16047"}],"wp:term":[{"taxonomy":"category","embeddable":true,"href":"https:\/\/diarioprincipios.com\/index.php\/wp-json\/wp\/v2\/categories?post=16047"},{"taxonomy":"post_tag","embeddable":true,"href":"https:\/\/diarioprincipios.com\/index.php\/wp-json\/wp\/v2\/tags?post=16047"}],"curies":[{"name":"wp","href":"https:\/\/api.w.org\/{rel}","templated":true}]}}