{"id":16036,"date":"2023-03-01T12:12:30","date_gmt":"2023-03-01T15:12:30","guid":{"rendered":"http:\/\/diarioprincipios.com\/?p=16036"},"modified":"2023-03-01T12:13:12","modified_gmt":"2023-03-01T15:13:12","slug":"medio-centenar-de-jovenes-se-anoto-para-el-curso-de-planilleros-de-la-asociacion-de-voley","status":"publish","type":"post","link":"https:\/\/diarioprincipios.com\/index.php\/2023\/03\/01\/medio-centenar-de-jovenes-se-anoto-para-el-curso-de-planilleros-de-la-asociacion-de-voley\/","title":{"rendered":"Medio centenar de j\u00f3venes se anot\u00f3 para el Curso de Planilleros de la Asociaci\u00f3n de Voley"},"content":{"rendered":"\n<p>En pocas horas, m\u00e1s de medio centenar de j\u00f3venes se anot\u00f3 para hacer el Curso de Planilleros de Voley Indoor que organiza la Asociaci\u00f3n de Voley Capital Nacional del Vidrio, el cual implica una posible opci\u00f3n laboral.<\/p>\n\n\n\n<figure class=\"wp-block-image size-large\"><img loading=\"lazy\" decoding=\"async\" width=\"1024\" height=\"768\" src=\"https:\/\/diarioprincipios.com\/wp-content\/uploads\/2023\/03\/IMG-20230227-WA0023-1024x768.jpg\" alt=\"\" class=\"wp-image-16037\" srcset=\"https:\/\/diarioprincipios.com\/wp-content\/uploads\/2023\/03\/IMG-20230227-WA0023-1024x768.jpg 1024w, https:\/\/diarioprincipios.com\/wp-content\/uploads\/2023\/03\/IMG-20230227-WA0023-300x225.jpg 300w, https:\/\/diarioprincipios.com\/wp-content\/uploads\/2023\/03\/IMG-20230227-WA0023-768x576.jpg 768w, https:\/\/diarioprincipios.com\/wp-content\/uploads\/2023\/03\/IMG-20230227-WA0023-1536x1152.jpg 1536w, https:\/\/diarioprincipios.com\/wp-content\/uploads\/2023\/03\/IMG-20230227-WA0023.jpg 1600w\" sizes=\"auto, (max-width: 1024px) 100vw, 1024px\" \/><\/figure>\n\n\n\n<p>El curso, dictado por el arbitro nacional Alejandro Cachambi, se llevar\u00e1 a cabo el viernes 3 de marzo en la sede de la Sociedad de Fomento \u00abLos Ciruelos\u00bb, calle 129 y 3, y el s\u00e1bado 4 de marzo en la sede de Villa Olivero, calle 9 esquina 156, en ambos casos entre las 18 y las 20 horas.<\/p>\n\n\n\n<figure class=\"wp-block-image size-large\"><img loading=\"lazy\" decoding=\"async\" width=\"1024\" height=\"768\" src=\"https:\/\/diarioprincipios.com\/wp-content\/uploads\/2023\/03\/IMG-20230227-WA0021-1024x768.jpg\" alt=\"\" class=\"wp-image-16039\" srcset=\"https:\/\/diarioprincipios.com\/wp-content\/uploads\/2023\/03\/IMG-20230227-WA0021-1024x768.jpg 1024w, https:\/\/diarioprincipios.com\/wp-content\/uploads\/2023\/03\/IMG-20230227-WA0021-300x225.jpg 300w, https:\/\/diarioprincipios.com\/wp-content\/uploads\/2023\/03\/IMG-20230227-WA0021-768x576.jpg 768w, https:\/\/diarioprincipios.com\/wp-content\/uploads\/2023\/03\/IMG-20230227-WA0021-1536x1152.jpg 1536w, https:\/\/diarioprincipios.com\/wp-content\/uploads\/2023\/03\/IMG-20230227-WA0021.jpg 1600w\" sizes=\"auto, (max-width: 1024px) 100vw, 1024px\" \/><\/figure>\n\n\n\n<p>Los participantes se inscribieron a cambio de un alimento no perecedero que queda para proyectos solidarios de las instituciones sede, y en caso de ser seleccionados luego de completar el curso, los aspirantes, mayormente jovenes de entre 18 y 20 a\u00f1os,&nbsp; obtendr\u00e1n la oportunidad de trabajar como planilleros del Torneo Apertura que comienza en pocos d\u00edas m\u00e1s.<\/p>\n\n\n\n<figure class=\"wp-block-image size-large\"><img loading=\"lazy\" decoding=\"async\" width=\"1024\" height=\"768\" src=\"https:\/\/diarioprincipios.com\/wp-content\/uploads\/2023\/03\/IMG-20230227-WA0024-1024x768.jpg\" alt=\"\" class=\"wp-image-16038\" srcset=\"https:\/\/diarioprincipios.com\/wp-content\/uploads\/2023\/03\/IMG-20230227-WA0024-1024x768.jpg 1024w, https:\/\/diarioprincipios.com\/wp-content\/uploads\/2023\/03\/IMG-20230227-WA0024-300x225.jpg 300w, https:\/\/diarioprincipios.com\/wp-content\/uploads\/2023\/03\/IMG-20230227-WA0024-768x576.jpg 768w, https:\/\/diarioprincipios.com\/wp-content\/uploads\/2023\/03\/IMG-20230227-WA0024-1536x1152.jpg 1536w, https:\/\/diarioprincipios.com\/wp-content\/uploads\/2023\/03\/IMG-20230227-WA0024.jpg 1600w\" sizes=\"auto, (max-width: 1024px) 100vw, 1024px\" \/><\/figure>\n\n\n\n<p>Celia Cabrera, presidenta de la Asociaci\u00f3n de Voley Capital Nacional del Vidrio, dijo que \u00abestamos expectantes por el comienzo de un nuevo curso, el cual nos permitir\u00e1 contar con nuevos planilleros que se sumar\u00e1n a nuestro staff y que tendr\u00e1n la opottunidad de encontrar una opci\u00f3n laboral\u00bb, acotando que \u00abse han anotado muchos jovenes estudiantes que encuentran aqui una opci\u00f3n para generar ingresos mientras cursan sus estudios\u00bb.<\/p>\n\n\n\n<p>Finalmente, la titular de la organisacio\u00f3n indic\u00f3 que \u00abconstantemente apostamos a la inclusi\u00f3n de los j\u00f3venes, tanto en lo social como en en lo laboral, y lo hacemos mediante esta herramienta de capacitaci\u00f3n y formaci\u00f3n\u00bb, agregando que \u00abel crecimiento de nuestra Asociaci\u00f3n se da de manera integral, por eso trabajamos en todos los frentes, el deportivo, pero tambi\u00e9n el social y laboral, siempre siendo inclusivos y solidarios\u00bb.&nbsp;<\/p>\n","protected":false},"excerpt":{"rendered":"<p>En pocas horas, m\u00e1s de medio centenar de j\u00f3venes se anot\u00f3 para hacer el Curso de Planilleros de Voley Indoor que organiza la Asociaci\u00f3n de Voley Capital Nacional del Vidrio, el cual implica una posible opci\u00f3n laboral. El curso, dictado por el arbitro nacional Alejandro Cachambi, se llevar\u00e1 a cabo el viernes 3 de marzo&#8230;<\/p>\n","protected":false},"author":2,"featured_media":15507,"comment_status":"open","ping_status":"open","sticky":false,"template":"","format":"standard","meta":{"footnotes":""},"categories":[3],"tags":[],"class_list":["post-16036","post","type-post","status-publish","format-standard","has-post-thumbnail","hentry","category-berazategui"],"featured_image_src":"https:\/\/diarioprincipios.com\/wp-content\/uploads\/2022\/12\/1-2.jpg","blog_images":{"medium":"https:\/\/diarioprincipios.com\/wp-content\/uploads\/2022\/12\/1-2-225x300.jpg","large":"https:\/\/diarioprincipios.com\/wp-content\/uploads\/2022\/12\/1-2.jpg"},"ams_acf":[],"yoast_head":"<!-- This site is optimized with the Yoast SEO plugin v27.3 - https:\/\/yoast.com\/product\/yoast-seo-wordpress\/ -->\n<title>Medio centenar de j\u00f3venes se anot\u00f3 para el Curso de Planilleros de la Asociaci\u00f3n de Voley - Principios<\/title>\n<meta name=\"robots\" content=\"index, follow, max-snippet:-1, max-image-preview:large, max-video-preview:-1\" \/>\n<link rel=\"canonical\" href=\"https:\/\/diarioprincipios.com\/index.php\/2023\/03\/01\/medio-centenar-de-jovenes-se-anoto-para-el-curso-de-planilleros-de-la-asociacion-de-voley\/\" \/>\n<meta property=\"og:locale\" content=\"es_ES\" \/>\n<meta property=\"og:type\" content=\"article\" \/>\n<meta property=\"og:title\" content=\"Medio centenar de j\u00f3venes se anot\u00f3 para el Curso de Planilleros de la Asociaci\u00f3n de Voley - Principios\" \/>\n<meta property=\"og:description\" content=\"En pocas horas, m\u00e1s de medio centenar de j\u00f3venes se anot\u00f3 para hacer el Curso de Planilleros de Voley Indoor que organiza la Asociaci\u00f3n de Voley Capital Nacional del Vidrio, el cual implica una posible opci\u00f3n laboral. El curso, dictado por el arbitro nacional Alejandro Cachambi, se llevar\u00e1 a cabo el viernes 3 de marzo...\" \/>\n<meta property=\"og:url\" content=\"https:\/\/diarioprincipios.com\/index.php\/2023\/03\/01\/medio-centenar-de-jovenes-se-anoto-para-el-curso-de-planilleros-de-la-asociacion-de-voley\/\" \/>\n<meta property=\"og:site_name\" content=\"Principios\" \/>\n<meta property=\"article:published_time\" content=\"2023-03-01T15:12:30+00:00\" \/>\n<meta property=\"article:modified_time\" content=\"2023-03-01T15:13:12+00:00\" \/>\n<meta property=\"og:image\" content=\"https:\/\/diarioprincipios.com\/wp-content\/uploads\/2022\/12\/1-2.jpg\" \/>\n\t<meta property=\"og:image:width\" content=\"768\" \/>\n\t<meta property=\"og:image:height\" content=\"1024\" \/>\n\t<meta property=\"og:image:type\" content=\"image\/jpeg\" \/>\n<meta name=\"author\" content=\"Hern\u00e1n L\u00f3pez\" \/>\n<meta name=\"twitter:card\" content=\"summary_large_image\" \/>\n<meta name=\"twitter:label1\" content=\"Escrito por\" \/>\n\t<meta name=\"twitter:data1\" content=\"Hern\u00e1n L\u00f3pez\" \/>\n\t<meta name=\"twitter:label2\" content=\"Tiempo de lectura\" \/>\n\t<meta name=\"twitter:data2\" content=\"2 minutos\" \/>\n<script type=\"application\/ld+json\" class=\"yoast-schema-graph\">{\"@context\":\"https:\\\/\\\/schema.org\",\"@graph\":[{\"@type\":\"Article\",\"@id\":\"https:\\\/\\\/diarioprincipios.com\\\/index.php\\\/2023\\\/03\\\/01\\\/medio-centenar-de-jovenes-se-anoto-para-el-curso-de-planilleros-de-la-asociacion-de-voley\\\/#article\",\"isPartOf\":{\"@id\":\"https:\\\/\\\/diarioprincipios.com\\\/index.php\\\/2023\\\/03\\\/01\\\/medio-centenar-de-jovenes-se-anoto-para-el-curso-de-planilleros-de-la-asociacion-de-voley\\\/\"},\"author\":{\"name\":\"Hern\u00e1n L\u00f3pez\",\"@id\":\"https:\\\/\\\/diarioprincipios.com\\\/#\\\/schema\\\/person\\\/436d5a1fd41a5e250e23ff5a6a7cb080\"},\"headline\":\"Medio centenar de j\u00f3venes se anot\u00f3 para el Curso de Planilleros de la Asociaci\u00f3n de Voley\",\"datePublished\":\"2023-03-01T15:12:30+00:00\",\"dateModified\":\"2023-03-01T15:13:12+00:00\",\"mainEntityOfPage\":{\"@id\":\"https:\\\/\\\/diarioprincipios.com\\\/index.php\\\/2023\\\/03\\\/01\\\/medio-centenar-de-jovenes-se-anoto-para-el-curso-de-planilleros-de-la-asociacion-de-voley\\\/\"},\"wordCount\":317,\"commentCount\":0,\"publisher\":{\"@id\":\"https:\\\/\\\/diarioprincipios.com\\\/#organization\"},\"image\":{\"@id\":\"https:\\\/\\\/diarioprincipios.com\\\/index.php\\\/2023\\\/03\\\/01\\\/medio-centenar-de-jovenes-se-anoto-para-el-curso-de-planilleros-de-la-asociacion-de-voley\\\/#primaryimage\"},\"thumbnailUrl\":\"https:\\\/\\\/diarioprincipios.com\\\/wp-content\\\/uploads\\\/2022\\\/12\\\/1-2.jpg\",\"articleSection\":[\"Berazategui\"],\"inLanguage\":\"es\",\"potentialAction\":[{\"@type\":\"CommentAction\",\"name\":\"Comment\",\"target\":[\"https:\\\/\\\/diarioprincipios.com\\\/index.php\\\/2023\\\/03\\\/01\\\/medio-centenar-de-jovenes-se-anoto-para-el-curso-de-planilleros-de-la-asociacion-de-voley\\\/#respond\"]}]},{\"@type\":\"WebPage\",\"@id\":\"https:\\\/\\\/diarioprincipios.com\\\/index.php\\\/2023\\\/03\\\/01\\\/medio-centenar-de-jovenes-se-anoto-para-el-curso-de-planilleros-de-la-asociacion-de-voley\\\/\",\"url\":\"https:\\\/\\\/diarioprincipios.com\\\/index.php\\\/2023\\\/03\\\/01\\\/medio-centenar-de-jovenes-se-anoto-para-el-curso-de-planilleros-de-la-asociacion-de-voley\\\/\",\"name\":\"Medio centenar de j\u00f3venes se anot\u00f3 para el Curso de Planilleros de la Asociaci\u00f3n de Voley - Principios\",\"isPartOf\":{\"@id\":\"https:\\\/\\\/diarioprincipios.com\\\/#website\"},\"primaryImageOfPage\":{\"@id\":\"https:\\\/\\\/diarioprincipios.com\\\/index.php\\\/2023\\\/03\\\/01\\\/medio-centenar-de-jovenes-se-anoto-para-el-curso-de-planilleros-de-la-asociacion-de-voley\\\/#primaryimage\"},\"image\":{\"@id\":\"https:\\\/\\\/diarioprincipios.com\\\/index.php\\\/2023\\\/03\\\/01\\\/medio-centenar-de-jovenes-se-anoto-para-el-curso-de-planilleros-de-la-asociacion-de-voley\\\/#primaryimage\"},\"thumbnailUrl\":\"https:\\\/\\\/diarioprincipios.com\\\/wp-content\\\/uploads\\\/2022\\\/12\\\/1-2.jpg\",\"datePublished\":\"2023-03-01T15:12:30+00:00\",\"dateModified\":\"2023-03-01T15:13:12+00:00\",\"breadcrumb\":{\"@id\":\"https:\\\/\\\/diarioprincipios.com\\\/index.php\\\/2023\\\/03\\\/01\\\/medio-centenar-de-jovenes-se-anoto-para-el-curso-de-planilleros-de-la-asociacion-de-voley\\\/#breadcrumb\"},\"inLanguage\":\"es\",\"potentialAction\":[{\"@type\":\"ReadAction\",\"target\":[\"https:\\\/\\\/diarioprincipios.com\\\/index.php\\\/2023\\\/03\\\/01\\\/medio-centenar-de-jovenes-se-anoto-para-el-curso-de-planilleros-de-la-asociacion-de-voley\\\/\"]}]},{\"@type\":\"ImageObject\",\"inLanguage\":\"es\",\"@id\":\"https:\\\/\\\/diarioprincipios.com\\\/index.php\\\/2023\\\/03\\\/01\\\/medio-centenar-de-jovenes-se-anoto-para-el-curso-de-planilleros-de-la-asociacion-de-voley\\\/#primaryimage\",\"url\":\"https:\\\/\\\/diarioprincipios.com\\\/wp-content\\\/uploads\\\/2022\\\/12\\\/1-2.jpg\",\"contentUrl\":\"https:\\\/\\\/diarioprincipios.com\\\/wp-content\\\/uploads\\\/2022\\\/12\\\/1-2.jpg\",\"width\":768,\"height\":1024},{\"@type\":\"BreadcrumbList\",\"@id\":\"https:\\\/\\\/diarioprincipios.com\\\/index.php\\\/2023\\\/03\\\/01\\\/medio-centenar-de-jovenes-se-anoto-para-el-curso-de-planilleros-de-la-asociacion-de-voley\\\/#breadcrumb\",\"itemListElement\":[{\"@type\":\"ListItem\",\"position\":1,\"name\":\"Portada\",\"item\":\"https:\\\/\\\/diarioprincipios.com\\\/\"},{\"@type\":\"ListItem\",\"position\":2,\"name\":\"Medio centenar de j\u00f3venes se anot\u00f3 para el Curso de Planilleros de la Asociaci\u00f3n de Voley\"}]},{\"@type\":\"WebSite\",\"@id\":\"https:\\\/\\\/diarioprincipios.com\\\/#website\",\"url\":\"https:\\\/\\\/diarioprincipios.com\\\/\",\"name\":\"Principios\",\"description\":\"Principios Diario\",\"publisher\":{\"@id\":\"https:\\\/\\\/diarioprincipios.com\\\/#organization\"},\"potentialAction\":[{\"@type\":\"SearchAction\",\"target\":{\"@type\":\"EntryPoint\",\"urlTemplate\":\"https:\\\/\\\/diarioprincipios.com\\\/?s={search_term_string}\"},\"query-input\":{\"@type\":\"PropertyValueSpecification\",\"valueRequired\":true,\"valueName\":\"search_term_string\"}}],\"inLanguage\":\"es\"},{\"@type\":\"Organization\",\"@id\":\"https:\\\/\\\/diarioprincipios.com\\\/#organization\",\"name\":\"Principios\",\"url\":\"https:\\\/\\\/diarioprincipios.com\\\/\",\"logo\":{\"@type\":\"ImageObject\",\"inLanguage\":\"es\",\"@id\":\"https:\\\/\\\/diarioprincipios.com\\\/#\\\/schema\\\/logo\\\/image\\\/\",\"url\":\"https:\\\/\\\/diarioprincipios.com\\\/wp-content\\\/uploads\\\/2024\\\/04\\\/cropped-www.diarioprincipios.com_-1.png\",\"contentUrl\":\"https:\\\/\\\/diarioprincipios.com\\\/wp-content\\\/uploads\\\/2024\\\/04\\\/cropped-www.diarioprincipios.com_-1.png\",\"width\":5325,\"height\":1454,\"caption\":\"Principios\"},\"image\":{\"@id\":\"https:\\\/\\\/diarioprincipios.com\\\/#\\\/schema\\\/logo\\\/image\\\/\"}},{\"@type\":\"Person\",\"@id\":\"https:\\\/\\\/diarioprincipios.com\\\/#\\\/schema\\\/person\\\/436d5a1fd41a5e250e23ff5a6a7cb080\",\"name\":\"Hern\u00e1n L\u00f3pez\",\"image\":{\"@type\":\"ImageObject\",\"inLanguage\":\"es\",\"@id\":\"https:\\\/\\\/diarioprincipios.com\\\/wp-content\\\/litespeed\\\/avatar\\\/11ddfe5610ff3bd100522525b2571f48.jpg?ver=1777048341\",\"url\":\"https:\\\/\\\/diarioprincipios.com\\\/wp-content\\\/litespeed\\\/avatar\\\/11ddfe5610ff3bd100522525b2571f48.jpg?ver=1777048341\",\"contentUrl\":\"https:\\\/\\\/diarioprincipios.com\\\/wp-content\\\/litespeed\\\/avatar\\\/11ddfe5610ff3bd100522525b2571f48.jpg?ver=1777048341\",\"caption\":\"Hern\u00e1n L\u00f3pez\"},\"url\":\"https:\\\/\\\/diarioprincipios.com\\\/index.php\\\/author\\\/hernan\\\/\"}]}<\/script>\n<!-- \/ Yoast SEO plugin. -->","yoast_head_json":{"title":"Medio centenar de j\u00f3venes se anot\u00f3 para el Curso de Planilleros de la Asociaci\u00f3n de Voley - Principios","robots":{"index":"index","follow":"follow","max-snippet":"max-snippet:-1","max-image-preview":"max-image-preview:large","max-video-preview":"max-video-preview:-1"},"canonical":"https:\/\/diarioprincipios.com\/index.php\/2023\/03\/01\/medio-centenar-de-jovenes-se-anoto-para-el-curso-de-planilleros-de-la-asociacion-de-voley\/","og_locale":"es_ES","og_type":"article","og_title":"Medio centenar de j\u00f3venes se anot\u00f3 para el Curso de Planilleros de la Asociaci\u00f3n de Voley - Principios","og_description":"En pocas horas, m\u00e1s de medio centenar de j\u00f3venes se anot\u00f3 para hacer el Curso de Planilleros de Voley Indoor que organiza la Asociaci\u00f3n de Voley Capital Nacional del Vidrio, el cual implica una posible opci\u00f3n laboral. El curso, dictado por el arbitro nacional Alejandro Cachambi, se llevar\u00e1 a cabo el viernes 3 de marzo...","og_url":"https:\/\/diarioprincipios.com\/index.php\/2023\/03\/01\/medio-centenar-de-jovenes-se-anoto-para-el-curso-de-planilleros-de-la-asociacion-de-voley\/","og_site_name":"Principios","article_published_time":"2023-03-01T15:12:30+00:00","article_modified_time":"2023-03-01T15:13:12+00:00","og_image":[{"width":768,"height":1024,"url":"https:\/\/diarioprincipios.com\/wp-content\/uploads\/2022\/12\/1-2.jpg","type":"image\/jpeg"}],"author":"Hern\u00e1n L\u00f3pez","twitter_card":"summary_large_image","twitter_misc":{"Escrito por":"Hern\u00e1n L\u00f3pez","Tiempo de lectura":"2 minutos"},"schema":{"@context":"https:\/\/schema.org","@graph":[{"@type":"Article","@id":"https:\/\/diarioprincipios.com\/index.php\/2023\/03\/01\/medio-centenar-de-jovenes-se-anoto-para-el-curso-de-planilleros-de-la-asociacion-de-voley\/#article","isPartOf":{"@id":"https:\/\/diarioprincipios.com\/index.php\/2023\/03\/01\/medio-centenar-de-jovenes-se-anoto-para-el-curso-de-planilleros-de-la-asociacion-de-voley\/"},"author":{"name":"Hern\u00e1n L\u00f3pez","@id":"https:\/\/diarioprincipios.com\/#\/schema\/person\/436d5a1fd41a5e250e23ff5a6a7cb080"},"headline":"Medio centenar de j\u00f3venes se anot\u00f3 para el Curso de Planilleros de la Asociaci\u00f3n de Voley","datePublished":"2023-03-01T15:12:30+00:00","dateModified":"2023-03-01T15:13:12+00:00","mainEntityOfPage":{"@id":"https:\/\/diarioprincipios.com\/index.php\/2023\/03\/01\/medio-centenar-de-jovenes-se-anoto-para-el-curso-de-planilleros-de-la-asociacion-de-voley\/"},"wordCount":317,"commentCount":0,"publisher":{"@id":"https:\/\/diarioprincipios.com\/#organization"},"image":{"@id":"https:\/\/diarioprincipios.com\/index.php\/2023\/03\/01\/medio-centenar-de-jovenes-se-anoto-para-el-curso-de-planilleros-de-la-asociacion-de-voley\/#primaryimage"},"thumbnailUrl":"https:\/\/diarioprincipios.com\/wp-content\/uploads\/2022\/12\/1-2.jpg","articleSection":["Berazategui"],"inLanguage":"es","potentialAction":[{"@type":"CommentAction","name":"Comment","target":["https:\/\/diarioprincipios.com\/index.php\/2023\/03\/01\/medio-centenar-de-jovenes-se-anoto-para-el-curso-de-planilleros-de-la-asociacion-de-voley\/#respond"]}]},{"@type":"WebPage","@id":"https:\/\/diarioprincipios.com\/index.php\/2023\/03\/01\/medio-centenar-de-jovenes-se-anoto-para-el-curso-de-planilleros-de-la-asociacion-de-voley\/","url":"https:\/\/diarioprincipios.com\/index.php\/2023\/03\/01\/medio-centenar-de-jovenes-se-anoto-para-el-curso-de-planilleros-de-la-asociacion-de-voley\/","name":"Medio centenar de j\u00f3venes se anot\u00f3 para el Curso de Planilleros de la Asociaci\u00f3n de Voley - Principios","isPartOf":{"@id":"https:\/\/diarioprincipios.com\/#website"},"primaryImageOfPage":{"@id":"https:\/\/diarioprincipios.com\/index.php\/2023\/03\/01\/medio-centenar-de-jovenes-se-anoto-para-el-curso-de-planilleros-de-la-asociacion-de-voley\/#primaryimage"},"image":{"@id":"https:\/\/diarioprincipios.com\/index.php\/2023\/03\/01\/medio-centenar-de-jovenes-se-anoto-para-el-curso-de-planilleros-de-la-asociacion-de-voley\/#primaryimage"},"thumbnailUrl":"https:\/\/diarioprincipios.com\/wp-content\/uploads\/2022\/12\/1-2.jpg","datePublished":"2023-03-01T15:12:30+00:00","dateModified":"2023-03-01T15:13:12+00:00","breadcrumb":{"@id":"https:\/\/diarioprincipios.com\/index.php\/2023\/03\/01\/medio-centenar-de-jovenes-se-anoto-para-el-curso-de-planilleros-de-la-asociacion-de-voley\/#breadcrumb"},"inLanguage":"es","potentialAction":[{"@type":"ReadAction","target":["https:\/\/diarioprincipios.com\/index.php\/2023\/03\/01\/medio-centenar-de-jovenes-se-anoto-para-el-curso-de-planilleros-de-la-asociacion-de-voley\/"]}]},{"@type":"ImageObject","inLanguage":"es","@id":"https:\/\/diarioprincipios.com\/index.php\/2023\/03\/01\/medio-centenar-de-jovenes-se-anoto-para-el-curso-de-planilleros-de-la-asociacion-de-voley\/#primaryimage","url":"https:\/\/diarioprincipios.com\/wp-content\/uploads\/2022\/12\/1-2.jpg","contentUrl":"https:\/\/diarioprincipios.com\/wp-content\/uploads\/2022\/12\/1-2.jpg","width":768,"height":1024},{"@type":"BreadcrumbList","@id":"https:\/\/diarioprincipios.com\/index.php\/2023\/03\/01\/medio-centenar-de-jovenes-se-anoto-para-el-curso-de-planilleros-de-la-asociacion-de-voley\/#breadcrumb","itemListElement":[{"@type":"ListItem","position":1,"name":"Portada","item":"https:\/\/diarioprincipios.com\/"},{"@type":"ListItem","position":2,"name":"Medio centenar de j\u00f3venes se anot\u00f3 para el Curso de Planilleros de la Asociaci\u00f3n de Voley"}]},{"@type":"WebSite","@id":"https:\/\/diarioprincipios.com\/#website","url":"https:\/\/diarioprincipios.com\/","name":"Principios","description":"Principios Diario","publisher":{"@id":"https:\/\/diarioprincipios.com\/#organization"},"potentialAction":[{"@type":"SearchAction","target":{"@type":"EntryPoint","urlTemplate":"https:\/\/diarioprincipios.com\/?s={search_term_string}"},"query-input":{"@type":"PropertyValueSpecification","valueRequired":true,"valueName":"search_term_string"}}],"inLanguage":"es"},{"@type":"Organization","@id":"https:\/\/diarioprincipios.com\/#organization","name":"Principios","url":"https:\/\/diarioprincipios.com\/","logo":{"@type":"ImageObject","inLanguage":"es","@id":"https:\/\/diarioprincipios.com\/#\/schema\/logo\/image\/","url":"https:\/\/diarioprincipios.com\/wp-content\/uploads\/2024\/04\/cropped-www.diarioprincipios.com_-1.png","contentUrl":"https:\/\/diarioprincipios.com\/wp-content\/uploads\/2024\/04\/cropped-www.diarioprincipios.com_-1.png","width":5325,"height":1454,"caption":"Principios"},"image":{"@id":"https:\/\/diarioprincipios.com\/#\/schema\/logo\/image\/"}},{"@type":"Person","@id":"https:\/\/diarioprincipios.com\/#\/schema\/person\/436d5a1fd41a5e250e23ff5a6a7cb080","name":"Hern\u00e1n L\u00f3pez","image":{"@type":"ImageObject","inLanguage":"es","@id":"https:\/\/diarioprincipios.com\/wp-content\/litespeed\/avatar\/11ddfe5610ff3bd100522525b2571f48.jpg?ver=1777048341","url":"https:\/\/diarioprincipios.com\/wp-content\/litespeed\/avatar\/11ddfe5610ff3bd100522525b2571f48.jpg?ver=1777048341","contentUrl":"https:\/\/diarioprincipios.com\/wp-content\/litespeed\/avatar\/11ddfe5610ff3bd100522525b2571f48.jpg?ver=1777048341","caption":"Hern\u00e1n L\u00f3pez"},"url":"https:\/\/diarioprincipios.com\/index.php\/author\/hernan\/"}]}},"jetpack_featured_media_url":"https:\/\/diarioprincipios.com\/wp-content\/uploads\/2022\/12\/1-2.jpg","_links":{"self":[{"href":"https:\/\/diarioprincipios.com\/index.php\/wp-json\/wp\/v2\/posts\/16036","targetHints":{"allow":["GET"]}}],"collection":[{"href":"https:\/\/diarioprincipios.com\/index.php\/wp-json\/wp\/v2\/posts"}],"about":[{"href":"https:\/\/diarioprincipios.com\/index.php\/wp-json\/wp\/v2\/types\/post"}],"author":[{"embeddable":true,"href":"https:\/\/diarioprincipios.com\/index.php\/wp-json\/wp\/v2\/users\/2"}],"replies":[{"embeddable":true,"href":"https:\/\/diarioprincipios.com\/index.php\/wp-json\/wp\/v2\/comments?post=16036"}],"version-history":[{"count":2,"href":"https:\/\/diarioprincipios.com\/index.php\/wp-json\/wp\/v2\/posts\/16036\/revisions"}],"predecessor-version":[{"id":16041,"href":"https:\/\/diarioprincipios.com\/index.php\/wp-json\/wp\/v2\/posts\/16036\/revisions\/16041"}],"wp:featuredmedia":[{"embeddable":true,"href":"https:\/\/diarioprincipios.com\/index.php\/wp-json\/wp\/v2\/media\/15507"}],"wp:attachment":[{"href":"https:\/\/diarioprincipios.com\/index.php\/wp-json\/wp\/v2\/media?parent=16036"}],"wp:term":[{"taxonomy":"category","embeddable":true,"href":"https:\/\/diarioprincipios.com\/index.php\/wp-json\/wp\/v2\/categories?post=16036"},{"taxonomy":"post_tag","embeddable":true,"href":"https:\/\/diarioprincipios.com\/index.php\/wp-json\/wp\/v2\/tags?post=16036"}],"curies":[{"name":"wp","href":"https:\/\/api.w.org\/{rel}","templated":true}]}}