{"id":16031,"date":"2023-02-28T21:48:44","date_gmt":"2023-03-01T00:48:44","guid":{"rendered":"http:\/\/diarioprincipios.com\/?p=16031"},"modified":"2023-02-28T21:48:47","modified_gmt":"2023-03-01T00:48:47","slug":"kicillof-y-mussi-entregaron-mobiliario-a-escuelas-de-berazategui","status":"publish","type":"post","link":"https:\/\/diarioprincipios.com\/index.php\/2023\/02\/28\/kicillof-y-mussi-entregaron-mobiliario-a-escuelas-de-berazategui\/","title":{"rendered":"Kicillof y Mussi entregaron mobiliario a Escuelas de Berazategui"},"content":{"rendered":"\n<p><strong>Se entregaron 1500 sillas y 750 mesas para equipar 50 aulas de escuelas de Berazategui. El intendente, Juan Jos\u00e9 Mussi, acompa\u00f1\u00f3 al gobernador de la provincia de Buenos Aires, Axel Kicillof, en la actividad que se llev\u00f3 a cabo en el Estadio \u00danico \u201cDiego Armando Maradona\u201d, ubicado en La Plata.<\/strong><\/p>\n\n\n\n<p>All\u00ed, Kicillof resalt\u00f3: \u201cEs un d\u00eda muy importante para la provincia de Buenos Aires, ya que estamos comenzando la distribuci\u00f3n de muebles escolares de primera calidad, que nos van a permitir reemplazar el equipamiento de 2 mil aulas en 15 municipios del \u00e1rea metropolitana\u201d.<\/p>\n\n\n\n<figure class=\"wp-block-image size-large\"><img loading=\"lazy\" decoding=\"async\" width=\"1024\" height=\"683\" src=\"https:\/\/diarioprincipios.com\/wp-content\/uploads\/2023\/02\/Entrega_mobiliario_4-1-1024x683.jpg\" alt=\"\" class=\"wp-image-16032\" srcset=\"https:\/\/diarioprincipios.com\/wp-content\/uploads\/2023\/02\/Entrega_mobiliario_4-1-1024x683.jpg 1024w, https:\/\/diarioprincipios.com\/wp-content\/uploads\/2023\/02\/Entrega_mobiliario_4-1-300x200.jpg 300w, https:\/\/diarioprincipios.com\/wp-content\/uploads\/2023\/02\/Entrega_mobiliario_4-1-768x512.jpg 768w, https:\/\/diarioprincipios.com\/wp-content\/uploads\/2023\/02\/Entrega_mobiliario_4-1-1536x1024.jpg 1536w, https:\/\/diarioprincipios.com\/wp-content\/uploads\/2023\/02\/Entrega_mobiliario_4-1-600x400.jpg 600w, https:\/\/diarioprincipios.com\/wp-content\/uploads\/2023\/02\/Entrega_mobiliario_4-1.jpg 1920w\" sizes=\"auto, (max-width: 1024px) 100vw, 1024px\" \/><\/figure>\n\n\n\n<p>Por su parte, Mussi expres\u00f3: \u201cLe agradezco profundamente al gobernador Axel Kicillof por seguir trabajando por una educaci\u00f3n p\u00fablica digna y de calidad para cada ni\u00f1o y ni\u00f1a de nuestra Patria Chica\u201d.<\/p>\n\n\n\n<p>En tanto, el director general de Cultura y Educaci\u00f3n, Alberto Sileoni, resalt\u00f3 que \u201cas\u00ed como estamos inaugurando nuevos edificios y llevando adelante obras muy importantes de refacci\u00f3n en las escuelas, tambi\u00e9n estamos trabajando para dotar de muebles de calidad a todos los municipios\u201d.<\/p>\n\n\n\n<figure class=\"wp-block-image size-large\"><img loading=\"lazy\" decoding=\"async\" width=\"1024\" height=\"683\" src=\"https:\/\/diarioprincipios.com\/wp-content\/uploads\/2023\/02\/20230224_Entrega_Mobiliario_Escolar_Ciclo_2023_Axel_Kicillof_FS_-01-1-1024x683.jpg\" alt=\"\" class=\"wp-image-16033\" srcset=\"https:\/\/diarioprincipios.com\/wp-content\/uploads\/2023\/02\/20230224_Entrega_Mobiliario_Escolar_Ciclo_2023_Axel_Kicillof_FS_-01-1-1024x683.jpg 1024w, https:\/\/diarioprincipios.com\/wp-content\/uploads\/2023\/02\/20230224_Entrega_Mobiliario_Escolar_Ciclo_2023_Axel_Kicillof_FS_-01-1-300x200.jpg 300w, https:\/\/diarioprincipios.com\/wp-content\/uploads\/2023\/02\/20230224_Entrega_Mobiliario_Escolar_Ciclo_2023_Axel_Kicillof_FS_-01-1-768x512.jpg 768w, https:\/\/diarioprincipios.com\/wp-content\/uploads\/2023\/02\/20230224_Entrega_Mobiliario_Escolar_Ciclo_2023_Axel_Kicillof_FS_-01-1-1536x1024.jpg 1536w, https:\/\/diarioprincipios.com\/wp-content\/uploads\/2023\/02\/20230224_Entrega_Mobiliario_Escolar_Ciclo_2023_Axel_Kicillof_FS_-01-1-600x400.jpg 600w, https:\/\/diarioprincipios.com\/wp-content\/uploads\/2023\/02\/20230224_Entrega_Mobiliario_Escolar_Ciclo_2023_Axel_Kicillof_FS_-01-1.jpg 1920w\" sizes=\"auto, (max-width: 1024px) 100vw, 1024px\" \/><\/figure>\n\n\n\n<p>Durante la entrega, estuvieron presentes intendentes, intendentas e integrantes del gabinete provincial, entre otros dirigentes y funcionarios.<\/p>\n","protected":false},"excerpt":{"rendered":"<p>Se entregaron 1500 sillas y 750 mesas para equipar 50 aulas de escuelas de Berazategui. El intendente, Juan Jos\u00e9 Mussi, acompa\u00f1\u00f3 al gobernador de la provincia de Buenos Aires, Axel Kicillof, en la actividad que se llev\u00f3 a cabo en el Estadio \u00danico \u201cDiego Armando Maradona\u201d, ubicado en La Plata. All\u00ed, Kicillof resalt\u00f3: \u201cEs un&#8230;<\/p>\n","protected":false},"author":2,"featured_media":16034,"comment_status":"open","ping_status":"open","sticky":false,"template":"","format":"standard","meta":{"footnotes":""},"categories":[3],"tags":[],"class_list":["post-16031","post","type-post","status-publish","format-standard","has-post-thumbnail","hentry","category-berazategui"],"featured_image_src":"https:\/\/diarioprincipios.com\/wp-content\/uploads\/2023\/02\/Entrega_mobiliario_3-1-1024x683.jpg","blog_images":{"medium":"https:\/\/diarioprincipios.com\/wp-content\/uploads\/2023\/02\/Entrega_mobiliario_3-1-300x200.jpg","large":"https:\/\/diarioprincipios.com\/wp-content\/uploads\/2023\/02\/Entrega_mobiliario_3-1-1024x683.jpg"},"ams_acf":[],"yoast_head":"<!-- This site is optimized with the Yoast SEO plugin v27.3 - https:\/\/yoast.com\/product\/yoast-seo-wordpress\/ -->\n<title>Kicillof y Mussi entregaron mobiliario a Escuelas de Berazategui - Principios<\/title>\n<meta name=\"robots\" content=\"index, follow, max-snippet:-1, max-image-preview:large, max-video-preview:-1\" \/>\n<link rel=\"canonical\" href=\"https:\/\/diarioprincipios.com\/index.php\/2023\/02\/28\/kicillof-y-mussi-entregaron-mobiliario-a-escuelas-de-berazategui\/\" \/>\n<meta property=\"og:locale\" content=\"es_ES\" \/>\n<meta property=\"og:type\" content=\"article\" \/>\n<meta property=\"og:title\" content=\"Kicillof y Mussi entregaron mobiliario a Escuelas de Berazategui - Principios\" \/>\n<meta property=\"og:description\" content=\"Se entregaron 1500 sillas y 750 mesas para equipar 50 aulas de escuelas de Berazategui. El intendente, Juan Jos\u00e9 Mussi, acompa\u00f1\u00f3 al gobernador de la provincia de Buenos Aires, Axel Kicillof, en la actividad que se llev\u00f3 a cabo en el Estadio \u00danico \u201cDiego Armando Maradona\u201d, ubicado en La Plata. All\u00ed, Kicillof resalt\u00f3: \u201cEs un...\" \/>\n<meta property=\"og:url\" content=\"https:\/\/diarioprincipios.com\/index.php\/2023\/02\/28\/kicillof-y-mussi-entregaron-mobiliario-a-escuelas-de-berazategui\/\" \/>\n<meta property=\"og:site_name\" content=\"Principios\" \/>\n<meta property=\"article:published_time\" content=\"2023-03-01T00:48:44+00:00\" \/>\n<meta property=\"article:modified_time\" content=\"2023-03-01T00:48:47+00:00\" \/>\n<meta property=\"og:image\" content=\"https:\/\/diarioprincipios.com\/wp-content\/uploads\/2023\/02\/Entrega_mobiliario_3-1.jpg\" \/>\n\t<meta property=\"og:image:width\" content=\"2048\" \/>\n\t<meta property=\"og:image:height\" content=\"1365\" \/>\n\t<meta property=\"og:image:type\" content=\"image\/jpeg\" \/>\n<meta name=\"author\" content=\"Hern\u00e1n L\u00f3pez\" \/>\n<meta name=\"twitter:card\" content=\"summary_large_image\" \/>\n<meta name=\"twitter:label1\" content=\"Escrito por\" \/>\n\t<meta name=\"twitter:data1\" content=\"Hern\u00e1n L\u00f3pez\" \/>\n\t<meta name=\"twitter:label2\" content=\"Tiempo de lectura\" \/>\n\t<meta name=\"twitter:data2\" content=\"2 minutos\" \/>\n<script type=\"application\/ld+json\" class=\"yoast-schema-graph\">{\"@context\":\"https:\\\/\\\/schema.org\",\"@graph\":[{\"@type\":\"Article\",\"@id\":\"https:\\\/\\\/diarioprincipios.com\\\/index.php\\\/2023\\\/02\\\/28\\\/kicillof-y-mussi-entregaron-mobiliario-a-escuelas-de-berazategui\\\/#article\",\"isPartOf\":{\"@id\":\"https:\\\/\\\/diarioprincipios.com\\\/index.php\\\/2023\\\/02\\\/28\\\/kicillof-y-mussi-entregaron-mobiliario-a-escuelas-de-berazategui\\\/\"},\"author\":{\"name\":\"Hern\u00e1n L\u00f3pez\",\"@id\":\"https:\\\/\\\/diarioprincipios.com\\\/#\\\/schema\\\/person\\\/436d5a1fd41a5e250e23ff5a6a7cb080\"},\"headline\":\"Kicillof y Mussi entregaron mobiliario a Escuelas de Berazategui\",\"datePublished\":\"2023-03-01T00:48:44+00:00\",\"dateModified\":\"2023-03-01T00:48:47+00:00\",\"mainEntityOfPage\":{\"@id\":\"https:\\\/\\\/diarioprincipios.com\\\/index.php\\\/2023\\\/02\\\/28\\\/kicillof-y-mussi-entregaron-mobiliario-a-escuelas-de-berazategui\\\/\"},\"wordCount\":199,\"commentCount\":0,\"publisher\":{\"@id\":\"https:\\\/\\\/diarioprincipios.com\\\/#organization\"},\"image\":{\"@id\":\"https:\\\/\\\/diarioprincipios.com\\\/index.php\\\/2023\\\/02\\\/28\\\/kicillof-y-mussi-entregaron-mobiliario-a-escuelas-de-berazategui\\\/#primaryimage\"},\"thumbnailUrl\":\"https:\\\/\\\/diarioprincipios.com\\\/wp-content\\\/uploads\\\/2023\\\/02\\\/Entrega_mobiliario_3-1.jpg\",\"articleSection\":[\"Berazategui\"],\"inLanguage\":\"es\",\"potentialAction\":[{\"@type\":\"CommentAction\",\"name\":\"Comment\",\"target\":[\"https:\\\/\\\/diarioprincipios.com\\\/index.php\\\/2023\\\/02\\\/28\\\/kicillof-y-mussi-entregaron-mobiliario-a-escuelas-de-berazategui\\\/#respond\"]}]},{\"@type\":\"WebPage\",\"@id\":\"https:\\\/\\\/diarioprincipios.com\\\/index.php\\\/2023\\\/02\\\/28\\\/kicillof-y-mussi-entregaron-mobiliario-a-escuelas-de-berazategui\\\/\",\"url\":\"https:\\\/\\\/diarioprincipios.com\\\/index.php\\\/2023\\\/02\\\/28\\\/kicillof-y-mussi-entregaron-mobiliario-a-escuelas-de-berazategui\\\/\",\"name\":\"Kicillof y Mussi entregaron mobiliario a Escuelas de Berazategui - Principios\",\"isPartOf\":{\"@id\":\"https:\\\/\\\/diarioprincipios.com\\\/#website\"},\"primaryImageOfPage\":{\"@id\":\"https:\\\/\\\/diarioprincipios.com\\\/index.php\\\/2023\\\/02\\\/28\\\/kicillof-y-mussi-entregaron-mobiliario-a-escuelas-de-berazategui\\\/#primaryimage\"},\"image\":{\"@id\":\"https:\\\/\\\/diarioprincipios.com\\\/index.php\\\/2023\\\/02\\\/28\\\/kicillof-y-mussi-entregaron-mobiliario-a-escuelas-de-berazategui\\\/#primaryimage\"},\"thumbnailUrl\":\"https:\\\/\\\/diarioprincipios.com\\\/wp-content\\\/uploads\\\/2023\\\/02\\\/Entrega_mobiliario_3-1.jpg\",\"datePublished\":\"2023-03-01T00:48:44+00:00\",\"dateModified\":\"2023-03-01T00:48:47+00:00\",\"breadcrumb\":{\"@id\":\"https:\\\/\\\/diarioprincipios.com\\\/index.php\\\/2023\\\/02\\\/28\\\/kicillof-y-mussi-entregaron-mobiliario-a-escuelas-de-berazategui\\\/#breadcrumb\"},\"inLanguage\":\"es\",\"potentialAction\":[{\"@type\":\"ReadAction\",\"target\":[\"https:\\\/\\\/diarioprincipios.com\\\/index.php\\\/2023\\\/02\\\/28\\\/kicillof-y-mussi-entregaron-mobiliario-a-escuelas-de-berazategui\\\/\"]}]},{\"@type\":\"ImageObject\",\"inLanguage\":\"es\",\"@id\":\"https:\\\/\\\/diarioprincipios.com\\\/index.php\\\/2023\\\/02\\\/28\\\/kicillof-y-mussi-entregaron-mobiliario-a-escuelas-de-berazategui\\\/#primaryimage\",\"url\":\"https:\\\/\\\/diarioprincipios.com\\\/wp-content\\\/uploads\\\/2023\\\/02\\\/Entrega_mobiliario_3-1.jpg\",\"contentUrl\":\"https:\\\/\\\/diarioprincipios.com\\\/wp-content\\\/uploads\\\/2023\\\/02\\\/Entrega_mobiliario_3-1.jpg\",\"width\":2048,\"height\":1365},{\"@type\":\"BreadcrumbList\",\"@id\":\"https:\\\/\\\/diarioprincipios.com\\\/index.php\\\/2023\\\/02\\\/28\\\/kicillof-y-mussi-entregaron-mobiliario-a-escuelas-de-berazategui\\\/#breadcrumb\",\"itemListElement\":[{\"@type\":\"ListItem\",\"position\":1,\"name\":\"Portada\",\"item\":\"https:\\\/\\\/diarioprincipios.com\\\/\"},{\"@type\":\"ListItem\",\"position\":2,\"name\":\"Kicillof y Mussi entregaron mobiliario a Escuelas de Berazategui\"}]},{\"@type\":\"WebSite\",\"@id\":\"https:\\\/\\\/diarioprincipios.com\\\/#website\",\"url\":\"https:\\\/\\\/diarioprincipios.com\\\/\",\"name\":\"Principios\",\"description\":\"Principios Diario\",\"publisher\":{\"@id\":\"https:\\\/\\\/diarioprincipios.com\\\/#organization\"},\"potentialAction\":[{\"@type\":\"SearchAction\",\"target\":{\"@type\":\"EntryPoint\",\"urlTemplate\":\"https:\\\/\\\/diarioprincipios.com\\\/?s={search_term_string}\"},\"query-input\":{\"@type\":\"PropertyValueSpecification\",\"valueRequired\":true,\"valueName\":\"search_term_string\"}}],\"inLanguage\":\"es\"},{\"@type\":\"Organization\",\"@id\":\"https:\\\/\\\/diarioprincipios.com\\\/#organization\",\"name\":\"Principios\",\"url\":\"https:\\\/\\\/diarioprincipios.com\\\/\",\"logo\":{\"@type\":\"ImageObject\",\"inLanguage\":\"es\",\"@id\":\"https:\\\/\\\/diarioprincipios.com\\\/#\\\/schema\\\/logo\\\/image\\\/\",\"url\":\"https:\\\/\\\/diarioprincipios.com\\\/wp-content\\\/uploads\\\/2024\\\/04\\\/cropped-www.diarioprincipios.com_-1.png\",\"contentUrl\":\"https:\\\/\\\/diarioprincipios.com\\\/wp-content\\\/uploads\\\/2024\\\/04\\\/cropped-www.diarioprincipios.com_-1.png\",\"width\":5325,\"height\":1454,\"caption\":\"Principios\"},\"image\":{\"@id\":\"https:\\\/\\\/diarioprincipios.com\\\/#\\\/schema\\\/logo\\\/image\\\/\"}},{\"@type\":\"Person\",\"@id\":\"https:\\\/\\\/diarioprincipios.com\\\/#\\\/schema\\\/person\\\/436d5a1fd41a5e250e23ff5a6a7cb080\",\"name\":\"Hern\u00e1n L\u00f3pez\",\"image\":{\"@type\":\"ImageObject\",\"inLanguage\":\"es\",\"@id\":\"https:\\\/\\\/diarioprincipios.com\\\/wp-content\\\/litespeed\\\/avatar\\\/11ddfe5610ff3bd100522525b2571f48.jpg?ver=1777048341\",\"url\":\"https:\\\/\\\/diarioprincipios.com\\\/wp-content\\\/litespeed\\\/avatar\\\/11ddfe5610ff3bd100522525b2571f48.jpg?ver=1777048341\",\"contentUrl\":\"https:\\\/\\\/diarioprincipios.com\\\/wp-content\\\/litespeed\\\/avatar\\\/11ddfe5610ff3bd100522525b2571f48.jpg?ver=1777048341\",\"caption\":\"Hern\u00e1n L\u00f3pez\"},\"url\":\"https:\\\/\\\/diarioprincipios.com\\\/index.php\\\/author\\\/hernan\\\/\"}]}<\/script>\n<!-- \/ Yoast SEO plugin. -->","yoast_head_json":{"title":"Kicillof y Mussi entregaron mobiliario a Escuelas de Berazategui - Principios","robots":{"index":"index","follow":"follow","max-snippet":"max-snippet:-1","max-image-preview":"max-image-preview:large","max-video-preview":"max-video-preview:-1"},"canonical":"https:\/\/diarioprincipios.com\/index.php\/2023\/02\/28\/kicillof-y-mussi-entregaron-mobiliario-a-escuelas-de-berazategui\/","og_locale":"es_ES","og_type":"article","og_title":"Kicillof y Mussi entregaron mobiliario a Escuelas de Berazategui - Principios","og_description":"Se entregaron 1500 sillas y 750 mesas para equipar 50 aulas de escuelas de Berazategui. El intendente, Juan Jos\u00e9 Mussi, acompa\u00f1\u00f3 al gobernador de la provincia de Buenos Aires, Axel Kicillof, en la actividad que se llev\u00f3 a cabo en el Estadio \u00danico \u201cDiego Armando Maradona\u201d, ubicado en La Plata. All\u00ed, Kicillof resalt\u00f3: \u201cEs un...","og_url":"https:\/\/diarioprincipios.com\/index.php\/2023\/02\/28\/kicillof-y-mussi-entregaron-mobiliario-a-escuelas-de-berazategui\/","og_site_name":"Principios","article_published_time":"2023-03-01T00:48:44+00:00","article_modified_time":"2023-03-01T00:48:47+00:00","og_image":[{"width":2048,"height":1365,"url":"https:\/\/diarioprincipios.com\/wp-content\/uploads\/2023\/02\/Entrega_mobiliario_3-1.jpg","type":"image\/jpeg"}],"author":"Hern\u00e1n L\u00f3pez","twitter_card":"summary_large_image","twitter_misc":{"Escrito por":"Hern\u00e1n L\u00f3pez","Tiempo de lectura":"2 minutos"},"schema":{"@context":"https:\/\/schema.org","@graph":[{"@type":"Article","@id":"https:\/\/diarioprincipios.com\/index.php\/2023\/02\/28\/kicillof-y-mussi-entregaron-mobiliario-a-escuelas-de-berazategui\/#article","isPartOf":{"@id":"https:\/\/diarioprincipios.com\/index.php\/2023\/02\/28\/kicillof-y-mussi-entregaron-mobiliario-a-escuelas-de-berazategui\/"},"author":{"name":"Hern\u00e1n L\u00f3pez","@id":"https:\/\/diarioprincipios.com\/#\/schema\/person\/436d5a1fd41a5e250e23ff5a6a7cb080"},"headline":"Kicillof y Mussi entregaron mobiliario a Escuelas de Berazategui","datePublished":"2023-03-01T00:48:44+00:00","dateModified":"2023-03-01T00:48:47+00:00","mainEntityOfPage":{"@id":"https:\/\/diarioprincipios.com\/index.php\/2023\/02\/28\/kicillof-y-mussi-entregaron-mobiliario-a-escuelas-de-berazategui\/"},"wordCount":199,"commentCount":0,"publisher":{"@id":"https:\/\/diarioprincipios.com\/#organization"},"image":{"@id":"https:\/\/diarioprincipios.com\/index.php\/2023\/02\/28\/kicillof-y-mussi-entregaron-mobiliario-a-escuelas-de-berazategui\/#primaryimage"},"thumbnailUrl":"https:\/\/diarioprincipios.com\/wp-content\/uploads\/2023\/02\/Entrega_mobiliario_3-1.jpg","articleSection":["Berazategui"],"inLanguage":"es","potentialAction":[{"@type":"CommentAction","name":"Comment","target":["https:\/\/diarioprincipios.com\/index.php\/2023\/02\/28\/kicillof-y-mussi-entregaron-mobiliario-a-escuelas-de-berazategui\/#respond"]}]},{"@type":"WebPage","@id":"https:\/\/diarioprincipios.com\/index.php\/2023\/02\/28\/kicillof-y-mussi-entregaron-mobiliario-a-escuelas-de-berazategui\/","url":"https:\/\/diarioprincipios.com\/index.php\/2023\/02\/28\/kicillof-y-mussi-entregaron-mobiliario-a-escuelas-de-berazategui\/","name":"Kicillof y Mussi entregaron mobiliario a Escuelas de Berazategui - Principios","isPartOf":{"@id":"https:\/\/diarioprincipios.com\/#website"},"primaryImageOfPage":{"@id":"https:\/\/diarioprincipios.com\/index.php\/2023\/02\/28\/kicillof-y-mussi-entregaron-mobiliario-a-escuelas-de-berazategui\/#primaryimage"},"image":{"@id":"https:\/\/diarioprincipios.com\/index.php\/2023\/02\/28\/kicillof-y-mussi-entregaron-mobiliario-a-escuelas-de-berazategui\/#primaryimage"},"thumbnailUrl":"https:\/\/diarioprincipios.com\/wp-content\/uploads\/2023\/02\/Entrega_mobiliario_3-1.jpg","datePublished":"2023-03-01T00:48:44+00:00","dateModified":"2023-03-01T00:48:47+00:00","breadcrumb":{"@id":"https:\/\/diarioprincipios.com\/index.php\/2023\/02\/28\/kicillof-y-mussi-entregaron-mobiliario-a-escuelas-de-berazategui\/#breadcrumb"},"inLanguage":"es","potentialAction":[{"@type":"ReadAction","target":["https:\/\/diarioprincipios.com\/index.php\/2023\/02\/28\/kicillof-y-mussi-entregaron-mobiliario-a-escuelas-de-berazategui\/"]}]},{"@type":"ImageObject","inLanguage":"es","@id":"https:\/\/diarioprincipios.com\/index.php\/2023\/02\/28\/kicillof-y-mussi-entregaron-mobiliario-a-escuelas-de-berazategui\/#primaryimage","url":"https:\/\/diarioprincipios.com\/wp-content\/uploads\/2023\/02\/Entrega_mobiliario_3-1.jpg","contentUrl":"https:\/\/diarioprincipios.com\/wp-content\/uploads\/2023\/02\/Entrega_mobiliario_3-1.jpg","width":2048,"height":1365},{"@type":"BreadcrumbList","@id":"https:\/\/diarioprincipios.com\/index.php\/2023\/02\/28\/kicillof-y-mussi-entregaron-mobiliario-a-escuelas-de-berazategui\/#breadcrumb","itemListElement":[{"@type":"ListItem","position":1,"name":"Portada","item":"https:\/\/diarioprincipios.com\/"},{"@type":"ListItem","position":2,"name":"Kicillof y Mussi entregaron mobiliario a Escuelas de Berazategui"}]},{"@type":"WebSite","@id":"https:\/\/diarioprincipios.com\/#website","url":"https:\/\/diarioprincipios.com\/","name":"Principios","description":"Principios Diario","publisher":{"@id":"https:\/\/diarioprincipios.com\/#organization"},"potentialAction":[{"@type":"SearchAction","target":{"@type":"EntryPoint","urlTemplate":"https:\/\/diarioprincipios.com\/?s={search_term_string}"},"query-input":{"@type":"PropertyValueSpecification","valueRequired":true,"valueName":"search_term_string"}}],"inLanguage":"es"},{"@type":"Organization","@id":"https:\/\/diarioprincipios.com\/#organization","name":"Principios","url":"https:\/\/diarioprincipios.com\/","logo":{"@type":"ImageObject","inLanguage":"es","@id":"https:\/\/diarioprincipios.com\/#\/schema\/logo\/image\/","url":"https:\/\/diarioprincipios.com\/wp-content\/uploads\/2024\/04\/cropped-www.diarioprincipios.com_-1.png","contentUrl":"https:\/\/diarioprincipios.com\/wp-content\/uploads\/2024\/04\/cropped-www.diarioprincipios.com_-1.png","width":5325,"height":1454,"caption":"Principios"},"image":{"@id":"https:\/\/diarioprincipios.com\/#\/schema\/logo\/image\/"}},{"@type":"Person","@id":"https:\/\/diarioprincipios.com\/#\/schema\/person\/436d5a1fd41a5e250e23ff5a6a7cb080","name":"Hern\u00e1n L\u00f3pez","image":{"@type":"ImageObject","inLanguage":"es","@id":"https:\/\/diarioprincipios.com\/wp-content\/litespeed\/avatar\/11ddfe5610ff3bd100522525b2571f48.jpg?ver=1777048341","url":"https:\/\/diarioprincipios.com\/wp-content\/litespeed\/avatar\/11ddfe5610ff3bd100522525b2571f48.jpg?ver=1777048341","contentUrl":"https:\/\/diarioprincipios.com\/wp-content\/litespeed\/avatar\/11ddfe5610ff3bd100522525b2571f48.jpg?ver=1777048341","caption":"Hern\u00e1n L\u00f3pez"},"url":"https:\/\/diarioprincipios.com\/index.php\/author\/hernan\/"}]}},"jetpack_featured_media_url":"https:\/\/diarioprincipios.com\/wp-content\/uploads\/2023\/02\/Entrega_mobiliario_3-1.jpg","_links":{"self":[{"href":"https:\/\/diarioprincipios.com\/index.php\/wp-json\/wp\/v2\/posts\/16031","targetHints":{"allow":["GET"]}}],"collection":[{"href":"https:\/\/diarioprincipios.com\/index.php\/wp-json\/wp\/v2\/posts"}],"about":[{"href":"https:\/\/diarioprincipios.com\/index.php\/wp-json\/wp\/v2\/types\/post"}],"author":[{"embeddable":true,"href":"https:\/\/diarioprincipios.com\/index.php\/wp-json\/wp\/v2\/users\/2"}],"replies":[{"embeddable":true,"href":"https:\/\/diarioprincipios.com\/index.php\/wp-json\/wp\/v2\/comments?post=16031"}],"version-history":[{"count":1,"href":"https:\/\/diarioprincipios.com\/index.php\/wp-json\/wp\/v2\/posts\/16031\/revisions"}],"predecessor-version":[{"id":16035,"href":"https:\/\/diarioprincipios.com\/index.php\/wp-json\/wp\/v2\/posts\/16031\/revisions\/16035"}],"wp:featuredmedia":[{"embeddable":true,"href":"https:\/\/diarioprincipios.com\/index.php\/wp-json\/wp\/v2\/media\/16034"}],"wp:attachment":[{"href":"https:\/\/diarioprincipios.com\/index.php\/wp-json\/wp\/v2\/media?parent=16031"}],"wp:term":[{"taxonomy":"category","embeddable":true,"href":"https:\/\/diarioprincipios.com\/index.php\/wp-json\/wp\/v2\/categories?post=16031"},{"taxonomy":"post_tag","embeddable":true,"href":"https:\/\/diarioprincipios.com\/index.php\/wp-json\/wp\/v2\/tags?post=16031"}],"curies":[{"name":"wp","href":"https:\/\/api.w.org\/{rel}","templated":true}]}}