{"id":15987,"date":"2023-02-24T17:52:11","date_gmt":"2023-02-24T20:52:11","guid":{"rendered":"http:\/\/diarioprincipios.com\/?p=15987"},"modified":"2023-02-28T00:05:25","modified_gmt":"2023-02-28T03:05:25","slug":"ya-esta-en-licitacion-la-obra-de-urbanizacion-para-el-barrio-once-de-el-pato","status":"publish","type":"post","link":"https:\/\/diarioprincipios.com\/index.php\/2023\/02\/24\/ya-esta-en-licitacion-la-obra-de-urbanizacion-para-el-barrio-once-de-el-pato\/","title":{"rendered":"Ya est\u00e1 en licitaci\u00f3n la obra de urbanizaci\u00f3n para el Barrio Once de El Pato"},"content":{"rendered":"\n<p><strong>Se abrieron los sobres de licitaci\u00f3n para las obras de urbanizaci\u00f3n del barrio Once en El Pato. Estas consistir\u00e1n en la construcci\u00f3n de una Escuela Primaria, una Secundaria y un Jard\u00edn de Infantes, adem\u00e1s de un Sal\u00f3n de Usos M\u00faltiples (SUM), una plaza y un circuito deportivo, as\u00ed como en el mejoramiento del espacio p\u00fablico en general. El intendente Juan Jos\u00e9 Mussi y el director General de Cultura y Educaci\u00f3n de la provincia de Buenos Aires, Alberto Sileoni, encabezaron el acto de apertura.<\/strong><\/p>\n\n\n\n<p>El encuentro se realiz\u00f3 en la sede del Organismo Provincial de Integraci\u00f3n Social y Urbana (OPISU), junto a la directora Ejecutiva de esa instituci\u00f3n, Romina Barrios; y el jefe de asesores de la gobernaci\u00f3n bonaerense, Carlos Bianco.<\/p>\n\n\n\n<p>Durante el evento, Mussi agradeci\u00f3 \u00aba quienes hicieron posible esto y a los vecinos de El Pato que nos acompa\u00f1an\u00bb. Y expres\u00f3: \u00abEn las sonrisas se nos nota la alegr\u00eda por ver esta posibilidad tan cercana. Ya estamos abriendo sobres para comenzar este Polo Educativo y Recreativo que funcionar\u00e1 en El Pato, el espacio berazateguense con mayor crecimiento. Su gente aqu\u00ed presente y con ganas de progresar, se lo merece\u201d.<\/p>\n\n\n\n<p>Adem\u00e1s, el Intendente agreg\u00f3: \u201cAgradezco a la compa\u00f1era Romina Barrios, quien estuvo con nosotros y fue a visitar el lugar, todo r\u00e1pidamente. Creo que en el pa\u00eds no hay nadie que conozca m\u00e1s de educaci\u00f3n que nuestro ministro Sileoni. Le seguimos agradeciendo al Gobernador (Axel Kicillof)\u201d.<\/p>\n\n\n\n<figure class=\"wp-block-image size-large\"><img loading=\"lazy\" decoding=\"async\" width=\"1024\" height=\"683\" src=\"https:\/\/diarioprincipios.com\/wp-content\/uploads\/2023\/02\/20230222_Apertura_Sobres_Licitacion_Publica_Barrio_Once_El-Pato_NM_057-1024x683.jpg\" alt=\"\" class=\"wp-image-15988\" srcset=\"https:\/\/diarioprincipios.com\/wp-content\/uploads\/2023\/02\/20230222_Apertura_Sobres_Licitacion_Publica_Barrio_Once_El-Pato_NM_057-1024x683.jpg 1024w, https:\/\/diarioprincipios.com\/wp-content\/uploads\/2023\/02\/20230222_Apertura_Sobres_Licitacion_Publica_Barrio_Once_El-Pato_NM_057-300x200.jpg 300w, https:\/\/diarioprincipios.com\/wp-content\/uploads\/2023\/02\/20230222_Apertura_Sobres_Licitacion_Publica_Barrio_Once_El-Pato_NM_057-768x512.jpg 768w, https:\/\/diarioprincipios.com\/wp-content\/uploads\/2023\/02\/20230222_Apertura_Sobres_Licitacion_Publica_Barrio_Once_El-Pato_NM_057-1536x1024.jpg 1536w, https:\/\/diarioprincipios.com\/wp-content\/uploads\/2023\/02\/20230222_Apertura_Sobres_Licitacion_Publica_Barrio_Once_El-Pato_NM_057-600x400.jpg 600w, https:\/\/diarioprincipios.com\/wp-content\/uploads\/2023\/02\/20230222_Apertura_Sobres_Licitacion_Publica_Barrio_Once_El-Pato_NM_057.jpg 1920w\" sizes=\"auto, (max-width: 1024px) 100vw, 1024px\" \/><\/figure>\n\n\n\n<p>Por su parte, Alberto Sileoni agradeci\u00f3 a los vecinos y vecinas del barrio Once. \u00abEs un honor comenzar esto en Berazategui, agradezco a Romina y a todos los compa\u00f1eros del Organismo provincial. Veinticuatro aulas en tres escuelas van a albergar a m\u00e1s de 1000 pibes y pibas berazateguenses. La Secundaria va a tener un aula maternal porque queremos que ellos celebren la vida sin dejar la escuela. Cuando nuestro Gobernador (Axel Kicillof) dice derecho al futuro, est\u00e1 hablando de esto\u201d.<\/p>\n\n\n\n<p>Las obras son posibles gracias al convenio firmado con el OPISU, el financiamiento del Banco Interamericano de Desarrollo (BID) y los proyectos presentados por el Municipio.<\/p>\n\n\n\n<p>Acompa\u00f1aron al Intendente en el encuentro: la titular de la Agencia de Tierras y H\u00e1bitat, Luc\u00eda Vega; y el presidente del Consejo Escolar de Berazategui, Fernando Cardozo.<\/p>\n","protected":false},"excerpt":{"rendered":"<p>Se abrieron los sobres de licitaci\u00f3n para las obras de urbanizaci\u00f3n del barrio Once en El Pato. Estas consistir\u00e1n en la construcci\u00f3n de una Escuela Primaria, una Secundaria y un Jard\u00edn de Infantes, adem\u00e1s de un Sal\u00f3n de Usos M\u00faltiples (SUM), una plaza y un circuito deportivo, as\u00ed como en el mejoramiento del espacio p\u00fablico&#8230;<\/p>\n","protected":false},"author":2,"featured_media":15989,"comment_status":"open","ping_status":"open","sticky":false,"template":"","format":"standard","meta":{"footnotes":""},"categories":[3],"tags":[],"class_list":["post-15987","post","type-post","status-publish","format-standard","has-post-thumbnail","hentry","category-berazategui"],"featured_image_src":"https:\/\/diarioprincipios.com\/wp-content\/uploads\/2023\/02\/20230222_Apertura_Sobres_Licitacion_Publica_Barrio_Once_El-Pato_NM_009-1024x683.jpg","blog_images":{"medium":"https:\/\/diarioprincipios.com\/wp-content\/uploads\/2023\/02\/20230222_Apertura_Sobres_Licitacion_Publica_Barrio_Once_El-Pato_NM_009-300x200.jpg","large":"https:\/\/diarioprincipios.com\/wp-content\/uploads\/2023\/02\/20230222_Apertura_Sobres_Licitacion_Publica_Barrio_Once_El-Pato_NM_009-1024x683.jpg"},"ams_acf":[],"yoast_head":"<!-- This site is optimized with the Yoast SEO plugin v27.3 - https:\/\/yoast.com\/product\/yoast-seo-wordpress\/ -->\n<title>Ya est\u00e1 en licitaci\u00f3n la obra de urbanizaci\u00f3n para el Barrio Once de El Pato - Principios<\/title>\n<meta name=\"robots\" content=\"index, follow, max-snippet:-1, max-image-preview:large, max-video-preview:-1\" \/>\n<link rel=\"canonical\" href=\"https:\/\/diarioprincipios.com\/index.php\/2023\/02\/24\/ya-esta-en-licitacion-la-obra-de-urbanizacion-para-el-barrio-once-de-el-pato\/\" \/>\n<meta property=\"og:locale\" content=\"es_ES\" \/>\n<meta property=\"og:type\" content=\"article\" \/>\n<meta property=\"og:title\" content=\"Ya est\u00e1 en licitaci\u00f3n la obra de urbanizaci\u00f3n para el Barrio Once de El Pato - Principios\" \/>\n<meta property=\"og:description\" content=\"Se abrieron los sobres de licitaci\u00f3n para las obras de urbanizaci\u00f3n del barrio Once en El Pato. Estas consistir\u00e1n en la construcci\u00f3n de una Escuela Primaria, una Secundaria y un Jard\u00edn de Infantes, adem\u00e1s de un Sal\u00f3n de Usos M\u00faltiples (SUM), una plaza y un circuito deportivo, as\u00ed como en el mejoramiento del espacio p\u00fablico...\" \/>\n<meta property=\"og:url\" content=\"https:\/\/diarioprincipios.com\/index.php\/2023\/02\/24\/ya-esta-en-licitacion-la-obra-de-urbanizacion-para-el-barrio-once-de-el-pato\/\" \/>\n<meta property=\"og:site_name\" content=\"Principios\" \/>\n<meta property=\"article:published_time\" content=\"2023-02-24T20:52:11+00:00\" \/>\n<meta property=\"article:modified_time\" content=\"2023-02-28T03:05:25+00:00\" \/>\n<meta property=\"og:image\" content=\"https:\/\/diarioprincipios.com\/wp-content\/uploads\/2023\/02\/20230222_Apertura_Sobres_Licitacion_Publica_Barrio_Once_El-Pato_NM_009.jpg\" \/>\n\t<meta property=\"og:image:width\" content=\"1920\" \/>\n\t<meta property=\"og:image:height\" content=\"1280\" \/>\n\t<meta property=\"og:image:type\" content=\"image\/jpeg\" \/>\n<meta name=\"author\" content=\"Hern\u00e1n L\u00f3pez\" \/>\n<meta name=\"twitter:card\" content=\"summary_large_image\" \/>\n<meta name=\"twitter:label1\" content=\"Escrito por\" \/>\n\t<meta name=\"twitter:data1\" content=\"Hern\u00e1n L\u00f3pez\" \/>\n\t<meta name=\"twitter:label2\" content=\"Tiempo de lectura\" \/>\n\t<meta name=\"twitter:data2\" content=\"2 minutos\" \/>\n<script type=\"application\/ld+json\" class=\"yoast-schema-graph\">{\"@context\":\"https:\\\/\\\/schema.org\",\"@graph\":[{\"@type\":\"Article\",\"@id\":\"https:\\\/\\\/diarioprincipios.com\\\/index.php\\\/2023\\\/02\\\/24\\\/ya-esta-en-licitacion-la-obra-de-urbanizacion-para-el-barrio-once-de-el-pato\\\/#article\",\"isPartOf\":{\"@id\":\"https:\\\/\\\/diarioprincipios.com\\\/index.php\\\/2023\\\/02\\\/24\\\/ya-esta-en-licitacion-la-obra-de-urbanizacion-para-el-barrio-once-de-el-pato\\\/\"},\"author\":{\"name\":\"Hern\u00e1n L\u00f3pez\",\"@id\":\"https:\\\/\\\/diarioprincipios.com\\\/#\\\/schema\\\/person\\\/436d5a1fd41a5e250e23ff5a6a7cb080\"},\"headline\":\"Ya est\u00e1 en licitaci\u00f3n la obra de urbanizaci\u00f3n para el Barrio Once de El Pato\",\"datePublished\":\"2023-02-24T20:52:11+00:00\",\"dateModified\":\"2023-02-28T03:05:25+00:00\",\"mainEntityOfPage\":{\"@id\":\"https:\\\/\\\/diarioprincipios.com\\\/index.php\\\/2023\\\/02\\\/24\\\/ya-esta-en-licitacion-la-obra-de-urbanizacion-para-el-barrio-once-de-el-pato\\\/\"},\"wordCount\":411,\"commentCount\":0,\"publisher\":{\"@id\":\"https:\\\/\\\/diarioprincipios.com\\\/#organization\"},\"image\":{\"@id\":\"https:\\\/\\\/diarioprincipios.com\\\/index.php\\\/2023\\\/02\\\/24\\\/ya-esta-en-licitacion-la-obra-de-urbanizacion-para-el-barrio-once-de-el-pato\\\/#primaryimage\"},\"thumbnailUrl\":\"https:\\\/\\\/diarioprincipios.com\\\/wp-content\\\/uploads\\\/2023\\\/02\\\/20230222_Apertura_Sobres_Licitacion_Publica_Barrio_Once_El-Pato_NM_009.jpg\",\"articleSection\":[\"Berazategui\"],\"inLanguage\":\"es\",\"potentialAction\":[{\"@type\":\"CommentAction\",\"name\":\"Comment\",\"target\":[\"https:\\\/\\\/diarioprincipios.com\\\/index.php\\\/2023\\\/02\\\/24\\\/ya-esta-en-licitacion-la-obra-de-urbanizacion-para-el-barrio-once-de-el-pato\\\/#respond\"]}]},{\"@type\":\"WebPage\",\"@id\":\"https:\\\/\\\/diarioprincipios.com\\\/index.php\\\/2023\\\/02\\\/24\\\/ya-esta-en-licitacion-la-obra-de-urbanizacion-para-el-barrio-once-de-el-pato\\\/\",\"url\":\"https:\\\/\\\/diarioprincipios.com\\\/index.php\\\/2023\\\/02\\\/24\\\/ya-esta-en-licitacion-la-obra-de-urbanizacion-para-el-barrio-once-de-el-pato\\\/\",\"name\":\"Ya est\u00e1 en licitaci\u00f3n la obra de urbanizaci\u00f3n para el Barrio Once de El Pato - Principios\",\"isPartOf\":{\"@id\":\"https:\\\/\\\/diarioprincipios.com\\\/#website\"},\"primaryImageOfPage\":{\"@id\":\"https:\\\/\\\/diarioprincipios.com\\\/index.php\\\/2023\\\/02\\\/24\\\/ya-esta-en-licitacion-la-obra-de-urbanizacion-para-el-barrio-once-de-el-pato\\\/#primaryimage\"},\"image\":{\"@id\":\"https:\\\/\\\/diarioprincipios.com\\\/index.php\\\/2023\\\/02\\\/24\\\/ya-esta-en-licitacion-la-obra-de-urbanizacion-para-el-barrio-once-de-el-pato\\\/#primaryimage\"},\"thumbnailUrl\":\"https:\\\/\\\/diarioprincipios.com\\\/wp-content\\\/uploads\\\/2023\\\/02\\\/20230222_Apertura_Sobres_Licitacion_Publica_Barrio_Once_El-Pato_NM_009.jpg\",\"datePublished\":\"2023-02-24T20:52:11+00:00\",\"dateModified\":\"2023-02-28T03:05:25+00:00\",\"breadcrumb\":{\"@id\":\"https:\\\/\\\/diarioprincipios.com\\\/index.php\\\/2023\\\/02\\\/24\\\/ya-esta-en-licitacion-la-obra-de-urbanizacion-para-el-barrio-once-de-el-pato\\\/#breadcrumb\"},\"inLanguage\":\"es\",\"potentialAction\":[{\"@type\":\"ReadAction\",\"target\":[\"https:\\\/\\\/diarioprincipios.com\\\/index.php\\\/2023\\\/02\\\/24\\\/ya-esta-en-licitacion-la-obra-de-urbanizacion-para-el-barrio-once-de-el-pato\\\/\"]}]},{\"@type\":\"ImageObject\",\"inLanguage\":\"es\",\"@id\":\"https:\\\/\\\/diarioprincipios.com\\\/index.php\\\/2023\\\/02\\\/24\\\/ya-esta-en-licitacion-la-obra-de-urbanizacion-para-el-barrio-once-de-el-pato\\\/#primaryimage\",\"url\":\"https:\\\/\\\/diarioprincipios.com\\\/wp-content\\\/uploads\\\/2023\\\/02\\\/20230222_Apertura_Sobres_Licitacion_Publica_Barrio_Once_El-Pato_NM_009.jpg\",\"contentUrl\":\"https:\\\/\\\/diarioprincipios.com\\\/wp-content\\\/uploads\\\/2023\\\/02\\\/20230222_Apertura_Sobres_Licitacion_Publica_Barrio_Once_El-Pato_NM_009.jpg\",\"width\":1920,\"height\":1280},{\"@type\":\"BreadcrumbList\",\"@id\":\"https:\\\/\\\/diarioprincipios.com\\\/index.php\\\/2023\\\/02\\\/24\\\/ya-esta-en-licitacion-la-obra-de-urbanizacion-para-el-barrio-once-de-el-pato\\\/#breadcrumb\",\"itemListElement\":[{\"@type\":\"ListItem\",\"position\":1,\"name\":\"Portada\",\"item\":\"https:\\\/\\\/diarioprincipios.com\\\/\"},{\"@type\":\"ListItem\",\"position\":2,\"name\":\"Ya est\u00e1 en licitaci\u00f3n la obra de urbanizaci\u00f3n para el Barrio Once de El Pato\"}]},{\"@type\":\"WebSite\",\"@id\":\"https:\\\/\\\/diarioprincipios.com\\\/#website\",\"url\":\"https:\\\/\\\/diarioprincipios.com\\\/\",\"name\":\"Principios\",\"description\":\"Principios Diario\",\"publisher\":{\"@id\":\"https:\\\/\\\/diarioprincipios.com\\\/#organization\"},\"potentialAction\":[{\"@type\":\"SearchAction\",\"target\":{\"@type\":\"EntryPoint\",\"urlTemplate\":\"https:\\\/\\\/diarioprincipios.com\\\/?s={search_term_string}\"},\"query-input\":{\"@type\":\"PropertyValueSpecification\",\"valueRequired\":true,\"valueName\":\"search_term_string\"}}],\"inLanguage\":\"es\"},{\"@type\":\"Organization\",\"@id\":\"https:\\\/\\\/diarioprincipios.com\\\/#organization\",\"name\":\"Principios\",\"url\":\"https:\\\/\\\/diarioprincipios.com\\\/\",\"logo\":{\"@type\":\"ImageObject\",\"inLanguage\":\"es\",\"@id\":\"https:\\\/\\\/diarioprincipios.com\\\/#\\\/schema\\\/logo\\\/image\\\/\",\"url\":\"https:\\\/\\\/diarioprincipios.com\\\/wp-content\\\/uploads\\\/2024\\\/04\\\/cropped-www.diarioprincipios.com_-1.png\",\"contentUrl\":\"https:\\\/\\\/diarioprincipios.com\\\/wp-content\\\/uploads\\\/2024\\\/04\\\/cropped-www.diarioprincipios.com_-1.png\",\"width\":5325,\"height\":1454,\"caption\":\"Principios\"},\"image\":{\"@id\":\"https:\\\/\\\/diarioprincipios.com\\\/#\\\/schema\\\/logo\\\/image\\\/\"}},{\"@type\":\"Person\",\"@id\":\"https:\\\/\\\/diarioprincipios.com\\\/#\\\/schema\\\/person\\\/436d5a1fd41a5e250e23ff5a6a7cb080\",\"name\":\"Hern\u00e1n L\u00f3pez\",\"image\":{\"@type\":\"ImageObject\",\"inLanguage\":\"es\",\"@id\":\"https:\\\/\\\/diarioprincipios.com\\\/wp-content\\\/litespeed\\\/avatar\\\/11ddfe5610ff3bd100522525b2571f48.jpg?ver=1777048341\",\"url\":\"https:\\\/\\\/diarioprincipios.com\\\/wp-content\\\/litespeed\\\/avatar\\\/11ddfe5610ff3bd100522525b2571f48.jpg?ver=1777048341\",\"contentUrl\":\"https:\\\/\\\/diarioprincipios.com\\\/wp-content\\\/litespeed\\\/avatar\\\/11ddfe5610ff3bd100522525b2571f48.jpg?ver=1777048341\",\"caption\":\"Hern\u00e1n L\u00f3pez\"},\"url\":\"https:\\\/\\\/diarioprincipios.com\\\/index.php\\\/author\\\/hernan\\\/\"}]}<\/script>\n<!-- \/ Yoast SEO plugin. -->","yoast_head_json":{"title":"Ya est\u00e1 en licitaci\u00f3n la obra de urbanizaci\u00f3n para el Barrio Once de El Pato - Principios","robots":{"index":"index","follow":"follow","max-snippet":"max-snippet:-1","max-image-preview":"max-image-preview:large","max-video-preview":"max-video-preview:-1"},"canonical":"https:\/\/diarioprincipios.com\/index.php\/2023\/02\/24\/ya-esta-en-licitacion-la-obra-de-urbanizacion-para-el-barrio-once-de-el-pato\/","og_locale":"es_ES","og_type":"article","og_title":"Ya est\u00e1 en licitaci\u00f3n la obra de urbanizaci\u00f3n para el Barrio Once de El Pato - Principios","og_description":"Se abrieron los sobres de licitaci\u00f3n para las obras de urbanizaci\u00f3n del barrio Once en El Pato. Estas consistir\u00e1n en la construcci\u00f3n de una Escuela Primaria, una Secundaria y un Jard\u00edn de Infantes, adem\u00e1s de un Sal\u00f3n de Usos M\u00faltiples (SUM), una plaza y un circuito deportivo, as\u00ed como en el mejoramiento del espacio p\u00fablico...","og_url":"https:\/\/diarioprincipios.com\/index.php\/2023\/02\/24\/ya-esta-en-licitacion-la-obra-de-urbanizacion-para-el-barrio-once-de-el-pato\/","og_site_name":"Principios","article_published_time":"2023-02-24T20:52:11+00:00","article_modified_time":"2023-02-28T03:05:25+00:00","og_image":[{"width":1920,"height":1280,"url":"https:\/\/diarioprincipios.com\/wp-content\/uploads\/2023\/02\/20230222_Apertura_Sobres_Licitacion_Publica_Barrio_Once_El-Pato_NM_009.jpg","type":"image\/jpeg"}],"author":"Hern\u00e1n L\u00f3pez","twitter_card":"summary_large_image","twitter_misc":{"Escrito por":"Hern\u00e1n L\u00f3pez","Tiempo de lectura":"2 minutos"},"schema":{"@context":"https:\/\/schema.org","@graph":[{"@type":"Article","@id":"https:\/\/diarioprincipios.com\/index.php\/2023\/02\/24\/ya-esta-en-licitacion-la-obra-de-urbanizacion-para-el-barrio-once-de-el-pato\/#article","isPartOf":{"@id":"https:\/\/diarioprincipios.com\/index.php\/2023\/02\/24\/ya-esta-en-licitacion-la-obra-de-urbanizacion-para-el-barrio-once-de-el-pato\/"},"author":{"name":"Hern\u00e1n L\u00f3pez","@id":"https:\/\/diarioprincipios.com\/#\/schema\/person\/436d5a1fd41a5e250e23ff5a6a7cb080"},"headline":"Ya est\u00e1 en licitaci\u00f3n la obra de urbanizaci\u00f3n para el Barrio Once de El Pato","datePublished":"2023-02-24T20:52:11+00:00","dateModified":"2023-02-28T03:05:25+00:00","mainEntityOfPage":{"@id":"https:\/\/diarioprincipios.com\/index.php\/2023\/02\/24\/ya-esta-en-licitacion-la-obra-de-urbanizacion-para-el-barrio-once-de-el-pato\/"},"wordCount":411,"commentCount":0,"publisher":{"@id":"https:\/\/diarioprincipios.com\/#organization"},"image":{"@id":"https:\/\/diarioprincipios.com\/index.php\/2023\/02\/24\/ya-esta-en-licitacion-la-obra-de-urbanizacion-para-el-barrio-once-de-el-pato\/#primaryimage"},"thumbnailUrl":"https:\/\/diarioprincipios.com\/wp-content\/uploads\/2023\/02\/20230222_Apertura_Sobres_Licitacion_Publica_Barrio_Once_El-Pato_NM_009.jpg","articleSection":["Berazategui"],"inLanguage":"es","potentialAction":[{"@type":"CommentAction","name":"Comment","target":["https:\/\/diarioprincipios.com\/index.php\/2023\/02\/24\/ya-esta-en-licitacion-la-obra-de-urbanizacion-para-el-barrio-once-de-el-pato\/#respond"]}]},{"@type":"WebPage","@id":"https:\/\/diarioprincipios.com\/index.php\/2023\/02\/24\/ya-esta-en-licitacion-la-obra-de-urbanizacion-para-el-barrio-once-de-el-pato\/","url":"https:\/\/diarioprincipios.com\/index.php\/2023\/02\/24\/ya-esta-en-licitacion-la-obra-de-urbanizacion-para-el-barrio-once-de-el-pato\/","name":"Ya est\u00e1 en licitaci\u00f3n la obra de urbanizaci\u00f3n para el Barrio Once de El Pato - Principios","isPartOf":{"@id":"https:\/\/diarioprincipios.com\/#website"},"primaryImageOfPage":{"@id":"https:\/\/diarioprincipios.com\/index.php\/2023\/02\/24\/ya-esta-en-licitacion-la-obra-de-urbanizacion-para-el-barrio-once-de-el-pato\/#primaryimage"},"image":{"@id":"https:\/\/diarioprincipios.com\/index.php\/2023\/02\/24\/ya-esta-en-licitacion-la-obra-de-urbanizacion-para-el-barrio-once-de-el-pato\/#primaryimage"},"thumbnailUrl":"https:\/\/diarioprincipios.com\/wp-content\/uploads\/2023\/02\/20230222_Apertura_Sobres_Licitacion_Publica_Barrio_Once_El-Pato_NM_009.jpg","datePublished":"2023-02-24T20:52:11+00:00","dateModified":"2023-02-28T03:05:25+00:00","breadcrumb":{"@id":"https:\/\/diarioprincipios.com\/index.php\/2023\/02\/24\/ya-esta-en-licitacion-la-obra-de-urbanizacion-para-el-barrio-once-de-el-pato\/#breadcrumb"},"inLanguage":"es","potentialAction":[{"@type":"ReadAction","target":["https:\/\/diarioprincipios.com\/index.php\/2023\/02\/24\/ya-esta-en-licitacion-la-obra-de-urbanizacion-para-el-barrio-once-de-el-pato\/"]}]},{"@type":"ImageObject","inLanguage":"es","@id":"https:\/\/diarioprincipios.com\/index.php\/2023\/02\/24\/ya-esta-en-licitacion-la-obra-de-urbanizacion-para-el-barrio-once-de-el-pato\/#primaryimage","url":"https:\/\/diarioprincipios.com\/wp-content\/uploads\/2023\/02\/20230222_Apertura_Sobres_Licitacion_Publica_Barrio_Once_El-Pato_NM_009.jpg","contentUrl":"https:\/\/diarioprincipios.com\/wp-content\/uploads\/2023\/02\/20230222_Apertura_Sobres_Licitacion_Publica_Barrio_Once_El-Pato_NM_009.jpg","width":1920,"height":1280},{"@type":"BreadcrumbList","@id":"https:\/\/diarioprincipios.com\/index.php\/2023\/02\/24\/ya-esta-en-licitacion-la-obra-de-urbanizacion-para-el-barrio-once-de-el-pato\/#breadcrumb","itemListElement":[{"@type":"ListItem","position":1,"name":"Portada","item":"https:\/\/diarioprincipios.com\/"},{"@type":"ListItem","position":2,"name":"Ya est\u00e1 en licitaci\u00f3n la obra de urbanizaci\u00f3n para el Barrio Once de El Pato"}]},{"@type":"WebSite","@id":"https:\/\/diarioprincipios.com\/#website","url":"https:\/\/diarioprincipios.com\/","name":"Principios","description":"Principios Diario","publisher":{"@id":"https:\/\/diarioprincipios.com\/#organization"},"potentialAction":[{"@type":"SearchAction","target":{"@type":"EntryPoint","urlTemplate":"https:\/\/diarioprincipios.com\/?s={search_term_string}"},"query-input":{"@type":"PropertyValueSpecification","valueRequired":true,"valueName":"search_term_string"}}],"inLanguage":"es"},{"@type":"Organization","@id":"https:\/\/diarioprincipios.com\/#organization","name":"Principios","url":"https:\/\/diarioprincipios.com\/","logo":{"@type":"ImageObject","inLanguage":"es","@id":"https:\/\/diarioprincipios.com\/#\/schema\/logo\/image\/","url":"https:\/\/diarioprincipios.com\/wp-content\/uploads\/2024\/04\/cropped-www.diarioprincipios.com_-1.png","contentUrl":"https:\/\/diarioprincipios.com\/wp-content\/uploads\/2024\/04\/cropped-www.diarioprincipios.com_-1.png","width":5325,"height":1454,"caption":"Principios"},"image":{"@id":"https:\/\/diarioprincipios.com\/#\/schema\/logo\/image\/"}},{"@type":"Person","@id":"https:\/\/diarioprincipios.com\/#\/schema\/person\/436d5a1fd41a5e250e23ff5a6a7cb080","name":"Hern\u00e1n L\u00f3pez","image":{"@type":"ImageObject","inLanguage":"es","@id":"https:\/\/diarioprincipios.com\/wp-content\/litespeed\/avatar\/11ddfe5610ff3bd100522525b2571f48.jpg?ver=1777048341","url":"https:\/\/diarioprincipios.com\/wp-content\/litespeed\/avatar\/11ddfe5610ff3bd100522525b2571f48.jpg?ver=1777048341","contentUrl":"https:\/\/diarioprincipios.com\/wp-content\/litespeed\/avatar\/11ddfe5610ff3bd100522525b2571f48.jpg?ver=1777048341","caption":"Hern\u00e1n L\u00f3pez"},"url":"https:\/\/diarioprincipios.com\/index.php\/author\/hernan\/"}]}},"jetpack_featured_media_url":"https:\/\/diarioprincipios.com\/wp-content\/uploads\/2023\/02\/20230222_Apertura_Sobres_Licitacion_Publica_Barrio_Once_El-Pato_NM_009.jpg","_links":{"self":[{"href":"https:\/\/diarioprincipios.com\/index.php\/wp-json\/wp\/v2\/posts\/15987","targetHints":{"allow":["GET"]}}],"collection":[{"href":"https:\/\/diarioprincipios.com\/index.php\/wp-json\/wp\/v2\/posts"}],"about":[{"href":"https:\/\/diarioprincipios.com\/index.php\/wp-json\/wp\/v2\/types\/post"}],"author":[{"embeddable":true,"href":"https:\/\/diarioprincipios.com\/index.php\/wp-json\/wp\/v2\/users\/2"}],"replies":[{"embeddable":true,"href":"https:\/\/diarioprincipios.com\/index.php\/wp-json\/wp\/v2\/comments?post=15987"}],"version-history":[{"count":1,"href":"https:\/\/diarioprincipios.com\/index.php\/wp-json\/wp\/v2\/posts\/15987\/revisions"}],"predecessor-version":[{"id":15990,"href":"https:\/\/diarioprincipios.com\/index.php\/wp-json\/wp\/v2\/posts\/15987\/revisions\/15990"}],"wp:featuredmedia":[{"embeddable":true,"href":"https:\/\/diarioprincipios.com\/index.php\/wp-json\/wp\/v2\/media\/15989"}],"wp:attachment":[{"href":"https:\/\/diarioprincipios.com\/index.php\/wp-json\/wp\/v2\/media?parent=15987"}],"wp:term":[{"taxonomy":"category","embeddable":true,"href":"https:\/\/diarioprincipios.com\/index.php\/wp-json\/wp\/v2\/categories?post=15987"},{"taxonomy":"post_tag","embeddable":true,"href":"https:\/\/diarioprincipios.com\/index.php\/wp-json\/wp\/v2\/tags?post=15987"}],"curies":[{"name":"wp","href":"https:\/\/api.w.org\/{rel}","templated":true}]}}