{"id":15964,"date":"2023-02-24T09:28:02","date_gmt":"2023-02-24T12:28:02","guid":{"rendered":"http:\/\/diarioprincipios.com\/?p=15964"},"modified":"2023-02-28T00:04:57","modified_gmt":"2023-02-28T03:04:57","slug":"mussi-reconocio-a-artistas-berazateguenses-seleccionados-en-cosquin-2023","status":"publish","type":"post","link":"https:\/\/diarioprincipios.com\/index.php\/2023\/02\/24\/mussi-reconocio-a-artistas-berazateguenses-seleccionados-en-cosquin-2023\/","title":{"rendered":"Mussi reconoci\u00f3 a artistas berazateguenses seleccionados en Cosqu\u00edn 2023"},"content":{"rendered":"\n<p><strong>Nueve berazateguenses fueron reconocidos por el intendente Juan Jos\u00e9 Mussi en el Patio de Tango y Folclore -realizado en el Centro Municipal de Actividades Roberto De Vicenzo- tras haber sido ganadores y seleccionados en los distintos rubros del Pre-Cosqu\u00edn, el Festival Nacional de Folclore.<\/strong><\/p>\n\n\n\n<p>Los artistas locales ganadores fueron: Ezequiel y Facundo Posse, en el rubro \u201cPareja de Baile Estilizado\u201d; Marlene Ferlaza y Adri\u00e1n Gim\u00e9nez &#8211; con menci\u00f3n especial- como \u201cMejores Core\u00f3grafos\u201d; y Roc\u00edo Angelelli, Lucas Bustos y Esteban Moyano en el rubro \u201cConjunto de baile folkl\u00f3rico\u201d. En tanto, Francisco \u201cPancho\u201d Ciares fue finalista en el rubro &nbsp;\u201cSolista de Malambo\u201d y Rodrigo Acu\u00f1a en \u201cPareja de baile Estilizado\u201d. Asimismo, Luc\u00eda Ceresani -artista berazateguense- cant\u00f3 a d\u00fao con el m\u00fasico reconocido Abel Pintos.<\/p>\n\n\n\n<p>\u201cNos sentimos orgullosos de Berazategui y de la cultura que tenemos porque all\u00ed nacen estos artistas que nos representan\u201d, destac\u00f3 Mussi. Y agreg\u00f3: \u201cLlegar a Cosqu\u00edn es una haza\u00f1a y volver habiendo ganado es a\u00fan mayor. Esto se lo deben a nuestra Secretar\u00eda de Cultura y Educaci\u00f3n y a la aceptaci\u00f3n que la cultura tiene en Berazategui porque podemos proponerla, pero aqu\u00ed la aceptan y la desbordan. Hay ciudadanos de municipios vecinos que vienen a nuestra ciudad para practicarla y ejercerla. Somos la perla del Conurbano Sur. Lo m\u00e1s importante es que ustedes sientan el mismo orgullo que yo de ser de Berazategui, vivir en Berazategui y tener a esta gente en Berazategui\u201d.<\/p>\n\n\n\n<figure class=\"wp-block-image size-large\"><img loading=\"lazy\" decoding=\"async\" width=\"1024\" height=\"682\" src=\"https:\/\/diarioprincipios.com\/wp-content\/uploads\/2023\/02\/MUSSI-RECONOCIO-A-ARTISTAS-BERAZATEGUENSES-SELECCIONADOS-EN-COSQUIN-2023-1024x682.jpg\" alt=\"\" class=\"wp-image-15965\" srcset=\"https:\/\/diarioprincipios.com\/wp-content\/uploads\/2023\/02\/MUSSI-RECONOCIO-A-ARTISTAS-BERAZATEGUENSES-SELECCIONADOS-EN-COSQUIN-2023-1024x682.jpg 1024w, https:\/\/diarioprincipios.com\/wp-content\/uploads\/2023\/02\/MUSSI-RECONOCIO-A-ARTISTAS-BERAZATEGUENSES-SELECCIONADOS-EN-COSQUIN-2023-300x200.jpg 300w, https:\/\/diarioprincipios.com\/wp-content\/uploads\/2023\/02\/MUSSI-RECONOCIO-A-ARTISTAS-BERAZATEGUENSES-SELECCIONADOS-EN-COSQUIN-2023-768x512.jpg 768w, https:\/\/diarioprincipios.com\/wp-content\/uploads\/2023\/02\/MUSSI-RECONOCIO-A-ARTISTAS-BERAZATEGUENSES-SELECCIONADOS-EN-COSQUIN-2023-1536x1023.jpg 1536w, https:\/\/diarioprincipios.com\/wp-content\/uploads\/2023\/02\/MUSSI-RECONOCIO-A-ARTISTAS-BERAZATEGUENSES-SELECCIONADOS-EN-COSQUIN-2023-820x545.jpg 820w, https:\/\/diarioprincipios.com\/wp-content\/uploads\/2023\/02\/MUSSI-RECONOCIO-A-ARTISTAS-BERAZATEGUENSES-SELECCIONADOS-EN-COSQUIN-2023-600x400.jpg 600w, https:\/\/diarioprincipios.com\/wp-content\/uploads\/2023\/02\/MUSSI-RECONOCIO-A-ARTISTAS-BERAZATEGUENSES-SELECCIONADOS-EN-COSQUIN-2023.jpg 1600w\" sizes=\"auto, (max-width: 1024px) 100vw, 1024px\" \/><\/figure>\n\n\n\n<p>En tanto, Federico L\u00f3pez, secretario de Cultura y Educaci\u00f3n municipal, coment\u00f3: \u201cJunto al intendente Mussi y al \u00e1rea de Danzas, en este espacio reconocemos a artistas que nos representan como comunidad. Nos sentimos orgullosos de verlos en Cosqu\u00edn, en ese escenario mayor, desde hace muchos a\u00f1os, cercanos a nosotros, a la gesti\u00f3n y a las pol\u00edticas culturales, porque muchos tambi\u00e9n han pasado por nuestros espacios. Nos sentimos orgullosos de eso, de haber generado sitios &nbsp;de crecimiento. Les agradecemos y los reconocemos con nuestro afecto y cari\u00f1o\u201d.<\/p>\n\n\n\n<p>Facundo Posse, berazateguense y ganador junto a su hermano Ezequiel del rubro \u201cPareja de Baile Estilizado\u201d, declar\u00f3: \u201cEste a\u00f1o pudimos ganar en el Festival y hoy estamos en nuestra ciudad trayendo lo nuestro, un poco de lo que presentamos en Cosqu\u00edn, contentos de que el intendente Mussi haya reconocido nuestro trabajo, de presentarlo en este lugar y de compartir\u201d. Asimismo, Ezequiel afirm\u00f3: \u201cFue una hermosa noche en la que pudimos compartir con amigos, compa\u00f1eros y colegas, en un espacio hermoso al que habitualmente venimos. Tuvimos un hermoso recibimiento as\u00ed que estamos muy contentos y recargados de energ\u00eda\u201d.<\/p>\n","protected":false},"excerpt":{"rendered":"<p>Nueve berazateguenses fueron reconocidos por el intendente Juan Jos\u00e9 Mussi en el Patio de Tango y Folclore -realizado en el Centro Municipal de Actividades Roberto De Vicenzo- tras haber sido ganadores y seleccionados en los distintos rubros del Pre-Cosqu\u00edn, el Festival Nacional de Folclore. Los artistas locales ganadores fueron: Ezequiel y Facundo Posse, en el&#8230;<\/p>\n","protected":false},"author":2,"featured_media":15966,"comment_status":"open","ping_status":"open","sticky":false,"template":"","format":"standard","meta":{"footnotes":""},"categories":[3],"tags":[],"class_list":["post-15964","post","type-post","status-publish","format-standard","has-post-thumbnail","hentry","category-berazategui"],"featured_image_src":"https:\/\/diarioprincipios.com\/wp-content\/uploads\/2023\/02\/MUSSI-RECONOCIO-A-ARTISTAS-BERAZATEGUENSES-SELECCIONADOS-EN-COSQUIN-20232-1024x682.jpg","blog_images":{"medium":"https:\/\/diarioprincipios.com\/wp-content\/uploads\/2023\/02\/MUSSI-RECONOCIO-A-ARTISTAS-BERAZATEGUENSES-SELECCIONADOS-EN-COSQUIN-20232-300x200.jpg","large":"https:\/\/diarioprincipios.com\/wp-content\/uploads\/2023\/02\/MUSSI-RECONOCIO-A-ARTISTAS-BERAZATEGUENSES-SELECCIONADOS-EN-COSQUIN-20232-1024x682.jpg"},"ams_acf":[],"yoast_head":"<!-- This site is optimized with the Yoast SEO plugin v27.3 - https:\/\/yoast.com\/product\/yoast-seo-wordpress\/ -->\n<title>Mussi reconoci\u00f3 a artistas berazateguenses seleccionados en Cosqu\u00edn 2023 - Principios<\/title>\n<meta name=\"robots\" content=\"index, follow, max-snippet:-1, max-image-preview:large, max-video-preview:-1\" \/>\n<link rel=\"canonical\" href=\"https:\/\/diarioprincipios.com\/index.php\/2023\/02\/24\/mussi-reconocio-a-artistas-berazateguenses-seleccionados-en-cosquin-2023\/\" \/>\n<meta property=\"og:locale\" content=\"es_ES\" \/>\n<meta property=\"og:type\" content=\"article\" \/>\n<meta property=\"og:title\" content=\"Mussi reconoci\u00f3 a artistas berazateguenses seleccionados en Cosqu\u00edn 2023 - Principios\" \/>\n<meta property=\"og:description\" content=\"Nueve berazateguenses fueron reconocidos por el intendente Juan Jos\u00e9 Mussi en el Patio de Tango y Folclore -realizado en el Centro Municipal de Actividades Roberto De Vicenzo- tras haber sido ganadores y seleccionados en los distintos rubros del Pre-Cosqu\u00edn, el Festival Nacional de Folclore. Los artistas locales ganadores fueron: Ezequiel y Facundo Posse, en el...\" \/>\n<meta property=\"og:url\" content=\"https:\/\/diarioprincipios.com\/index.php\/2023\/02\/24\/mussi-reconocio-a-artistas-berazateguenses-seleccionados-en-cosquin-2023\/\" \/>\n<meta property=\"og:site_name\" content=\"Principios\" \/>\n<meta property=\"article:published_time\" content=\"2023-02-24T12:28:02+00:00\" \/>\n<meta property=\"article:modified_time\" content=\"2023-02-28T03:04:57+00:00\" \/>\n<meta property=\"og:image\" content=\"https:\/\/diarioprincipios.com\/wp-content\/uploads\/2023\/02\/MUSSI-RECONOCIO-A-ARTISTAS-BERAZATEGUENSES-SELECCIONADOS-EN-COSQUIN-20232.jpg\" \/>\n\t<meta property=\"og:image:width\" content=\"1600\" \/>\n\t<meta property=\"og:image:height\" content=\"1066\" \/>\n\t<meta property=\"og:image:type\" content=\"image\/jpeg\" \/>\n<meta name=\"author\" content=\"Hern\u00e1n L\u00f3pez\" \/>\n<meta name=\"twitter:card\" content=\"summary_large_image\" \/>\n<meta name=\"twitter:label1\" content=\"Escrito por\" \/>\n\t<meta name=\"twitter:data1\" content=\"Hern\u00e1n L\u00f3pez\" \/>\n\t<meta name=\"twitter:label2\" content=\"Tiempo de lectura\" \/>\n\t<meta name=\"twitter:data2\" content=\"3 minutos\" \/>\n<script type=\"application\/ld+json\" class=\"yoast-schema-graph\">{\"@context\":\"https:\\\/\\\/schema.org\",\"@graph\":[{\"@type\":\"Article\",\"@id\":\"https:\\\/\\\/diarioprincipios.com\\\/index.php\\\/2023\\\/02\\\/24\\\/mussi-reconocio-a-artistas-berazateguenses-seleccionados-en-cosquin-2023\\\/#article\",\"isPartOf\":{\"@id\":\"https:\\\/\\\/diarioprincipios.com\\\/index.php\\\/2023\\\/02\\\/24\\\/mussi-reconocio-a-artistas-berazateguenses-seleccionados-en-cosquin-2023\\\/\"},\"author\":{\"name\":\"Hern\u00e1n L\u00f3pez\",\"@id\":\"https:\\\/\\\/diarioprincipios.com\\\/#\\\/schema\\\/person\\\/436d5a1fd41a5e250e23ff5a6a7cb080\"},\"headline\":\"Mussi reconoci\u00f3 a artistas berazateguenses seleccionados en Cosqu\u00edn 2023\",\"datePublished\":\"2023-02-24T12:28:02+00:00\",\"dateModified\":\"2023-02-28T03:04:57+00:00\",\"mainEntityOfPage\":{\"@id\":\"https:\\\/\\\/diarioprincipios.com\\\/index.php\\\/2023\\\/02\\\/24\\\/mussi-reconocio-a-artistas-berazateguenses-seleccionados-en-cosquin-2023\\\/\"},\"wordCount\":459,\"commentCount\":0,\"publisher\":{\"@id\":\"https:\\\/\\\/diarioprincipios.com\\\/#organization\"},\"image\":{\"@id\":\"https:\\\/\\\/diarioprincipios.com\\\/index.php\\\/2023\\\/02\\\/24\\\/mussi-reconocio-a-artistas-berazateguenses-seleccionados-en-cosquin-2023\\\/#primaryimage\"},\"thumbnailUrl\":\"https:\\\/\\\/diarioprincipios.com\\\/wp-content\\\/uploads\\\/2023\\\/02\\\/MUSSI-RECONOCIO-A-ARTISTAS-BERAZATEGUENSES-SELECCIONADOS-EN-COSQUIN-20232.jpg\",\"articleSection\":[\"Berazategui\"],\"inLanguage\":\"es\",\"potentialAction\":[{\"@type\":\"CommentAction\",\"name\":\"Comment\",\"target\":[\"https:\\\/\\\/diarioprincipios.com\\\/index.php\\\/2023\\\/02\\\/24\\\/mussi-reconocio-a-artistas-berazateguenses-seleccionados-en-cosquin-2023\\\/#respond\"]}]},{\"@type\":\"WebPage\",\"@id\":\"https:\\\/\\\/diarioprincipios.com\\\/index.php\\\/2023\\\/02\\\/24\\\/mussi-reconocio-a-artistas-berazateguenses-seleccionados-en-cosquin-2023\\\/\",\"url\":\"https:\\\/\\\/diarioprincipios.com\\\/index.php\\\/2023\\\/02\\\/24\\\/mussi-reconocio-a-artistas-berazateguenses-seleccionados-en-cosquin-2023\\\/\",\"name\":\"Mussi reconoci\u00f3 a artistas berazateguenses seleccionados en Cosqu\u00edn 2023 - Principios\",\"isPartOf\":{\"@id\":\"https:\\\/\\\/diarioprincipios.com\\\/#website\"},\"primaryImageOfPage\":{\"@id\":\"https:\\\/\\\/diarioprincipios.com\\\/index.php\\\/2023\\\/02\\\/24\\\/mussi-reconocio-a-artistas-berazateguenses-seleccionados-en-cosquin-2023\\\/#primaryimage\"},\"image\":{\"@id\":\"https:\\\/\\\/diarioprincipios.com\\\/index.php\\\/2023\\\/02\\\/24\\\/mussi-reconocio-a-artistas-berazateguenses-seleccionados-en-cosquin-2023\\\/#primaryimage\"},\"thumbnailUrl\":\"https:\\\/\\\/diarioprincipios.com\\\/wp-content\\\/uploads\\\/2023\\\/02\\\/MUSSI-RECONOCIO-A-ARTISTAS-BERAZATEGUENSES-SELECCIONADOS-EN-COSQUIN-20232.jpg\",\"datePublished\":\"2023-02-24T12:28:02+00:00\",\"dateModified\":\"2023-02-28T03:04:57+00:00\",\"breadcrumb\":{\"@id\":\"https:\\\/\\\/diarioprincipios.com\\\/index.php\\\/2023\\\/02\\\/24\\\/mussi-reconocio-a-artistas-berazateguenses-seleccionados-en-cosquin-2023\\\/#breadcrumb\"},\"inLanguage\":\"es\",\"potentialAction\":[{\"@type\":\"ReadAction\",\"target\":[\"https:\\\/\\\/diarioprincipios.com\\\/index.php\\\/2023\\\/02\\\/24\\\/mussi-reconocio-a-artistas-berazateguenses-seleccionados-en-cosquin-2023\\\/\"]}]},{\"@type\":\"ImageObject\",\"inLanguage\":\"es\",\"@id\":\"https:\\\/\\\/diarioprincipios.com\\\/index.php\\\/2023\\\/02\\\/24\\\/mussi-reconocio-a-artistas-berazateguenses-seleccionados-en-cosquin-2023\\\/#primaryimage\",\"url\":\"https:\\\/\\\/diarioprincipios.com\\\/wp-content\\\/uploads\\\/2023\\\/02\\\/MUSSI-RECONOCIO-A-ARTISTAS-BERAZATEGUENSES-SELECCIONADOS-EN-COSQUIN-20232.jpg\",\"contentUrl\":\"https:\\\/\\\/diarioprincipios.com\\\/wp-content\\\/uploads\\\/2023\\\/02\\\/MUSSI-RECONOCIO-A-ARTISTAS-BERAZATEGUENSES-SELECCIONADOS-EN-COSQUIN-20232.jpg\",\"width\":1600,\"height\":1066},{\"@type\":\"BreadcrumbList\",\"@id\":\"https:\\\/\\\/diarioprincipios.com\\\/index.php\\\/2023\\\/02\\\/24\\\/mussi-reconocio-a-artistas-berazateguenses-seleccionados-en-cosquin-2023\\\/#breadcrumb\",\"itemListElement\":[{\"@type\":\"ListItem\",\"position\":1,\"name\":\"Portada\",\"item\":\"https:\\\/\\\/diarioprincipios.com\\\/\"},{\"@type\":\"ListItem\",\"position\":2,\"name\":\"Mussi reconoci\u00f3 a artistas berazateguenses seleccionados en Cosqu\u00edn 2023\"}]},{\"@type\":\"WebSite\",\"@id\":\"https:\\\/\\\/diarioprincipios.com\\\/#website\",\"url\":\"https:\\\/\\\/diarioprincipios.com\\\/\",\"name\":\"Principios\",\"description\":\"Principios Diario\",\"publisher\":{\"@id\":\"https:\\\/\\\/diarioprincipios.com\\\/#organization\"},\"potentialAction\":[{\"@type\":\"SearchAction\",\"target\":{\"@type\":\"EntryPoint\",\"urlTemplate\":\"https:\\\/\\\/diarioprincipios.com\\\/?s={search_term_string}\"},\"query-input\":{\"@type\":\"PropertyValueSpecification\",\"valueRequired\":true,\"valueName\":\"search_term_string\"}}],\"inLanguage\":\"es\"},{\"@type\":\"Organization\",\"@id\":\"https:\\\/\\\/diarioprincipios.com\\\/#organization\",\"name\":\"Principios\",\"url\":\"https:\\\/\\\/diarioprincipios.com\\\/\",\"logo\":{\"@type\":\"ImageObject\",\"inLanguage\":\"es\",\"@id\":\"https:\\\/\\\/diarioprincipios.com\\\/#\\\/schema\\\/logo\\\/image\\\/\",\"url\":\"https:\\\/\\\/diarioprincipios.com\\\/wp-content\\\/uploads\\\/2024\\\/04\\\/cropped-www.diarioprincipios.com_-1.png\",\"contentUrl\":\"https:\\\/\\\/diarioprincipios.com\\\/wp-content\\\/uploads\\\/2024\\\/04\\\/cropped-www.diarioprincipios.com_-1.png\",\"width\":5325,\"height\":1454,\"caption\":\"Principios\"},\"image\":{\"@id\":\"https:\\\/\\\/diarioprincipios.com\\\/#\\\/schema\\\/logo\\\/image\\\/\"}},{\"@type\":\"Person\",\"@id\":\"https:\\\/\\\/diarioprincipios.com\\\/#\\\/schema\\\/person\\\/436d5a1fd41a5e250e23ff5a6a7cb080\",\"name\":\"Hern\u00e1n L\u00f3pez\",\"image\":{\"@type\":\"ImageObject\",\"inLanguage\":\"es\",\"@id\":\"https:\\\/\\\/diarioprincipios.com\\\/wp-content\\\/litespeed\\\/avatar\\\/11ddfe5610ff3bd100522525b2571f48.jpg?ver=1777653193\",\"url\":\"https:\\\/\\\/diarioprincipios.com\\\/wp-content\\\/litespeed\\\/avatar\\\/11ddfe5610ff3bd100522525b2571f48.jpg?ver=1777653193\",\"contentUrl\":\"https:\\\/\\\/diarioprincipios.com\\\/wp-content\\\/litespeed\\\/avatar\\\/11ddfe5610ff3bd100522525b2571f48.jpg?ver=1777653193\",\"caption\":\"Hern\u00e1n L\u00f3pez\"},\"url\":\"https:\\\/\\\/diarioprincipios.com\\\/index.php\\\/author\\\/hernan\\\/\"}]}<\/script>\n<!-- \/ Yoast SEO plugin. -->","yoast_head_json":{"title":"Mussi reconoci\u00f3 a artistas berazateguenses seleccionados en Cosqu\u00edn 2023 - Principios","robots":{"index":"index","follow":"follow","max-snippet":"max-snippet:-1","max-image-preview":"max-image-preview:large","max-video-preview":"max-video-preview:-1"},"canonical":"https:\/\/diarioprincipios.com\/index.php\/2023\/02\/24\/mussi-reconocio-a-artistas-berazateguenses-seleccionados-en-cosquin-2023\/","og_locale":"es_ES","og_type":"article","og_title":"Mussi reconoci\u00f3 a artistas berazateguenses seleccionados en Cosqu\u00edn 2023 - Principios","og_description":"Nueve berazateguenses fueron reconocidos por el intendente Juan Jos\u00e9 Mussi en el Patio de Tango y Folclore -realizado en el Centro Municipal de Actividades Roberto De Vicenzo- tras haber sido ganadores y seleccionados en los distintos rubros del Pre-Cosqu\u00edn, el Festival Nacional de Folclore. Los artistas locales ganadores fueron: Ezequiel y Facundo Posse, en el...","og_url":"https:\/\/diarioprincipios.com\/index.php\/2023\/02\/24\/mussi-reconocio-a-artistas-berazateguenses-seleccionados-en-cosquin-2023\/","og_site_name":"Principios","article_published_time":"2023-02-24T12:28:02+00:00","article_modified_time":"2023-02-28T03:04:57+00:00","og_image":[{"width":1600,"height":1066,"url":"https:\/\/diarioprincipios.com\/wp-content\/uploads\/2023\/02\/MUSSI-RECONOCIO-A-ARTISTAS-BERAZATEGUENSES-SELECCIONADOS-EN-COSQUIN-20232.jpg","type":"image\/jpeg"}],"author":"Hern\u00e1n L\u00f3pez","twitter_card":"summary_large_image","twitter_misc":{"Escrito por":"Hern\u00e1n L\u00f3pez","Tiempo de lectura":"3 minutos"},"schema":{"@context":"https:\/\/schema.org","@graph":[{"@type":"Article","@id":"https:\/\/diarioprincipios.com\/index.php\/2023\/02\/24\/mussi-reconocio-a-artistas-berazateguenses-seleccionados-en-cosquin-2023\/#article","isPartOf":{"@id":"https:\/\/diarioprincipios.com\/index.php\/2023\/02\/24\/mussi-reconocio-a-artistas-berazateguenses-seleccionados-en-cosquin-2023\/"},"author":{"name":"Hern\u00e1n L\u00f3pez","@id":"https:\/\/diarioprincipios.com\/#\/schema\/person\/436d5a1fd41a5e250e23ff5a6a7cb080"},"headline":"Mussi reconoci\u00f3 a artistas berazateguenses seleccionados en Cosqu\u00edn 2023","datePublished":"2023-02-24T12:28:02+00:00","dateModified":"2023-02-28T03:04:57+00:00","mainEntityOfPage":{"@id":"https:\/\/diarioprincipios.com\/index.php\/2023\/02\/24\/mussi-reconocio-a-artistas-berazateguenses-seleccionados-en-cosquin-2023\/"},"wordCount":459,"commentCount":0,"publisher":{"@id":"https:\/\/diarioprincipios.com\/#organization"},"image":{"@id":"https:\/\/diarioprincipios.com\/index.php\/2023\/02\/24\/mussi-reconocio-a-artistas-berazateguenses-seleccionados-en-cosquin-2023\/#primaryimage"},"thumbnailUrl":"https:\/\/diarioprincipios.com\/wp-content\/uploads\/2023\/02\/MUSSI-RECONOCIO-A-ARTISTAS-BERAZATEGUENSES-SELECCIONADOS-EN-COSQUIN-20232.jpg","articleSection":["Berazategui"],"inLanguage":"es","potentialAction":[{"@type":"CommentAction","name":"Comment","target":["https:\/\/diarioprincipios.com\/index.php\/2023\/02\/24\/mussi-reconocio-a-artistas-berazateguenses-seleccionados-en-cosquin-2023\/#respond"]}]},{"@type":"WebPage","@id":"https:\/\/diarioprincipios.com\/index.php\/2023\/02\/24\/mussi-reconocio-a-artistas-berazateguenses-seleccionados-en-cosquin-2023\/","url":"https:\/\/diarioprincipios.com\/index.php\/2023\/02\/24\/mussi-reconocio-a-artistas-berazateguenses-seleccionados-en-cosquin-2023\/","name":"Mussi reconoci\u00f3 a artistas berazateguenses seleccionados en Cosqu\u00edn 2023 - Principios","isPartOf":{"@id":"https:\/\/diarioprincipios.com\/#website"},"primaryImageOfPage":{"@id":"https:\/\/diarioprincipios.com\/index.php\/2023\/02\/24\/mussi-reconocio-a-artistas-berazateguenses-seleccionados-en-cosquin-2023\/#primaryimage"},"image":{"@id":"https:\/\/diarioprincipios.com\/index.php\/2023\/02\/24\/mussi-reconocio-a-artistas-berazateguenses-seleccionados-en-cosquin-2023\/#primaryimage"},"thumbnailUrl":"https:\/\/diarioprincipios.com\/wp-content\/uploads\/2023\/02\/MUSSI-RECONOCIO-A-ARTISTAS-BERAZATEGUENSES-SELECCIONADOS-EN-COSQUIN-20232.jpg","datePublished":"2023-02-24T12:28:02+00:00","dateModified":"2023-02-28T03:04:57+00:00","breadcrumb":{"@id":"https:\/\/diarioprincipios.com\/index.php\/2023\/02\/24\/mussi-reconocio-a-artistas-berazateguenses-seleccionados-en-cosquin-2023\/#breadcrumb"},"inLanguage":"es","potentialAction":[{"@type":"ReadAction","target":["https:\/\/diarioprincipios.com\/index.php\/2023\/02\/24\/mussi-reconocio-a-artistas-berazateguenses-seleccionados-en-cosquin-2023\/"]}]},{"@type":"ImageObject","inLanguage":"es","@id":"https:\/\/diarioprincipios.com\/index.php\/2023\/02\/24\/mussi-reconocio-a-artistas-berazateguenses-seleccionados-en-cosquin-2023\/#primaryimage","url":"https:\/\/diarioprincipios.com\/wp-content\/uploads\/2023\/02\/MUSSI-RECONOCIO-A-ARTISTAS-BERAZATEGUENSES-SELECCIONADOS-EN-COSQUIN-20232.jpg","contentUrl":"https:\/\/diarioprincipios.com\/wp-content\/uploads\/2023\/02\/MUSSI-RECONOCIO-A-ARTISTAS-BERAZATEGUENSES-SELECCIONADOS-EN-COSQUIN-20232.jpg","width":1600,"height":1066},{"@type":"BreadcrumbList","@id":"https:\/\/diarioprincipios.com\/index.php\/2023\/02\/24\/mussi-reconocio-a-artistas-berazateguenses-seleccionados-en-cosquin-2023\/#breadcrumb","itemListElement":[{"@type":"ListItem","position":1,"name":"Portada","item":"https:\/\/diarioprincipios.com\/"},{"@type":"ListItem","position":2,"name":"Mussi reconoci\u00f3 a artistas berazateguenses seleccionados en Cosqu\u00edn 2023"}]},{"@type":"WebSite","@id":"https:\/\/diarioprincipios.com\/#website","url":"https:\/\/diarioprincipios.com\/","name":"Principios","description":"Principios Diario","publisher":{"@id":"https:\/\/diarioprincipios.com\/#organization"},"potentialAction":[{"@type":"SearchAction","target":{"@type":"EntryPoint","urlTemplate":"https:\/\/diarioprincipios.com\/?s={search_term_string}"},"query-input":{"@type":"PropertyValueSpecification","valueRequired":true,"valueName":"search_term_string"}}],"inLanguage":"es"},{"@type":"Organization","@id":"https:\/\/diarioprincipios.com\/#organization","name":"Principios","url":"https:\/\/diarioprincipios.com\/","logo":{"@type":"ImageObject","inLanguage":"es","@id":"https:\/\/diarioprincipios.com\/#\/schema\/logo\/image\/","url":"https:\/\/diarioprincipios.com\/wp-content\/uploads\/2024\/04\/cropped-www.diarioprincipios.com_-1.png","contentUrl":"https:\/\/diarioprincipios.com\/wp-content\/uploads\/2024\/04\/cropped-www.diarioprincipios.com_-1.png","width":5325,"height":1454,"caption":"Principios"},"image":{"@id":"https:\/\/diarioprincipios.com\/#\/schema\/logo\/image\/"}},{"@type":"Person","@id":"https:\/\/diarioprincipios.com\/#\/schema\/person\/436d5a1fd41a5e250e23ff5a6a7cb080","name":"Hern\u00e1n L\u00f3pez","image":{"@type":"ImageObject","inLanguage":"es","@id":"https:\/\/diarioprincipios.com\/wp-content\/litespeed\/avatar\/11ddfe5610ff3bd100522525b2571f48.jpg?ver=1777653193","url":"https:\/\/diarioprincipios.com\/wp-content\/litespeed\/avatar\/11ddfe5610ff3bd100522525b2571f48.jpg?ver=1777653193","contentUrl":"https:\/\/diarioprincipios.com\/wp-content\/litespeed\/avatar\/11ddfe5610ff3bd100522525b2571f48.jpg?ver=1777653193","caption":"Hern\u00e1n L\u00f3pez"},"url":"https:\/\/diarioprincipios.com\/index.php\/author\/hernan\/"}]}},"jetpack_featured_media_url":"https:\/\/diarioprincipios.com\/wp-content\/uploads\/2023\/02\/MUSSI-RECONOCIO-A-ARTISTAS-BERAZATEGUENSES-SELECCIONADOS-EN-COSQUIN-20232.jpg","_links":{"self":[{"href":"https:\/\/diarioprincipios.com\/index.php\/wp-json\/wp\/v2\/posts\/15964","targetHints":{"allow":["GET"]}}],"collection":[{"href":"https:\/\/diarioprincipios.com\/index.php\/wp-json\/wp\/v2\/posts"}],"about":[{"href":"https:\/\/diarioprincipios.com\/index.php\/wp-json\/wp\/v2\/types\/post"}],"author":[{"embeddable":true,"href":"https:\/\/diarioprincipios.com\/index.php\/wp-json\/wp\/v2\/users\/2"}],"replies":[{"embeddable":true,"href":"https:\/\/diarioprincipios.com\/index.php\/wp-json\/wp\/v2\/comments?post=15964"}],"version-history":[{"count":1,"href":"https:\/\/diarioprincipios.com\/index.php\/wp-json\/wp\/v2\/posts\/15964\/revisions"}],"predecessor-version":[{"id":15967,"href":"https:\/\/diarioprincipios.com\/index.php\/wp-json\/wp\/v2\/posts\/15964\/revisions\/15967"}],"wp:featuredmedia":[{"embeddable":true,"href":"https:\/\/diarioprincipios.com\/index.php\/wp-json\/wp\/v2\/media\/15966"}],"wp:attachment":[{"href":"https:\/\/diarioprincipios.com\/index.php\/wp-json\/wp\/v2\/media?parent=15964"}],"wp:term":[{"taxonomy":"category","embeddable":true,"href":"https:\/\/diarioprincipios.com\/index.php\/wp-json\/wp\/v2\/categories?post=15964"},{"taxonomy":"post_tag","embeddable":true,"href":"https:\/\/diarioprincipios.com\/index.php\/wp-json\/wp\/v2\/tags?post=15964"}],"curies":[{"name":"wp","href":"https:\/\/api.w.org\/{rel}","templated":true}]}}