{"id":15416,"date":"2022-12-13T14:14:54","date_gmt":"2022-12-13T17:14:54","guid":{"rendered":"http:\/\/diarioprincipios.com\/?p=15416"},"modified":"2023-01-02T01:02:21","modified_gmt":"2023-01-02T04:02:21","slug":"juan-jose-mussi-me-gustaria-que-axel-kicillof-continue-siendo-gobernador-por-muchos-anos-mas","status":"publish","type":"post","link":"https:\/\/diarioprincipios.com\/index.php\/2022\/12\/13\/juan-jose-mussi-me-gustaria-que-axel-kicillof-continue-siendo-gobernador-por-muchos-anos-mas\/","title":{"rendered":"Juan Jos\u00e9 Mussi: \u00abMe gustar\u00eda que Axel Kicillof contin\u00fae siendo Gobernador por muchos a\u00f1os m\u00e1s\u00bb"},"content":{"rendered":"\n<p><strong>El intendente de Berazategui y referente del PJ en el Conurbano, Juan Jos\u00e9 Mussi, reiter\u00f3 su apoyo al gobernador de la provincia de Buenos Aires, Axel Kicillof, y asegur\u00f3 que le gustar\u00eda que gobierne por muchos a\u00f1os m\u00e1s el territorio bonaerense.<\/strong><\/p>\n\n\n\n<p>El hist\u00f3rico intendente de Berazategui afirm\u00f3: \u201cApoyo a Axel porque es un excelente gobernador con un enorme compromiso con el pueblo bonaerense\u201d.\u00a0 As\u00ed, desminti\u00f3 categ\u00f3ricamente la versi\u00f3n que circul\u00f3 en un medio de comunicaci\u00f3n que aseguraba que no estar\u00eda de acuerdo con una posible reelecci\u00f3n en la provincia de Buenos Aires.<\/p>\n\n\n\n<figure class=\"wp-block-image size-full\"><img loading=\"lazy\" decoding=\"async\" width=\"543\" height=\"588\" src=\"https:\/\/diarioprincipios.com\/wp-content\/uploads\/2022\/12\/Tweet-Juan-Jose-Mussi-1.jpeg\" alt=\"\" class=\"wp-image-15417\" srcset=\"https:\/\/diarioprincipios.com\/wp-content\/uploads\/2022\/12\/Tweet-Juan-Jose-Mussi-1.jpeg 543w, https:\/\/diarioprincipios.com\/wp-content\/uploads\/2022\/12\/Tweet-Juan-Jose-Mussi-1-277x300.jpeg 277w\" sizes=\"auto, (max-width: 543px) 100vw, 543px\" \/><\/figure>\n\n\n\n<p>Al ser consultado por la prensa, Mussi asever\u00f3: \u201cRepudio categ\u00f3ricamente las versiones period\u00edsticas que pretenden generar problemas donde no los hay. Quiero dejar en claro que apoyo a Kicillof porque es un excelente gobernador con un enorme compromiso con el Pueblo, y me gustar\u00eda que siga muchos a\u00f1os m\u00e1s\u201d.<\/p>\n\n\n\n<p>No es la primera vez que Mussi se pronuncia a favor del gobernador y su continuidad. Hace un mes, aproximadamente, manifest\u00f3 en su cuenta de Twitter: \u201cComo nunca, puso en marcha obra p\u00fablica que beneficia a millones de vecinos y los hospitales se han vuelto a poner de pie. En Berazategui hemos tenido una inversi\u00f3n r\u00e9cord en educaci\u00f3n y las instituciones intermedias volvieron a recibir apoyo de un Estado Presente. Por el bien de nuestra Provincia, espero que Kicillof siga siendo nuestro gobernador por muchos a\u00f1os m\u00e1s\u201d.<\/p>\n","protected":false},"excerpt":{"rendered":"<p>El intendente de Berazategui y referente del PJ en el Conurbano, Juan Jos\u00e9 Mussi, reiter\u00f3 su apoyo al gobernador de la provincia de Buenos Aires, Axel Kicillof, y asegur\u00f3 que le gustar\u00eda que gobierne por muchos a\u00f1os m\u00e1s el territorio bonaerense. El hist\u00f3rico intendente de Berazategui afirm\u00f3: \u201cApoyo a Axel porque es un excelente gobernador&#8230;<\/p>\n","protected":false},"author":2,"featured_media":15418,"comment_status":"open","ping_status":"open","sticky":false,"template":"","format":"standard","meta":{"footnotes":""},"categories":[3],"tags":[],"class_list":["post-15416","post","type-post","status-publish","format-standard","has-post-thumbnail","hentry","category-berazategui"],"featured_image_src":"https:\/\/diarioprincipios.com\/wp-content\/uploads\/2022\/12\/EL-POLO-TECNOLOGICO-BERAZATEGUI-SERA-UNA-REALIDAD-2-1024x682.jpg","blog_images":{"medium":"https:\/\/diarioprincipios.com\/wp-content\/uploads\/2022\/12\/EL-POLO-TECNOLOGICO-BERAZATEGUI-SERA-UNA-REALIDAD-2-300x200.jpg","large":"https:\/\/diarioprincipios.com\/wp-content\/uploads\/2022\/12\/EL-POLO-TECNOLOGICO-BERAZATEGUI-SERA-UNA-REALIDAD-2-1024x682.jpg"},"ams_acf":[],"yoast_head":"<!-- This site is optimized with the Yoast SEO plugin v27.3 - https:\/\/yoast.com\/product\/yoast-seo-wordpress\/ -->\n<title>Juan Jos\u00e9 Mussi: &quot;Me gustar\u00eda que Axel Kicillof contin\u00fae siendo Gobernador por muchos a\u00f1os m\u00e1s&quot; - Principios<\/title>\n<meta name=\"robots\" content=\"index, follow, max-snippet:-1, max-image-preview:large, max-video-preview:-1\" \/>\n<link rel=\"canonical\" href=\"https:\/\/diarioprincipios.com\/index.php\/2022\/12\/13\/juan-jose-mussi-me-gustaria-que-axel-kicillof-continue-siendo-gobernador-por-muchos-anos-mas\/\" \/>\n<meta property=\"og:locale\" content=\"es_ES\" \/>\n<meta property=\"og:type\" content=\"article\" \/>\n<meta property=\"og:title\" content=\"Juan Jos\u00e9 Mussi: &quot;Me gustar\u00eda que Axel Kicillof contin\u00fae siendo Gobernador por muchos a\u00f1os m\u00e1s&quot; - Principios\" \/>\n<meta property=\"og:description\" content=\"El intendente de Berazategui y referente del PJ en el Conurbano, Juan Jos\u00e9 Mussi, reiter\u00f3 su apoyo al gobernador de la provincia de Buenos Aires, Axel Kicillof, y asegur\u00f3 que le gustar\u00eda que gobierne por muchos a\u00f1os m\u00e1s el territorio bonaerense. El hist\u00f3rico intendente de Berazategui afirm\u00f3: \u201cApoyo a Axel porque es un excelente gobernador...\" \/>\n<meta property=\"og:url\" content=\"https:\/\/diarioprincipios.com\/index.php\/2022\/12\/13\/juan-jose-mussi-me-gustaria-que-axel-kicillof-continue-siendo-gobernador-por-muchos-anos-mas\/\" \/>\n<meta property=\"og:site_name\" content=\"Principios\" \/>\n<meta property=\"article:published_time\" content=\"2022-12-13T17:14:54+00:00\" \/>\n<meta property=\"article:modified_time\" content=\"2023-01-02T04:02:21+00:00\" \/>\n<meta property=\"og:image\" content=\"https:\/\/diarioprincipios.com\/wp-content\/uploads\/2022\/12\/EL-POLO-TECNOLOGICO-BERAZATEGUI-SERA-UNA-REALIDAD-2.jpg\" \/>\n\t<meta property=\"og:image:width\" content=\"1280\" \/>\n\t<meta property=\"og:image:height\" content=\"853\" \/>\n\t<meta property=\"og:image:type\" content=\"image\/jpeg\" \/>\n<meta name=\"author\" content=\"Hern\u00e1n L\u00f3pez\" \/>\n<meta name=\"twitter:card\" content=\"summary_large_image\" \/>\n<meta name=\"twitter:label1\" content=\"Escrito por\" \/>\n\t<meta name=\"twitter:data1\" content=\"Hern\u00e1n L\u00f3pez\" \/>\n\t<meta name=\"twitter:label2\" content=\"Tiempo de lectura\" \/>\n\t<meta name=\"twitter:data2\" content=\"2 minutos\" \/>\n<script type=\"application\/ld+json\" class=\"yoast-schema-graph\">{\"@context\":\"https:\\\/\\\/schema.org\",\"@graph\":[{\"@type\":\"Article\",\"@id\":\"https:\\\/\\\/diarioprincipios.com\\\/index.php\\\/2022\\\/12\\\/13\\\/juan-jose-mussi-me-gustaria-que-axel-kicillof-continue-siendo-gobernador-por-muchos-anos-mas\\\/#article\",\"isPartOf\":{\"@id\":\"https:\\\/\\\/diarioprincipios.com\\\/index.php\\\/2022\\\/12\\\/13\\\/juan-jose-mussi-me-gustaria-que-axel-kicillof-continue-siendo-gobernador-por-muchos-anos-mas\\\/\"},\"author\":{\"name\":\"Hern\u00e1n L\u00f3pez\",\"@id\":\"https:\\\/\\\/diarioprincipios.com\\\/#\\\/schema\\\/person\\\/436d5a1fd41a5e250e23ff5a6a7cb080\"},\"headline\":\"Juan Jos\u00e9 Mussi: \u00abMe gustar\u00eda que Axel Kicillof contin\u00fae siendo Gobernador por muchos a\u00f1os m\u00e1s\u00bb\",\"datePublished\":\"2022-12-13T17:14:54+00:00\",\"dateModified\":\"2023-01-02T04:02:21+00:00\",\"mainEntityOfPage\":{\"@id\":\"https:\\\/\\\/diarioprincipios.com\\\/index.php\\\/2022\\\/12\\\/13\\\/juan-jose-mussi-me-gustaria-que-axel-kicillof-continue-siendo-gobernador-por-muchos-anos-mas\\\/\"},\"wordCount\":267,\"commentCount\":0,\"publisher\":{\"@id\":\"https:\\\/\\\/diarioprincipios.com\\\/#organization\"},\"image\":{\"@id\":\"https:\\\/\\\/diarioprincipios.com\\\/index.php\\\/2022\\\/12\\\/13\\\/juan-jose-mussi-me-gustaria-que-axel-kicillof-continue-siendo-gobernador-por-muchos-anos-mas\\\/#primaryimage\"},\"thumbnailUrl\":\"https:\\\/\\\/diarioprincipios.com\\\/wp-content\\\/uploads\\\/2022\\\/12\\\/EL-POLO-TECNOLOGICO-BERAZATEGUI-SERA-UNA-REALIDAD-2.jpg\",\"articleSection\":[\"Berazategui\"],\"inLanguage\":\"es\",\"potentialAction\":[{\"@type\":\"CommentAction\",\"name\":\"Comment\",\"target\":[\"https:\\\/\\\/diarioprincipios.com\\\/index.php\\\/2022\\\/12\\\/13\\\/juan-jose-mussi-me-gustaria-que-axel-kicillof-continue-siendo-gobernador-por-muchos-anos-mas\\\/#respond\"]}]},{\"@type\":\"WebPage\",\"@id\":\"https:\\\/\\\/diarioprincipios.com\\\/index.php\\\/2022\\\/12\\\/13\\\/juan-jose-mussi-me-gustaria-que-axel-kicillof-continue-siendo-gobernador-por-muchos-anos-mas\\\/\",\"url\":\"https:\\\/\\\/diarioprincipios.com\\\/index.php\\\/2022\\\/12\\\/13\\\/juan-jose-mussi-me-gustaria-que-axel-kicillof-continue-siendo-gobernador-por-muchos-anos-mas\\\/\",\"name\":\"Juan Jos\u00e9 Mussi: \\\"Me gustar\u00eda que Axel Kicillof contin\u00fae siendo Gobernador por muchos a\u00f1os m\u00e1s\\\" - Principios\",\"isPartOf\":{\"@id\":\"https:\\\/\\\/diarioprincipios.com\\\/#website\"},\"primaryImageOfPage\":{\"@id\":\"https:\\\/\\\/diarioprincipios.com\\\/index.php\\\/2022\\\/12\\\/13\\\/juan-jose-mussi-me-gustaria-que-axel-kicillof-continue-siendo-gobernador-por-muchos-anos-mas\\\/#primaryimage\"},\"image\":{\"@id\":\"https:\\\/\\\/diarioprincipios.com\\\/index.php\\\/2022\\\/12\\\/13\\\/juan-jose-mussi-me-gustaria-que-axel-kicillof-continue-siendo-gobernador-por-muchos-anos-mas\\\/#primaryimage\"},\"thumbnailUrl\":\"https:\\\/\\\/diarioprincipios.com\\\/wp-content\\\/uploads\\\/2022\\\/12\\\/EL-POLO-TECNOLOGICO-BERAZATEGUI-SERA-UNA-REALIDAD-2.jpg\",\"datePublished\":\"2022-12-13T17:14:54+00:00\",\"dateModified\":\"2023-01-02T04:02:21+00:00\",\"breadcrumb\":{\"@id\":\"https:\\\/\\\/diarioprincipios.com\\\/index.php\\\/2022\\\/12\\\/13\\\/juan-jose-mussi-me-gustaria-que-axel-kicillof-continue-siendo-gobernador-por-muchos-anos-mas\\\/#breadcrumb\"},\"inLanguage\":\"es\",\"potentialAction\":[{\"@type\":\"ReadAction\",\"target\":[\"https:\\\/\\\/diarioprincipios.com\\\/index.php\\\/2022\\\/12\\\/13\\\/juan-jose-mussi-me-gustaria-que-axel-kicillof-continue-siendo-gobernador-por-muchos-anos-mas\\\/\"]}]},{\"@type\":\"ImageObject\",\"inLanguage\":\"es\",\"@id\":\"https:\\\/\\\/diarioprincipios.com\\\/index.php\\\/2022\\\/12\\\/13\\\/juan-jose-mussi-me-gustaria-que-axel-kicillof-continue-siendo-gobernador-por-muchos-anos-mas\\\/#primaryimage\",\"url\":\"https:\\\/\\\/diarioprincipios.com\\\/wp-content\\\/uploads\\\/2022\\\/12\\\/EL-POLO-TECNOLOGICO-BERAZATEGUI-SERA-UNA-REALIDAD-2.jpg\",\"contentUrl\":\"https:\\\/\\\/diarioprincipios.com\\\/wp-content\\\/uploads\\\/2022\\\/12\\\/EL-POLO-TECNOLOGICO-BERAZATEGUI-SERA-UNA-REALIDAD-2.jpg\",\"width\":1280,\"height\":853},{\"@type\":\"BreadcrumbList\",\"@id\":\"https:\\\/\\\/diarioprincipios.com\\\/index.php\\\/2022\\\/12\\\/13\\\/juan-jose-mussi-me-gustaria-que-axel-kicillof-continue-siendo-gobernador-por-muchos-anos-mas\\\/#breadcrumb\",\"itemListElement\":[{\"@type\":\"ListItem\",\"position\":1,\"name\":\"Portada\",\"item\":\"https:\\\/\\\/diarioprincipios.com\\\/\"},{\"@type\":\"ListItem\",\"position\":2,\"name\":\"Juan Jos\u00e9 Mussi: \u00abMe gustar\u00eda que Axel Kicillof contin\u00fae siendo Gobernador por muchos a\u00f1os m\u00e1s\u00bb\"}]},{\"@type\":\"WebSite\",\"@id\":\"https:\\\/\\\/diarioprincipios.com\\\/#website\",\"url\":\"https:\\\/\\\/diarioprincipios.com\\\/\",\"name\":\"Principios\",\"description\":\"Principios Diario\",\"publisher\":{\"@id\":\"https:\\\/\\\/diarioprincipios.com\\\/#organization\"},\"potentialAction\":[{\"@type\":\"SearchAction\",\"target\":{\"@type\":\"EntryPoint\",\"urlTemplate\":\"https:\\\/\\\/diarioprincipios.com\\\/?s={search_term_string}\"},\"query-input\":{\"@type\":\"PropertyValueSpecification\",\"valueRequired\":true,\"valueName\":\"search_term_string\"}}],\"inLanguage\":\"es\"},{\"@type\":\"Organization\",\"@id\":\"https:\\\/\\\/diarioprincipios.com\\\/#organization\",\"name\":\"Principios\",\"url\":\"https:\\\/\\\/diarioprincipios.com\\\/\",\"logo\":{\"@type\":\"ImageObject\",\"inLanguage\":\"es\",\"@id\":\"https:\\\/\\\/diarioprincipios.com\\\/#\\\/schema\\\/logo\\\/image\\\/\",\"url\":\"https:\\\/\\\/diarioprincipios.com\\\/wp-content\\\/uploads\\\/2024\\\/04\\\/cropped-www.diarioprincipios.com_-1.png\",\"contentUrl\":\"https:\\\/\\\/diarioprincipios.com\\\/wp-content\\\/uploads\\\/2024\\\/04\\\/cropped-www.diarioprincipios.com_-1.png\",\"width\":5325,\"height\":1454,\"caption\":\"Principios\"},\"image\":{\"@id\":\"https:\\\/\\\/diarioprincipios.com\\\/#\\\/schema\\\/logo\\\/image\\\/\"}},{\"@type\":\"Person\",\"@id\":\"https:\\\/\\\/diarioprincipios.com\\\/#\\\/schema\\\/person\\\/436d5a1fd41a5e250e23ff5a6a7cb080\",\"name\":\"Hern\u00e1n L\u00f3pez\",\"image\":{\"@type\":\"ImageObject\",\"inLanguage\":\"es\",\"@id\":\"https:\\\/\\\/diarioprincipios.com\\\/wp-content\\\/litespeed\\\/avatar\\\/11ddfe5610ff3bd100522525b2571f48.jpg?ver=1777048341\",\"url\":\"https:\\\/\\\/diarioprincipios.com\\\/wp-content\\\/litespeed\\\/avatar\\\/11ddfe5610ff3bd100522525b2571f48.jpg?ver=1777048341\",\"contentUrl\":\"https:\\\/\\\/diarioprincipios.com\\\/wp-content\\\/litespeed\\\/avatar\\\/11ddfe5610ff3bd100522525b2571f48.jpg?ver=1777048341\",\"caption\":\"Hern\u00e1n L\u00f3pez\"},\"url\":\"https:\\\/\\\/diarioprincipios.com\\\/index.php\\\/author\\\/hernan\\\/\"}]}<\/script>\n<!-- \/ Yoast SEO plugin. -->","yoast_head_json":{"title":"Juan Jos\u00e9 Mussi: \"Me gustar\u00eda que Axel Kicillof contin\u00fae siendo Gobernador por muchos a\u00f1os m\u00e1s\" - Principios","robots":{"index":"index","follow":"follow","max-snippet":"max-snippet:-1","max-image-preview":"max-image-preview:large","max-video-preview":"max-video-preview:-1"},"canonical":"https:\/\/diarioprincipios.com\/index.php\/2022\/12\/13\/juan-jose-mussi-me-gustaria-que-axel-kicillof-continue-siendo-gobernador-por-muchos-anos-mas\/","og_locale":"es_ES","og_type":"article","og_title":"Juan Jos\u00e9 Mussi: \"Me gustar\u00eda que Axel Kicillof contin\u00fae siendo Gobernador por muchos a\u00f1os m\u00e1s\" - Principios","og_description":"El intendente de Berazategui y referente del PJ en el Conurbano, Juan Jos\u00e9 Mussi, reiter\u00f3 su apoyo al gobernador de la provincia de Buenos Aires, Axel Kicillof, y asegur\u00f3 que le gustar\u00eda que gobierne por muchos a\u00f1os m\u00e1s el territorio bonaerense. El hist\u00f3rico intendente de Berazategui afirm\u00f3: \u201cApoyo a Axel porque es un excelente gobernador...","og_url":"https:\/\/diarioprincipios.com\/index.php\/2022\/12\/13\/juan-jose-mussi-me-gustaria-que-axel-kicillof-continue-siendo-gobernador-por-muchos-anos-mas\/","og_site_name":"Principios","article_published_time":"2022-12-13T17:14:54+00:00","article_modified_time":"2023-01-02T04:02:21+00:00","og_image":[{"width":1280,"height":853,"url":"https:\/\/diarioprincipios.com\/wp-content\/uploads\/2022\/12\/EL-POLO-TECNOLOGICO-BERAZATEGUI-SERA-UNA-REALIDAD-2.jpg","type":"image\/jpeg"}],"author":"Hern\u00e1n L\u00f3pez","twitter_card":"summary_large_image","twitter_misc":{"Escrito por":"Hern\u00e1n L\u00f3pez","Tiempo de lectura":"2 minutos"},"schema":{"@context":"https:\/\/schema.org","@graph":[{"@type":"Article","@id":"https:\/\/diarioprincipios.com\/index.php\/2022\/12\/13\/juan-jose-mussi-me-gustaria-que-axel-kicillof-continue-siendo-gobernador-por-muchos-anos-mas\/#article","isPartOf":{"@id":"https:\/\/diarioprincipios.com\/index.php\/2022\/12\/13\/juan-jose-mussi-me-gustaria-que-axel-kicillof-continue-siendo-gobernador-por-muchos-anos-mas\/"},"author":{"name":"Hern\u00e1n L\u00f3pez","@id":"https:\/\/diarioprincipios.com\/#\/schema\/person\/436d5a1fd41a5e250e23ff5a6a7cb080"},"headline":"Juan Jos\u00e9 Mussi: \u00abMe gustar\u00eda que Axel Kicillof contin\u00fae siendo Gobernador por muchos a\u00f1os m\u00e1s\u00bb","datePublished":"2022-12-13T17:14:54+00:00","dateModified":"2023-01-02T04:02:21+00:00","mainEntityOfPage":{"@id":"https:\/\/diarioprincipios.com\/index.php\/2022\/12\/13\/juan-jose-mussi-me-gustaria-que-axel-kicillof-continue-siendo-gobernador-por-muchos-anos-mas\/"},"wordCount":267,"commentCount":0,"publisher":{"@id":"https:\/\/diarioprincipios.com\/#organization"},"image":{"@id":"https:\/\/diarioprincipios.com\/index.php\/2022\/12\/13\/juan-jose-mussi-me-gustaria-que-axel-kicillof-continue-siendo-gobernador-por-muchos-anos-mas\/#primaryimage"},"thumbnailUrl":"https:\/\/diarioprincipios.com\/wp-content\/uploads\/2022\/12\/EL-POLO-TECNOLOGICO-BERAZATEGUI-SERA-UNA-REALIDAD-2.jpg","articleSection":["Berazategui"],"inLanguage":"es","potentialAction":[{"@type":"CommentAction","name":"Comment","target":["https:\/\/diarioprincipios.com\/index.php\/2022\/12\/13\/juan-jose-mussi-me-gustaria-que-axel-kicillof-continue-siendo-gobernador-por-muchos-anos-mas\/#respond"]}]},{"@type":"WebPage","@id":"https:\/\/diarioprincipios.com\/index.php\/2022\/12\/13\/juan-jose-mussi-me-gustaria-que-axel-kicillof-continue-siendo-gobernador-por-muchos-anos-mas\/","url":"https:\/\/diarioprincipios.com\/index.php\/2022\/12\/13\/juan-jose-mussi-me-gustaria-que-axel-kicillof-continue-siendo-gobernador-por-muchos-anos-mas\/","name":"Juan Jos\u00e9 Mussi: \"Me gustar\u00eda que Axel Kicillof contin\u00fae siendo Gobernador por muchos a\u00f1os m\u00e1s\" - Principios","isPartOf":{"@id":"https:\/\/diarioprincipios.com\/#website"},"primaryImageOfPage":{"@id":"https:\/\/diarioprincipios.com\/index.php\/2022\/12\/13\/juan-jose-mussi-me-gustaria-que-axel-kicillof-continue-siendo-gobernador-por-muchos-anos-mas\/#primaryimage"},"image":{"@id":"https:\/\/diarioprincipios.com\/index.php\/2022\/12\/13\/juan-jose-mussi-me-gustaria-que-axel-kicillof-continue-siendo-gobernador-por-muchos-anos-mas\/#primaryimage"},"thumbnailUrl":"https:\/\/diarioprincipios.com\/wp-content\/uploads\/2022\/12\/EL-POLO-TECNOLOGICO-BERAZATEGUI-SERA-UNA-REALIDAD-2.jpg","datePublished":"2022-12-13T17:14:54+00:00","dateModified":"2023-01-02T04:02:21+00:00","breadcrumb":{"@id":"https:\/\/diarioprincipios.com\/index.php\/2022\/12\/13\/juan-jose-mussi-me-gustaria-que-axel-kicillof-continue-siendo-gobernador-por-muchos-anos-mas\/#breadcrumb"},"inLanguage":"es","potentialAction":[{"@type":"ReadAction","target":["https:\/\/diarioprincipios.com\/index.php\/2022\/12\/13\/juan-jose-mussi-me-gustaria-que-axel-kicillof-continue-siendo-gobernador-por-muchos-anos-mas\/"]}]},{"@type":"ImageObject","inLanguage":"es","@id":"https:\/\/diarioprincipios.com\/index.php\/2022\/12\/13\/juan-jose-mussi-me-gustaria-que-axel-kicillof-continue-siendo-gobernador-por-muchos-anos-mas\/#primaryimage","url":"https:\/\/diarioprincipios.com\/wp-content\/uploads\/2022\/12\/EL-POLO-TECNOLOGICO-BERAZATEGUI-SERA-UNA-REALIDAD-2.jpg","contentUrl":"https:\/\/diarioprincipios.com\/wp-content\/uploads\/2022\/12\/EL-POLO-TECNOLOGICO-BERAZATEGUI-SERA-UNA-REALIDAD-2.jpg","width":1280,"height":853},{"@type":"BreadcrumbList","@id":"https:\/\/diarioprincipios.com\/index.php\/2022\/12\/13\/juan-jose-mussi-me-gustaria-que-axel-kicillof-continue-siendo-gobernador-por-muchos-anos-mas\/#breadcrumb","itemListElement":[{"@type":"ListItem","position":1,"name":"Portada","item":"https:\/\/diarioprincipios.com\/"},{"@type":"ListItem","position":2,"name":"Juan Jos\u00e9 Mussi: \u00abMe gustar\u00eda que Axel Kicillof contin\u00fae siendo Gobernador por muchos a\u00f1os m\u00e1s\u00bb"}]},{"@type":"WebSite","@id":"https:\/\/diarioprincipios.com\/#website","url":"https:\/\/diarioprincipios.com\/","name":"Principios","description":"Principios Diario","publisher":{"@id":"https:\/\/diarioprincipios.com\/#organization"},"potentialAction":[{"@type":"SearchAction","target":{"@type":"EntryPoint","urlTemplate":"https:\/\/diarioprincipios.com\/?s={search_term_string}"},"query-input":{"@type":"PropertyValueSpecification","valueRequired":true,"valueName":"search_term_string"}}],"inLanguage":"es"},{"@type":"Organization","@id":"https:\/\/diarioprincipios.com\/#organization","name":"Principios","url":"https:\/\/diarioprincipios.com\/","logo":{"@type":"ImageObject","inLanguage":"es","@id":"https:\/\/diarioprincipios.com\/#\/schema\/logo\/image\/","url":"https:\/\/diarioprincipios.com\/wp-content\/uploads\/2024\/04\/cropped-www.diarioprincipios.com_-1.png","contentUrl":"https:\/\/diarioprincipios.com\/wp-content\/uploads\/2024\/04\/cropped-www.diarioprincipios.com_-1.png","width":5325,"height":1454,"caption":"Principios"},"image":{"@id":"https:\/\/diarioprincipios.com\/#\/schema\/logo\/image\/"}},{"@type":"Person","@id":"https:\/\/diarioprincipios.com\/#\/schema\/person\/436d5a1fd41a5e250e23ff5a6a7cb080","name":"Hern\u00e1n L\u00f3pez","image":{"@type":"ImageObject","inLanguage":"es","@id":"https:\/\/diarioprincipios.com\/wp-content\/litespeed\/avatar\/11ddfe5610ff3bd100522525b2571f48.jpg?ver=1777048341","url":"https:\/\/diarioprincipios.com\/wp-content\/litespeed\/avatar\/11ddfe5610ff3bd100522525b2571f48.jpg?ver=1777048341","contentUrl":"https:\/\/diarioprincipios.com\/wp-content\/litespeed\/avatar\/11ddfe5610ff3bd100522525b2571f48.jpg?ver=1777048341","caption":"Hern\u00e1n L\u00f3pez"},"url":"https:\/\/diarioprincipios.com\/index.php\/author\/hernan\/"}]}},"jetpack_featured_media_url":"https:\/\/diarioprincipios.com\/wp-content\/uploads\/2022\/12\/EL-POLO-TECNOLOGICO-BERAZATEGUI-SERA-UNA-REALIDAD-2.jpg","_links":{"self":[{"href":"https:\/\/diarioprincipios.com\/index.php\/wp-json\/wp\/v2\/posts\/15416","targetHints":{"allow":["GET"]}}],"collection":[{"href":"https:\/\/diarioprincipios.com\/index.php\/wp-json\/wp\/v2\/posts"}],"about":[{"href":"https:\/\/diarioprincipios.com\/index.php\/wp-json\/wp\/v2\/types\/post"}],"author":[{"embeddable":true,"href":"https:\/\/diarioprincipios.com\/index.php\/wp-json\/wp\/v2\/users\/2"}],"replies":[{"embeddable":true,"href":"https:\/\/diarioprincipios.com\/index.php\/wp-json\/wp\/v2\/comments?post=15416"}],"version-history":[{"count":1,"href":"https:\/\/diarioprincipios.com\/index.php\/wp-json\/wp\/v2\/posts\/15416\/revisions"}],"predecessor-version":[{"id":15419,"href":"https:\/\/diarioprincipios.com\/index.php\/wp-json\/wp\/v2\/posts\/15416\/revisions\/15419"}],"wp:featuredmedia":[{"embeddable":true,"href":"https:\/\/diarioprincipios.com\/index.php\/wp-json\/wp\/v2\/media\/15418"}],"wp:attachment":[{"href":"https:\/\/diarioprincipios.com\/index.php\/wp-json\/wp\/v2\/media?parent=15416"}],"wp:term":[{"taxonomy":"category","embeddable":true,"href":"https:\/\/diarioprincipios.com\/index.php\/wp-json\/wp\/v2\/categories?post=15416"},{"taxonomy":"post_tag","embeddable":true,"href":"https:\/\/diarioprincipios.com\/index.php\/wp-json\/wp\/v2\/tags?post=15416"}],"curies":[{"name":"wp","href":"https:\/\/api.w.org\/{rel}","templated":true}]}}