{"id":15281,"date":"2022-11-30T12:52:10","date_gmt":"2022-11-30T15:52:10","guid":{"rendered":"http:\/\/diarioprincipios.com\/?p=15281"},"modified":"2022-11-30T12:52:12","modified_gmt":"2022-11-30T15:52:12","slug":"mas-obras-en-espacios-verdes-de-berazategui","status":"publish","type":"post","link":"https:\/\/diarioprincipios.com\/index.php\/2022\/11\/30\/mas-obras-en-espacios-verdes-de-berazategui\/","title":{"rendered":"M\u00e1s obras en Espacios Verdes de Berazategui"},"content":{"rendered":"\n<p><strong>Se puso en valor la Plazoleta Nahuel del barrio La Porte\u00f1a (calle 63 e\/ 154 A y 156), espacio verde que mantiene viva la memoria de Nahuel Esperguin, quien falleci\u00f3 en 2012 en un accidente de tr\u00e1nsito. El intendente Juan Jos\u00e9 Mussi visit\u00f3 este lugar, en donde la Municipalidad de Berazategui realiz\u00f3 obras de embellecimiento.<br><\/strong><br>Algunos de los trabajos que llevaron a cabo all\u00ed las Secretar\u00edas municipales de Gobierno y de Servicios P\u00fablicos fueron el mantenimiento y la colocaci\u00f3n de juegos y aparatos de gimnasia, parquizaci\u00f3n, pintura, construcci\u00f3n de una cancha de tejo e instalaci\u00f3n de luminarias led.<\/p>\n\n\n\n<figure class=\"wp-block-image size-large\"><img loading=\"lazy\" decoding=\"async\" width=\"1024\" height=\"683\" src=\"https:\/\/diarioprincipios.com\/wp-content\/uploads\/2022\/11\/MAS-OBRAS-EN-ESPACIOS-VERDES-DE-BERAZATEGUI-1-1024x683.jpg\" alt=\"\" class=\"wp-image-15282\" srcset=\"https:\/\/diarioprincipios.com\/wp-content\/uploads\/2022\/11\/MAS-OBRAS-EN-ESPACIOS-VERDES-DE-BERAZATEGUI-1-1024x683.jpg 1024w, https:\/\/diarioprincipios.com\/wp-content\/uploads\/2022\/11\/MAS-OBRAS-EN-ESPACIOS-VERDES-DE-BERAZATEGUI-1-300x200.jpg 300w, https:\/\/diarioprincipios.com\/wp-content\/uploads\/2022\/11\/MAS-OBRAS-EN-ESPACIOS-VERDES-DE-BERAZATEGUI-1-768x512.jpg 768w, https:\/\/diarioprincipios.com\/wp-content\/uploads\/2022\/11\/MAS-OBRAS-EN-ESPACIOS-VERDES-DE-BERAZATEGUI-1-1536x1024.jpg 1536w, https:\/\/diarioprincipios.com\/wp-content\/uploads\/2022\/11\/MAS-OBRAS-EN-ESPACIOS-VERDES-DE-BERAZATEGUI-1.jpg 1599w\" sizes=\"auto, (max-width: 1024px) 100vw, 1024px\" \/><\/figure>\n\n\n\n<p>Durante el emotivo encuentro, Mussi destac\u00f3: \u201cEs una alegr\u00eda compartir la puesta en valor de este lugar. Este es un espacio de encuentro y de reencuentro para que compartan los vecinos. Aqu\u00ed pueden jugar los m\u00e1s chicos, hacer que los m\u00e1s grandes se unan y que los abuelos tengan un lugar donde estar. Les pedimos que cuiden esta plaza que tiene todo y que me da mucha alegr\u00eda poner en valor\u00bb.<\/p>\n\n\n\n<p>Asimismo, el Intendente asegur\u00f3: \u00abTenemos que seguir trabajando juntos, los barrios tienen que estar unidos para crecer. Este es un hermoso barrio. Cuenten conmigo para unir voluntades y seguir avanzando\u201d.<\/p>\n\n\n\n<figure class=\"wp-block-image size-large\"><img loading=\"lazy\" decoding=\"async\" width=\"1024\" height=\"683\" src=\"https:\/\/diarioprincipios.com\/wp-content\/uploads\/2022\/11\/MAS-OBRAS-EN-ESPACIOS-VERDES-DE-BERAZATEGUI-3-1-1024x683.jpg\" alt=\"\" class=\"wp-image-15283\" srcset=\"https:\/\/diarioprincipios.com\/wp-content\/uploads\/2022\/11\/MAS-OBRAS-EN-ESPACIOS-VERDES-DE-BERAZATEGUI-3-1-1024x683.jpg 1024w, https:\/\/diarioprincipios.com\/wp-content\/uploads\/2022\/11\/MAS-OBRAS-EN-ESPACIOS-VERDES-DE-BERAZATEGUI-3-1-300x200.jpg 300w, https:\/\/diarioprincipios.com\/wp-content\/uploads\/2022\/11\/MAS-OBRAS-EN-ESPACIOS-VERDES-DE-BERAZATEGUI-3-1-768x512.jpg 768w, https:\/\/diarioprincipios.com\/wp-content\/uploads\/2022\/11\/MAS-OBRAS-EN-ESPACIOS-VERDES-DE-BERAZATEGUI-3-1-1536x1024.jpg 1536w, https:\/\/diarioprincipios.com\/wp-content\/uploads\/2022\/11\/MAS-OBRAS-EN-ESPACIOS-VERDES-DE-BERAZATEGUI-3-1.jpg 1599w\" sizes=\"auto, (max-width: 1024px) 100vw, 1024px\" \/><\/figure>\n\n\n\n<p>Por su parte, la presidenta del Club Nuevos Rumbos, Macarena Ca\u00f1ete, celebr\u00f3 las obras para beneficio de la comunidad local y expres\u00f3: \u201cHoy la Plazoleta Nahuel luce renovada, con juegos, \u00e1rboles y un espacio para nuestros abuelos. Estamos felices porque no solo tenemos un lugar nuevo para todos los vecinos, sino que lo vamos a cuidar y aprovechar para venir a compartir con la familia. Le damos las gracias a nuestro intendente Juan Jos\u00e9 Mussi\u201d.<\/p>\n","protected":false},"excerpt":{"rendered":"<p>Se puso en valor la Plazoleta Nahuel del barrio La Porte\u00f1a (calle 63 e\/ 154 A y 156), espacio verde que mantiene viva la memoria de Nahuel Esperguin, quien falleci\u00f3 en 2012 en un accidente de tr\u00e1nsito. El intendente Juan Jos\u00e9 Mussi visit\u00f3 este lugar, en donde la Municipalidad de Berazategui realiz\u00f3 obras de embellecimiento.Algunos&#8230;<\/p>\n","protected":false},"author":2,"featured_media":15284,"comment_status":"open","ping_status":"open","sticky":false,"template":"","format":"standard","meta":{"footnotes":""},"categories":[3],"tags":[],"class_list":["post-15281","post","type-post","status-publish","format-standard","has-post-thumbnail","hentry","category-berazategui"],"featured_image_src":"https:\/\/diarioprincipios.com\/wp-content\/uploads\/2022\/11\/MAS-OBRAS-EN-ESPACIOS-VERDES-DE-BERAZATEGUI-4-1-1024x683.jpg","blog_images":{"medium":"https:\/\/diarioprincipios.com\/wp-content\/uploads\/2022\/11\/MAS-OBRAS-EN-ESPACIOS-VERDES-DE-BERAZATEGUI-4-1-300x200.jpg","large":"https:\/\/diarioprincipios.com\/wp-content\/uploads\/2022\/11\/MAS-OBRAS-EN-ESPACIOS-VERDES-DE-BERAZATEGUI-4-1-1024x683.jpg"},"ams_acf":[],"yoast_head":"<!-- This site is optimized with the Yoast SEO plugin v27.3 - https:\/\/yoast.com\/product\/yoast-seo-wordpress\/ -->\n<title>M\u00e1s obras en Espacios Verdes de Berazategui - Principios<\/title>\n<meta name=\"robots\" content=\"index, follow, max-snippet:-1, max-image-preview:large, max-video-preview:-1\" \/>\n<link rel=\"canonical\" href=\"https:\/\/diarioprincipios.com\/index.php\/2022\/11\/30\/mas-obras-en-espacios-verdes-de-berazategui\/\" \/>\n<meta property=\"og:locale\" content=\"es_ES\" \/>\n<meta property=\"og:type\" content=\"article\" \/>\n<meta property=\"og:title\" content=\"M\u00e1s obras en Espacios Verdes de Berazategui - Principios\" \/>\n<meta property=\"og:description\" content=\"Se puso en valor la Plazoleta Nahuel del barrio La Porte\u00f1a (calle 63 e\/ 154 A y 156), espacio verde que mantiene viva la memoria de Nahuel Esperguin, quien falleci\u00f3 en 2012 en un accidente de tr\u00e1nsito. El intendente Juan Jos\u00e9 Mussi visit\u00f3 este lugar, en donde la Municipalidad de Berazategui realiz\u00f3 obras de embellecimiento.Algunos...\" \/>\n<meta property=\"og:url\" content=\"https:\/\/diarioprincipios.com\/index.php\/2022\/11\/30\/mas-obras-en-espacios-verdes-de-berazategui\/\" \/>\n<meta property=\"og:site_name\" content=\"Principios\" \/>\n<meta property=\"article:published_time\" content=\"2022-11-30T15:52:10+00:00\" \/>\n<meta property=\"article:modified_time\" content=\"2022-11-30T15:52:12+00:00\" \/>\n<meta property=\"og:image\" content=\"https:\/\/diarioprincipios.com\/wp-content\/uploads\/2022\/11\/MAS-OBRAS-EN-ESPACIOS-VERDES-DE-BERAZATEGUI-4-1.jpg\" \/>\n\t<meta property=\"og:image:width\" content=\"1599\" \/>\n\t<meta property=\"og:image:height\" content=\"1066\" \/>\n\t<meta property=\"og:image:type\" content=\"image\/jpeg\" \/>\n<meta name=\"author\" content=\"Hern\u00e1n L\u00f3pez\" \/>\n<meta name=\"twitter:card\" content=\"summary_large_image\" \/>\n<meta name=\"twitter:label1\" content=\"Escrito por\" \/>\n\t<meta name=\"twitter:data1\" content=\"Hern\u00e1n L\u00f3pez\" \/>\n\t<meta name=\"twitter:label2\" content=\"Tiempo de lectura\" \/>\n\t<meta name=\"twitter:data2\" content=\"2 minutos\" \/>\n<script type=\"application\/ld+json\" class=\"yoast-schema-graph\">{\"@context\":\"https:\\\/\\\/schema.org\",\"@graph\":[{\"@type\":\"Article\",\"@id\":\"https:\\\/\\\/diarioprincipios.com\\\/index.php\\\/2022\\\/11\\\/30\\\/mas-obras-en-espacios-verdes-de-berazategui\\\/#article\",\"isPartOf\":{\"@id\":\"https:\\\/\\\/diarioprincipios.com\\\/index.php\\\/2022\\\/11\\\/30\\\/mas-obras-en-espacios-verdes-de-berazategui\\\/\"},\"author\":{\"name\":\"Hern\u00e1n L\u00f3pez\",\"@id\":\"https:\\\/\\\/diarioprincipios.com\\\/#\\\/schema\\\/person\\\/436d5a1fd41a5e250e23ff5a6a7cb080\"},\"headline\":\"M\u00e1s obras en Espacios Verdes de Berazategui\",\"datePublished\":\"2022-11-30T15:52:10+00:00\",\"dateModified\":\"2022-11-30T15:52:12+00:00\",\"mainEntityOfPage\":{\"@id\":\"https:\\\/\\\/diarioprincipios.com\\\/index.php\\\/2022\\\/11\\\/30\\\/mas-obras-en-espacios-verdes-de-berazategui\\\/\"},\"wordCount\":291,\"commentCount\":0,\"publisher\":{\"@id\":\"https:\\\/\\\/diarioprincipios.com\\\/#organization\"},\"image\":{\"@id\":\"https:\\\/\\\/diarioprincipios.com\\\/index.php\\\/2022\\\/11\\\/30\\\/mas-obras-en-espacios-verdes-de-berazategui\\\/#primaryimage\"},\"thumbnailUrl\":\"https:\\\/\\\/diarioprincipios.com\\\/wp-content\\\/uploads\\\/2022\\\/11\\\/MAS-OBRAS-EN-ESPACIOS-VERDES-DE-BERAZATEGUI-4-1.jpg\",\"articleSection\":[\"Berazategui\"],\"inLanguage\":\"es\",\"potentialAction\":[{\"@type\":\"CommentAction\",\"name\":\"Comment\",\"target\":[\"https:\\\/\\\/diarioprincipios.com\\\/index.php\\\/2022\\\/11\\\/30\\\/mas-obras-en-espacios-verdes-de-berazategui\\\/#respond\"]}]},{\"@type\":\"WebPage\",\"@id\":\"https:\\\/\\\/diarioprincipios.com\\\/index.php\\\/2022\\\/11\\\/30\\\/mas-obras-en-espacios-verdes-de-berazategui\\\/\",\"url\":\"https:\\\/\\\/diarioprincipios.com\\\/index.php\\\/2022\\\/11\\\/30\\\/mas-obras-en-espacios-verdes-de-berazategui\\\/\",\"name\":\"M\u00e1s obras en Espacios Verdes de Berazategui - Principios\",\"isPartOf\":{\"@id\":\"https:\\\/\\\/diarioprincipios.com\\\/#website\"},\"primaryImageOfPage\":{\"@id\":\"https:\\\/\\\/diarioprincipios.com\\\/index.php\\\/2022\\\/11\\\/30\\\/mas-obras-en-espacios-verdes-de-berazategui\\\/#primaryimage\"},\"image\":{\"@id\":\"https:\\\/\\\/diarioprincipios.com\\\/index.php\\\/2022\\\/11\\\/30\\\/mas-obras-en-espacios-verdes-de-berazategui\\\/#primaryimage\"},\"thumbnailUrl\":\"https:\\\/\\\/diarioprincipios.com\\\/wp-content\\\/uploads\\\/2022\\\/11\\\/MAS-OBRAS-EN-ESPACIOS-VERDES-DE-BERAZATEGUI-4-1.jpg\",\"datePublished\":\"2022-11-30T15:52:10+00:00\",\"dateModified\":\"2022-11-30T15:52:12+00:00\",\"breadcrumb\":{\"@id\":\"https:\\\/\\\/diarioprincipios.com\\\/index.php\\\/2022\\\/11\\\/30\\\/mas-obras-en-espacios-verdes-de-berazategui\\\/#breadcrumb\"},\"inLanguage\":\"es\",\"potentialAction\":[{\"@type\":\"ReadAction\",\"target\":[\"https:\\\/\\\/diarioprincipios.com\\\/index.php\\\/2022\\\/11\\\/30\\\/mas-obras-en-espacios-verdes-de-berazategui\\\/\"]}]},{\"@type\":\"ImageObject\",\"inLanguage\":\"es\",\"@id\":\"https:\\\/\\\/diarioprincipios.com\\\/index.php\\\/2022\\\/11\\\/30\\\/mas-obras-en-espacios-verdes-de-berazategui\\\/#primaryimage\",\"url\":\"https:\\\/\\\/diarioprincipios.com\\\/wp-content\\\/uploads\\\/2022\\\/11\\\/MAS-OBRAS-EN-ESPACIOS-VERDES-DE-BERAZATEGUI-4-1.jpg\",\"contentUrl\":\"https:\\\/\\\/diarioprincipios.com\\\/wp-content\\\/uploads\\\/2022\\\/11\\\/MAS-OBRAS-EN-ESPACIOS-VERDES-DE-BERAZATEGUI-4-1.jpg\",\"width\":1599,\"height\":1066},{\"@type\":\"BreadcrumbList\",\"@id\":\"https:\\\/\\\/diarioprincipios.com\\\/index.php\\\/2022\\\/11\\\/30\\\/mas-obras-en-espacios-verdes-de-berazategui\\\/#breadcrumb\",\"itemListElement\":[{\"@type\":\"ListItem\",\"position\":1,\"name\":\"Portada\",\"item\":\"https:\\\/\\\/diarioprincipios.com\\\/\"},{\"@type\":\"ListItem\",\"position\":2,\"name\":\"M\u00e1s obras en Espacios Verdes de Berazategui\"}]},{\"@type\":\"WebSite\",\"@id\":\"https:\\\/\\\/diarioprincipios.com\\\/#website\",\"url\":\"https:\\\/\\\/diarioprincipios.com\\\/\",\"name\":\"Principios\",\"description\":\"Principios Diario\",\"publisher\":{\"@id\":\"https:\\\/\\\/diarioprincipios.com\\\/#organization\"},\"potentialAction\":[{\"@type\":\"SearchAction\",\"target\":{\"@type\":\"EntryPoint\",\"urlTemplate\":\"https:\\\/\\\/diarioprincipios.com\\\/?s={search_term_string}\"},\"query-input\":{\"@type\":\"PropertyValueSpecification\",\"valueRequired\":true,\"valueName\":\"search_term_string\"}}],\"inLanguage\":\"es\"},{\"@type\":\"Organization\",\"@id\":\"https:\\\/\\\/diarioprincipios.com\\\/#organization\",\"name\":\"Principios\",\"url\":\"https:\\\/\\\/diarioprincipios.com\\\/\",\"logo\":{\"@type\":\"ImageObject\",\"inLanguage\":\"es\",\"@id\":\"https:\\\/\\\/diarioprincipios.com\\\/#\\\/schema\\\/logo\\\/image\\\/\",\"url\":\"https:\\\/\\\/diarioprincipios.com\\\/wp-content\\\/uploads\\\/2024\\\/04\\\/cropped-www.diarioprincipios.com_-1.png\",\"contentUrl\":\"https:\\\/\\\/diarioprincipios.com\\\/wp-content\\\/uploads\\\/2024\\\/04\\\/cropped-www.diarioprincipios.com_-1.png\",\"width\":5325,\"height\":1454,\"caption\":\"Principios\"},\"image\":{\"@id\":\"https:\\\/\\\/diarioprincipios.com\\\/#\\\/schema\\\/logo\\\/image\\\/\"}},{\"@type\":\"Person\",\"@id\":\"https:\\\/\\\/diarioprincipios.com\\\/#\\\/schema\\\/person\\\/436d5a1fd41a5e250e23ff5a6a7cb080\",\"name\":\"Hern\u00e1n L\u00f3pez\",\"image\":{\"@type\":\"ImageObject\",\"inLanguage\":\"es\",\"@id\":\"https:\\\/\\\/diarioprincipios.com\\\/wp-content\\\/litespeed\\\/avatar\\\/11ddfe5610ff3bd100522525b2571f48.jpg?ver=1777048341\",\"url\":\"https:\\\/\\\/diarioprincipios.com\\\/wp-content\\\/litespeed\\\/avatar\\\/11ddfe5610ff3bd100522525b2571f48.jpg?ver=1777048341\",\"contentUrl\":\"https:\\\/\\\/diarioprincipios.com\\\/wp-content\\\/litespeed\\\/avatar\\\/11ddfe5610ff3bd100522525b2571f48.jpg?ver=1777048341\",\"caption\":\"Hern\u00e1n L\u00f3pez\"},\"url\":\"https:\\\/\\\/diarioprincipios.com\\\/index.php\\\/author\\\/hernan\\\/\"}]}<\/script>\n<!-- \/ Yoast SEO plugin. -->","yoast_head_json":{"title":"M\u00e1s obras en Espacios Verdes de Berazategui - Principios","robots":{"index":"index","follow":"follow","max-snippet":"max-snippet:-1","max-image-preview":"max-image-preview:large","max-video-preview":"max-video-preview:-1"},"canonical":"https:\/\/diarioprincipios.com\/index.php\/2022\/11\/30\/mas-obras-en-espacios-verdes-de-berazategui\/","og_locale":"es_ES","og_type":"article","og_title":"M\u00e1s obras en Espacios Verdes de Berazategui - Principios","og_description":"Se puso en valor la Plazoleta Nahuel del barrio La Porte\u00f1a (calle 63 e\/ 154 A y 156), espacio verde que mantiene viva la memoria de Nahuel Esperguin, quien falleci\u00f3 en 2012 en un accidente de tr\u00e1nsito. El intendente Juan Jos\u00e9 Mussi visit\u00f3 este lugar, en donde la Municipalidad de Berazategui realiz\u00f3 obras de embellecimiento.Algunos...","og_url":"https:\/\/diarioprincipios.com\/index.php\/2022\/11\/30\/mas-obras-en-espacios-verdes-de-berazategui\/","og_site_name":"Principios","article_published_time":"2022-11-30T15:52:10+00:00","article_modified_time":"2022-11-30T15:52:12+00:00","og_image":[{"width":1599,"height":1066,"url":"https:\/\/diarioprincipios.com\/wp-content\/uploads\/2022\/11\/MAS-OBRAS-EN-ESPACIOS-VERDES-DE-BERAZATEGUI-4-1.jpg","type":"image\/jpeg"}],"author":"Hern\u00e1n L\u00f3pez","twitter_card":"summary_large_image","twitter_misc":{"Escrito por":"Hern\u00e1n L\u00f3pez","Tiempo de lectura":"2 minutos"},"schema":{"@context":"https:\/\/schema.org","@graph":[{"@type":"Article","@id":"https:\/\/diarioprincipios.com\/index.php\/2022\/11\/30\/mas-obras-en-espacios-verdes-de-berazategui\/#article","isPartOf":{"@id":"https:\/\/diarioprincipios.com\/index.php\/2022\/11\/30\/mas-obras-en-espacios-verdes-de-berazategui\/"},"author":{"name":"Hern\u00e1n L\u00f3pez","@id":"https:\/\/diarioprincipios.com\/#\/schema\/person\/436d5a1fd41a5e250e23ff5a6a7cb080"},"headline":"M\u00e1s obras en Espacios Verdes de Berazategui","datePublished":"2022-11-30T15:52:10+00:00","dateModified":"2022-11-30T15:52:12+00:00","mainEntityOfPage":{"@id":"https:\/\/diarioprincipios.com\/index.php\/2022\/11\/30\/mas-obras-en-espacios-verdes-de-berazategui\/"},"wordCount":291,"commentCount":0,"publisher":{"@id":"https:\/\/diarioprincipios.com\/#organization"},"image":{"@id":"https:\/\/diarioprincipios.com\/index.php\/2022\/11\/30\/mas-obras-en-espacios-verdes-de-berazategui\/#primaryimage"},"thumbnailUrl":"https:\/\/diarioprincipios.com\/wp-content\/uploads\/2022\/11\/MAS-OBRAS-EN-ESPACIOS-VERDES-DE-BERAZATEGUI-4-1.jpg","articleSection":["Berazategui"],"inLanguage":"es","potentialAction":[{"@type":"CommentAction","name":"Comment","target":["https:\/\/diarioprincipios.com\/index.php\/2022\/11\/30\/mas-obras-en-espacios-verdes-de-berazategui\/#respond"]}]},{"@type":"WebPage","@id":"https:\/\/diarioprincipios.com\/index.php\/2022\/11\/30\/mas-obras-en-espacios-verdes-de-berazategui\/","url":"https:\/\/diarioprincipios.com\/index.php\/2022\/11\/30\/mas-obras-en-espacios-verdes-de-berazategui\/","name":"M\u00e1s obras en Espacios Verdes de Berazategui - Principios","isPartOf":{"@id":"https:\/\/diarioprincipios.com\/#website"},"primaryImageOfPage":{"@id":"https:\/\/diarioprincipios.com\/index.php\/2022\/11\/30\/mas-obras-en-espacios-verdes-de-berazategui\/#primaryimage"},"image":{"@id":"https:\/\/diarioprincipios.com\/index.php\/2022\/11\/30\/mas-obras-en-espacios-verdes-de-berazategui\/#primaryimage"},"thumbnailUrl":"https:\/\/diarioprincipios.com\/wp-content\/uploads\/2022\/11\/MAS-OBRAS-EN-ESPACIOS-VERDES-DE-BERAZATEGUI-4-1.jpg","datePublished":"2022-11-30T15:52:10+00:00","dateModified":"2022-11-30T15:52:12+00:00","breadcrumb":{"@id":"https:\/\/diarioprincipios.com\/index.php\/2022\/11\/30\/mas-obras-en-espacios-verdes-de-berazategui\/#breadcrumb"},"inLanguage":"es","potentialAction":[{"@type":"ReadAction","target":["https:\/\/diarioprincipios.com\/index.php\/2022\/11\/30\/mas-obras-en-espacios-verdes-de-berazategui\/"]}]},{"@type":"ImageObject","inLanguage":"es","@id":"https:\/\/diarioprincipios.com\/index.php\/2022\/11\/30\/mas-obras-en-espacios-verdes-de-berazategui\/#primaryimage","url":"https:\/\/diarioprincipios.com\/wp-content\/uploads\/2022\/11\/MAS-OBRAS-EN-ESPACIOS-VERDES-DE-BERAZATEGUI-4-1.jpg","contentUrl":"https:\/\/diarioprincipios.com\/wp-content\/uploads\/2022\/11\/MAS-OBRAS-EN-ESPACIOS-VERDES-DE-BERAZATEGUI-4-1.jpg","width":1599,"height":1066},{"@type":"BreadcrumbList","@id":"https:\/\/diarioprincipios.com\/index.php\/2022\/11\/30\/mas-obras-en-espacios-verdes-de-berazategui\/#breadcrumb","itemListElement":[{"@type":"ListItem","position":1,"name":"Portada","item":"https:\/\/diarioprincipios.com\/"},{"@type":"ListItem","position":2,"name":"M\u00e1s obras en Espacios Verdes de Berazategui"}]},{"@type":"WebSite","@id":"https:\/\/diarioprincipios.com\/#website","url":"https:\/\/diarioprincipios.com\/","name":"Principios","description":"Principios Diario","publisher":{"@id":"https:\/\/diarioprincipios.com\/#organization"},"potentialAction":[{"@type":"SearchAction","target":{"@type":"EntryPoint","urlTemplate":"https:\/\/diarioprincipios.com\/?s={search_term_string}"},"query-input":{"@type":"PropertyValueSpecification","valueRequired":true,"valueName":"search_term_string"}}],"inLanguage":"es"},{"@type":"Organization","@id":"https:\/\/diarioprincipios.com\/#organization","name":"Principios","url":"https:\/\/diarioprincipios.com\/","logo":{"@type":"ImageObject","inLanguage":"es","@id":"https:\/\/diarioprincipios.com\/#\/schema\/logo\/image\/","url":"https:\/\/diarioprincipios.com\/wp-content\/uploads\/2024\/04\/cropped-www.diarioprincipios.com_-1.png","contentUrl":"https:\/\/diarioprincipios.com\/wp-content\/uploads\/2024\/04\/cropped-www.diarioprincipios.com_-1.png","width":5325,"height":1454,"caption":"Principios"},"image":{"@id":"https:\/\/diarioprincipios.com\/#\/schema\/logo\/image\/"}},{"@type":"Person","@id":"https:\/\/diarioprincipios.com\/#\/schema\/person\/436d5a1fd41a5e250e23ff5a6a7cb080","name":"Hern\u00e1n L\u00f3pez","image":{"@type":"ImageObject","inLanguage":"es","@id":"https:\/\/diarioprincipios.com\/wp-content\/litespeed\/avatar\/11ddfe5610ff3bd100522525b2571f48.jpg?ver=1777048341","url":"https:\/\/diarioprincipios.com\/wp-content\/litespeed\/avatar\/11ddfe5610ff3bd100522525b2571f48.jpg?ver=1777048341","contentUrl":"https:\/\/diarioprincipios.com\/wp-content\/litespeed\/avatar\/11ddfe5610ff3bd100522525b2571f48.jpg?ver=1777048341","caption":"Hern\u00e1n L\u00f3pez"},"url":"https:\/\/diarioprincipios.com\/index.php\/author\/hernan\/"}]}},"jetpack_featured_media_url":"https:\/\/diarioprincipios.com\/wp-content\/uploads\/2022\/11\/MAS-OBRAS-EN-ESPACIOS-VERDES-DE-BERAZATEGUI-4-1.jpg","_links":{"self":[{"href":"https:\/\/diarioprincipios.com\/index.php\/wp-json\/wp\/v2\/posts\/15281","targetHints":{"allow":["GET"]}}],"collection":[{"href":"https:\/\/diarioprincipios.com\/index.php\/wp-json\/wp\/v2\/posts"}],"about":[{"href":"https:\/\/diarioprincipios.com\/index.php\/wp-json\/wp\/v2\/types\/post"}],"author":[{"embeddable":true,"href":"https:\/\/diarioprincipios.com\/index.php\/wp-json\/wp\/v2\/users\/2"}],"replies":[{"embeddable":true,"href":"https:\/\/diarioprincipios.com\/index.php\/wp-json\/wp\/v2\/comments?post=15281"}],"version-history":[{"count":1,"href":"https:\/\/diarioprincipios.com\/index.php\/wp-json\/wp\/v2\/posts\/15281\/revisions"}],"predecessor-version":[{"id":15285,"href":"https:\/\/diarioprincipios.com\/index.php\/wp-json\/wp\/v2\/posts\/15281\/revisions\/15285"}],"wp:featuredmedia":[{"embeddable":true,"href":"https:\/\/diarioprincipios.com\/index.php\/wp-json\/wp\/v2\/media\/15284"}],"wp:attachment":[{"href":"https:\/\/diarioprincipios.com\/index.php\/wp-json\/wp\/v2\/media?parent=15281"}],"wp:term":[{"taxonomy":"category","embeddable":true,"href":"https:\/\/diarioprincipios.com\/index.php\/wp-json\/wp\/v2\/categories?post=15281"},{"taxonomy":"post_tag","embeddable":true,"href":"https:\/\/diarioprincipios.com\/index.php\/wp-json\/wp\/v2\/tags?post=15281"}],"curies":[{"name":"wp","href":"https:\/\/api.w.org\/{rel}","templated":true}]}}