{"id":15264,"date":"2022-11-29T16:11:42","date_gmt":"2022-11-29T19:11:42","guid":{"rendered":"http:\/\/diarioprincipios.com\/?p=15264"},"modified":"2022-11-30T03:50:18","modified_gmt":"2022-11-30T06:50:18","slug":"berazategui-conmemora-el-dia-mundial-de-la-accion-contra-el-sida","status":"publish","type":"post","link":"https:\/\/diarioprincipios.com\/index.php\/2022\/11\/29\/berazategui-conmemora-el-dia-mundial-de-la-accion-contra-el-sida\/","title":{"rendered":"Berazategui conmemora el D\u00eda Mundial de la Acci\u00f3n contra el SIDA"},"content":{"rendered":"\n<p><strong>Este jueves 1\u00ba de diciembre se realizar\u00e1 una nueva jornada de concientizaci\u00f3n por el D\u00eda Mundial de la Acci\u00f3n contra el Sida. Bajo el lema ONUSIDA 2022 \u201cIgualdad ya\u201d, habr\u00e1 actividades preventivo-educativas en diferentes puntos de Berazategui.<\/strong><\/p>\n\n\n\n<p>A partir de las 8.00, se realizar\u00e1 la tradicional correcaminata con 4 kil\u00f3metros de recorrido por las calles c\u00e9ntricas. El punto de partida ser\u00e1 el Centro Municipal de Actividades Roberto De Vicenzo. All\u00ed, tambi\u00e9n, de 9.00 a 13.00 se presentar\u00e1n obras de teatro con tem\u00e1ticas de prevenci\u00f3n y concientizaci\u00f3n sobre las diferentes enfermedades de transmisi\u00f3n sexual. En ese mismo lugar, a las 13.00, se premiar\u00e1 a las escuelas p\u00fablicas y privadas locales que participaron del Concurso de Nuevas Tecnolog\u00edas M\u00f3viles 2022.<\/p>\n\n\n\n<figure class=\"wp-block-image size-large\"><img loading=\"lazy\" decoding=\"async\" width=\"1024\" height=\"683\" src=\"https:\/\/diarioprincipios.com\/wp-content\/uploads\/2022\/11\/BERAZATEGUI-CONMEMORA-EL-DIA-MUNDIAL-DE-LA-ACCION-CONTRA-EL-SIDA-2-1-1024x683.jpg\" alt=\"\" class=\"wp-image-15265\" srcset=\"https:\/\/diarioprincipios.com\/wp-content\/uploads\/2022\/11\/BERAZATEGUI-CONMEMORA-EL-DIA-MUNDIAL-DE-LA-ACCION-CONTRA-EL-SIDA-2-1-1024x683.jpg 1024w, https:\/\/diarioprincipios.com\/wp-content\/uploads\/2022\/11\/BERAZATEGUI-CONMEMORA-EL-DIA-MUNDIAL-DE-LA-ACCION-CONTRA-EL-SIDA-2-1-300x200.jpg 300w, https:\/\/diarioprincipios.com\/wp-content\/uploads\/2022\/11\/BERAZATEGUI-CONMEMORA-EL-DIA-MUNDIAL-DE-LA-ACCION-CONTRA-EL-SIDA-2-1-768x512.jpg 768w, https:\/\/diarioprincipios.com\/wp-content\/uploads\/2022\/11\/BERAZATEGUI-CONMEMORA-EL-DIA-MUNDIAL-DE-LA-ACCION-CONTRA-EL-SIDA-2-1-1536x1024.jpg 1536w, https:\/\/diarioprincipios.com\/wp-content\/uploads\/2022\/11\/BERAZATEGUI-CONMEMORA-EL-DIA-MUNDIAL-DE-LA-ACCION-CONTRA-EL-SIDA-2-1.jpg 1920w\" sizes=\"auto, (max-width: 1024px) 100vw, 1024px\" \/><\/figure>\n\n\n\n<p>Al respecto, Remo Salve -asesor de la Secretar\u00eda de Pol\u00edticas Socio-Educativas municipal-, expres\u00f3: \u201cLas jornadas del 1\u00ba de diciembre son un cl\u00e1sico en Berazategui. Ese d\u00eda, los chicos y chicas tienen la oportunidad de mostrar todo el trabajo realizado durante el a\u00f1o en sus escuelas, con respecto a la concientizaci\u00f3n sobre las enfermedades de transmisi\u00f3n sexual y VIH\/SIDA\u201d.<\/p>\n\n\n\n<p>En ese sentido, Salve explic\u00f3 que \u201ccuando interpel\u00e1s a los estudiantes a trav\u00e9s de la realizaci\u00f3n de obras de teatro o concursos de nuevas tecnolog\u00edas, gener\u00e1s que se junten, que trabajen en grupo y que hablen sobre el tema. Hay un antes y un despu\u00e9s en las vidas de quienes participan, que se nota en c\u00f3mo le inculcan a los mayores, por ejemplo, que utilicen preservativo\u201d.<\/p>\n\n\n\n<figure class=\"wp-block-image size-large\"><img loading=\"lazy\" decoding=\"async\" width=\"1024\" height=\"683\" src=\"https:\/\/diarioprincipios.com\/wp-content\/uploads\/2022\/11\/BERAZATEGUI-CONMEMORA-EL-DIA-MUNDIAL-DE-LA-ACCION-CONTRA-EL-SIDA-3-1-1024x683.jpg\" alt=\"\" class=\"wp-image-15266\" srcset=\"https:\/\/diarioprincipios.com\/wp-content\/uploads\/2022\/11\/BERAZATEGUI-CONMEMORA-EL-DIA-MUNDIAL-DE-LA-ACCION-CONTRA-EL-SIDA-3-1-1024x683.jpg 1024w, https:\/\/diarioprincipios.com\/wp-content\/uploads\/2022\/11\/BERAZATEGUI-CONMEMORA-EL-DIA-MUNDIAL-DE-LA-ACCION-CONTRA-EL-SIDA-3-1-300x200.jpg 300w, https:\/\/diarioprincipios.com\/wp-content\/uploads\/2022\/11\/BERAZATEGUI-CONMEMORA-EL-DIA-MUNDIAL-DE-LA-ACCION-CONTRA-EL-SIDA-3-1-768x512.jpg 768w, https:\/\/diarioprincipios.com\/wp-content\/uploads\/2022\/11\/BERAZATEGUI-CONMEMORA-EL-DIA-MUNDIAL-DE-LA-ACCION-CONTRA-EL-SIDA-3-1-1536x1024.jpg 1536w, https:\/\/diarioprincipios.com\/wp-content\/uploads\/2022\/11\/BERAZATEGUI-CONMEMORA-EL-DIA-MUNDIAL-DE-LA-ACCION-CONTRA-EL-SIDA-3-1.jpg 1920w\" sizes=\"auto, (max-width: 1024px) 100vw, 1024px\" \/><\/figure>\n\n\n\n<p>Y agreg\u00f3: \u201cSi bien, en un primer momento consider\u00e1bamos que la mejor \u2018vacuna\u2019 era la informaci\u00f3n, nos dimos cuenta que esto no era suficiente. Creemos que tambi\u00e9n es muy importante la educaci\u00f3n para concientizar y prevenir. Trabajamos codo a codo con las y los docentes de Berazategui, quienes se capacitan y manejan muy bien las herramientas que les brindamos\u201d.<\/p>\n\n\n\n<p>El 1\u00ba de diciembre, adem\u00e1s, habr\u00e1 un Centro de testeo r\u00e1pido de VIH\/S\u00edfilis en la Peatonal de Av. 14 y 147, de 8.30 a 12.30, en donde los vecinos podr\u00e1n realizarse el estudio gratuito, voluntario y confidencial para conocer su diagn\u00f3stico.<\/p>\n","protected":false},"excerpt":{"rendered":"<p>Este jueves 1\u00ba de diciembre se realizar\u00e1 una nueva jornada de concientizaci\u00f3n por el D\u00eda Mundial de la Acci\u00f3n contra el Sida. Bajo el lema ONUSIDA 2022 \u201cIgualdad ya\u201d, habr\u00e1 actividades preventivo-educativas en diferentes puntos de Berazategui. A partir de las 8.00, se realizar\u00e1 la tradicional correcaminata con 4 kil\u00f3metros de recorrido por las calles&#8230;<\/p>\n","protected":false},"author":2,"featured_media":15267,"comment_status":"open","ping_status":"open","sticky":false,"template":"","format":"standard","meta":{"footnotes":""},"categories":[3],"tags":[],"class_list":["post-15264","post","type-post","status-publish","format-standard","has-post-thumbnail","hentry","category-berazategui"],"featured_image_src":"https:\/\/diarioprincipios.com\/wp-content\/uploads\/2022\/11\/BERAZATEGUI-CONMEMORA-EL-DIA-MUNDIAL-DE-LA-ACCION-CONTRA-EL-SIDA-4-1-1024x683.jpg","blog_images":{"medium":"https:\/\/diarioprincipios.com\/wp-content\/uploads\/2022\/11\/BERAZATEGUI-CONMEMORA-EL-DIA-MUNDIAL-DE-LA-ACCION-CONTRA-EL-SIDA-4-1-300x200.jpg","large":"https:\/\/diarioprincipios.com\/wp-content\/uploads\/2022\/11\/BERAZATEGUI-CONMEMORA-EL-DIA-MUNDIAL-DE-LA-ACCION-CONTRA-EL-SIDA-4-1-1024x683.jpg"},"ams_acf":[],"yoast_head":"<!-- This site is optimized with the Yoast SEO plugin v27.3 - https:\/\/yoast.com\/product\/yoast-seo-wordpress\/ -->\n<title>Berazategui conmemora el D\u00eda Mundial de la Acci\u00f3n contra el SIDA - Principios<\/title>\n<meta name=\"robots\" content=\"index, follow, max-snippet:-1, max-image-preview:large, max-video-preview:-1\" \/>\n<link rel=\"canonical\" href=\"https:\/\/diarioprincipios.com\/index.php\/2022\/11\/29\/berazategui-conmemora-el-dia-mundial-de-la-accion-contra-el-sida\/\" \/>\n<meta property=\"og:locale\" content=\"es_ES\" \/>\n<meta property=\"og:type\" content=\"article\" \/>\n<meta property=\"og:title\" content=\"Berazategui conmemora el D\u00eda Mundial de la Acci\u00f3n contra el SIDA - Principios\" \/>\n<meta property=\"og:description\" content=\"Este jueves 1\u00ba de diciembre se realizar\u00e1 una nueva jornada de concientizaci\u00f3n por el D\u00eda Mundial de la Acci\u00f3n contra el Sida. Bajo el lema ONUSIDA 2022 \u201cIgualdad ya\u201d, habr\u00e1 actividades preventivo-educativas en diferentes puntos de Berazategui. A partir de las 8.00, se realizar\u00e1 la tradicional correcaminata con 4 kil\u00f3metros de recorrido por las calles...\" \/>\n<meta property=\"og:url\" content=\"https:\/\/diarioprincipios.com\/index.php\/2022\/11\/29\/berazategui-conmemora-el-dia-mundial-de-la-accion-contra-el-sida\/\" \/>\n<meta property=\"og:site_name\" content=\"Principios\" \/>\n<meta property=\"article:published_time\" content=\"2022-11-29T19:11:42+00:00\" \/>\n<meta property=\"article:modified_time\" content=\"2022-11-30T06:50:18+00:00\" \/>\n<meta property=\"og:image\" content=\"https:\/\/diarioprincipios.com\/wp-content\/uploads\/2022\/11\/BERAZATEGUI-CONMEMORA-EL-DIA-MUNDIAL-DE-LA-ACCION-CONTRA-EL-SIDA-4-1.jpg\" \/>\n\t<meta property=\"og:image:width\" content=\"1920\" \/>\n\t<meta property=\"og:image:height\" content=\"1280\" \/>\n\t<meta property=\"og:image:type\" content=\"image\/jpeg\" \/>\n<meta name=\"author\" content=\"Hern\u00e1n L\u00f3pez\" \/>\n<meta name=\"twitter:card\" content=\"summary_large_image\" \/>\n<meta name=\"twitter:label1\" content=\"Escrito por\" \/>\n\t<meta name=\"twitter:data1\" content=\"Hern\u00e1n L\u00f3pez\" \/>\n\t<meta name=\"twitter:label2\" content=\"Tiempo de lectura\" \/>\n\t<meta name=\"twitter:data2\" content=\"2 minutos\" \/>\n<script type=\"application\/ld+json\" class=\"yoast-schema-graph\">{\"@context\":\"https:\\\/\\\/schema.org\",\"@graph\":[{\"@type\":\"Article\",\"@id\":\"https:\\\/\\\/diarioprincipios.com\\\/index.php\\\/2022\\\/11\\\/29\\\/berazategui-conmemora-el-dia-mundial-de-la-accion-contra-el-sida\\\/#article\",\"isPartOf\":{\"@id\":\"https:\\\/\\\/diarioprincipios.com\\\/index.php\\\/2022\\\/11\\\/29\\\/berazategui-conmemora-el-dia-mundial-de-la-accion-contra-el-sida\\\/\"},\"author\":{\"name\":\"Hern\u00e1n L\u00f3pez\",\"@id\":\"https:\\\/\\\/diarioprincipios.com\\\/#\\\/schema\\\/person\\\/436d5a1fd41a5e250e23ff5a6a7cb080\"},\"headline\":\"Berazategui conmemora el D\u00eda Mundial de la Acci\u00f3n contra el SIDA\",\"datePublished\":\"2022-11-29T19:11:42+00:00\",\"dateModified\":\"2022-11-30T06:50:18+00:00\",\"mainEntityOfPage\":{\"@id\":\"https:\\\/\\\/diarioprincipios.com\\\/index.php\\\/2022\\\/11\\\/29\\\/berazategui-conmemora-el-dia-mundial-de-la-accion-contra-el-sida\\\/\"},\"wordCount\":380,\"commentCount\":0,\"publisher\":{\"@id\":\"https:\\\/\\\/diarioprincipios.com\\\/#organization\"},\"image\":{\"@id\":\"https:\\\/\\\/diarioprincipios.com\\\/index.php\\\/2022\\\/11\\\/29\\\/berazategui-conmemora-el-dia-mundial-de-la-accion-contra-el-sida\\\/#primaryimage\"},\"thumbnailUrl\":\"https:\\\/\\\/diarioprincipios.com\\\/wp-content\\\/uploads\\\/2022\\\/11\\\/BERAZATEGUI-CONMEMORA-EL-DIA-MUNDIAL-DE-LA-ACCION-CONTRA-EL-SIDA-4-1.jpg\",\"articleSection\":[\"Berazategui\"],\"inLanguage\":\"es\",\"potentialAction\":[{\"@type\":\"CommentAction\",\"name\":\"Comment\",\"target\":[\"https:\\\/\\\/diarioprincipios.com\\\/index.php\\\/2022\\\/11\\\/29\\\/berazategui-conmemora-el-dia-mundial-de-la-accion-contra-el-sida\\\/#respond\"]}]},{\"@type\":\"WebPage\",\"@id\":\"https:\\\/\\\/diarioprincipios.com\\\/index.php\\\/2022\\\/11\\\/29\\\/berazategui-conmemora-el-dia-mundial-de-la-accion-contra-el-sida\\\/\",\"url\":\"https:\\\/\\\/diarioprincipios.com\\\/index.php\\\/2022\\\/11\\\/29\\\/berazategui-conmemora-el-dia-mundial-de-la-accion-contra-el-sida\\\/\",\"name\":\"Berazategui conmemora el D\u00eda Mundial de la Acci\u00f3n contra el SIDA - Principios\",\"isPartOf\":{\"@id\":\"https:\\\/\\\/diarioprincipios.com\\\/#website\"},\"primaryImageOfPage\":{\"@id\":\"https:\\\/\\\/diarioprincipios.com\\\/index.php\\\/2022\\\/11\\\/29\\\/berazategui-conmemora-el-dia-mundial-de-la-accion-contra-el-sida\\\/#primaryimage\"},\"image\":{\"@id\":\"https:\\\/\\\/diarioprincipios.com\\\/index.php\\\/2022\\\/11\\\/29\\\/berazategui-conmemora-el-dia-mundial-de-la-accion-contra-el-sida\\\/#primaryimage\"},\"thumbnailUrl\":\"https:\\\/\\\/diarioprincipios.com\\\/wp-content\\\/uploads\\\/2022\\\/11\\\/BERAZATEGUI-CONMEMORA-EL-DIA-MUNDIAL-DE-LA-ACCION-CONTRA-EL-SIDA-4-1.jpg\",\"datePublished\":\"2022-11-29T19:11:42+00:00\",\"dateModified\":\"2022-11-30T06:50:18+00:00\",\"breadcrumb\":{\"@id\":\"https:\\\/\\\/diarioprincipios.com\\\/index.php\\\/2022\\\/11\\\/29\\\/berazategui-conmemora-el-dia-mundial-de-la-accion-contra-el-sida\\\/#breadcrumb\"},\"inLanguage\":\"es\",\"potentialAction\":[{\"@type\":\"ReadAction\",\"target\":[\"https:\\\/\\\/diarioprincipios.com\\\/index.php\\\/2022\\\/11\\\/29\\\/berazategui-conmemora-el-dia-mundial-de-la-accion-contra-el-sida\\\/\"]}]},{\"@type\":\"ImageObject\",\"inLanguage\":\"es\",\"@id\":\"https:\\\/\\\/diarioprincipios.com\\\/index.php\\\/2022\\\/11\\\/29\\\/berazategui-conmemora-el-dia-mundial-de-la-accion-contra-el-sida\\\/#primaryimage\",\"url\":\"https:\\\/\\\/diarioprincipios.com\\\/wp-content\\\/uploads\\\/2022\\\/11\\\/BERAZATEGUI-CONMEMORA-EL-DIA-MUNDIAL-DE-LA-ACCION-CONTRA-EL-SIDA-4-1.jpg\",\"contentUrl\":\"https:\\\/\\\/diarioprincipios.com\\\/wp-content\\\/uploads\\\/2022\\\/11\\\/BERAZATEGUI-CONMEMORA-EL-DIA-MUNDIAL-DE-LA-ACCION-CONTRA-EL-SIDA-4-1.jpg\",\"width\":1920,\"height\":1280},{\"@type\":\"BreadcrumbList\",\"@id\":\"https:\\\/\\\/diarioprincipios.com\\\/index.php\\\/2022\\\/11\\\/29\\\/berazategui-conmemora-el-dia-mundial-de-la-accion-contra-el-sida\\\/#breadcrumb\",\"itemListElement\":[{\"@type\":\"ListItem\",\"position\":1,\"name\":\"Portada\",\"item\":\"https:\\\/\\\/diarioprincipios.com\\\/\"},{\"@type\":\"ListItem\",\"position\":2,\"name\":\"Berazategui conmemora el D\u00eda Mundial de la Acci\u00f3n contra el SIDA\"}]},{\"@type\":\"WebSite\",\"@id\":\"https:\\\/\\\/diarioprincipios.com\\\/#website\",\"url\":\"https:\\\/\\\/diarioprincipios.com\\\/\",\"name\":\"Principios\",\"description\":\"Principios Diario\",\"publisher\":{\"@id\":\"https:\\\/\\\/diarioprincipios.com\\\/#organization\"},\"potentialAction\":[{\"@type\":\"SearchAction\",\"target\":{\"@type\":\"EntryPoint\",\"urlTemplate\":\"https:\\\/\\\/diarioprincipios.com\\\/?s={search_term_string}\"},\"query-input\":{\"@type\":\"PropertyValueSpecification\",\"valueRequired\":true,\"valueName\":\"search_term_string\"}}],\"inLanguage\":\"es\"},{\"@type\":\"Organization\",\"@id\":\"https:\\\/\\\/diarioprincipios.com\\\/#organization\",\"name\":\"Principios\",\"url\":\"https:\\\/\\\/diarioprincipios.com\\\/\",\"logo\":{\"@type\":\"ImageObject\",\"inLanguage\":\"es\",\"@id\":\"https:\\\/\\\/diarioprincipios.com\\\/#\\\/schema\\\/logo\\\/image\\\/\",\"url\":\"https:\\\/\\\/diarioprincipios.com\\\/wp-content\\\/uploads\\\/2024\\\/04\\\/cropped-www.diarioprincipios.com_-1.png\",\"contentUrl\":\"https:\\\/\\\/diarioprincipios.com\\\/wp-content\\\/uploads\\\/2024\\\/04\\\/cropped-www.diarioprincipios.com_-1.png\",\"width\":5325,\"height\":1454,\"caption\":\"Principios\"},\"image\":{\"@id\":\"https:\\\/\\\/diarioprincipios.com\\\/#\\\/schema\\\/logo\\\/image\\\/\"}},{\"@type\":\"Person\",\"@id\":\"https:\\\/\\\/diarioprincipios.com\\\/#\\\/schema\\\/person\\\/436d5a1fd41a5e250e23ff5a6a7cb080\",\"name\":\"Hern\u00e1n L\u00f3pez\",\"image\":{\"@type\":\"ImageObject\",\"inLanguage\":\"es\",\"@id\":\"https:\\\/\\\/diarioprincipios.com\\\/wp-content\\\/litespeed\\\/avatar\\\/11ddfe5610ff3bd100522525b2571f48.jpg?ver=1777048341\",\"url\":\"https:\\\/\\\/diarioprincipios.com\\\/wp-content\\\/litespeed\\\/avatar\\\/11ddfe5610ff3bd100522525b2571f48.jpg?ver=1777048341\",\"contentUrl\":\"https:\\\/\\\/diarioprincipios.com\\\/wp-content\\\/litespeed\\\/avatar\\\/11ddfe5610ff3bd100522525b2571f48.jpg?ver=1777048341\",\"caption\":\"Hern\u00e1n L\u00f3pez\"},\"url\":\"https:\\\/\\\/diarioprincipios.com\\\/index.php\\\/author\\\/hernan\\\/\"}]}<\/script>\n<!-- \/ Yoast SEO plugin. -->","yoast_head_json":{"title":"Berazategui conmemora el D\u00eda Mundial de la Acci\u00f3n contra el SIDA - Principios","robots":{"index":"index","follow":"follow","max-snippet":"max-snippet:-1","max-image-preview":"max-image-preview:large","max-video-preview":"max-video-preview:-1"},"canonical":"https:\/\/diarioprincipios.com\/index.php\/2022\/11\/29\/berazategui-conmemora-el-dia-mundial-de-la-accion-contra-el-sida\/","og_locale":"es_ES","og_type":"article","og_title":"Berazategui conmemora el D\u00eda Mundial de la Acci\u00f3n contra el SIDA - Principios","og_description":"Este jueves 1\u00ba de diciembre se realizar\u00e1 una nueva jornada de concientizaci\u00f3n por el D\u00eda Mundial de la Acci\u00f3n contra el Sida. Bajo el lema ONUSIDA 2022 \u201cIgualdad ya\u201d, habr\u00e1 actividades preventivo-educativas en diferentes puntos de Berazategui. A partir de las 8.00, se realizar\u00e1 la tradicional correcaminata con 4 kil\u00f3metros de recorrido por las calles...","og_url":"https:\/\/diarioprincipios.com\/index.php\/2022\/11\/29\/berazategui-conmemora-el-dia-mundial-de-la-accion-contra-el-sida\/","og_site_name":"Principios","article_published_time":"2022-11-29T19:11:42+00:00","article_modified_time":"2022-11-30T06:50:18+00:00","og_image":[{"width":1920,"height":1280,"url":"https:\/\/diarioprincipios.com\/wp-content\/uploads\/2022\/11\/BERAZATEGUI-CONMEMORA-EL-DIA-MUNDIAL-DE-LA-ACCION-CONTRA-EL-SIDA-4-1.jpg","type":"image\/jpeg"}],"author":"Hern\u00e1n L\u00f3pez","twitter_card":"summary_large_image","twitter_misc":{"Escrito por":"Hern\u00e1n L\u00f3pez","Tiempo de lectura":"2 minutos"},"schema":{"@context":"https:\/\/schema.org","@graph":[{"@type":"Article","@id":"https:\/\/diarioprincipios.com\/index.php\/2022\/11\/29\/berazategui-conmemora-el-dia-mundial-de-la-accion-contra-el-sida\/#article","isPartOf":{"@id":"https:\/\/diarioprincipios.com\/index.php\/2022\/11\/29\/berazategui-conmemora-el-dia-mundial-de-la-accion-contra-el-sida\/"},"author":{"name":"Hern\u00e1n L\u00f3pez","@id":"https:\/\/diarioprincipios.com\/#\/schema\/person\/436d5a1fd41a5e250e23ff5a6a7cb080"},"headline":"Berazategui conmemora el D\u00eda Mundial de la Acci\u00f3n contra el SIDA","datePublished":"2022-11-29T19:11:42+00:00","dateModified":"2022-11-30T06:50:18+00:00","mainEntityOfPage":{"@id":"https:\/\/diarioprincipios.com\/index.php\/2022\/11\/29\/berazategui-conmemora-el-dia-mundial-de-la-accion-contra-el-sida\/"},"wordCount":380,"commentCount":0,"publisher":{"@id":"https:\/\/diarioprincipios.com\/#organization"},"image":{"@id":"https:\/\/diarioprincipios.com\/index.php\/2022\/11\/29\/berazategui-conmemora-el-dia-mundial-de-la-accion-contra-el-sida\/#primaryimage"},"thumbnailUrl":"https:\/\/diarioprincipios.com\/wp-content\/uploads\/2022\/11\/BERAZATEGUI-CONMEMORA-EL-DIA-MUNDIAL-DE-LA-ACCION-CONTRA-EL-SIDA-4-1.jpg","articleSection":["Berazategui"],"inLanguage":"es","potentialAction":[{"@type":"CommentAction","name":"Comment","target":["https:\/\/diarioprincipios.com\/index.php\/2022\/11\/29\/berazategui-conmemora-el-dia-mundial-de-la-accion-contra-el-sida\/#respond"]}]},{"@type":"WebPage","@id":"https:\/\/diarioprincipios.com\/index.php\/2022\/11\/29\/berazategui-conmemora-el-dia-mundial-de-la-accion-contra-el-sida\/","url":"https:\/\/diarioprincipios.com\/index.php\/2022\/11\/29\/berazategui-conmemora-el-dia-mundial-de-la-accion-contra-el-sida\/","name":"Berazategui conmemora el D\u00eda Mundial de la Acci\u00f3n contra el SIDA - Principios","isPartOf":{"@id":"https:\/\/diarioprincipios.com\/#website"},"primaryImageOfPage":{"@id":"https:\/\/diarioprincipios.com\/index.php\/2022\/11\/29\/berazategui-conmemora-el-dia-mundial-de-la-accion-contra-el-sida\/#primaryimage"},"image":{"@id":"https:\/\/diarioprincipios.com\/index.php\/2022\/11\/29\/berazategui-conmemora-el-dia-mundial-de-la-accion-contra-el-sida\/#primaryimage"},"thumbnailUrl":"https:\/\/diarioprincipios.com\/wp-content\/uploads\/2022\/11\/BERAZATEGUI-CONMEMORA-EL-DIA-MUNDIAL-DE-LA-ACCION-CONTRA-EL-SIDA-4-1.jpg","datePublished":"2022-11-29T19:11:42+00:00","dateModified":"2022-11-30T06:50:18+00:00","breadcrumb":{"@id":"https:\/\/diarioprincipios.com\/index.php\/2022\/11\/29\/berazategui-conmemora-el-dia-mundial-de-la-accion-contra-el-sida\/#breadcrumb"},"inLanguage":"es","potentialAction":[{"@type":"ReadAction","target":["https:\/\/diarioprincipios.com\/index.php\/2022\/11\/29\/berazategui-conmemora-el-dia-mundial-de-la-accion-contra-el-sida\/"]}]},{"@type":"ImageObject","inLanguage":"es","@id":"https:\/\/diarioprincipios.com\/index.php\/2022\/11\/29\/berazategui-conmemora-el-dia-mundial-de-la-accion-contra-el-sida\/#primaryimage","url":"https:\/\/diarioprincipios.com\/wp-content\/uploads\/2022\/11\/BERAZATEGUI-CONMEMORA-EL-DIA-MUNDIAL-DE-LA-ACCION-CONTRA-EL-SIDA-4-1.jpg","contentUrl":"https:\/\/diarioprincipios.com\/wp-content\/uploads\/2022\/11\/BERAZATEGUI-CONMEMORA-EL-DIA-MUNDIAL-DE-LA-ACCION-CONTRA-EL-SIDA-4-1.jpg","width":1920,"height":1280},{"@type":"BreadcrumbList","@id":"https:\/\/diarioprincipios.com\/index.php\/2022\/11\/29\/berazategui-conmemora-el-dia-mundial-de-la-accion-contra-el-sida\/#breadcrumb","itemListElement":[{"@type":"ListItem","position":1,"name":"Portada","item":"https:\/\/diarioprincipios.com\/"},{"@type":"ListItem","position":2,"name":"Berazategui conmemora el D\u00eda Mundial de la Acci\u00f3n contra el SIDA"}]},{"@type":"WebSite","@id":"https:\/\/diarioprincipios.com\/#website","url":"https:\/\/diarioprincipios.com\/","name":"Principios","description":"Principios Diario","publisher":{"@id":"https:\/\/diarioprincipios.com\/#organization"},"potentialAction":[{"@type":"SearchAction","target":{"@type":"EntryPoint","urlTemplate":"https:\/\/diarioprincipios.com\/?s={search_term_string}"},"query-input":{"@type":"PropertyValueSpecification","valueRequired":true,"valueName":"search_term_string"}}],"inLanguage":"es"},{"@type":"Organization","@id":"https:\/\/diarioprincipios.com\/#organization","name":"Principios","url":"https:\/\/diarioprincipios.com\/","logo":{"@type":"ImageObject","inLanguage":"es","@id":"https:\/\/diarioprincipios.com\/#\/schema\/logo\/image\/","url":"https:\/\/diarioprincipios.com\/wp-content\/uploads\/2024\/04\/cropped-www.diarioprincipios.com_-1.png","contentUrl":"https:\/\/diarioprincipios.com\/wp-content\/uploads\/2024\/04\/cropped-www.diarioprincipios.com_-1.png","width":5325,"height":1454,"caption":"Principios"},"image":{"@id":"https:\/\/diarioprincipios.com\/#\/schema\/logo\/image\/"}},{"@type":"Person","@id":"https:\/\/diarioprincipios.com\/#\/schema\/person\/436d5a1fd41a5e250e23ff5a6a7cb080","name":"Hern\u00e1n L\u00f3pez","image":{"@type":"ImageObject","inLanguage":"es","@id":"https:\/\/diarioprincipios.com\/wp-content\/litespeed\/avatar\/11ddfe5610ff3bd100522525b2571f48.jpg?ver=1777048341","url":"https:\/\/diarioprincipios.com\/wp-content\/litespeed\/avatar\/11ddfe5610ff3bd100522525b2571f48.jpg?ver=1777048341","contentUrl":"https:\/\/diarioprincipios.com\/wp-content\/litespeed\/avatar\/11ddfe5610ff3bd100522525b2571f48.jpg?ver=1777048341","caption":"Hern\u00e1n L\u00f3pez"},"url":"https:\/\/diarioprincipios.com\/index.php\/author\/hernan\/"}]}},"jetpack_featured_media_url":"https:\/\/diarioprincipios.com\/wp-content\/uploads\/2022\/11\/BERAZATEGUI-CONMEMORA-EL-DIA-MUNDIAL-DE-LA-ACCION-CONTRA-EL-SIDA-4-1.jpg","_links":{"self":[{"href":"https:\/\/diarioprincipios.com\/index.php\/wp-json\/wp\/v2\/posts\/15264","targetHints":{"allow":["GET"]}}],"collection":[{"href":"https:\/\/diarioprincipios.com\/index.php\/wp-json\/wp\/v2\/posts"}],"about":[{"href":"https:\/\/diarioprincipios.com\/index.php\/wp-json\/wp\/v2\/types\/post"}],"author":[{"embeddable":true,"href":"https:\/\/diarioprincipios.com\/index.php\/wp-json\/wp\/v2\/users\/2"}],"replies":[{"embeddable":true,"href":"https:\/\/diarioprincipios.com\/index.php\/wp-json\/wp\/v2\/comments?post=15264"}],"version-history":[{"count":1,"href":"https:\/\/diarioprincipios.com\/index.php\/wp-json\/wp\/v2\/posts\/15264\/revisions"}],"predecessor-version":[{"id":15268,"href":"https:\/\/diarioprincipios.com\/index.php\/wp-json\/wp\/v2\/posts\/15264\/revisions\/15268"}],"wp:featuredmedia":[{"embeddable":true,"href":"https:\/\/diarioprincipios.com\/index.php\/wp-json\/wp\/v2\/media\/15267"}],"wp:attachment":[{"href":"https:\/\/diarioprincipios.com\/index.php\/wp-json\/wp\/v2\/media?parent=15264"}],"wp:term":[{"taxonomy":"category","embeddable":true,"href":"https:\/\/diarioprincipios.com\/index.php\/wp-json\/wp\/v2\/categories?post=15264"},{"taxonomy":"post_tag","embeddable":true,"href":"https:\/\/diarioprincipios.com\/index.php\/wp-json\/wp\/v2\/tags?post=15264"}],"curies":[{"name":"wp","href":"https:\/\/api.w.org\/{rel}","templated":true}]}}