{"id":15260,"date":"2022-11-30T02:38:57","date_gmt":"2022-11-30T05:38:57","guid":{"rendered":"http:\/\/diarioprincipios.com\/?p=15260"},"modified":"2022-11-30T12:59:28","modified_gmt":"2022-11-30T15:59:28","slug":"__trashed","status":"publish","type":"post","link":"https:\/\/diarioprincipios.com\/index.php\/2022\/11\/30\/__trashed\/","title":{"rendered":"Segundo Encuentro del Programa Municipal Escuelas Sustentables."},"content":{"rendered":"\n<p><strong>Se realiz\u00f3 el segundo encuentro del Programa Municipal Escuelas Sustentables. Esta iniciativa propone que la comunidad educativa de Berazategui participe activamente de la concientizaci\u00f3n y generaci\u00f3n de h\u00e1bitos y l\u00f3gicas que contribuyan al cuidado del ambiente. En esta oportunidad, la jornada se hizo en el Complejo Cultural Municipal La Calle.<\/strong><\/p>\n\n\n\n<p>La reuni\u00f3n se organiz\u00f3 en dos bloques. La primera parte cont\u00f3 con disertaciones a cargo de Clara C\u00e1rdenas, directora provincial de Educaci\u00f3n y Participaci\u00f3n Ambiental; Alejandro Falc\u00f3, ingeniero especialista en Ingenier\u00eda Ambiental; Noelia La Porta, profesora y referente del Programa en la Secundaria N\u00ba 38 y los CENS N\u00ba 453 y 456; adem\u00e1s de estudiantes de la licenciatura en Gesti\u00f3n Ambiental de la Universidad Nacional Arturo Jauretche (UNAJ).<\/p>\n\n\n\n<p>La segunda parte consisti\u00f3 en un taller pr\u00e1ctico, con el objetivo de compartir experiencias, aprendizajes y construir -de manera colectiva- un abordaje de las problem\u00e1ticas ambientales.<\/p>\n\n\n\n<p>Durante el encuentro, Andr\u00e9s Piccinini -director municipal de Ambiente y Desarrollo Sustentable- inform\u00f3: \u201cParticiparon directivos, docentes, auxiliares y estudiantes representantes de los establecimientos educativos que forman parte del programa. En total son 113 escuelas con participaci\u00f3n activa. Nos reunimos para hacer una puesta en com\u00fan del trabajo realizado a lo largo del a\u00f1o y capitalizar los aprendizajes en relaci\u00f3n al reciclaje, compostaje y forestaci\u00f3n\u201d. Y agreg\u00f3: \u201cEsta es una tarea que realizamos junto con el Consejo Escolar, las Secretar\u00edas de Organizaciones No Gubernamentales y de Cultura y Educaci\u00f3n, la UNAJ y diferentes organismos provinciales\u201d.<\/p>\n\n\n\n<p>Asimismo, Alejandro Falc\u00f3 resalt\u00f3: \u201cEste proyecto es ejemplar y deber\u00eda ser replicado en otros lugares. Es importante la articulaci\u00f3n entre el Municipio y las escuelas, porque las instituciones educativas son instancias donde se puede reforzar el aprendizaje del cuidado del ambiente y apuntar a una sustentabilidad no solo ambiental, sino tambi\u00e9n social y econ\u00f3mica. Cuando los estudiantes, docentes, funcionarios y vecinos en general toman conciencia de esto, deben convertirse autom\u00e1ticamente en agentes multiplicadores\u201d.<\/p>\n\n\n\n<p>Entre sus principales objetivos, Escuelas Sustentables busca concientizar y ense\u00f1ar h\u00e1bitos para mejorar las condiciones de habitabilidad de nuestro distrito, a trav\u00e9s de una transici\u00f3n cultural hacia nuevas l\u00f3gicas sustentables, con el protagonismo de la comunidad educativa. Adem\u00e1s, apunta a la forestaci\u00f3n de los espacios escolares, para que los estudiantes vivencien el contacto con la naturaleza y aprendan su valor, los beneficios para la vida cotidiana, la importancia de su cuidado y la necesidad de su producci\u00f3n.<\/p>\n","protected":false},"excerpt":{"rendered":"<p>Se realiz\u00f3 el segundo encuentro del Programa Municipal Escuelas Sustentables. Esta iniciativa propone que la comunidad educativa de Berazategui participe activamente de la concientizaci\u00f3n y generaci\u00f3n de h\u00e1bitos y l\u00f3gicas que contribuyan al cuidado del ambiente. En esta oportunidad, la jornada se hizo en el Complejo Cultural Municipal La Calle. La reuni\u00f3n se organiz\u00f3 en&#8230;<\/p>\n","protected":false},"author":2,"featured_media":15287,"comment_status":"open","ping_status":"open","sticky":false,"template":"","format":"standard","meta":{"footnotes":""},"categories":[3],"tags":[],"class_list":["post-15260","post","type-post","status-publish","format-standard","has-post-thumbnail","hentry","category-berazategui"],"featured_image_src":"https:\/\/diarioprincipios.com\/wp-content\/uploads\/2022\/11\/2\u00b0-ENCUENTRO-DEL-PROGRAMA-MUNICIPAL-ESCUELAS-SUSTENTABLES-2-1-1024x682.jpg","blog_images":{"medium":"https:\/\/diarioprincipios.com\/wp-content\/uploads\/2022\/11\/2\u00b0-ENCUENTRO-DEL-PROGRAMA-MUNICIPAL-ESCUELAS-SUSTENTABLES-2-1-300x200.jpg","large":"https:\/\/diarioprincipios.com\/wp-content\/uploads\/2022\/11\/2\u00b0-ENCUENTRO-DEL-PROGRAMA-MUNICIPAL-ESCUELAS-SUSTENTABLES-2-1-1024x682.jpg"},"ams_acf":[],"yoast_head":"<!-- This site is optimized with the Yoast SEO plugin v27.3 - https:\/\/yoast.com\/product\/yoast-seo-wordpress\/ -->\n<title>Segundo Encuentro del Programa Municipal Escuelas Sustentables. - Principios<\/title>\n<meta name=\"robots\" content=\"index, follow, max-snippet:-1, max-image-preview:large, max-video-preview:-1\" \/>\n<link rel=\"canonical\" href=\"https:\/\/diarioprincipios.com\/index.php\/2022\/11\/30\/__trashed\/\" \/>\n<meta property=\"og:locale\" content=\"es_ES\" \/>\n<meta property=\"og:type\" content=\"article\" \/>\n<meta property=\"og:title\" content=\"Segundo Encuentro del Programa Municipal Escuelas Sustentables. - Principios\" \/>\n<meta property=\"og:description\" content=\"Se realiz\u00f3 el segundo encuentro del Programa Municipal Escuelas Sustentables. Esta iniciativa propone que la comunidad educativa de Berazategui participe activamente de la concientizaci\u00f3n y generaci\u00f3n de h\u00e1bitos y l\u00f3gicas que contribuyan al cuidado del ambiente. En esta oportunidad, la jornada se hizo en el Complejo Cultural Municipal La Calle. La reuni\u00f3n se organiz\u00f3 en...\" \/>\n<meta property=\"og:url\" content=\"https:\/\/diarioprincipios.com\/index.php\/2022\/11\/30\/__trashed\/\" \/>\n<meta property=\"og:site_name\" content=\"Principios\" \/>\n<meta property=\"article:published_time\" content=\"2022-11-30T05:38:57+00:00\" \/>\n<meta property=\"article:modified_time\" content=\"2022-11-30T15:59:28+00:00\" \/>\n<meta property=\"og:image\" content=\"https:\/\/diarioprincipios.com\/wp-content\/uploads\/2022\/11\/2\u00b0-ENCUENTRO-DEL-PROGRAMA-MUNICIPAL-ESCUELAS-SUSTENTABLES-2-1.jpg\" \/>\n\t<meta property=\"og:image:width\" content=\"1673\" \/>\n\t<meta property=\"og:image:height\" content=\"1115\" \/>\n\t<meta property=\"og:image:type\" content=\"image\/jpeg\" \/>\n<meta name=\"author\" content=\"Hern\u00e1n L\u00f3pez\" \/>\n<meta name=\"twitter:card\" content=\"summary_large_image\" \/>\n<meta name=\"twitter:label1\" content=\"Escrito por\" \/>\n\t<meta name=\"twitter:data1\" content=\"Hern\u00e1n L\u00f3pez\" \/>\n\t<meta name=\"twitter:label2\" content=\"Tiempo de lectura\" \/>\n\t<meta name=\"twitter:data2\" content=\"2 minutos\" \/>\n<script type=\"application\/ld+json\" class=\"yoast-schema-graph\">{\"@context\":\"https:\\\/\\\/schema.org\",\"@graph\":[{\"@type\":\"Article\",\"@id\":\"https:\\\/\\\/diarioprincipios.com\\\/index.php\\\/2022\\\/11\\\/30\\\/__trashed\\\/#article\",\"isPartOf\":{\"@id\":\"https:\\\/\\\/diarioprincipios.com\\\/index.php\\\/2022\\\/11\\\/30\\\/__trashed\\\/\"},\"author\":{\"name\":\"Hern\u00e1n L\u00f3pez\",\"@id\":\"https:\\\/\\\/diarioprincipios.com\\\/#\\\/schema\\\/person\\\/436d5a1fd41a5e250e23ff5a6a7cb080\"},\"headline\":\"Segundo Encuentro del Programa Municipal Escuelas Sustentables.\",\"datePublished\":\"2022-11-30T05:38:57+00:00\",\"dateModified\":\"2022-11-30T15:59:28+00:00\",\"mainEntityOfPage\":{\"@id\":\"https:\\\/\\\/diarioprincipios.com\\\/index.php\\\/2022\\\/11\\\/30\\\/__trashed\\\/\"},\"wordCount\":425,\"commentCount\":0,\"publisher\":{\"@id\":\"https:\\\/\\\/diarioprincipios.com\\\/#organization\"},\"image\":{\"@id\":\"https:\\\/\\\/diarioprincipios.com\\\/index.php\\\/2022\\\/11\\\/30\\\/__trashed\\\/#primaryimage\"},\"thumbnailUrl\":\"https:\\\/\\\/diarioprincipios.com\\\/wp-content\\\/uploads\\\/2022\\\/11\\\/2\u00b0-ENCUENTRO-DEL-PROGRAMA-MUNICIPAL-ESCUELAS-SUSTENTABLES-2-1.jpg\",\"articleSection\":[\"Berazategui\"],\"inLanguage\":\"es\",\"potentialAction\":[{\"@type\":\"CommentAction\",\"name\":\"Comment\",\"target\":[\"https:\\\/\\\/diarioprincipios.com\\\/index.php\\\/2022\\\/11\\\/30\\\/__trashed\\\/#respond\"]}]},{\"@type\":\"WebPage\",\"@id\":\"https:\\\/\\\/diarioprincipios.com\\\/index.php\\\/2022\\\/11\\\/30\\\/__trashed\\\/\",\"url\":\"https:\\\/\\\/diarioprincipios.com\\\/index.php\\\/2022\\\/11\\\/30\\\/__trashed\\\/\",\"name\":\"Segundo Encuentro del Programa Municipal Escuelas Sustentables. - Principios\",\"isPartOf\":{\"@id\":\"https:\\\/\\\/diarioprincipios.com\\\/#website\"},\"primaryImageOfPage\":{\"@id\":\"https:\\\/\\\/diarioprincipios.com\\\/index.php\\\/2022\\\/11\\\/30\\\/__trashed\\\/#primaryimage\"},\"image\":{\"@id\":\"https:\\\/\\\/diarioprincipios.com\\\/index.php\\\/2022\\\/11\\\/30\\\/__trashed\\\/#primaryimage\"},\"thumbnailUrl\":\"https:\\\/\\\/diarioprincipios.com\\\/wp-content\\\/uploads\\\/2022\\\/11\\\/2\u00b0-ENCUENTRO-DEL-PROGRAMA-MUNICIPAL-ESCUELAS-SUSTENTABLES-2-1.jpg\",\"datePublished\":\"2022-11-30T05:38:57+00:00\",\"dateModified\":\"2022-11-30T15:59:28+00:00\",\"breadcrumb\":{\"@id\":\"https:\\\/\\\/diarioprincipios.com\\\/index.php\\\/2022\\\/11\\\/30\\\/__trashed\\\/#breadcrumb\"},\"inLanguage\":\"es\",\"potentialAction\":[{\"@type\":\"ReadAction\",\"target\":[\"https:\\\/\\\/diarioprincipios.com\\\/index.php\\\/2022\\\/11\\\/30\\\/__trashed\\\/\"]}]},{\"@type\":\"ImageObject\",\"inLanguage\":\"es\",\"@id\":\"https:\\\/\\\/diarioprincipios.com\\\/index.php\\\/2022\\\/11\\\/30\\\/__trashed\\\/#primaryimage\",\"url\":\"https:\\\/\\\/diarioprincipios.com\\\/wp-content\\\/uploads\\\/2022\\\/11\\\/2\u00b0-ENCUENTRO-DEL-PROGRAMA-MUNICIPAL-ESCUELAS-SUSTENTABLES-2-1.jpg\",\"contentUrl\":\"https:\\\/\\\/diarioprincipios.com\\\/wp-content\\\/uploads\\\/2022\\\/11\\\/2\u00b0-ENCUENTRO-DEL-PROGRAMA-MUNICIPAL-ESCUELAS-SUSTENTABLES-2-1.jpg\",\"width\":1673,\"height\":1115},{\"@type\":\"BreadcrumbList\",\"@id\":\"https:\\\/\\\/diarioprincipios.com\\\/index.php\\\/2022\\\/11\\\/30\\\/__trashed\\\/#breadcrumb\",\"itemListElement\":[{\"@type\":\"ListItem\",\"position\":1,\"name\":\"Portada\",\"item\":\"https:\\\/\\\/diarioprincipios.com\\\/\"},{\"@type\":\"ListItem\",\"position\":2,\"name\":\"Segundo Encuentro del Programa Municipal Escuelas Sustentables.\"}]},{\"@type\":\"WebSite\",\"@id\":\"https:\\\/\\\/diarioprincipios.com\\\/#website\",\"url\":\"https:\\\/\\\/diarioprincipios.com\\\/\",\"name\":\"Principios\",\"description\":\"Principios Diario\",\"publisher\":{\"@id\":\"https:\\\/\\\/diarioprincipios.com\\\/#organization\"},\"potentialAction\":[{\"@type\":\"SearchAction\",\"target\":{\"@type\":\"EntryPoint\",\"urlTemplate\":\"https:\\\/\\\/diarioprincipios.com\\\/?s={search_term_string}\"},\"query-input\":{\"@type\":\"PropertyValueSpecification\",\"valueRequired\":true,\"valueName\":\"search_term_string\"}}],\"inLanguage\":\"es\"},{\"@type\":\"Organization\",\"@id\":\"https:\\\/\\\/diarioprincipios.com\\\/#organization\",\"name\":\"Principios\",\"url\":\"https:\\\/\\\/diarioprincipios.com\\\/\",\"logo\":{\"@type\":\"ImageObject\",\"inLanguage\":\"es\",\"@id\":\"https:\\\/\\\/diarioprincipios.com\\\/#\\\/schema\\\/logo\\\/image\\\/\",\"url\":\"https:\\\/\\\/diarioprincipios.com\\\/wp-content\\\/uploads\\\/2024\\\/04\\\/cropped-www.diarioprincipios.com_-1.png\",\"contentUrl\":\"https:\\\/\\\/diarioprincipios.com\\\/wp-content\\\/uploads\\\/2024\\\/04\\\/cropped-www.diarioprincipios.com_-1.png\",\"width\":5325,\"height\":1454,\"caption\":\"Principios\"},\"image\":{\"@id\":\"https:\\\/\\\/diarioprincipios.com\\\/#\\\/schema\\\/logo\\\/image\\\/\"}},{\"@type\":\"Person\",\"@id\":\"https:\\\/\\\/diarioprincipios.com\\\/#\\\/schema\\\/person\\\/436d5a1fd41a5e250e23ff5a6a7cb080\",\"name\":\"Hern\u00e1n L\u00f3pez\",\"image\":{\"@type\":\"ImageObject\",\"inLanguage\":\"es\",\"@id\":\"https:\\\/\\\/diarioprincipios.com\\\/wp-content\\\/litespeed\\\/avatar\\\/11ddfe5610ff3bd100522525b2571f48.jpg?ver=1777048341\",\"url\":\"https:\\\/\\\/diarioprincipios.com\\\/wp-content\\\/litespeed\\\/avatar\\\/11ddfe5610ff3bd100522525b2571f48.jpg?ver=1777048341\",\"contentUrl\":\"https:\\\/\\\/diarioprincipios.com\\\/wp-content\\\/litespeed\\\/avatar\\\/11ddfe5610ff3bd100522525b2571f48.jpg?ver=1777048341\",\"caption\":\"Hern\u00e1n L\u00f3pez\"},\"url\":\"https:\\\/\\\/diarioprincipios.com\\\/index.php\\\/author\\\/hernan\\\/\"}]}<\/script>\n<!-- \/ Yoast SEO plugin. -->","yoast_head_json":{"title":"Segundo Encuentro del Programa Municipal Escuelas Sustentables. - Principios","robots":{"index":"index","follow":"follow","max-snippet":"max-snippet:-1","max-image-preview":"max-image-preview:large","max-video-preview":"max-video-preview:-1"},"canonical":"https:\/\/diarioprincipios.com\/index.php\/2022\/11\/30\/__trashed\/","og_locale":"es_ES","og_type":"article","og_title":"Segundo Encuentro del Programa Municipal Escuelas Sustentables. - Principios","og_description":"Se realiz\u00f3 el segundo encuentro del Programa Municipal Escuelas Sustentables. Esta iniciativa propone que la comunidad educativa de Berazategui participe activamente de la concientizaci\u00f3n y generaci\u00f3n de h\u00e1bitos y l\u00f3gicas que contribuyan al cuidado del ambiente. En esta oportunidad, la jornada se hizo en el Complejo Cultural Municipal La Calle. La reuni\u00f3n se organiz\u00f3 en...","og_url":"https:\/\/diarioprincipios.com\/index.php\/2022\/11\/30\/__trashed\/","og_site_name":"Principios","article_published_time":"2022-11-30T05:38:57+00:00","article_modified_time":"2022-11-30T15:59:28+00:00","og_image":[{"width":1673,"height":1115,"url":"https:\/\/diarioprincipios.com\/wp-content\/uploads\/2022\/11\/2\u00b0-ENCUENTRO-DEL-PROGRAMA-MUNICIPAL-ESCUELAS-SUSTENTABLES-2-1.jpg","type":"image\/jpeg"}],"author":"Hern\u00e1n L\u00f3pez","twitter_card":"summary_large_image","twitter_misc":{"Escrito por":"Hern\u00e1n L\u00f3pez","Tiempo de lectura":"2 minutos"},"schema":{"@context":"https:\/\/schema.org","@graph":[{"@type":"Article","@id":"https:\/\/diarioprincipios.com\/index.php\/2022\/11\/30\/__trashed\/#article","isPartOf":{"@id":"https:\/\/diarioprincipios.com\/index.php\/2022\/11\/30\/__trashed\/"},"author":{"name":"Hern\u00e1n L\u00f3pez","@id":"https:\/\/diarioprincipios.com\/#\/schema\/person\/436d5a1fd41a5e250e23ff5a6a7cb080"},"headline":"Segundo Encuentro del Programa Municipal Escuelas Sustentables.","datePublished":"2022-11-30T05:38:57+00:00","dateModified":"2022-11-30T15:59:28+00:00","mainEntityOfPage":{"@id":"https:\/\/diarioprincipios.com\/index.php\/2022\/11\/30\/__trashed\/"},"wordCount":425,"commentCount":0,"publisher":{"@id":"https:\/\/diarioprincipios.com\/#organization"},"image":{"@id":"https:\/\/diarioprincipios.com\/index.php\/2022\/11\/30\/__trashed\/#primaryimage"},"thumbnailUrl":"https:\/\/diarioprincipios.com\/wp-content\/uploads\/2022\/11\/2\u00b0-ENCUENTRO-DEL-PROGRAMA-MUNICIPAL-ESCUELAS-SUSTENTABLES-2-1.jpg","articleSection":["Berazategui"],"inLanguage":"es","potentialAction":[{"@type":"CommentAction","name":"Comment","target":["https:\/\/diarioprincipios.com\/index.php\/2022\/11\/30\/__trashed\/#respond"]}]},{"@type":"WebPage","@id":"https:\/\/diarioprincipios.com\/index.php\/2022\/11\/30\/__trashed\/","url":"https:\/\/diarioprincipios.com\/index.php\/2022\/11\/30\/__trashed\/","name":"Segundo Encuentro del Programa Municipal Escuelas Sustentables. - Principios","isPartOf":{"@id":"https:\/\/diarioprincipios.com\/#website"},"primaryImageOfPage":{"@id":"https:\/\/diarioprincipios.com\/index.php\/2022\/11\/30\/__trashed\/#primaryimage"},"image":{"@id":"https:\/\/diarioprincipios.com\/index.php\/2022\/11\/30\/__trashed\/#primaryimage"},"thumbnailUrl":"https:\/\/diarioprincipios.com\/wp-content\/uploads\/2022\/11\/2\u00b0-ENCUENTRO-DEL-PROGRAMA-MUNICIPAL-ESCUELAS-SUSTENTABLES-2-1.jpg","datePublished":"2022-11-30T05:38:57+00:00","dateModified":"2022-11-30T15:59:28+00:00","breadcrumb":{"@id":"https:\/\/diarioprincipios.com\/index.php\/2022\/11\/30\/__trashed\/#breadcrumb"},"inLanguage":"es","potentialAction":[{"@type":"ReadAction","target":["https:\/\/diarioprincipios.com\/index.php\/2022\/11\/30\/__trashed\/"]}]},{"@type":"ImageObject","inLanguage":"es","@id":"https:\/\/diarioprincipios.com\/index.php\/2022\/11\/30\/__trashed\/#primaryimage","url":"https:\/\/diarioprincipios.com\/wp-content\/uploads\/2022\/11\/2\u00b0-ENCUENTRO-DEL-PROGRAMA-MUNICIPAL-ESCUELAS-SUSTENTABLES-2-1.jpg","contentUrl":"https:\/\/diarioprincipios.com\/wp-content\/uploads\/2022\/11\/2\u00b0-ENCUENTRO-DEL-PROGRAMA-MUNICIPAL-ESCUELAS-SUSTENTABLES-2-1.jpg","width":1673,"height":1115},{"@type":"BreadcrumbList","@id":"https:\/\/diarioprincipios.com\/index.php\/2022\/11\/30\/__trashed\/#breadcrumb","itemListElement":[{"@type":"ListItem","position":1,"name":"Portada","item":"https:\/\/diarioprincipios.com\/"},{"@type":"ListItem","position":2,"name":"Segundo Encuentro del Programa Municipal Escuelas Sustentables."}]},{"@type":"WebSite","@id":"https:\/\/diarioprincipios.com\/#website","url":"https:\/\/diarioprincipios.com\/","name":"Principios","description":"Principios Diario","publisher":{"@id":"https:\/\/diarioprincipios.com\/#organization"},"potentialAction":[{"@type":"SearchAction","target":{"@type":"EntryPoint","urlTemplate":"https:\/\/diarioprincipios.com\/?s={search_term_string}"},"query-input":{"@type":"PropertyValueSpecification","valueRequired":true,"valueName":"search_term_string"}}],"inLanguage":"es"},{"@type":"Organization","@id":"https:\/\/diarioprincipios.com\/#organization","name":"Principios","url":"https:\/\/diarioprincipios.com\/","logo":{"@type":"ImageObject","inLanguage":"es","@id":"https:\/\/diarioprincipios.com\/#\/schema\/logo\/image\/","url":"https:\/\/diarioprincipios.com\/wp-content\/uploads\/2024\/04\/cropped-www.diarioprincipios.com_-1.png","contentUrl":"https:\/\/diarioprincipios.com\/wp-content\/uploads\/2024\/04\/cropped-www.diarioprincipios.com_-1.png","width":5325,"height":1454,"caption":"Principios"},"image":{"@id":"https:\/\/diarioprincipios.com\/#\/schema\/logo\/image\/"}},{"@type":"Person","@id":"https:\/\/diarioprincipios.com\/#\/schema\/person\/436d5a1fd41a5e250e23ff5a6a7cb080","name":"Hern\u00e1n L\u00f3pez","image":{"@type":"ImageObject","inLanguage":"es","@id":"https:\/\/diarioprincipios.com\/wp-content\/litespeed\/avatar\/11ddfe5610ff3bd100522525b2571f48.jpg?ver=1777048341","url":"https:\/\/diarioprincipios.com\/wp-content\/litespeed\/avatar\/11ddfe5610ff3bd100522525b2571f48.jpg?ver=1777048341","contentUrl":"https:\/\/diarioprincipios.com\/wp-content\/litespeed\/avatar\/11ddfe5610ff3bd100522525b2571f48.jpg?ver=1777048341","caption":"Hern\u00e1n L\u00f3pez"},"url":"https:\/\/diarioprincipios.com\/index.php\/author\/hernan\/"}]}},"jetpack_featured_media_url":"https:\/\/diarioprincipios.com\/wp-content\/uploads\/2022\/11\/2\u00b0-ENCUENTRO-DEL-PROGRAMA-MUNICIPAL-ESCUELAS-SUSTENTABLES-2-1.jpg","_links":{"self":[{"href":"https:\/\/diarioprincipios.com\/index.php\/wp-json\/wp\/v2\/posts\/15260","targetHints":{"allow":["GET"]}}],"collection":[{"href":"https:\/\/diarioprincipios.com\/index.php\/wp-json\/wp\/v2\/posts"}],"about":[{"href":"https:\/\/diarioprincipios.com\/index.php\/wp-json\/wp\/v2\/types\/post"}],"author":[{"embeddable":true,"href":"https:\/\/diarioprincipios.com\/index.php\/wp-json\/wp\/v2\/users\/2"}],"replies":[{"embeddable":true,"href":"https:\/\/diarioprincipios.com\/index.php\/wp-json\/wp\/v2\/comments?post=15260"}],"version-history":[{"count":2,"href":"https:\/\/diarioprincipios.com\/index.php\/wp-json\/wp\/v2\/posts\/15260\/revisions"}],"predecessor-version":[{"id":15288,"href":"https:\/\/diarioprincipios.com\/index.php\/wp-json\/wp\/v2\/posts\/15260\/revisions\/15288"}],"wp:featuredmedia":[{"embeddable":true,"href":"https:\/\/diarioprincipios.com\/index.php\/wp-json\/wp\/v2\/media\/15287"}],"wp:attachment":[{"href":"https:\/\/diarioprincipios.com\/index.php\/wp-json\/wp\/v2\/media?parent=15260"}],"wp:term":[{"taxonomy":"category","embeddable":true,"href":"https:\/\/diarioprincipios.com\/index.php\/wp-json\/wp\/v2\/categories?post=15260"},{"taxonomy":"post_tag","embeddable":true,"href":"https:\/\/diarioprincipios.com\/index.php\/wp-json\/wp\/v2\/tags?post=15260"}],"curies":[{"name":"wp","href":"https:\/\/api.w.org\/{rel}","templated":true}]}}