{"id":15238,"date":"2022-11-27T14:25:51","date_gmt":"2022-11-27T17:25:51","guid":{"rendered":"http:\/\/diarioprincipios.com\/?p=15238"},"modified":"2022-12-01T03:35:24","modified_gmt":"2022-12-01T06:35:24","slug":"ferraresi-inauguro-obras-en-la-primaria-61-de-villa-dominico","status":"publish","type":"post","link":"https:\/\/diarioprincipios.com\/index.php\/2022\/11\/27\/ferraresi-inauguro-obras-en-la-primaria-61-de-villa-dominico\/","title":{"rendered":"Ferraresi inaugur\u00f3 obras en la Primaria 61 de Villa Dom\u00ednico"},"content":{"rendered":"\n<p>El intendente de Avellaneda encabez\u00f3 el acto en el que se presentaron las importantes mejoras realizadas en la instituci\u00f3n a trav\u00e9s del programa municipal Haciendo Escuela.<\/p>\n\n\n\n<p>El intendente Jorge Ferraresi, junto a la comunidad escolar de la Escuela Primaria N\u00b0 61 de Villa Dom\u00ednico, inauguraron las obras llevadas a cabo en la sede de la instituci\u00f3n, ubicada en Comodoro Rivadavia 4455 de dicha localidad.<\/p>\n\n\n\n<p>Las mejoras se concretaron en el marco del programa municipal Haciendo Escuela, que prev\u00e9 una inversi\u00f3n total que supera los 6000 millones de pesos para llegar a todas las instituciones educativas del distrito.<\/p>\n\n\n\n<p>En este caso, la comuna invirti\u00f3 un total de 73 millones en la ampliaci\u00f3n y los arreglos de sus aulas y espacios administrativos, instalaci\u00f3n el\u00e9ctrica y n\u00facleos sanitarios, mejoras en su fachada y trabajos de pintura general.<\/p>\n\n\n\n<p>En su discurso, Ferraresi remarc\u00f3 que \u201cDesde el sector p\u00fablico debemos garantizarles lo mejor a nuestros pibes. Por eso le damos continuidad a este programa en toda la ciudad, para defender esta comunidad educativa que construimos en Avellaneda y que no se ve en otros lugares\u201d.<\/p>\n\n\n\n<p>Por su parte, la directora de la EP 61, Mar\u00eda Alejandra L\u00f3pez agradeci\u00f3 las obras y destac\u00f3 el rol de la asociaci\u00f3n cooperadora a lo largo de este proceso de ampliaci\u00f3n.<\/p>\n\n\n\n<p>En el acto participaron la presidenta del Consejo Escolar de Avellaneda, Claudia Colaso y el secretario de Obras P\u00fablicas de Avellaneda, Gast\u00f3n Seill\u00e1n, adem\u00e1s de otros funcionarios, autoridades, alumnos y familias.<\/p>\n","protected":false},"excerpt":{"rendered":"<p>El intendente de Avellaneda encabez\u00f3 el acto en el que se presentaron las importantes mejoras realizadas en la instituci\u00f3n a trav\u00e9s del programa municipal Haciendo Escuela. El intendente Jorge Ferraresi, junto a la comunidad escolar de la Escuela Primaria N\u00b0 61 de Villa Dom\u00ednico, inauguraron las obras llevadas a cabo en la sede de la&#8230;<\/p>\n","protected":false},"author":2,"featured_media":15239,"comment_status":"open","ping_status":"open","sticky":false,"template":"","format":"standard","meta":{"footnotes":""},"categories":[5],"tags":[],"class_list":["post-15238","post","type-post","status-publish","format-standard","has-post-thumbnail","hentry","category-avellaneda"],"featured_image_src":"https:\/\/diarioprincipios.com\/wp-content\/uploads\/2022\/11\/FibkQ-_XkAMr5sA-1024x576.jpg","blog_images":{"medium":"https:\/\/diarioprincipios.com\/wp-content\/uploads\/2022\/11\/FibkQ-_XkAMr5sA-300x169.jpg","large":"https:\/\/diarioprincipios.com\/wp-content\/uploads\/2022\/11\/FibkQ-_XkAMr5sA-1024x576.jpg"},"ams_acf":[],"yoast_head":"<!-- This site is optimized with the Yoast SEO plugin v27.3 - https:\/\/yoast.com\/product\/yoast-seo-wordpress\/ -->\n<title>Ferraresi inaugur\u00f3 obras en la Primaria 61 de Villa Dom\u00ednico - Principios<\/title>\n<meta name=\"robots\" content=\"index, follow, max-snippet:-1, max-image-preview:large, max-video-preview:-1\" \/>\n<link rel=\"canonical\" href=\"https:\/\/diarioprincipios.com\/index.php\/2022\/11\/27\/ferraresi-inauguro-obras-en-la-primaria-61-de-villa-dominico\/\" \/>\n<meta property=\"og:locale\" content=\"es_ES\" \/>\n<meta property=\"og:type\" content=\"article\" \/>\n<meta property=\"og:title\" content=\"Ferraresi inaugur\u00f3 obras en la Primaria 61 de Villa Dom\u00ednico - Principios\" \/>\n<meta property=\"og:description\" content=\"El intendente de Avellaneda encabez\u00f3 el acto en el que se presentaron las importantes mejoras realizadas en la instituci\u00f3n a trav\u00e9s del programa municipal Haciendo Escuela. El intendente Jorge Ferraresi, junto a la comunidad escolar de la Escuela Primaria N\u00b0 61 de Villa Dom\u00ednico, inauguraron las obras llevadas a cabo en la sede de la...\" \/>\n<meta property=\"og:url\" content=\"https:\/\/diarioprincipios.com\/index.php\/2022\/11\/27\/ferraresi-inauguro-obras-en-la-primaria-61-de-villa-dominico\/\" \/>\n<meta property=\"og:site_name\" content=\"Principios\" \/>\n<meta property=\"article:published_time\" content=\"2022-11-27T17:25:51+00:00\" \/>\n<meta property=\"article:modified_time\" content=\"2022-12-01T06:35:24+00:00\" \/>\n<meta property=\"og:image\" content=\"https:\/\/diarioprincipios.com\/wp-content\/uploads\/2022\/11\/FibkQ-_XkAMr5sA.jpg\" \/>\n\t<meta property=\"og:image:width\" content=\"1600\" \/>\n\t<meta property=\"og:image:height\" content=\"900\" \/>\n\t<meta property=\"og:image:type\" content=\"image\/jpeg\" \/>\n<meta name=\"author\" content=\"Hern\u00e1n L\u00f3pez\" \/>\n<meta name=\"twitter:card\" content=\"summary_large_image\" \/>\n<meta name=\"twitter:label1\" content=\"Escrito por\" \/>\n\t<meta name=\"twitter:data1\" content=\"Hern\u00e1n L\u00f3pez\" \/>\n\t<meta name=\"twitter:label2\" content=\"Tiempo de lectura\" \/>\n\t<meta name=\"twitter:data2\" content=\"2 minutos\" \/>\n<script type=\"application\/ld+json\" class=\"yoast-schema-graph\">{\"@context\":\"https:\\\/\\\/schema.org\",\"@graph\":[{\"@type\":\"Article\",\"@id\":\"https:\\\/\\\/diarioprincipios.com\\\/index.php\\\/2022\\\/11\\\/27\\\/ferraresi-inauguro-obras-en-la-primaria-61-de-villa-dominico\\\/#article\",\"isPartOf\":{\"@id\":\"https:\\\/\\\/diarioprincipios.com\\\/index.php\\\/2022\\\/11\\\/27\\\/ferraresi-inauguro-obras-en-la-primaria-61-de-villa-dominico\\\/\"},\"author\":{\"name\":\"Hern\u00e1n L\u00f3pez\",\"@id\":\"https:\\\/\\\/diarioprincipios.com\\\/#\\\/schema\\\/person\\\/436d5a1fd41a5e250e23ff5a6a7cb080\"},\"headline\":\"Ferraresi inaugur\u00f3 obras en la Primaria 61 de Villa Dom\u00ednico\",\"datePublished\":\"2022-11-27T17:25:51+00:00\",\"dateModified\":\"2022-12-01T06:35:24+00:00\",\"mainEntityOfPage\":{\"@id\":\"https:\\\/\\\/diarioprincipios.com\\\/index.php\\\/2022\\\/11\\\/27\\\/ferraresi-inauguro-obras-en-la-primaria-61-de-villa-dominico\\\/\"},\"wordCount\":265,\"commentCount\":0,\"publisher\":{\"@id\":\"https:\\\/\\\/diarioprincipios.com\\\/#organization\"},\"image\":{\"@id\":\"https:\\\/\\\/diarioprincipios.com\\\/index.php\\\/2022\\\/11\\\/27\\\/ferraresi-inauguro-obras-en-la-primaria-61-de-villa-dominico\\\/#primaryimage\"},\"thumbnailUrl\":\"https:\\\/\\\/diarioprincipios.com\\\/wp-content\\\/uploads\\\/2022\\\/11\\\/FibkQ-_XkAMr5sA.jpg\",\"articleSection\":[\"Avellaneda\"],\"inLanguage\":\"es\",\"potentialAction\":[{\"@type\":\"CommentAction\",\"name\":\"Comment\",\"target\":[\"https:\\\/\\\/diarioprincipios.com\\\/index.php\\\/2022\\\/11\\\/27\\\/ferraresi-inauguro-obras-en-la-primaria-61-de-villa-dominico\\\/#respond\"]}]},{\"@type\":\"WebPage\",\"@id\":\"https:\\\/\\\/diarioprincipios.com\\\/index.php\\\/2022\\\/11\\\/27\\\/ferraresi-inauguro-obras-en-la-primaria-61-de-villa-dominico\\\/\",\"url\":\"https:\\\/\\\/diarioprincipios.com\\\/index.php\\\/2022\\\/11\\\/27\\\/ferraresi-inauguro-obras-en-la-primaria-61-de-villa-dominico\\\/\",\"name\":\"Ferraresi inaugur\u00f3 obras en la Primaria 61 de Villa Dom\u00ednico - Principios\",\"isPartOf\":{\"@id\":\"https:\\\/\\\/diarioprincipios.com\\\/#website\"},\"primaryImageOfPage\":{\"@id\":\"https:\\\/\\\/diarioprincipios.com\\\/index.php\\\/2022\\\/11\\\/27\\\/ferraresi-inauguro-obras-en-la-primaria-61-de-villa-dominico\\\/#primaryimage\"},\"image\":{\"@id\":\"https:\\\/\\\/diarioprincipios.com\\\/index.php\\\/2022\\\/11\\\/27\\\/ferraresi-inauguro-obras-en-la-primaria-61-de-villa-dominico\\\/#primaryimage\"},\"thumbnailUrl\":\"https:\\\/\\\/diarioprincipios.com\\\/wp-content\\\/uploads\\\/2022\\\/11\\\/FibkQ-_XkAMr5sA.jpg\",\"datePublished\":\"2022-11-27T17:25:51+00:00\",\"dateModified\":\"2022-12-01T06:35:24+00:00\",\"breadcrumb\":{\"@id\":\"https:\\\/\\\/diarioprincipios.com\\\/index.php\\\/2022\\\/11\\\/27\\\/ferraresi-inauguro-obras-en-la-primaria-61-de-villa-dominico\\\/#breadcrumb\"},\"inLanguage\":\"es\",\"potentialAction\":[{\"@type\":\"ReadAction\",\"target\":[\"https:\\\/\\\/diarioprincipios.com\\\/index.php\\\/2022\\\/11\\\/27\\\/ferraresi-inauguro-obras-en-la-primaria-61-de-villa-dominico\\\/\"]}]},{\"@type\":\"ImageObject\",\"inLanguage\":\"es\",\"@id\":\"https:\\\/\\\/diarioprincipios.com\\\/index.php\\\/2022\\\/11\\\/27\\\/ferraresi-inauguro-obras-en-la-primaria-61-de-villa-dominico\\\/#primaryimage\",\"url\":\"https:\\\/\\\/diarioprincipios.com\\\/wp-content\\\/uploads\\\/2022\\\/11\\\/FibkQ-_XkAMr5sA.jpg\",\"contentUrl\":\"https:\\\/\\\/diarioprincipios.com\\\/wp-content\\\/uploads\\\/2022\\\/11\\\/FibkQ-_XkAMr5sA.jpg\",\"width\":1600,\"height\":900},{\"@type\":\"BreadcrumbList\",\"@id\":\"https:\\\/\\\/diarioprincipios.com\\\/index.php\\\/2022\\\/11\\\/27\\\/ferraresi-inauguro-obras-en-la-primaria-61-de-villa-dominico\\\/#breadcrumb\",\"itemListElement\":[{\"@type\":\"ListItem\",\"position\":1,\"name\":\"Portada\",\"item\":\"https:\\\/\\\/diarioprincipios.com\\\/\"},{\"@type\":\"ListItem\",\"position\":2,\"name\":\"Ferraresi inaugur\u00f3 obras en la Primaria 61 de Villa Dom\u00ednico\"}]},{\"@type\":\"WebSite\",\"@id\":\"https:\\\/\\\/diarioprincipios.com\\\/#website\",\"url\":\"https:\\\/\\\/diarioprincipios.com\\\/\",\"name\":\"Principios\",\"description\":\"Principios Diario\",\"publisher\":{\"@id\":\"https:\\\/\\\/diarioprincipios.com\\\/#organization\"},\"potentialAction\":[{\"@type\":\"SearchAction\",\"target\":{\"@type\":\"EntryPoint\",\"urlTemplate\":\"https:\\\/\\\/diarioprincipios.com\\\/?s={search_term_string}\"},\"query-input\":{\"@type\":\"PropertyValueSpecification\",\"valueRequired\":true,\"valueName\":\"search_term_string\"}}],\"inLanguage\":\"es\"},{\"@type\":\"Organization\",\"@id\":\"https:\\\/\\\/diarioprincipios.com\\\/#organization\",\"name\":\"Principios\",\"url\":\"https:\\\/\\\/diarioprincipios.com\\\/\",\"logo\":{\"@type\":\"ImageObject\",\"inLanguage\":\"es\",\"@id\":\"https:\\\/\\\/diarioprincipios.com\\\/#\\\/schema\\\/logo\\\/image\\\/\",\"url\":\"https:\\\/\\\/diarioprincipios.com\\\/wp-content\\\/uploads\\\/2024\\\/04\\\/cropped-www.diarioprincipios.com_-1.png\",\"contentUrl\":\"https:\\\/\\\/diarioprincipios.com\\\/wp-content\\\/uploads\\\/2024\\\/04\\\/cropped-www.diarioprincipios.com_-1.png\",\"width\":5325,\"height\":1454,\"caption\":\"Principios\"},\"image\":{\"@id\":\"https:\\\/\\\/diarioprincipios.com\\\/#\\\/schema\\\/logo\\\/image\\\/\"}},{\"@type\":\"Person\",\"@id\":\"https:\\\/\\\/diarioprincipios.com\\\/#\\\/schema\\\/person\\\/436d5a1fd41a5e250e23ff5a6a7cb080\",\"name\":\"Hern\u00e1n L\u00f3pez\",\"image\":{\"@type\":\"ImageObject\",\"inLanguage\":\"es\",\"@id\":\"https:\\\/\\\/diarioprincipios.com\\\/wp-content\\\/litespeed\\\/avatar\\\/11ddfe5610ff3bd100522525b2571f48.jpg?ver=1777048341\",\"url\":\"https:\\\/\\\/diarioprincipios.com\\\/wp-content\\\/litespeed\\\/avatar\\\/11ddfe5610ff3bd100522525b2571f48.jpg?ver=1777048341\",\"contentUrl\":\"https:\\\/\\\/diarioprincipios.com\\\/wp-content\\\/litespeed\\\/avatar\\\/11ddfe5610ff3bd100522525b2571f48.jpg?ver=1777048341\",\"caption\":\"Hern\u00e1n L\u00f3pez\"},\"url\":\"https:\\\/\\\/diarioprincipios.com\\\/index.php\\\/author\\\/hernan\\\/\"}]}<\/script>\n<!-- \/ Yoast SEO plugin. -->","yoast_head_json":{"title":"Ferraresi inaugur\u00f3 obras en la Primaria 61 de Villa Dom\u00ednico - Principios","robots":{"index":"index","follow":"follow","max-snippet":"max-snippet:-1","max-image-preview":"max-image-preview:large","max-video-preview":"max-video-preview:-1"},"canonical":"https:\/\/diarioprincipios.com\/index.php\/2022\/11\/27\/ferraresi-inauguro-obras-en-la-primaria-61-de-villa-dominico\/","og_locale":"es_ES","og_type":"article","og_title":"Ferraresi inaugur\u00f3 obras en la Primaria 61 de Villa Dom\u00ednico - Principios","og_description":"El intendente de Avellaneda encabez\u00f3 el acto en el que se presentaron las importantes mejoras realizadas en la instituci\u00f3n a trav\u00e9s del programa municipal Haciendo Escuela. El intendente Jorge Ferraresi, junto a la comunidad escolar de la Escuela Primaria N\u00b0 61 de Villa Dom\u00ednico, inauguraron las obras llevadas a cabo en la sede de la...","og_url":"https:\/\/diarioprincipios.com\/index.php\/2022\/11\/27\/ferraresi-inauguro-obras-en-la-primaria-61-de-villa-dominico\/","og_site_name":"Principios","article_published_time":"2022-11-27T17:25:51+00:00","article_modified_time":"2022-12-01T06:35:24+00:00","og_image":[{"width":1600,"height":900,"url":"https:\/\/diarioprincipios.com\/wp-content\/uploads\/2022\/11\/FibkQ-_XkAMr5sA.jpg","type":"image\/jpeg"}],"author":"Hern\u00e1n L\u00f3pez","twitter_card":"summary_large_image","twitter_misc":{"Escrito por":"Hern\u00e1n L\u00f3pez","Tiempo de lectura":"2 minutos"},"schema":{"@context":"https:\/\/schema.org","@graph":[{"@type":"Article","@id":"https:\/\/diarioprincipios.com\/index.php\/2022\/11\/27\/ferraresi-inauguro-obras-en-la-primaria-61-de-villa-dominico\/#article","isPartOf":{"@id":"https:\/\/diarioprincipios.com\/index.php\/2022\/11\/27\/ferraresi-inauguro-obras-en-la-primaria-61-de-villa-dominico\/"},"author":{"name":"Hern\u00e1n L\u00f3pez","@id":"https:\/\/diarioprincipios.com\/#\/schema\/person\/436d5a1fd41a5e250e23ff5a6a7cb080"},"headline":"Ferraresi inaugur\u00f3 obras en la Primaria 61 de Villa Dom\u00ednico","datePublished":"2022-11-27T17:25:51+00:00","dateModified":"2022-12-01T06:35:24+00:00","mainEntityOfPage":{"@id":"https:\/\/diarioprincipios.com\/index.php\/2022\/11\/27\/ferraresi-inauguro-obras-en-la-primaria-61-de-villa-dominico\/"},"wordCount":265,"commentCount":0,"publisher":{"@id":"https:\/\/diarioprincipios.com\/#organization"},"image":{"@id":"https:\/\/diarioprincipios.com\/index.php\/2022\/11\/27\/ferraresi-inauguro-obras-en-la-primaria-61-de-villa-dominico\/#primaryimage"},"thumbnailUrl":"https:\/\/diarioprincipios.com\/wp-content\/uploads\/2022\/11\/FibkQ-_XkAMr5sA.jpg","articleSection":["Avellaneda"],"inLanguage":"es","potentialAction":[{"@type":"CommentAction","name":"Comment","target":["https:\/\/diarioprincipios.com\/index.php\/2022\/11\/27\/ferraresi-inauguro-obras-en-la-primaria-61-de-villa-dominico\/#respond"]}]},{"@type":"WebPage","@id":"https:\/\/diarioprincipios.com\/index.php\/2022\/11\/27\/ferraresi-inauguro-obras-en-la-primaria-61-de-villa-dominico\/","url":"https:\/\/diarioprincipios.com\/index.php\/2022\/11\/27\/ferraresi-inauguro-obras-en-la-primaria-61-de-villa-dominico\/","name":"Ferraresi inaugur\u00f3 obras en la Primaria 61 de Villa Dom\u00ednico - Principios","isPartOf":{"@id":"https:\/\/diarioprincipios.com\/#website"},"primaryImageOfPage":{"@id":"https:\/\/diarioprincipios.com\/index.php\/2022\/11\/27\/ferraresi-inauguro-obras-en-la-primaria-61-de-villa-dominico\/#primaryimage"},"image":{"@id":"https:\/\/diarioprincipios.com\/index.php\/2022\/11\/27\/ferraresi-inauguro-obras-en-la-primaria-61-de-villa-dominico\/#primaryimage"},"thumbnailUrl":"https:\/\/diarioprincipios.com\/wp-content\/uploads\/2022\/11\/FibkQ-_XkAMr5sA.jpg","datePublished":"2022-11-27T17:25:51+00:00","dateModified":"2022-12-01T06:35:24+00:00","breadcrumb":{"@id":"https:\/\/diarioprincipios.com\/index.php\/2022\/11\/27\/ferraresi-inauguro-obras-en-la-primaria-61-de-villa-dominico\/#breadcrumb"},"inLanguage":"es","potentialAction":[{"@type":"ReadAction","target":["https:\/\/diarioprincipios.com\/index.php\/2022\/11\/27\/ferraresi-inauguro-obras-en-la-primaria-61-de-villa-dominico\/"]}]},{"@type":"ImageObject","inLanguage":"es","@id":"https:\/\/diarioprincipios.com\/index.php\/2022\/11\/27\/ferraresi-inauguro-obras-en-la-primaria-61-de-villa-dominico\/#primaryimage","url":"https:\/\/diarioprincipios.com\/wp-content\/uploads\/2022\/11\/FibkQ-_XkAMr5sA.jpg","contentUrl":"https:\/\/diarioprincipios.com\/wp-content\/uploads\/2022\/11\/FibkQ-_XkAMr5sA.jpg","width":1600,"height":900},{"@type":"BreadcrumbList","@id":"https:\/\/diarioprincipios.com\/index.php\/2022\/11\/27\/ferraresi-inauguro-obras-en-la-primaria-61-de-villa-dominico\/#breadcrumb","itemListElement":[{"@type":"ListItem","position":1,"name":"Portada","item":"https:\/\/diarioprincipios.com\/"},{"@type":"ListItem","position":2,"name":"Ferraresi inaugur\u00f3 obras en la Primaria 61 de Villa Dom\u00ednico"}]},{"@type":"WebSite","@id":"https:\/\/diarioprincipios.com\/#website","url":"https:\/\/diarioprincipios.com\/","name":"Principios","description":"Principios Diario","publisher":{"@id":"https:\/\/diarioprincipios.com\/#organization"},"potentialAction":[{"@type":"SearchAction","target":{"@type":"EntryPoint","urlTemplate":"https:\/\/diarioprincipios.com\/?s={search_term_string}"},"query-input":{"@type":"PropertyValueSpecification","valueRequired":true,"valueName":"search_term_string"}}],"inLanguage":"es"},{"@type":"Organization","@id":"https:\/\/diarioprincipios.com\/#organization","name":"Principios","url":"https:\/\/diarioprincipios.com\/","logo":{"@type":"ImageObject","inLanguage":"es","@id":"https:\/\/diarioprincipios.com\/#\/schema\/logo\/image\/","url":"https:\/\/diarioprincipios.com\/wp-content\/uploads\/2024\/04\/cropped-www.diarioprincipios.com_-1.png","contentUrl":"https:\/\/diarioprincipios.com\/wp-content\/uploads\/2024\/04\/cropped-www.diarioprincipios.com_-1.png","width":5325,"height":1454,"caption":"Principios"},"image":{"@id":"https:\/\/diarioprincipios.com\/#\/schema\/logo\/image\/"}},{"@type":"Person","@id":"https:\/\/diarioprincipios.com\/#\/schema\/person\/436d5a1fd41a5e250e23ff5a6a7cb080","name":"Hern\u00e1n L\u00f3pez","image":{"@type":"ImageObject","inLanguage":"es","@id":"https:\/\/diarioprincipios.com\/wp-content\/litespeed\/avatar\/11ddfe5610ff3bd100522525b2571f48.jpg?ver=1777048341","url":"https:\/\/diarioprincipios.com\/wp-content\/litespeed\/avatar\/11ddfe5610ff3bd100522525b2571f48.jpg?ver=1777048341","contentUrl":"https:\/\/diarioprincipios.com\/wp-content\/litespeed\/avatar\/11ddfe5610ff3bd100522525b2571f48.jpg?ver=1777048341","caption":"Hern\u00e1n L\u00f3pez"},"url":"https:\/\/diarioprincipios.com\/index.php\/author\/hernan\/"}]}},"jetpack_featured_media_url":"https:\/\/diarioprincipios.com\/wp-content\/uploads\/2022\/11\/FibkQ-_XkAMr5sA.jpg","_links":{"self":[{"href":"https:\/\/diarioprincipios.com\/index.php\/wp-json\/wp\/v2\/posts\/15238","targetHints":{"allow":["GET"]}}],"collection":[{"href":"https:\/\/diarioprincipios.com\/index.php\/wp-json\/wp\/v2\/posts"}],"about":[{"href":"https:\/\/diarioprincipios.com\/index.php\/wp-json\/wp\/v2\/types\/post"}],"author":[{"embeddable":true,"href":"https:\/\/diarioprincipios.com\/index.php\/wp-json\/wp\/v2\/users\/2"}],"replies":[{"embeddable":true,"href":"https:\/\/diarioprincipios.com\/index.php\/wp-json\/wp\/v2\/comments?post=15238"}],"version-history":[{"count":1,"href":"https:\/\/diarioprincipios.com\/index.php\/wp-json\/wp\/v2\/posts\/15238\/revisions"}],"predecessor-version":[{"id":15240,"href":"https:\/\/diarioprincipios.com\/index.php\/wp-json\/wp\/v2\/posts\/15238\/revisions\/15240"}],"wp:featuredmedia":[{"embeddable":true,"href":"https:\/\/diarioprincipios.com\/index.php\/wp-json\/wp\/v2\/media\/15239"}],"wp:attachment":[{"href":"https:\/\/diarioprincipios.com\/index.php\/wp-json\/wp\/v2\/media?parent=15238"}],"wp:term":[{"taxonomy":"category","embeddable":true,"href":"https:\/\/diarioprincipios.com\/index.php\/wp-json\/wp\/v2\/categories?post=15238"},{"taxonomy":"post_tag","embeddable":true,"href":"https:\/\/diarioprincipios.com\/index.php\/wp-json\/wp\/v2\/tags?post=15238"}],"curies":[{"name":"wp","href":"https:\/\/api.w.org\/{rel}","templated":true}]}}