{"id":15234,"date":"2022-11-25T16:14:10","date_gmt":"2022-11-25T19:14:10","guid":{"rendered":"http:\/\/diarioprincipios.com\/?p=15234"},"modified":"2022-11-30T03:10:30","modified_gmt":"2022-11-30T06:10:30","slug":"se-presentaron-los-murales-del-bicentenario","status":"publish","type":"post","link":"https:\/\/diarioprincipios.com\/index.php\/2022\/11\/25\/se-presentaron-los-murales-del-bicentenario\/","title":{"rendered":"Se presentaron los Murales del Bicentenario"},"content":{"rendered":"\n<p><strong>Se inauguraron las nueve obras que fueron pintadas por artistas berazateguenses en las paredes interiores del Complejo Cultural Municipal La Calle (148 y 18 A), y que son las ganadoras del concurso \u201cMurales del Bicentenario\u201d. Este certamen fue organizado por la Fundaci\u00f3n del Banco Provincia, en coordinaci\u00f3n con el Instituto Cultural de la Provincia y la Municipalidad de Berazategui. De la presentaci\u00f3n participaron el gobernador de la provincia de Buenos Aires, Axel Kicillof, y el intendente Juan Jos\u00e9 Mussi, junto al secretario de Cultura y Educaci\u00f3n municipal, Federico L\u00f3pez.<\/strong><\/p>\n\n\n\n<p>La Secretar\u00eda de Cultura y Educaci\u00f3n local convoc\u00f3 artistas urbanos berazateguenses y, de un total de treinta que se presentaron, nueve fueron seleccionados para intervenir una pared de 120 metros cuadrados en el interior del Complejo; y premiados por la Fundaci\u00f3n del Banco Provincia.<\/p>\n\n\n\n<figure class=\"wp-block-image size-large\"><img loading=\"lazy\" decoding=\"async\" width=\"1024\" height=\"682\" src=\"https:\/\/diarioprincipios.com\/wp-content\/uploads\/2022\/11\/BERAZATEGUI-SE-PRESENTARON-LOS-MURALES-DEL-BICENTENARIO-1024x682.jpg\" alt=\"\" class=\"wp-image-15235\" srcset=\"https:\/\/diarioprincipios.com\/wp-content\/uploads\/2022\/11\/BERAZATEGUI-SE-PRESENTARON-LOS-MURALES-DEL-BICENTENARIO-1024x682.jpg 1024w, https:\/\/diarioprincipios.com\/wp-content\/uploads\/2022\/11\/BERAZATEGUI-SE-PRESENTARON-LOS-MURALES-DEL-BICENTENARIO-300x200.jpg 300w, https:\/\/diarioprincipios.com\/wp-content\/uploads\/2022\/11\/BERAZATEGUI-SE-PRESENTARON-LOS-MURALES-DEL-BICENTENARIO-768x512.jpg 768w, https:\/\/diarioprincipios.com\/wp-content\/uploads\/2022\/11\/BERAZATEGUI-SE-PRESENTARON-LOS-MURALES-DEL-BICENTENARIO.jpg 1280w\" sizes=\"auto, (max-width: 1024px) 100vw, 1024px\" \/><\/figure>\n\n\n\n<p>En el marco del Bicentenario del Banco de la provincia de Buenos Aires, y en coordinaci\u00f3n con la Subsecretar\u00eda de Promoci\u00f3n Sociocultural y la Secretar\u00eda de Cultura y Educaci\u00f3n de la Municipalidad de Berazategui, se realiz\u00f3 este concurso con el objeto de revalorizar el espacio p\u00fablico, fomentar la identidad bonaerense y visibilizar la cultura local.<\/p>\n\n\n\n<p>Estuvieron tambi\u00e9n en la presentaci\u00f3n el ministro de Ciencia, Tecnolog\u00eda e Innovaci\u00f3n de la Naci\u00f3n, Daniel Filmus; y su par provincial de Producci\u00f3n, Ciencia e Innovaci\u00f3n Tecnol\u00f3gica, Augusto Costa. Adem\u00e1s, asistieron la presidenta del Instituto Cultural, Florencia Saintout; el presidente del Banco Provincia, Juan Cuattromo; el jefe de Gabinete de la Direcci\u00f3n General de Cultura y Educaci\u00f3n, Juan Pablo Urquiza; las subsecretarias de Educaci\u00f3n, Claudia Bracchi; y de Promoci\u00f3n Sociocultural, Lorena Riesgo; y el diputado provincial Carlos&nbsp;Moreno.<\/p>\n","protected":false},"excerpt":{"rendered":"<p>Se inauguraron las nueve obras que fueron pintadas por artistas berazateguenses en las paredes interiores del Complejo Cultural Municipal La Calle (148 y 18 A), y que son las ganadoras del concurso \u201cMurales del Bicentenario\u201d. Este certamen fue organizado por la Fundaci\u00f3n del Banco Provincia, en coordinaci\u00f3n con el Instituto Cultural de la Provincia y&#8230;<\/p>\n","protected":false},"author":2,"featured_media":15236,"comment_status":"open","ping_status":"open","sticky":false,"template":"","format":"standard","meta":{"footnotes":""},"categories":[3],"tags":[],"class_list":["post-15234","post","type-post","status-publish","format-standard","has-post-thumbnail","hentry","category-berazategui"],"featured_image_src":"https:\/\/diarioprincipios.com\/wp-content\/uploads\/2022\/11\/BERAZATEGUI-SE-PRESENTARON-LOS-MURALES-DEL-BICENTENARIO2-1024x682.jpg","blog_images":{"medium":"https:\/\/diarioprincipios.com\/wp-content\/uploads\/2022\/11\/BERAZATEGUI-SE-PRESENTARON-LOS-MURALES-DEL-BICENTENARIO2-300x200.jpg","large":"https:\/\/diarioprincipios.com\/wp-content\/uploads\/2022\/11\/BERAZATEGUI-SE-PRESENTARON-LOS-MURALES-DEL-BICENTENARIO2-1024x682.jpg"},"ams_acf":[],"yoast_head":"<!-- This site is optimized with the Yoast SEO plugin v27.3 - https:\/\/yoast.com\/product\/yoast-seo-wordpress\/ -->\n<title>Se presentaron los Murales del Bicentenario - Principios<\/title>\n<meta name=\"robots\" content=\"index, follow, max-snippet:-1, max-image-preview:large, max-video-preview:-1\" \/>\n<link rel=\"canonical\" href=\"https:\/\/diarioprincipios.com\/index.php\/2022\/11\/25\/se-presentaron-los-murales-del-bicentenario\/\" \/>\n<meta property=\"og:locale\" content=\"es_ES\" \/>\n<meta property=\"og:type\" content=\"article\" \/>\n<meta property=\"og:title\" content=\"Se presentaron los Murales del Bicentenario - Principios\" \/>\n<meta property=\"og:description\" content=\"Se inauguraron las nueve obras que fueron pintadas por artistas berazateguenses en las paredes interiores del Complejo Cultural Municipal La Calle (148 y 18 A), y que son las ganadoras del concurso \u201cMurales del Bicentenario\u201d. Este certamen fue organizado por la Fundaci\u00f3n del Banco Provincia, en coordinaci\u00f3n con el Instituto Cultural de la Provincia y...\" \/>\n<meta property=\"og:url\" content=\"https:\/\/diarioprincipios.com\/index.php\/2022\/11\/25\/se-presentaron-los-murales-del-bicentenario\/\" \/>\n<meta property=\"og:site_name\" content=\"Principios\" \/>\n<meta property=\"article:published_time\" content=\"2022-11-25T19:14:10+00:00\" \/>\n<meta property=\"article:modified_time\" content=\"2022-11-30T06:10:30+00:00\" \/>\n<meta property=\"og:image\" content=\"https:\/\/diarioprincipios.com\/wp-content\/uploads\/2022\/11\/BERAZATEGUI-SE-PRESENTARON-LOS-MURALES-DEL-BICENTENARIO2.jpg\" \/>\n\t<meta property=\"og:image:width\" content=\"1280\" \/>\n\t<meta property=\"og:image:height\" content=\"853\" \/>\n\t<meta property=\"og:image:type\" content=\"image\/jpeg\" \/>\n<meta name=\"author\" content=\"Hern\u00e1n L\u00f3pez\" \/>\n<meta name=\"twitter:card\" content=\"summary_large_image\" \/>\n<meta name=\"twitter:label1\" content=\"Escrito por\" \/>\n\t<meta name=\"twitter:data1\" content=\"Hern\u00e1n L\u00f3pez\" \/>\n\t<meta name=\"twitter:label2\" content=\"Tiempo de lectura\" \/>\n\t<meta name=\"twitter:data2\" content=\"2 minutos\" \/>\n<script type=\"application\/ld+json\" class=\"yoast-schema-graph\">{\"@context\":\"https:\\\/\\\/schema.org\",\"@graph\":[{\"@type\":\"Article\",\"@id\":\"https:\\\/\\\/diarioprincipios.com\\\/index.php\\\/2022\\\/11\\\/25\\\/se-presentaron-los-murales-del-bicentenario\\\/#article\",\"isPartOf\":{\"@id\":\"https:\\\/\\\/diarioprincipios.com\\\/index.php\\\/2022\\\/11\\\/25\\\/se-presentaron-los-murales-del-bicentenario\\\/\"},\"author\":{\"name\":\"Hern\u00e1n L\u00f3pez\",\"@id\":\"https:\\\/\\\/diarioprincipios.com\\\/#\\\/schema\\\/person\\\/436d5a1fd41a5e250e23ff5a6a7cb080\"},\"headline\":\"Se presentaron los Murales del Bicentenario\",\"datePublished\":\"2022-11-25T19:14:10+00:00\",\"dateModified\":\"2022-11-30T06:10:30+00:00\",\"mainEntityOfPage\":{\"@id\":\"https:\\\/\\\/diarioprincipios.com\\\/index.php\\\/2022\\\/11\\\/25\\\/se-presentaron-los-murales-del-bicentenario\\\/\"},\"wordCount\":297,\"commentCount\":0,\"publisher\":{\"@id\":\"https:\\\/\\\/diarioprincipios.com\\\/#organization\"},\"image\":{\"@id\":\"https:\\\/\\\/diarioprincipios.com\\\/index.php\\\/2022\\\/11\\\/25\\\/se-presentaron-los-murales-del-bicentenario\\\/#primaryimage\"},\"thumbnailUrl\":\"https:\\\/\\\/diarioprincipios.com\\\/wp-content\\\/uploads\\\/2022\\\/11\\\/BERAZATEGUI-SE-PRESENTARON-LOS-MURALES-DEL-BICENTENARIO2.jpg\",\"articleSection\":[\"Berazategui\"],\"inLanguage\":\"es\",\"potentialAction\":[{\"@type\":\"CommentAction\",\"name\":\"Comment\",\"target\":[\"https:\\\/\\\/diarioprincipios.com\\\/index.php\\\/2022\\\/11\\\/25\\\/se-presentaron-los-murales-del-bicentenario\\\/#respond\"]}]},{\"@type\":\"WebPage\",\"@id\":\"https:\\\/\\\/diarioprincipios.com\\\/index.php\\\/2022\\\/11\\\/25\\\/se-presentaron-los-murales-del-bicentenario\\\/\",\"url\":\"https:\\\/\\\/diarioprincipios.com\\\/index.php\\\/2022\\\/11\\\/25\\\/se-presentaron-los-murales-del-bicentenario\\\/\",\"name\":\"Se presentaron los Murales del Bicentenario - Principios\",\"isPartOf\":{\"@id\":\"https:\\\/\\\/diarioprincipios.com\\\/#website\"},\"primaryImageOfPage\":{\"@id\":\"https:\\\/\\\/diarioprincipios.com\\\/index.php\\\/2022\\\/11\\\/25\\\/se-presentaron-los-murales-del-bicentenario\\\/#primaryimage\"},\"image\":{\"@id\":\"https:\\\/\\\/diarioprincipios.com\\\/index.php\\\/2022\\\/11\\\/25\\\/se-presentaron-los-murales-del-bicentenario\\\/#primaryimage\"},\"thumbnailUrl\":\"https:\\\/\\\/diarioprincipios.com\\\/wp-content\\\/uploads\\\/2022\\\/11\\\/BERAZATEGUI-SE-PRESENTARON-LOS-MURALES-DEL-BICENTENARIO2.jpg\",\"datePublished\":\"2022-11-25T19:14:10+00:00\",\"dateModified\":\"2022-11-30T06:10:30+00:00\",\"breadcrumb\":{\"@id\":\"https:\\\/\\\/diarioprincipios.com\\\/index.php\\\/2022\\\/11\\\/25\\\/se-presentaron-los-murales-del-bicentenario\\\/#breadcrumb\"},\"inLanguage\":\"es\",\"potentialAction\":[{\"@type\":\"ReadAction\",\"target\":[\"https:\\\/\\\/diarioprincipios.com\\\/index.php\\\/2022\\\/11\\\/25\\\/se-presentaron-los-murales-del-bicentenario\\\/\"]}]},{\"@type\":\"ImageObject\",\"inLanguage\":\"es\",\"@id\":\"https:\\\/\\\/diarioprincipios.com\\\/index.php\\\/2022\\\/11\\\/25\\\/se-presentaron-los-murales-del-bicentenario\\\/#primaryimage\",\"url\":\"https:\\\/\\\/diarioprincipios.com\\\/wp-content\\\/uploads\\\/2022\\\/11\\\/BERAZATEGUI-SE-PRESENTARON-LOS-MURALES-DEL-BICENTENARIO2.jpg\",\"contentUrl\":\"https:\\\/\\\/diarioprincipios.com\\\/wp-content\\\/uploads\\\/2022\\\/11\\\/BERAZATEGUI-SE-PRESENTARON-LOS-MURALES-DEL-BICENTENARIO2.jpg\",\"width\":1280,\"height\":853},{\"@type\":\"BreadcrumbList\",\"@id\":\"https:\\\/\\\/diarioprincipios.com\\\/index.php\\\/2022\\\/11\\\/25\\\/se-presentaron-los-murales-del-bicentenario\\\/#breadcrumb\",\"itemListElement\":[{\"@type\":\"ListItem\",\"position\":1,\"name\":\"Portada\",\"item\":\"https:\\\/\\\/diarioprincipios.com\\\/\"},{\"@type\":\"ListItem\",\"position\":2,\"name\":\"Se presentaron los Murales del Bicentenario\"}]},{\"@type\":\"WebSite\",\"@id\":\"https:\\\/\\\/diarioprincipios.com\\\/#website\",\"url\":\"https:\\\/\\\/diarioprincipios.com\\\/\",\"name\":\"Principios\",\"description\":\"Principios Diario\",\"publisher\":{\"@id\":\"https:\\\/\\\/diarioprincipios.com\\\/#organization\"},\"potentialAction\":[{\"@type\":\"SearchAction\",\"target\":{\"@type\":\"EntryPoint\",\"urlTemplate\":\"https:\\\/\\\/diarioprincipios.com\\\/?s={search_term_string}\"},\"query-input\":{\"@type\":\"PropertyValueSpecification\",\"valueRequired\":true,\"valueName\":\"search_term_string\"}}],\"inLanguage\":\"es\"},{\"@type\":\"Organization\",\"@id\":\"https:\\\/\\\/diarioprincipios.com\\\/#organization\",\"name\":\"Principios\",\"url\":\"https:\\\/\\\/diarioprincipios.com\\\/\",\"logo\":{\"@type\":\"ImageObject\",\"inLanguage\":\"es\",\"@id\":\"https:\\\/\\\/diarioprincipios.com\\\/#\\\/schema\\\/logo\\\/image\\\/\",\"url\":\"https:\\\/\\\/diarioprincipios.com\\\/wp-content\\\/uploads\\\/2024\\\/04\\\/cropped-www.diarioprincipios.com_-1.png\",\"contentUrl\":\"https:\\\/\\\/diarioprincipios.com\\\/wp-content\\\/uploads\\\/2024\\\/04\\\/cropped-www.diarioprincipios.com_-1.png\",\"width\":5325,\"height\":1454,\"caption\":\"Principios\"},\"image\":{\"@id\":\"https:\\\/\\\/diarioprincipios.com\\\/#\\\/schema\\\/logo\\\/image\\\/\"}},{\"@type\":\"Person\",\"@id\":\"https:\\\/\\\/diarioprincipios.com\\\/#\\\/schema\\\/person\\\/436d5a1fd41a5e250e23ff5a6a7cb080\",\"name\":\"Hern\u00e1n L\u00f3pez\",\"image\":{\"@type\":\"ImageObject\",\"inLanguage\":\"es\",\"@id\":\"https:\\\/\\\/diarioprincipios.com\\\/wp-content\\\/litespeed\\\/avatar\\\/11ddfe5610ff3bd100522525b2571f48.jpg?ver=1777048341\",\"url\":\"https:\\\/\\\/diarioprincipios.com\\\/wp-content\\\/litespeed\\\/avatar\\\/11ddfe5610ff3bd100522525b2571f48.jpg?ver=1777048341\",\"contentUrl\":\"https:\\\/\\\/diarioprincipios.com\\\/wp-content\\\/litespeed\\\/avatar\\\/11ddfe5610ff3bd100522525b2571f48.jpg?ver=1777048341\",\"caption\":\"Hern\u00e1n L\u00f3pez\"},\"url\":\"https:\\\/\\\/diarioprincipios.com\\\/index.php\\\/author\\\/hernan\\\/\"}]}<\/script>\n<!-- \/ Yoast SEO plugin. -->","yoast_head_json":{"title":"Se presentaron los Murales del Bicentenario - Principios","robots":{"index":"index","follow":"follow","max-snippet":"max-snippet:-1","max-image-preview":"max-image-preview:large","max-video-preview":"max-video-preview:-1"},"canonical":"https:\/\/diarioprincipios.com\/index.php\/2022\/11\/25\/se-presentaron-los-murales-del-bicentenario\/","og_locale":"es_ES","og_type":"article","og_title":"Se presentaron los Murales del Bicentenario - Principios","og_description":"Se inauguraron las nueve obras que fueron pintadas por artistas berazateguenses en las paredes interiores del Complejo Cultural Municipal La Calle (148 y 18 A), y que son las ganadoras del concurso \u201cMurales del Bicentenario\u201d. Este certamen fue organizado por la Fundaci\u00f3n del Banco Provincia, en coordinaci\u00f3n con el Instituto Cultural de la Provincia y...","og_url":"https:\/\/diarioprincipios.com\/index.php\/2022\/11\/25\/se-presentaron-los-murales-del-bicentenario\/","og_site_name":"Principios","article_published_time":"2022-11-25T19:14:10+00:00","article_modified_time":"2022-11-30T06:10:30+00:00","og_image":[{"width":1280,"height":853,"url":"https:\/\/diarioprincipios.com\/wp-content\/uploads\/2022\/11\/BERAZATEGUI-SE-PRESENTARON-LOS-MURALES-DEL-BICENTENARIO2.jpg","type":"image\/jpeg"}],"author":"Hern\u00e1n L\u00f3pez","twitter_card":"summary_large_image","twitter_misc":{"Escrito por":"Hern\u00e1n L\u00f3pez","Tiempo de lectura":"2 minutos"},"schema":{"@context":"https:\/\/schema.org","@graph":[{"@type":"Article","@id":"https:\/\/diarioprincipios.com\/index.php\/2022\/11\/25\/se-presentaron-los-murales-del-bicentenario\/#article","isPartOf":{"@id":"https:\/\/diarioprincipios.com\/index.php\/2022\/11\/25\/se-presentaron-los-murales-del-bicentenario\/"},"author":{"name":"Hern\u00e1n L\u00f3pez","@id":"https:\/\/diarioprincipios.com\/#\/schema\/person\/436d5a1fd41a5e250e23ff5a6a7cb080"},"headline":"Se presentaron los Murales del Bicentenario","datePublished":"2022-11-25T19:14:10+00:00","dateModified":"2022-11-30T06:10:30+00:00","mainEntityOfPage":{"@id":"https:\/\/diarioprincipios.com\/index.php\/2022\/11\/25\/se-presentaron-los-murales-del-bicentenario\/"},"wordCount":297,"commentCount":0,"publisher":{"@id":"https:\/\/diarioprincipios.com\/#organization"},"image":{"@id":"https:\/\/diarioprincipios.com\/index.php\/2022\/11\/25\/se-presentaron-los-murales-del-bicentenario\/#primaryimage"},"thumbnailUrl":"https:\/\/diarioprincipios.com\/wp-content\/uploads\/2022\/11\/BERAZATEGUI-SE-PRESENTARON-LOS-MURALES-DEL-BICENTENARIO2.jpg","articleSection":["Berazategui"],"inLanguage":"es","potentialAction":[{"@type":"CommentAction","name":"Comment","target":["https:\/\/diarioprincipios.com\/index.php\/2022\/11\/25\/se-presentaron-los-murales-del-bicentenario\/#respond"]}]},{"@type":"WebPage","@id":"https:\/\/diarioprincipios.com\/index.php\/2022\/11\/25\/se-presentaron-los-murales-del-bicentenario\/","url":"https:\/\/diarioprincipios.com\/index.php\/2022\/11\/25\/se-presentaron-los-murales-del-bicentenario\/","name":"Se presentaron los Murales del Bicentenario - Principios","isPartOf":{"@id":"https:\/\/diarioprincipios.com\/#website"},"primaryImageOfPage":{"@id":"https:\/\/diarioprincipios.com\/index.php\/2022\/11\/25\/se-presentaron-los-murales-del-bicentenario\/#primaryimage"},"image":{"@id":"https:\/\/diarioprincipios.com\/index.php\/2022\/11\/25\/se-presentaron-los-murales-del-bicentenario\/#primaryimage"},"thumbnailUrl":"https:\/\/diarioprincipios.com\/wp-content\/uploads\/2022\/11\/BERAZATEGUI-SE-PRESENTARON-LOS-MURALES-DEL-BICENTENARIO2.jpg","datePublished":"2022-11-25T19:14:10+00:00","dateModified":"2022-11-30T06:10:30+00:00","breadcrumb":{"@id":"https:\/\/diarioprincipios.com\/index.php\/2022\/11\/25\/se-presentaron-los-murales-del-bicentenario\/#breadcrumb"},"inLanguage":"es","potentialAction":[{"@type":"ReadAction","target":["https:\/\/diarioprincipios.com\/index.php\/2022\/11\/25\/se-presentaron-los-murales-del-bicentenario\/"]}]},{"@type":"ImageObject","inLanguage":"es","@id":"https:\/\/diarioprincipios.com\/index.php\/2022\/11\/25\/se-presentaron-los-murales-del-bicentenario\/#primaryimage","url":"https:\/\/diarioprincipios.com\/wp-content\/uploads\/2022\/11\/BERAZATEGUI-SE-PRESENTARON-LOS-MURALES-DEL-BICENTENARIO2.jpg","contentUrl":"https:\/\/diarioprincipios.com\/wp-content\/uploads\/2022\/11\/BERAZATEGUI-SE-PRESENTARON-LOS-MURALES-DEL-BICENTENARIO2.jpg","width":1280,"height":853},{"@type":"BreadcrumbList","@id":"https:\/\/diarioprincipios.com\/index.php\/2022\/11\/25\/se-presentaron-los-murales-del-bicentenario\/#breadcrumb","itemListElement":[{"@type":"ListItem","position":1,"name":"Portada","item":"https:\/\/diarioprincipios.com\/"},{"@type":"ListItem","position":2,"name":"Se presentaron los Murales del Bicentenario"}]},{"@type":"WebSite","@id":"https:\/\/diarioprincipios.com\/#website","url":"https:\/\/diarioprincipios.com\/","name":"Principios","description":"Principios Diario","publisher":{"@id":"https:\/\/diarioprincipios.com\/#organization"},"potentialAction":[{"@type":"SearchAction","target":{"@type":"EntryPoint","urlTemplate":"https:\/\/diarioprincipios.com\/?s={search_term_string}"},"query-input":{"@type":"PropertyValueSpecification","valueRequired":true,"valueName":"search_term_string"}}],"inLanguage":"es"},{"@type":"Organization","@id":"https:\/\/diarioprincipios.com\/#organization","name":"Principios","url":"https:\/\/diarioprincipios.com\/","logo":{"@type":"ImageObject","inLanguage":"es","@id":"https:\/\/diarioprincipios.com\/#\/schema\/logo\/image\/","url":"https:\/\/diarioprincipios.com\/wp-content\/uploads\/2024\/04\/cropped-www.diarioprincipios.com_-1.png","contentUrl":"https:\/\/diarioprincipios.com\/wp-content\/uploads\/2024\/04\/cropped-www.diarioprincipios.com_-1.png","width":5325,"height":1454,"caption":"Principios"},"image":{"@id":"https:\/\/diarioprincipios.com\/#\/schema\/logo\/image\/"}},{"@type":"Person","@id":"https:\/\/diarioprincipios.com\/#\/schema\/person\/436d5a1fd41a5e250e23ff5a6a7cb080","name":"Hern\u00e1n L\u00f3pez","image":{"@type":"ImageObject","inLanguage":"es","@id":"https:\/\/diarioprincipios.com\/wp-content\/litespeed\/avatar\/11ddfe5610ff3bd100522525b2571f48.jpg?ver=1777048341","url":"https:\/\/diarioprincipios.com\/wp-content\/litespeed\/avatar\/11ddfe5610ff3bd100522525b2571f48.jpg?ver=1777048341","contentUrl":"https:\/\/diarioprincipios.com\/wp-content\/litespeed\/avatar\/11ddfe5610ff3bd100522525b2571f48.jpg?ver=1777048341","caption":"Hern\u00e1n L\u00f3pez"},"url":"https:\/\/diarioprincipios.com\/index.php\/author\/hernan\/"}]}},"jetpack_featured_media_url":"https:\/\/diarioprincipios.com\/wp-content\/uploads\/2022\/11\/BERAZATEGUI-SE-PRESENTARON-LOS-MURALES-DEL-BICENTENARIO2.jpg","_links":{"self":[{"href":"https:\/\/diarioprincipios.com\/index.php\/wp-json\/wp\/v2\/posts\/15234","targetHints":{"allow":["GET"]}}],"collection":[{"href":"https:\/\/diarioprincipios.com\/index.php\/wp-json\/wp\/v2\/posts"}],"about":[{"href":"https:\/\/diarioprincipios.com\/index.php\/wp-json\/wp\/v2\/types\/post"}],"author":[{"embeddable":true,"href":"https:\/\/diarioprincipios.com\/index.php\/wp-json\/wp\/v2\/users\/2"}],"replies":[{"embeddable":true,"href":"https:\/\/diarioprincipios.com\/index.php\/wp-json\/wp\/v2\/comments?post=15234"}],"version-history":[{"count":1,"href":"https:\/\/diarioprincipios.com\/index.php\/wp-json\/wp\/v2\/posts\/15234\/revisions"}],"predecessor-version":[{"id":15237,"href":"https:\/\/diarioprincipios.com\/index.php\/wp-json\/wp\/v2\/posts\/15234\/revisions\/15237"}],"wp:featuredmedia":[{"embeddable":true,"href":"https:\/\/diarioprincipios.com\/index.php\/wp-json\/wp\/v2\/media\/15236"}],"wp:attachment":[{"href":"https:\/\/diarioprincipios.com\/index.php\/wp-json\/wp\/v2\/media?parent=15234"}],"wp:term":[{"taxonomy":"category","embeddable":true,"href":"https:\/\/diarioprincipios.com\/index.php\/wp-json\/wp\/v2\/categories?post=15234"},{"taxonomy":"post_tag","embeddable":true,"href":"https:\/\/diarioprincipios.com\/index.php\/wp-json\/wp\/v2\/tags?post=15234"}],"curies":[{"name":"wp","href":"https:\/\/api.w.org\/{rel}","templated":true}]}}