{"id":15231,"date":"2022-11-25T16:11:02","date_gmt":"2022-11-25T19:11:02","guid":{"rendered":"http:\/\/diarioprincipios.com\/?p=15231"},"modified":"2022-12-01T03:35:24","modified_gmt":"2022-12-01T06:35:24","slug":"jorge-ferraresi-recibio-al-equipo-federado-de-levantamiento-de-pesas-de-avellaneda","status":"publish","type":"post","link":"https:\/\/diarioprincipios.com\/index.php\/2022\/11\/25\/jorge-ferraresi-recibio-al-equipo-federado-de-levantamiento-de-pesas-de-avellaneda\/","title":{"rendered":"Jorge Ferraresi recibi\u00f3 al equipo federado de levantamiento de pesas de Avellaneda"},"content":{"rendered":"\n<p>Los atletas llevaron las distinciones obtenidas en el Campeonato Nacional de Pesas realizado en San Luis.<\/p>\n\n\n\n<p>El intendente Jorge Ferraresi se reuni\u00f3 hoy con los representantes de Avellaneda en la disciplina de levantamiento de pesas.<\/p>\n\n\n\n<p>La delegaci\u00f3n municipal particip\u00f3 recientemente en el Campeonato Nacional de Pesas 2022 llevado a cabo en la provincia de San Luis, donde obtuvieron 12 medallas y una copa para el equipo.<\/p>\n\n\n\n<p>Acompa\u00f1ados por el secretario de Deportes local, Sebasti\u00e1n Vidal y el entrenador de levantamiento ol\u00edmpico de pesas, Nicol\u00e1s Solito, las chicas y los chicos dialogaron con el Jefe comunal sobre sus experiencias y los objetivos deportivos a futuro.<\/p>\n\n\n\n<p>Adem\u00e1s de felicitar a lxs atletas, el Intendente subray\u00f3 el respaldo del Municipio para que sigan representando a nuestra ciudad y cumpliendo sus metas.<\/p>\n","protected":false},"excerpt":{"rendered":"<p>Los atletas llevaron las distinciones obtenidas en el Campeonato Nacional de Pesas realizado en San Luis. El intendente Jorge Ferraresi se reuni\u00f3 hoy con los representantes de Avellaneda en la disciplina de levantamiento de pesas. La delegaci\u00f3n municipal particip\u00f3 recientemente en el Campeonato Nacional de Pesas 2022 llevado a cabo en la provincia de San&#8230;<\/p>\n","protected":false},"author":2,"featured_media":15232,"comment_status":"open","ping_status":"open","sticky":false,"template":"","format":"standard","meta":{"footnotes":""},"categories":[5],"tags":[],"class_list":["post-15231","post","type-post","status-publish","format-standard","has-post-thumbnail","hentry","category-avellaneda"],"featured_image_src":"https:\/\/diarioprincipios.com\/wp-content\/uploads\/2022\/11\/316159012_691004022385669_2699837934896274899_n-1024x682.jpg","blog_images":{"medium":"https:\/\/diarioprincipios.com\/wp-content\/uploads\/2022\/11\/316159012_691004022385669_2699837934896274899_n-300x200.jpg","large":"https:\/\/diarioprincipios.com\/wp-content\/uploads\/2022\/11\/316159012_691004022385669_2699837934896274899_n-1024x682.jpg"},"ams_acf":[],"yoast_head":"<!-- This site is optimized with the Yoast SEO plugin v27.3 - https:\/\/yoast.com\/product\/yoast-seo-wordpress\/ -->\n<title>Jorge Ferraresi recibi\u00f3 al equipo federado de levantamiento de pesas de Avellaneda - Principios<\/title>\n<meta name=\"robots\" content=\"index, follow, max-snippet:-1, max-image-preview:large, max-video-preview:-1\" \/>\n<link rel=\"canonical\" href=\"https:\/\/diarioprincipios.com\/index.php\/2022\/11\/25\/jorge-ferraresi-recibio-al-equipo-federado-de-levantamiento-de-pesas-de-avellaneda\/\" \/>\n<meta property=\"og:locale\" content=\"es_ES\" \/>\n<meta property=\"og:type\" content=\"article\" \/>\n<meta property=\"og:title\" content=\"Jorge Ferraresi recibi\u00f3 al equipo federado de levantamiento de pesas de Avellaneda - Principios\" \/>\n<meta property=\"og:description\" content=\"Los atletas llevaron las distinciones obtenidas en el Campeonato Nacional de Pesas realizado en San Luis. El intendente Jorge Ferraresi se reuni\u00f3 hoy con los representantes de Avellaneda en la disciplina de levantamiento de pesas. La delegaci\u00f3n municipal particip\u00f3 recientemente en el Campeonato Nacional de Pesas 2022 llevado a cabo en la provincia de San...\" \/>\n<meta property=\"og:url\" content=\"https:\/\/diarioprincipios.com\/index.php\/2022\/11\/25\/jorge-ferraresi-recibio-al-equipo-federado-de-levantamiento-de-pesas-de-avellaneda\/\" \/>\n<meta property=\"og:site_name\" content=\"Principios\" \/>\n<meta property=\"article:published_time\" content=\"2022-11-25T19:11:02+00:00\" \/>\n<meta property=\"article:modified_time\" content=\"2022-12-01T06:35:24+00:00\" \/>\n<meta property=\"og:image\" content=\"https:\/\/diarioprincipios.com\/wp-content\/uploads\/2022\/11\/316159012_691004022385669_2699837934896274899_n.jpg\" \/>\n\t<meta property=\"og:image:width\" content=\"1600\" \/>\n\t<meta property=\"og:image:height\" content=\"1065\" \/>\n\t<meta property=\"og:image:type\" content=\"image\/jpeg\" \/>\n<meta name=\"author\" content=\"Hern\u00e1n L\u00f3pez\" \/>\n<meta name=\"twitter:card\" content=\"summary_large_image\" \/>\n<meta name=\"twitter:label1\" content=\"Escrito por\" \/>\n\t<meta name=\"twitter:data1\" content=\"Hern\u00e1n L\u00f3pez\" \/>\n\t<meta name=\"twitter:label2\" content=\"Tiempo de lectura\" \/>\n\t<meta name=\"twitter:data2\" content=\"1 minuto\" \/>\n<script type=\"application\/ld+json\" class=\"yoast-schema-graph\">{\"@context\":\"https:\\\/\\\/schema.org\",\"@graph\":[{\"@type\":\"Article\",\"@id\":\"https:\\\/\\\/diarioprincipios.com\\\/index.php\\\/2022\\\/11\\\/25\\\/jorge-ferraresi-recibio-al-equipo-federado-de-levantamiento-de-pesas-de-avellaneda\\\/#article\",\"isPartOf\":{\"@id\":\"https:\\\/\\\/diarioprincipios.com\\\/index.php\\\/2022\\\/11\\\/25\\\/jorge-ferraresi-recibio-al-equipo-federado-de-levantamiento-de-pesas-de-avellaneda\\\/\"},\"author\":{\"name\":\"Hern\u00e1n L\u00f3pez\",\"@id\":\"https:\\\/\\\/diarioprincipios.com\\\/#\\\/schema\\\/person\\\/436d5a1fd41a5e250e23ff5a6a7cb080\"},\"headline\":\"Jorge Ferraresi recibi\u00f3 al equipo federado de levantamiento de pesas de Avellaneda\",\"datePublished\":\"2022-11-25T19:11:02+00:00\",\"dateModified\":\"2022-12-01T06:35:24+00:00\",\"mainEntityOfPage\":{\"@id\":\"https:\\\/\\\/diarioprincipios.com\\\/index.php\\\/2022\\\/11\\\/25\\\/jorge-ferraresi-recibio-al-equipo-federado-de-levantamiento-de-pesas-de-avellaneda\\\/\"},\"wordCount\":144,\"commentCount\":0,\"publisher\":{\"@id\":\"https:\\\/\\\/diarioprincipios.com\\\/#organization\"},\"image\":{\"@id\":\"https:\\\/\\\/diarioprincipios.com\\\/index.php\\\/2022\\\/11\\\/25\\\/jorge-ferraresi-recibio-al-equipo-federado-de-levantamiento-de-pesas-de-avellaneda\\\/#primaryimage\"},\"thumbnailUrl\":\"https:\\\/\\\/diarioprincipios.com\\\/wp-content\\\/uploads\\\/2022\\\/11\\\/316159012_691004022385669_2699837934896274899_n.jpg\",\"articleSection\":[\"Avellaneda\"],\"inLanguage\":\"es\",\"potentialAction\":[{\"@type\":\"CommentAction\",\"name\":\"Comment\",\"target\":[\"https:\\\/\\\/diarioprincipios.com\\\/index.php\\\/2022\\\/11\\\/25\\\/jorge-ferraresi-recibio-al-equipo-federado-de-levantamiento-de-pesas-de-avellaneda\\\/#respond\"]}]},{\"@type\":\"WebPage\",\"@id\":\"https:\\\/\\\/diarioprincipios.com\\\/index.php\\\/2022\\\/11\\\/25\\\/jorge-ferraresi-recibio-al-equipo-federado-de-levantamiento-de-pesas-de-avellaneda\\\/\",\"url\":\"https:\\\/\\\/diarioprincipios.com\\\/index.php\\\/2022\\\/11\\\/25\\\/jorge-ferraresi-recibio-al-equipo-federado-de-levantamiento-de-pesas-de-avellaneda\\\/\",\"name\":\"Jorge Ferraresi recibi\u00f3 al equipo federado de levantamiento de pesas de Avellaneda - Principios\",\"isPartOf\":{\"@id\":\"https:\\\/\\\/diarioprincipios.com\\\/#website\"},\"primaryImageOfPage\":{\"@id\":\"https:\\\/\\\/diarioprincipios.com\\\/index.php\\\/2022\\\/11\\\/25\\\/jorge-ferraresi-recibio-al-equipo-federado-de-levantamiento-de-pesas-de-avellaneda\\\/#primaryimage\"},\"image\":{\"@id\":\"https:\\\/\\\/diarioprincipios.com\\\/index.php\\\/2022\\\/11\\\/25\\\/jorge-ferraresi-recibio-al-equipo-federado-de-levantamiento-de-pesas-de-avellaneda\\\/#primaryimage\"},\"thumbnailUrl\":\"https:\\\/\\\/diarioprincipios.com\\\/wp-content\\\/uploads\\\/2022\\\/11\\\/316159012_691004022385669_2699837934896274899_n.jpg\",\"datePublished\":\"2022-11-25T19:11:02+00:00\",\"dateModified\":\"2022-12-01T06:35:24+00:00\",\"breadcrumb\":{\"@id\":\"https:\\\/\\\/diarioprincipios.com\\\/index.php\\\/2022\\\/11\\\/25\\\/jorge-ferraresi-recibio-al-equipo-federado-de-levantamiento-de-pesas-de-avellaneda\\\/#breadcrumb\"},\"inLanguage\":\"es\",\"potentialAction\":[{\"@type\":\"ReadAction\",\"target\":[\"https:\\\/\\\/diarioprincipios.com\\\/index.php\\\/2022\\\/11\\\/25\\\/jorge-ferraresi-recibio-al-equipo-federado-de-levantamiento-de-pesas-de-avellaneda\\\/\"]}]},{\"@type\":\"ImageObject\",\"inLanguage\":\"es\",\"@id\":\"https:\\\/\\\/diarioprincipios.com\\\/index.php\\\/2022\\\/11\\\/25\\\/jorge-ferraresi-recibio-al-equipo-federado-de-levantamiento-de-pesas-de-avellaneda\\\/#primaryimage\",\"url\":\"https:\\\/\\\/diarioprincipios.com\\\/wp-content\\\/uploads\\\/2022\\\/11\\\/316159012_691004022385669_2699837934896274899_n.jpg\",\"contentUrl\":\"https:\\\/\\\/diarioprincipios.com\\\/wp-content\\\/uploads\\\/2022\\\/11\\\/316159012_691004022385669_2699837934896274899_n.jpg\",\"width\":1600,\"height\":1065},{\"@type\":\"BreadcrumbList\",\"@id\":\"https:\\\/\\\/diarioprincipios.com\\\/index.php\\\/2022\\\/11\\\/25\\\/jorge-ferraresi-recibio-al-equipo-federado-de-levantamiento-de-pesas-de-avellaneda\\\/#breadcrumb\",\"itemListElement\":[{\"@type\":\"ListItem\",\"position\":1,\"name\":\"Portada\",\"item\":\"https:\\\/\\\/diarioprincipios.com\\\/\"},{\"@type\":\"ListItem\",\"position\":2,\"name\":\"Jorge Ferraresi recibi\u00f3 al equipo federado de levantamiento de pesas de Avellaneda\"}]},{\"@type\":\"WebSite\",\"@id\":\"https:\\\/\\\/diarioprincipios.com\\\/#website\",\"url\":\"https:\\\/\\\/diarioprincipios.com\\\/\",\"name\":\"Principios\",\"description\":\"Principios Diario\",\"publisher\":{\"@id\":\"https:\\\/\\\/diarioprincipios.com\\\/#organization\"},\"potentialAction\":[{\"@type\":\"SearchAction\",\"target\":{\"@type\":\"EntryPoint\",\"urlTemplate\":\"https:\\\/\\\/diarioprincipios.com\\\/?s={search_term_string}\"},\"query-input\":{\"@type\":\"PropertyValueSpecification\",\"valueRequired\":true,\"valueName\":\"search_term_string\"}}],\"inLanguage\":\"es\"},{\"@type\":\"Organization\",\"@id\":\"https:\\\/\\\/diarioprincipios.com\\\/#organization\",\"name\":\"Principios\",\"url\":\"https:\\\/\\\/diarioprincipios.com\\\/\",\"logo\":{\"@type\":\"ImageObject\",\"inLanguage\":\"es\",\"@id\":\"https:\\\/\\\/diarioprincipios.com\\\/#\\\/schema\\\/logo\\\/image\\\/\",\"url\":\"https:\\\/\\\/diarioprincipios.com\\\/wp-content\\\/uploads\\\/2024\\\/04\\\/cropped-www.diarioprincipios.com_-1.png\",\"contentUrl\":\"https:\\\/\\\/diarioprincipios.com\\\/wp-content\\\/uploads\\\/2024\\\/04\\\/cropped-www.diarioprincipios.com_-1.png\",\"width\":5325,\"height\":1454,\"caption\":\"Principios\"},\"image\":{\"@id\":\"https:\\\/\\\/diarioprincipios.com\\\/#\\\/schema\\\/logo\\\/image\\\/\"}},{\"@type\":\"Person\",\"@id\":\"https:\\\/\\\/diarioprincipios.com\\\/#\\\/schema\\\/person\\\/436d5a1fd41a5e250e23ff5a6a7cb080\",\"name\":\"Hern\u00e1n L\u00f3pez\",\"image\":{\"@type\":\"ImageObject\",\"inLanguage\":\"es\",\"@id\":\"https:\\\/\\\/diarioprincipios.com\\\/wp-content\\\/litespeed\\\/avatar\\\/11ddfe5610ff3bd100522525b2571f48.jpg?ver=1777048341\",\"url\":\"https:\\\/\\\/diarioprincipios.com\\\/wp-content\\\/litespeed\\\/avatar\\\/11ddfe5610ff3bd100522525b2571f48.jpg?ver=1777048341\",\"contentUrl\":\"https:\\\/\\\/diarioprincipios.com\\\/wp-content\\\/litespeed\\\/avatar\\\/11ddfe5610ff3bd100522525b2571f48.jpg?ver=1777048341\",\"caption\":\"Hern\u00e1n L\u00f3pez\"},\"url\":\"https:\\\/\\\/diarioprincipios.com\\\/index.php\\\/author\\\/hernan\\\/\"}]}<\/script>\n<!-- \/ Yoast SEO plugin. -->","yoast_head_json":{"title":"Jorge Ferraresi recibi\u00f3 al equipo federado de levantamiento de pesas de Avellaneda - Principios","robots":{"index":"index","follow":"follow","max-snippet":"max-snippet:-1","max-image-preview":"max-image-preview:large","max-video-preview":"max-video-preview:-1"},"canonical":"https:\/\/diarioprincipios.com\/index.php\/2022\/11\/25\/jorge-ferraresi-recibio-al-equipo-federado-de-levantamiento-de-pesas-de-avellaneda\/","og_locale":"es_ES","og_type":"article","og_title":"Jorge Ferraresi recibi\u00f3 al equipo federado de levantamiento de pesas de Avellaneda - Principios","og_description":"Los atletas llevaron las distinciones obtenidas en el Campeonato Nacional de Pesas realizado en San Luis. El intendente Jorge Ferraresi se reuni\u00f3 hoy con los representantes de Avellaneda en la disciplina de levantamiento de pesas. La delegaci\u00f3n municipal particip\u00f3 recientemente en el Campeonato Nacional de Pesas 2022 llevado a cabo en la provincia de San...","og_url":"https:\/\/diarioprincipios.com\/index.php\/2022\/11\/25\/jorge-ferraresi-recibio-al-equipo-federado-de-levantamiento-de-pesas-de-avellaneda\/","og_site_name":"Principios","article_published_time":"2022-11-25T19:11:02+00:00","article_modified_time":"2022-12-01T06:35:24+00:00","og_image":[{"width":1600,"height":1065,"url":"https:\/\/diarioprincipios.com\/wp-content\/uploads\/2022\/11\/316159012_691004022385669_2699837934896274899_n.jpg","type":"image\/jpeg"}],"author":"Hern\u00e1n L\u00f3pez","twitter_card":"summary_large_image","twitter_misc":{"Escrito por":"Hern\u00e1n L\u00f3pez","Tiempo de lectura":"1 minuto"},"schema":{"@context":"https:\/\/schema.org","@graph":[{"@type":"Article","@id":"https:\/\/diarioprincipios.com\/index.php\/2022\/11\/25\/jorge-ferraresi-recibio-al-equipo-federado-de-levantamiento-de-pesas-de-avellaneda\/#article","isPartOf":{"@id":"https:\/\/diarioprincipios.com\/index.php\/2022\/11\/25\/jorge-ferraresi-recibio-al-equipo-federado-de-levantamiento-de-pesas-de-avellaneda\/"},"author":{"name":"Hern\u00e1n L\u00f3pez","@id":"https:\/\/diarioprincipios.com\/#\/schema\/person\/436d5a1fd41a5e250e23ff5a6a7cb080"},"headline":"Jorge Ferraresi recibi\u00f3 al equipo federado de levantamiento de pesas de Avellaneda","datePublished":"2022-11-25T19:11:02+00:00","dateModified":"2022-12-01T06:35:24+00:00","mainEntityOfPage":{"@id":"https:\/\/diarioprincipios.com\/index.php\/2022\/11\/25\/jorge-ferraresi-recibio-al-equipo-federado-de-levantamiento-de-pesas-de-avellaneda\/"},"wordCount":144,"commentCount":0,"publisher":{"@id":"https:\/\/diarioprincipios.com\/#organization"},"image":{"@id":"https:\/\/diarioprincipios.com\/index.php\/2022\/11\/25\/jorge-ferraresi-recibio-al-equipo-federado-de-levantamiento-de-pesas-de-avellaneda\/#primaryimage"},"thumbnailUrl":"https:\/\/diarioprincipios.com\/wp-content\/uploads\/2022\/11\/316159012_691004022385669_2699837934896274899_n.jpg","articleSection":["Avellaneda"],"inLanguage":"es","potentialAction":[{"@type":"CommentAction","name":"Comment","target":["https:\/\/diarioprincipios.com\/index.php\/2022\/11\/25\/jorge-ferraresi-recibio-al-equipo-federado-de-levantamiento-de-pesas-de-avellaneda\/#respond"]}]},{"@type":"WebPage","@id":"https:\/\/diarioprincipios.com\/index.php\/2022\/11\/25\/jorge-ferraresi-recibio-al-equipo-federado-de-levantamiento-de-pesas-de-avellaneda\/","url":"https:\/\/diarioprincipios.com\/index.php\/2022\/11\/25\/jorge-ferraresi-recibio-al-equipo-federado-de-levantamiento-de-pesas-de-avellaneda\/","name":"Jorge Ferraresi recibi\u00f3 al equipo federado de levantamiento de pesas de Avellaneda - Principios","isPartOf":{"@id":"https:\/\/diarioprincipios.com\/#website"},"primaryImageOfPage":{"@id":"https:\/\/diarioprincipios.com\/index.php\/2022\/11\/25\/jorge-ferraresi-recibio-al-equipo-federado-de-levantamiento-de-pesas-de-avellaneda\/#primaryimage"},"image":{"@id":"https:\/\/diarioprincipios.com\/index.php\/2022\/11\/25\/jorge-ferraresi-recibio-al-equipo-federado-de-levantamiento-de-pesas-de-avellaneda\/#primaryimage"},"thumbnailUrl":"https:\/\/diarioprincipios.com\/wp-content\/uploads\/2022\/11\/316159012_691004022385669_2699837934896274899_n.jpg","datePublished":"2022-11-25T19:11:02+00:00","dateModified":"2022-12-01T06:35:24+00:00","breadcrumb":{"@id":"https:\/\/diarioprincipios.com\/index.php\/2022\/11\/25\/jorge-ferraresi-recibio-al-equipo-federado-de-levantamiento-de-pesas-de-avellaneda\/#breadcrumb"},"inLanguage":"es","potentialAction":[{"@type":"ReadAction","target":["https:\/\/diarioprincipios.com\/index.php\/2022\/11\/25\/jorge-ferraresi-recibio-al-equipo-federado-de-levantamiento-de-pesas-de-avellaneda\/"]}]},{"@type":"ImageObject","inLanguage":"es","@id":"https:\/\/diarioprincipios.com\/index.php\/2022\/11\/25\/jorge-ferraresi-recibio-al-equipo-federado-de-levantamiento-de-pesas-de-avellaneda\/#primaryimage","url":"https:\/\/diarioprincipios.com\/wp-content\/uploads\/2022\/11\/316159012_691004022385669_2699837934896274899_n.jpg","contentUrl":"https:\/\/diarioprincipios.com\/wp-content\/uploads\/2022\/11\/316159012_691004022385669_2699837934896274899_n.jpg","width":1600,"height":1065},{"@type":"BreadcrumbList","@id":"https:\/\/diarioprincipios.com\/index.php\/2022\/11\/25\/jorge-ferraresi-recibio-al-equipo-federado-de-levantamiento-de-pesas-de-avellaneda\/#breadcrumb","itemListElement":[{"@type":"ListItem","position":1,"name":"Portada","item":"https:\/\/diarioprincipios.com\/"},{"@type":"ListItem","position":2,"name":"Jorge Ferraresi recibi\u00f3 al equipo federado de levantamiento de pesas de Avellaneda"}]},{"@type":"WebSite","@id":"https:\/\/diarioprincipios.com\/#website","url":"https:\/\/diarioprincipios.com\/","name":"Principios","description":"Principios Diario","publisher":{"@id":"https:\/\/diarioprincipios.com\/#organization"},"potentialAction":[{"@type":"SearchAction","target":{"@type":"EntryPoint","urlTemplate":"https:\/\/diarioprincipios.com\/?s={search_term_string}"},"query-input":{"@type":"PropertyValueSpecification","valueRequired":true,"valueName":"search_term_string"}}],"inLanguage":"es"},{"@type":"Organization","@id":"https:\/\/diarioprincipios.com\/#organization","name":"Principios","url":"https:\/\/diarioprincipios.com\/","logo":{"@type":"ImageObject","inLanguage":"es","@id":"https:\/\/diarioprincipios.com\/#\/schema\/logo\/image\/","url":"https:\/\/diarioprincipios.com\/wp-content\/uploads\/2024\/04\/cropped-www.diarioprincipios.com_-1.png","contentUrl":"https:\/\/diarioprincipios.com\/wp-content\/uploads\/2024\/04\/cropped-www.diarioprincipios.com_-1.png","width":5325,"height":1454,"caption":"Principios"},"image":{"@id":"https:\/\/diarioprincipios.com\/#\/schema\/logo\/image\/"}},{"@type":"Person","@id":"https:\/\/diarioprincipios.com\/#\/schema\/person\/436d5a1fd41a5e250e23ff5a6a7cb080","name":"Hern\u00e1n L\u00f3pez","image":{"@type":"ImageObject","inLanguage":"es","@id":"https:\/\/diarioprincipios.com\/wp-content\/litespeed\/avatar\/11ddfe5610ff3bd100522525b2571f48.jpg?ver=1777048341","url":"https:\/\/diarioprincipios.com\/wp-content\/litespeed\/avatar\/11ddfe5610ff3bd100522525b2571f48.jpg?ver=1777048341","contentUrl":"https:\/\/diarioprincipios.com\/wp-content\/litespeed\/avatar\/11ddfe5610ff3bd100522525b2571f48.jpg?ver=1777048341","caption":"Hern\u00e1n L\u00f3pez"},"url":"https:\/\/diarioprincipios.com\/index.php\/author\/hernan\/"}]}},"jetpack_featured_media_url":"https:\/\/diarioprincipios.com\/wp-content\/uploads\/2022\/11\/316159012_691004022385669_2699837934896274899_n.jpg","_links":{"self":[{"href":"https:\/\/diarioprincipios.com\/index.php\/wp-json\/wp\/v2\/posts\/15231","targetHints":{"allow":["GET"]}}],"collection":[{"href":"https:\/\/diarioprincipios.com\/index.php\/wp-json\/wp\/v2\/posts"}],"about":[{"href":"https:\/\/diarioprincipios.com\/index.php\/wp-json\/wp\/v2\/types\/post"}],"author":[{"embeddable":true,"href":"https:\/\/diarioprincipios.com\/index.php\/wp-json\/wp\/v2\/users\/2"}],"replies":[{"embeddable":true,"href":"https:\/\/diarioprincipios.com\/index.php\/wp-json\/wp\/v2\/comments?post=15231"}],"version-history":[{"count":1,"href":"https:\/\/diarioprincipios.com\/index.php\/wp-json\/wp\/v2\/posts\/15231\/revisions"}],"predecessor-version":[{"id":15233,"href":"https:\/\/diarioprincipios.com\/index.php\/wp-json\/wp\/v2\/posts\/15231\/revisions\/15233"}],"wp:featuredmedia":[{"embeddable":true,"href":"https:\/\/diarioprincipios.com\/index.php\/wp-json\/wp\/v2\/media\/15232"}],"wp:attachment":[{"href":"https:\/\/diarioprincipios.com\/index.php\/wp-json\/wp\/v2\/media?parent=15231"}],"wp:term":[{"taxonomy":"category","embeddable":true,"href":"https:\/\/diarioprincipios.com\/index.php\/wp-json\/wp\/v2\/categories?post=15231"},{"taxonomy":"post_tag","embeddable":true,"href":"https:\/\/diarioprincipios.com\/index.php\/wp-json\/wp\/v2\/tags?post=15231"}],"curies":[{"name":"wp","href":"https:\/\/api.w.org\/{rel}","templated":true}]}}