{"id":15226,"date":"2022-11-25T09:02:32","date_gmt":"2022-11-25T12:02:32","guid":{"rendered":"http:\/\/diarioprincipios.com\/?p=15226"},"modified":"2022-11-30T03:10:15","modified_gmt":"2022-11-30T06:10:15","slug":"gabriel-carril-asumio-al-frente-de-la-secretaria-gremial-de-la-federacion-provincial","status":"publish","type":"post","link":"https:\/\/diarioprincipios.com\/index.php\/2022\/11\/25\/gabriel-carril-asumio-al-frente-de-la-secretaria-gremial-de-la-federacion-provincial\/","title":{"rendered":"Gabriel Carril asumi\u00f3 al frente de la Secretar\u00eda Gremial de la Federaci\u00f3n Provincial"},"content":{"rendered":"\n<p>El Secretario General del Sindicato de Trabajadores Municipales de Berazategui particip\u00f3 en las instalaciones del Microestadio Municipal de Hurlingham del acto de asunci\u00f3n y puesta en posesi\u00f3n de cargos de las nuevas autoridades del Consejo Directivo de la Federaci\u00f3n de Sindicatos de Trabajadores Municipales de la Provincia de Buenos Aires, para el per\u00edodo 2022 \u2013 2026, en la que ocupar\u00e1 el cargo de Secretario Gremial.<\/p>\n\n\n\n<p>El acto fue encabezado por el Secretario General federativo, Humberto Bertinat, y cont\u00f3 con la presencia del Ministro de Trabajo bonaerense, Walter Correa.<\/p>\n\n\n\n<figure class=\"wp-block-image size-full\"><img loading=\"lazy\" decoding=\"async\" width=\"1024\" height=\"683\" src=\"https:\/\/diarioprincipios.com\/wp-content\/uploads\/2022\/11\/asuncion-carril-FSTMPBA-1.png\" alt=\"\" class=\"wp-image-15227\" srcset=\"https:\/\/diarioprincipios.com\/wp-content\/uploads\/2022\/11\/asuncion-carril-FSTMPBA-1.png 1024w, https:\/\/diarioprincipios.com\/wp-content\/uploads\/2022\/11\/asuncion-carril-FSTMPBA-1-300x200.png 300w, https:\/\/diarioprincipios.com\/wp-content\/uploads\/2022\/11\/asuncion-carril-FSTMPBA-1-768x512.png 768w\" sizes=\"auto, (max-width: 1024px) 100vw, 1024px\" \/><\/figure>\n\n\n\n<p>\u201cVoy a trabajar de manera incansable para el beneficio de los municipales de la provincia, que son nuestros compa\u00f1eros, y fundamentalmente para dejar bien alto el nombre de nuestro sindicato\u201d, asegur\u00f3 el Secretario General del STMB.<\/p>\n\n\n\n<figure class=\"wp-block-image size-full\"><img loading=\"lazy\" decoding=\"async\" width=\"1024\" height=\"683\" src=\"https:\/\/diarioprincipios.com\/wp-content\/uploads\/2022\/11\/asuncion-carril-FSTMPBA-5.png\" alt=\"\" class=\"wp-image-15228\" srcset=\"https:\/\/diarioprincipios.com\/wp-content\/uploads\/2022\/11\/asuncion-carril-FSTMPBA-5.png 1024w, https:\/\/diarioprincipios.com\/wp-content\/uploads\/2022\/11\/asuncion-carril-FSTMPBA-5-300x200.png 300w, https:\/\/diarioprincipios.com\/wp-content\/uploads\/2022\/11\/asuncion-carril-FSTMPBA-5-768x512.png 768w\" sizes=\"auto, (max-width: 1024px) 100vw, 1024px\" \/><\/figure>\n\n\n\n<p>Carril estuvo acompa\u00f1ado en la oportunidad de varios de los miembros de su Comisi\u00f3n Directiva, quienes previo al acto formal de asunci\u00f3n de autoridades participaron en el Congreso General Ordinario de la FSTMPBA en el que se present\u00f3 y aprob\u00f3 por unanimidad la memoria y el balance institucional del ejercicio 2021 \u2013 2022.<\/p>\n","protected":false},"excerpt":{"rendered":"<p>El Secretario General del Sindicato de Trabajadores Municipales de Berazategui particip\u00f3 en las instalaciones del Microestadio Municipal de Hurlingham del acto de asunci\u00f3n y puesta en posesi\u00f3n de cargos de las nuevas autoridades del Consejo Directivo de la Federaci\u00f3n de Sindicatos de Trabajadores Municipales de la Provincia de Buenos Aires, para el per\u00edodo 2022 \u2013&#8230;<\/p>\n","protected":false},"author":2,"featured_media":15229,"comment_status":"open","ping_status":"open","sticky":false,"template":"","format":"standard","meta":{"footnotes":""},"categories":[3],"tags":[],"class_list":["post-15226","post","type-post","status-publish","format-standard","has-post-thumbnail","hentry","category-berazategui"],"featured_image_src":"https:\/\/diarioprincipios.com\/wp-content\/uploads\/2022\/11\/asuncion-carril-FSTMPBA-3.png","blog_images":{"medium":"https:\/\/diarioprincipios.com\/wp-content\/uploads\/2022\/11\/asuncion-carril-FSTMPBA-3-300x200.png","large":"https:\/\/diarioprincipios.com\/wp-content\/uploads\/2022\/11\/asuncion-carril-FSTMPBA-3.png"},"ams_acf":[],"yoast_head":"<!-- This site is optimized with the Yoast SEO plugin v27.3 - https:\/\/yoast.com\/product\/yoast-seo-wordpress\/ -->\n<title>Gabriel Carril asumi\u00f3 al frente de la Secretar\u00eda Gremial de la Federaci\u00f3n Provincial - Principios<\/title>\n<meta name=\"robots\" content=\"index, follow, max-snippet:-1, max-image-preview:large, max-video-preview:-1\" \/>\n<link rel=\"canonical\" href=\"https:\/\/diarioprincipios.com\/index.php\/2022\/11\/25\/gabriel-carril-asumio-al-frente-de-la-secretaria-gremial-de-la-federacion-provincial\/\" \/>\n<meta property=\"og:locale\" content=\"es_ES\" \/>\n<meta property=\"og:type\" content=\"article\" \/>\n<meta property=\"og:title\" content=\"Gabriel Carril asumi\u00f3 al frente de la Secretar\u00eda Gremial de la Federaci\u00f3n Provincial - Principios\" \/>\n<meta property=\"og:description\" content=\"El Secretario General del Sindicato de Trabajadores Municipales de Berazategui particip\u00f3 en las instalaciones del Microestadio Municipal de Hurlingham del acto de asunci\u00f3n y puesta en posesi\u00f3n de cargos de las nuevas autoridades del Consejo Directivo de la Federaci\u00f3n de Sindicatos de Trabajadores Municipales de la Provincia de Buenos Aires, para el per\u00edodo 2022 \u2013...\" \/>\n<meta property=\"og:url\" content=\"https:\/\/diarioprincipios.com\/index.php\/2022\/11\/25\/gabriel-carril-asumio-al-frente-de-la-secretaria-gremial-de-la-federacion-provincial\/\" \/>\n<meta property=\"og:site_name\" content=\"Principios\" \/>\n<meta property=\"article:published_time\" content=\"2022-11-25T12:02:32+00:00\" \/>\n<meta property=\"article:modified_time\" content=\"2022-11-30T06:10:15+00:00\" \/>\n<meta property=\"og:image\" content=\"https:\/\/diarioprincipios.com\/wp-content\/uploads\/2022\/11\/asuncion-carril-FSTMPBA-3.png\" \/>\n\t<meta property=\"og:image:width\" content=\"1024\" \/>\n\t<meta property=\"og:image:height\" content=\"683\" \/>\n\t<meta property=\"og:image:type\" content=\"image\/png\" \/>\n<meta name=\"author\" content=\"Hern\u00e1n L\u00f3pez\" \/>\n<meta name=\"twitter:card\" content=\"summary_large_image\" \/>\n<meta name=\"twitter:label1\" content=\"Escrito por\" \/>\n\t<meta name=\"twitter:data1\" content=\"Hern\u00e1n L\u00f3pez\" \/>\n\t<meta name=\"twitter:label2\" content=\"Tiempo de lectura\" \/>\n\t<meta name=\"twitter:data2\" content=\"2 minutos\" \/>\n<script type=\"application\/ld+json\" class=\"yoast-schema-graph\">{\"@context\":\"https:\\\/\\\/schema.org\",\"@graph\":[{\"@type\":\"Article\",\"@id\":\"https:\\\/\\\/diarioprincipios.com\\\/index.php\\\/2022\\\/11\\\/25\\\/gabriel-carril-asumio-al-frente-de-la-secretaria-gremial-de-la-federacion-provincial\\\/#article\",\"isPartOf\":{\"@id\":\"https:\\\/\\\/diarioprincipios.com\\\/index.php\\\/2022\\\/11\\\/25\\\/gabriel-carril-asumio-al-frente-de-la-secretaria-gremial-de-la-federacion-provincial\\\/\"},\"author\":{\"name\":\"Hern\u00e1n L\u00f3pez\",\"@id\":\"https:\\\/\\\/diarioprincipios.com\\\/#\\\/schema\\\/person\\\/436d5a1fd41a5e250e23ff5a6a7cb080\"},\"headline\":\"Gabriel Carril asumi\u00f3 al frente de la Secretar\u00eda Gremial de la Federaci\u00f3n Provincial\",\"datePublished\":\"2022-11-25T12:02:32+00:00\",\"dateModified\":\"2022-11-30T06:10:15+00:00\",\"mainEntityOfPage\":{\"@id\":\"https:\\\/\\\/diarioprincipios.com\\\/index.php\\\/2022\\\/11\\\/25\\\/gabriel-carril-asumio-al-frente-de-la-secretaria-gremial-de-la-federacion-provincial\\\/\"},\"wordCount\":194,\"commentCount\":0,\"publisher\":{\"@id\":\"https:\\\/\\\/diarioprincipios.com\\\/#organization\"},\"image\":{\"@id\":\"https:\\\/\\\/diarioprincipios.com\\\/index.php\\\/2022\\\/11\\\/25\\\/gabriel-carril-asumio-al-frente-de-la-secretaria-gremial-de-la-federacion-provincial\\\/#primaryimage\"},\"thumbnailUrl\":\"https:\\\/\\\/diarioprincipios.com\\\/wp-content\\\/uploads\\\/2022\\\/11\\\/asuncion-carril-FSTMPBA-3.png\",\"articleSection\":[\"Berazategui\"],\"inLanguage\":\"es\",\"potentialAction\":[{\"@type\":\"CommentAction\",\"name\":\"Comment\",\"target\":[\"https:\\\/\\\/diarioprincipios.com\\\/index.php\\\/2022\\\/11\\\/25\\\/gabriel-carril-asumio-al-frente-de-la-secretaria-gremial-de-la-federacion-provincial\\\/#respond\"]}]},{\"@type\":\"WebPage\",\"@id\":\"https:\\\/\\\/diarioprincipios.com\\\/index.php\\\/2022\\\/11\\\/25\\\/gabriel-carril-asumio-al-frente-de-la-secretaria-gremial-de-la-federacion-provincial\\\/\",\"url\":\"https:\\\/\\\/diarioprincipios.com\\\/index.php\\\/2022\\\/11\\\/25\\\/gabriel-carril-asumio-al-frente-de-la-secretaria-gremial-de-la-federacion-provincial\\\/\",\"name\":\"Gabriel Carril asumi\u00f3 al frente de la Secretar\u00eda Gremial de la Federaci\u00f3n Provincial - Principios\",\"isPartOf\":{\"@id\":\"https:\\\/\\\/diarioprincipios.com\\\/#website\"},\"primaryImageOfPage\":{\"@id\":\"https:\\\/\\\/diarioprincipios.com\\\/index.php\\\/2022\\\/11\\\/25\\\/gabriel-carril-asumio-al-frente-de-la-secretaria-gremial-de-la-federacion-provincial\\\/#primaryimage\"},\"image\":{\"@id\":\"https:\\\/\\\/diarioprincipios.com\\\/index.php\\\/2022\\\/11\\\/25\\\/gabriel-carril-asumio-al-frente-de-la-secretaria-gremial-de-la-federacion-provincial\\\/#primaryimage\"},\"thumbnailUrl\":\"https:\\\/\\\/diarioprincipios.com\\\/wp-content\\\/uploads\\\/2022\\\/11\\\/asuncion-carril-FSTMPBA-3.png\",\"datePublished\":\"2022-11-25T12:02:32+00:00\",\"dateModified\":\"2022-11-30T06:10:15+00:00\",\"breadcrumb\":{\"@id\":\"https:\\\/\\\/diarioprincipios.com\\\/index.php\\\/2022\\\/11\\\/25\\\/gabriel-carril-asumio-al-frente-de-la-secretaria-gremial-de-la-federacion-provincial\\\/#breadcrumb\"},\"inLanguage\":\"es\",\"potentialAction\":[{\"@type\":\"ReadAction\",\"target\":[\"https:\\\/\\\/diarioprincipios.com\\\/index.php\\\/2022\\\/11\\\/25\\\/gabriel-carril-asumio-al-frente-de-la-secretaria-gremial-de-la-federacion-provincial\\\/\"]}]},{\"@type\":\"ImageObject\",\"inLanguage\":\"es\",\"@id\":\"https:\\\/\\\/diarioprincipios.com\\\/index.php\\\/2022\\\/11\\\/25\\\/gabriel-carril-asumio-al-frente-de-la-secretaria-gremial-de-la-federacion-provincial\\\/#primaryimage\",\"url\":\"https:\\\/\\\/diarioprincipios.com\\\/wp-content\\\/uploads\\\/2022\\\/11\\\/asuncion-carril-FSTMPBA-3.png\",\"contentUrl\":\"https:\\\/\\\/diarioprincipios.com\\\/wp-content\\\/uploads\\\/2022\\\/11\\\/asuncion-carril-FSTMPBA-3.png\",\"width\":1024,\"height\":683},{\"@type\":\"BreadcrumbList\",\"@id\":\"https:\\\/\\\/diarioprincipios.com\\\/index.php\\\/2022\\\/11\\\/25\\\/gabriel-carril-asumio-al-frente-de-la-secretaria-gremial-de-la-federacion-provincial\\\/#breadcrumb\",\"itemListElement\":[{\"@type\":\"ListItem\",\"position\":1,\"name\":\"Portada\",\"item\":\"https:\\\/\\\/diarioprincipios.com\\\/\"},{\"@type\":\"ListItem\",\"position\":2,\"name\":\"Gabriel Carril asumi\u00f3 al frente de la Secretar\u00eda Gremial de la Federaci\u00f3n Provincial\"}]},{\"@type\":\"WebSite\",\"@id\":\"https:\\\/\\\/diarioprincipios.com\\\/#website\",\"url\":\"https:\\\/\\\/diarioprincipios.com\\\/\",\"name\":\"Principios\",\"description\":\"Principios Diario\",\"publisher\":{\"@id\":\"https:\\\/\\\/diarioprincipios.com\\\/#organization\"},\"potentialAction\":[{\"@type\":\"SearchAction\",\"target\":{\"@type\":\"EntryPoint\",\"urlTemplate\":\"https:\\\/\\\/diarioprincipios.com\\\/?s={search_term_string}\"},\"query-input\":{\"@type\":\"PropertyValueSpecification\",\"valueRequired\":true,\"valueName\":\"search_term_string\"}}],\"inLanguage\":\"es\"},{\"@type\":\"Organization\",\"@id\":\"https:\\\/\\\/diarioprincipios.com\\\/#organization\",\"name\":\"Principios\",\"url\":\"https:\\\/\\\/diarioprincipios.com\\\/\",\"logo\":{\"@type\":\"ImageObject\",\"inLanguage\":\"es\",\"@id\":\"https:\\\/\\\/diarioprincipios.com\\\/#\\\/schema\\\/logo\\\/image\\\/\",\"url\":\"https:\\\/\\\/diarioprincipios.com\\\/wp-content\\\/uploads\\\/2024\\\/04\\\/cropped-www.diarioprincipios.com_-1.png\",\"contentUrl\":\"https:\\\/\\\/diarioprincipios.com\\\/wp-content\\\/uploads\\\/2024\\\/04\\\/cropped-www.diarioprincipios.com_-1.png\",\"width\":5325,\"height\":1454,\"caption\":\"Principios\"},\"image\":{\"@id\":\"https:\\\/\\\/diarioprincipios.com\\\/#\\\/schema\\\/logo\\\/image\\\/\"}},{\"@type\":\"Person\",\"@id\":\"https:\\\/\\\/diarioprincipios.com\\\/#\\\/schema\\\/person\\\/436d5a1fd41a5e250e23ff5a6a7cb080\",\"name\":\"Hern\u00e1n L\u00f3pez\",\"image\":{\"@type\":\"ImageObject\",\"inLanguage\":\"es\",\"@id\":\"https:\\\/\\\/diarioprincipios.com\\\/wp-content\\\/litespeed\\\/avatar\\\/11ddfe5610ff3bd100522525b2571f48.jpg?ver=1777048341\",\"url\":\"https:\\\/\\\/diarioprincipios.com\\\/wp-content\\\/litespeed\\\/avatar\\\/11ddfe5610ff3bd100522525b2571f48.jpg?ver=1777048341\",\"contentUrl\":\"https:\\\/\\\/diarioprincipios.com\\\/wp-content\\\/litespeed\\\/avatar\\\/11ddfe5610ff3bd100522525b2571f48.jpg?ver=1777048341\",\"caption\":\"Hern\u00e1n L\u00f3pez\"},\"url\":\"https:\\\/\\\/diarioprincipios.com\\\/index.php\\\/author\\\/hernan\\\/\"}]}<\/script>\n<!-- \/ Yoast SEO plugin. -->","yoast_head_json":{"title":"Gabriel Carril asumi\u00f3 al frente de la Secretar\u00eda Gremial de la Federaci\u00f3n Provincial - Principios","robots":{"index":"index","follow":"follow","max-snippet":"max-snippet:-1","max-image-preview":"max-image-preview:large","max-video-preview":"max-video-preview:-1"},"canonical":"https:\/\/diarioprincipios.com\/index.php\/2022\/11\/25\/gabriel-carril-asumio-al-frente-de-la-secretaria-gremial-de-la-federacion-provincial\/","og_locale":"es_ES","og_type":"article","og_title":"Gabriel Carril asumi\u00f3 al frente de la Secretar\u00eda Gremial de la Federaci\u00f3n Provincial - Principios","og_description":"El Secretario General del Sindicato de Trabajadores Municipales de Berazategui particip\u00f3 en las instalaciones del Microestadio Municipal de Hurlingham del acto de asunci\u00f3n y puesta en posesi\u00f3n de cargos de las nuevas autoridades del Consejo Directivo de la Federaci\u00f3n de Sindicatos de Trabajadores Municipales de la Provincia de Buenos Aires, para el per\u00edodo 2022 \u2013...","og_url":"https:\/\/diarioprincipios.com\/index.php\/2022\/11\/25\/gabriel-carril-asumio-al-frente-de-la-secretaria-gremial-de-la-federacion-provincial\/","og_site_name":"Principios","article_published_time":"2022-11-25T12:02:32+00:00","article_modified_time":"2022-11-30T06:10:15+00:00","og_image":[{"width":1024,"height":683,"url":"https:\/\/diarioprincipios.com\/wp-content\/uploads\/2022\/11\/asuncion-carril-FSTMPBA-3.png","type":"image\/png"}],"author":"Hern\u00e1n L\u00f3pez","twitter_card":"summary_large_image","twitter_misc":{"Escrito por":"Hern\u00e1n L\u00f3pez","Tiempo de lectura":"2 minutos"},"schema":{"@context":"https:\/\/schema.org","@graph":[{"@type":"Article","@id":"https:\/\/diarioprincipios.com\/index.php\/2022\/11\/25\/gabriel-carril-asumio-al-frente-de-la-secretaria-gremial-de-la-federacion-provincial\/#article","isPartOf":{"@id":"https:\/\/diarioprincipios.com\/index.php\/2022\/11\/25\/gabriel-carril-asumio-al-frente-de-la-secretaria-gremial-de-la-federacion-provincial\/"},"author":{"name":"Hern\u00e1n L\u00f3pez","@id":"https:\/\/diarioprincipios.com\/#\/schema\/person\/436d5a1fd41a5e250e23ff5a6a7cb080"},"headline":"Gabriel Carril asumi\u00f3 al frente de la Secretar\u00eda Gremial de la Federaci\u00f3n Provincial","datePublished":"2022-11-25T12:02:32+00:00","dateModified":"2022-11-30T06:10:15+00:00","mainEntityOfPage":{"@id":"https:\/\/diarioprincipios.com\/index.php\/2022\/11\/25\/gabriel-carril-asumio-al-frente-de-la-secretaria-gremial-de-la-federacion-provincial\/"},"wordCount":194,"commentCount":0,"publisher":{"@id":"https:\/\/diarioprincipios.com\/#organization"},"image":{"@id":"https:\/\/diarioprincipios.com\/index.php\/2022\/11\/25\/gabriel-carril-asumio-al-frente-de-la-secretaria-gremial-de-la-federacion-provincial\/#primaryimage"},"thumbnailUrl":"https:\/\/diarioprincipios.com\/wp-content\/uploads\/2022\/11\/asuncion-carril-FSTMPBA-3.png","articleSection":["Berazategui"],"inLanguage":"es","potentialAction":[{"@type":"CommentAction","name":"Comment","target":["https:\/\/diarioprincipios.com\/index.php\/2022\/11\/25\/gabriel-carril-asumio-al-frente-de-la-secretaria-gremial-de-la-federacion-provincial\/#respond"]}]},{"@type":"WebPage","@id":"https:\/\/diarioprincipios.com\/index.php\/2022\/11\/25\/gabriel-carril-asumio-al-frente-de-la-secretaria-gremial-de-la-federacion-provincial\/","url":"https:\/\/diarioprincipios.com\/index.php\/2022\/11\/25\/gabriel-carril-asumio-al-frente-de-la-secretaria-gremial-de-la-federacion-provincial\/","name":"Gabriel Carril asumi\u00f3 al frente de la Secretar\u00eda Gremial de la Federaci\u00f3n Provincial - Principios","isPartOf":{"@id":"https:\/\/diarioprincipios.com\/#website"},"primaryImageOfPage":{"@id":"https:\/\/diarioprincipios.com\/index.php\/2022\/11\/25\/gabriel-carril-asumio-al-frente-de-la-secretaria-gremial-de-la-federacion-provincial\/#primaryimage"},"image":{"@id":"https:\/\/diarioprincipios.com\/index.php\/2022\/11\/25\/gabriel-carril-asumio-al-frente-de-la-secretaria-gremial-de-la-federacion-provincial\/#primaryimage"},"thumbnailUrl":"https:\/\/diarioprincipios.com\/wp-content\/uploads\/2022\/11\/asuncion-carril-FSTMPBA-3.png","datePublished":"2022-11-25T12:02:32+00:00","dateModified":"2022-11-30T06:10:15+00:00","breadcrumb":{"@id":"https:\/\/diarioprincipios.com\/index.php\/2022\/11\/25\/gabriel-carril-asumio-al-frente-de-la-secretaria-gremial-de-la-federacion-provincial\/#breadcrumb"},"inLanguage":"es","potentialAction":[{"@type":"ReadAction","target":["https:\/\/diarioprincipios.com\/index.php\/2022\/11\/25\/gabriel-carril-asumio-al-frente-de-la-secretaria-gremial-de-la-federacion-provincial\/"]}]},{"@type":"ImageObject","inLanguage":"es","@id":"https:\/\/diarioprincipios.com\/index.php\/2022\/11\/25\/gabriel-carril-asumio-al-frente-de-la-secretaria-gremial-de-la-federacion-provincial\/#primaryimage","url":"https:\/\/diarioprincipios.com\/wp-content\/uploads\/2022\/11\/asuncion-carril-FSTMPBA-3.png","contentUrl":"https:\/\/diarioprincipios.com\/wp-content\/uploads\/2022\/11\/asuncion-carril-FSTMPBA-3.png","width":1024,"height":683},{"@type":"BreadcrumbList","@id":"https:\/\/diarioprincipios.com\/index.php\/2022\/11\/25\/gabriel-carril-asumio-al-frente-de-la-secretaria-gremial-de-la-federacion-provincial\/#breadcrumb","itemListElement":[{"@type":"ListItem","position":1,"name":"Portada","item":"https:\/\/diarioprincipios.com\/"},{"@type":"ListItem","position":2,"name":"Gabriel Carril asumi\u00f3 al frente de la Secretar\u00eda Gremial de la Federaci\u00f3n Provincial"}]},{"@type":"WebSite","@id":"https:\/\/diarioprincipios.com\/#website","url":"https:\/\/diarioprincipios.com\/","name":"Principios","description":"Principios Diario","publisher":{"@id":"https:\/\/diarioprincipios.com\/#organization"},"potentialAction":[{"@type":"SearchAction","target":{"@type":"EntryPoint","urlTemplate":"https:\/\/diarioprincipios.com\/?s={search_term_string}"},"query-input":{"@type":"PropertyValueSpecification","valueRequired":true,"valueName":"search_term_string"}}],"inLanguage":"es"},{"@type":"Organization","@id":"https:\/\/diarioprincipios.com\/#organization","name":"Principios","url":"https:\/\/diarioprincipios.com\/","logo":{"@type":"ImageObject","inLanguage":"es","@id":"https:\/\/diarioprincipios.com\/#\/schema\/logo\/image\/","url":"https:\/\/diarioprincipios.com\/wp-content\/uploads\/2024\/04\/cropped-www.diarioprincipios.com_-1.png","contentUrl":"https:\/\/diarioprincipios.com\/wp-content\/uploads\/2024\/04\/cropped-www.diarioprincipios.com_-1.png","width":5325,"height":1454,"caption":"Principios"},"image":{"@id":"https:\/\/diarioprincipios.com\/#\/schema\/logo\/image\/"}},{"@type":"Person","@id":"https:\/\/diarioprincipios.com\/#\/schema\/person\/436d5a1fd41a5e250e23ff5a6a7cb080","name":"Hern\u00e1n L\u00f3pez","image":{"@type":"ImageObject","inLanguage":"es","@id":"https:\/\/diarioprincipios.com\/wp-content\/litespeed\/avatar\/11ddfe5610ff3bd100522525b2571f48.jpg?ver=1777048341","url":"https:\/\/diarioprincipios.com\/wp-content\/litespeed\/avatar\/11ddfe5610ff3bd100522525b2571f48.jpg?ver=1777048341","contentUrl":"https:\/\/diarioprincipios.com\/wp-content\/litespeed\/avatar\/11ddfe5610ff3bd100522525b2571f48.jpg?ver=1777048341","caption":"Hern\u00e1n L\u00f3pez"},"url":"https:\/\/diarioprincipios.com\/index.php\/author\/hernan\/"}]}},"jetpack_featured_media_url":"https:\/\/diarioprincipios.com\/wp-content\/uploads\/2022\/11\/asuncion-carril-FSTMPBA-3.png","_links":{"self":[{"href":"https:\/\/diarioprincipios.com\/index.php\/wp-json\/wp\/v2\/posts\/15226","targetHints":{"allow":["GET"]}}],"collection":[{"href":"https:\/\/diarioprincipios.com\/index.php\/wp-json\/wp\/v2\/posts"}],"about":[{"href":"https:\/\/diarioprincipios.com\/index.php\/wp-json\/wp\/v2\/types\/post"}],"author":[{"embeddable":true,"href":"https:\/\/diarioprincipios.com\/index.php\/wp-json\/wp\/v2\/users\/2"}],"replies":[{"embeddable":true,"href":"https:\/\/diarioprincipios.com\/index.php\/wp-json\/wp\/v2\/comments?post=15226"}],"version-history":[{"count":1,"href":"https:\/\/diarioprincipios.com\/index.php\/wp-json\/wp\/v2\/posts\/15226\/revisions"}],"predecessor-version":[{"id":15230,"href":"https:\/\/diarioprincipios.com\/index.php\/wp-json\/wp\/v2\/posts\/15226\/revisions\/15230"}],"wp:featuredmedia":[{"embeddable":true,"href":"https:\/\/diarioprincipios.com\/index.php\/wp-json\/wp\/v2\/media\/15229"}],"wp:attachment":[{"href":"https:\/\/diarioprincipios.com\/index.php\/wp-json\/wp\/v2\/media?parent=15226"}],"wp:term":[{"taxonomy":"category","embeddable":true,"href":"https:\/\/diarioprincipios.com\/index.php\/wp-json\/wp\/v2\/categories?post=15226"},{"taxonomy":"post_tag","embeddable":true,"href":"https:\/\/diarioprincipios.com\/index.php\/wp-json\/wp\/v2\/tags?post=15226"}],"curies":[{"name":"wp","href":"https:\/\/api.w.org\/{rel}","templated":true}]}}