{"id":15217,"date":"2022-11-24T22:25:54","date_gmt":"2022-11-25T01:25:54","guid":{"rendered":"http:\/\/diarioprincipios.com\/?p=15217"},"modified":"2022-12-01T03:35:24","modified_gmt":"2022-12-01T06:35:24","slug":"ferraresi-inauguro-obras-en-la-escuela-primaria-n23","status":"publish","type":"post","link":"https:\/\/diarioprincipios.com\/index.php\/2022\/11\/24\/ferraresi-inauguro-obras-en-la-escuela-primaria-n23\/","title":{"rendered":"Ferraresi inaugur\u00f3 obras en la escuela primaria N\u00b023"},"content":{"rendered":"\n<p>Comparti\u00f3 la jornada junto a su comunidad educativa y vecinxs del barrio.<\/p>\n\n\n\n<p>Esta tarde, el intendente de Avellaneda Jorge Ferraresi encabez\u00f3 la inauguraci\u00f3n de obras en la Escuela Primaria N\u00b023 \u201cFrancisco de Vitoria\u201d de Gerli, realizadas en el marco del Programa Municipal \u00abHaciendo Escuela\u00bb.<\/p>\n\n\n\n<p>En este establecimiento se hicieron tareas como la remodelaci\u00f3n integral de los n\u00facleos sanitarios, se repararon los revoques, se reemplazaron carpinter\u00edas y artefactos de iluminaci\u00f3n. Tambi\u00e9n se llev\u00f3 a cabo la puesta en valor de las aulas, hall de acceso y laboratorios, ejecutando trabajos de pintura, revisi\u00f3n de la instalaci\u00f3n de gas, provisi\u00f3n y colocaci\u00f3n de ventiladores, aires acondicionados y reemplazo de carpinter\u00edas.<\/p>\n\n\n\n<p>Luego de las palabras de bienvenida y agradecimiento, la directora, Laura Bregliano, destac\u00f3 \u201cel esfuerzo y el compromiso de la comunidad educativa y una gesti\u00f3n que apuesta a todo\u201d. \u201cFue un esfuerzo mancomunado\u201d, dijo.<\/p>\n\n\n\n<figure class=\"wp-block-image size-large\"><img loading=\"lazy\" decoding=\"async\" width=\"1024\" height=\"681\" src=\"https:\/\/diarioprincipios.com\/wp-content\/uploads\/2022\/11\/316324770_690436112442460_2058742712043256508_n-1024x681.jpg\" alt=\"\" class=\"wp-image-15218\" srcset=\"https:\/\/diarioprincipios.com\/wp-content\/uploads\/2022\/11\/316324770_690436112442460_2058742712043256508_n-1024x681.jpg 1024w, https:\/\/diarioprincipios.com\/wp-content\/uploads\/2022\/11\/316324770_690436112442460_2058742712043256508_n-300x200.jpg 300w, https:\/\/diarioprincipios.com\/wp-content\/uploads\/2022\/11\/316324770_690436112442460_2058742712043256508_n-768x511.jpg 768w, https:\/\/diarioprincipios.com\/wp-content\/uploads\/2022\/11\/316324770_690436112442460_2058742712043256508_n-1536x1021.jpg 1536w, https:\/\/diarioprincipios.com\/wp-content\/uploads\/2022\/11\/316324770_690436112442460_2058742712043256508_n.jpg 1600w\" sizes=\"auto, (max-width: 1024px) 100vw, 1024px\" \/><\/figure>\n\n\n\n<p>Ante el auditorio, el jefe comunal tambi\u00e9n subray\u00f3 la importancia de una comunidad organizada, record\u00f3 el proceso de la obra que se llev\u00f3&nbsp;a cabo y pidi\u00f3 defender la educaci\u00f3n p\u00fablica.<\/p>\n\n\n\n<p>M\u00e1s adelante, acompa\u00f1ado por docentes y vecinxs, Ferraresi recorri\u00f3 las flamantes aulas, oficinas, sanitarios y comedor.<\/p>\n\n\n\n<p>De la jornada particip\u00f3 la presidenta del Consejo Escolar, Claudia Colaso; el jefe distrital, Gustavo Pistorino; el secretario de Obras P\u00fablicas de Avellaneda, Gast\u00f3n Seill\u00e1n; y el responsable de las obras educativas de la Secretar\u00eda de Obras P\u00fablicas, Hugo Duarte.<\/p>\n","protected":false},"excerpt":{"rendered":"<p>Comparti\u00f3 la jornada junto a su comunidad educativa y vecinxs del barrio. Esta tarde, el intendente de Avellaneda Jorge Ferraresi encabez\u00f3 la inauguraci\u00f3n de obras en la Escuela Primaria N\u00b023 \u201cFrancisco de Vitoria\u201d de Gerli, realizadas en el marco del Programa Municipal \u00abHaciendo Escuela\u00bb. En este establecimiento se hicieron tareas como la remodelaci\u00f3n integral de&#8230;<\/p>\n","protected":false},"author":2,"featured_media":15219,"comment_status":"open","ping_status":"open","sticky":false,"template":"","format":"standard","meta":{"footnotes":""},"categories":[5],"tags":[],"class_list":["post-15217","post","type-post","status-publish","format-standard","has-post-thumbnail","hentry","category-avellaneda"],"featured_image_src":"https:\/\/diarioprincipios.com\/wp-content\/uploads\/2022\/11\/316275726_690436149109123_6061596680481083482_n-1024x682.jpg","blog_images":{"medium":"https:\/\/diarioprincipios.com\/wp-content\/uploads\/2022\/11\/316275726_690436149109123_6061596680481083482_n-300x200.jpg","large":"https:\/\/diarioprincipios.com\/wp-content\/uploads\/2022\/11\/316275726_690436149109123_6061596680481083482_n-1024x682.jpg"},"ams_acf":[],"yoast_head":"<!-- This site is optimized with the Yoast SEO plugin v27.3 - https:\/\/yoast.com\/product\/yoast-seo-wordpress\/ -->\n<title>Ferraresi inaugur\u00f3 obras en la escuela primaria N\u00b023 - Principios<\/title>\n<meta name=\"robots\" content=\"index, follow, max-snippet:-1, max-image-preview:large, max-video-preview:-1\" \/>\n<link rel=\"canonical\" href=\"https:\/\/diarioprincipios.com\/index.php\/2022\/11\/24\/ferraresi-inauguro-obras-en-la-escuela-primaria-n23\/\" \/>\n<meta property=\"og:locale\" content=\"es_ES\" \/>\n<meta property=\"og:type\" content=\"article\" \/>\n<meta property=\"og:title\" content=\"Ferraresi inaugur\u00f3 obras en la escuela primaria N\u00b023 - Principios\" \/>\n<meta property=\"og:description\" content=\"Comparti\u00f3 la jornada junto a su comunidad educativa y vecinxs del barrio. Esta tarde, el intendente de Avellaneda Jorge Ferraresi encabez\u00f3 la inauguraci\u00f3n de obras en la Escuela Primaria N\u00b023 \u201cFrancisco de Vitoria\u201d de Gerli, realizadas en el marco del Programa Municipal \u00abHaciendo Escuela\u00bb. En este establecimiento se hicieron tareas como la remodelaci\u00f3n integral de...\" \/>\n<meta property=\"og:url\" content=\"https:\/\/diarioprincipios.com\/index.php\/2022\/11\/24\/ferraresi-inauguro-obras-en-la-escuela-primaria-n23\/\" \/>\n<meta property=\"og:site_name\" content=\"Principios\" \/>\n<meta property=\"article:published_time\" content=\"2022-11-25T01:25:54+00:00\" \/>\n<meta property=\"article:modified_time\" content=\"2022-12-01T06:35:24+00:00\" \/>\n<meta property=\"og:image\" content=\"https:\/\/diarioprincipios.com\/wp-content\/uploads\/2022\/11\/316275726_690436149109123_6061596680481083482_n.jpg\" \/>\n\t<meta property=\"og:image:width\" content=\"1600\" \/>\n\t<meta property=\"og:image:height\" content=\"1065\" \/>\n\t<meta property=\"og:image:type\" content=\"image\/jpeg\" \/>\n<meta name=\"author\" content=\"Hern\u00e1n L\u00f3pez\" \/>\n<meta name=\"twitter:card\" content=\"summary_large_image\" \/>\n<meta name=\"twitter:label1\" content=\"Escrito por\" \/>\n\t<meta name=\"twitter:data1\" content=\"Hern\u00e1n L\u00f3pez\" \/>\n\t<meta name=\"twitter:label2\" content=\"Tiempo de lectura\" \/>\n\t<meta name=\"twitter:data2\" content=\"2 minutos\" \/>\n<script type=\"application\/ld+json\" class=\"yoast-schema-graph\">{\"@context\":\"https:\\\/\\\/schema.org\",\"@graph\":[{\"@type\":\"Article\",\"@id\":\"https:\\\/\\\/diarioprincipios.com\\\/index.php\\\/2022\\\/11\\\/24\\\/ferraresi-inauguro-obras-en-la-escuela-primaria-n23\\\/#article\",\"isPartOf\":{\"@id\":\"https:\\\/\\\/diarioprincipios.com\\\/index.php\\\/2022\\\/11\\\/24\\\/ferraresi-inauguro-obras-en-la-escuela-primaria-n23\\\/\"},\"author\":{\"name\":\"Hern\u00e1n L\u00f3pez\",\"@id\":\"https:\\\/\\\/diarioprincipios.com\\\/#\\\/schema\\\/person\\\/436d5a1fd41a5e250e23ff5a6a7cb080\"},\"headline\":\"Ferraresi inaugur\u00f3 obras en la escuela primaria N\u00b023\",\"datePublished\":\"2022-11-25T01:25:54+00:00\",\"dateModified\":\"2022-12-01T06:35:24+00:00\",\"mainEntityOfPage\":{\"@id\":\"https:\\\/\\\/diarioprincipios.com\\\/index.php\\\/2022\\\/11\\\/24\\\/ferraresi-inauguro-obras-en-la-escuela-primaria-n23\\\/\"},\"wordCount\":259,\"commentCount\":0,\"publisher\":{\"@id\":\"https:\\\/\\\/diarioprincipios.com\\\/#organization\"},\"image\":{\"@id\":\"https:\\\/\\\/diarioprincipios.com\\\/index.php\\\/2022\\\/11\\\/24\\\/ferraresi-inauguro-obras-en-la-escuela-primaria-n23\\\/#primaryimage\"},\"thumbnailUrl\":\"https:\\\/\\\/diarioprincipios.com\\\/wp-content\\\/uploads\\\/2022\\\/11\\\/316275726_690436149109123_6061596680481083482_n.jpg\",\"articleSection\":[\"Avellaneda\"],\"inLanguage\":\"es\",\"potentialAction\":[{\"@type\":\"CommentAction\",\"name\":\"Comment\",\"target\":[\"https:\\\/\\\/diarioprincipios.com\\\/index.php\\\/2022\\\/11\\\/24\\\/ferraresi-inauguro-obras-en-la-escuela-primaria-n23\\\/#respond\"]}]},{\"@type\":\"WebPage\",\"@id\":\"https:\\\/\\\/diarioprincipios.com\\\/index.php\\\/2022\\\/11\\\/24\\\/ferraresi-inauguro-obras-en-la-escuela-primaria-n23\\\/\",\"url\":\"https:\\\/\\\/diarioprincipios.com\\\/index.php\\\/2022\\\/11\\\/24\\\/ferraresi-inauguro-obras-en-la-escuela-primaria-n23\\\/\",\"name\":\"Ferraresi inaugur\u00f3 obras en la escuela primaria N\u00b023 - Principios\",\"isPartOf\":{\"@id\":\"https:\\\/\\\/diarioprincipios.com\\\/#website\"},\"primaryImageOfPage\":{\"@id\":\"https:\\\/\\\/diarioprincipios.com\\\/index.php\\\/2022\\\/11\\\/24\\\/ferraresi-inauguro-obras-en-la-escuela-primaria-n23\\\/#primaryimage\"},\"image\":{\"@id\":\"https:\\\/\\\/diarioprincipios.com\\\/index.php\\\/2022\\\/11\\\/24\\\/ferraresi-inauguro-obras-en-la-escuela-primaria-n23\\\/#primaryimage\"},\"thumbnailUrl\":\"https:\\\/\\\/diarioprincipios.com\\\/wp-content\\\/uploads\\\/2022\\\/11\\\/316275726_690436149109123_6061596680481083482_n.jpg\",\"datePublished\":\"2022-11-25T01:25:54+00:00\",\"dateModified\":\"2022-12-01T06:35:24+00:00\",\"breadcrumb\":{\"@id\":\"https:\\\/\\\/diarioprincipios.com\\\/index.php\\\/2022\\\/11\\\/24\\\/ferraresi-inauguro-obras-en-la-escuela-primaria-n23\\\/#breadcrumb\"},\"inLanguage\":\"es\",\"potentialAction\":[{\"@type\":\"ReadAction\",\"target\":[\"https:\\\/\\\/diarioprincipios.com\\\/index.php\\\/2022\\\/11\\\/24\\\/ferraresi-inauguro-obras-en-la-escuela-primaria-n23\\\/\"]}]},{\"@type\":\"ImageObject\",\"inLanguage\":\"es\",\"@id\":\"https:\\\/\\\/diarioprincipios.com\\\/index.php\\\/2022\\\/11\\\/24\\\/ferraresi-inauguro-obras-en-la-escuela-primaria-n23\\\/#primaryimage\",\"url\":\"https:\\\/\\\/diarioprincipios.com\\\/wp-content\\\/uploads\\\/2022\\\/11\\\/316275726_690436149109123_6061596680481083482_n.jpg\",\"contentUrl\":\"https:\\\/\\\/diarioprincipios.com\\\/wp-content\\\/uploads\\\/2022\\\/11\\\/316275726_690436149109123_6061596680481083482_n.jpg\",\"width\":1600,\"height\":1065},{\"@type\":\"BreadcrumbList\",\"@id\":\"https:\\\/\\\/diarioprincipios.com\\\/index.php\\\/2022\\\/11\\\/24\\\/ferraresi-inauguro-obras-en-la-escuela-primaria-n23\\\/#breadcrumb\",\"itemListElement\":[{\"@type\":\"ListItem\",\"position\":1,\"name\":\"Portada\",\"item\":\"https:\\\/\\\/diarioprincipios.com\\\/\"},{\"@type\":\"ListItem\",\"position\":2,\"name\":\"Ferraresi inaugur\u00f3 obras en la escuela primaria N\u00b023\"}]},{\"@type\":\"WebSite\",\"@id\":\"https:\\\/\\\/diarioprincipios.com\\\/#website\",\"url\":\"https:\\\/\\\/diarioprincipios.com\\\/\",\"name\":\"Principios\",\"description\":\"Principios Diario\",\"publisher\":{\"@id\":\"https:\\\/\\\/diarioprincipios.com\\\/#organization\"},\"potentialAction\":[{\"@type\":\"SearchAction\",\"target\":{\"@type\":\"EntryPoint\",\"urlTemplate\":\"https:\\\/\\\/diarioprincipios.com\\\/?s={search_term_string}\"},\"query-input\":{\"@type\":\"PropertyValueSpecification\",\"valueRequired\":true,\"valueName\":\"search_term_string\"}}],\"inLanguage\":\"es\"},{\"@type\":\"Organization\",\"@id\":\"https:\\\/\\\/diarioprincipios.com\\\/#organization\",\"name\":\"Principios\",\"url\":\"https:\\\/\\\/diarioprincipios.com\\\/\",\"logo\":{\"@type\":\"ImageObject\",\"inLanguage\":\"es\",\"@id\":\"https:\\\/\\\/diarioprincipios.com\\\/#\\\/schema\\\/logo\\\/image\\\/\",\"url\":\"https:\\\/\\\/diarioprincipios.com\\\/wp-content\\\/uploads\\\/2024\\\/04\\\/cropped-www.diarioprincipios.com_-1.png\",\"contentUrl\":\"https:\\\/\\\/diarioprincipios.com\\\/wp-content\\\/uploads\\\/2024\\\/04\\\/cropped-www.diarioprincipios.com_-1.png\",\"width\":5325,\"height\":1454,\"caption\":\"Principios\"},\"image\":{\"@id\":\"https:\\\/\\\/diarioprincipios.com\\\/#\\\/schema\\\/logo\\\/image\\\/\"}},{\"@type\":\"Person\",\"@id\":\"https:\\\/\\\/diarioprincipios.com\\\/#\\\/schema\\\/person\\\/436d5a1fd41a5e250e23ff5a6a7cb080\",\"name\":\"Hern\u00e1n L\u00f3pez\",\"image\":{\"@type\":\"ImageObject\",\"inLanguage\":\"es\",\"@id\":\"https:\\\/\\\/diarioprincipios.com\\\/wp-content\\\/litespeed\\\/avatar\\\/11ddfe5610ff3bd100522525b2571f48.jpg?ver=1777048341\",\"url\":\"https:\\\/\\\/diarioprincipios.com\\\/wp-content\\\/litespeed\\\/avatar\\\/11ddfe5610ff3bd100522525b2571f48.jpg?ver=1777048341\",\"contentUrl\":\"https:\\\/\\\/diarioprincipios.com\\\/wp-content\\\/litespeed\\\/avatar\\\/11ddfe5610ff3bd100522525b2571f48.jpg?ver=1777048341\",\"caption\":\"Hern\u00e1n L\u00f3pez\"},\"url\":\"https:\\\/\\\/diarioprincipios.com\\\/index.php\\\/author\\\/hernan\\\/\"}]}<\/script>\n<!-- \/ Yoast SEO plugin. -->","yoast_head_json":{"title":"Ferraresi inaugur\u00f3 obras en la escuela primaria N\u00b023 - Principios","robots":{"index":"index","follow":"follow","max-snippet":"max-snippet:-1","max-image-preview":"max-image-preview:large","max-video-preview":"max-video-preview:-1"},"canonical":"https:\/\/diarioprincipios.com\/index.php\/2022\/11\/24\/ferraresi-inauguro-obras-en-la-escuela-primaria-n23\/","og_locale":"es_ES","og_type":"article","og_title":"Ferraresi inaugur\u00f3 obras en la escuela primaria N\u00b023 - Principios","og_description":"Comparti\u00f3 la jornada junto a su comunidad educativa y vecinxs del barrio. Esta tarde, el intendente de Avellaneda Jorge Ferraresi encabez\u00f3 la inauguraci\u00f3n de obras en la Escuela Primaria N\u00b023 \u201cFrancisco de Vitoria\u201d de Gerli, realizadas en el marco del Programa Municipal \u00abHaciendo Escuela\u00bb. En este establecimiento se hicieron tareas como la remodelaci\u00f3n integral de...","og_url":"https:\/\/diarioprincipios.com\/index.php\/2022\/11\/24\/ferraresi-inauguro-obras-en-la-escuela-primaria-n23\/","og_site_name":"Principios","article_published_time":"2022-11-25T01:25:54+00:00","article_modified_time":"2022-12-01T06:35:24+00:00","og_image":[{"width":1600,"height":1065,"url":"https:\/\/diarioprincipios.com\/wp-content\/uploads\/2022\/11\/316275726_690436149109123_6061596680481083482_n.jpg","type":"image\/jpeg"}],"author":"Hern\u00e1n L\u00f3pez","twitter_card":"summary_large_image","twitter_misc":{"Escrito por":"Hern\u00e1n L\u00f3pez","Tiempo de lectura":"2 minutos"},"schema":{"@context":"https:\/\/schema.org","@graph":[{"@type":"Article","@id":"https:\/\/diarioprincipios.com\/index.php\/2022\/11\/24\/ferraresi-inauguro-obras-en-la-escuela-primaria-n23\/#article","isPartOf":{"@id":"https:\/\/diarioprincipios.com\/index.php\/2022\/11\/24\/ferraresi-inauguro-obras-en-la-escuela-primaria-n23\/"},"author":{"name":"Hern\u00e1n L\u00f3pez","@id":"https:\/\/diarioprincipios.com\/#\/schema\/person\/436d5a1fd41a5e250e23ff5a6a7cb080"},"headline":"Ferraresi inaugur\u00f3 obras en la escuela primaria N\u00b023","datePublished":"2022-11-25T01:25:54+00:00","dateModified":"2022-12-01T06:35:24+00:00","mainEntityOfPage":{"@id":"https:\/\/diarioprincipios.com\/index.php\/2022\/11\/24\/ferraresi-inauguro-obras-en-la-escuela-primaria-n23\/"},"wordCount":259,"commentCount":0,"publisher":{"@id":"https:\/\/diarioprincipios.com\/#organization"},"image":{"@id":"https:\/\/diarioprincipios.com\/index.php\/2022\/11\/24\/ferraresi-inauguro-obras-en-la-escuela-primaria-n23\/#primaryimage"},"thumbnailUrl":"https:\/\/diarioprincipios.com\/wp-content\/uploads\/2022\/11\/316275726_690436149109123_6061596680481083482_n.jpg","articleSection":["Avellaneda"],"inLanguage":"es","potentialAction":[{"@type":"CommentAction","name":"Comment","target":["https:\/\/diarioprincipios.com\/index.php\/2022\/11\/24\/ferraresi-inauguro-obras-en-la-escuela-primaria-n23\/#respond"]}]},{"@type":"WebPage","@id":"https:\/\/diarioprincipios.com\/index.php\/2022\/11\/24\/ferraresi-inauguro-obras-en-la-escuela-primaria-n23\/","url":"https:\/\/diarioprincipios.com\/index.php\/2022\/11\/24\/ferraresi-inauguro-obras-en-la-escuela-primaria-n23\/","name":"Ferraresi inaugur\u00f3 obras en la escuela primaria N\u00b023 - Principios","isPartOf":{"@id":"https:\/\/diarioprincipios.com\/#website"},"primaryImageOfPage":{"@id":"https:\/\/diarioprincipios.com\/index.php\/2022\/11\/24\/ferraresi-inauguro-obras-en-la-escuela-primaria-n23\/#primaryimage"},"image":{"@id":"https:\/\/diarioprincipios.com\/index.php\/2022\/11\/24\/ferraresi-inauguro-obras-en-la-escuela-primaria-n23\/#primaryimage"},"thumbnailUrl":"https:\/\/diarioprincipios.com\/wp-content\/uploads\/2022\/11\/316275726_690436149109123_6061596680481083482_n.jpg","datePublished":"2022-11-25T01:25:54+00:00","dateModified":"2022-12-01T06:35:24+00:00","breadcrumb":{"@id":"https:\/\/diarioprincipios.com\/index.php\/2022\/11\/24\/ferraresi-inauguro-obras-en-la-escuela-primaria-n23\/#breadcrumb"},"inLanguage":"es","potentialAction":[{"@type":"ReadAction","target":["https:\/\/diarioprincipios.com\/index.php\/2022\/11\/24\/ferraresi-inauguro-obras-en-la-escuela-primaria-n23\/"]}]},{"@type":"ImageObject","inLanguage":"es","@id":"https:\/\/diarioprincipios.com\/index.php\/2022\/11\/24\/ferraresi-inauguro-obras-en-la-escuela-primaria-n23\/#primaryimage","url":"https:\/\/diarioprincipios.com\/wp-content\/uploads\/2022\/11\/316275726_690436149109123_6061596680481083482_n.jpg","contentUrl":"https:\/\/diarioprincipios.com\/wp-content\/uploads\/2022\/11\/316275726_690436149109123_6061596680481083482_n.jpg","width":1600,"height":1065},{"@type":"BreadcrumbList","@id":"https:\/\/diarioprincipios.com\/index.php\/2022\/11\/24\/ferraresi-inauguro-obras-en-la-escuela-primaria-n23\/#breadcrumb","itemListElement":[{"@type":"ListItem","position":1,"name":"Portada","item":"https:\/\/diarioprincipios.com\/"},{"@type":"ListItem","position":2,"name":"Ferraresi inaugur\u00f3 obras en la escuela primaria N\u00b023"}]},{"@type":"WebSite","@id":"https:\/\/diarioprincipios.com\/#website","url":"https:\/\/diarioprincipios.com\/","name":"Principios","description":"Principios Diario","publisher":{"@id":"https:\/\/diarioprincipios.com\/#organization"},"potentialAction":[{"@type":"SearchAction","target":{"@type":"EntryPoint","urlTemplate":"https:\/\/diarioprincipios.com\/?s={search_term_string}"},"query-input":{"@type":"PropertyValueSpecification","valueRequired":true,"valueName":"search_term_string"}}],"inLanguage":"es"},{"@type":"Organization","@id":"https:\/\/diarioprincipios.com\/#organization","name":"Principios","url":"https:\/\/diarioprincipios.com\/","logo":{"@type":"ImageObject","inLanguage":"es","@id":"https:\/\/diarioprincipios.com\/#\/schema\/logo\/image\/","url":"https:\/\/diarioprincipios.com\/wp-content\/uploads\/2024\/04\/cropped-www.diarioprincipios.com_-1.png","contentUrl":"https:\/\/diarioprincipios.com\/wp-content\/uploads\/2024\/04\/cropped-www.diarioprincipios.com_-1.png","width":5325,"height":1454,"caption":"Principios"},"image":{"@id":"https:\/\/diarioprincipios.com\/#\/schema\/logo\/image\/"}},{"@type":"Person","@id":"https:\/\/diarioprincipios.com\/#\/schema\/person\/436d5a1fd41a5e250e23ff5a6a7cb080","name":"Hern\u00e1n L\u00f3pez","image":{"@type":"ImageObject","inLanguage":"es","@id":"https:\/\/diarioprincipios.com\/wp-content\/litespeed\/avatar\/11ddfe5610ff3bd100522525b2571f48.jpg?ver=1777048341","url":"https:\/\/diarioprincipios.com\/wp-content\/litespeed\/avatar\/11ddfe5610ff3bd100522525b2571f48.jpg?ver=1777048341","contentUrl":"https:\/\/diarioprincipios.com\/wp-content\/litespeed\/avatar\/11ddfe5610ff3bd100522525b2571f48.jpg?ver=1777048341","caption":"Hern\u00e1n L\u00f3pez"},"url":"https:\/\/diarioprincipios.com\/index.php\/author\/hernan\/"}]}},"jetpack_featured_media_url":"https:\/\/diarioprincipios.com\/wp-content\/uploads\/2022\/11\/316275726_690436149109123_6061596680481083482_n.jpg","_links":{"self":[{"href":"https:\/\/diarioprincipios.com\/index.php\/wp-json\/wp\/v2\/posts\/15217","targetHints":{"allow":["GET"]}}],"collection":[{"href":"https:\/\/diarioprincipios.com\/index.php\/wp-json\/wp\/v2\/posts"}],"about":[{"href":"https:\/\/diarioprincipios.com\/index.php\/wp-json\/wp\/v2\/types\/post"}],"author":[{"embeddable":true,"href":"https:\/\/diarioprincipios.com\/index.php\/wp-json\/wp\/v2\/users\/2"}],"replies":[{"embeddable":true,"href":"https:\/\/diarioprincipios.com\/index.php\/wp-json\/wp\/v2\/comments?post=15217"}],"version-history":[{"count":1,"href":"https:\/\/diarioprincipios.com\/index.php\/wp-json\/wp\/v2\/posts\/15217\/revisions"}],"predecessor-version":[{"id":15220,"href":"https:\/\/diarioprincipios.com\/index.php\/wp-json\/wp\/v2\/posts\/15217\/revisions\/15220"}],"wp:featuredmedia":[{"embeddable":true,"href":"https:\/\/diarioprincipios.com\/index.php\/wp-json\/wp\/v2\/media\/15219"}],"wp:attachment":[{"href":"https:\/\/diarioprincipios.com\/index.php\/wp-json\/wp\/v2\/media?parent=15217"}],"wp:term":[{"taxonomy":"category","embeddable":true,"href":"https:\/\/diarioprincipios.com\/index.php\/wp-json\/wp\/v2\/categories?post=15217"},{"taxonomy":"post_tag","embeddable":true,"href":"https:\/\/diarioprincipios.com\/index.php\/wp-json\/wp\/v2\/tags?post=15217"}],"curies":[{"name":"wp","href":"https:\/\/api.w.org\/{rel}","templated":true}]}}