{"id":15212,"date":"2022-11-24T22:23:06","date_gmt":"2022-11-25T01:23:06","guid":{"rendered":"http:\/\/diarioprincipios.com\/?p=15212"},"modified":"2022-11-30T03:09:49","modified_gmt":"2022-11-30T06:09:49","slug":"kicillof-y-mussi-entregaron-elementos-deportivos-a-instituciones-educativas","status":"publish","type":"post","link":"https:\/\/diarioprincipios.com\/index.php\/2022\/11\/24\/kicillof-y-mussi-entregaron-elementos-deportivos-a-instituciones-educativas\/","title":{"rendered":"Kicillof y Mussi entregaron elementos deportivos a instituciones educativas"},"content":{"rendered":"\n<p><strong>Se entregaron kits de equipamiento y material deportivo para educaci\u00f3n f\u00edsica a 68 instituciones educativas de Berazategui. Adem\u00e1s, se anunci\u00f3 la construcci\u00f3n del edificio propio para el Centro de Educaci\u00f3n F\u00edsica (CEF) N\u00ba 85 y la creaci\u00f3n del CEF N\u00ba 193 en la localidad de El Pato. El acto se realiz\u00f3 en el Centro Municipal de Actividades Roberto De Vicenzo (calle 148 y 18), encabezado por el gobernador de la provincia de Buenos Aires, Axel Kicillof; y el intendente Juan Jos\u00e9 Mussi.<\/strong><\/p>\n\n\n\n<p>Tambi\u00e9n participaron el ministro de Ciencia, Tecnolog\u00eda e Innovaci\u00f3n de la Naci\u00f3n, Daniel Filmus; y su par provincial de Producci\u00f3n, Ciencia e Innovaci\u00f3n Tecnol\u00f3gica, Augusto Costa.<\/p>\n\n\n\n<figure class=\"wp-block-image size-large\"><img loading=\"lazy\" decoding=\"async\" width=\"1024\" height=\"575\" src=\"https:\/\/diarioprincipios.com\/wp-content\/uploads\/2022\/11\/KICILLOF-Y-MUSSI-ENTREGARON-ELEMENTOS-DEPORTIVOS-A-LAS-INSTITUCIONES-EDUCATIVAS-DE-BERAZATEGUI-4-1024x575.jpg\" alt=\"\" class=\"wp-image-15213\" srcset=\"https:\/\/diarioprincipios.com\/wp-content\/uploads\/2022\/11\/KICILLOF-Y-MUSSI-ENTREGARON-ELEMENTOS-DEPORTIVOS-A-LAS-INSTITUCIONES-EDUCATIVAS-DE-BERAZATEGUI-4-1024x575.jpg 1024w, https:\/\/diarioprincipios.com\/wp-content\/uploads\/2022\/11\/KICILLOF-Y-MUSSI-ENTREGARON-ELEMENTOS-DEPORTIVOS-A-LAS-INSTITUCIONES-EDUCATIVAS-DE-BERAZATEGUI-4-300x169.jpg 300w, https:\/\/diarioprincipios.com\/wp-content\/uploads\/2022\/11\/KICILLOF-Y-MUSSI-ENTREGARON-ELEMENTOS-DEPORTIVOS-A-LAS-INSTITUCIONES-EDUCATIVAS-DE-BERAZATEGUI-4-768x431.jpg 768w, https:\/\/diarioprincipios.com\/wp-content\/uploads\/2022\/11\/KICILLOF-Y-MUSSI-ENTREGARON-ELEMENTOS-DEPORTIVOS-A-LAS-INSTITUCIONES-EDUCATIVAS-DE-BERAZATEGUI-4.jpg 1280w\" sizes=\"auto, (max-width: 1024px) 100vw, 1024px\" \/><\/figure>\n\n\n\n<p>Durante el encuentro, Kicillof destac\u00f3: \u201cEs la inversi\u00f3n m\u00e1s grande de la que haya registro en material deportivo y para educaci\u00f3n f\u00edsica de las escuelas de la provincia de Buenos Aires\u201d. Y agreg\u00f3: \u201cVamos a construir la sede del CEF N\u00ba 85 y crearemos el CEF N\u00ba 193 en la localidad de El Pato. Para nosotros es una prioridad la formaci\u00f3n educativa, t\u00e9cnica y profesional\u201d.<\/p>\n\n\n\n<p>Por su parte, el intendente Mussi remarc\u00f3: \u201cLa educaci\u00f3n es algo muy importante para todas las sociedades. Le agradezco al Gobierno provincial; los profesores de Educaci\u00f3n F\u00edsica estaban content\u00edsimos\u201d.<\/p>\n\n\n\n<figure class=\"wp-block-image size-large\"><img loading=\"lazy\" decoding=\"async\" width=\"1024\" height=\"682\" src=\"https:\/\/diarioprincipios.com\/wp-content\/uploads\/2022\/11\/KICILLOF-Y-MUSSI-ENTREGARON-ELEMENTOS-DEPORTIVOS-A-LAS-INSTITUCIONES-EDUCATIVAS-DE-BERAZATEGUI-1-1024x682.jpg\" alt=\"\" class=\"wp-image-15214\" srcset=\"https:\/\/diarioprincipios.com\/wp-content\/uploads\/2022\/11\/KICILLOF-Y-MUSSI-ENTREGARON-ELEMENTOS-DEPORTIVOS-A-LAS-INSTITUCIONES-EDUCATIVAS-DE-BERAZATEGUI-1-1024x682.jpg 1024w, https:\/\/diarioprincipios.com\/wp-content\/uploads\/2022\/11\/KICILLOF-Y-MUSSI-ENTREGARON-ELEMENTOS-DEPORTIVOS-A-LAS-INSTITUCIONES-EDUCATIVAS-DE-BERAZATEGUI-1-300x200.jpg 300w, https:\/\/diarioprincipios.com\/wp-content\/uploads\/2022\/11\/KICILLOF-Y-MUSSI-ENTREGARON-ELEMENTOS-DEPORTIVOS-A-LAS-INSTITUCIONES-EDUCATIVAS-DE-BERAZATEGUI-1-768x512.jpg 768w, https:\/\/diarioprincipios.com\/wp-content\/uploads\/2022\/11\/KICILLOF-Y-MUSSI-ENTREGARON-ELEMENTOS-DEPORTIVOS-A-LAS-INSTITUCIONES-EDUCATIVAS-DE-BERAZATEGUI-1.jpg 1280w\" sizes=\"auto, (max-width: 1024px) 100vw, 1024px\" \/><\/figure>\n\n\n\n<p>Los establecimientos educativos beneficiados son 54 Secundarias; 6 Escuelas T\u00e9cnicas; 6 colegios del Programa Patios Abiertos; la Escuela Agraria N\u00ba 1; y el Centro de Educaci\u00f3n F\u00edsica N\u00ba 85.<\/p>\n\n\n\n<p>Asimismo, gracias al trabajo articulado entre el Honorable Consejo Escolar (HCE), la Secretar\u00eda de Cultura y Educaci\u00f3n municipal y las Escuelas T\u00e9cnicas del distrito, se confeccionaron aros de b\u00e1squet para 15 instituciones escolares.<\/p>\n\n\n\n<p>Durante la jornada, m\u00e1s de 400 profesores de Educaci\u00f3n F\u00edsica asistieron y participaron de una jornada pedag\u00f3gica de cierre de a\u00f1o. Tambi\u00e9n, se hizo un reconocimiento especial a Claudio Staniscia, quien se jubil\u00f3 como director de la Escuela T\u00e9cnica N\u00b0 3 de Berazategui.<\/p>\n\n\n\n<p>Estuvieron presentes tambi\u00e9n la presidenta del Instituto Cultural, Florencia Saintout; el presidente del Banco Provincia, Juan Cuattromo; el jefe de Gabinete de la Direcci\u00f3n General de Cultura y Educaci\u00f3n, Juan Pablo Urquiza; las subsecretarias de Educaci\u00f3n, Claudia Bracchi; y de Promoci\u00f3n Sociocultural, Lorena Riesgo; y el diputado provincial Carlos Moreno.<\/p>\n","protected":false},"excerpt":{"rendered":"<p>Se entregaron kits de equipamiento y material deportivo para educaci\u00f3n f\u00edsica a 68 instituciones educativas de Berazategui. Adem\u00e1s, se anunci\u00f3 la construcci\u00f3n del edificio propio para el Centro de Educaci\u00f3n F\u00edsica (CEF) N\u00ba 85 y la creaci\u00f3n del CEF N\u00ba 193 en la localidad de El Pato. El acto se realiz\u00f3 en el Centro Municipal&#8230;<\/p>\n","protected":false},"author":2,"featured_media":15215,"comment_status":"open","ping_status":"open","sticky":false,"template":"","format":"standard","meta":{"footnotes":""},"categories":[3],"tags":[],"class_list":["post-15212","post","type-post","status-publish","format-standard","has-post-thumbnail","hentry","category-berazategui"],"featured_image_src":"https:\/\/diarioprincipios.com\/wp-content\/uploads\/2022\/11\/KICILLOF-Y-MUSSI-ENTREGARON-ELEMENTOS-DEPORTIVOS-A-LAS-INSTITUCIONES-EDUCATIVAS-DE-BERAZATEGUI-1024x682.jpg","blog_images":{"medium":"https:\/\/diarioprincipios.com\/wp-content\/uploads\/2022\/11\/KICILLOF-Y-MUSSI-ENTREGARON-ELEMENTOS-DEPORTIVOS-A-LAS-INSTITUCIONES-EDUCATIVAS-DE-BERAZATEGUI-300x200.jpg","large":"https:\/\/diarioprincipios.com\/wp-content\/uploads\/2022\/11\/KICILLOF-Y-MUSSI-ENTREGARON-ELEMENTOS-DEPORTIVOS-A-LAS-INSTITUCIONES-EDUCATIVAS-DE-BERAZATEGUI-1024x682.jpg"},"ams_acf":[],"yoast_head":"<!-- This site is optimized with the Yoast SEO plugin v27.3 - https:\/\/yoast.com\/product\/yoast-seo-wordpress\/ -->\n<title>Kicillof y Mussi entregaron elementos deportivos a instituciones educativas - Principios<\/title>\n<meta name=\"robots\" content=\"index, follow, max-snippet:-1, max-image-preview:large, max-video-preview:-1\" \/>\n<link rel=\"canonical\" href=\"https:\/\/diarioprincipios.com\/index.php\/2022\/11\/24\/kicillof-y-mussi-entregaron-elementos-deportivos-a-instituciones-educativas\/\" \/>\n<meta property=\"og:locale\" content=\"es_ES\" \/>\n<meta property=\"og:type\" content=\"article\" \/>\n<meta property=\"og:title\" content=\"Kicillof y Mussi entregaron elementos deportivos a instituciones educativas - Principios\" \/>\n<meta property=\"og:description\" content=\"Se entregaron kits de equipamiento y material deportivo para educaci\u00f3n f\u00edsica a 68 instituciones educativas de Berazategui. Adem\u00e1s, se anunci\u00f3 la construcci\u00f3n del edificio propio para el Centro de Educaci\u00f3n F\u00edsica (CEF) N\u00ba 85 y la creaci\u00f3n del CEF N\u00ba 193 en la localidad de El Pato. El acto se realiz\u00f3 en el Centro Municipal...\" \/>\n<meta property=\"og:url\" content=\"https:\/\/diarioprincipios.com\/index.php\/2022\/11\/24\/kicillof-y-mussi-entregaron-elementos-deportivos-a-instituciones-educativas\/\" \/>\n<meta property=\"og:site_name\" content=\"Principios\" \/>\n<meta property=\"article:published_time\" content=\"2022-11-25T01:23:06+00:00\" \/>\n<meta property=\"article:modified_time\" content=\"2022-11-30T06:09:49+00:00\" \/>\n<meta property=\"og:image\" content=\"https:\/\/diarioprincipios.com\/wp-content\/uploads\/2022\/11\/KICILLOF-Y-MUSSI-ENTREGARON-ELEMENTOS-DEPORTIVOS-A-LAS-INSTITUCIONES-EDUCATIVAS-DE-BERAZATEGUI.jpg\" \/>\n\t<meta property=\"og:image:width\" content=\"1280\" \/>\n\t<meta property=\"og:image:height\" content=\"853\" \/>\n\t<meta property=\"og:image:type\" content=\"image\/jpeg\" \/>\n<meta name=\"author\" content=\"Hern\u00e1n L\u00f3pez\" \/>\n<meta name=\"twitter:card\" content=\"summary_large_image\" \/>\n<meta name=\"twitter:label1\" content=\"Escrito por\" \/>\n\t<meta name=\"twitter:data1\" content=\"Hern\u00e1n L\u00f3pez\" \/>\n\t<meta name=\"twitter:label2\" content=\"Tiempo de lectura\" \/>\n\t<meta name=\"twitter:data2\" content=\"3 minutos\" \/>\n<script type=\"application\/ld+json\" class=\"yoast-schema-graph\">{\"@context\":\"https:\\\/\\\/schema.org\",\"@graph\":[{\"@type\":\"Article\",\"@id\":\"https:\\\/\\\/diarioprincipios.com\\\/index.php\\\/2022\\\/11\\\/24\\\/kicillof-y-mussi-entregaron-elementos-deportivos-a-instituciones-educativas\\\/#article\",\"isPartOf\":{\"@id\":\"https:\\\/\\\/diarioprincipios.com\\\/index.php\\\/2022\\\/11\\\/24\\\/kicillof-y-mussi-entregaron-elementos-deportivos-a-instituciones-educativas\\\/\"},\"author\":{\"name\":\"Hern\u00e1n L\u00f3pez\",\"@id\":\"https:\\\/\\\/diarioprincipios.com\\\/#\\\/schema\\\/person\\\/436d5a1fd41a5e250e23ff5a6a7cb080\"},\"headline\":\"Kicillof y Mussi entregaron elementos deportivos a instituciones educativas\",\"datePublished\":\"2022-11-25T01:23:06+00:00\",\"dateModified\":\"2022-11-30T06:09:49+00:00\",\"mainEntityOfPage\":{\"@id\":\"https:\\\/\\\/diarioprincipios.com\\\/index.php\\\/2022\\\/11\\\/24\\\/kicillof-y-mussi-entregaron-elementos-deportivos-a-instituciones-educativas\\\/\"},\"wordCount\":394,\"commentCount\":0,\"publisher\":{\"@id\":\"https:\\\/\\\/diarioprincipios.com\\\/#organization\"},\"image\":{\"@id\":\"https:\\\/\\\/diarioprincipios.com\\\/index.php\\\/2022\\\/11\\\/24\\\/kicillof-y-mussi-entregaron-elementos-deportivos-a-instituciones-educativas\\\/#primaryimage\"},\"thumbnailUrl\":\"https:\\\/\\\/diarioprincipios.com\\\/wp-content\\\/uploads\\\/2022\\\/11\\\/KICILLOF-Y-MUSSI-ENTREGARON-ELEMENTOS-DEPORTIVOS-A-LAS-INSTITUCIONES-EDUCATIVAS-DE-BERAZATEGUI.jpg\",\"articleSection\":[\"Berazategui\"],\"inLanguage\":\"es\",\"potentialAction\":[{\"@type\":\"CommentAction\",\"name\":\"Comment\",\"target\":[\"https:\\\/\\\/diarioprincipios.com\\\/index.php\\\/2022\\\/11\\\/24\\\/kicillof-y-mussi-entregaron-elementos-deportivos-a-instituciones-educativas\\\/#respond\"]}]},{\"@type\":\"WebPage\",\"@id\":\"https:\\\/\\\/diarioprincipios.com\\\/index.php\\\/2022\\\/11\\\/24\\\/kicillof-y-mussi-entregaron-elementos-deportivos-a-instituciones-educativas\\\/\",\"url\":\"https:\\\/\\\/diarioprincipios.com\\\/index.php\\\/2022\\\/11\\\/24\\\/kicillof-y-mussi-entregaron-elementos-deportivos-a-instituciones-educativas\\\/\",\"name\":\"Kicillof y Mussi entregaron elementos deportivos a instituciones educativas - Principios\",\"isPartOf\":{\"@id\":\"https:\\\/\\\/diarioprincipios.com\\\/#website\"},\"primaryImageOfPage\":{\"@id\":\"https:\\\/\\\/diarioprincipios.com\\\/index.php\\\/2022\\\/11\\\/24\\\/kicillof-y-mussi-entregaron-elementos-deportivos-a-instituciones-educativas\\\/#primaryimage\"},\"image\":{\"@id\":\"https:\\\/\\\/diarioprincipios.com\\\/index.php\\\/2022\\\/11\\\/24\\\/kicillof-y-mussi-entregaron-elementos-deportivos-a-instituciones-educativas\\\/#primaryimage\"},\"thumbnailUrl\":\"https:\\\/\\\/diarioprincipios.com\\\/wp-content\\\/uploads\\\/2022\\\/11\\\/KICILLOF-Y-MUSSI-ENTREGARON-ELEMENTOS-DEPORTIVOS-A-LAS-INSTITUCIONES-EDUCATIVAS-DE-BERAZATEGUI.jpg\",\"datePublished\":\"2022-11-25T01:23:06+00:00\",\"dateModified\":\"2022-11-30T06:09:49+00:00\",\"breadcrumb\":{\"@id\":\"https:\\\/\\\/diarioprincipios.com\\\/index.php\\\/2022\\\/11\\\/24\\\/kicillof-y-mussi-entregaron-elementos-deportivos-a-instituciones-educativas\\\/#breadcrumb\"},\"inLanguage\":\"es\",\"potentialAction\":[{\"@type\":\"ReadAction\",\"target\":[\"https:\\\/\\\/diarioprincipios.com\\\/index.php\\\/2022\\\/11\\\/24\\\/kicillof-y-mussi-entregaron-elementos-deportivos-a-instituciones-educativas\\\/\"]}]},{\"@type\":\"ImageObject\",\"inLanguage\":\"es\",\"@id\":\"https:\\\/\\\/diarioprincipios.com\\\/index.php\\\/2022\\\/11\\\/24\\\/kicillof-y-mussi-entregaron-elementos-deportivos-a-instituciones-educativas\\\/#primaryimage\",\"url\":\"https:\\\/\\\/diarioprincipios.com\\\/wp-content\\\/uploads\\\/2022\\\/11\\\/KICILLOF-Y-MUSSI-ENTREGARON-ELEMENTOS-DEPORTIVOS-A-LAS-INSTITUCIONES-EDUCATIVAS-DE-BERAZATEGUI.jpg\",\"contentUrl\":\"https:\\\/\\\/diarioprincipios.com\\\/wp-content\\\/uploads\\\/2022\\\/11\\\/KICILLOF-Y-MUSSI-ENTREGARON-ELEMENTOS-DEPORTIVOS-A-LAS-INSTITUCIONES-EDUCATIVAS-DE-BERAZATEGUI.jpg\",\"width\":1280,\"height\":853},{\"@type\":\"BreadcrumbList\",\"@id\":\"https:\\\/\\\/diarioprincipios.com\\\/index.php\\\/2022\\\/11\\\/24\\\/kicillof-y-mussi-entregaron-elementos-deportivos-a-instituciones-educativas\\\/#breadcrumb\",\"itemListElement\":[{\"@type\":\"ListItem\",\"position\":1,\"name\":\"Portada\",\"item\":\"https:\\\/\\\/diarioprincipios.com\\\/\"},{\"@type\":\"ListItem\",\"position\":2,\"name\":\"Kicillof y Mussi entregaron elementos deportivos a instituciones educativas\"}]},{\"@type\":\"WebSite\",\"@id\":\"https:\\\/\\\/diarioprincipios.com\\\/#website\",\"url\":\"https:\\\/\\\/diarioprincipios.com\\\/\",\"name\":\"Principios\",\"description\":\"Principios Diario\",\"publisher\":{\"@id\":\"https:\\\/\\\/diarioprincipios.com\\\/#organization\"},\"potentialAction\":[{\"@type\":\"SearchAction\",\"target\":{\"@type\":\"EntryPoint\",\"urlTemplate\":\"https:\\\/\\\/diarioprincipios.com\\\/?s={search_term_string}\"},\"query-input\":{\"@type\":\"PropertyValueSpecification\",\"valueRequired\":true,\"valueName\":\"search_term_string\"}}],\"inLanguage\":\"es\"},{\"@type\":\"Organization\",\"@id\":\"https:\\\/\\\/diarioprincipios.com\\\/#organization\",\"name\":\"Principios\",\"url\":\"https:\\\/\\\/diarioprincipios.com\\\/\",\"logo\":{\"@type\":\"ImageObject\",\"inLanguage\":\"es\",\"@id\":\"https:\\\/\\\/diarioprincipios.com\\\/#\\\/schema\\\/logo\\\/image\\\/\",\"url\":\"https:\\\/\\\/diarioprincipios.com\\\/wp-content\\\/uploads\\\/2024\\\/04\\\/cropped-www.diarioprincipios.com_-1.png\",\"contentUrl\":\"https:\\\/\\\/diarioprincipios.com\\\/wp-content\\\/uploads\\\/2024\\\/04\\\/cropped-www.diarioprincipios.com_-1.png\",\"width\":5325,\"height\":1454,\"caption\":\"Principios\"},\"image\":{\"@id\":\"https:\\\/\\\/diarioprincipios.com\\\/#\\\/schema\\\/logo\\\/image\\\/\"}},{\"@type\":\"Person\",\"@id\":\"https:\\\/\\\/diarioprincipios.com\\\/#\\\/schema\\\/person\\\/436d5a1fd41a5e250e23ff5a6a7cb080\",\"name\":\"Hern\u00e1n L\u00f3pez\",\"image\":{\"@type\":\"ImageObject\",\"inLanguage\":\"es\",\"@id\":\"https:\\\/\\\/diarioprincipios.com\\\/wp-content\\\/litespeed\\\/avatar\\\/11ddfe5610ff3bd100522525b2571f48.jpg?ver=1777048341\",\"url\":\"https:\\\/\\\/diarioprincipios.com\\\/wp-content\\\/litespeed\\\/avatar\\\/11ddfe5610ff3bd100522525b2571f48.jpg?ver=1777048341\",\"contentUrl\":\"https:\\\/\\\/diarioprincipios.com\\\/wp-content\\\/litespeed\\\/avatar\\\/11ddfe5610ff3bd100522525b2571f48.jpg?ver=1777048341\",\"caption\":\"Hern\u00e1n L\u00f3pez\"},\"url\":\"https:\\\/\\\/diarioprincipios.com\\\/index.php\\\/author\\\/hernan\\\/\"}]}<\/script>\n<!-- \/ Yoast SEO plugin. -->","yoast_head_json":{"title":"Kicillof y Mussi entregaron elementos deportivos a instituciones educativas - Principios","robots":{"index":"index","follow":"follow","max-snippet":"max-snippet:-1","max-image-preview":"max-image-preview:large","max-video-preview":"max-video-preview:-1"},"canonical":"https:\/\/diarioprincipios.com\/index.php\/2022\/11\/24\/kicillof-y-mussi-entregaron-elementos-deportivos-a-instituciones-educativas\/","og_locale":"es_ES","og_type":"article","og_title":"Kicillof y Mussi entregaron elementos deportivos a instituciones educativas - Principios","og_description":"Se entregaron kits de equipamiento y material deportivo para educaci\u00f3n f\u00edsica a 68 instituciones educativas de Berazategui. Adem\u00e1s, se anunci\u00f3 la construcci\u00f3n del edificio propio para el Centro de Educaci\u00f3n F\u00edsica (CEF) N\u00ba 85 y la creaci\u00f3n del CEF N\u00ba 193 en la localidad de El Pato. El acto se realiz\u00f3 en el Centro Municipal...","og_url":"https:\/\/diarioprincipios.com\/index.php\/2022\/11\/24\/kicillof-y-mussi-entregaron-elementos-deportivos-a-instituciones-educativas\/","og_site_name":"Principios","article_published_time":"2022-11-25T01:23:06+00:00","article_modified_time":"2022-11-30T06:09:49+00:00","og_image":[{"width":1280,"height":853,"url":"https:\/\/diarioprincipios.com\/wp-content\/uploads\/2022\/11\/KICILLOF-Y-MUSSI-ENTREGARON-ELEMENTOS-DEPORTIVOS-A-LAS-INSTITUCIONES-EDUCATIVAS-DE-BERAZATEGUI.jpg","type":"image\/jpeg"}],"author":"Hern\u00e1n L\u00f3pez","twitter_card":"summary_large_image","twitter_misc":{"Escrito por":"Hern\u00e1n L\u00f3pez","Tiempo de lectura":"3 minutos"},"schema":{"@context":"https:\/\/schema.org","@graph":[{"@type":"Article","@id":"https:\/\/diarioprincipios.com\/index.php\/2022\/11\/24\/kicillof-y-mussi-entregaron-elementos-deportivos-a-instituciones-educativas\/#article","isPartOf":{"@id":"https:\/\/diarioprincipios.com\/index.php\/2022\/11\/24\/kicillof-y-mussi-entregaron-elementos-deportivos-a-instituciones-educativas\/"},"author":{"name":"Hern\u00e1n L\u00f3pez","@id":"https:\/\/diarioprincipios.com\/#\/schema\/person\/436d5a1fd41a5e250e23ff5a6a7cb080"},"headline":"Kicillof y Mussi entregaron elementos deportivos a instituciones educativas","datePublished":"2022-11-25T01:23:06+00:00","dateModified":"2022-11-30T06:09:49+00:00","mainEntityOfPage":{"@id":"https:\/\/diarioprincipios.com\/index.php\/2022\/11\/24\/kicillof-y-mussi-entregaron-elementos-deportivos-a-instituciones-educativas\/"},"wordCount":394,"commentCount":0,"publisher":{"@id":"https:\/\/diarioprincipios.com\/#organization"},"image":{"@id":"https:\/\/diarioprincipios.com\/index.php\/2022\/11\/24\/kicillof-y-mussi-entregaron-elementos-deportivos-a-instituciones-educativas\/#primaryimage"},"thumbnailUrl":"https:\/\/diarioprincipios.com\/wp-content\/uploads\/2022\/11\/KICILLOF-Y-MUSSI-ENTREGARON-ELEMENTOS-DEPORTIVOS-A-LAS-INSTITUCIONES-EDUCATIVAS-DE-BERAZATEGUI.jpg","articleSection":["Berazategui"],"inLanguage":"es","potentialAction":[{"@type":"CommentAction","name":"Comment","target":["https:\/\/diarioprincipios.com\/index.php\/2022\/11\/24\/kicillof-y-mussi-entregaron-elementos-deportivos-a-instituciones-educativas\/#respond"]}]},{"@type":"WebPage","@id":"https:\/\/diarioprincipios.com\/index.php\/2022\/11\/24\/kicillof-y-mussi-entregaron-elementos-deportivos-a-instituciones-educativas\/","url":"https:\/\/diarioprincipios.com\/index.php\/2022\/11\/24\/kicillof-y-mussi-entregaron-elementos-deportivos-a-instituciones-educativas\/","name":"Kicillof y Mussi entregaron elementos deportivos a instituciones educativas - Principios","isPartOf":{"@id":"https:\/\/diarioprincipios.com\/#website"},"primaryImageOfPage":{"@id":"https:\/\/diarioprincipios.com\/index.php\/2022\/11\/24\/kicillof-y-mussi-entregaron-elementos-deportivos-a-instituciones-educativas\/#primaryimage"},"image":{"@id":"https:\/\/diarioprincipios.com\/index.php\/2022\/11\/24\/kicillof-y-mussi-entregaron-elementos-deportivos-a-instituciones-educativas\/#primaryimage"},"thumbnailUrl":"https:\/\/diarioprincipios.com\/wp-content\/uploads\/2022\/11\/KICILLOF-Y-MUSSI-ENTREGARON-ELEMENTOS-DEPORTIVOS-A-LAS-INSTITUCIONES-EDUCATIVAS-DE-BERAZATEGUI.jpg","datePublished":"2022-11-25T01:23:06+00:00","dateModified":"2022-11-30T06:09:49+00:00","breadcrumb":{"@id":"https:\/\/diarioprincipios.com\/index.php\/2022\/11\/24\/kicillof-y-mussi-entregaron-elementos-deportivos-a-instituciones-educativas\/#breadcrumb"},"inLanguage":"es","potentialAction":[{"@type":"ReadAction","target":["https:\/\/diarioprincipios.com\/index.php\/2022\/11\/24\/kicillof-y-mussi-entregaron-elementos-deportivos-a-instituciones-educativas\/"]}]},{"@type":"ImageObject","inLanguage":"es","@id":"https:\/\/diarioprincipios.com\/index.php\/2022\/11\/24\/kicillof-y-mussi-entregaron-elementos-deportivos-a-instituciones-educativas\/#primaryimage","url":"https:\/\/diarioprincipios.com\/wp-content\/uploads\/2022\/11\/KICILLOF-Y-MUSSI-ENTREGARON-ELEMENTOS-DEPORTIVOS-A-LAS-INSTITUCIONES-EDUCATIVAS-DE-BERAZATEGUI.jpg","contentUrl":"https:\/\/diarioprincipios.com\/wp-content\/uploads\/2022\/11\/KICILLOF-Y-MUSSI-ENTREGARON-ELEMENTOS-DEPORTIVOS-A-LAS-INSTITUCIONES-EDUCATIVAS-DE-BERAZATEGUI.jpg","width":1280,"height":853},{"@type":"BreadcrumbList","@id":"https:\/\/diarioprincipios.com\/index.php\/2022\/11\/24\/kicillof-y-mussi-entregaron-elementos-deportivos-a-instituciones-educativas\/#breadcrumb","itemListElement":[{"@type":"ListItem","position":1,"name":"Portada","item":"https:\/\/diarioprincipios.com\/"},{"@type":"ListItem","position":2,"name":"Kicillof y Mussi entregaron elementos deportivos a instituciones educativas"}]},{"@type":"WebSite","@id":"https:\/\/diarioprincipios.com\/#website","url":"https:\/\/diarioprincipios.com\/","name":"Principios","description":"Principios Diario","publisher":{"@id":"https:\/\/diarioprincipios.com\/#organization"},"potentialAction":[{"@type":"SearchAction","target":{"@type":"EntryPoint","urlTemplate":"https:\/\/diarioprincipios.com\/?s={search_term_string}"},"query-input":{"@type":"PropertyValueSpecification","valueRequired":true,"valueName":"search_term_string"}}],"inLanguage":"es"},{"@type":"Organization","@id":"https:\/\/diarioprincipios.com\/#organization","name":"Principios","url":"https:\/\/diarioprincipios.com\/","logo":{"@type":"ImageObject","inLanguage":"es","@id":"https:\/\/diarioprincipios.com\/#\/schema\/logo\/image\/","url":"https:\/\/diarioprincipios.com\/wp-content\/uploads\/2024\/04\/cropped-www.diarioprincipios.com_-1.png","contentUrl":"https:\/\/diarioprincipios.com\/wp-content\/uploads\/2024\/04\/cropped-www.diarioprincipios.com_-1.png","width":5325,"height":1454,"caption":"Principios"},"image":{"@id":"https:\/\/diarioprincipios.com\/#\/schema\/logo\/image\/"}},{"@type":"Person","@id":"https:\/\/diarioprincipios.com\/#\/schema\/person\/436d5a1fd41a5e250e23ff5a6a7cb080","name":"Hern\u00e1n L\u00f3pez","image":{"@type":"ImageObject","inLanguage":"es","@id":"https:\/\/diarioprincipios.com\/wp-content\/litespeed\/avatar\/11ddfe5610ff3bd100522525b2571f48.jpg?ver=1777048341","url":"https:\/\/diarioprincipios.com\/wp-content\/litespeed\/avatar\/11ddfe5610ff3bd100522525b2571f48.jpg?ver=1777048341","contentUrl":"https:\/\/diarioprincipios.com\/wp-content\/litespeed\/avatar\/11ddfe5610ff3bd100522525b2571f48.jpg?ver=1777048341","caption":"Hern\u00e1n L\u00f3pez"},"url":"https:\/\/diarioprincipios.com\/index.php\/author\/hernan\/"}]}},"jetpack_featured_media_url":"https:\/\/diarioprincipios.com\/wp-content\/uploads\/2022\/11\/KICILLOF-Y-MUSSI-ENTREGARON-ELEMENTOS-DEPORTIVOS-A-LAS-INSTITUCIONES-EDUCATIVAS-DE-BERAZATEGUI.jpg","_links":{"self":[{"href":"https:\/\/diarioprincipios.com\/index.php\/wp-json\/wp\/v2\/posts\/15212","targetHints":{"allow":["GET"]}}],"collection":[{"href":"https:\/\/diarioprincipios.com\/index.php\/wp-json\/wp\/v2\/posts"}],"about":[{"href":"https:\/\/diarioprincipios.com\/index.php\/wp-json\/wp\/v2\/types\/post"}],"author":[{"embeddable":true,"href":"https:\/\/diarioprincipios.com\/index.php\/wp-json\/wp\/v2\/users\/2"}],"replies":[{"embeddable":true,"href":"https:\/\/diarioprincipios.com\/index.php\/wp-json\/wp\/v2\/comments?post=15212"}],"version-history":[{"count":1,"href":"https:\/\/diarioprincipios.com\/index.php\/wp-json\/wp\/v2\/posts\/15212\/revisions"}],"predecessor-version":[{"id":15216,"href":"https:\/\/diarioprincipios.com\/index.php\/wp-json\/wp\/v2\/posts\/15212\/revisions\/15216"}],"wp:featuredmedia":[{"embeddable":true,"href":"https:\/\/diarioprincipios.com\/index.php\/wp-json\/wp\/v2\/media\/15215"}],"wp:attachment":[{"href":"https:\/\/diarioprincipios.com\/index.php\/wp-json\/wp\/v2\/media?parent=15212"}],"wp:term":[{"taxonomy":"category","embeddable":true,"href":"https:\/\/diarioprincipios.com\/index.php\/wp-json\/wp\/v2\/categories?post=15212"},{"taxonomy":"post_tag","embeddable":true,"href":"https:\/\/diarioprincipios.com\/index.php\/wp-json\/wp\/v2\/tags?post=15212"}],"curies":[{"name":"wp","href":"https:\/\/api.w.org\/{rel}","templated":true}]}}