{"id":15200,"date":"2022-11-23T21:54:43","date_gmt":"2022-11-24T00:54:43","guid":{"rendered":"http:\/\/diarioprincipios.com\/?p=15200"},"modified":"2022-11-30T02:52:58","modified_gmt":"2022-11-30T05:52:58","slug":"emotiva-celebracion-del-dia-del-militante-en-la-sede-del-partido-justicialista","status":"publish","type":"post","link":"https:\/\/diarioprincipios.com\/index.php\/2022\/11\/23\/emotiva-celebracion-del-dia-del-militante-en-la-sede-del-partido-justicialista\/","title":{"rendered":"Emotiva celebraci\u00f3n del D\u00eda del Militante en la sede del Partido Justicialista"},"content":{"rendered":"\n<p><strong>Se celebr\u00f3 el D\u00eda de la Militancia Peronista en la sede del Consejo del Partido Justicialista de Berazategui. El acto fue encabezado por el presidente del PJ local, Juan Jos\u00e9 Mussi, quien adem\u00e1s descubri\u00f3 un mural pintado por el artista berazateguense Emiliano Tapia (que evoca los tres lemas del Peronismo: Soberan\u00eda Pol\u00edtica, Independencia Econ\u00f3mica y Justicia Social) y un cuadro en homenaje a Juan Domingo Per\u00f3n, pintado por H\u00e9ctor Mosca y donado por Carlos Airoldi.<\/strong><\/p>\n\n\n\n<figure class=\"wp-block-image size-large\"><img loading=\"lazy\" decoding=\"async\" width=\"1024\" height=\"683\" src=\"https:\/\/diarioprincipios.com\/wp-content\/uploads\/2022\/11\/MUSSI-ENCABEZO-UN-ACTO-POR-EL-DIA-DE-LA-MILITANCIA-PERONISTA-2-1024x683.jpg\" alt=\"\" class=\"wp-image-15201\" srcset=\"https:\/\/diarioprincipios.com\/wp-content\/uploads\/2022\/11\/MUSSI-ENCABEZO-UN-ACTO-POR-EL-DIA-DE-LA-MILITANCIA-PERONISTA-2-1024x683.jpg 1024w, https:\/\/diarioprincipios.com\/wp-content\/uploads\/2022\/11\/MUSSI-ENCABEZO-UN-ACTO-POR-EL-DIA-DE-LA-MILITANCIA-PERONISTA-2-300x200.jpg 300w, https:\/\/diarioprincipios.com\/wp-content\/uploads\/2022\/11\/MUSSI-ENCABEZO-UN-ACTO-POR-EL-DIA-DE-LA-MILITANCIA-PERONISTA-2-768x512.jpg 768w, https:\/\/diarioprincipios.com\/wp-content\/uploads\/2022\/11\/MUSSI-ENCABEZO-UN-ACTO-POR-EL-DIA-DE-LA-MILITANCIA-PERONISTA-2-1536x1024.jpg 1536w, https:\/\/diarioprincipios.com\/wp-content\/uploads\/2022\/11\/MUSSI-ENCABEZO-UN-ACTO-POR-EL-DIA-DE-LA-MILITANCIA-PERONISTA-2.jpg 1920w\" sizes=\"auto, (max-width: 1024px) 100vw, 1024px\" \/><\/figure>\n\n\n\n<p>\u201cCada vez que llega el 17 de noviembre, pienso en toda la etapa en la que estuvimos prohibidos\u201d, comenz\u00f3 recordando Mussi. Y continu\u00f3: \u201cAl regreso a la Argentina del General Per\u00f3n, lo precedi\u00f3 durante muchos a\u00f1os la consigna del \u2018Luche y Vuelve\u2019. En aquel momento, yo formaba parte de los j\u00f3venes que ayudaban a llevar los mensajes entre los compa\u00f1eros de la Resistencia Peronista. Tambi\u00e9n nos junt\u00e1bamos en la oscuridad -bajo la luz de las velas- a escuchar los discursos que nos enviaba Per\u00f3n\u201d.<\/p>\n\n\n\n<p>\u201cLo m\u00e1s importante del movimiento peronista es la causa Nacional y Popular. La militancia tiene objetivos que trascienden al hecho de ocupar cargos. Los militantes dieron su vida para que el General vuelva a su Patria, muchos fuimos perseguidos y eso es lo que nos diferencia del resto. Per\u00f3n vive porque tuvo a su militancia\u201d, afirm\u00f3 el presidente del Consejo del PJ de Berazategui.<\/p>\n\n\n\n<figure class=\"wp-block-image size-large\"><img loading=\"lazy\" decoding=\"async\" width=\"1024\" height=\"683\" src=\"https:\/\/diarioprincipios.com\/wp-content\/uploads\/2022\/11\/MUSSI-ENCABEZO-UN-ACTO-POR-EL-DIA-DE-LA-MILITANCIA-PERONISTA-3-1024x683.jpg\" alt=\"\" class=\"wp-image-15202\" srcset=\"https:\/\/diarioprincipios.com\/wp-content\/uploads\/2022\/11\/MUSSI-ENCABEZO-UN-ACTO-POR-EL-DIA-DE-LA-MILITANCIA-PERONISTA-3-1024x683.jpg 1024w, https:\/\/diarioprincipios.com\/wp-content\/uploads\/2022\/11\/MUSSI-ENCABEZO-UN-ACTO-POR-EL-DIA-DE-LA-MILITANCIA-PERONISTA-3-300x200.jpg 300w, https:\/\/diarioprincipios.com\/wp-content\/uploads\/2022\/11\/MUSSI-ENCABEZO-UN-ACTO-POR-EL-DIA-DE-LA-MILITANCIA-PERONISTA-3-768x512.jpg 768w, https:\/\/diarioprincipios.com\/wp-content\/uploads\/2022\/11\/MUSSI-ENCABEZO-UN-ACTO-POR-EL-DIA-DE-LA-MILITANCIA-PERONISTA-3-1536x1024.jpg 1536w, https:\/\/diarioprincipios.com\/wp-content\/uploads\/2022\/11\/MUSSI-ENCABEZO-UN-ACTO-POR-EL-DIA-DE-LA-MILITANCIA-PERONISTA-3.jpg 1920w\" sizes=\"auto, (max-width: 1024px) 100vw, 1024px\" \/><\/figure>\n\n\n\n<p>\u201cEs imposible estar peleados entre compa\u00f1eros, si todos tenemos el mismo deseo de ayudar en cada barrio a los que menos tienen. Voy a seguir exigiendo la unidad del campo Nacional y Popular y del movimiento obrero argentino. Esto es fundamental. Tengo much\u00edsimas expectativas de que comprendamos que tenemos la necesidad de unirnos. El mensaje que dejamos desde Berazategui es: \u2018Unidad, unidad y unidad\u2019, concluy\u00f3 Mussi.<\/p>\n\n\n\n<p>Tambi\u00e9n participaron representantes del Consejo del PJ de Berazategui, sindicalistas, organizaciones barriales, militantes sociales, integrantes del Gabinete municipal y concejales.<\/p>\n","protected":false},"excerpt":{"rendered":"<p>Se celebr\u00f3 el D\u00eda de la Militancia Peronista en la sede del Consejo del Partido Justicialista de Berazategui. El acto fue encabezado por el presidente del PJ local, Juan Jos\u00e9 Mussi, quien adem\u00e1s descubri\u00f3 un mural pintado por el artista berazateguense Emiliano Tapia (que evoca los tres lemas del Peronismo: Soberan\u00eda Pol\u00edtica, Independencia Econ\u00f3mica y&#8230;<\/p>\n","protected":false},"author":2,"featured_media":15203,"comment_status":"open","ping_status":"open","sticky":false,"template":"","format":"standard","meta":{"footnotes":""},"categories":[3],"tags":[],"class_list":["post-15200","post","type-post","status-publish","format-standard","has-post-thumbnail","hentry","category-berazategui"],"featured_image_src":"https:\/\/diarioprincipios.com\/wp-content\/uploads\/2022\/11\/MUSSI-ENCABEZO-UN-ACTO-POR-EL-DIA-DE-LA-MILITANCIA-PERONISTA-1-1024x683.jpg","blog_images":{"medium":"https:\/\/diarioprincipios.com\/wp-content\/uploads\/2022\/11\/MUSSI-ENCABEZO-UN-ACTO-POR-EL-DIA-DE-LA-MILITANCIA-PERONISTA-1-300x200.jpg","large":"https:\/\/diarioprincipios.com\/wp-content\/uploads\/2022\/11\/MUSSI-ENCABEZO-UN-ACTO-POR-EL-DIA-DE-LA-MILITANCIA-PERONISTA-1-1024x683.jpg"},"ams_acf":[],"yoast_head":"<!-- This site is optimized with the Yoast SEO plugin v27.3 - https:\/\/yoast.com\/product\/yoast-seo-wordpress\/ -->\n<title>Emotiva celebraci\u00f3n del D\u00eda del Militante en la sede del Partido Justicialista - Principios<\/title>\n<meta name=\"robots\" content=\"index, follow, max-snippet:-1, max-image-preview:large, max-video-preview:-1\" \/>\n<link rel=\"canonical\" href=\"https:\/\/diarioprincipios.com\/index.php\/2022\/11\/23\/emotiva-celebracion-del-dia-del-militante-en-la-sede-del-partido-justicialista\/\" \/>\n<meta property=\"og:locale\" content=\"es_ES\" \/>\n<meta property=\"og:type\" content=\"article\" \/>\n<meta property=\"og:title\" content=\"Emotiva celebraci\u00f3n del D\u00eda del Militante en la sede del Partido Justicialista - Principios\" \/>\n<meta property=\"og:description\" content=\"Se celebr\u00f3 el D\u00eda de la Militancia Peronista en la sede del Consejo del Partido Justicialista de Berazategui. El acto fue encabezado por el presidente del PJ local, Juan Jos\u00e9 Mussi, quien adem\u00e1s descubri\u00f3 un mural pintado por el artista berazateguense Emiliano Tapia (que evoca los tres lemas del Peronismo: Soberan\u00eda Pol\u00edtica, Independencia Econ\u00f3mica y...\" \/>\n<meta property=\"og:url\" content=\"https:\/\/diarioprincipios.com\/index.php\/2022\/11\/23\/emotiva-celebracion-del-dia-del-militante-en-la-sede-del-partido-justicialista\/\" \/>\n<meta property=\"og:site_name\" content=\"Principios\" \/>\n<meta property=\"article:published_time\" content=\"2022-11-24T00:54:43+00:00\" \/>\n<meta property=\"article:modified_time\" content=\"2022-11-30T05:52:58+00:00\" \/>\n<meta property=\"og:image\" content=\"https:\/\/diarioprincipios.com\/wp-content\/uploads\/2022\/11\/MUSSI-ENCABEZO-UN-ACTO-POR-EL-DIA-DE-LA-MILITANCIA-PERONISTA-1.jpg\" \/>\n\t<meta property=\"og:image:width\" content=\"1920\" \/>\n\t<meta property=\"og:image:height\" content=\"1280\" \/>\n\t<meta property=\"og:image:type\" content=\"image\/jpeg\" \/>\n<meta name=\"author\" content=\"Hern\u00e1n L\u00f3pez\" \/>\n<meta name=\"twitter:card\" content=\"summary_large_image\" \/>\n<meta name=\"twitter:label1\" content=\"Escrito por\" \/>\n\t<meta name=\"twitter:data1\" content=\"Hern\u00e1n L\u00f3pez\" \/>\n\t<meta name=\"twitter:label2\" content=\"Tiempo de lectura\" \/>\n\t<meta name=\"twitter:data2\" content=\"2 minutos\" \/>\n<script type=\"application\/ld+json\" class=\"yoast-schema-graph\">{\"@context\":\"https:\\\/\\\/schema.org\",\"@graph\":[{\"@type\":\"Article\",\"@id\":\"https:\\\/\\\/diarioprincipios.com\\\/index.php\\\/2022\\\/11\\\/23\\\/emotiva-celebracion-del-dia-del-militante-en-la-sede-del-partido-justicialista\\\/#article\",\"isPartOf\":{\"@id\":\"https:\\\/\\\/diarioprincipios.com\\\/index.php\\\/2022\\\/11\\\/23\\\/emotiva-celebracion-del-dia-del-militante-en-la-sede-del-partido-justicialista\\\/\"},\"author\":{\"name\":\"Hern\u00e1n L\u00f3pez\",\"@id\":\"https:\\\/\\\/diarioprincipios.com\\\/#\\\/schema\\\/person\\\/436d5a1fd41a5e250e23ff5a6a7cb080\"},\"headline\":\"Emotiva celebraci\u00f3n del D\u00eda del Militante en la sede del Partido Justicialista\",\"datePublished\":\"2022-11-24T00:54:43+00:00\",\"dateModified\":\"2022-11-30T05:52:58+00:00\",\"mainEntityOfPage\":{\"@id\":\"https:\\\/\\\/diarioprincipios.com\\\/index.php\\\/2022\\\/11\\\/23\\\/emotiva-celebracion-del-dia-del-militante-en-la-sede-del-partido-justicialista\\\/\"},\"wordCount\":341,\"commentCount\":0,\"publisher\":{\"@id\":\"https:\\\/\\\/diarioprincipios.com\\\/#organization\"},\"image\":{\"@id\":\"https:\\\/\\\/diarioprincipios.com\\\/index.php\\\/2022\\\/11\\\/23\\\/emotiva-celebracion-del-dia-del-militante-en-la-sede-del-partido-justicialista\\\/#primaryimage\"},\"thumbnailUrl\":\"https:\\\/\\\/diarioprincipios.com\\\/wp-content\\\/uploads\\\/2022\\\/11\\\/MUSSI-ENCABEZO-UN-ACTO-POR-EL-DIA-DE-LA-MILITANCIA-PERONISTA-1.jpg\",\"articleSection\":[\"Berazategui\"],\"inLanguage\":\"es\",\"potentialAction\":[{\"@type\":\"CommentAction\",\"name\":\"Comment\",\"target\":[\"https:\\\/\\\/diarioprincipios.com\\\/index.php\\\/2022\\\/11\\\/23\\\/emotiva-celebracion-del-dia-del-militante-en-la-sede-del-partido-justicialista\\\/#respond\"]}]},{\"@type\":\"WebPage\",\"@id\":\"https:\\\/\\\/diarioprincipios.com\\\/index.php\\\/2022\\\/11\\\/23\\\/emotiva-celebracion-del-dia-del-militante-en-la-sede-del-partido-justicialista\\\/\",\"url\":\"https:\\\/\\\/diarioprincipios.com\\\/index.php\\\/2022\\\/11\\\/23\\\/emotiva-celebracion-del-dia-del-militante-en-la-sede-del-partido-justicialista\\\/\",\"name\":\"Emotiva celebraci\u00f3n del D\u00eda del Militante en la sede del Partido Justicialista - Principios\",\"isPartOf\":{\"@id\":\"https:\\\/\\\/diarioprincipios.com\\\/#website\"},\"primaryImageOfPage\":{\"@id\":\"https:\\\/\\\/diarioprincipios.com\\\/index.php\\\/2022\\\/11\\\/23\\\/emotiva-celebracion-del-dia-del-militante-en-la-sede-del-partido-justicialista\\\/#primaryimage\"},\"image\":{\"@id\":\"https:\\\/\\\/diarioprincipios.com\\\/index.php\\\/2022\\\/11\\\/23\\\/emotiva-celebracion-del-dia-del-militante-en-la-sede-del-partido-justicialista\\\/#primaryimage\"},\"thumbnailUrl\":\"https:\\\/\\\/diarioprincipios.com\\\/wp-content\\\/uploads\\\/2022\\\/11\\\/MUSSI-ENCABEZO-UN-ACTO-POR-EL-DIA-DE-LA-MILITANCIA-PERONISTA-1.jpg\",\"datePublished\":\"2022-11-24T00:54:43+00:00\",\"dateModified\":\"2022-11-30T05:52:58+00:00\",\"breadcrumb\":{\"@id\":\"https:\\\/\\\/diarioprincipios.com\\\/index.php\\\/2022\\\/11\\\/23\\\/emotiva-celebracion-del-dia-del-militante-en-la-sede-del-partido-justicialista\\\/#breadcrumb\"},\"inLanguage\":\"es\",\"potentialAction\":[{\"@type\":\"ReadAction\",\"target\":[\"https:\\\/\\\/diarioprincipios.com\\\/index.php\\\/2022\\\/11\\\/23\\\/emotiva-celebracion-del-dia-del-militante-en-la-sede-del-partido-justicialista\\\/\"]}]},{\"@type\":\"ImageObject\",\"inLanguage\":\"es\",\"@id\":\"https:\\\/\\\/diarioprincipios.com\\\/index.php\\\/2022\\\/11\\\/23\\\/emotiva-celebracion-del-dia-del-militante-en-la-sede-del-partido-justicialista\\\/#primaryimage\",\"url\":\"https:\\\/\\\/diarioprincipios.com\\\/wp-content\\\/uploads\\\/2022\\\/11\\\/MUSSI-ENCABEZO-UN-ACTO-POR-EL-DIA-DE-LA-MILITANCIA-PERONISTA-1.jpg\",\"contentUrl\":\"https:\\\/\\\/diarioprincipios.com\\\/wp-content\\\/uploads\\\/2022\\\/11\\\/MUSSI-ENCABEZO-UN-ACTO-POR-EL-DIA-DE-LA-MILITANCIA-PERONISTA-1.jpg\",\"width\":1920,\"height\":1280},{\"@type\":\"BreadcrumbList\",\"@id\":\"https:\\\/\\\/diarioprincipios.com\\\/index.php\\\/2022\\\/11\\\/23\\\/emotiva-celebracion-del-dia-del-militante-en-la-sede-del-partido-justicialista\\\/#breadcrumb\",\"itemListElement\":[{\"@type\":\"ListItem\",\"position\":1,\"name\":\"Portada\",\"item\":\"https:\\\/\\\/diarioprincipios.com\\\/\"},{\"@type\":\"ListItem\",\"position\":2,\"name\":\"Emotiva celebraci\u00f3n del D\u00eda del Militante en la sede del Partido Justicialista\"}]},{\"@type\":\"WebSite\",\"@id\":\"https:\\\/\\\/diarioprincipios.com\\\/#website\",\"url\":\"https:\\\/\\\/diarioprincipios.com\\\/\",\"name\":\"Principios\",\"description\":\"Principios Diario\",\"publisher\":{\"@id\":\"https:\\\/\\\/diarioprincipios.com\\\/#organization\"},\"potentialAction\":[{\"@type\":\"SearchAction\",\"target\":{\"@type\":\"EntryPoint\",\"urlTemplate\":\"https:\\\/\\\/diarioprincipios.com\\\/?s={search_term_string}\"},\"query-input\":{\"@type\":\"PropertyValueSpecification\",\"valueRequired\":true,\"valueName\":\"search_term_string\"}}],\"inLanguage\":\"es\"},{\"@type\":\"Organization\",\"@id\":\"https:\\\/\\\/diarioprincipios.com\\\/#organization\",\"name\":\"Principios\",\"url\":\"https:\\\/\\\/diarioprincipios.com\\\/\",\"logo\":{\"@type\":\"ImageObject\",\"inLanguage\":\"es\",\"@id\":\"https:\\\/\\\/diarioprincipios.com\\\/#\\\/schema\\\/logo\\\/image\\\/\",\"url\":\"https:\\\/\\\/diarioprincipios.com\\\/wp-content\\\/uploads\\\/2024\\\/04\\\/cropped-www.diarioprincipios.com_-1.png\",\"contentUrl\":\"https:\\\/\\\/diarioprincipios.com\\\/wp-content\\\/uploads\\\/2024\\\/04\\\/cropped-www.diarioprincipios.com_-1.png\",\"width\":5325,\"height\":1454,\"caption\":\"Principios\"},\"image\":{\"@id\":\"https:\\\/\\\/diarioprincipios.com\\\/#\\\/schema\\\/logo\\\/image\\\/\"}},{\"@type\":\"Person\",\"@id\":\"https:\\\/\\\/diarioprincipios.com\\\/#\\\/schema\\\/person\\\/436d5a1fd41a5e250e23ff5a6a7cb080\",\"name\":\"Hern\u00e1n L\u00f3pez\",\"image\":{\"@type\":\"ImageObject\",\"inLanguage\":\"es\",\"@id\":\"https:\\\/\\\/diarioprincipios.com\\\/wp-content\\\/litespeed\\\/avatar\\\/11ddfe5610ff3bd100522525b2571f48.jpg?ver=1777048341\",\"url\":\"https:\\\/\\\/diarioprincipios.com\\\/wp-content\\\/litespeed\\\/avatar\\\/11ddfe5610ff3bd100522525b2571f48.jpg?ver=1777048341\",\"contentUrl\":\"https:\\\/\\\/diarioprincipios.com\\\/wp-content\\\/litespeed\\\/avatar\\\/11ddfe5610ff3bd100522525b2571f48.jpg?ver=1777048341\",\"caption\":\"Hern\u00e1n L\u00f3pez\"},\"url\":\"https:\\\/\\\/diarioprincipios.com\\\/index.php\\\/author\\\/hernan\\\/\"}]}<\/script>\n<!-- \/ Yoast SEO plugin. -->","yoast_head_json":{"title":"Emotiva celebraci\u00f3n del D\u00eda del Militante en la sede del Partido Justicialista - Principios","robots":{"index":"index","follow":"follow","max-snippet":"max-snippet:-1","max-image-preview":"max-image-preview:large","max-video-preview":"max-video-preview:-1"},"canonical":"https:\/\/diarioprincipios.com\/index.php\/2022\/11\/23\/emotiva-celebracion-del-dia-del-militante-en-la-sede-del-partido-justicialista\/","og_locale":"es_ES","og_type":"article","og_title":"Emotiva celebraci\u00f3n del D\u00eda del Militante en la sede del Partido Justicialista - Principios","og_description":"Se celebr\u00f3 el D\u00eda de la Militancia Peronista en la sede del Consejo del Partido Justicialista de Berazategui. El acto fue encabezado por el presidente del PJ local, Juan Jos\u00e9 Mussi, quien adem\u00e1s descubri\u00f3 un mural pintado por el artista berazateguense Emiliano Tapia (que evoca los tres lemas del Peronismo: Soberan\u00eda Pol\u00edtica, Independencia Econ\u00f3mica y...","og_url":"https:\/\/diarioprincipios.com\/index.php\/2022\/11\/23\/emotiva-celebracion-del-dia-del-militante-en-la-sede-del-partido-justicialista\/","og_site_name":"Principios","article_published_time":"2022-11-24T00:54:43+00:00","article_modified_time":"2022-11-30T05:52:58+00:00","og_image":[{"width":1920,"height":1280,"url":"https:\/\/diarioprincipios.com\/wp-content\/uploads\/2022\/11\/MUSSI-ENCABEZO-UN-ACTO-POR-EL-DIA-DE-LA-MILITANCIA-PERONISTA-1.jpg","type":"image\/jpeg"}],"author":"Hern\u00e1n L\u00f3pez","twitter_card":"summary_large_image","twitter_misc":{"Escrito por":"Hern\u00e1n L\u00f3pez","Tiempo de lectura":"2 minutos"},"schema":{"@context":"https:\/\/schema.org","@graph":[{"@type":"Article","@id":"https:\/\/diarioprincipios.com\/index.php\/2022\/11\/23\/emotiva-celebracion-del-dia-del-militante-en-la-sede-del-partido-justicialista\/#article","isPartOf":{"@id":"https:\/\/diarioprincipios.com\/index.php\/2022\/11\/23\/emotiva-celebracion-del-dia-del-militante-en-la-sede-del-partido-justicialista\/"},"author":{"name":"Hern\u00e1n L\u00f3pez","@id":"https:\/\/diarioprincipios.com\/#\/schema\/person\/436d5a1fd41a5e250e23ff5a6a7cb080"},"headline":"Emotiva celebraci\u00f3n del D\u00eda del Militante en la sede del Partido Justicialista","datePublished":"2022-11-24T00:54:43+00:00","dateModified":"2022-11-30T05:52:58+00:00","mainEntityOfPage":{"@id":"https:\/\/diarioprincipios.com\/index.php\/2022\/11\/23\/emotiva-celebracion-del-dia-del-militante-en-la-sede-del-partido-justicialista\/"},"wordCount":341,"commentCount":0,"publisher":{"@id":"https:\/\/diarioprincipios.com\/#organization"},"image":{"@id":"https:\/\/diarioprincipios.com\/index.php\/2022\/11\/23\/emotiva-celebracion-del-dia-del-militante-en-la-sede-del-partido-justicialista\/#primaryimage"},"thumbnailUrl":"https:\/\/diarioprincipios.com\/wp-content\/uploads\/2022\/11\/MUSSI-ENCABEZO-UN-ACTO-POR-EL-DIA-DE-LA-MILITANCIA-PERONISTA-1.jpg","articleSection":["Berazategui"],"inLanguage":"es","potentialAction":[{"@type":"CommentAction","name":"Comment","target":["https:\/\/diarioprincipios.com\/index.php\/2022\/11\/23\/emotiva-celebracion-del-dia-del-militante-en-la-sede-del-partido-justicialista\/#respond"]}]},{"@type":"WebPage","@id":"https:\/\/diarioprincipios.com\/index.php\/2022\/11\/23\/emotiva-celebracion-del-dia-del-militante-en-la-sede-del-partido-justicialista\/","url":"https:\/\/diarioprincipios.com\/index.php\/2022\/11\/23\/emotiva-celebracion-del-dia-del-militante-en-la-sede-del-partido-justicialista\/","name":"Emotiva celebraci\u00f3n del D\u00eda del Militante en la sede del Partido Justicialista - Principios","isPartOf":{"@id":"https:\/\/diarioprincipios.com\/#website"},"primaryImageOfPage":{"@id":"https:\/\/diarioprincipios.com\/index.php\/2022\/11\/23\/emotiva-celebracion-del-dia-del-militante-en-la-sede-del-partido-justicialista\/#primaryimage"},"image":{"@id":"https:\/\/diarioprincipios.com\/index.php\/2022\/11\/23\/emotiva-celebracion-del-dia-del-militante-en-la-sede-del-partido-justicialista\/#primaryimage"},"thumbnailUrl":"https:\/\/diarioprincipios.com\/wp-content\/uploads\/2022\/11\/MUSSI-ENCABEZO-UN-ACTO-POR-EL-DIA-DE-LA-MILITANCIA-PERONISTA-1.jpg","datePublished":"2022-11-24T00:54:43+00:00","dateModified":"2022-11-30T05:52:58+00:00","breadcrumb":{"@id":"https:\/\/diarioprincipios.com\/index.php\/2022\/11\/23\/emotiva-celebracion-del-dia-del-militante-en-la-sede-del-partido-justicialista\/#breadcrumb"},"inLanguage":"es","potentialAction":[{"@type":"ReadAction","target":["https:\/\/diarioprincipios.com\/index.php\/2022\/11\/23\/emotiva-celebracion-del-dia-del-militante-en-la-sede-del-partido-justicialista\/"]}]},{"@type":"ImageObject","inLanguage":"es","@id":"https:\/\/diarioprincipios.com\/index.php\/2022\/11\/23\/emotiva-celebracion-del-dia-del-militante-en-la-sede-del-partido-justicialista\/#primaryimage","url":"https:\/\/diarioprincipios.com\/wp-content\/uploads\/2022\/11\/MUSSI-ENCABEZO-UN-ACTO-POR-EL-DIA-DE-LA-MILITANCIA-PERONISTA-1.jpg","contentUrl":"https:\/\/diarioprincipios.com\/wp-content\/uploads\/2022\/11\/MUSSI-ENCABEZO-UN-ACTO-POR-EL-DIA-DE-LA-MILITANCIA-PERONISTA-1.jpg","width":1920,"height":1280},{"@type":"BreadcrumbList","@id":"https:\/\/diarioprincipios.com\/index.php\/2022\/11\/23\/emotiva-celebracion-del-dia-del-militante-en-la-sede-del-partido-justicialista\/#breadcrumb","itemListElement":[{"@type":"ListItem","position":1,"name":"Portada","item":"https:\/\/diarioprincipios.com\/"},{"@type":"ListItem","position":2,"name":"Emotiva celebraci\u00f3n del D\u00eda del Militante en la sede del Partido Justicialista"}]},{"@type":"WebSite","@id":"https:\/\/diarioprincipios.com\/#website","url":"https:\/\/diarioprincipios.com\/","name":"Principios","description":"Principios Diario","publisher":{"@id":"https:\/\/diarioprincipios.com\/#organization"},"potentialAction":[{"@type":"SearchAction","target":{"@type":"EntryPoint","urlTemplate":"https:\/\/diarioprincipios.com\/?s={search_term_string}"},"query-input":{"@type":"PropertyValueSpecification","valueRequired":true,"valueName":"search_term_string"}}],"inLanguage":"es"},{"@type":"Organization","@id":"https:\/\/diarioprincipios.com\/#organization","name":"Principios","url":"https:\/\/diarioprincipios.com\/","logo":{"@type":"ImageObject","inLanguage":"es","@id":"https:\/\/diarioprincipios.com\/#\/schema\/logo\/image\/","url":"https:\/\/diarioprincipios.com\/wp-content\/uploads\/2024\/04\/cropped-www.diarioprincipios.com_-1.png","contentUrl":"https:\/\/diarioprincipios.com\/wp-content\/uploads\/2024\/04\/cropped-www.diarioprincipios.com_-1.png","width":5325,"height":1454,"caption":"Principios"},"image":{"@id":"https:\/\/diarioprincipios.com\/#\/schema\/logo\/image\/"}},{"@type":"Person","@id":"https:\/\/diarioprincipios.com\/#\/schema\/person\/436d5a1fd41a5e250e23ff5a6a7cb080","name":"Hern\u00e1n L\u00f3pez","image":{"@type":"ImageObject","inLanguage":"es","@id":"https:\/\/diarioprincipios.com\/wp-content\/litespeed\/avatar\/11ddfe5610ff3bd100522525b2571f48.jpg?ver=1777048341","url":"https:\/\/diarioprincipios.com\/wp-content\/litespeed\/avatar\/11ddfe5610ff3bd100522525b2571f48.jpg?ver=1777048341","contentUrl":"https:\/\/diarioprincipios.com\/wp-content\/litespeed\/avatar\/11ddfe5610ff3bd100522525b2571f48.jpg?ver=1777048341","caption":"Hern\u00e1n L\u00f3pez"},"url":"https:\/\/diarioprincipios.com\/index.php\/author\/hernan\/"}]}},"jetpack_featured_media_url":"https:\/\/diarioprincipios.com\/wp-content\/uploads\/2022\/11\/MUSSI-ENCABEZO-UN-ACTO-POR-EL-DIA-DE-LA-MILITANCIA-PERONISTA-1.jpg","_links":{"self":[{"href":"https:\/\/diarioprincipios.com\/index.php\/wp-json\/wp\/v2\/posts\/15200","targetHints":{"allow":["GET"]}}],"collection":[{"href":"https:\/\/diarioprincipios.com\/index.php\/wp-json\/wp\/v2\/posts"}],"about":[{"href":"https:\/\/diarioprincipios.com\/index.php\/wp-json\/wp\/v2\/types\/post"}],"author":[{"embeddable":true,"href":"https:\/\/diarioprincipios.com\/index.php\/wp-json\/wp\/v2\/users\/2"}],"replies":[{"embeddable":true,"href":"https:\/\/diarioprincipios.com\/index.php\/wp-json\/wp\/v2\/comments?post=15200"}],"version-history":[{"count":1,"href":"https:\/\/diarioprincipios.com\/index.php\/wp-json\/wp\/v2\/posts\/15200\/revisions"}],"predecessor-version":[{"id":15204,"href":"https:\/\/diarioprincipios.com\/index.php\/wp-json\/wp\/v2\/posts\/15200\/revisions\/15204"}],"wp:featuredmedia":[{"embeddable":true,"href":"https:\/\/diarioprincipios.com\/index.php\/wp-json\/wp\/v2\/media\/15203"}],"wp:attachment":[{"href":"https:\/\/diarioprincipios.com\/index.php\/wp-json\/wp\/v2\/media?parent=15200"}],"wp:term":[{"taxonomy":"category","embeddable":true,"href":"https:\/\/diarioprincipios.com\/index.php\/wp-json\/wp\/v2\/categories?post=15200"},{"taxonomy":"post_tag","embeddable":true,"href":"https:\/\/diarioprincipios.com\/index.php\/wp-json\/wp\/v2\/tags?post=15200"}],"curies":[{"name":"wp","href":"https:\/\/api.w.org\/{rel}","templated":true}]}}