{"id":15197,"date":"2022-11-23T21:51:06","date_gmt":"2022-11-24T00:51:06","guid":{"rendered":"http:\/\/diarioprincipios.com\/?p=15197"},"modified":"2022-11-30T02:52:53","modified_gmt":"2022-11-30T05:52:53","slug":"el-domingo-ezpeleta-celebrara-150-anos-con-una-gran-fiesta-desfile-y-el-cierre-de-kapanga","status":"publish","type":"post","link":"https:\/\/diarioprincipios.com\/index.php\/2022\/11\/23\/el-domingo-ezpeleta-celebrara-150-anos-con-una-gran-fiesta-desfile-y-el-cierre-de-kapanga\/","title":{"rendered":"El domingo Ezpeleta celebrar\u00e1 150 a\u00f1os con una gran fiesta, desfile y el cierre de Kapanga"},"content":{"rendered":"\n<p>&nbsp;El Municipio de Quilmes invita a los vecinos y vecinas a ser parte de los festejos por el 150\u00ba aniversario de Ezpeleta, que se llevar\u00e1n a cabo este domingo 27 de noviembre durante toda la jornada, que contar\u00e1n con una feria de emprendedores y de gastronom\u00eda, y con una nueva edici\u00f3n del festival Somos Quilmes, que tendr\u00e1 un cierre a puro rock con la presentaci\u00f3n de la banda quilme\u00f1a Kapanga.<\/p>\n\n\n\n<p>La celebraci\u00f3n comenzar\u00e1 a las 9, con el izamiento de la bandera en la plaza de la Estaci\u00f3n (avenida Hip\u00f3lito Yrigoyen y Carbonari). Luego, a las 10.30, se realizar\u00e1 el tradicional desfile sobre la avenida Centenario y Chile, con la participaci\u00f3n de diferentes instituciones locales. A las 13, est\u00e1 previsto un brindis con los representantes de las instituciones. Y m\u00e1s tarde, a partir de las 14, ser\u00e1 el inicio de los distintos shows del festival Somos Quilmes, que finalizar\u00e1n con la presentaci\u00f3n estelar de Kapanga.<\/p>\n\n\n\n<p>En la previa musical, subir\u00e1n al escenario ubicado en avenida San Mart\u00edn y Per\u00fa: Los Monzones; Fiesta Rock del Pa\u00eds; Danza Amambay; Sutil Encanto; Jor Rasta y Los Pe\u00f1i; Banda Sur; Salay Bolivia y Caporales de Fuerza; Los Rayos Covers; Ballet de tango EES N\u00ba 18; Eterno Novato; La Ciris de Santa Fe, y la Orquesta del Mitre Jazz Band.&nbsp;<\/p>\n\n\n\n<p>Adem\u00e1s, sobre San Mart\u00edn y Per\u00fa, desde las 13, habr\u00e1 m\u00e1s de 35 stands con la feria de emprendedores y de gastron\u00f3micos locales, y tambi\u00e9n, una exposici\u00f3n de instituciones para que puedan disfrutar los quilme\u00f1os y quilme\u00f1as que se acerquen a la actividad.<\/p>\n\n\n\n<p>El evento es organizado de forma conjunta por la Municipalidad y la Comisi\u00f3n de Festejos de Ezpeleta, con el objetivo de garantizar la implementaci\u00f3n de los protocolos de seguridad, fiscalizaci\u00f3n y limpieza correspondientes.<\/p>\n","protected":false},"excerpt":{"rendered":"<p>&nbsp;El Municipio de Quilmes invita a los vecinos y vecinas a ser parte de los festejos por el 150\u00ba aniversario de Ezpeleta, que se llevar\u00e1n a cabo este domingo 27 de noviembre durante toda la jornada, que contar\u00e1n con una feria de emprendedores y de gastronom\u00eda, y con una nueva edici\u00f3n del festival Somos Quilmes,&#8230;<\/p>\n","protected":false},"author":2,"featured_media":15198,"comment_status":"open","ping_status":"open","sticky":false,"template":"","format":"standard","meta":{"footnotes":""},"categories":[4],"tags":[],"class_list":["post-15197","post","type-post","status-publish","format-standard","has-post-thumbnail","hentry","category-quilmes"],"featured_image_src":"https:\/\/diarioprincipios.com\/wp-content\/uploads\/2022\/11\/expe.jpeg","blog_images":{"medium":"https:\/\/diarioprincipios.com\/wp-content\/uploads\/2022\/11\/expe-300x151.jpeg","large":"https:\/\/diarioprincipios.com\/wp-content\/uploads\/2022\/11\/expe.jpeg"},"ams_acf":[],"yoast_head":"<!-- This site is optimized with the Yoast SEO plugin v27.3 - https:\/\/yoast.com\/product\/yoast-seo-wordpress\/ -->\n<title>El domingo Ezpeleta celebrar\u00e1 150 a\u00f1os con una gran fiesta, desfile y el cierre de Kapanga - Principios<\/title>\n<meta name=\"robots\" content=\"index, follow, max-snippet:-1, max-image-preview:large, max-video-preview:-1\" \/>\n<link rel=\"canonical\" href=\"https:\/\/diarioprincipios.com\/index.php\/2022\/11\/23\/el-domingo-ezpeleta-celebrara-150-anos-con-una-gran-fiesta-desfile-y-el-cierre-de-kapanga\/\" \/>\n<meta property=\"og:locale\" content=\"es_ES\" \/>\n<meta property=\"og:type\" content=\"article\" \/>\n<meta property=\"og:title\" content=\"El domingo Ezpeleta celebrar\u00e1 150 a\u00f1os con una gran fiesta, desfile y el cierre de Kapanga - Principios\" \/>\n<meta property=\"og:description\" content=\"&nbsp;El Municipio de Quilmes invita a los vecinos y vecinas a ser parte de los festejos por el 150\u00ba aniversario de Ezpeleta, que se llevar\u00e1n a cabo este domingo 27 de noviembre durante toda la jornada, que contar\u00e1n con una feria de emprendedores y de gastronom\u00eda, y con una nueva edici\u00f3n del festival Somos Quilmes,...\" \/>\n<meta property=\"og:url\" content=\"https:\/\/diarioprincipios.com\/index.php\/2022\/11\/23\/el-domingo-ezpeleta-celebrara-150-anos-con-una-gran-fiesta-desfile-y-el-cierre-de-kapanga\/\" \/>\n<meta property=\"og:site_name\" content=\"Principios\" \/>\n<meta property=\"article:published_time\" content=\"2022-11-24T00:51:06+00:00\" \/>\n<meta property=\"article:modified_time\" content=\"2022-11-30T05:52:53+00:00\" \/>\n<meta property=\"og:image\" content=\"https:\/\/diarioprincipios.com\/wp-content\/uploads\/2022\/11\/expe.jpeg\" \/>\n\t<meta property=\"og:image:width\" content=\"817\" \/>\n\t<meta property=\"og:image:height\" content=\"410\" \/>\n\t<meta property=\"og:image:type\" content=\"image\/jpeg\" \/>\n<meta name=\"author\" content=\"Hern\u00e1n L\u00f3pez\" \/>\n<meta name=\"twitter:card\" content=\"summary_large_image\" \/>\n<meta name=\"twitter:label1\" content=\"Escrito por\" \/>\n\t<meta name=\"twitter:data1\" content=\"Hern\u00e1n L\u00f3pez\" \/>\n\t<meta name=\"twitter:label2\" content=\"Tiempo de lectura\" \/>\n\t<meta name=\"twitter:data2\" content=\"2 minutos\" \/>\n<script type=\"application\/ld+json\" class=\"yoast-schema-graph\">{\"@context\":\"https:\\\/\\\/schema.org\",\"@graph\":[{\"@type\":\"Article\",\"@id\":\"https:\\\/\\\/diarioprincipios.com\\\/index.php\\\/2022\\\/11\\\/23\\\/el-domingo-ezpeleta-celebrara-150-anos-con-una-gran-fiesta-desfile-y-el-cierre-de-kapanga\\\/#article\",\"isPartOf\":{\"@id\":\"https:\\\/\\\/diarioprincipios.com\\\/index.php\\\/2022\\\/11\\\/23\\\/el-domingo-ezpeleta-celebrara-150-anos-con-una-gran-fiesta-desfile-y-el-cierre-de-kapanga\\\/\"},\"author\":{\"name\":\"Hern\u00e1n L\u00f3pez\",\"@id\":\"https:\\\/\\\/diarioprincipios.com\\\/#\\\/schema\\\/person\\\/436d5a1fd41a5e250e23ff5a6a7cb080\"},\"headline\":\"El domingo Ezpeleta celebrar\u00e1 150 a\u00f1os con una gran fiesta, desfile y el cierre de Kapanga\",\"datePublished\":\"2022-11-24T00:51:06+00:00\",\"dateModified\":\"2022-11-30T05:52:53+00:00\",\"mainEntityOfPage\":{\"@id\":\"https:\\\/\\\/diarioprincipios.com\\\/index.php\\\/2022\\\/11\\\/23\\\/el-domingo-ezpeleta-celebrara-150-anos-con-una-gran-fiesta-desfile-y-el-cierre-de-kapanga\\\/\"},\"wordCount\":328,\"commentCount\":0,\"publisher\":{\"@id\":\"https:\\\/\\\/diarioprincipios.com\\\/#organization\"},\"image\":{\"@id\":\"https:\\\/\\\/diarioprincipios.com\\\/index.php\\\/2022\\\/11\\\/23\\\/el-domingo-ezpeleta-celebrara-150-anos-con-una-gran-fiesta-desfile-y-el-cierre-de-kapanga\\\/#primaryimage\"},\"thumbnailUrl\":\"https:\\\/\\\/diarioprincipios.com\\\/wp-content\\\/uploads\\\/2022\\\/11\\\/expe.jpeg\",\"articleSection\":[\"Quilmes\"],\"inLanguage\":\"es\",\"potentialAction\":[{\"@type\":\"CommentAction\",\"name\":\"Comment\",\"target\":[\"https:\\\/\\\/diarioprincipios.com\\\/index.php\\\/2022\\\/11\\\/23\\\/el-domingo-ezpeleta-celebrara-150-anos-con-una-gran-fiesta-desfile-y-el-cierre-de-kapanga\\\/#respond\"]}]},{\"@type\":\"WebPage\",\"@id\":\"https:\\\/\\\/diarioprincipios.com\\\/index.php\\\/2022\\\/11\\\/23\\\/el-domingo-ezpeleta-celebrara-150-anos-con-una-gran-fiesta-desfile-y-el-cierre-de-kapanga\\\/\",\"url\":\"https:\\\/\\\/diarioprincipios.com\\\/index.php\\\/2022\\\/11\\\/23\\\/el-domingo-ezpeleta-celebrara-150-anos-con-una-gran-fiesta-desfile-y-el-cierre-de-kapanga\\\/\",\"name\":\"El domingo Ezpeleta celebrar\u00e1 150 a\u00f1os con una gran fiesta, desfile y el cierre de Kapanga - Principios\",\"isPartOf\":{\"@id\":\"https:\\\/\\\/diarioprincipios.com\\\/#website\"},\"primaryImageOfPage\":{\"@id\":\"https:\\\/\\\/diarioprincipios.com\\\/index.php\\\/2022\\\/11\\\/23\\\/el-domingo-ezpeleta-celebrara-150-anos-con-una-gran-fiesta-desfile-y-el-cierre-de-kapanga\\\/#primaryimage\"},\"image\":{\"@id\":\"https:\\\/\\\/diarioprincipios.com\\\/index.php\\\/2022\\\/11\\\/23\\\/el-domingo-ezpeleta-celebrara-150-anos-con-una-gran-fiesta-desfile-y-el-cierre-de-kapanga\\\/#primaryimage\"},\"thumbnailUrl\":\"https:\\\/\\\/diarioprincipios.com\\\/wp-content\\\/uploads\\\/2022\\\/11\\\/expe.jpeg\",\"datePublished\":\"2022-11-24T00:51:06+00:00\",\"dateModified\":\"2022-11-30T05:52:53+00:00\",\"breadcrumb\":{\"@id\":\"https:\\\/\\\/diarioprincipios.com\\\/index.php\\\/2022\\\/11\\\/23\\\/el-domingo-ezpeleta-celebrara-150-anos-con-una-gran-fiesta-desfile-y-el-cierre-de-kapanga\\\/#breadcrumb\"},\"inLanguage\":\"es\",\"potentialAction\":[{\"@type\":\"ReadAction\",\"target\":[\"https:\\\/\\\/diarioprincipios.com\\\/index.php\\\/2022\\\/11\\\/23\\\/el-domingo-ezpeleta-celebrara-150-anos-con-una-gran-fiesta-desfile-y-el-cierre-de-kapanga\\\/\"]}]},{\"@type\":\"ImageObject\",\"inLanguage\":\"es\",\"@id\":\"https:\\\/\\\/diarioprincipios.com\\\/index.php\\\/2022\\\/11\\\/23\\\/el-domingo-ezpeleta-celebrara-150-anos-con-una-gran-fiesta-desfile-y-el-cierre-de-kapanga\\\/#primaryimage\",\"url\":\"https:\\\/\\\/diarioprincipios.com\\\/wp-content\\\/uploads\\\/2022\\\/11\\\/expe.jpeg\",\"contentUrl\":\"https:\\\/\\\/diarioprincipios.com\\\/wp-content\\\/uploads\\\/2022\\\/11\\\/expe.jpeg\",\"width\":817,\"height\":410},{\"@type\":\"BreadcrumbList\",\"@id\":\"https:\\\/\\\/diarioprincipios.com\\\/index.php\\\/2022\\\/11\\\/23\\\/el-domingo-ezpeleta-celebrara-150-anos-con-una-gran-fiesta-desfile-y-el-cierre-de-kapanga\\\/#breadcrumb\",\"itemListElement\":[{\"@type\":\"ListItem\",\"position\":1,\"name\":\"Portada\",\"item\":\"https:\\\/\\\/diarioprincipios.com\\\/\"},{\"@type\":\"ListItem\",\"position\":2,\"name\":\"El domingo Ezpeleta celebrar\u00e1 150 a\u00f1os con una gran fiesta, desfile y el cierre de Kapanga\"}]},{\"@type\":\"WebSite\",\"@id\":\"https:\\\/\\\/diarioprincipios.com\\\/#website\",\"url\":\"https:\\\/\\\/diarioprincipios.com\\\/\",\"name\":\"Principios\",\"description\":\"Principios Diario\",\"publisher\":{\"@id\":\"https:\\\/\\\/diarioprincipios.com\\\/#organization\"},\"potentialAction\":[{\"@type\":\"SearchAction\",\"target\":{\"@type\":\"EntryPoint\",\"urlTemplate\":\"https:\\\/\\\/diarioprincipios.com\\\/?s={search_term_string}\"},\"query-input\":{\"@type\":\"PropertyValueSpecification\",\"valueRequired\":true,\"valueName\":\"search_term_string\"}}],\"inLanguage\":\"es\"},{\"@type\":\"Organization\",\"@id\":\"https:\\\/\\\/diarioprincipios.com\\\/#organization\",\"name\":\"Principios\",\"url\":\"https:\\\/\\\/diarioprincipios.com\\\/\",\"logo\":{\"@type\":\"ImageObject\",\"inLanguage\":\"es\",\"@id\":\"https:\\\/\\\/diarioprincipios.com\\\/#\\\/schema\\\/logo\\\/image\\\/\",\"url\":\"https:\\\/\\\/diarioprincipios.com\\\/wp-content\\\/uploads\\\/2024\\\/04\\\/cropped-www.diarioprincipios.com_-1.png\",\"contentUrl\":\"https:\\\/\\\/diarioprincipios.com\\\/wp-content\\\/uploads\\\/2024\\\/04\\\/cropped-www.diarioprincipios.com_-1.png\",\"width\":5325,\"height\":1454,\"caption\":\"Principios\"},\"image\":{\"@id\":\"https:\\\/\\\/diarioprincipios.com\\\/#\\\/schema\\\/logo\\\/image\\\/\"}},{\"@type\":\"Person\",\"@id\":\"https:\\\/\\\/diarioprincipios.com\\\/#\\\/schema\\\/person\\\/436d5a1fd41a5e250e23ff5a6a7cb080\",\"name\":\"Hern\u00e1n L\u00f3pez\",\"image\":{\"@type\":\"ImageObject\",\"inLanguage\":\"es\",\"@id\":\"https:\\\/\\\/diarioprincipios.com\\\/wp-content\\\/litespeed\\\/avatar\\\/11ddfe5610ff3bd100522525b2571f48.jpg?ver=1777048341\",\"url\":\"https:\\\/\\\/diarioprincipios.com\\\/wp-content\\\/litespeed\\\/avatar\\\/11ddfe5610ff3bd100522525b2571f48.jpg?ver=1777048341\",\"contentUrl\":\"https:\\\/\\\/diarioprincipios.com\\\/wp-content\\\/litespeed\\\/avatar\\\/11ddfe5610ff3bd100522525b2571f48.jpg?ver=1777048341\",\"caption\":\"Hern\u00e1n L\u00f3pez\"},\"url\":\"https:\\\/\\\/diarioprincipios.com\\\/index.php\\\/author\\\/hernan\\\/\"}]}<\/script>\n<!-- \/ Yoast SEO plugin. -->","yoast_head_json":{"title":"El domingo Ezpeleta celebrar\u00e1 150 a\u00f1os con una gran fiesta, desfile y el cierre de Kapanga - Principios","robots":{"index":"index","follow":"follow","max-snippet":"max-snippet:-1","max-image-preview":"max-image-preview:large","max-video-preview":"max-video-preview:-1"},"canonical":"https:\/\/diarioprincipios.com\/index.php\/2022\/11\/23\/el-domingo-ezpeleta-celebrara-150-anos-con-una-gran-fiesta-desfile-y-el-cierre-de-kapanga\/","og_locale":"es_ES","og_type":"article","og_title":"El domingo Ezpeleta celebrar\u00e1 150 a\u00f1os con una gran fiesta, desfile y el cierre de Kapanga - Principios","og_description":"&nbsp;El Municipio de Quilmes invita a los vecinos y vecinas a ser parte de los festejos por el 150\u00ba aniversario de Ezpeleta, que se llevar\u00e1n a cabo este domingo 27 de noviembre durante toda la jornada, que contar\u00e1n con una feria de emprendedores y de gastronom\u00eda, y con una nueva edici\u00f3n del festival Somos Quilmes,...","og_url":"https:\/\/diarioprincipios.com\/index.php\/2022\/11\/23\/el-domingo-ezpeleta-celebrara-150-anos-con-una-gran-fiesta-desfile-y-el-cierre-de-kapanga\/","og_site_name":"Principios","article_published_time":"2022-11-24T00:51:06+00:00","article_modified_time":"2022-11-30T05:52:53+00:00","og_image":[{"width":817,"height":410,"url":"https:\/\/diarioprincipios.com\/wp-content\/uploads\/2022\/11\/expe.jpeg","type":"image\/jpeg"}],"author":"Hern\u00e1n L\u00f3pez","twitter_card":"summary_large_image","twitter_misc":{"Escrito por":"Hern\u00e1n L\u00f3pez","Tiempo de lectura":"2 minutos"},"schema":{"@context":"https:\/\/schema.org","@graph":[{"@type":"Article","@id":"https:\/\/diarioprincipios.com\/index.php\/2022\/11\/23\/el-domingo-ezpeleta-celebrara-150-anos-con-una-gran-fiesta-desfile-y-el-cierre-de-kapanga\/#article","isPartOf":{"@id":"https:\/\/diarioprincipios.com\/index.php\/2022\/11\/23\/el-domingo-ezpeleta-celebrara-150-anos-con-una-gran-fiesta-desfile-y-el-cierre-de-kapanga\/"},"author":{"name":"Hern\u00e1n L\u00f3pez","@id":"https:\/\/diarioprincipios.com\/#\/schema\/person\/436d5a1fd41a5e250e23ff5a6a7cb080"},"headline":"El domingo Ezpeleta celebrar\u00e1 150 a\u00f1os con una gran fiesta, desfile y el cierre de Kapanga","datePublished":"2022-11-24T00:51:06+00:00","dateModified":"2022-11-30T05:52:53+00:00","mainEntityOfPage":{"@id":"https:\/\/diarioprincipios.com\/index.php\/2022\/11\/23\/el-domingo-ezpeleta-celebrara-150-anos-con-una-gran-fiesta-desfile-y-el-cierre-de-kapanga\/"},"wordCount":328,"commentCount":0,"publisher":{"@id":"https:\/\/diarioprincipios.com\/#organization"},"image":{"@id":"https:\/\/diarioprincipios.com\/index.php\/2022\/11\/23\/el-domingo-ezpeleta-celebrara-150-anos-con-una-gran-fiesta-desfile-y-el-cierre-de-kapanga\/#primaryimage"},"thumbnailUrl":"https:\/\/diarioprincipios.com\/wp-content\/uploads\/2022\/11\/expe.jpeg","articleSection":["Quilmes"],"inLanguage":"es","potentialAction":[{"@type":"CommentAction","name":"Comment","target":["https:\/\/diarioprincipios.com\/index.php\/2022\/11\/23\/el-domingo-ezpeleta-celebrara-150-anos-con-una-gran-fiesta-desfile-y-el-cierre-de-kapanga\/#respond"]}]},{"@type":"WebPage","@id":"https:\/\/diarioprincipios.com\/index.php\/2022\/11\/23\/el-domingo-ezpeleta-celebrara-150-anos-con-una-gran-fiesta-desfile-y-el-cierre-de-kapanga\/","url":"https:\/\/diarioprincipios.com\/index.php\/2022\/11\/23\/el-domingo-ezpeleta-celebrara-150-anos-con-una-gran-fiesta-desfile-y-el-cierre-de-kapanga\/","name":"El domingo Ezpeleta celebrar\u00e1 150 a\u00f1os con una gran fiesta, desfile y el cierre de Kapanga - Principios","isPartOf":{"@id":"https:\/\/diarioprincipios.com\/#website"},"primaryImageOfPage":{"@id":"https:\/\/diarioprincipios.com\/index.php\/2022\/11\/23\/el-domingo-ezpeleta-celebrara-150-anos-con-una-gran-fiesta-desfile-y-el-cierre-de-kapanga\/#primaryimage"},"image":{"@id":"https:\/\/diarioprincipios.com\/index.php\/2022\/11\/23\/el-domingo-ezpeleta-celebrara-150-anos-con-una-gran-fiesta-desfile-y-el-cierre-de-kapanga\/#primaryimage"},"thumbnailUrl":"https:\/\/diarioprincipios.com\/wp-content\/uploads\/2022\/11\/expe.jpeg","datePublished":"2022-11-24T00:51:06+00:00","dateModified":"2022-11-30T05:52:53+00:00","breadcrumb":{"@id":"https:\/\/diarioprincipios.com\/index.php\/2022\/11\/23\/el-domingo-ezpeleta-celebrara-150-anos-con-una-gran-fiesta-desfile-y-el-cierre-de-kapanga\/#breadcrumb"},"inLanguage":"es","potentialAction":[{"@type":"ReadAction","target":["https:\/\/diarioprincipios.com\/index.php\/2022\/11\/23\/el-domingo-ezpeleta-celebrara-150-anos-con-una-gran-fiesta-desfile-y-el-cierre-de-kapanga\/"]}]},{"@type":"ImageObject","inLanguage":"es","@id":"https:\/\/diarioprincipios.com\/index.php\/2022\/11\/23\/el-domingo-ezpeleta-celebrara-150-anos-con-una-gran-fiesta-desfile-y-el-cierre-de-kapanga\/#primaryimage","url":"https:\/\/diarioprincipios.com\/wp-content\/uploads\/2022\/11\/expe.jpeg","contentUrl":"https:\/\/diarioprincipios.com\/wp-content\/uploads\/2022\/11\/expe.jpeg","width":817,"height":410},{"@type":"BreadcrumbList","@id":"https:\/\/diarioprincipios.com\/index.php\/2022\/11\/23\/el-domingo-ezpeleta-celebrara-150-anos-con-una-gran-fiesta-desfile-y-el-cierre-de-kapanga\/#breadcrumb","itemListElement":[{"@type":"ListItem","position":1,"name":"Portada","item":"https:\/\/diarioprincipios.com\/"},{"@type":"ListItem","position":2,"name":"El domingo Ezpeleta celebrar\u00e1 150 a\u00f1os con una gran fiesta, desfile y el cierre de Kapanga"}]},{"@type":"WebSite","@id":"https:\/\/diarioprincipios.com\/#website","url":"https:\/\/diarioprincipios.com\/","name":"Principios","description":"Principios Diario","publisher":{"@id":"https:\/\/diarioprincipios.com\/#organization"},"potentialAction":[{"@type":"SearchAction","target":{"@type":"EntryPoint","urlTemplate":"https:\/\/diarioprincipios.com\/?s={search_term_string}"},"query-input":{"@type":"PropertyValueSpecification","valueRequired":true,"valueName":"search_term_string"}}],"inLanguage":"es"},{"@type":"Organization","@id":"https:\/\/diarioprincipios.com\/#organization","name":"Principios","url":"https:\/\/diarioprincipios.com\/","logo":{"@type":"ImageObject","inLanguage":"es","@id":"https:\/\/diarioprincipios.com\/#\/schema\/logo\/image\/","url":"https:\/\/diarioprincipios.com\/wp-content\/uploads\/2024\/04\/cropped-www.diarioprincipios.com_-1.png","contentUrl":"https:\/\/diarioprincipios.com\/wp-content\/uploads\/2024\/04\/cropped-www.diarioprincipios.com_-1.png","width":5325,"height":1454,"caption":"Principios"},"image":{"@id":"https:\/\/diarioprincipios.com\/#\/schema\/logo\/image\/"}},{"@type":"Person","@id":"https:\/\/diarioprincipios.com\/#\/schema\/person\/436d5a1fd41a5e250e23ff5a6a7cb080","name":"Hern\u00e1n L\u00f3pez","image":{"@type":"ImageObject","inLanguage":"es","@id":"https:\/\/diarioprincipios.com\/wp-content\/litespeed\/avatar\/11ddfe5610ff3bd100522525b2571f48.jpg?ver=1777048341","url":"https:\/\/diarioprincipios.com\/wp-content\/litespeed\/avatar\/11ddfe5610ff3bd100522525b2571f48.jpg?ver=1777048341","contentUrl":"https:\/\/diarioprincipios.com\/wp-content\/litespeed\/avatar\/11ddfe5610ff3bd100522525b2571f48.jpg?ver=1777048341","caption":"Hern\u00e1n L\u00f3pez"},"url":"https:\/\/diarioprincipios.com\/index.php\/author\/hernan\/"}]}},"jetpack_featured_media_url":"https:\/\/diarioprincipios.com\/wp-content\/uploads\/2022\/11\/expe.jpeg","_links":{"self":[{"href":"https:\/\/diarioprincipios.com\/index.php\/wp-json\/wp\/v2\/posts\/15197","targetHints":{"allow":["GET"]}}],"collection":[{"href":"https:\/\/diarioprincipios.com\/index.php\/wp-json\/wp\/v2\/posts"}],"about":[{"href":"https:\/\/diarioprincipios.com\/index.php\/wp-json\/wp\/v2\/types\/post"}],"author":[{"embeddable":true,"href":"https:\/\/diarioprincipios.com\/index.php\/wp-json\/wp\/v2\/users\/2"}],"replies":[{"embeddable":true,"href":"https:\/\/diarioprincipios.com\/index.php\/wp-json\/wp\/v2\/comments?post=15197"}],"version-history":[{"count":1,"href":"https:\/\/diarioprincipios.com\/index.php\/wp-json\/wp\/v2\/posts\/15197\/revisions"}],"predecessor-version":[{"id":15199,"href":"https:\/\/diarioprincipios.com\/index.php\/wp-json\/wp\/v2\/posts\/15197\/revisions\/15199"}],"wp:featuredmedia":[{"embeddable":true,"href":"https:\/\/diarioprincipios.com\/index.php\/wp-json\/wp\/v2\/media\/15198"}],"wp:attachment":[{"href":"https:\/\/diarioprincipios.com\/index.php\/wp-json\/wp\/v2\/media?parent=15197"}],"wp:term":[{"taxonomy":"category","embeddable":true,"href":"https:\/\/diarioprincipios.com\/index.php\/wp-json\/wp\/v2\/categories?post=15197"},{"taxonomy":"post_tag","embeddable":true,"href":"https:\/\/diarioprincipios.com\/index.php\/wp-json\/wp\/v2\/tags?post=15197"}],"curies":[{"name":"wp","href":"https:\/\/api.w.org\/{rel}","templated":true}]}}