{"id":15186,"date":"2022-11-23T15:14:06","date_gmt":"2022-11-23T18:14:06","guid":{"rendered":"http:\/\/diarioprincipios.com\/?p=15186"},"modified":"2022-11-30T02:52:42","modified_gmt":"2022-11-30T05:52:42","slug":"entregaron-equipamiento-para-15-establecimientos-educativos","status":"publish","type":"post","link":"https:\/\/diarioprincipios.com\/index.php\/2022\/11\/23\/entregaron-equipamiento-para-15-establecimientos-educativos\/","title":{"rendered":"Entregaron equipamiento para 15 establecimientos educativos"},"content":{"rendered":"\n<p><strong>Se llev\u00f3 a cabo la entrega de equipamiento para 15 establecimientos educativos de Berazategui. Tambi\u00e9n fueron beneficiadas la Secretar\u00eda de Asuntos Docentes (SAD), la Jefatura Distrital y la Direcci\u00f3n Provincial de Infraestructura Escolar (DPIE). Del acto, que fue encabezado por el intendente Juan Jos\u00e9 Mussi, participaron el secretario municipal de Cultura y Educaci\u00f3n, Federico L\u00f3pez; el presidente del Consejo Escolar local; Fernando Cardozo y la inspectora Jefa Distrital, M\u00f3nica Vitta.<\/strong><\/p>\n\n\n\n<p>Fueron favorecidos los Jardines de Infantes N\u00ba 913, 916 y 947, las Primarias N\u00ba 3, 4, 7, 32 y 38, las Secundarias N\u00ba 5, 7, 18, 25, 26 y 43, adem\u00e1s del Centro de Formaci\u00f3n Integral N\u00ba 1. Recibieron cocinas industriales, heladeras, termotanques, pavas el\u00e9ctricas y anafes. En tanto, la Secretar\u00eda de Asuntos Docentes, la Jefatura Distrital y la Direcci\u00f3n Provincial de Infraestructura Escolar fueron adjudicatarias de computadoras de escritorio y netbooks.<\/p>\n\n\n\n<figure class=\"wp-block-image size-large\"><img loading=\"lazy\" decoding=\"async\" width=\"1024\" height=\"683\" src=\"https:\/\/diarioprincipios.com\/wp-content\/uploads\/2022\/11\/ENTREGARON-EQUIPAMIENTO-A-INSTITUCIONES-EDUCATIVAS-DE-BERAZATEGUI-5-2-1024x683.jpg\" alt=\"\" class=\"wp-image-15187\" srcset=\"https:\/\/diarioprincipios.com\/wp-content\/uploads\/2022\/11\/ENTREGARON-EQUIPAMIENTO-A-INSTITUCIONES-EDUCATIVAS-DE-BERAZATEGUI-5-2-1024x683.jpg 1024w, https:\/\/diarioprincipios.com\/wp-content\/uploads\/2022\/11\/ENTREGARON-EQUIPAMIENTO-A-INSTITUCIONES-EDUCATIVAS-DE-BERAZATEGUI-5-2-300x200.jpg 300w, https:\/\/diarioprincipios.com\/wp-content\/uploads\/2022\/11\/ENTREGARON-EQUIPAMIENTO-A-INSTITUCIONES-EDUCATIVAS-DE-BERAZATEGUI-5-2-768x512.jpg 768w, https:\/\/diarioprincipios.com\/wp-content\/uploads\/2022\/11\/ENTREGARON-EQUIPAMIENTO-A-INSTITUCIONES-EDUCATIVAS-DE-BERAZATEGUI-5-2-1536x1024.jpg 1536w, https:\/\/diarioprincipios.com\/wp-content\/uploads\/2022\/11\/ENTREGARON-EQUIPAMIENTO-A-INSTITUCIONES-EDUCATIVAS-DE-BERAZATEGUI-5-2.jpg 1920w\" sizes=\"auto, (max-width: 1024px) 100vw, 1024px\" \/><\/figure>\n\n\n\n<p>Durante la entrega, Mussi destac\u00f3: \u201cEs la sexta entrega de elementos que organizamos este 2022, porque valoramos much\u00edsimo el esfuerzo que se hace desde la educaci\u00f3n p\u00fablica y porque queremos agradecerles todo el trabajo que realizan a lo largo del a\u00f1o. Creemos que el 2023 volver\u00e1 a ser un a\u00f1o importante en materia de inversi\u00f3n en infraestructura escolar\u201d.<\/p>\n\n\n\n<p>Por su parte, M\u00f3nica Vitta resalt\u00f3 que \u201cestamos muy felices y agradecidos con el intendente Mussi. Todo este equipamiento es necesario para las labores y tareas cotidianas en cada establecimiento, que incluyen la atenci\u00f3n administrativa, el cuidado de los chicos, brindar un buen servicio alimentario y mejorar las condiciones de trabajo de docentes y auxiliares en general\u201d.<\/p>\n\n\n\n<figure class=\"wp-block-image size-large\"><img loading=\"lazy\" decoding=\"async\" width=\"1024\" height=\"683\" src=\"https:\/\/diarioprincipios.com\/wp-content\/uploads\/2022\/11\/ENTREGARON-EQUIPAMIENTO-A-INSTITUCIONES-EDUCATIVAS-DE-BERAZATEGUI-4-1-1024x683.jpg\" alt=\"\" class=\"wp-image-15188\" srcset=\"https:\/\/diarioprincipios.com\/wp-content\/uploads\/2022\/11\/ENTREGARON-EQUIPAMIENTO-A-INSTITUCIONES-EDUCATIVAS-DE-BERAZATEGUI-4-1-1024x683.jpg 1024w, https:\/\/diarioprincipios.com\/wp-content\/uploads\/2022\/11\/ENTREGARON-EQUIPAMIENTO-A-INSTITUCIONES-EDUCATIVAS-DE-BERAZATEGUI-4-1-300x200.jpg 300w, https:\/\/diarioprincipios.com\/wp-content\/uploads\/2022\/11\/ENTREGARON-EQUIPAMIENTO-A-INSTITUCIONES-EDUCATIVAS-DE-BERAZATEGUI-4-1-768x512.jpg 768w, https:\/\/diarioprincipios.com\/wp-content\/uploads\/2022\/11\/ENTREGARON-EQUIPAMIENTO-A-INSTITUCIONES-EDUCATIVAS-DE-BERAZATEGUI-4-1-1536x1024.jpg 1536w, https:\/\/diarioprincipios.com\/wp-content\/uploads\/2022\/11\/ENTREGARON-EQUIPAMIENTO-A-INSTITUCIONES-EDUCATIVAS-DE-BERAZATEGUI-4-1.jpg 1920w\" sizes=\"auto, (max-width: 1024px) 100vw, 1024px\" \/><\/figure>\n\n\n\n<p>En tanto, Lidia Camilletti -directora de la Secundaria N\u00ba 26- inform\u00f3: \u201cNuestra escuela en particular heladera con freezer, que nos va a permitir garantizar el refrigerio, el desayuno y la merienda de nuestros estudiantes. La educaci\u00f3n p\u00fablica en Berazategui es excelente, porque contamos con el apoyo permanente del Intendente y del Consejo Escolar\u201d.<\/p>\n","protected":false},"excerpt":{"rendered":"<p>Se llev\u00f3 a cabo la entrega de equipamiento para 15 establecimientos educativos de Berazategui. Tambi\u00e9n fueron beneficiadas la Secretar\u00eda de Asuntos Docentes (SAD), la Jefatura Distrital y la Direcci\u00f3n Provincial de Infraestructura Escolar (DPIE). Del acto, que fue encabezado por el intendente Juan Jos\u00e9 Mussi, participaron el secretario municipal de Cultura y Educaci\u00f3n, Federico L\u00f3pez;&#8230;<\/p>\n","protected":false},"author":2,"featured_media":15189,"comment_status":"open","ping_status":"open","sticky":false,"template":"","format":"standard","meta":{"footnotes":""},"categories":[3],"tags":[],"class_list":["post-15186","post","type-post","status-publish","format-standard","has-post-thumbnail","hentry","category-berazategui"],"featured_image_src":"https:\/\/diarioprincipios.com\/wp-content\/uploads\/2022\/11\/ENTREGARON-EQUIPAMIENTO-A-INSTITUCIONES-EDUCATIVAS-DE-BERAZATEGUI-1-1-1024x683.jpg","blog_images":{"medium":"https:\/\/diarioprincipios.com\/wp-content\/uploads\/2022\/11\/ENTREGARON-EQUIPAMIENTO-A-INSTITUCIONES-EDUCATIVAS-DE-BERAZATEGUI-1-1-300x200.jpg","large":"https:\/\/diarioprincipios.com\/wp-content\/uploads\/2022\/11\/ENTREGARON-EQUIPAMIENTO-A-INSTITUCIONES-EDUCATIVAS-DE-BERAZATEGUI-1-1-1024x683.jpg"},"ams_acf":[],"yoast_head":"<!-- This site is optimized with the Yoast SEO plugin v27.3 - https:\/\/yoast.com\/product\/yoast-seo-wordpress\/ -->\n<title>Entregaron equipamiento para 15 establecimientos educativos - Principios<\/title>\n<meta name=\"robots\" content=\"index, follow, max-snippet:-1, max-image-preview:large, max-video-preview:-1\" \/>\n<link rel=\"canonical\" href=\"https:\/\/diarioprincipios.com\/index.php\/2022\/11\/23\/entregaron-equipamiento-para-15-establecimientos-educativos\/\" \/>\n<meta property=\"og:locale\" content=\"es_ES\" \/>\n<meta property=\"og:type\" content=\"article\" \/>\n<meta property=\"og:title\" content=\"Entregaron equipamiento para 15 establecimientos educativos - Principios\" \/>\n<meta property=\"og:description\" content=\"Se llev\u00f3 a cabo la entrega de equipamiento para 15 establecimientos educativos de Berazategui. Tambi\u00e9n fueron beneficiadas la Secretar\u00eda de Asuntos Docentes (SAD), la Jefatura Distrital y la Direcci\u00f3n Provincial de Infraestructura Escolar (DPIE). Del acto, que fue encabezado por el intendente Juan Jos\u00e9 Mussi, participaron el secretario municipal de Cultura y Educaci\u00f3n, Federico L\u00f3pez;...\" \/>\n<meta property=\"og:url\" content=\"https:\/\/diarioprincipios.com\/index.php\/2022\/11\/23\/entregaron-equipamiento-para-15-establecimientos-educativos\/\" \/>\n<meta property=\"og:site_name\" content=\"Principios\" \/>\n<meta property=\"article:published_time\" content=\"2022-11-23T18:14:06+00:00\" \/>\n<meta property=\"article:modified_time\" content=\"2022-11-30T05:52:42+00:00\" \/>\n<meta property=\"og:image\" content=\"https:\/\/diarioprincipios.com\/wp-content\/uploads\/2022\/11\/ENTREGARON-EQUIPAMIENTO-A-INSTITUCIONES-EDUCATIVAS-DE-BERAZATEGUI-1-1.jpg\" \/>\n\t<meta property=\"og:image:width\" content=\"1920\" \/>\n\t<meta property=\"og:image:height\" content=\"1280\" \/>\n\t<meta property=\"og:image:type\" content=\"image\/jpeg\" \/>\n<meta name=\"author\" content=\"Hern\u00e1n L\u00f3pez\" \/>\n<meta name=\"twitter:card\" content=\"summary_large_image\" \/>\n<meta name=\"twitter:label1\" content=\"Escrito por\" \/>\n\t<meta name=\"twitter:data1\" content=\"Hern\u00e1n L\u00f3pez\" \/>\n\t<meta name=\"twitter:label2\" content=\"Tiempo de lectura\" \/>\n\t<meta name=\"twitter:data2\" content=\"2 minutos\" \/>\n<script type=\"application\/ld+json\" class=\"yoast-schema-graph\">{\"@context\":\"https:\\\/\\\/schema.org\",\"@graph\":[{\"@type\":\"Article\",\"@id\":\"https:\\\/\\\/diarioprincipios.com\\\/index.php\\\/2022\\\/11\\\/23\\\/entregaron-equipamiento-para-15-establecimientos-educativos\\\/#article\",\"isPartOf\":{\"@id\":\"https:\\\/\\\/diarioprincipios.com\\\/index.php\\\/2022\\\/11\\\/23\\\/entregaron-equipamiento-para-15-establecimientos-educativos\\\/\"},\"author\":{\"name\":\"Hern\u00e1n L\u00f3pez\",\"@id\":\"https:\\\/\\\/diarioprincipios.com\\\/#\\\/schema\\\/person\\\/436d5a1fd41a5e250e23ff5a6a7cb080\"},\"headline\":\"Entregaron equipamiento para 15 establecimientos educativos\",\"datePublished\":\"2022-11-23T18:14:06+00:00\",\"dateModified\":\"2022-11-30T05:52:42+00:00\",\"mainEntityOfPage\":{\"@id\":\"https:\\\/\\\/diarioprincipios.com\\\/index.php\\\/2022\\\/11\\\/23\\\/entregaron-equipamiento-para-15-establecimientos-educativos\\\/\"},\"wordCount\":318,\"commentCount\":0,\"publisher\":{\"@id\":\"https:\\\/\\\/diarioprincipios.com\\\/#organization\"},\"image\":{\"@id\":\"https:\\\/\\\/diarioprincipios.com\\\/index.php\\\/2022\\\/11\\\/23\\\/entregaron-equipamiento-para-15-establecimientos-educativos\\\/#primaryimage\"},\"thumbnailUrl\":\"https:\\\/\\\/diarioprincipios.com\\\/wp-content\\\/uploads\\\/2022\\\/11\\\/ENTREGARON-EQUIPAMIENTO-A-INSTITUCIONES-EDUCATIVAS-DE-BERAZATEGUI-1-1.jpg\",\"articleSection\":[\"Berazategui\"],\"inLanguage\":\"es\",\"potentialAction\":[{\"@type\":\"CommentAction\",\"name\":\"Comment\",\"target\":[\"https:\\\/\\\/diarioprincipios.com\\\/index.php\\\/2022\\\/11\\\/23\\\/entregaron-equipamiento-para-15-establecimientos-educativos\\\/#respond\"]}]},{\"@type\":\"WebPage\",\"@id\":\"https:\\\/\\\/diarioprincipios.com\\\/index.php\\\/2022\\\/11\\\/23\\\/entregaron-equipamiento-para-15-establecimientos-educativos\\\/\",\"url\":\"https:\\\/\\\/diarioprincipios.com\\\/index.php\\\/2022\\\/11\\\/23\\\/entregaron-equipamiento-para-15-establecimientos-educativos\\\/\",\"name\":\"Entregaron equipamiento para 15 establecimientos educativos - Principios\",\"isPartOf\":{\"@id\":\"https:\\\/\\\/diarioprincipios.com\\\/#website\"},\"primaryImageOfPage\":{\"@id\":\"https:\\\/\\\/diarioprincipios.com\\\/index.php\\\/2022\\\/11\\\/23\\\/entregaron-equipamiento-para-15-establecimientos-educativos\\\/#primaryimage\"},\"image\":{\"@id\":\"https:\\\/\\\/diarioprincipios.com\\\/index.php\\\/2022\\\/11\\\/23\\\/entregaron-equipamiento-para-15-establecimientos-educativos\\\/#primaryimage\"},\"thumbnailUrl\":\"https:\\\/\\\/diarioprincipios.com\\\/wp-content\\\/uploads\\\/2022\\\/11\\\/ENTREGARON-EQUIPAMIENTO-A-INSTITUCIONES-EDUCATIVAS-DE-BERAZATEGUI-1-1.jpg\",\"datePublished\":\"2022-11-23T18:14:06+00:00\",\"dateModified\":\"2022-11-30T05:52:42+00:00\",\"breadcrumb\":{\"@id\":\"https:\\\/\\\/diarioprincipios.com\\\/index.php\\\/2022\\\/11\\\/23\\\/entregaron-equipamiento-para-15-establecimientos-educativos\\\/#breadcrumb\"},\"inLanguage\":\"es\",\"potentialAction\":[{\"@type\":\"ReadAction\",\"target\":[\"https:\\\/\\\/diarioprincipios.com\\\/index.php\\\/2022\\\/11\\\/23\\\/entregaron-equipamiento-para-15-establecimientos-educativos\\\/\"]}]},{\"@type\":\"ImageObject\",\"inLanguage\":\"es\",\"@id\":\"https:\\\/\\\/diarioprincipios.com\\\/index.php\\\/2022\\\/11\\\/23\\\/entregaron-equipamiento-para-15-establecimientos-educativos\\\/#primaryimage\",\"url\":\"https:\\\/\\\/diarioprincipios.com\\\/wp-content\\\/uploads\\\/2022\\\/11\\\/ENTREGARON-EQUIPAMIENTO-A-INSTITUCIONES-EDUCATIVAS-DE-BERAZATEGUI-1-1.jpg\",\"contentUrl\":\"https:\\\/\\\/diarioprincipios.com\\\/wp-content\\\/uploads\\\/2022\\\/11\\\/ENTREGARON-EQUIPAMIENTO-A-INSTITUCIONES-EDUCATIVAS-DE-BERAZATEGUI-1-1.jpg\",\"width\":1920,\"height\":1280},{\"@type\":\"BreadcrumbList\",\"@id\":\"https:\\\/\\\/diarioprincipios.com\\\/index.php\\\/2022\\\/11\\\/23\\\/entregaron-equipamiento-para-15-establecimientos-educativos\\\/#breadcrumb\",\"itemListElement\":[{\"@type\":\"ListItem\",\"position\":1,\"name\":\"Portada\",\"item\":\"https:\\\/\\\/diarioprincipios.com\\\/\"},{\"@type\":\"ListItem\",\"position\":2,\"name\":\"Entregaron equipamiento para 15 establecimientos educativos\"}]},{\"@type\":\"WebSite\",\"@id\":\"https:\\\/\\\/diarioprincipios.com\\\/#website\",\"url\":\"https:\\\/\\\/diarioprincipios.com\\\/\",\"name\":\"Principios\",\"description\":\"Principios Diario\",\"publisher\":{\"@id\":\"https:\\\/\\\/diarioprincipios.com\\\/#organization\"},\"potentialAction\":[{\"@type\":\"SearchAction\",\"target\":{\"@type\":\"EntryPoint\",\"urlTemplate\":\"https:\\\/\\\/diarioprincipios.com\\\/?s={search_term_string}\"},\"query-input\":{\"@type\":\"PropertyValueSpecification\",\"valueRequired\":true,\"valueName\":\"search_term_string\"}}],\"inLanguage\":\"es\"},{\"@type\":\"Organization\",\"@id\":\"https:\\\/\\\/diarioprincipios.com\\\/#organization\",\"name\":\"Principios\",\"url\":\"https:\\\/\\\/diarioprincipios.com\\\/\",\"logo\":{\"@type\":\"ImageObject\",\"inLanguage\":\"es\",\"@id\":\"https:\\\/\\\/diarioprincipios.com\\\/#\\\/schema\\\/logo\\\/image\\\/\",\"url\":\"https:\\\/\\\/diarioprincipios.com\\\/wp-content\\\/uploads\\\/2024\\\/04\\\/cropped-www.diarioprincipios.com_-1.png\",\"contentUrl\":\"https:\\\/\\\/diarioprincipios.com\\\/wp-content\\\/uploads\\\/2024\\\/04\\\/cropped-www.diarioprincipios.com_-1.png\",\"width\":5325,\"height\":1454,\"caption\":\"Principios\"},\"image\":{\"@id\":\"https:\\\/\\\/diarioprincipios.com\\\/#\\\/schema\\\/logo\\\/image\\\/\"}},{\"@type\":\"Person\",\"@id\":\"https:\\\/\\\/diarioprincipios.com\\\/#\\\/schema\\\/person\\\/436d5a1fd41a5e250e23ff5a6a7cb080\",\"name\":\"Hern\u00e1n L\u00f3pez\",\"image\":{\"@type\":\"ImageObject\",\"inLanguage\":\"es\",\"@id\":\"https:\\\/\\\/diarioprincipios.com\\\/wp-content\\\/litespeed\\\/avatar\\\/11ddfe5610ff3bd100522525b2571f48.jpg?ver=1777048341\",\"url\":\"https:\\\/\\\/diarioprincipios.com\\\/wp-content\\\/litespeed\\\/avatar\\\/11ddfe5610ff3bd100522525b2571f48.jpg?ver=1777048341\",\"contentUrl\":\"https:\\\/\\\/diarioprincipios.com\\\/wp-content\\\/litespeed\\\/avatar\\\/11ddfe5610ff3bd100522525b2571f48.jpg?ver=1777048341\",\"caption\":\"Hern\u00e1n L\u00f3pez\"},\"url\":\"https:\\\/\\\/diarioprincipios.com\\\/index.php\\\/author\\\/hernan\\\/\"}]}<\/script>\n<!-- \/ Yoast SEO plugin. -->","yoast_head_json":{"title":"Entregaron equipamiento para 15 establecimientos educativos - Principios","robots":{"index":"index","follow":"follow","max-snippet":"max-snippet:-1","max-image-preview":"max-image-preview:large","max-video-preview":"max-video-preview:-1"},"canonical":"https:\/\/diarioprincipios.com\/index.php\/2022\/11\/23\/entregaron-equipamiento-para-15-establecimientos-educativos\/","og_locale":"es_ES","og_type":"article","og_title":"Entregaron equipamiento para 15 establecimientos educativos - Principios","og_description":"Se llev\u00f3 a cabo la entrega de equipamiento para 15 establecimientos educativos de Berazategui. Tambi\u00e9n fueron beneficiadas la Secretar\u00eda de Asuntos Docentes (SAD), la Jefatura Distrital y la Direcci\u00f3n Provincial de Infraestructura Escolar (DPIE). Del acto, que fue encabezado por el intendente Juan Jos\u00e9 Mussi, participaron el secretario municipal de Cultura y Educaci\u00f3n, Federico L\u00f3pez;...","og_url":"https:\/\/diarioprincipios.com\/index.php\/2022\/11\/23\/entregaron-equipamiento-para-15-establecimientos-educativos\/","og_site_name":"Principios","article_published_time":"2022-11-23T18:14:06+00:00","article_modified_time":"2022-11-30T05:52:42+00:00","og_image":[{"width":1920,"height":1280,"url":"https:\/\/diarioprincipios.com\/wp-content\/uploads\/2022\/11\/ENTREGARON-EQUIPAMIENTO-A-INSTITUCIONES-EDUCATIVAS-DE-BERAZATEGUI-1-1.jpg","type":"image\/jpeg"}],"author":"Hern\u00e1n L\u00f3pez","twitter_card":"summary_large_image","twitter_misc":{"Escrito por":"Hern\u00e1n L\u00f3pez","Tiempo de lectura":"2 minutos"},"schema":{"@context":"https:\/\/schema.org","@graph":[{"@type":"Article","@id":"https:\/\/diarioprincipios.com\/index.php\/2022\/11\/23\/entregaron-equipamiento-para-15-establecimientos-educativos\/#article","isPartOf":{"@id":"https:\/\/diarioprincipios.com\/index.php\/2022\/11\/23\/entregaron-equipamiento-para-15-establecimientos-educativos\/"},"author":{"name":"Hern\u00e1n L\u00f3pez","@id":"https:\/\/diarioprincipios.com\/#\/schema\/person\/436d5a1fd41a5e250e23ff5a6a7cb080"},"headline":"Entregaron equipamiento para 15 establecimientos educativos","datePublished":"2022-11-23T18:14:06+00:00","dateModified":"2022-11-30T05:52:42+00:00","mainEntityOfPage":{"@id":"https:\/\/diarioprincipios.com\/index.php\/2022\/11\/23\/entregaron-equipamiento-para-15-establecimientos-educativos\/"},"wordCount":318,"commentCount":0,"publisher":{"@id":"https:\/\/diarioprincipios.com\/#organization"},"image":{"@id":"https:\/\/diarioprincipios.com\/index.php\/2022\/11\/23\/entregaron-equipamiento-para-15-establecimientos-educativos\/#primaryimage"},"thumbnailUrl":"https:\/\/diarioprincipios.com\/wp-content\/uploads\/2022\/11\/ENTREGARON-EQUIPAMIENTO-A-INSTITUCIONES-EDUCATIVAS-DE-BERAZATEGUI-1-1.jpg","articleSection":["Berazategui"],"inLanguage":"es","potentialAction":[{"@type":"CommentAction","name":"Comment","target":["https:\/\/diarioprincipios.com\/index.php\/2022\/11\/23\/entregaron-equipamiento-para-15-establecimientos-educativos\/#respond"]}]},{"@type":"WebPage","@id":"https:\/\/diarioprincipios.com\/index.php\/2022\/11\/23\/entregaron-equipamiento-para-15-establecimientos-educativos\/","url":"https:\/\/diarioprincipios.com\/index.php\/2022\/11\/23\/entregaron-equipamiento-para-15-establecimientos-educativos\/","name":"Entregaron equipamiento para 15 establecimientos educativos - Principios","isPartOf":{"@id":"https:\/\/diarioprincipios.com\/#website"},"primaryImageOfPage":{"@id":"https:\/\/diarioprincipios.com\/index.php\/2022\/11\/23\/entregaron-equipamiento-para-15-establecimientos-educativos\/#primaryimage"},"image":{"@id":"https:\/\/diarioprincipios.com\/index.php\/2022\/11\/23\/entregaron-equipamiento-para-15-establecimientos-educativos\/#primaryimage"},"thumbnailUrl":"https:\/\/diarioprincipios.com\/wp-content\/uploads\/2022\/11\/ENTREGARON-EQUIPAMIENTO-A-INSTITUCIONES-EDUCATIVAS-DE-BERAZATEGUI-1-1.jpg","datePublished":"2022-11-23T18:14:06+00:00","dateModified":"2022-11-30T05:52:42+00:00","breadcrumb":{"@id":"https:\/\/diarioprincipios.com\/index.php\/2022\/11\/23\/entregaron-equipamiento-para-15-establecimientos-educativos\/#breadcrumb"},"inLanguage":"es","potentialAction":[{"@type":"ReadAction","target":["https:\/\/diarioprincipios.com\/index.php\/2022\/11\/23\/entregaron-equipamiento-para-15-establecimientos-educativos\/"]}]},{"@type":"ImageObject","inLanguage":"es","@id":"https:\/\/diarioprincipios.com\/index.php\/2022\/11\/23\/entregaron-equipamiento-para-15-establecimientos-educativos\/#primaryimage","url":"https:\/\/diarioprincipios.com\/wp-content\/uploads\/2022\/11\/ENTREGARON-EQUIPAMIENTO-A-INSTITUCIONES-EDUCATIVAS-DE-BERAZATEGUI-1-1.jpg","contentUrl":"https:\/\/diarioprincipios.com\/wp-content\/uploads\/2022\/11\/ENTREGARON-EQUIPAMIENTO-A-INSTITUCIONES-EDUCATIVAS-DE-BERAZATEGUI-1-1.jpg","width":1920,"height":1280},{"@type":"BreadcrumbList","@id":"https:\/\/diarioprincipios.com\/index.php\/2022\/11\/23\/entregaron-equipamiento-para-15-establecimientos-educativos\/#breadcrumb","itemListElement":[{"@type":"ListItem","position":1,"name":"Portada","item":"https:\/\/diarioprincipios.com\/"},{"@type":"ListItem","position":2,"name":"Entregaron equipamiento para 15 establecimientos educativos"}]},{"@type":"WebSite","@id":"https:\/\/diarioprincipios.com\/#website","url":"https:\/\/diarioprincipios.com\/","name":"Principios","description":"Principios Diario","publisher":{"@id":"https:\/\/diarioprincipios.com\/#organization"},"potentialAction":[{"@type":"SearchAction","target":{"@type":"EntryPoint","urlTemplate":"https:\/\/diarioprincipios.com\/?s={search_term_string}"},"query-input":{"@type":"PropertyValueSpecification","valueRequired":true,"valueName":"search_term_string"}}],"inLanguage":"es"},{"@type":"Organization","@id":"https:\/\/diarioprincipios.com\/#organization","name":"Principios","url":"https:\/\/diarioprincipios.com\/","logo":{"@type":"ImageObject","inLanguage":"es","@id":"https:\/\/diarioprincipios.com\/#\/schema\/logo\/image\/","url":"https:\/\/diarioprincipios.com\/wp-content\/uploads\/2024\/04\/cropped-www.diarioprincipios.com_-1.png","contentUrl":"https:\/\/diarioprincipios.com\/wp-content\/uploads\/2024\/04\/cropped-www.diarioprincipios.com_-1.png","width":5325,"height":1454,"caption":"Principios"},"image":{"@id":"https:\/\/diarioprincipios.com\/#\/schema\/logo\/image\/"}},{"@type":"Person","@id":"https:\/\/diarioprincipios.com\/#\/schema\/person\/436d5a1fd41a5e250e23ff5a6a7cb080","name":"Hern\u00e1n L\u00f3pez","image":{"@type":"ImageObject","inLanguage":"es","@id":"https:\/\/diarioprincipios.com\/wp-content\/litespeed\/avatar\/11ddfe5610ff3bd100522525b2571f48.jpg?ver=1777048341","url":"https:\/\/diarioprincipios.com\/wp-content\/litespeed\/avatar\/11ddfe5610ff3bd100522525b2571f48.jpg?ver=1777048341","contentUrl":"https:\/\/diarioprincipios.com\/wp-content\/litespeed\/avatar\/11ddfe5610ff3bd100522525b2571f48.jpg?ver=1777048341","caption":"Hern\u00e1n L\u00f3pez"},"url":"https:\/\/diarioprincipios.com\/index.php\/author\/hernan\/"}]}},"jetpack_featured_media_url":"https:\/\/diarioprincipios.com\/wp-content\/uploads\/2022\/11\/ENTREGARON-EQUIPAMIENTO-A-INSTITUCIONES-EDUCATIVAS-DE-BERAZATEGUI-1-1.jpg","_links":{"self":[{"href":"https:\/\/diarioprincipios.com\/index.php\/wp-json\/wp\/v2\/posts\/15186","targetHints":{"allow":["GET"]}}],"collection":[{"href":"https:\/\/diarioprincipios.com\/index.php\/wp-json\/wp\/v2\/posts"}],"about":[{"href":"https:\/\/diarioprincipios.com\/index.php\/wp-json\/wp\/v2\/types\/post"}],"author":[{"embeddable":true,"href":"https:\/\/diarioprincipios.com\/index.php\/wp-json\/wp\/v2\/users\/2"}],"replies":[{"embeddable":true,"href":"https:\/\/diarioprincipios.com\/index.php\/wp-json\/wp\/v2\/comments?post=15186"}],"version-history":[{"count":1,"href":"https:\/\/diarioprincipios.com\/index.php\/wp-json\/wp\/v2\/posts\/15186\/revisions"}],"predecessor-version":[{"id":15190,"href":"https:\/\/diarioprincipios.com\/index.php\/wp-json\/wp\/v2\/posts\/15186\/revisions\/15190"}],"wp:featuredmedia":[{"embeddable":true,"href":"https:\/\/diarioprincipios.com\/index.php\/wp-json\/wp\/v2\/media\/15189"}],"wp:attachment":[{"href":"https:\/\/diarioprincipios.com\/index.php\/wp-json\/wp\/v2\/media?parent=15186"}],"wp:term":[{"taxonomy":"category","embeddable":true,"href":"https:\/\/diarioprincipios.com\/index.php\/wp-json\/wp\/v2\/categories?post=15186"},{"taxonomy":"post_tag","embeddable":true,"href":"https:\/\/diarioprincipios.com\/index.php\/wp-json\/wp\/v2\/tags?post=15186"}],"curies":[{"name":"wp","href":"https:\/\/api.w.org\/{rel}","templated":true}]}}