{"id":15164,"date":"2022-11-20T14:21:56","date_gmt":"2022-11-20T17:21:56","guid":{"rendered":"http:\/\/diarioprincipios.com\/?p=15164"},"modified":"2022-11-30T02:52:18","modified_gmt":"2022-11-30T05:52:18","slug":"la-localidad-de-el-pato-festejo-sus-84-anos","status":"publish","type":"post","link":"https:\/\/diarioprincipios.com\/index.php\/2022\/11\/20\/la-localidad-de-el-pato-festejo-sus-84-anos\/","title":{"rendered":"La localidad de El Pato festejo sus 84 a\u00f1os"},"content":{"rendered":"\n<p><strong>Se realiz\u00f3 un gran festejo por los 84 a\u00f1os del Centro Agr\u00edcola El Pato, al que asisti\u00f3 el intendente de Berazategui, Juan Jos\u00e9 Mussi. El evento cont\u00f3 con el cl\u00e1sico desfile de instituciones, una muestra fotogr\u00e1fica hist\u00f3rica de la localidad, una feria de microemprendedores y artesanos locales, adem\u00e1s de la presentaci\u00f3n de la orquesta infantil de la Escuela Primaria N\u00ba 12 de El Pato.<\/strong><\/p>\n\n\n\n<p>En su mensaje a los presentes, Mussi subray\u00f3: \u201cEsta fiesta para los vecinos y vecinas de El Pato nos encuentra creciendo porque la localidad va camino a tener de todo\u201d.<\/p>\n\n\n\n<p>Asimismo, el Intendente detall\u00f3: \u201cEstamos poniendo en marcha el Polo Agroalimentario, realizamos obras en escuelas, mejoramos los caminos rurales y vamos a ayudar al Comedor San Jos\u00e9. Adem\u00e1s, en el pr\u00f3ximo ciclo lectivo vamos a tener una nueva escuela primaria y secundaria, y creemos que el a\u00f1o que viene comenzar\u00e1 la construcci\u00f3n del Centro C\u00edvico y Cultural de El Pato. Estamos felices por todos estos logros\u201d.<\/p>\n\n\n\n<p>Por su parte, la delegada municipal, Irma Bauche, expres\u00f3: \u201cBerazategui y El Pato son nuestro mundo, as\u00ed que para nosotros poder festejar de esta manera es una gran alegr\u00eda\u201d.<\/p>\n\n\n\n<p>A su vez, una de las vecinas de la localidad, Laura Acevedo, dijo: \u201cSoy nacida en El Pato as\u00ed que estoy muy feliz porque estamos creciendo y no perdemos nuestra identidad como Centro Agr\u00edcola\u201d.<\/p>\n\n\n\n<p>84 a\u00f1os de historia<br><br>En octubre de 1988, a trav\u00e9s de la Ordenanza Municipal N\u00b0 1674, se declar\u00f3 al 13 de noviembre como aniversario de El Pato. Esta fecha hace alusi\u00f3n al momento en que comenz\u00f3 el loteo de los terrenos de la zona, en 1938.<\/p>\n","protected":false},"excerpt":{"rendered":"<p>Se realiz\u00f3 un gran festejo por los 84 a\u00f1os del Centro Agr\u00edcola El Pato, al que asisti\u00f3 el intendente de Berazategui, Juan Jos\u00e9 Mussi. El evento cont\u00f3 con el cl\u00e1sico desfile de instituciones, una muestra fotogr\u00e1fica hist\u00f3rica de la localidad, una feria de microemprendedores y artesanos locales, adem\u00e1s de la presentaci\u00f3n de la orquesta infantil&#8230;<\/p>\n","protected":false},"author":2,"featured_media":15165,"comment_status":"open","ping_status":"open","sticky":false,"template":"","format":"standard","meta":{"footnotes":""},"categories":[3],"tags":[],"class_list":["post-15164","post","type-post","status-publish","format-standard","has-post-thumbnail","hentry","category-berazategui"],"featured_image_src":"https:\/\/diarioprincipios.com\/wp-content\/uploads\/2022\/11\/LA-LOCALIDAD-DE-EL-PATO-FESTEJO-SUS-84-ANOS4-1024x682.jpg","blog_images":{"medium":"https:\/\/diarioprincipios.com\/wp-content\/uploads\/2022\/11\/LA-LOCALIDAD-DE-EL-PATO-FESTEJO-SUS-84-ANOS4-300x200.jpg","large":"https:\/\/diarioprincipios.com\/wp-content\/uploads\/2022\/11\/LA-LOCALIDAD-DE-EL-PATO-FESTEJO-SUS-84-ANOS4-1024x682.jpg"},"ams_acf":[],"yoast_head":"<!-- This site is optimized with the Yoast SEO plugin v27.3 - https:\/\/yoast.com\/product\/yoast-seo-wordpress\/ -->\n<title>La localidad de El Pato festejo sus 84 a\u00f1os - Principios<\/title>\n<meta name=\"robots\" content=\"index, follow, max-snippet:-1, max-image-preview:large, max-video-preview:-1\" \/>\n<link rel=\"canonical\" href=\"https:\/\/diarioprincipios.com\/index.php\/2022\/11\/20\/la-localidad-de-el-pato-festejo-sus-84-anos\/\" \/>\n<meta property=\"og:locale\" content=\"es_ES\" \/>\n<meta property=\"og:type\" content=\"article\" \/>\n<meta property=\"og:title\" content=\"La localidad de El Pato festejo sus 84 a\u00f1os - Principios\" \/>\n<meta property=\"og:description\" content=\"Se realiz\u00f3 un gran festejo por los 84 a\u00f1os del Centro Agr\u00edcola El Pato, al que asisti\u00f3 el intendente de Berazategui, Juan Jos\u00e9 Mussi. El evento cont\u00f3 con el cl\u00e1sico desfile de instituciones, una muestra fotogr\u00e1fica hist\u00f3rica de la localidad, una feria de microemprendedores y artesanos locales, adem\u00e1s de la presentaci\u00f3n de la orquesta infantil...\" \/>\n<meta property=\"og:url\" content=\"https:\/\/diarioprincipios.com\/index.php\/2022\/11\/20\/la-localidad-de-el-pato-festejo-sus-84-anos\/\" \/>\n<meta property=\"og:site_name\" content=\"Principios\" \/>\n<meta property=\"article:published_time\" content=\"2022-11-20T17:21:56+00:00\" \/>\n<meta property=\"article:modified_time\" content=\"2022-11-30T05:52:18+00:00\" \/>\n<meta property=\"og:image\" content=\"https:\/\/diarioprincipios.com\/wp-content\/uploads\/2022\/11\/LA-LOCALIDAD-DE-EL-PATO-FESTEJO-SUS-84-ANOS4.jpg\" \/>\n\t<meta property=\"og:image:width\" content=\"1280\" \/>\n\t<meta property=\"og:image:height\" content=\"853\" \/>\n\t<meta property=\"og:image:type\" content=\"image\/jpeg\" \/>\n<meta name=\"author\" content=\"Hern\u00e1n L\u00f3pez\" \/>\n<meta name=\"twitter:card\" content=\"summary_large_image\" \/>\n<meta name=\"twitter:label1\" content=\"Escrito por\" \/>\n\t<meta name=\"twitter:data1\" content=\"Hern\u00e1n L\u00f3pez\" \/>\n\t<meta name=\"twitter:label2\" content=\"Tiempo de lectura\" \/>\n\t<meta name=\"twitter:data2\" content=\"2 minutos\" \/>\n<script type=\"application\/ld+json\" class=\"yoast-schema-graph\">{\"@context\":\"https:\\\/\\\/schema.org\",\"@graph\":[{\"@type\":\"Article\",\"@id\":\"https:\\\/\\\/diarioprincipios.com\\\/index.php\\\/2022\\\/11\\\/20\\\/la-localidad-de-el-pato-festejo-sus-84-anos\\\/#article\",\"isPartOf\":{\"@id\":\"https:\\\/\\\/diarioprincipios.com\\\/index.php\\\/2022\\\/11\\\/20\\\/la-localidad-de-el-pato-festejo-sus-84-anos\\\/\"},\"author\":{\"name\":\"Hern\u00e1n L\u00f3pez\",\"@id\":\"https:\\\/\\\/diarioprincipios.com\\\/#\\\/schema\\\/person\\\/436d5a1fd41a5e250e23ff5a6a7cb080\"},\"headline\":\"La localidad de El Pato festejo sus 84 a\u00f1os\",\"datePublished\":\"2022-11-20T17:21:56+00:00\",\"dateModified\":\"2022-11-30T05:52:18+00:00\",\"mainEntityOfPage\":{\"@id\":\"https:\\\/\\\/diarioprincipios.com\\\/index.php\\\/2022\\\/11\\\/20\\\/la-localidad-de-el-pato-festejo-sus-84-anos\\\/\"},\"wordCount\":288,\"commentCount\":0,\"publisher\":{\"@id\":\"https:\\\/\\\/diarioprincipios.com\\\/#organization\"},\"image\":{\"@id\":\"https:\\\/\\\/diarioprincipios.com\\\/index.php\\\/2022\\\/11\\\/20\\\/la-localidad-de-el-pato-festejo-sus-84-anos\\\/#primaryimage\"},\"thumbnailUrl\":\"https:\\\/\\\/diarioprincipios.com\\\/wp-content\\\/uploads\\\/2022\\\/11\\\/LA-LOCALIDAD-DE-EL-PATO-FESTEJO-SUS-84-ANOS4.jpg\",\"articleSection\":[\"Berazategui\"],\"inLanguage\":\"es\",\"potentialAction\":[{\"@type\":\"CommentAction\",\"name\":\"Comment\",\"target\":[\"https:\\\/\\\/diarioprincipios.com\\\/index.php\\\/2022\\\/11\\\/20\\\/la-localidad-de-el-pato-festejo-sus-84-anos\\\/#respond\"]}]},{\"@type\":\"WebPage\",\"@id\":\"https:\\\/\\\/diarioprincipios.com\\\/index.php\\\/2022\\\/11\\\/20\\\/la-localidad-de-el-pato-festejo-sus-84-anos\\\/\",\"url\":\"https:\\\/\\\/diarioprincipios.com\\\/index.php\\\/2022\\\/11\\\/20\\\/la-localidad-de-el-pato-festejo-sus-84-anos\\\/\",\"name\":\"La localidad de El Pato festejo sus 84 a\u00f1os - Principios\",\"isPartOf\":{\"@id\":\"https:\\\/\\\/diarioprincipios.com\\\/#website\"},\"primaryImageOfPage\":{\"@id\":\"https:\\\/\\\/diarioprincipios.com\\\/index.php\\\/2022\\\/11\\\/20\\\/la-localidad-de-el-pato-festejo-sus-84-anos\\\/#primaryimage\"},\"image\":{\"@id\":\"https:\\\/\\\/diarioprincipios.com\\\/index.php\\\/2022\\\/11\\\/20\\\/la-localidad-de-el-pato-festejo-sus-84-anos\\\/#primaryimage\"},\"thumbnailUrl\":\"https:\\\/\\\/diarioprincipios.com\\\/wp-content\\\/uploads\\\/2022\\\/11\\\/LA-LOCALIDAD-DE-EL-PATO-FESTEJO-SUS-84-ANOS4.jpg\",\"datePublished\":\"2022-11-20T17:21:56+00:00\",\"dateModified\":\"2022-11-30T05:52:18+00:00\",\"breadcrumb\":{\"@id\":\"https:\\\/\\\/diarioprincipios.com\\\/index.php\\\/2022\\\/11\\\/20\\\/la-localidad-de-el-pato-festejo-sus-84-anos\\\/#breadcrumb\"},\"inLanguage\":\"es\",\"potentialAction\":[{\"@type\":\"ReadAction\",\"target\":[\"https:\\\/\\\/diarioprincipios.com\\\/index.php\\\/2022\\\/11\\\/20\\\/la-localidad-de-el-pato-festejo-sus-84-anos\\\/\"]}]},{\"@type\":\"ImageObject\",\"inLanguage\":\"es\",\"@id\":\"https:\\\/\\\/diarioprincipios.com\\\/index.php\\\/2022\\\/11\\\/20\\\/la-localidad-de-el-pato-festejo-sus-84-anos\\\/#primaryimage\",\"url\":\"https:\\\/\\\/diarioprincipios.com\\\/wp-content\\\/uploads\\\/2022\\\/11\\\/LA-LOCALIDAD-DE-EL-PATO-FESTEJO-SUS-84-ANOS4.jpg\",\"contentUrl\":\"https:\\\/\\\/diarioprincipios.com\\\/wp-content\\\/uploads\\\/2022\\\/11\\\/LA-LOCALIDAD-DE-EL-PATO-FESTEJO-SUS-84-ANOS4.jpg\",\"width\":1280,\"height\":853},{\"@type\":\"BreadcrumbList\",\"@id\":\"https:\\\/\\\/diarioprincipios.com\\\/index.php\\\/2022\\\/11\\\/20\\\/la-localidad-de-el-pato-festejo-sus-84-anos\\\/#breadcrumb\",\"itemListElement\":[{\"@type\":\"ListItem\",\"position\":1,\"name\":\"Portada\",\"item\":\"https:\\\/\\\/diarioprincipios.com\\\/\"},{\"@type\":\"ListItem\",\"position\":2,\"name\":\"La localidad de El Pato festejo sus 84 a\u00f1os\"}]},{\"@type\":\"WebSite\",\"@id\":\"https:\\\/\\\/diarioprincipios.com\\\/#website\",\"url\":\"https:\\\/\\\/diarioprincipios.com\\\/\",\"name\":\"Principios\",\"description\":\"Principios Diario\",\"publisher\":{\"@id\":\"https:\\\/\\\/diarioprincipios.com\\\/#organization\"},\"potentialAction\":[{\"@type\":\"SearchAction\",\"target\":{\"@type\":\"EntryPoint\",\"urlTemplate\":\"https:\\\/\\\/diarioprincipios.com\\\/?s={search_term_string}\"},\"query-input\":{\"@type\":\"PropertyValueSpecification\",\"valueRequired\":true,\"valueName\":\"search_term_string\"}}],\"inLanguage\":\"es\"},{\"@type\":\"Organization\",\"@id\":\"https:\\\/\\\/diarioprincipios.com\\\/#organization\",\"name\":\"Principios\",\"url\":\"https:\\\/\\\/diarioprincipios.com\\\/\",\"logo\":{\"@type\":\"ImageObject\",\"inLanguage\":\"es\",\"@id\":\"https:\\\/\\\/diarioprincipios.com\\\/#\\\/schema\\\/logo\\\/image\\\/\",\"url\":\"https:\\\/\\\/diarioprincipios.com\\\/wp-content\\\/uploads\\\/2024\\\/04\\\/cropped-www.diarioprincipios.com_-1.png\",\"contentUrl\":\"https:\\\/\\\/diarioprincipios.com\\\/wp-content\\\/uploads\\\/2024\\\/04\\\/cropped-www.diarioprincipios.com_-1.png\",\"width\":5325,\"height\":1454,\"caption\":\"Principios\"},\"image\":{\"@id\":\"https:\\\/\\\/diarioprincipios.com\\\/#\\\/schema\\\/logo\\\/image\\\/\"}},{\"@type\":\"Person\",\"@id\":\"https:\\\/\\\/diarioprincipios.com\\\/#\\\/schema\\\/person\\\/436d5a1fd41a5e250e23ff5a6a7cb080\",\"name\":\"Hern\u00e1n L\u00f3pez\",\"image\":{\"@type\":\"ImageObject\",\"inLanguage\":\"es\",\"@id\":\"https:\\\/\\\/diarioprincipios.com\\\/wp-content\\\/litespeed\\\/avatar\\\/11ddfe5610ff3bd100522525b2571f48.jpg?ver=1777048341\",\"url\":\"https:\\\/\\\/diarioprincipios.com\\\/wp-content\\\/litespeed\\\/avatar\\\/11ddfe5610ff3bd100522525b2571f48.jpg?ver=1777048341\",\"contentUrl\":\"https:\\\/\\\/diarioprincipios.com\\\/wp-content\\\/litespeed\\\/avatar\\\/11ddfe5610ff3bd100522525b2571f48.jpg?ver=1777048341\",\"caption\":\"Hern\u00e1n L\u00f3pez\"},\"url\":\"https:\\\/\\\/diarioprincipios.com\\\/index.php\\\/author\\\/hernan\\\/\"}]}<\/script>\n<!-- \/ Yoast SEO plugin. -->","yoast_head_json":{"title":"La localidad de El Pato festejo sus 84 a\u00f1os - Principios","robots":{"index":"index","follow":"follow","max-snippet":"max-snippet:-1","max-image-preview":"max-image-preview:large","max-video-preview":"max-video-preview:-1"},"canonical":"https:\/\/diarioprincipios.com\/index.php\/2022\/11\/20\/la-localidad-de-el-pato-festejo-sus-84-anos\/","og_locale":"es_ES","og_type":"article","og_title":"La localidad de El Pato festejo sus 84 a\u00f1os - Principios","og_description":"Se realiz\u00f3 un gran festejo por los 84 a\u00f1os del Centro Agr\u00edcola El Pato, al que asisti\u00f3 el intendente de Berazategui, Juan Jos\u00e9 Mussi. El evento cont\u00f3 con el cl\u00e1sico desfile de instituciones, una muestra fotogr\u00e1fica hist\u00f3rica de la localidad, una feria de microemprendedores y artesanos locales, adem\u00e1s de la presentaci\u00f3n de la orquesta infantil...","og_url":"https:\/\/diarioprincipios.com\/index.php\/2022\/11\/20\/la-localidad-de-el-pato-festejo-sus-84-anos\/","og_site_name":"Principios","article_published_time":"2022-11-20T17:21:56+00:00","article_modified_time":"2022-11-30T05:52:18+00:00","og_image":[{"width":1280,"height":853,"url":"https:\/\/diarioprincipios.com\/wp-content\/uploads\/2022\/11\/LA-LOCALIDAD-DE-EL-PATO-FESTEJO-SUS-84-ANOS4.jpg","type":"image\/jpeg"}],"author":"Hern\u00e1n L\u00f3pez","twitter_card":"summary_large_image","twitter_misc":{"Escrito por":"Hern\u00e1n L\u00f3pez","Tiempo de lectura":"2 minutos"},"schema":{"@context":"https:\/\/schema.org","@graph":[{"@type":"Article","@id":"https:\/\/diarioprincipios.com\/index.php\/2022\/11\/20\/la-localidad-de-el-pato-festejo-sus-84-anos\/#article","isPartOf":{"@id":"https:\/\/diarioprincipios.com\/index.php\/2022\/11\/20\/la-localidad-de-el-pato-festejo-sus-84-anos\/"},"author":{"name":"Hern\u00e1n L\u00f3pez","@id":"https:\/\/diarioprincipios.com\/#\/schema\/person\/436d5a1fd41a5e250e23ff5a6a7cb080"},"headline":"La localidad de El Pato festejo sus 84 a\u00f1os","datePublished":"2022-11-20T17:21:56+00:00","dateModified":"2022-11-30T05:52:18+00:00","mainEntityOfPage":{"@id":"https:\/\/diarioprincipios.com\/index.php\/2022\/11\/20\/la-localidad-de-el-pato-festejo-sus-84-anos\/"},"wordCount":288,"commentCount":0,"publisher":{"@id":"https:\/\/diarioprincipios.com\/#organization"},"image":{"@id":"https:\/\/diarioprincipios.com\/index.php\/2022\/11\/20\/la-localidad-de-el-pato-festejo-sus-84-anos\/#primaryimage"},"thumbnailUrl":"https:\/\/diarioprincipios.com\/wp-content\/uploads\/2022\/11\/LA-LOCALIDAD-DE-EL-PATO-FESTEJO-SUS-84-ANOS4.jpg","articleSection":["Berazategui"],"inLanguage":"es","potentialAction":[{"@type":"CommentAction","name":"Comment","target":["https:\/\/diarioprincipios.com\/index.php\/2022\/11\/20\/la-localidad-de-el-pato-festejo-sus-84-anos\/#respond"]}]},{"@type":"WebPage","@id":"https:\/\/diarioprincipios.com\/index.php\/2022\/11\/20\/la-localidad-de-el-pato-festejo-sus-84-anos\/","url":"https:\/\/diarioprincipios.com\/index.php\/2022\/11\/20\/la-localidad-de-el-pato-festejo-sus-84-anos\/","name":"La localidad de El Pato festejo sus 84 a\u00f1os - Principios","isPartOf":{"@id":"https:\/\/diarioprincipios.com\/#website"},"primaryImageOfPage":{"@id":"https:\/\/diarioprincipios.com\/index.php\/2022\/11\/20\/la-localidad-de-el-pato-festejo-sus-84-anos\/#primaryimage"},"image":{"@id":"https:\/\/diarioprincipios.com\/index.php\/2022\/11\/20\/la-localidad-de-el-pato-festejo-sus-84-anos\/#primaryimage"},"thumbnailUrl":"https:\/\/diarioprincipios.com\/wp-content\/uploads\/2022\/11\/LA-LOCALIDAD-DE-EL-PATO-FESTEJO-SUS-84-ANOS4.jpg","datePublished":"2022-11-20T17:21:56+00:00","dateModified":"2022-11-30T05:52:18+00:00","breadcrumb":{"@id":"https:\/\/diarioprincipios.com\/index.php\/2022\/11\/20\/la-localidad-de-el-pato-festejo-sus-84-anos\/#breadcrumb"},"inLanguage":"es","potentialAction":[{"@type":"ReadAction","target":["https:\/\/diarioprincipios.com\/index.php\/2022\/11\/20\/la-localidad-de-el-pato-festejo-sus-84-anos\/"]}]},{"@type":"ImageObject","inLanguage":"es","@id":"https:\/\/diarioprincipios.com\/index.php\/2022\/11\/20\/la-localidad-de-el-pato-festejo-sus-84-anos\/#primaryimage","url":"https:\/\/diarioprincipios.com\/wp-content\/uploads\/2022\/11\/LA-LOCALIDAD-DE-EL-PATO-FESTEJO-SUS-84-ANOS4.jpg","contentUrl":"https:\/\/diarioprincipios.com\/wp-content\/uploads\/2022\/11\/LA-LOCALIDAD-DE-EL-PATO-FESTEJO-SUS-84-ANOS4.jpg","width":1280,"height":853},{"@type":"BreadcrumbList","@id":"https:\/\/diarioprincipios.com\/index.php\/2022\/11\/20\/la-localidad-de-el-pato-festejo-sus-84-anos\/#breadcrumb","itemListElement":[{"@type":"ListItem","position":1,"name":"Portada","item":"https:\/\/diarioprincipios.com\/"},{"@type":"ListItem","position":2,"name":"La localidad de El Pato festejo sus 84 a\u00f1os"}]},{"@type":"WebSite","@id":"https:\/\/diarioprincipios.com\/#website","url":"https:\/\/diarioprincipios.com\/","name":"Principios","description":"Principios Diario","publisher":{"@id":"https:\/\/diarioprincipios.com\/#organization"},"potentialAction":[{"@type":"SearchAction","target":{"@type":"EntryPoint","urlTemplate":"https:\/\/diarioprincipios.com\/?s={search_term_string}"},"query-input":{"@type":"PropertyValueSpecification","valueRequired":true,"valueName":"search_term_string"}}],"inLanguage":"es"},{"@type":"Organization","@id":"https:\/\/diarioprincipios.com\/#organization","name":"Principios","url":"https:\/\/diarioprincipios.com\/","logo":{"@type":"ImageObject","inLanguage":"es","@id":"https:\/\/diarioprincipios.com\/#\/schema\/logo\/image\/","url":"https:\/\/diarioprincipios.com\/wp-content\/uploads\/2024\/04\/cropped-www.diarioprincipios.com_-1.png","contentUrl":"https:\/\/diarioprincipios.com\/wp-content\/uploads\/2024\/04\/cropped-www.diarioprincipios.com_-1.png","width":5325,"height":1454,"caption":"Principios"},"image":{"@id":"https:\/\/diarioprincipios.com\/#\/schema\/logo\/image\/"}},{"@type":"Person","@id":"https:\/\/diarioprincipios.com\/#\/schema\/person\/436d5a1fd41a5e250e23ff5a6a7cb080","name":"Hern\u00e1n L\u00f3pez","image":{"@type":"ImageObject","inLanguage":"es","@id":"https:\/\/diarioprincipios.com\/wp-content\/litespeed\/avatar\/11ddfe5610ff3bd100522525b2571f48.jpg?ver=1777048341","url":"https:\/\/diarioprincipios.com\/wp-content\/litespeed\/avatar\/11ddfe5610ff3bd100522525b2571f48.jpg?ver=1777048341","contentUrl":"https:\/\/diarioprincipios.com\/wp-content\/litespeed\/avatar\/11ddfe5610ff3bd100522525b2571f48.jpg?ver=1777048341","caption":"Hern\u00e1n L\u00f3pez"},"url":"https:\/\/diarioprincipios.com\/index.php\/author\/hernan\/"}]}},"jetpack_featured_media_url":"https:\/\/diarioprincipios.com\/wp-content\/uploads\/2022\/11\/LA-LOCALIDAD-DE-EL-PATO-FESTEJO-SUS-84-ANOS4.jpg","_links":{"self":[{"href":"https:\/\/diarioprincipios.com\/index.php\/wp-json\/wp\/v2\/posts\/15164","targetHints":{"allow":["GET"]}}],"collection":[{"href":"https:\/\/diarioprincipios.com\/index.php\/wp-json\/wp\/v2\/posts"}],"about":[{"href":"https:\/\/diarioprincipios.com\/index.php\/wp-json\/wp\/v2\/types\/post"}],"author":[{"embeddable":true,"href":"https:\/\/diarioprincipios.com\/index.php\/wp-json\/wp\/v2\/users\/2"}],"replies":[{"embeddable":true,"href":"https:\/\/diarioprincipios.com\/index.php\/wp-json\/wp\/v2\/comments?post=15164"}],"version-history":[{"count":1,"href":"https:\/\/diarioprincipios.com\/index.php\/wp-json\/wp\/v2\/posts\/15164\/revisions"}],"predecessor-version":[{"id":15166,"href":"https:\/\/diarioprincipios.com\/index.php\/wp-json\/wp\/v2\/posts\/15164\/revisions\/15166"}],"wp:featuredmedia":[{"embeddable":true,"href":"https:\/\/diarioprincipios.com\/index.php\/wp-json\/wp\/v2\/media\/15165"}],"wp:attachment":[{"href":"https:\/\/diarioprincipios.com\/index.php\/wp-json\/wp\/v2\/media?parent=15164"}],"wp:term":[{"taxonomy":"category","embeddable":true,"href":"https:\/\/diarioprincipios.com\/index.php\/wp-json\/wp\/v2\/categories?post=15164"},{"taxonomy":"post_tag","embeddable":true,"href":"https:\/\/diarioprincipios.com\/index.php\/wp-json\/wp\/v2\/tags?post=15164"}],"curies":[{"name":"wp","href":"https:\/\/api.w.org\/{rel}","templated":true}]}}