{"id":15108,"date":"2022-11-14T10:32:46","date_gmt":"2022-11-14T13:32:46","guid":{"rendered":"http:\/\/diarioprincipios.com\/?p=15108"},"modified":"2022-11-30T02:48:35","modified_gmt":"2022-11-30T05:48:35","slug":"se-presento-el-programa-mi-primera-colmena-para-fomentar-la-apicultura-en-la-provincia","status":"publish","type":"post","link":"https:\/\/diarioprincipios.com\/index.php\/2022\/11\/14\/se-presento-el-programa-mi-primera-colmena-para-fomentar-la-apicultura-en-la-provincia\/","title":{"rendered":"Se present\u00f3 el programa \u00abMi Primera Colmena\u00bb para fomentar la apicultura en la Provincia"},"content":{"rendered":"\n<p>La iniciativa brinda herramientas e insumos a aquellos productores y productoras que quieran iniciarse en la actividad<\/p>\n\n\n\n<p>El ministro de Desarrollo Agrario de la provincia de Buenos Aires, Javier Rodr\u00edguez, encabez\u00f3 el lanzamiento del programa \u201cMi Primera Colmena\u201d, con un acto en el Vivero Darwin de la Estaci\u00f3n Forestal Parque Pereyra. La iniciativa est\u00e1 dirigida a promover el desarrollo de la producci\u00f3n ap\u00edcola bonaerense a trav\u00e9s de la facilitaci\u00f3n de insumos ap\u00edcolas a nuevos productores y productoras capacitados que deseen iniciarse en la actividad.<\/p>\n\n\n\n<p>\u201cEs claro que la producci\u00f3n de miel es un importante generador de valor agregado en origen y significa el ingreso de muchas familias, pero tambi\u00e9n es una actividad que cuida el medioambiente, genera arraigo, e impulsa el desarrollo local y regional. Por eso, desde el Estado provincial construimos pol\u00edticas p\u00fablicas que apuntan a fomentar el crecimiento de esta actividad, profundizar la calidad de las mieles bonaerenses y su diferenciaci\u00f3n, e impulsar su comercializaci\u00f3n\u201d, explic\u00f3 el ministro Javier Rodr\u00edguez.<\/p>\n\n\n\n<p>Y detall\u00f3: \u00abLa Provincia de Buenos Aires representa el 53% de la producci\u00f3n nacional de miel y en los \u00faltimos a\u00f1os ha sido testigo de un importante crecimiento del sector. Desde 2019 hasta ahora hubo un aumento del 32% en la cantidad de apicultores y apicultoras de la provincia de Buenos Aires, y del 45% en el n\u00famero de colmenas\u00bb.<\/p>\n\n\n\n<p>En los primeros 9 meses de 2022 la Rep\u00fablica Argentina ha exportado unas 62.183,69 tn de miel (frente a un promedio anual de 65.000 toneladas en los \u00faltimos a\u00f1os) por un valor de 212.461.284,80 millones de d\u00f3lares. Los principales destinos fueron Estados Unidos (58%), Alemania (19%), Espa\u00f1a (6%) y Jap\u00f3n (4%), pero en total se exporta miel a 28 pa\u00edses.<\/p>\n\n\n\n<p>La provincia de Buenos Aires es la zona ap\u00edcola m\u00e1s importante del pa\u00eds y representa el 53% de la producci\u00f3n nacional con 5.489 productores y productoras ap\u00edcolas, 1.424.438 colmenas, 843 salas de extracci\u00f3n y 134 de fraccionamiento.<\/p>\n\n\n\n<p>El programa \u00abMi primera colmena\u00bb facilita el acceso a insumos ap\u00edcolas a nuevos productores ap\u00edcolas (integrados o independientes y relacionados a trav\u00e9s de c\u00e1maras, asociaciones y\/o cooperativas productoras ap\u00edcolas ya capacitadas), con el objetivo de generar m\u00e1s empleo local, agregado de valor y fomentar el cooperativismo en el marco de una estrategia para aumentar la competitividad general del sector, impulsando las \u201cbuenas pr\u00e1cticas\u201d en toda la cadena ap\u00edcola y potenciando la calidad y la comercializaci\u00f3n de la miel bonaerense.<\/p>\n\n\n\n<p>Para ello, la Caba\u00f1a Apiario Pedro J. Bover del MDA har\u00e1 entrega de material vivo (colmenas y celdas reales), mientras que la Direcci\u00f3n Ap\u00edcola de la cartera agraria bonaerense se encargar\u00e1 de conformar los n\u00facleos de abejas y realizar su seguimiento antes de entregarlos a los beneficiarios del Programa.<\/p>\n\n\n\n<p>A su vez, el personal de la Direcci\u00f3n Ap\u00edcola brindar\u00e1 asesoramiento a los nuevos productores y productoras.<\/p>\n\n\n\n<p>Aquellos interesados en acceder al programa deben ingresar a pagina del MDA por la Direcci\u00f3n ap\u00edcola y se pueden inscribir en Mi MDA. La fecha de entrega del material ap\u00edcola y n\u00facleos de abejas de 4 cuadros, se realizar\u00e1 entre el 10 al 20 de diciembre en el Vivero Forestal.<\/p>\n\n\n\n<p>Cabe se\u00f1alar que para acompa\u00f1ar y fomentar la actividad, el MDA tambi\u00e9n brind\u00f3 capacitaciones a nuevos productores junto a organizaciones que conforman la Mesa Ap\u00edcola del Periurbano. En el a\u00f1o 2021 se capacitaron 134 nuevos productores y productoras, y en la actualidad 117 est\u00e1n tomando el curso.<\/p>\n\n\n\n<p>Asimismo, el MDA lleva adelante el Concurso Provincial de Miel con el objetivo de incentivar al productor a optimizar el desempe\u00f1o de las tareas ap\u00edcolas y la producci\u00f3n de miel, utilizando las BPM (Buenas Pr\u00e1cticas de Manufactura); promocionar la miel como producto alimenticio de calidad; y promover la diferenciaci\u00f3n de las mieles a partir de origen bot\u00e1nico, caracter\u00edsticas organol\u00e9pticas, y calidad fisicoqu\u00edmica, como estrategia para darle valor agregado al producto.<\/p>\n\n\n\n<p>Acompa\u00f1aron al ministro, la subsecretaria de Agricultura, Ganader\u00eda y Pesca, Carla Seain; el director Provincial de Ganader\u00eda, H\u00e9ctor Trotta y el director de Apicultura, Ariel Guardia L\u00f3pez.<\/p>\n","protected":false},"excerpt":{"rendered":"<p>La iniciativa brinda herramientas e insumos a aquellos productores y productoras que quieran iniciarse en la actividad El ministro de Desarrollo Agrario de la provincia de Buenos Aires, Javier Rodr\u00edguez, encabez\u00f3 el lanzamiento del programa \u201cMi Primera Colmena\u201d, con un acto en el Vivero Darwin de la Estaci\u00f3n Forestal Parque Pereyra. La iniciativa est\u00e1 dirigida&#8230;<\/p>\n","protected":false},"author":2,"featured_media":15109,"comment_status":"open","ping_status":"open","sticky":false,"template":"","format":"standard","meta":{"footnotes":""},"categories":[7],"tags":[],"class_list":["post-15108","post","type-post","status-publish","format-standard","has-post-thumbnail","hentry","category-provincia"],"featured_image_src":"https:\/\/diarioprincipios.com\/wp-content\/uploads\/2022\/11\/colmena-1024x683.jpg","blog_images":{"medium":"https:\/\/diarioprincipios.com\/wp-content\/uploads\/2022\/11\/colmena-300x200.jpg","large":"https:\/\/diarioprincipios.com\/wp-content\/uploads\/2022\/11\/colmena-1024x683.jpg"},"ams_acf":[],"yoast_head":"<!-- This site is optimized with the Yoast SEO plugin v27.3 - https:\/\/yoast.com\/product\/yoast-seo-wordpress\/ -->\n<title>Se present\u00f3 el programa &quot;Mi Primera Colmena&quot; para fomentar la apicultura en la Provincia - Principios<\/title>\n<meta name=\"robots\" content=\"index, follow, max-snippet:-1, max-image-preview:large, max-video-preview:-1\" \/>\n<link rel=\"canonical\" href=\"https:\/\/diarioprincipios.com\/index.php\/2022\/11\/14\/se-presento-el-programa-mi-primera-colmena-para-fomentar-la-apicultura-en-la-provincia\/\" \/>\n<meta property=\"og:locale\" content=\"es_ES\" \/>\n<meta property=\"og:type\" content=\"article\" \/>\n<meta property=\"og:title\" content=\"Se present\u00f3 el programa &quot;Mi Primera Colmena&quot; para fomentar la apicultura en la Provincia - Principios\" \/>\n<meta property=\"og:description\" content=\"La iniciativa brinda herramientas e insumos a aquellos productores y productoras que quieran iniciarse en la actividad El ministro de Desarrollo Agrario de la provincia de Buenos Aires, Javier Rodr\u00edguez, encabez\u00f3 el lanzamiento del programa \u201cMi Primera Colmena\u201d, con un acto en el Vivero Darwin de la Estaci\u00f3n Forestal Parque Pereyra. La iniciativa est\u00e1 dirigida...\" \/>\n<meta property=\"og:url\" content=\"https:\/\/diarioprincipios.com\/index.php\/2022\/11\/14\/se-presento-el-programa-mi-primera-colmena-para-fomentar-la-apicultura-en-la-provincia\/\" \/>\n<meta property=\"og:site_name\" content=\"Principios\" \/>\n<meta property=\"article:published_time\" content=\"2022-11-14T13:32:46+00:00\" \/>\n<meta property=\"article:modified_time\" content=\"2022-11-30T05:48:35+00:00\" \/>\n<meta property=\"og:image\" content=\"https:\/\/diarioprincipios.com\/wp-content\/uploads\/2022\/11\/colmena.jpg\" \/>\n\t<meta property=\"og:image:width\" content=\"1599\" \/>\n\t<meta property=\"og:image:height\" content=\"1066\" \/>\n\t<meta property=\"og:image:type\" content=\"image\/jpeg\" \/>\n<meta name=\"author\" content=\"Hern\u00e1n L\u00f3pez\" \/>\n<meta name=\"twitter:card\" content=\"summary_large_image\" \/>\n<meta name=\"twitter:label1\" content=\"Escrito por\" \/>\n\t<meta name=\"twitter:data1\" content=\"Hern\u00e1n L\u00f3pez\" \/>\n\t<meta name=\"twitter:label2\" content=\"Tiempo de lectura\" \/>\n\t<meta name=\"twitter:data2\" content=\"4 minutos\" \/>\n<script type=\"application\/ld+json\" class=\"yoast-schema-graph\">{\"@context\":\"https:\\\/\\\/schema.org\",\"@graph\":[{\"@type\":\"Article\",\"@id\":\"https:\\\/\\\/diarioprincipios.com\\\/index.php\\\/2022\\\/11\\\/14\\\/se-presento-el-programa-mi-primera-colmena-para-fomentar-la-apicultura-en-la-provincia\\\/#article\",\"isPartOf\":{\"@id\":\"https:\\\/\\\/diarioprincipios.com\\\/index.php\\\/2022\\\/11\\\/14\\\/se-presento-el-programa-mi-primera-colmena-para-fomentar-la-apicultura-en-la-provincia\\\/\"},\"author\":{\"name\":\"Hern\u00e1n L\u00f3pez\",\"@id\":\"https:\\\/\\\/diarioprincipios.com\\\/#\\\/schema\\\/person\\\/436d5a1fd41a5e250e23ff5a6a7cb080\"},\"headline\":\"Se present\u00f3 el programa \u00abMi Primera Colmena\u00bb para fomentar la apicultura en la Provincia\",\"datePublished\":\"2022-11-14T13:32:46+00:00\",\"dateModified\":\"2022-11-30T05:48:35+00:00\",\"mainEntityOfPage\":{\"@id\":\"https:\\\/\\\/diarioprincipios.com\\\/index.php\\\/2022\\\/11\\\/14\\\/se-presento-el-programa-mi-primera-colmena-para-fomentar-la-apicultura-en-la-provincia\\\/\"},\"wordCount\":716,\"commentCount\":0,\"publisher\":{\"@id\":\"https:\\\/\\\/diarioprincipios.com\\\/#organization\"},\"image\":{\"@id\":\"https:\\\/\\\/diarioprincipios.com\\\/index.php\\\/2022\\\/11\\\/14\\\/se-presento-el-programa-mi-primera-colmena-para-fomentar-la-apicultura-en-la-provincia\\\/#primaryimage\"},\"thumbnailUrl\":\"https:\\\/\\\/diarioprincipios.com\\\/wp-content\\\/uploads\\\/2022\\\/11\\\/colmena.jpg\",\"articleSection\":[\"Provincia\"],\"inLanguage\":\"es\",\"potentialAction\":[{\"@type\":\"CommentAction\",\"name\":\"Comment\",\"target\":[\"https:\\\/\\\/diarioprincipios.com\\\/index.php\\\/2022\\\/11\\\/14\\\/se-presento-el-programa-mi-primera-colmena-para-fomentar-la-apicultura-en-la-provincia\\\/#respond\"]}]},{\"@type\":\"WebPage\",\"@id\":\"https:\\\/\\\/diarioprincipios.com\\\/index.php\\\/2022\\\/11\\\/14\\\/se-presento-el-programa-mi-primera-colmena-para-fomentar-la-apicultura-en-la-provincia\\\/\",\"url\":\"https:\\\/\\\/diarioprincipios.com\\\/index.php\\\/2022\\\/11\\\/14\\\/se-presento-el-programa-mi-primera-colmena-para-fomentar-la-apicultura-en-la-provincia\\\/\",\"name\":\"Se present\u00f3 el programa \\\"Mi Primera Colmena\\\" para fomentar la apicultura en la Provincia - Principios\",\"isPartOf\":{\"@id\":\"https:\\\/\\\/diarioprincipios.com\\\/#website\"},\"primaryImageOfPage\":{\"@id\":\"https:\\\/\\\/diarioprincipios.com\\\/index.php\\\/2022\\\/11\\\/14\\\/se-presento-el-programa-mi-primera-colmena-para-fomentar-la-apicultura-en-la-provincia\\\/#primaryimage\"},\"image\":{\"@id\":\"https:\\\/\\\/diarioprincipios.com\\\/index.php\\\/2022\\\/11\\\/14\\\/se-presento-el-programa-mi-primera-colmena-para-fomentar-la-apicultura-en-la-provincia\\\/#primaryimage\"},\"thumbnailUrl\":\"https:\\\/\\\/diarioprincipios.com\\\/wp-content\\\/uploads\\\/2022\\\/11\\\/colmena.jpg\",\"datePublished\":\"2022-11-14T13:32:46+00:00\",\"dateModified\":\"2022-11-30T05:48:35+00:00\",\"breadcrumb\":{\"@id\":\"https:\\\/\\\/diarioprincipios.com\\\/index.php\\\/2022\\\/11\\\/14\\\/se-presento-el-programa-mi-primera-colmena-para-fomentar-la-apicultura-en-la-provincia\\\/#breadcrumb\"},\"inLanguage\":\"es\",\"potentialAction\":[{\"@type\":\"ReadAction\",\"target\":[\"https:\\\/\\\/diarioprincipios.com\\\/index.php\\\/2022\\\/11\\\/14\\\/se-presento-el-programa-mi-primera-colmena-para-fomentar-la-apicultura-en-la-provincia\\\/\"]}]},{\"@type\":\"ImageObject\",\"inLanguage\":\"es\",\"@id\":\"https:\\\/\\\/diarioprincipios.com\\\/index.php\\\/2022\\\/11\\\/14\\\/se-presento-el-programa-mi-primera-colmena-para-fomentar-la-apicultura-en-la-provincia\\\/#primaryimage\",\"url\":\"https:\\\/\\\/diarioprincipios.com\\\/wp-content\\\/uploads\\\/2022\\\/11\\\/colmena.jpg\",\"contentUrl\":\"https:\\\/\\\/diarioprincipios.com\\\/wp-content\\\/uploads\\\/2022\\\/11\\\/colmena.jpg\",\"width\":1599,\"height\":1066},{\"@type\":\"BreadcrumbList\",\"@id\":\"https:\\\/\\\/diarioprincipios.com\\\/index.php\\\/2022\\\/11\\\/14\\\/se-presento-el-programa-mi-primera-colmena-para-fomentar-la-apicultura-en-la-provincia\\\/#breadcrumb\",\"itemListElement\":[{\"@type\":\"ListItem\",\"position\":1,\"name\":\"Portada\",\"item\":\"https:\\\/\\\/diarioprincipios.com\\\/\"},{\"@type\":\"ListItem\",\"position\":2,\"name\":\"Se present\u00f3 el programa \u00abMi Primera Colmena\u00bb para fomentar la apicultura en la Provincia\"}]},{\"@type\":\"WebSite\",\"@id\":\"https:\\\/\\\/diarioprincipios.com\\\/#website\",\"url\":\"https:\\\/\\\/diarioprincipios.com\\\/\",\"name\":\"Principios\",\"description\":\"Principios Diario\",\"publisher\":{\"@id\":\"https:\\\/\\\/diarioprincipios.com\\\/#organization\"},\"potentialAction\":[{\"@type\":\"SearchAction\",\"target\":{\"@type\":\"EntryPoint\",\"urlTemplate\":\"https:\\\/\\\/diarioprincipios.com\\\/?s={search_term_string}\"},\"query-input\":{\"@type\":\"PropertyValueSpecification\",\"valueRequired\":true,\"valueName\":\"search_term_string\"}}],\"inLanguage\":\"es\"},{\"@type\":\"Organization\",\"@id\":\"https:\\\/\\\/diarioprincipios.com\\\/#organization\",\"name\":\"Principios\",\"url\":\"https:\\\/\\\/diarioprincipios.com\\\/\",\"logo\":{\"@type\":\"ImageObject\",\"inLanguage\":\"es\",\"@id\":\"https:\\\/\\\/diarioprincipios.com\\\/#\\\/schema\\\/logo\\\/image\\\/\",\"url\":\"https:\\\/\\\/diarioprincipios.com\\\/wp-content\\\/uploads\\\/2024\\\/04\\\/cropped-www.diarioprincipios.com_-1.png\",\"contentUrl\":\"https:\\\/\\\/diarioprincipios.com\\\/wp-content\\\/uploads\\\/2024\\\/04\\\/cropped-www.diarioprincipios.com_-1.png\",\"width\":5325,\"height\":1454,\"caption\":\"Principios\"},\"image\":{\"@id\":\"https:\\\/\\\/diarioprincipios.com\\\/#\\\/schema\\\/logo\\\/image\\\/\"}},{\"@type\":\"Person\",\"@id\":\"https:\\\/\\\/diarioprincipios.com\\\/#\\\/schema\\\/person\\\/436d5a1fd41a5e250e23ff5a6a7cb080\",\"name\":\"Hern\u00e1n L\u00f3pez\",\"image\":{\"@type\":\"ImageObject\",\"inLanguage\":\"es\",\"@id\":\"https:\\\/\\\/diarioprincipios.com\\\/wp-content\\\/litespeed\\\/avatar\\\/11ddfe5610ff3bd100522525b2571f48.jpg?ver=1777048341\",\"url\":\"https:\\\/\\\/diarioprincipios.com\\\/wp-content\\\/litespeed\\\/avatar\\\/11ddfe5610ff3bd100522525b2571f48.jpg?ver=1777048341\",\"contentUrl\":\"https:\\\/\\\/diarioprincipios.com\\\/wp-content\\\/litespeed\\\/avatar\\\/11ddfe5610ff3bd100522525b2571f48.jpg?ver=1777048341\",\"caption\":\"Hern\u00e1n L\u00f3pez\"},\"url\":\"https:\\\/\\\/diarioprincipios.com\\\/index.php\\\/author\\\/hernan\\\/\"}]}<\/script>\n<!-- \/ Yoast SEO plugin. -->","yoast_head_json":{"title":"Se present\u00f3 el programa \"Mi Primera Colmena\" para fomentar la apicultura en la Provincia - Principios","robots":{"index":"index","follow":"follow","max-snippet":"max-snippet:-1","max-image-preview":"max-image-preview:large","max-video-preview":"max-video-preview:-1"},"canonical":"https:\/\/diarioprincipios.com\/index.php\/2022\/11\/14\/se-presento-el-programa-mi-primera-colmena-para-fomentar-la-apicultura-en-la-provincia\/","og_locale":"es_ES","og_type":"article","og_title":"Se present\u00f3 el programa \"Mi Primera Colmena\" para fomentar la apicultura en la Provincia - Principios","og_description":"La iniciativa brinda herramientas e insumos a aquellos productores y productoras que quieran iniciarse en la actividad El ministro de Desarrollo Agrario de la provincia de Buenos Aires, Javier Rodr\u00edguez, encabez\u00f3 el lanzamiento del programa \u201cMi Primera Colmena\u201d, con un acto en el Vivero Darwin de la Estaci\u00f3n Forestal Parque Pereyra. La iniciativa est\u00e1 dirigida...","og_url":"https:\/\/diarioprincipios.com\/index.php\/2022\/11\/14\/se-presento-el-programa-mi-primera-colmena-para-fomentar-la-apicultura-en-la-provincia\/","og_site_name":"Principios","article_published_time":"2022-11-14T13:32:46+00:00","article_modified_time":"2022-11-30T05:48:35+00:00","og_image":[{"width":1599,"height":1066,"url":"https:\/\/diarioprincipios.com\/wp-content\/uploads\/2022\/11\/colmena.jpg","type":"image\/jpeg"}],"author":"Hern\u00e1n L\u00f3pez","twitter_card":"summary_large_image","twitter_misc":{"Escrito por":"Hern\u00e1n L\u00f3pez","Tiempo de lectura":"4 minutos"},"schema":{"@context":"https:\/\/schema.org","@graph":[{"@type":"Article","@id":"https:\/\/diarioprincipios.com\/index.php\/2022\/11\/14\/se-presento-el-programa-mi-primera-colmena-para-fomentar-la-apicultura-en-la-provincia\/#article","isPartOf":{"@id":"https:\/\/diarioprincipios.com\/index.php\/2022\/11\/14\/se-presento-el-programa-mi-primera-colmena-para-fomentar-la-apicultura-en-la-provincia\/"},"author":{"name":"Hern\u00e1n L\u00f3pez","@id":"https:\/\/diarioprincipios.com\/#\/schema\/person\/436d5a1fd41a5e250e23ff5a6a7cb080"},"headline":"Se present\u00f3 el programa \u00abMi Primera Colmena\u00bb para fomentar la apicultura en la Provincia","datePublished":"2022-11-14T13:32:46+00:00","dateModified":"2022-11-30T05:48:35+00:00","mainEntityOfPage":{"@id":"https:\/\/diarioprincipios.com\/index.php\/2022\/11\/14\/se-presento-el-programa-mi-primera-colmena-para-fomentar-la-apicultura-en-la-provincia\/"},"wordCount":716,"commentCount":0,"publisher":{"@id":"https:\/\/diarioprincipios.com\/#organization"},"image":{"@id":"https:\/\/diarioprincipios.com\/index.php\/2022\/11\/14\/se-presento-el-programa-mi-primera-colmena-para-fomentar-la-apicultura-en-la-provincia\/#primaryimage"},"thumbnailUrl":"https:\/\/diarioprincipios.com\/wp-content\/uploads\/2022\/11\/colmena.jpg","articleSection":["Provincia"],"inLanguage":"es","potentialAction":[{"@type":"CommentAction","name":"Comment","target":["https:\/\/diarioprincipios.com\/index.php\/2022\/11\/14\/se-presento-el-programa-mi-primera-colmena-para-fomentar-la-apicultura-en-la-provincia\/#respond"]}]},{"@type":"WebPage","@id":"https:\/\/diarioprincipios.com\/index.php\/2022\/11\/14\/se-presento-el-programa-mi-primera-colmena-para-fomentar-la-apicultura-en-la-provincia\/","url":"https:\/\/diarioprincipios.com\/index.php\/2022\/11\/14\/se-presento-el-programa-mi-primera-colmena-para-fomentar-la-apicultura-en-la-provincia\/","name":"Se present\u00f3 el programa \"Mi Primera Colmena\" para fomentar la apicultura en la Provincia - Principios","isPartOf":{"@id":"https:\/\/diarioprincipios.com\/#website"},"primaryImageOfPage":{"@id":"https:\/\/diarioprincipios.com\/index.php\/2022\/11\/14\/se-presento-el-programa-mi-primera-colmena-para-fomentar-la-apicultura-en-la-provincia\/#primaryimage"},"image":{"@id":"https:\/\/diarioprincipios.com\/index.php\/2022\/11\/14\/se-presento-el-programa-mi-primera-colmena-para-fomentar-la-apicultura-en-la-provincia\/#primaryimage"},"thumbnailUrl":"https:\/\/diarioprincipios.com\/wp-content\/uploads\/2022\/11\/colmena.jpg","datePublished":"2022-11-14T13:32:46+00:00","dateModified":"2022-11-30T05:48:35+00:00","breadcrumb":{"@id":"https:\/\/diarioprincipios.com\/index.php\/2022\/11\/14\/se-presento-el-programa-mi-primera-colmena-para-fomentar-la-apicultura-en-la-provincia\/#breadcrumb"},"inLanguage":"es","potentialAction":[{"@type":"ReadAction","target":["https:\/\/diarioprincipios.com\/index.php\/2022\/11\/14\/se-presento-el-programa-mi-primera-colmena-para-fomentar-la-apicultura-en-la-provincia\/"]}]},{"@type":"ImageObject","inLanguage":"es","@id":"https:\/\/diarioprincipios.com\/index.php\/2022\/11\/14\/se-presento-el-programa-mi-primera-colmena-para-fomentar-la-apicultura-en-la-provincia\/#primaryimage","url":"https:\/\/diarioprincipios.com\/wp-content\/uploads\/2022\/11\/colmena.jpg","contentUrl":"https:\/\/diarioprincipios.com\/wp-content\/uploads\/2022\/11\/colmena.jpg","width":1599,"height":1066},{"@type":"BreadcrumbList","@id":"https:\/\/diarioprincipios.com\/index.php\/2022\/11\/14\/se-presento-el-programa-mi-primera-colmena-para-fomentar-la-apicultura-en-la-provincia\/#breadcrumb","itemListElement":[{"@type":"ListItem","position":1,"name":"Portada","item":"https:\/\/diarioprincipios.com\/"},{"@type":"ListItem","position":2,"name":"Se present\u00f3 el programa \u00abMi Primera Colmena\u00bb para fomentar la apicultura en la Provincia"}]},{"@type":"WebSite","@id":"https:\/\/diarioprincipios.com\/#website","url":"https:\/\/diarioprincipios.com\/","name":"Principios","description":"Principios Diario","publisher":{"@id":"https:\/\/diarioprincipios.com\/#organization"},"potentialAction":[{"@type":"SearchAction","target":{"@type":"EntryPoint","urlTemplate":"https:\/\/diarioprincipios.com\/?s={search_term_string}"},"query-input":{"@type":"PropertyValueSpecification","valueRequired":true,"valueName":"search_term_string"}}],"inLanguage":"es"},{"@type":"Organization","@id":"https:\/\/diarioprincipios.com\/#organization","name":"Principios","url":"https:\/\/diarioprincipios.com\/","logo":{"@type":"ImageObject","inLanguage":"es","@id":"https:\/\/diarioprincipios.com\/#\/schema\/logo\/image\/","url":"https:\/\/diarioprincipios.com\/wp-content\/uploads\/2024\/04\/cropped-www.diarioprincipios.com_-1.png","contentUrl":"https:\/\/diarioprincipios.com\/wp-content\/uploads\/2024\/04\/cropped-www.diarioprincipios.com_-1.png","width":5325,"height":1454,"caption":"Principios"},"image":{"@id":"https:\/\/diarioprincipios.com\/#\/schema\/logo\/image\/"}},{"@type":"Person","@id":"https:\/\/diarioprincipios.com\/#\/schema\/person\/436d5a1fd41a5e250e23ff5a6a7cb080","name":"Hern\u00e1n L\u00f3pez","image":{"@type":"ImageObject","inLanguage":"es","@id":"https:\/\/diarioprincipios.com\/wp-content\/litespeed\/avatar\/11ddfe5610ff3bd100522525b2571f48.jpg?ver=1777048341","url":"https:\/\/diarioprincipios.com\/wp-content\/litespeed\/avatar\/11ddfe5610ff3bd100522525b2571f48.jpg?ver=1777048341","contentUrl":"https:\/\/diarioprincipios.com\/wp-content\/litespeed\/avatar\/11ddfe5610ff3bd100522525b2571f48.jpg?ver=1777048341","caption":"Hern\u00e1n L\u00f3pez"},"url":"https:\/\/diarioprincipios.com\/index.php\/author\/hernan\/"}]}},"jetpack_featured_media_url":"https:\/\/diarioprincipios.com\/wp-content\/uploads\/2022\/11\/colmena.jpg","_links":{"self":[{"href":"https:\/\/diarioprincipios.com\/index.php\/wp-json\/wp\/v2\/posts\/15108","targetHints":{"allow":["GET"]}}],"collection":[{"href":"https:\/\/diarioprincipios.com\/index.php\/wp-json\/wp\/v2\/posts"}],"about":[{"href":"https:\/\/diarioprincipios.com\/index.php\/wp-json\/wp\/v2\/types\/post"}],"author":[{"embeddable":true,"href":"https:\/\/diarioprincipios.com\/index.php\/wp-json\/wp\/v2\/users\/2"}],"replies":[{"embeddable":true,"href":"https:\/\/diarioprincipios.com\/index.php\/wp-json\/wp\/v2\/comments?post=15108"}],"version-history":[{"count":1,"href":"https:\/\/diarioprincipios.com\/index.php\/wp-json\/wp\/v2\/posts\/15108\/revisions"}],"predecessor-version":[{"id":15110,"href":"https:\/\/diarioprincipios.com\/index.php\/wp-json\/wp\/v2\/posts\/15108\/revisions\/15110"}],"wp:featuredmedia":[{"embeddable":true,"href":"https:\/\/diarioprincipios.com\/index.php\/wp-json\/wp\/v2\/media\/15109"}],"wp:attachment":[{"href":"https:\/\/diarioprincipios.com\/index.php\/wp-json\/wp\/v2\/media?parent=15108"}],"wp:term":[{"taxonomy":"category","embeddable":true,"href":"https:\/\/diarioprincipios.com\/index.php\/wp-json\/wp\/v2\/categories?post=15108"},{"taxonomy":"post_tag","embeddable":true,"href":"https:\/\/diarioprincipios.com\/index.php\/wp-json\/wp\/v2\/tags?post=15108"}],"curies":[{"name":"wp","href":"https:\/\/api.w.org\/{rel}","templated":true}]}}