{"id":15072,"date":"2022-11-09T21:23:25","date_gmt":"2022-11-10T00:23:25","guid":{"rendered":"http:\/\/diarioprincipios.com\/?p=15072"},"modified":"2022-11-30T02:42:35","modified_gmt":"2022-11-30T05:42:35","slug":"sedronar-atencion-y-acompanamiento-a-personas-con-consumos-problematicos","status":"publish","type":"post","link":"https:\/\/diarioprincipios.com\/index.php\/2022\/11\/09\/sedronar-atencion-y-acompanamiento-a-personas-con-consumos-problematicos\/","title":{"rendered":"Sedronar: Atenci\u00f3n y acompa\u00f1amiento a personas con consumos problem\u00e1ticos"},"content":{"rendered":"\n<p><strong>La Municipalidad de Berazategui -a cargo del Dr. Juan Jos\u00e9 Mussi- informa a los vecinos y vecinas que se encuentra a disposici\u00f3n de la comunidad local el Dispositivo Territorial Comunitario de la Secretar\u00eda de Pol\u00edticas Integrales sobre Drogas de la Naci\u00f3n Argentina (SEDRONAR).<\/strong><\/p>\n\n\n\n<p>Este espacio situado en la calle 57 y 129, del barrio Kennedy Sur \u2013 que trabaja en conjunto con la Secretar\u00eda de Salud P\u00fablica e Higiene Municipal- coordina pol\u00edticas p\u00fablicas enfocadas en la prevenci\u00f3n, atenci\u00f3n, asistencia y acompa\u00f1amiento de personas con consumos problem\u00e1ticos, en todo el territorio.<\/p>\n\n\n\n<p>Brinda orientaci\u00f3n e informaci\u00f3n a quienes se encuentran atravesando estos consumos y a sus familias, a trav\u00e9s de un equipo de atenci\u00f3n interdisciplinario.<\/p>\n\n\n\n<p>Quienes lo requieran, pueden acercarse lunes y jueves de 8.00 a 16.00; y mi\u00e9rcoles y viernes de 12.00 a 16.00; o comunicarse a trav\u00e9s de la l\u00ednea de WhatsApp 11-5690-9455 en esos d\u00edas y horarios.<\/p>\n","protected":false},"excerpt":{"rendered":"<p>La Municipalidad de Berazategui -a cargo del Dr. Juan Jos\u00e9 Mussi- informa a los vecinos y vecinas que se encuentra a disposici\u00f3n de la comunidad local el Dispositivo Territorial Comunitario de la Secretar\u00eda de Pol\u00edticas Integrales sobre Drogas de la Naci\u00f3n Argentina (SEDRONAR). Este espacio situado en la calle 57 y 129, del barrio Kennedy&#8230;<\/p>\n","protected":false},"author":2,"featured_media":15073,"comment_status":"open","ping_status":"open","sticky":false,"template":"","format":"standard","meta":{"footnotes":""},"categories":[3],"tags":[],"class_list":["post-15072","post","type-post","status-publish","format-standard","has-post-thumbnail","hentry","category-berazategui"],"featured_image_src":"https:\/\/diarioprincipios.com\/wp-content\/uploads\/2022\/11\/SEDRONAR.-ATENCION-Y-ACOMPANAMIENTO-A-PERSONAS-CON-CONSUMOS-PROBLEMATICOS-1024x682.jpeg","blog_images":{"medium":"https:\/\/diarioprincipios.com\/wp-content\/uploads\/2022\/11\/SEDRONAR.-ATENCION-Y-ACOMPANAMIENTO-A-PERSONAS-CON-CONSUMOS-PROBLEMATICOS-300x200.jpeg","large":"https:\/\/diarioprincipios.com\/wp-content\/uploads\/2022\/11\/SEDRONAR.-ATENCION-Y-ACOMPANAMIENTO-A-PERSONAS-CON-CONSUMOS-PROBLEMATICOS-1024x682.jpeg"},"ams_acf":[],"yoast_head":"<!-- This site is optimized with the Yoast SEO plugin v27.3 - https:\/\/yoast.com\/product\/yoast-seo-wordpress\/ -->\n<title>Sedronar: Atenci\u00f3n y acompa\u00f1amiento a personas con consumos problem\u00e1ticos - Principios<\/title>\n<meta name=\"robots\" content=\"index, follow, max-snippet:-1, max-image-preview:large, max-video-preview:-1\" \/>\n<link rel=\"canonical\" href=\"https:\/\/diarioprincipios.com\/index.php\/2022\/11\/09\/sedronar-atencion-y-acompanamiento-a-personas-con-consumos-problematicos\/\" \/>\n<meta property=\"og:locale\" content=\"es_ES\" \/>\n<meta property=\"og:type\" content=\"article\" \/>\n<meta property=\"og:title\" content=\"Sedronar: Atenci\u00f3n y acompa\u00f1amiento a personas con consumos problem\u00e1ticos - Principios\" \/>\n<meta property=\"og:description\" content=\"La Municipalidad de Berazategui -a cargo del Dr. Juan Jos\u00e9 Mussi- informa a los vecinos y vecinas que se encuentra a disposici\u00f3n de la comunidad local el Dispositivo Territorial Comunitario de la Secretar\u00eda de Pol\u00edticas Integrales sobre Drogas de la Naci\u00f3n Argentina (SEDRONAR). Este espacio situado en la calle 57 y 129, del barrio Kennedy...\" \/>\n<meta property=\"og:url\" content=\"https:\/\/diarioprincipios.com\/index.php\/2022\/11\/09\/sedronar-atencion-y-acompanamiento-a-personas-con-consumos-problematicos\/\" \/>\n<meta property=\"og:site_name\" content=\"Principios\" \/>\n<meta property=\"article:published_time\" content=\"2022-11-10T00:23:25+00:00\" \/>\n<meta property=\"article:modified_time\" content=\"2022-11-30T05:42:35+00:00\" \/>\n<meta property=\"og:image\" content=\"https:\/\/diarioprincipios.com\/wp-content\/uploads\/2022\/11\/SEDRONAR.-ATENCION-Y-ACOMPANAMIENTO-A-PERSONAS-CON-CONSUMOS-PROBLEMATICOS.jpeg\" \/>\n\t<meta property=\"og:image:width\" content=\"1280\" \/>\n\t<meta property=\"og:image:height\" content=\"853\" \/>\n\t<meta property=\"og:image:type\" content=\"image\/jpeg\" \/>\n<meta name=\"author\" content=\"Hern\u00e1n L\u00f3pez\" \/>\n<meta name=\"twitter:card\" content=\"summary_large_image\" \/>\n<meta name=\"twitter:label1\" content=\"Escrito por\" \/>\n\t<meta name=\"twitter:data1\" content=\"Hern\u00e1n L\u00f3pez\" \/>\n\t<meta name=\"twitter:label2\" content=\"Tiempo de lectura\" \/>\n\t<meta name=\"twitter:data2\" content=\"1 minuto\" \/>\n<script type=\"application\/ld+json\" class=\"yoast-schema-graph\">{\"@context\":\"https:\\\/\\\/schema.org\",\"@graph\":[{\"@type\":\"Article\",\"@id\":\"https:\\\/\\\/diarioprincipios.com\\\/index.php\\\/2022\\\/11\\\/09\\\/sedronar-atencion-y-acompanamiento-a-personas-con-consumos-problematicos\\\/#article\",\"isPartOf\":{\"@id\":\"https:\\\/\\\/diarioprincipios.com\\\/index.php\\\/2022\\\/11\\\/09\\\/sedronar-atencion-y-acompanamiento-a-personas-con-consumos-problematicos\\\/\"},\"author\":{\"name\":\"Hern\u00e1n L\u00f3pez\",\"@id\":\"https:\\\/\\\/diarioprincipios.com\\\/#\\\/schema\\\/person\\\/436d5a1fd41a5e250e23ff5a6a7cb080\"},\"headline\":\"Sedronar: Atenci\u00f3n y acompa\u00f1amiento a personas con consumos problem\u00e1ticos\",\"datePublished\":\"2022-11-10T00:23:25+00:00\",\"dateModified\":\"2022-11-30T05:42:35+00:00\",\"mainEntityOfPage\":{\"@id\":\"https:\\\/\\\/diarioprincipios.com\\\/index.php\\\/2022\\\/11\\\/09\\\/sedronar-atencion-y-acompanamiento-a-personas-con-consumos-problematicos\\\/\"},\"wordCount\":174,\"commentCount\":0,\"publisher\":{\"@id\":\"https:\\\/\\\/diarioprincipios.com\\\/#organization\"},\"image\":{\"@id\":\"https:\\\/\\\/diarioprincipios.com\\\/index.php\\\/2022\\\/11\\\/09\\\/sedronar-atencion-y-acompanamiento-a-personas-con-consumos-problematicos\\\/#primaryimage\"},\"thumbnailUrl\":\"https:\\\/\\\/diarioprincipios.com\\\/wp-content\\\/uploads\\\/2022\\\/11\\\/SEDRONAR.-ATENCION-Y-ACOMPANAMIENTO-A-PERSONAS-CON-CONSUMOS-PROBLEMATICOS.jpeg\",\"articleSection\":[\"Berazategui\"],\"inLanguage\":\"es\",\"potentialAction\":[{\"@type\":\"CommentAction\",\"name\":\"Comment\",\"target\":[\"https:\\\/\\\/diarioprincipios.com\\\/index.php\\\/2022\\\/11\\\/09\\\/sedronar-atencion-y-acompanamiento-a-personas-con-consumos-problematicos\\\/#respond\"]}]},{\"@type\":\"WebPage\",\"@id\":\"https:\\\/\\\/diarioprincipios.com\\\/index.php\\\/2022\\\/11\\\/09\\\/sedronar-atencion-y-acompanamiento-a-personas-con-consumos-problematicos\\\/\",\"url\":\"https:\\\/\\\/diarioprincipios.com\\\/index.php\\\/2022\\\/11\\\/09\\\/sedronar-atencion-y-acompanamiento-a-personas-con-consumos-problematicos\\\/\",\"name\":\"Sedronar: Atenci\u00f3n y acompa\u00f1amiento a personas con consumos problem\u00e1ticos - Principios\",\"isPartOf\":{\"@id\":\"https:\\\/\\\/diarioprincipios.com\\\/#website\"},\"primaryImageOfPage\":{\"@id\":\"https:\\\/\\\/diarioprincipios.com\\\/index.php\\\/2022\\\/11\\\/09\\\/sedronar-atencion-y-acompanamiento-a-personas-con-consumos-problematicos\\\/#primaryimage\"},\"image\":{\"@id\":\"https:\\\/\\\/diarioprincipios.com\\\/index.php\\\/2022\\\/11\\\/09\\\/sedronar-atencion-y-acompanamiento-a-personas-con-consumos-problematicos\\\/#primaryimage\"},\"thumbnailUrl\":\"https:\\\/\\\/diarioprincipios.com\\\/wp-content\\\/uploads\\\/2022\\\/11\\\/SEDRONAR.-ATENCION-Y-ACOMPANAMIENTO-A-PERSONAS-CON-CONSUMOS-PROBLEMATICOS.jpeg\",\"datePublished\":\"2022-11-10T00:23:25+00:00\",\"dateModified\":\"2022-11-30T05:42:35+00:00\",\"breadcrumb\":{\"@id\":\"https:\\\/\\\/diarioprincipios.com\\\/index.php\\\/2022\\\/11\\\/09\\\/sedronar-atencion-y-acompanamiento-a-personas-con-consumos-problematicos\\\/#breadcrumb\"},\"inLanguage\":\"es\",\"potentialAction\":[{\"@type\":\"ReadAction\",\"target\":[\"https:\\\/\\\/diarioprincipios.com\\\/index.php\\\/2022\\\/11\\\/09\\\/sedronar-atencion-y-acompanamiento-a-personas-con-consumos-problematicos\\\/\"]}]},{\"@type\":\"ImageObject\",\"inLanguage\":\"es\",\"@id\":\"https:\\\/\\\/diarioprincipios.com\\\/index.php\\\/2022\\\/11\\\/09\\\/sedronar-atencion-y-acompanamiento-a-personas-con-consumos-problematicos\\\/#primaryimage\",\"url\":\"https:\\\/\\\/diarioprincipios.com\\\/wp-content\\\/uploads\\\/2022\\\/11\\\/SEDRONAR.-ATENCION-Y-ACOMPANAMIENTO-A-PERSONAS-CON-CONSUMOS-PROBLEMATICOS.jpeg\",\"contentUrl\":\"https:\\\/\\\/diarioprincipios.com\\\/wp-content\\\/uploads\\\/2022\\\/11\\\/SEDRONAR.-ATENCION-Y-ACOMPANAMIENTO-A-PERSONAS-CON-CONSUMOS-PROBLEMATICOS.jpeg\",\"width\":1280,\"height\":853},{\"@type\":\"BreadcrumbList\",\"@id\":\"https:\\\/\\\/diarioprincipios.com\\\/index.php\\\/2022\\\/11\\\/09\\\/sedronar-atencion-y-acompanamiento-a-personas-con-consumos-problematicos\\\/#breadcrumb\",\"itemListElement\":[{\"@type\":\"ListItem\",\"position\":1,\"name\":\"Portada\",\"item\":\"https:\\\/\\\/diarioprincipios.com\\\/\"},{\"@type\":\"ListItem\",\"position\":2,\"name\":\"Sedronar: Atenci\u00f3n y acompa\u00f1amiento a personas con consumos problem\u00e1ticos\"}]},{\"@type\":\"WebSite\",\"@id\":\"https:\\\/\\\/diarioprincipios.com\\\/#website\",\"url\":\"https:\\\/\\\/diarioprincipios.com\\\/\",\"name\":\"Principios\",\"description\":\"Principios Diario\",\"publisher\":{\"@id\":\"https:\\\/\\\/diarioprincipios.com\\\/#organization\"},\"potentialAction\":[{\"@type\":\"SearchAction\",\"target\":{\"@type\":\"EntryPoint\",\"urlTemplate\":\"https:\\\/\\\/diarioprincipios.com\\\/?s={search_term_string}\"},\"query-input\":{\"@type\":\"PropertyValueSpecification\",\"valueRequired\":true,\"valueName\":\"search_term_string\"}}],\"inLanguage\":\"es\"},{\"@type\":\"Organization\",\"@id\":\"https:\\\/\\\/diarioprincipios.com\\\/#organization\",\"name\":\"Principios\",\"url\":\"https:\\\/\\\/diarioprincipios.com\\\/\",\"logo\":{\"@type\":\"ImageObject\",\"inLanguage\":\"es\",\"@id\":\"https:\\\/\\\/diarioprincipios.com\\\/#\\\/schema\\\/logo\\\/image\\\/\",\"url\":\"https:\\\/\\\/diarioprincipios.com\\\/wp-content\\\/uploads\\\/2024\\\/04\\\/cropped-www.diarioprincipios.com_-1.png\",\"contentUrl\":\"https:\\\/\\\/diarioprincipios.com\\\/wp-content\\\/uploads\\\/2024\\\/04\\\/cropped-www.diarioprincipios.com_-1.png\",\"width\":5325,\"height\":1454,\"caption\":\"Principios\"},\"image\":{\"@id\":\"https:\\\/\\\/diarioprincipios.com\\\/#\\\/schema\\\/logo\\\/image\\\/\"}},{\"@type\":\"Person\",\"@id\":\"https:\\\/\\\/diarioprincipios.com\\\/#\\\/schema\\\/person\\\/436d5a1fd41a5e250e23ff5a6a7cb080\",\"name\":\"Hern\u00e1n L\u00f3pez\",\"image\":{\"@type\":\"ImageObject\",\"inLanguage\":\"es\",\"@id\":\"https:\\\/\\\/diarioprincipios.com\\\/wp-content\\\/litespeed\\\/avatar\\\/11ddfe5610ff3bd100522525b2571f48.jpg?ver=1777048341\",\"url\":\"https:\\\/\\\/diarioprincipios.com\\\/wp-content\\\/litespeed\\\/avatar\\\/11ddfe5610ff3bd100522525b2571f48.jpg?ver=1777048341\",\"contentUrl\":\"https:\\\/\\\/diarioprincipios.com\\\/wp-content\\\/litespeed\\\/avatar\\\/11ddfe5610ff3bd100522525b2571f48.jpg?ver=1777048341\",\"caption\":\"Hern\u00e1n L\u00f3pez\"},\"url\":\"https:\\\/\\\/diarioprincipios.com\\\/index.php\\\/author\\\/hernan\\\/\"}]}<\/script>\n<!-- \/ Yoast SEO plugin. -->","yoast_head_json":{"title":"Sedronar: Atenci\u00f3n y acompa\u00f1amiento a personas con consumos problem\u00e1ticos - Principios","robots":{"index":"index","follow":"follow","max-snippet":"max-snippet:-1","max-image-preview":"max-image-preview:large","max-video-preview":"max-video-preview:-1"},"canonical":"https:\/\/diarioprincipios.com\/index.php\/2022\/11\/09\/sedronar-atencion-y-acompanamiento-a-personas-con-consumos-problematicos\/","og_locale":"es_ES","og_type":"article","og_title":"Sedronar: Atenci\u00f3n y acompa\u00f1amiento a personas con consumos problem\u00e1ticos - Principios","og_description":"La Municipalidad de Berazategui -a cargo del Dr. Juan Jos\u00e9 Mussi- informa a los vecinos y vecinas que se encuentra a disposici\u00f3n de la comunidad local el Dispositivo Territorial Comunitario de la Secretar\u00eda de Pol\u00edticas Integrales sobre Drogas de la Naci\u00f3n Argentina (SEDRONAR). Este espacio situado en la calle 57 y 129, del barrio Kennedy...","og_url":"https:\/\/diarioprincipios.com\/index.php\/2022\/11\/09\/sedronar-atencion-y-acompanamiento-a-personas-con-consumos-problematicos\/","og_site_name":"Principios","article_published_time":"2022-11-10T00:23:25+00:00","article_modified_time":"2022-11-30T05:42:35+00:00","og_image":[{"width":1280,"height":853,"url":"https:\/\/diarioprincipios.com\/wp-content\/uploads\/2022\/11\/SEDRONAR.-ATENCION-Y-ACOMPANAMIENTO-A-PERSONAS-CON-CONSUMOS-PROBLEMATICOS.jpeg","type":"image\/jpeg"}],"author":"Hern\u00e1n L\u00f3pez","twitter_card":"summary_large_image","twitter_misc":{"Escrito por":"Hern\u00e1n L\u00f3pez","Tiempo de lectura":"1 minuto"},"schema":{"@context":"https:\/\/schema.org","@graph":[{"@type":"Article","@id":"https:\/\/diarioprincipios.com\/index.php\/2022\/11\/09\/sedronar-atencion-y-acompanamiento-a-personas-con-consumos-problematicos\/#article","isPartOf":{"@id":"https:\/\/diarioprincipios.com\/index.php\/2022\/11\/09\/sedronar-atencion-y-acompanamiento-a-personas-con-consumos-problematicos\/"},"author":{"name":"Hern\u00e1n L\u00f3pez","@id":"https:\/\/diarioprincipios.com\/#\/schema\/person\/436d5a1fd41a5e250e23ff5a6a7cb080"},"headline":"Sedronar: Atenci\u00f3n y acompa\u00f1amiento a personas con consumos problem\u00e1ticos","datePublished":"2022-11-10T00:23:25+00:00","dateModified":"2022-11-30T05:42:35+00:00","mainEntityOfPage":{"@id":"https:\/\/diarioprincipios.com\/index.php\/2022\/11\/09\/sedronar-atencion-y-acompanamiento-a-personas-con-consumos-problematicos\/"},"wordCount":174,"commentCount":0,"publisher":{"@id":"https:\/\/diarioprincipios.com\/#organization"},"image":{"@id":"https:\/\/diarioprincipios.com\/index.php\/2022\/11\/09\/sedronar-atencion-y-acompanamiento-a-personas-con-consumos-problematicos\/#primaryimage"},"thumbnailUrl":"https:\/\/diarioprincipios.com\/wp-content\/uploads\/2022\/11\/SEDRONAR.-ATENCION-Y-ACOMPANAMIENTO-A-PERSONAS-CON-CONSUMOS-PROBLEMATICOS.jpeg","articleSection":["Berazategui"],"inLanguage":"es","potentialAction":[{"@type":"CommentAction","name":"Comment","target":["https:\/\/diarioprincipios.com\/index.php\/2022\/11\/09\/sedronar-atencion-y-acompanamiento-a-personas-con-consumos-problematicos\/#respond"]}]},{"@type":"WebPage","@id":"https:\/\/diarioprincipios.com\/index.php\/2022\/11\/09\/sedronar-atencion-y-acompanamiento-a-personas-con-consumos-problematicos\/","url":"https:\/\/diarioprincipios.com\/index.php\/2022\/11\/09\/sedronar-atencion-y-acompanamiento-a-personas-con-consumos-problematicos\/","name":"Sedronar: Atenci\u00f3n y acompa\u00f1amiento a personas con consumos problem\u00e1ticos - Principios","isPartOf":{"@id":"https:\/\/diarioprincipios.com\/#website"},"primaryImageOfPage":{"@id":"https:\/\/diarioprincipios.com\/index.php\/2022\/11\/09\/sedronar-atencion-y-acompanamiento-a-personas-con-consumos-problematicos\/#primaryimage"},"image":{"@id":"https:\/\/diarioprincipios.com\/index.php\/2022\/11\/09\/sedronar-atencion-y-acompanamiento-a-personas-con-consumos-problematicos\/#primaryimage"},"thumbnailUrl":"https:\/\/diarioprincipios.com\/wp-content\/uploads\/2022\/11\/SEDRONAR.-ATENCION-Y-ACOMPANAMIENTO-A-PERSONAS-CON-CONSUMOS-PROBLEMATICOS.jpeg","datePublished":"2022-11-10T00:23:25+00:00","dateModified":"2022-11-30T05:42:35+00:00","breadcrumb":{"@id":"https:\/\/diarioprincipios.com\/index.php\/2022\/11\/09\/sedronar-atencion-y-acompanamiento-a-personas-con-consumos-problematicos\/#breadcrumb"},"inLanguage":"es","potentialAction":[{"@type":"ReadAction","target":["https:\/\/diarioprincipios.com\/index.php\/2022\/11\/09\/sedronar-atencion-y-acompanamiento-a-personas-con-consumos-problematicos\/"]}]},{"@type":"ImageObject","inLanguage":"es","@id":"https:\/\/diarioprincipios.com\/index.php\/2022\/11\/09\/sedronar-atencion-y-acompanamiento-a-personas-con-consumos-problematicos\/#primaryimage","url":"https:\/\/diarioprincipios.com\/wp-content\/uploads\/2022\/11\/SEDRONAR.-ATENCION-Y-ACOMPANAMIENTO-A-PERSONAS-CON-CONSUMOS-PROBLEMATICOS.jpeg","contentUrl":"https:\/\/diarioprincipios.com\/wp-content\/uploads\/2022\/11\/SEDRONAR.-ATENCION-Y-ACOMPANAMIENTO-A-PERSONAS-CON-CONSUMOS-PROBLEMATICOS.jpeg","width":1280,"height":853},{"@type":"BreadcrumbList","@id":"https:\/\/diarioprincipios.com\/index.php\/2022\/11\/09\/sedronar-atencion-y-acompanamiento-a-personas-con-consumos-problematicos\/#breadcrumb","itemListElement":[{"@type":"ListItem","position":1,"name":"Portada","item":"https:\/\/diarioprincipios.com\/"},{"@type":"ListItem","position":2,"name":"Sedronar: Atenci\u00f3n y acompa\u00f1amiento a personas con consumos problem\u00e1ticos"}]},{"@type":"WebSite","@id":"https:\/\/diarioprincipios.com\/#website","url":"https:\/\/diarioprincipios.com\/","name":"Principios","description":"Principios Diario","publisher":{"@id":"https:\/\/diarioprincipios.com\/#organization"},"potentialAction":[{"@type":"SearchAction","target":{"@type":"EntryPoint","urlTemplate":"https:\/\/diarioprincipios.com\/?s={search_term_string}"},"query-input":{"@type":"PropertyValueSpecification","valueRequired":true,"valueName":"search_term_string"}}],"inLanguage":"es"},{"@type":"Organization","@id":"https:\/\/diarioprincipios.com\/#organization","name":"Principios","url":"https:\/\/diarioprincipios.com\/","logo":{"@type":"ImageObject","inLanguage":"es","@id":"https:\/\/diarioprincipios.com\/#\/schema\/logo\/image\/","url":"https:\/\/diarioprincipios.com\/wp-content\/uploads\/2024\/04\/cropped-www.diarioprincipios.com_-1.png","contentUrl":"https:\/\/diarioprincipios.com\/wp-content\/uploads\/2024\/04\/cropped-www.diarioprincipios.com_-1.png","width":5325,"height":1454,"caption":"Principios"},"image":{"@id":"https:\/\/diarioprincipios.com\/#\/schema\/logo\/image\/"}},{"@type":"Person","@id":"https:\/\/diarioprincipios.com\/#\/schema\/person\/436d5a1fd41a5e250e23ff5a6a7cb080","name":"Hern\u00e1n L\u00f3pez","image":{"@type":"ImageObject","inLanguage":"es","@id":"https:\/\/diarioprincipios.com\/wp-content\/litespeed\/avatar\/11ddfe5610ff3bd100522525b2571f48.jpg?ver=1777048341","url":"https:\/\/diarioprincipios.com\/wp-content\/litespeed\/avatar\/11ddfe5610ff3bd100522525b2571f48.jpg?ver=1777048341","contentUrl":"https:\/\/diarioprincipios.com\/wp-content\/litespeed\/avatar\/11ddfe5610ff3bd100522525b2571f48.jpg?ver=1777048341","caption":"Hern\u00e1n L\u00f3pez"},"url":"https:\/\/diarioprincipios.com\/index.php\/author\/hernan\/"}]}},"jetpack_featured_media_url":"https:\/\/diarioprincipios.com\/wp-content\/uploads\/2022\/11\/SEDRONAR.-ATENCION-Y-ACOMPANAMIENTO-A-PERSONAS-CON-CONSUMOS-PROBLEMATICOS.jpeg","_links":{"self":[{"href":"https:\/\/diarioprincipios.com\/index.php\/wp-json\/wp\/v2\/posts\/15072","targetHints":{"allow":["GET"]}}],"collection":[{"href":"https:\/\/diarioprincipios.com\/index.php\/wp-json\/wp\/v2\/posts"}],"about":[{"href":"https:\/\/diarioprincipios.com\/index.php\/wp-json\/wp\/v2\/types\/post"}],"author":[{"embeddable":true,"href":"https:\/\/diarioprincipios.com\/index.php\/wp-json\/wp\/v2\/users\/2"}],"replies":[{"embeddable":true,"href":"https:\/\/diarioprincipios.com\/index.php\/wp-json\/wp\/v2\/comments?post=15072"}],"version-history":[{"count":1,"href":"https:\/\/diarioprincipios.com\/index.php\/wp-json\/wp\/v2\/posts\/15072\/revisions"}],"predecessor-version":[{"id":15074,"href":"https:\/\/diarioprincipios.com\/index.php\/wp-json\/wp\/v2\/posts\/15072\/revisions\/15074"}],"wp:featuredmedia":[{"embeddable":true,"href":"https:\/\/diarioprincipios.com\/index.php\/wp-json\/wp\/v2\/media\/15073"}],"wp:attachment":[{"href":"https:\/\/diarioprincipios.com\/index.php\/wp-json\/wp\/v2\/media?parent=15072"}],"wp:term":[{"taxonomy":"category","embeddable":true,"href":"https:\/\/diarioprincipios.com\/index.php\/wp-json\/wp\/v2\/categories?post=15072"},{"taxonomy":"post_tag","embeddable":true,"href":"https:\/\/diarioprincipios.com\/index.php\/wp-json\/wp\/v2\/tags?post=15072"}],"curies":[{"name":"wp","href":"https:\/\/api.w.org\/{rel}","templated":true}]}}