{"id":15059,"date":"2022-11-08T18:54:02","date_gmt":"2022-11-08T21:54:02","guid":{"rendered":"http:\/\/diarioprincipios.com\/?p=15059"},"modified":"2022-11-30T02:41:35","modified_gmt":"2022-11-30T05:41:35","slug":"la-feria-del-libro-avellaneda-convoco-a-una-gran-cantidad-de-visitantes","status":"publish","type":"post","link":"https:\/\/diarioprincipios.com\/index.php\/2022\/11\/08\/la-feria-del-libro-avellaneda-convoco-a-una-gran-cantidad-de-visitantes\/","title":{"rendered":"La Feria del Libro Avellaneda convoc\u00f3 a una gran cantidad de visitantes"},"content":{"rendered":"\n<p>Hubo charlas, lecturas, presentaciones de libros, la participaci\u00f3n de editoriales y disertantes de renombre.<\/p>\n\n\n\n<p>El \u00faltimo fin de semana el Parque La Estaci\u00f3n fue sede de la Feria del Libro Avellaneda. El evento municipal reuni\u00f3 editoriales, librer\u00edas, bibliotecas populares, escritorxs y escritoras, 70 editoriales de relevancia nacional y local y eventos en torno a los libros y la literatura.<\/p>\n\n\n\n<p>Durante las jornadas se desarrollaron actividades esc\u00e9nicas y de formaci\u00f3n en cuatro espacios destinados especialmente, como el escenario principal \u201cN\u00e9stor Perlongher\u201d, el auditorio \u201cAlejandra Pizarnik\u201d, el aula taller \u201cMarcelo Ben\u00edtez\u201d y el living de lectura \u201cGioconda De Zabatta\u201d.<\/p>\n\n\n\n<figure class=\"wp-block-image size-large\"><img loading=\"lazy\" decoding=\"async\" width=\"1024\" height=\"682\" src=\"https:\/\/diarioprincipios.com\/wp-content\/uploads\/2022\/11\/1-1-1024x682.jpg\" alt=\"\" class=\"wp-image-15060\" srcset=\"https:\/\/diarioprincipios.com\/wp-content\/uploads\/2022\/11\/1-1-1024x682.jpg 1024w, https:\/\/diarioprincipios.com\/wp-content\/uploads\/2022\/11\/1-1-300x200.jpg 300w, https:\/\/diarioprincipios.com\/wp-content\/uploads\/2022\/11\/1-1-768x511.jpg 768w, https:\/\/diarioprincipios.com\/wp-content\/uploads\/2022\/11\/1-1-1536x1022.jpg 1536w, https:\/\/diarioprincipios.com\/wp-content\/uploads\/2022\/11\/1-1.jpg 1600w\" sizes=\"auto, (max-width: 1024px) 100vw, 1024px\" \/><\/figure>\n\n\n\n<p>El intendente de Avellaneda Jorge Ferraresi y la jefa de Gabinete Magdalena Sierra visitaron la Feria, recorrieron los stands y dialogaron con los disertantes y el p\u00fablico que se acerc\u00f3 a disfrutar una salida diferente.<\/p>\n\n\n\n<p>El \u201cCiclo de Charlas\u201d cont\u00f3 con las participaciones de Cynthia Garc\u00eda, Gustavo \u201cGato\u201d Sylvestre, Gisela Marziotta, Pedro Rosemblat, Javier \u201cEl Profe\u201d Romero, Hern\u00e1n Brienza, Diego Golombek, Mart\u00edn Kohan, Pablo Ramos, Marcelo Koenig,&nbsp; y combatientes que invitaron a reflexionar y aprender sobre la causa Malvinas.<\/p>\n\n\n\n<figure class=\"wp-block-image size-full\"><img loading=\"lazy\" decoding=\"async\" width=\"882\" height=\"564\" src=\"https:\/\/diarioprincipios.com\/wp-content\/uploads\/2022\/11\/313856854_706567544159823_7525592268587975691_n.jpg\" alt=\"\" class=\"wp-image-15061\" srcset=\"https:\/\/diarioprincipios.com\/wp-content\/uploads\/2022\/11\/313856854_706567544159823_7525592268587975691_n.jpg 882w, https:\/\/diarioprincipios.com\/wp-content\/uploads\/2022\/11\/313856854_706567544159823_7525592268587975691_n-300x192.jpg 300w, https:\/\/diarioprincipios.com\/wp-content\/uploads\/2022\/11\/313856854_706567544159823_7525592268587975691_n-768x491.jpg 768w\" sizes=\"auto, (max-width: 882px) 100vw, 882px\" \/><\/figure>\n\n\n\n<p>Para el final, se desarroll\u00f3 una \u201cRonda de lectura\u201d con Esther Goris, Mauricio Kartun, V\u00edctor Laplace, Juan Leyrado y Antonio Grimau.<\/p>\n\n\n\n<p>Cada fin de semana, el Parque Municipal Multiprop\u00f3sito La Estaci\u00f3n renueva su programaci\u00f3n, que est\u00e1 disponible en:&nbsp;<a rel=\"noreferrer noopener\" target=\"_blank\" href=\"https:\/\/laestacion.mda.gob.ar\/\">https:\/\/laestacion.mda.gob.ar\/<\/a><\/p>\n","protected":false},"excerpt":{"rendered":"<p>Hubo charlas, lecturas, presentaciones de libros, la participaci\u00f3n de editoriales y disertantes de renombre. El \u00faltimo fin de semana el Parque La Estaci\u00f3n fue sede de la Feria del Libro Avellaneda. El evento municipal reuni\u00f3 editoriales, librer\u00edas, bibliotecas populares, escritorxs y escritoras, 70 editoriales de relevancia nacional y local y eventos en torno a los&#8230;<\/p>\n","protected":false},"author":2,"featured_media":15062,"comment_status":"open","ping_status":"open","sticky":false,"template":"","format":"standard","meta":{"footnotes":""},"categories":[5],"tags":[],"class_list":["post-15059","post","type-post","status-publish","format-standard","has-post-thumbnail","hentry","category-avellaneda"],"featured_image_src":"https:\/\/diarioprincipios.com\/wp-content\/uploads\/2022\/11\/2-1024x681.jpg","blog_images":{"medium":"https:\/\/diarioprincipios.com\/wp-content\/uploads\/2022\/11\/2-300x200.jpg","large":"https:\/\/diarioprincipios.com\/wp-content\/uploads\/2022\/11\/2-1024x681.jpg"},"ams_acf":[],"yoast_head":"<!-- This site is optimized with the Yoast SEO plugin v27.3 - https:\/\/yoast.com\/product\/yoast-seo-wordpress\/ -->\n<title>La Feria del Libro Avellaneda convoc\u00f3 a una gran cantidad de visitantes - Principios<\/title>\n<meta name=\"robots\" content=\"index, follow, max-snippet:-1, max-image-preview:large, max-video-preview:-1\" \/>\n<link rel=\"canonical\" href=\"https:\/\/diarioprincipios.com\/index.php\/2022\/11\/08\/la-feria-del-libro-avellaneda-convoco-a-una-gran-cantidad-de-visitantes\/\" \/>\n<meta property=\"og:locale\" content=\"es_ES\" \/>\n<meta property=\"og:type\" content=\"article\" \/>\n<meta property=\"og:title\" content=\"La Feria del Libro Avellaneda convoc\u00f3 a una gran cantidad de visitantes - Principios\" \/>\n<meta property=\"og:description\" content=\"Hubo charlas, lecturas, presentaciones de libros, la participaci\u00f3n de editoriales y disertantes de renombre. El \u00faltimo fin de semana el Parque La Estaci\u00f3n fue sede de la Feria del Libro Avellaneda. El evento municipal reuni\u00f3 editoriales, librer\u00edas, bibliotecas populares, escritorxs y escritoras, 70 editoriales de relevancia nacional y local y eventos en torno a los...\" \/>\n<meta property=\"og:url\" content=\"https:\/\/diarioprincipios.com\/index.php\/2022\/11\/08\/la-feria-del-libro-avellaneda-convoco-a-una-gran-cantidad-de-visitantes\/\" \/>\n<meta property=\"og:site_name\" content=\"Principios\" \/>\n<meta property=\"article:published_time\" content=\"2022-11-08T21:54:02+00:00\" \/>\n<meta property=\"article:modified_time\" content=\"2022-11-30T05:41:35+00:00\" \/>\n<meta property=\"og:image\" content=\"https:\/\/diarioprincipios.com\/wp-content\/uploads\/2022\/11\/2.jpg\" \/>\n\t<meta property=\"og:image:width\" content=\"1600\" \/>\n\t<meta property=\"og:image:height\" content=\"1064\" \/>\n\t<meta property=\"og:image:type\" content=\"image\/jpeg\" \/>\n<meta name=\"author\" content=\"Hern\u00e1n L\u00f3pez\" \/>\n<meta name=\"twitter:card\" content=\"summary_large_image\" \/>\n<meta name=\"twitter:label1\" content=\"Escrito por\" \/>\n\t<meta name=\"twitter:data1\" content=\"Hern\u00e1n L\u00f3pez\" \/>\n\t<meta name=\"twitter:label2\" content=\"Tiempo de lectura\" \/>\n\t<meta name=\"twitter:data2\" content=\"2 minutos\" \/>\n<script type=\"application\/ld+json\" class=\"yoast-schema-graph\">{\"@context\":\"https:\\\/\\\/schema.org\",\"@graph\":[{\"@type\":\"Article\",\"@id\":\"https:\\\/\\\/diarioprincipios.com\\\/index.php\\\/2022\\\/11\\\/08\\\/la-feria-del-libro-avellaneda-convoco-a-una-gran-cantidad-de-visitantes\\\/#article\",\"isPartOf\":{\"@id\":\"https:\\\/\\\/diarioprincipios.com\\\/index.php\\\/2022\\\/11\\\/08\\\/la-feria-del-libro-avellaneda-convoco-a-una-gran-cantidad-de-visitantes\\\/\"},\"author\":{\"name\":\"Hern\u00e1n L\u00f3pez\",\"@id\":\"https:\\\/\\\/diarioprincipios.com\\\/#\\\/schema\\\/person\\\/436d5a1fd41a5e250e23ff5a6a7cb080\"},\"headline\":\"La Feria del Libro Avellaneda convoc\u00f3 a una gran cantidad de visitantes\",\"datePublished\":\"2022-11-08T21:54:02+00:00\",\"dateModified\":\"2022-11-30T05:41:35+00:00\",\"mainEntityOfPage\":{\"@id\":\"https:\\\/\\\/diarioprincipios.com\\\/index.php\\\/2022\\\/11\\\/08\\\/la-feria-del-libro-avellaneda-convoco-a-una-gran-cantidad-de-visitantes\\\/\"},\"wordCount\":247,\"commentCount\":0,\"publisher\":{\"@id\":\"https:\\\/\\\/diarioprincipios.com\\\/#organization\"},\"image\":{\"@id\":\"https:\\\/\\\/diarioprincipios.com\\\/index.php\\\/2022\\\/11\\\/08\\\/la-feria-del-libro-avellaneda-convoco-a-una-gran-cantidad-de-visitantes\\\/#primaryimage\"},\"thumbnailUrl\":\"https:\\\/\\\/diarioprincipios.com\\\/wp-content\\\/uploads\\\/2022\\\/11\\\/2.jpg\",\"articleSection\":[\"Avellaneda\"],\"inLanguage\":\"es\",\"potentialAction\":[{\"@type\":\"CommentAction\",\"name\":\"Comment\",\"target\":[\"https:\\\/\\\/diarioprincipios.com\\\/index.php\\\/2022\\\/11\\\/08\\\/la-feria-del-libro-avellaneda-convoco-a-una-gran-cantidad-de-visitantes\\\/#respond\"]}]},{\"@type\":\"WebPage\",\"@id\":\"https:\\\/\\\/diarioprincipios.com\\\/index.php\\\/2022\\\/11\\\/08\\\/la-feria-del-libro-avellaneda-convoco-a-una-gran-cantidad-de-visitantes\\\/\",\"url\":\"https:\\\/\\\/diarioprincipios.com\\\/index.php\\\/2022\\\/11\\\/08\\\/la-feria-del-libro-avellaneda-convoco-a-una-gran-cantidad-de-visitantes\\\/\",\"name\":\"La Feria del Libro Avellaneda convoc\u00f3 a una gran cantidad de visitantes - Principios\",\"isPartOf\":{\"@id\":\"https:\\\/\\\/diarioprincipios.com\\\/#website\"},\"primaryImageOfPage\":{\"@id\":\"https:\\\/\\\/diarioprincipios.com\\\/index.php\\\/2022\\\/11\\\/08\\\/la-feria-del-libro-avellaneda-convoco-a-una-gran-cantidad-de-visitantes\\\/#primaryimage\"},\"image\":{\"@id\":\"https:\\\/\\\/diarioprincipios.com\\\/index.php\\\/2022\\\/11\\\/08\\\/la-feria-del-libro-avellaneda-convoco-a-una-gran-cantidad-de-visitantes\\\/#primaryimage\"},\"thumbnailUrl\":\"https:\\\/\\\/diarioprincipios.com\\\/wp-content\\\/uploads\\\/2022\\\/11\\\/2.jpg\",\"datePublished\":\"2022-11-08T21:54:02+00:00\",\"dateModified\":\"2022-11-30T05:41:35+00:00\",\"breadcrumb\":{\"@id\":\"https:\\\/\\\/diarioprincipios.com\\\/index.php\\\/2022\\\/11\\\/08\\\/la-feria-del-libro-avellaneda-convoco-a-una-gran-cantidad-de-visitantes\\\/#breadcrumb\"},\"inLanguage\":\"es\",\"potentialAction\":[{\"@type\":\"ReadAction\",\"target\":[\"https:\\\/\\\/diarioprincipios.com\\\/index.php\\\/2022\\\/11\\\/08\\\/la-feria-del-libro-avellaneda-convoco-a-una-gran-cantidad-de-visitantes\\\/\"]}]},{\"@type\":\"ImageObject\",\"inLanguage\":\"es\",\"@id\":\"https:\\\/\\\/diarioprincipios.com\\\/index.php\\\/2022\\\/11\\\/08\\\/la-feria-del-libro-avellaneda-convoco-a-una-gran-cantidad-de-visitantes\\\/#primaryimage\",\"url\":\"https:\\\/\\\/diarioprincipios.com\\\/wp-content\\\/uploads\\\/2022\\\/11\\\/2.jpg\",\"contentUrl\":\"https:\\\/\\\/diarioprincipios.com\\\/wp-content\\\/uploads\\\/2022\\\/11\\\/2.jpg\",\"width\":1600,\"height\":1064},{\"@type\":\"BreadcrumbList\",\"@id\":\"https:\\\/\\\/diarioprincipios.com\\\/index.php\\\/2022\\\/11\\\/08\\\/la-feria-del-libro-avellaneda-convoco-a-una-gran-cantidad-de-visitantes\\\/#breadcrumb\",\"itemListElement\":[{\"@type\":\"ListItem\",\"position\":1,\"name\":\"Portada\",\"item\":\"https:\\\/\\\/diarioprincipios.com\\\/\"},{\"@type\":\"ListItem\",\"position\":2,\"name\":\"La Feria del Libro Avellaneda convoc\u00f3 a una gran cantidad de visitantes\"}]},{\"@type\":\"WebSite\",\"@id\":\"https:\\\/\\\/diarioprincipios.com\\\/#website\",\"url\":\"https:\\\/\\\/diarioprincipios.com\\\/\",\"name\":\"Principios\",\"description\":\"Principios Diario\",\"publisher\":{\"@id\":\"https:\\\/\\\/diarioprincipios.com\\\/#organization\"},\"potentialAction\":[{\"@type\":\"SearchAction\",\"target\":{\"@type\":\"EntryPoint\",\"urlTemplate\":\"https:\\\/\\\/diarioprincipios.com\\\/?s={search_term_string}\"},\"query-input\":{\"@type\":\"PropertyValueSpecification\",\"valueRequired\":true,\"valueName\":\"search_term_string\"}}],\"inLanguage\":\"es\"},{\"@type\":\"Organization\",\"@id\":\"https:\\\/\\\/diarioprincipios.com\\\/#organization\",\"name\":\"Principios\",\"url\":\"https:\\\/\\\/diarioprincipios.com\\\/\",\"logo\":{\"@type\":\"ImageObject\",\"inLanguage\":\"es\",\"@id\":\"https:\\\/\\\/diarioprincipios.com\\\/#\\\/schema\\\/logo\\\/image\\\/\",\"url\":\"https:\\\/\\\/diarioprincipios.com\\\/wp-content\\\/uploads\\\/2024\\\/04\\\/cropped-www.diarioprincipios.com_-1.png\",\"contentUrl\":\"https:\\\/\\\/diarioprincipios.com\\\/wp-content\\\/uploads\\\/2024\\\/04\\\/cropped-www.diarioprincipios.com_-1.png\",\"width\":5325,\"height\":1454,\"caption\":\"Principios\"},\"image\":{\"@id\":\"https:\\\/\\\/diarioprincipios.com\\\/#\\\/schema\\\/logo\\\/image\\\/\"}},{\"@type\":\"Person\",\"@id\":\"https:\\\/\\\/diarioprincipios.com\\\/#\\\/schema\\\/person\\\/436d5a1fd41a5e250e23ff5a6a7cb080\",\"name\":\"Hern\u00e1n L\u00f3pez\",\"image\":{\"@type\":\"ImageObject\",\"inLanguage\":\"es\",\"@id\":\"https:\\\/\\\/diarioprincipios.com\\\/wp-content\\\/litespeed\\\/avatar\\\/11ddfe5610ff3bd100522525b2571f48.jpg?ver=1777048341\",\"url\":\"https:\\\/\\\/diarioprincipios.com\\\/wp-content\\\/litespeed\\\/avatar\\\/11ddfe5610ff3bd100522525b2571f48.jpg?ver=1777048341\",\"contentUrl\":\"https:\\\/\\\/diarioprincipios.com\\\/wp-content\\\/litespeed\\\/avatar\\\/11ddfe5610ff3bd100522525b2571f48.jpg?ver=1777048341\",\"caption\":\"Hern\u00e1n L\u00f3pez\"},\"url\":\"https:\\\/\\\/diarioprincipios.com\\\/index.php\\\/author\\\/hernan\\\/\"}]}<\/script>\n<!-- \/ Yoast SEO plugin. -->","yoast_head_json":{"title":"La Feria del Libro Avellaneda convoc\u00f3 a una gran cantidad de visitantes - Principios","robots":{"index":"index","follow":"follow","max-snippet":"max-snippet:-1","max-image-preview":"max-image-preview:large","max-video-preview":"max-video-preview:-1"},"canonical":"https:\/\/diarioprincipios.com\/index.php\/2022\/11\/08\/la-feria-del-libro-avellaneda-convoco-a-una-gran-cantidad-de-visitantes\/","og_locale":"es_ES","og_type":"article","og_title":"La Feria del Libro Avellaneda convoc\u00f3 a una gran cantidad de visitantes - Principios","og_description":"Hubo charlas, lecturas, presentaciones de libros, la participaci\u00f3n de editoriales y disertantes de renombre. El \u00faltimo fin de semana el Parque La Estaci\u00f3n fue sede de la Feria del Libro Avellaneda. El evento municipal reuni\u00f3 editoriales, librer\u00edas, bibliotecas populares, escritorxs y escritoras, 70 editoriales de relevancia nacional y local y eventos en torno a los...","og_url":"https:\/\/diarioprincipios.com\/index.php\/2022\/11\/08\/la-feria-del-libro-avellaneda-convoco-a-una-gran-cantidad-de-visitantes\/","og_site_name":"Principios","article_published_time":"2022-11-08T21:54:02+00:00","article_modified_time":"2022-11-30T05:41:35+00:00","og_image":[{"width":1600,"height":1064,"url":"https:\/\/diarioprincipios.com\/wp-content\/uploads\/2022\/11\/2.jpg","type":"image\/jpeg"}],"author":"Hern\u00e1n L\u00f3pez","twitter_card":"summary_large_image","twitter_misc":{"Escrito por":"Hern\u00e1n L\u00f3pez","Tiempo de lectura":"2 minutos"},"schema":{"@context":"https:\/\/schema.org","@graph":[{"@type":"Article","@id":"https:\/\/diarioprincipios.com\/index.php\/2022\/11\/08\/la-feria-del-libro-avellaneda-convoco-a-una-gran-cantidad-de-visitantes\/#article","isPartOf":{"@id":"https:\/\/diarioprincipios.com\/index.php\/2022\/11\/08\/la-feria-del-libro-avellaneda-convoco-a-una-gran-cantidad-de-visitantes\/"},"author":{"name":"Hern\u00e1n L\u00f3pez","@id":"https:\/\/diarioprincipios.com\/#\/schema\/person\/436d5a1fd41a5e250e23ff5a6a7cb080"},"headline":"La Feria del Libro Avellaneda convoc\u00f3 a una gran cantidad de visitantes","datePublished":"2022-11-08T21:54:02+00:00","dateModified":"2022-11-30T05:41:35+00:00","mainEntityOfPage":{"@id":"https:\/\/diarioprincipios.com\/index.php\/2022\/11\/08\/la-feria-del-libro-avellaneda-convoco-a-una-gran-cantidad-de-visitantes\/"},"wordCount":247,"commentCount":0,"publisher":{"@id":"https:\/\/diarioprincipios.com\/#organization"},"image":{"@id":"https:\/\/diarioprincipios.com\/index.php\/2022\/11\/08\/la-feria-del-libro-avellaneda-convoco-a-una-gran-cantidad-de-visitantes\/#primaryimage"},"thumbnailUrl":"https:\/\/diarioprincipios.com\/wp-content\/uploads\/2022\/11\/2.jpg","articleSection":["Avellaneda"],"inLanguage":"es","potentialAction":[{"@type":"CommentAction","name":"Comment","target":["https:\/\/diarioprincipios.com\/index.php\/2022\/11\/08\/la-feria-del-libro-avellaneda-convoco-a-una-gran-cantidad-de-visitantes\/#respond"]}]},{"@type":"WebPage","@id":"https:\/\/diarioprincipios.com\/index.php\/2022\/11\/08\/la-feria-del-libro-avellaneda-convoco-a-una-gran-cantidad-de-visitantes\/","url":"https:\/\/diarioprincipios.com\/index.php\/2022\/11\/08\/la-feria-del-libro-avellaneda-convoco-a-una-gran-cantidad-de-visitantes\/","name":"La Feria del Libro Avellaneda convoc\u00f3 a una gran cantidad de visitantes - Principios","isPartOf":{"@id":"https:\/\/diarioprincipios.com\/#website"},"primaryImageOfPage":{"@id":"https:\/\/diarioprincipios.com\/index.php\/2022\/11\/08\/la-feria-del-libro-avellaneda-convoco-a-una-gran-cantidad-de-visitantes\/#primaryimage"},"image":{"@id":"https:\/\/diarioprincipios.com\/index.php\/2022\/11\/08\/la-feria-del-libro-avellaneda-convoco-a-una-gran-cantidad-de-visitantes\/#primaryimage"},"thumbnailUrl":"https:\/\/diarioprincipios.com\/wp-content\/uploads\/2022\/11\/2.jpg","datePublished":"2022-11-08T21:54:02+00:00","dateModified":"2022-11-30T05:41:35+00:00","breadcrumb":{"@id":"https:\/\/diarioprincipios.com\/index.php\/2022\/11\/08\/la-feria-del-libro-avellaneda-convoco-a-una-gran-cantidad-de-visitantes\/#breadcrumb"},"inLanguage":"es","potentialAction":[{"@type":"ReadAction","target":["https:\/\/diarioprincipios.com\/index.php\/2022\/11\/08\/la-feria-del-libro-avellaneda-convoco-a-una-gran-cantidad-de-visitantes\/"]}]},{"@type":"ImageObject","inLanguage":"es","@id":"https:\/\/diarioprincipios.com\/index.php\/2022\/11\/08\/la-feria-del-libro-avellaneda-convoco-a-una-gran-cantidad-de-visitantes\/#primaryimage","url":"https:\/\/diarioprincipios.com\/wp-content\/uploads\/2022\/11\/2.jpg","contentUrl":"https:\/\/diarioprincipios.com\/wp-content\/uploads\/2022\/11\/2.jpg","width":1600,"height":1064},{"@type":"BreadcrumbList","@id":"https:\/\/diarioprincipios.com\/index.php\/2022\/11\/08\/la-feria-del-libro-avellaneda-convoco-a-una-gran-cantidad-de-visitantes\/#breadcrumb","itemListElement":[{"@type":"ListItem","position":1,"name":"Portada","item":"https:\/\/diarioprincipios.com\/"},{"@type":"ListItem","position":2,"name":"La Feria del Libro Avellaneda convoc\u00f3 a una gran cantidad de visitantes"}]},{"@type":"WebSite","@id":"https:\/\/diarioprincipios.com\/#website","url":"https:\/\/diarioprincipios.com\/","name":"Principios","description":"Principios Diario","publisher":{"@id":"https:\/\/diarioprincipios.com\/#organization"},"potentialAction":[{"@type":"SearchAction","target":{"@type":"EntryPoint","urlTemplate":"https:\/\/diarioprincipios.com\/?s={search_term_string}"},"query-input":{"@type":"PropertyValueSpecification","valueRequired":true,"valueName":"search_term_string"}}],"inLanguage":"es"},{"@type":"Organization","@id":"https:\/\/diarioprincipios.com\/#organization","name":"Principios","url":"https:\/\/diarioprincipios.com\/","logo":{"@type":"ImageObject","inLanguage":"es","@id":"https:\/\/diarioprincipios.com\/#\/schema\/logo\/image\/","url":"https:\/\/diarioprincipios.com\/wp-content\/uploads\/2024\/04\/cropped-www.diarioprincipios.com_-1.png","contentUrl":"https:\/\/diarioprincipios.com\/wp-content\/uploads\/2024\/04\/cropped-www.diarioprincipios.com_-1.png","width":5325,"height":1454,"caption":"Principios"},"image":{"@id":"https:\/\/diarioprincipios.com\/#\/schema\/logo\/image\/"}},{"@type":"Person","@id":"https:\/\/diarioprincipios.com\/#\/schema\/person\/436d5a1fd41a5e250e23ff5a6a7cb080","name":"Hern\u00e1n L\u00f3pez","image":{"@type":"ImageObject","inLanguage":"es","@id":"https:\/\/diarioprincipios.com\/wp-content\/litespeed\/avatar\/11ddfe5610ff3bd100522525b2571f48.jpg?ver=1777048341","url":"https:\/\/diarioprincipios.com\/wp-content\/litespeed\/avatar\/11ddfe5610ff3bd100522525b2571f48.jpg?ver=1777048341","contentUrl":"https:\/\/diarioprincipios.com\/wp-content\/litespeed\/avatar\/11ddfe5610ff3bd100522525b2571f48.jpg?ver=1777048341","caption":"Hern\u00e1n L\u00f3pez"},"url":"https:\/\/diarioprincipios.com\/index.php\/author\/hernan\/"}]}},"jetpack_featured_media_url":"https:\/\/diarioprincipios.com\/wp-content\/uploads\/2022\/11\/2.jpg","_links":{"self":[{"href":"https:\/\/diarioprincipios.com\/index.php\/wp-json\/wp\/v2\/posts\/15059","targetHints":{"allow":["GET"]}}],"collection":[{"href":"https:\/\/diarioprincipios.com\/index.php\/wp-json\/wp\/v2\/posts"}],"about":[{"href":"https:\/\/diarioprincipios.com\/index.php\/wp-json\/wp\/v2\/types\/post"}],"author":[{"embeddable":true,"href":"https:\/\/diarioprincipios.com\/index.php\/wp-json\/wp\/v2\/users\/2"}],"replies":[{"embeddable":true,"href":"https:\/\/diarioprincipios.com\/index.php\/wp-json\/wp\/v2\/comments?post=15059"}],"version-history":[{"count":1,"href":"https:\/\/diarioprincipios.com\/index.php\/wp-json\/wp\/v2\/posts\/15059\/revisions"}],"predecessor-version":[{"id":15063,"href":"https:\/\/diarioprincipios.com\/index.php\/wp-json\/wp\/v2\/posts\/15059\/revisions\/15063"}],"wp:featuredmedia":[{"embeddable":true,"href":"https:\/\/diarioprincipios.com\/index.php\/wp-json\/wp\/v2\/media\/15062"}],"wp:attachment":[{"href":"https:\/\/diarioprincipios.com\/index.php\/wp-json\/wp\/v2\/media?parent=15059"}],"wp:term":[{"taxonomy":"category","embeddable":true,"href":"https:\/\/diarioprincipios.com\/index.php\/wp-json\/wp\/v2\/categories?post=15059"},{"taxonomy":"post_tag","embeddable":true,"href":"https:\/\/diarioprincipios.com\/index.php\/wp-json\/wp\/v2\/tags?post=15059"}],"curies":[{"name":"wp","href":"https:\/\/api.w.org\/{rel}","templated":true}]}}