{"id":15050,"date":"2022-11-08T10:32:26","date_gmt":"2022-11-08T13:32:26","guid":{"rendered":"http:\/\/diarioprincipios.com\/?p=15050"},"modified":"2022-11-30T02:41:36","modified_gmt":"2022-11-30T05:41:36","slug":"asamblea","status":"publish","type":"post","link":"https:\/\/diarioprincipios.com\/index.php\/2022\/11\/08\/asamblea\/","title":{"rendered":"Jorge Ferraresi y Magdalena Sierra inauguraron obras en Wilde y Pi\u00f1eiro"},"content":{"rendered":"\n<p>Se trata de la nueva cancha de bochas en el Centro de Jubilados y Pensionados \u201cPlaza Yrigoyen\u201d y la nueva luminaria para la cancha de f\u00fatbol en el Club Regatas.<\/p>\n\n\n\n<p>El intendente de Avellaneda Jorge Ferraresi junto con la jefa de Gabinete Magdalena Sierra y las autoridades del centro de jubilados de Wilde, realizaron el corte de cinta e inauguraron la cancha de piso sint\u00e9tico con un primer lanzamiento de bocha.<\/p>\n\n\n\n<figure class=\"wp-block-image size-large\"><img loading=\"lazy\" decoding=\"async\" width=\"1024\" height=\"681\" src=\"https:\/\/diarioprincipios.com\/wp-content\/uploads\/2022\/11\/314943877_680397273446344_4581515021110174423_n-1024x681.jpg\" alt=\"\" class=\"wp-image-15079\" srcset=\"https:\/\/diarioprincipios.com\/wp-content\/uploads\/2022\/11\/314943877_680397273446344_4581515021110174423_n-1024x681.jpg 1024w, https:\/\/diarioprincipios.com\/wp-content\/uploads\/2022\/11\/314943877_680397273446344_4581515021110174423_n-300x200.jpg 300w, https:\/\/diarioprincipios.com\/wp-content\/uploads\/2022\/11\/314943877_680397273446344_4581515021110174423_n-768x511.jpg 768w, https:\/\/diarioprincipios.com\/wp-content\/uploads\/2022\/11\/314943877_680397273446344_4581515021110174423_n-1536x1021.jpg 1536w, https:\/\/diarioprincipios.com\/wp-content\/uploads\/2022\/11\/314943877_680397273446344_4581515021110174423_n.jpg 1600w\" sizes=\"auto, (max-width: 1024px) 100vw, 1024px\" \/><\/figure>\n\n\n\n<p>Luego se realiz\u00f3 la entrega de una ayuda econ\u00f3mica por $800 mil para continuar con la reparaci\u00f3n integral de la instituci\u00f3n, los cuales se suman a los $700 mil entregados anteriormente.<\/p>\n\n\n\n<p>Tambi\u00e9n visitaron el Club Regatas, en donde se inauguraron las nuevas luces de la cancha de f\u00fatbol nro. 2 y se les entreg\u00f3 un subsidio por $2.400.000 para la construcci\u00f3n y ampliaci\u00f3n del vestuario de mujeres.<\/p>\n\n\n\n<figure class=\"wp-block-image size-large\"><img loading=\"lazy\" decoding=\"async\" width=\"1024\" height=\"681\" src=\"https:\/\/diarioprincipios.com\/wp-content\/uploads\/2022\/11\/313972606_680415783444493_2044775244260714892_n-1024x681.jpg\" alt=\"\" class=\"wp-image-15080\" srcset=\"https:\/\/diarioprincipios.com\/wp-content\/uploads\/2022\/11\/313972606_680415783444493_2044775244260714892_n-1024x681.jpg 1024w, https:\/\/diarioprincipios.com\/wp-content\/uploads\/2022\/11\/313972606_680415783444493_2044775244260714892_n-300x200.jpg 300w, https:\/\/diarioprincipios.com\/wp-content\/uploads\/2022\/11\/313972606_680415783444493_2044775244260714892_n-768x511.jpg 768w, https:\/\/diarioprincipios.com\/wp-content\/uploads\/2022\/11\/313972606_680415783444493_2044775244260714892_n-1536x1021.jpg 1536w, https:\/\/diarioprincipios.com\/wp-content\/uploads\/2022\/11\/313972606_680415783444493_2044775244260714892_n.jpg 1600w\" sizes=\"auto, (max-width: 1024px) 100vw, 1024px\" \/><\/figure>\n\n\n\n<p>Por \u00faltimo, saludaron a los jugadores juveniles de f\u00fatbol 11 de la selecci\u00f3n de Avellaneda quienes estrenaban la nueva luminaria en un partido frente al club local y visitaron la cancha de hockey, donde entrenaban las jugadoras.<\/p>\n\n\n\n<p>De las actividades participaron el secretario de Institucionales, Ariel Lerici, y las subsecretarias de Tercera Edad y de Turismo, Irene Rojas y Manuela S\u00e1nchez, respectivamente.&nbsp;<\/p>\n","protected":false},"excerpt":{"rendered":"<p>Se trata de la nueva cancha de bochas en el Centro de Jubilados y Pensionados \u201cPlaza Yrigoyen\u201d y la nueva luminaria para la cancha de f\u00fatbol en el Club Regatas. El intendente de Avellaneda Jorge Ferraresi junto con la jefa de Gabinete Magdalena Sierra y las autoridades del centro de jubilados de Wilde, realizaron el&#8230;<\/p>\n","protected":false},"author":2,"featured_media":15081,"comment_status":"open","ping_status":"open","sticky":false,"template":"","format":"standard","meta":{"footnotes":""},"categories":[5],"tags":[],"class_list":["post-15050","post","type-post","status-publish","format-standard","has-post-thumbnail","hentry","category-avellaneda"],"featured_image_src":"https:\/\/diarioprincipios.com\/wp-content\/uploads\/2022\/11\/314719520_680397203446351_831888160984717202_n-1024x681.jpg","blog_images":{"medium":"https:\/\/diarioprincipios.com\/wp-content\/uploads\/2022\/11\/314719520_680397203446351_831888160984717202_n-300x200.jpg","large":"https:\/\/diarioprincipios.com\/wp-content\/uploads\/2022\/11\/314719520_680397203446351_831888160984717202_n-1024x681.jpg"},"ams_acf":[],"yoast_head":"<!-- This site is optimized with the Yoast SEO plugin v27.3 - https:\/\/yoast.com\/product\/yoast-seo-wordpress\/ -->\n<title>Jorge Ferraresi y Magdalena Sierra inauguraron obras en Wilde y Pi\u00f1eiro - Principios<\/title>\n<meta name=\"robots\" content=\"index, follow, max-snippet:-1, max-image-preview:large, max-video-preview:-1\" \/>\n<link rel=\"canonical\" href=\"https:\/\/diarioprincipios.com\/index.php\/2022\/11\/08\/asamblea\/\" \/>\n<meta property=\"og:locale\" content=\"es_ES\" \/>\n<meta property=\"og:type\" content=\"article\" \/>\n<meta property=\"og:title\" content=\"Jorge Ferraresi y Magdalena Sierra inauguraron obras en Wilde y Pi\u00f1eiro - Principios\" \/>\n<meta property=\"og:description\" content=\"Se trata de la nueva cancha de bochas en el Centro de Jubilados y Pensionados \u201cPlaza Yrigoyen\u201d y la nueva luminaria para la cancha de f\u00fatbol en el Club Regatas. El intendente de Avellaneda Jorge Ferraresi junto con la jefa de Gabinete Magdalena Sierra y las autoridades del centro de jubilados de Wilde, realizaron el...\" \/>\n<meta property=\"og:url\" content=\"https:\/\/diarioprincipios.com\/index.php\/2022\/11\/08\/asamblea\/\" \/>\n<meta property=\"og:site_name\" content=\"Principios\" \/>\n<meta property=\"article:published_time\" content=\"2022-11-08T13:32:26+00:00\" \/>\n<meta property=\"article:modified_time\" content=\"2022-11-30T05:41:36+00:00\" \/>\n<meta property=\"og:image\" content=\"https:\/\/diarioprincipios.com\/wp-content\/uploads\/2022\/11\/314719520_680397203446351_831888160984717202_n.jpg\" \/>\n\t<meta property=\"og:image:width\" content=\"1600\" \/>\n\t<meta property=\"og:image:height\" content=\"1064\" \/>\n\t<meta property=\"og:image:type\" content=\"image\/jpeg\" \/>\n<meta name=\"author\" content=\"Hern\u00e1n L\u00f3pez\" \/>\n<meta name=\"twitter:card\" content=\"summary_large_image\" \/>\n<meta name=\"twitter:label1\" content=\"Escrito por\" \/>\n\t<meta name=\"twitter:data1\" content=\"Hern\u00e1n L\u00f3pez\" \/>\n\t<meta name=\"twitter:label2\" content=\"Tiempo de lectura\" \/>\n\t<meta name=\"twitter:data2\" content=\"2 minutos\" \/>\n<script type=\"application\/ld+json\" class=\"yoast-schema-graph\">{\"@context\":\"https:\\\/\\\/schema.org\",\"@graph\":[{\"@type\":\"Article\",\"@id\":\"https:\\\/\\\/diarioprincipios.com\\\/index.php\\\/2022\\\/11\\\/08\\\/asamblea\\\/#article\",\"isPartOf\":{\"@id\":\"https:\\\/\\\/diarioprincipios.com\\\/index.php\\\/2022\\\/11\\\/08\\\/asamblea\\\/\"},\"author\":{\"name\":\"Hern\u00e1n L\u00f3pez\",\"@id\":\"https:\\\/\\\/diarioprincipios.com\\\/#\\\/schema\\\/person\\\/436d5a1fd41a5e250e23ff5a6a7cb080\"},\"headline\":\"Jorge Ferraresi y Magdalena Sierra inauguraron obras en Wilde y Pi\u00f1eiro\",\"datePublished\":\"2022-11-08T13:32:26+00:00\",\"dateModified\":\"2022-11-30T05:41:36+00:00\",\"mainEntityOfPage\":{\"@id\":\"https:\\\/\\\/diarioprincipios.com\\\/index.php\\\/2022\\\/11\\\/08\\\/asamblea\\\/\"},\"wordCount\":220,\"commentCount\":0,\"publisher\":{\"@id\":\"https:\\\/\\\/diarioprincipios.com\\\/#organization\"},\"image\":{\"@id\":\"https:\\\/\\\/diarioprincipios.com\\\/index.php\\\/2022\\\/11\\\/08\\\/asamblea\\\/#primaryimage\"},\"thumbnailUrl\":\"https:\\\/\\\/diarioprincipios.com\\\/wp-content\\\/uploads\\\/2022\\\/11\\\/314719520_680397203446351_831888160984717202_n.jpg\",\"articleSection\":[\"Avellaneda\"],\"inLanguage\":\"es\",\"potentialAction\":[{\"@type\":\"CommentAction\",\"name\":\"Comment\",\"target\":[\"https:\\\/\\\/diarioprincipios.com\\\/index.php\\\/2022\\\/11\\\/08\\\/asamblea\\\/#respond\"]}]},{\"@type\":\"WebPage\",\"@id\":\"https:\\\/\\\/diarioprincipios.com\\\/index.php\\\/2022\\\/11\\\/08\\\/asamblea\\\/\",\"url\":\"https:\\\/\\\/diarioprincipios.com\\\/index.php\\\/2022\\\/11\\\/08\\\/asamblea\\\/\",\"name\":\"Jorge Ferraresi y Magdalena Sierra inauguraron obras en Wilde y Pi\u00f1eiro - Principios\",\"isPartOf\":{\"@id\":\"https:\\\/\\\/diarioprincipios.com\\\/#website\"},\"primaryImageOfPage\":{\"@id\":\"https:\\\/\\\/diarioprincipios.com\\\/index.php\\\/2022\\\/11\\\/08\\\/asamblea\\\/#primaryimage\"},\"image\":{\"@id\":\"https:\\\/\\\/diarioprincipios.com\\\/index.php\\\/2022\\\/11\\\/08\\\/asamblea\\\/#primaryimage\"},\"thumbnailUrl\":\"https:\\\/\\\/diarioprincipios.com\\\/wp-content\\\/uploads\\\/2022\\\/11\\\/314719520_680397203446351_831888160984717202_n.jpg\",\"datePublished\":\"2022-11-08T13:32:26+00:00\",\"dateModified\":\"2022-11-30T05:41:36+00:00\",\"breadcrumb\":{\"@id\":\"https:\\\/\\\/diarioprincipios.com\\\/index.php\\\/2022\\\/11\\\/08\\\/asamblea\\\/#breadcrumb\"},\"inLanguage\":\"es\",\"potentialAction\":[{\"@type\":\"ReadAction\",\"target\":[\"https:\\\/\\\/diarioprincipios.com\\\/index.php\\\/2022\\\/11\\\/08\\\/asamblea\\\/\"]}]},{\"@type\":\"ImageObject\",\"inLanguage\":\"es\",\"@id\":\"https:\\\/\\\/diarioprincipios.com\\\/index.php\\\/2022\\\/11\\\/08\\\/asamblea\\\/#primaryimage\",\"url\":\"https:\\\/\\\/diarioprincipios.com\\\/wp-content\\\/uploads\\\/2022\\\/11\\\/314719520_680397203446351_831888160984717202_n.jpg\",\"contentUrl\":\"https:\\\/\\\/diarioprincipios.com\\\/wp-content\\\/uploads\\\/2022\\\/11\\\/314719520_680397203446351_831888160984717202_n.jpg\",\"width\":1600,\"height\":1064},{\"@type\":\"BreadcrumbList\",\"@id\":\"https:\\\/\\\/diarioprincipios.com\\\/index.php\\\/2022\\\/11\\\/08\\\/asamblea\\\/#breadcrumb\",\"itemListElement\":[{\"@type\":\"ListItem\",\"position\":1,\"name\":\"Portada\",\"item\":\"https:\\\/\\\/diarioprincipios.com\\\/\"},{\"@type\":\"ListItem\",\"position\":2,\"name\":\"Jorge Ferraresi y Magdalena Sierra inauguraron obras en Wilde y Pi\u00f1eiro\"}]},{\"@type\":\"WebSite\",\"@id\":\"https:\\\/\\\/diarioprincipios.com\\\/#website\",\"url\":\"https:\\\/\\\/diarioprincipios.com\\\/\",\"name\":\"Principios\",\"description\":\"Principios Diario\",\"publisher\":{\"@id\":\"https:\\\/\\\/diarioprincipios.com\\\/#organization\"},\"potentialAction\":[{\"@type\":\"SearchAction\",\"target\":{\"@type\":\"EntryPoint\",\"urlTemplate\":\"https:\\\/\\\/diarioprincipios.com\\\/?s={search_term_string}\"},\"query-input\":{\"@type\":\"PropertyValueSpecification\",\"valueRequired\":true,\"valueName\":\"search_term_string\"}}],\"inLanguage\":\"es\"},{\"@type\":\"Organization\",\"@id\":\"https:\\\/\\\/diarioprincipios.com\\\/#organization\",\"name\":\"Principios\",\"url\":\"https:\\\/\\\/diarioprincipios.com\\\/\",\"logo\":{\"@type\":\"ImageObject\",\"inLanguage\":\"es\",\"@id\":\"https:\\\/\\\/diarioprincipios.com\\\/#\\\/schema\\\/logo\\\/image\\\/\",\"url\":\"https:\\\/\\\/diarioprincipios.com\\\/wp-content\\\/uploads\\\/2024\\\/04\\\/cropped-www.diarioprincipios.com_-1.png\",\"contentUrl\":\"https:\\\/\\\/diarioprincipios.com\\\/wp-content\\\/uploads\\\/2024\\\/04\\\/cropped-www.diarioprincipios.com_-1.png\",\"width\":5325,\"height\":1454,\"caption\":\"Principios\"},\"image\":{\"@id\":\"https:\\\/\\\/diarioprincipios.com\\\/#\\\/schema\\\/logo\\\/image\\\/\"}},{\"@type\":\"Person\",\"@id\":\"https:\\\/\\\/diarioprincipios.com\\\/#\\\/schema\\\/person\\\/436d5a1fd41a5e250e23ff5a6a7cb080\",\"name\":\"Hern\u00e1n L\u00f3pez\",\"image\":{\"@type\":\"ImageObject\",\"inLanguage\":\"es\",\"@id\":\"https:\\\/\\\/diarioprincipios.com\\\/wp-content\\\/litespeed\\\/avatar\\\/11ddfe5610ff3bd100522525b2571f48.jpg?ver=1777048341\",\"url\":\"https:\\\/\\\/diarioprincipios.com\\\/wp-content\\\/litespeed\\\/avatar\\\/11ddfe5610ff3bd100522525b2571f48.jpg?ver=1777048341\",\"contentUrl\":\"https:\\\/\\\/diarioprincipios.com\\\/wp-content\\\/litespeed\\\/avatar\\\/11ddfe5610ff3bd100522525b2571f48.jpg?ver=1777048341\",\"caption\":\"Hern\u00e1n L\u00f3pez\"},\"url\":\"https:\\\/\\\/diarioprincipios.com\\\/index.php\\\/author\\\/hernan\\\/\"}]}<\/script>\n<!-- \/ Yoast SEO plugin. -->","yoast_head_json":{"title":"Jorge Ferraresi y Magdalena Sierra inauguraron obras en Wilde y Pi\u00f1eiro - Principios","robots":{"index":"index","follow":"follow","max-snippet":"max-snippet:-1","max-image-preview":"max-image-preview:large","max-video-preview":"max-video-preview:-1"},"canonical":"https:\/\/diarioprincipios.com\/index.php\/2022\/11\/08\/asamblea\/","og_locale":"es_ES","og_type":"article","og_title":"Jorge Ferraresi y Magdalena Sierra inauguraron obras en Wilde y Pi\u00f1eiro - Principios","og_description":"Se trata de la nueva cancha de bochas en el Centro de Jubilados y Pensionados \u201cPlaza Yrigoyen\u201d y la nueva luminaria para la cancha de f\u00fatbol en el Club Regatas. El intendente de Avellaneda Jorge Ferraresi junto con la jefa de Gabinete Magdalena Sierra y las autoridades del centro de jubilados de Wilde, realizaron el...","og_url":"https:\/\/diarioprincipios.com\/index.php\/2022\/11\/08\/asamblea\/","og_site_name":"Principios","article_published_time":"2022-11-08T13:32:26+00:00","article_modified_time":"2022-11-30T05:41:36+00:00","og_image":[{"width":1600,"height":1064,"url":"https:\/\/diarioprincipios.com\/wp-content\/uploads\/2022\/11\/314719520_680397203446351_831888160984717202_n.jpg","type":"image\/jpeg"}],"author":"Hern\u00e1n L\u00f3pez","twitter_card":"summary_large_image","twitter_misc":{"Escrito por":"Hern\u00e1n L\u00f3pez","Tiempo de lectura":"2 minutos"},"schema":{"@context":"https:\/\/schema.org","@graph":[{"@type":"Article","@id":"https:\/\/diarioprincipios.com\/index.php\/2022\/11\/08\/asamblea\/#article","isPartOf":{"@id":"https:\/\/diarioprincipios.com\/index.php\/2022\/11\/08\/asamblea\/"},"author":{"name":"Hern\u00e1n L\u00f3pez","@id":"https:\/\/diarioprincipios.com\/#\/schema\/person\/436d5a1fd41a5e250e23ff5a6a7cb080"},"headline":"Jorge Ferraresi y Magdalena Sierra inauguraron obras en Wilde y Pi\u00f1eiro","datePublished":"2022-11-08T13:32:26+00:00","dateModified":"2022-11-30T05:41:36+00:00","mainEntityOfPage":{"@id":"https:\/\/diarioprincipios.com\/index.php\/2022\/11\/08\/asamblea\/"},"wordCount":220,"commentCount":0,"publisher":{"@id":"https:\/\/diarioprincipios.com\/#organization"},"image":{"@id":"https:\/\/diarioprincipios.com\/index.php\/2022\/11\/08\/asamblea\/#primaryimage"},"thumbnailUrl":"https:\/\/diarioprincipios.com\/wp-content\/uploads\/2022\/11\/314719520_680397203446351_831888160984717202_n.jpg","articleSection":["Avellaneda"],"inLanguage":"es","potentialAction":[{"@type":"CommentAction","name":"Comment","target":["https:\/\/diarioprincipios.com\/index.php\/2022\/11\/08\/asamblea\/#respond"]}]},{"@type":"WebPage","@id":"https:\/\/diarioprincipios.com\/index.php\/2022\/11\/08\/asamblea\/","url":"https:\/\/diarioprincipios.com\/index.php\/2022\/11\/08\/asamblea\/","name":"Jorge Ferraresi y Magdalena Sierra inauguraron obras en Wilde y Pi\u00f1eiro - Principios","isPartOf":{"@id":"https:\/\/diarioprincipios.com\/#website"},"primaryImageOfPage":{"@id":"https:\/\/diarioprincipios.com\/index.php\/2022\/11\/08\/asamblea\/#primaryimage"},"image":{"@id":"https:\/\/diarioprincipios.com\/index.php\/2022\/11\/08\/asamblea\/#primaryimage"},"thumbnailUrl":"https:\/\/diarioprincipios.com\/wp-content\/uploads\/2022\/11\/314719520_680397203446351_831888160984717202_n.jpg","datePublished":"2022-11-08T13:32:26+00:00","dateModified":"2022-11-30T05:41:36+00:00","breadcrumb":{"@id":"https:\/\/diarioprincipios.com\/index.php\/2022\/11\/08\/asamblea\/#breadcrumb"},"inLanguage":"es","potentialAction":[{"@type":"ReadAction","target":["https:\/\/diarioprincipios.com\/index.php\/2022\/11\/08\/asamblea\/"]}]},{"@type":"ImageObject","inLanguage":"es","@id":"https:\/\/diarioprincipios.com\/index.php\/2022\/11\/08\/asamblea\/#primaryimage","url":"https:\/\/diarioprincipios.com\/wp-content\/uploads\/2022\/11\/314719520_680397203446351_831888160984717202_n.jpg","contentUrl":"https:\/\/diarioprincipios.com\/wp-content\/uploads\/2022\/11\/314719520_680397203446351_831888160984717202_n.jpg","width":1600,"height":1064},{"@type":"BreadcrumbList","@id":"https:\/\/diarioprincipios.com\/index.php\/2022\/11\/08\/asamblea\/#breadcrumb","itemListElement":[{"@type":"ListItem","position":1,"name":"Portada","item":"https:\/\/diarioprincipios.com\/"},{"@type":"ListItem","position":2,"name":"Jorge Ferraresi y Magdalena Sierra inauguraron obras en Wilde y Pi\u00f1eiro"}]},{"@type":"WebSite","@id":"https:\/\/diarioprincipios.com\/#website","url":"https:\/\/diarioprincipios.com\/","name":"Principios","description":"Principios Diario","publisher":{"@id":"https:\/\/diarioprincipios.com\/#organization"},"potentialAction":[{"@type":"SearchAction","target":{"@type":"EntryPoint","urlTemplate":"https:\/\/diarioprincipios.com\/?s={search_term_string}"},"query-input":{"@type":"PropertyValueSpecification","valueRequired":true,"valueName":"search_term_string"}}],"inLanguage":"es"},{"@type":"Organization","@id":"https:\/\/diarioprincipios.com\/#organization","name":"Principios","url":"https:\/\/diarioprincipios.com\/","logo":{"@type":"ImageObject","inLanguage":"es","@id":"https:\/\/diarioprincipios.com\/#\/schema\/logo\/image\/","url":"https:\/\/diarioprincipios.com\/wp-content\/uploads\/2024\/04\/cropped-www.diarioprincipios.com_-1.png","contentUrl":"https:\/\/diarioprincipios.com\/wp-content\/uploads\/2024\/04\/cropped-www.diarioprincipios.com_-1.png","width":5325,"height":1454,"caption":"Principios"},"image":{"@id":"https:\/\/diarioprincipios.com\/#\/schema\/logo\/image\/"}},{"@type":"Person","@id":"https:\/\/diarioprincipios.com\/#\/schema\/person\/436d5a1fd41a5e250e23ff5a6a7cb080","name":"Hern\u00e1n L\u00f3pez","image":{"@type":"ImageObject","inLanguage":"es","@id":"https:\/\/diarioprincipios.com\/wp-content\/litespeed\/avatar\/11ddfe5610ff3bd100522525b2571f48.jpg?ver=1777048341","url":"https:\/\/diarioprincipios.com\/wp-content\/litespeed\/avatar\/11ddfe5610ff3bd100522525b2571f48.jpg?ver=1777048341","contentUrl":"https:\/\/diarioprincipios.com\/wp-content\/litespeed\/avatar\/11ddfe5610ff3bd100522525b2571f48.jpg?ver=1777048341","caption":"Hern\u00e1n L\u00f3pez"},"url":"https:\/\/diarioprincipios.com\/index.php\/author\/hernan\/"}]}},"jetpack_featured_media_url":"https:\/\/diarioprincipios.com\/wp-content\/uploads\/2022\/11\/314719520_680397203446351_831888160984717202_n.jpg","_links":{"self":[{"href":"https:\/\/diarioprincipios.com\/index.php\/wp-json\/wp\/v2\/posts\/15050","targetHints":{"allow":["GET"]}}],"collection":[{"href":"https:\/\/diarioprincipios.com\/index.php\/wp-json\/wp\/v2\/posts"}],"about":[{"href":"https:\/\/diarioprincipios.com\/index.php\/wp-json\/wp\/v2\/types\/post"}],"author":[{"embeddable":true,"href":"https:\/\/diarioprincipios.com\/index.php\/wp-json\/wp\/v2\/users\/2"}],"replies":[{"embeddable":true,"href":"https:\/\/diarioprincipios.com\/index.php\/wp-json\/wp\/v2\/comments?post=15050"}],"version-history":[{"count":3,"href":"https:\/\/diarioprincipios.com\/index.php\/wp-json\/wp\/v2\/posts\/15050\/revisions"}],"predecessor-version":[{"id":15082,"href":"https:\/\/diarioprincipios.com\/index.php\/wp-json\/wp\/v2\/posts\/15050\/revisions\/15082"}],"wp:featuredmedia":[{"embeddable":true,"href":"https:\/\/diarioprincipios.com\/index.php\/wp-json\/wp\/v2\/media\/15081"}],"wp:attachment":[{"href":"https:\/\/diarioprincipios.com\/index.php\/wp-json\/wp\/v2\/media?parent=15050"}],"wp:term":[{"taxonomy":"category","embeddable":true,"href":"https:\/\/diarioprincipios.com\/index.php\/wp-json\/wp\/v2\/categories?post=15050"},{"taxonomy":"post_tag","embeddable":true,"href":"https:\/\/diarioprincipios.com\/index.php\/wp-json\/wp\/v2\/tags?post=15050"}],"curies":[{"name":"wp","href":"https:\/\/api.w.org\/{rel}","templated":true}]}}