{"id":15047,"date":"2022-11-07T18:53:29","date_gmt":"2022-11-07T21:53:29","guid":{"rendered":"http:\/\/diarioprincipios.com\/?p=15047"},"modified":"2022-11-30T02:41:36","modified_gmt":"2022-11-30T05:41:36","slug":"exitosas-jornadas-de-investigacion-en-la-unaj","status":"publish","type":"post","link":"https:\/\/diarioprincipios.com\/index.php\/2022\/11\/07\/exitosas-jornadas-de-investigacion-en-la-unaj\/","title":{"rendered":"Exitosas jornadas de investigaci\u00f3n en la UNAJ"},"content":{"rendered":"\n<p>Con una destacada participaci\u00f3n de docentes e investigadores\/as de la UNAJ y otras universidades e instituciones cient\u00edficas, finalizaron las terceras Jornadas \u201cInvestigaciones interdisciplinarias en el territorio en el actual contexto\u201d.<br>El \u00e9xito de la convocatoria, que permiti\u00f3 el intercambio de proyectos y experiencias en decenas de mesas de trabajo, da cuenta de la consolidaci\u00f3n de la investigaci\u00f3n como uno de los ejes centrales de la instituci\u00f3n y del avance sostenido en cuanto a calidad, diversidad, pertinencia y cantidad de proyectos.<br>En el marco del panel \u201cInvestigaci\u00f3n: necesidades, posibilidades y restricciones\u201d, el rector Arnaldo Medina valor\u00f3 haber vuelto a un contexto de pol\u00edticas p\u00fablicas que favorecen el desarrollo de la investigaci\u00f3n en la universidad. Y afirm\u00f3: \u201cnos hemos propuesto que la investigaci\u00f3n sea una funci\u00f3n importante y queremos pertenecer a una universidad que sea reconocida en su funci\u00f3n de investigaci\u00f3n\u201d.<\/p>\n\n\n\n<p>Por su parte, el secretario de Investigaci\u00f3n y Vinculaci\u00f3n Tecnol\u00f3gica, Patricio Narodowski, hizo un balance sumamente positivo del desarrollo de las jornadas, donde destac\u00f3 la gran cantidad de papers y posters presentados, que super\u00f3 el doble de las presentaciones de la jornada anterior: \u201cLas actividades han tenido mucho \u00e9xito, con una participaci\u00f3n muy masiva. Se trabaj\u00f3 con compromiso, honestidad, preocupados por nuestro rol como universidad y para lograr que nuestras investigaciones tengan cada vez m\u00e1s calidad y est\u00e9n cada vez m\u00e1s focalizadas en resolver los problemas de la Argentina y de nuestras comunidades\u201d. Tambi\u00e9n destac\u00f3 \u201cla oportunidad de encuentro entre investigadores en las mesas de trabajo, donde hubo tiempo para la discusi\u00f3n y el intercambio, aspectos muy importantes para nosotros\u201d.<br>Adem\u00e1s, Narodowski agreg\u00f3 que \u201cesto refleja el entusiasmo con que la comunidad universitaria recepcion\u00f3 las palabras de nuestro rector Arnaldo Medina, quien afirm\u00f3 que la investigaci\u00f3n est\u00e1 logrando un nuevo impulso\u201d.<br>Durante dos d\u00edas se llevaron adelante m\u00e1s de veinte mesas tem\u00e1ticas, donde se dieron a conocer alrededor de ciento cincuenta ponencias y trabajos de investigaci\u00f3n de las m\u00e1s diversas tem\u00e1ticas.<br>Tambi\u00e9n se realizaron actividades como la presentaci\u00f3n del documental \u201cDiciembre\u201d, de Alejandro Bercovich y Cesar Gonz\u00e1lez, en el marco del panel Conmemoraciones de 2001; y del Archivo \u201cExperiencias de Malvinas\u201d (UNAJ-MMIAS, Proyecto Mecenazgo-PEMAP) y del libro \u201cMalvinas en la Universidad\u201d, que cerr\u00f3 el Eje Malvinas de las jornadas, uno de los puntos fuertes del evento en el marco del 40 aniversario de la guerra.<\/p>\n","protected":false},"excerpt":{"rendered":"<p>Con una destacada participaci\u00f3n de docentes e investigadores\/as de la UNAJ y otras universidades e instituciones cient\u00edficas, finalizaron las terceras Jornadas \u201cInvestigaciones interdisciplinarias en el territorio en el actual contexto\u201d.El \u00e9xito de la convocatoria, que permiti\u00f3 el intercambio de proyectos y experiencias en decenas de mesas de trabajo, da cuenta de la consolidaci\u00f3n de la&#8230;<\/p>\n","protected":false},"author":2,"featured_media":15048,"comment_status":"open","ping_status":"open","sticky":false,"template":"","format":"standard","meta":{"footnotes":""},"categories":[13],"tags":[],"class_list":["post-15047","post","type-post","status-publish","format-standard","has-post-thumbnail","hentry","category-varela"],"featured_image_src":"https:\/\/diarioprincipios.com\/wp-content\/uploads\/2022\/11\/DSC_0486-1024x683.jpg","blog_images":{"medium":"https:\/\/diarioprincipios.com\/wp-content\/uploads\/2022\/11\/DSC_0486-300x200.jpg","large":"https:\/\/diarioprincipios.com\/wp-content\/uploads\/2022\/11\/DSC_0486-1024x683.jpg"},"ams_acf":[],"yoast_head":"<!-- This site is optimized with the Yoast SEO plugin v27.3 - https:\/\/yoast.com\/product\/yoast-seo-wordpress\/ -->\n<title>Exitosas jornadas de investigaci\u00f3n en la UNAJ - Principios<\/title>\n<meta name=\"robots\" content=\"index, follow, max-snippet:-1, max-image-preview:large, max-video-preview:-1\" \/>\n<link rel=\"canonical\" href=\"https:\/\/diarioprincipios.com\/index.php\/2022\/11\/07\/exitosas-jornadas-de-investigacion-en-la-unaj\/\" \/>\n<meta property=\"og:locale\" content=\"es_ES\" \/>\n<meta property=\"og:type\" content=\"article\" \/>\n<meta property=\"og:title\" content=\"Exitosas jornadas de investigaci\u00f3n en la UNAJ - Principios\" \/>\n<meta property=\"og:description\" content=\"Con una destacada participaci\u00f3n de docentes e investigadores\/as de la UNAJ y otras universidades e instituciones cient\u00edficas, finalizaron las terceras Jornadas \u201cInvestigaciones interdisciplinarias en el territorio en el actual contexto\u201d.El \u00e9xito de la convocatoria, que permiti\u00f3 el intercambio de proyectos y experiencias en decenas de mesas de trabajo, da cuenta de la consolidaci\u00f3n de la...\" \/>\n<meta property=\"og:url\" content=\"https:\/\/diarioprincipios.com\/index.php\/2022\/11\/07\/exitosas-jornadas-de-investigacion-en-la-unaj\/\" \/>\n<meta property=\"og:site_name\" content=\"Principios\" \/>\n<meta property=\"article:published_time\" content=\"2022-11-07T21:53:29+00:00\" \/>\n<meta property=\"article:modified_time\" content=\"2022-11-30T05:41:36+00:00\" \/>\n<meta property=\"og:image\" content=\"https:\/\/diarioprincipios.com\/wp-content\/uploads\/2022\/11\/DSC_0486-scaled.jpg\" \/>\n\t<meta property=\"og:image:width\" content=\"2560\" \/>\n\t<meta property=\"og:image:height\" content=\"1707\" \/>\n\t<meta property=\"og:image:type\" content=\"image\/jpeg\" \/>\n<meta name=\"author\" content=\"Hern\u00e1n L\u00f3pez\" \/>\n<meta name=\"twitter:card\" content=\"summary_large_image\" \/>\n<meta name=\"twitter:label1\" content=\"Escrito por\" \/>\n\t<meta name=\"twitter:data1\" content=\"Hern\u00e1n L\u00f3pez\" \/>\n\t<meta name=\"twitter:label2\" content=\"Tiempo de lectura\" \/>\n\t<meta name=\"twitter:data2\" content=\"2 minutos\" \/>\n<script type=\"application\/ld+json\" class=\"yoast-schema-graph\">{\"@context\":\"https:\\\/\\\/schema.org\",\"@graph\":[{\"@type\":\"Article\",\"@id\":\"https:\\\/\\\/diarioprincipios.com\\\/index.php\\\/2022\\\/11\\\/07\\\/exitosas-jornadas-de-investigacion-en-la-unaj\\\/#article\",\"isPartOf\":{\"@id\":\"https:\\\/\\\/diarioprincipios.com\\\/index.php\\\/2022\\\/11\\\/07\\\/exitosas-jornadas-de-investigacion-en-la-unaj\\\/\"},\"author\":{\"name\":\"Hern\u00e1n L\u00f3pez\",\"@id\":\"https:\\\/\\\/diarioprincipios.com\\\/#\\\/schema\\\/person\\\/436d5a1fd41a5e250e23ff5a6a7cb080\"},\"headline\":\"Exitosas jornadas de investigaci\u00f3n en la UNAJ\",\"datePublished\":\"2022-11-07T21:53:29+00:00\",\"dateModified\":\"2022-11-30T05:41:36+00:00\",\"mainEntityOfPage\":{\"@id\":\"https:\\\/\\\/diarioprincipios.com\\\/index.php\\\/2022\\\/11\\\/07\\\/exitosas-jornadas-de-investigacion-en-la-unaj\\\/\"},\"wordCount\":424,\"commentCount\":0,\"publisher\":{\"@id\":\"https:\\\/\\\/diarioprincipios.com\\\/#organization\"},\"image\":{\"@id\":\"https:\\\/\\\/diarioprincipios.com\\\/index.php\\\/2022\\\/11\\\/07\\\/exitosas-jornadas-de-investigacion-en-la-unaj\\\/#primaryimage\"},\"thumbnailUrl\":\"https:\\\/\\\/diarioprincipios.com\\\/wp-content\\\/uploads\\\/2022\\\/11\\\/DSC_0486-scaled.jpg\",\"articleSection\":[\"F. Varela\"],\"inLanguage\":\"es\",\"potentialAction\":[{\"@type\":\"CommentAction\",\"name\":\"Comment\",\"target\":[\"https:\\\/\\\/diarioprincipios.com\\\/index.php\\\/2022\\\/11\\\/07\\\/exitosas-jornadas-de-investigacion-en-la-unaj\\\/#respond\"]}]},{\"@type\":\"WebPage\",\"@id\":\"https:\\\/\\\/diarioprincipios.com\\\/index.php\\\/2022\\\/11\\\/07\\\/exitosas-jornadas-de-investigacion-en-la-unaj\\\/\",\"url\":\"https:\\\/\\\/diarioprincipios.com\\\/index.php\\\/2022\\\/11\\\/07\\\/exitosas-jornadas-de-investigacion-en-la-unaj\\\/\",\"name\":\"Exitosas jornadas de investigaci\u00f3n en la UNAJ - Principios\",\"isPartOf\":{\"@id\":\"https:\\\/\\\/diarioprincipios.com\\\/#website\"},\"primaryImageOfPage\":{\"@id\":\"https:\\\/\\\/diarioprincipios.com\\\/index.php\\\/2022\\\/11\\\/07\\\/exitosas-jornadas-de-investigacion-en-la-unaj\\\/#primaryimage\"},\"image\":{\"@id\":\"https:\\\/\\\/diarioprincipios.com\\\/index.php\\\/2022\\\/11\\\/07\\\/exitosas-jornadas-de-investigacion-en-la-unaj\\\/#primaryimage\"},\"thumbnailUrl\":\"https:\\\/\\\/diarioprincipios.com\\\/wp-content\\\/uploads\\\/2022\\\/11\\\/DSC_0486-scaled.jpg\",\"datePublished\":\"2022-11-07T21:53:29+00:00\",\"dateModified\":\"2022-11-30T05:41:36+00:00\",\"breadcrumb\":{\"@id\":\"https:\\\/\\\/diarioprincipios.com\\\/index.php\\\/2022\\\/11\\\/07\\\/exitosas-jornadas-de-investigacion-en-la-unaj\\\/#breadcrumb\"},\"inLanguage\":\"es\",\"potentialAction\":[{\"@type\":\"ReadAction\",\"target\":[\"https:\\\/\\\/diarioprincipios.com\\\/index.php\\\/2022\\\/11\\\/07\\\/exitosas-jornadas-de-investigacion-en-la-unaj\\\/\"]}]},{\"@type\":\"ImageObject\",\"inLanguage\":\"es\",\"@id\":\"https:\\\/\\\/diarioprincipios.com\\\/index.php\\\/2022\\\/11\\\/07\\\/exitosas-jornadas-de-investigacion-en-la-unaj\\\/#primaryimage\",\"url\":\"https:\\\/\\\/diarioprincipios.com\\\/wp-content\\\/uploads\\\/2022\\\/11\\\/DSC_0486-scaled.jpg\",\"contentUrl\":\"https:\\\/\\\/diarioprincipios.com\\\/wp-content\\\/uploads\\\/2022\\\/11\\\/DSC_0486-scaled.jpg\",\"width\":2560,\"height\":1707},{\"@type\":\"BreadcrumbList\",\"@id\":\"https:\\\/\\\/diarioprincipios.com\\\/index.php\\\/2022\\\/11\\\/07\\\/exitosas-jornadas-de-investigacion-en-la-unaj\\\/#breadcrumb\",\"itemListElement\":[{\"@type\":\"ListItem\",\"position\":1,\"name\":\"Portada\",\"item\":\"https:\\\/\\\/diarioprincipios.com\\\/\"},{\"@type\":\"ListItem\",\"position\":2,\"name\":\"Exitosas jornadas de investigaci\u00f3n en la UNAJ\"}]},{\"@type\":\"WebSite\",\"@id\":\"https:\\\/\\\/diarioprincipios.com\\\/#website\",\"url\":\"https:\\\/\\\/diarioprincipios.com\\\/\",\"name\":\"Principios\",\"description\":\"Principios Diario\",\"publisher\":{\"@id\":\"https:\\\/\\\/diarioprincipios.com\\\/#organization\"},\"potentialAction\":[{\"@type\":\"SearchAction\",\"target\":{\"@type\":\"EntryPoint\",\"urlTemplate\":\"https:\\\/\\\/diarioprincipios.com\\\/?s={search_term_string}\"},\"query-input\":{\"@type\":\"PropertyValueSpecification\",\"valueRequired\":true,\"valueName\":\"search_term_string\"}}],\"inLanguage\":\"es\"},{\"@type\":\"Organization\",\"@id\":\"https:\\\/\\\/diarioprincipios.com\\\/#organization\",\"name\":\"Principios\",\"url\":\"https:\\\/\\\/diarioprincipios.com\\\/\",\"logo\":{\"@type\":\"ImageObject\",\"inLanguage\":\"es\",\"@id\":\"https:\\\/\\\/diarioprincipios.com\\\/#\\\/schema\\\/logo\\\/image\\\/\",\"url\":\"https:\\\/\\\/diarioprincipios.com\\\/wp-content\\\/uploads\\\/2024\\\/04\\\/cropped-www.diarioprincipios.com_-1.png\",\"contentUrl\":\"https:\\\/\\\/diarioprincipios.com\\\/wp-content\\\/uploads\\\/2024\\\/04\\\/cropped-www.diarioprincipios.com_-1.png\",\"width\":5325,\"height\":1454,\"caption\":\"Principios\"},\"image\":{\"@id\":\"https:\\\/\\\/diarioprincipios.com\\\/#\\\/schema\\\/logo\\\/image\\\/\"}},{\"@type\":\"Person\",\"@id\":\"https:\\\/\\\/diarioprincipios.com\\\/#\\\/schema\\\/person\\\/436d5a1fd41a5e250e23ff5a6a7cb080\",\"name\":\"Hern\u00e1n L\u00f3pez\",\"image\":{\"@type\":\"ImageObject\",\"inLanguage\":\"es\",\"@id\":\"https:\\\/\\\/diarioprincipios.com\\\/wp-content\\\/litespeed\\\/avatar\\\/11ddfe5610ff3bd100522525b2571f48.jpg?ver=1777048341\",\"url\":\"https:\\\/\\\/diarioprincipios.com\\\/wp-content\\\/litespeed\\\/avatar\\\/11ddfe5610ff3bd100522525b2571f48.jpg?ver=1777048341\",\"contentUrl\":\"https:\\\/\\\/diarioprincipios.com\\\/wp-content\\\/litespeed\\\/avatar\\\/11ddfe5610ff3bd100522525b2571f48.jpg?ver=1777048341\",\"caption\":\"Hern\u00e1n L\u00f3pez\"},\"url\":\"https:\\\/\\\/diarioprincipios.com\\\/index.php\\\/author\\\/hernan\\\/\"}]}<\/script>\n<!-- \/ Yoast SEO plugin. -->","yoast_head_json":{"title":"Exitosas jornadas de investigaci\u00f3n en la UNAJ - Principios","robots":{"index":"index","follow":"follow","max-snippet":"max-snippet:-1","max-image-preview":"max-image-preview:large","max-video-preview":"max-video-preview:-1"},"canonical":"https:\/\/diarioprincipios.com\/index.php\/2022\/11\/07\/exitosas-jornadas-de-investigacion-en-la-unaj\/","og_locale":"es_ES","og_type":"article","og_title":"Exitosas jornadas de investigaci\u00f3n en la UNAJ - Principios","og_description":"Con una destacada participaci\u00f3n de docentes e investigadores\/as de la UNAJ y otras universidades e instituciones cient\u00edficas, finalizaron las terceras Jornadas \u201cInvestigaciones interdisciplinarias en el territorio en el actual contexto\u201d.El \u00e9xito de la convocatoria, que permiti\u00f3 el intercambio de proyectos y experiencias en decenas de mesas de trabajo, da cuenta de la consolidaci\u00f3n de la...","og_url":"https:\/\/diarioprincipios.com\/index.php\/2022\/11\/07\/exitosas-jornadas-de-investigacion-en-la-unaj\/","og_site_name":"Principios","article_published_time":"2022-11-07T21:53:29+00:00","article_modified_time":"2022-11-30T05:41:36+00:00","og_image":[{"width":2560,"height":1707,"url":"https:\/\/diarioprincipios.com\/wp-content\/uploads\/2022\/11\/DSC_0486-scaled.jpg","type":"image\/jpeg"}],"author":"Hern\u00e1n L\u00f3pez","twitter_card":"summary_large_image","twitter_misc":{"Escrito por":"Hern\u00e1n L\u00f3pez","Tiempo de lectura":"2 minutos"},"schema":{"@context":"https:\/\/schema.org","@graph":[{"@type":"Article","@id":"https:\/\/diarioprincipios.com\/index.php\/2022\/11\/07\/exitosas-jornadas-de-investigacion-en-la-unaj\/#article","isPartOf":{"@id":"https:\/\/diarioprincipios.com\/index.php\/2022\/11\/07\/exitosas-jornadas-de-investigacion-en-la-unaj\/"},"author":{"name":"Hern\u00e1n L\u00f3pez","@id":"https:\/\/diarioprincipios.com\/#\/schema\/person\/436d5a1fd41a5e250e23ff5a6a7cb080"},"headline":"Exitosas jornadas de investigaci\u00f3n en la UNAJ","datePublished":"2022-11-07T21:53:29+00:00","dateModified":"2022-11-30T05:41:36+00:00","mainEntityOfPage":{"@id":"https:\/\/diarioprincipios.com\/index.php\/2022\/11\/07\/exitosas-jornadas-de-investigacion-en-la-unaj\/"},"wordCount":424,"commentCount":0,"publisher":{"@id":"https:\/\/diarioprincipios.com\/#organization"},"image":{"@id":"https:\/\/diarioprincipios.com\/index.php\/2022\/11\/07\/exitosas-jornadas-de-investigacion-en-la-unaj\/#primaryimage"},"thumbnailUrl":"https:\/\/diarioprincipios.com\/wp-content\/uploads\/2022\/11\/DSC_0486-scaled.jpg","articleSection":["F. Varela"],"inLanguage":"es","potentialAction":[{"@type":"CommentAction","name":"Comment","target":["https:\/\/diarioprincipios.com\/index.php\/2022\/11\/07\/exitosas-jornadas-de-investigacion-en-la-unaj\/#respond"]}]},{"@type":"WebPage","@id":"https:\/\/diarioprincipios.com\/index.php\/2022\/11\/07\/exitosas-jornadas-de-investigacion-en-la-unaj\/","url":"https:\/\/diarioprincipios.com\/index.php\/2022\/11\/07\/exitosas-jornadas-de-investigacion-en-la-unaj\/","name":"Exitosas jornadas de investigaci\u00f3n en la UNAJ - Principios","isPartOf":{"@id":"https:\/\/diarioprincipios.com\/#website"},"primaryImageOfPage":{"@id":"https:\/\/diarioprincipios.com\/index.php\/2022\/11\/07\/exitosas-jornadas-de-investigacion-en-la-unaj\/#primaryimage"},"image":{"@id":"https:\/\/diarioprincipios.com\/index.php\/2022\/11\/07\/exitosas-jornadas-de-investigacion-en-la-unaj\/#primaryimage"},"thumbnailUrl":"https:\/\/diarioprincipios.com\/wp-content\/uploads\/2022\/11\/DSC_0486-scaled.jpg","datePublished":"2022-11-07T21:53:29+00:00","dateModified":"2022-11-30T05:41:36+00:00","breadcrumb":{"@id":"https:\/\/diarioprincipios.com\/index.php\/2022\/11\/07\/exitosas-jornadas-de-investigacion-en-la-unaj\/#breadcrumb"},"inLanguage":"es","potentialAction":[{"@type":"ReadAction","target":["https:\/\/diarioprincipios.com\/index.php\/2022\/11\/07\/exitosas-jornadas-de-investigacion-en-la-unaj\/"]}]},{"@type":"ImageObject","inLanguage":"es","@id":"https:\/\/diarioprincipios.com\/index.php\/2022\/11\/07\/exitosas-jornadas-de-investigacion-en-la-unaj\/#primaryimage","url":"https:\/\/diarioprincipios.com\/wp-content\/uploads\/2022\/11\/DSC_0486-scaled.jpg","contentUrl":"https:\/\/diarioprincipios.com\/wp-content\/uploads\/2022\/11\/DSC_0486-scaled.jpg","width":2560,"height":1707},{"@type":"BreadcrumbList","@id":"https:\/\/diarioprincipios.com\/index.php\/2022\/11\/07\/exitosas-jornadas-de-investigacion-en-la-unaj\/#breadcrumb","itemListElement":[{"@type":"ListItem","position":1,"name":"Portada","item":"https:\/\/diarioprincipios.com\/"},{"@type":"ListItem","position":2,"name":"Exitosas jornadas de investigaci\u00f3n en la UNAJ"}]},{"@type":"WebSite","@id":"https:\/\/diarioprincipios.com\/#website","url":"https:\/\/diarioprincipios.com\/","name":"Principios","description":"Principios Diario","publisher":{"@id":"https:\/\/diarioprincipios.com\/#organization"},"potentialAction":[{"@type":"SearchAction","target":{"@type":"EntryPoint","urlTemplate":"https:\/\/diarioprincipios.com\/?s={search_term_string}"},"query-input":{"@type":"PropertyValueSpecification","valueRequired":true,"valueName":"search_term_string"}}],"inLanguage":"es"},{"@type":"Organization","@id":"https:\/\/diarioprincipios.com\/#organization","name":"Principios","url":"https:\/\/diarioprincipios.com\/","logo":{"@type":"ImageObject","inLanguage":"es","@id":"https:\/\/diarioprincipios.com\/#\/schema\/logo\/image\/","url":"https:\/\/diarioprincipios.com\/wp-content\/uploads\/2024\/04\/cropped-www.diarioprincipios.com_-1.png","contentUrl":"https:\/\/diarioprincipios.com\/wp-content\/uploads\/2024\/04\/cropped-www.diarioprincipios.com_-1.png","width":5325,"height":1454,"caption":"Principios"},"image":{"@id":"https:\/\/diarioprincipios.com\/#\/schema\/logo\/image\/"}},{"@type":"Person","@id":"https:\/\/diarioprincipios.com\/#\/schema\/person\/436d5a1fd41a5e250e23ff5a6a7cb080","name":"Hern\u00e1n L\u00f3pez","image":{"@type":"ImageObject","inLanguage":"es","@id":"https:\/\/diarioprincipios.com\/wp-content\/litespeed\/avatar\/11ddfe5610ff3bd100522525b2571f48.jpg?ver=1777048341","url":"https:\/\/diarioprincipios.com\/wp-content\/litespeed\/avatar\/11ddfe5610ff3bd100522525b2571f48.jpg?ver=1777048341","contentUrl":"https:\/\/diarioprincipios.com\/wp-content\/litespeed\/avatar\/11ddfe5610ff3bd100522525b2571f48.jpg?ver=1777048341","caption":"Hern\u00e1n L\u00f3pez"},"url":"https:\/\/diarioprincipios.com\/index.php\/author\/hernan\/"}]}},"jetpack_featured_media_url":"https:\/\/diarioprincipios.com\/wp-content\/uploads\/2022\/11\/DSC_0486-scaled.jpg","_links":{"self":[{"href":"https:\/\/diarioprincipios.com\/index.php\/wp-json\/wp\/v2\/posts\/15047","targetHints":{"allow":["GET"]}}],"collection":[{"href":"https:\/\/diarioprincipios.com\/index.php\/wp-json\/wp\/v2\/posts"}],"about":[{"href":"https:\/\/diarioprincipios.com\/index.php\/wp-json\/wp\/v2\/types\/post"}],"author":[{"embeddable":true,"href":"https:\/\/diarioprincipios.com\/index.php\/wp-json\/wp\/v2\/users\/2"}],"replies":[{"embeddable":true,"href":"https:\/\/diarioprincipios.com\/index.php\/wp-json\/wp\/v2\/comments?post=15047"}],"version-history":[{"count":1,"href":"https:\/\/diarioprincipios.com\/index.php\/wp-json\/wp\/v2\/posts\/15047\/revisions"}],"predecessor-version":[{"id":15049,"href":"https:\/\/diarioprincipios.com\/index.php\/wp-json\/wp\/v2\/posts\/15047\/revisions\/15049"}],"wp:featuredmedia":[{"embeddable":true,"href":"https:\/\/diarioprincipios.com\/index.php\/wp-json\/wp\/v2\/media\/15048"}],"wp:attachment":[{"href":"https:\/\/diarioprincipios.com\/index.php\/wp-json\/wp\/v2\/media?parent=15047"}],"wp:term":[{"taxonomy":"category","embeddable":true,"href":"https:\/\/diarioprincipios.com\/index.php\/wp-json\/wp\/v2\/categories?post=15047"},{"taxonomy":"post_tag","embeddable":true,"href":"https:\/\/diarioprincipios.com\/index.php\/wp-json\/wp\/v2\/tags?post=15047"}],"curies":[{"name":"wp","href":"https:\/\/api.w.org\/{rel}","templated":true}]}}