{"id":1496,"date":"2020-05-13T18:24:02","date_gmt":"2020-05-13T18:24:02","guid":{"rendered":"http:\/\/diarioprincipios.com\/?p=1496"},"modified":"2020-05-13T18:45:33","modified_gmt":"2020-05-13T18:45:33","slug":"pacientes-con-fibromialgia-agradecen-apoyo-del-municipio-y-piden-por-una-ley-que-duerme-en-diputados","status":"publish","type":"post","link":"https:\/\/diarioprincipios.com\/index.php\/2020\/05\/13\/pacientes-con-fibromialgia-agradecen-apoyo-del-municipio-y-piden-por-una-ley-que-duerme-en-diputados\/","title":{"rendered":"Pacientes con Fibromialgia agradecen apoyo del Municipio y piden por una Ley que \u00abduerme\u00bb en Diputados"},"content":{"rendered":"\n<p>El 12 de mayo fue el D\u00eda Mundial de la Fibromialgia y el S\u00edndrome de la Fatiga Cr\u00f3nica, fecha se\u00f1alada con la intenci\u00f3n de subrayar las serias dificultades por las que pasan miles de enfermos en todo el mundo. <\/p>\n\n\n\n<p>Seg\u00fan datos de la Organizaci\u00f3n Mundial de la Salud, la Fibromialgia es una enfermedad autoinmune y cr\u00f3nica, sin cura hasta el momento, que ocasiona una serie de transtornos f\u00edsicos, afectando la vida social, laboral y familiar del paciente.&nbsp; <\/p>\n\n\n\n<p>Se estima que entre el 2 y el 6% de la poblaci\u00f3n mundial padece esta enfermedad que afecta 10 veces m\u00e1s a las mujeres que a los hombres. <\/p>\n\n\n\n<p>En Argentina la padecen cerca de 2 millones de personas, aunque la mayor\u00eda lo desconoce.<\/p>\n\n\n\n<figure class=\"wp-block-image size-large\"><img loading=\"lazy\" decoding=\"async\" width=\"500\" height=\"500\" src=\"https:\/\/diarioprincipios.com\/wp-content\/uploads\/2020\/05\/IMG-20200513-WA0013.jpg\" alt=\"\" class=\"wp-image-1507\" srcset=\"https:\/\/diarioprincipios.com\/wp-content\/uploads\/2020\/05\/IMG-20200513-WA0013.jpg 500w, https:\/\/diarioprincipios.com\/wp-content\/uploads\/2020\/05\/IMG-20200513-WA0013-300x300.jpg 300w, https:\/\/diarioprincipios.com\/wp-content\/uploads\/2020\/05\/IMG-20200513-WA0013-150x150.jpg 150w\" sizes=\"auto, (max-width: 500px) 100vw, 500px\" \/><\/figure>\n\n\n\n<p>Desde hace un tiempo, en distintas ciudades se vienen conformando grupos de personas que padecen esta enfermedad y que vienen luchando para que la Legislatura Bonaerense sancione una Ley que ya tiene media sanci\u00f3n pero que \u00abduerme\u00bb desde hace dos a\u00f1os y que apunta a dar garant\u00edas a los enfermos ante sus empleadores y tener cobertura de salud.<\/p>\n\n\n\n<p>En nuestra ciudad se conform\u00f3 hace algunos a\u00f1os el Grupo Fibromialgia Berazategui, que integran Rosana Froiz, Graciela Broglia y Susana Tenca&nbsp; (fundadoras) Mirta Suarez, Isabella Licciardello, Silvia Eiffel, Vanesa Duarte, Adriana Hern\u00e1ndez, Marcela Escobar, Mar\u00eda Angelica Jaramillo y Alejandra Armaiz.<\/p>\n\n\n\n<figure class=\"wp-block-image size-large\"><img loading=\"lazy\" decoding=\"async\" width=\"720\" height=\"459\" src=\"https:\/\/diarioprincipios.com\/wp-content\/uploads\/2020\/05\/fibro-5.jpg\" alt=\"\" class=\"wp-image-1499\" srcset=\"https:\/\/diarioprincipios.com\/wp-content\/uploads\/2020\/05\/fibro-5.jpg 720w, https:\/\/diarioprincipios.com\/wp-content\/uploads\/2020\/05\/fibro-5-300x191.jpg 300w\" sizes=\"auto, (max-width: 720px) 100vw, 720px\" \/><\/figure>\n\n\n\n<p><\/p>\n\n\n\n<p>Este grupo logr\u00f3 que en 2018 el Concejo Deliberante de Berazategui, presidido en ese entonces por el doctor Juan Jos\u00e9 Mussi, apoye la sanci\u00f3n de la Ley Provincial que vienen pidiendo, en 2019 lograron que la Secretar\u00eda de Cultura difundiera un corto que presenciaron m\u00e1s de 100 personas y esta semana, recibieron un nuevo apoyo de la comuna que ilumin\u00f3 de color violeta (que representa a las personas que padecen esta enfermedad) las letras de BERAZATEGUI en la entrada a la ciudad por Autopista Buenos Aires &#8211; La Plata.&nbsp;<\/p>\n\n\n\n<figure class=\"wp-block-image size-large\"><img loading=\"lazy\" decoding=\"async\" width=\"1024\" height=\"576\" src=\"https:\/\/diarioprincipios.com\/wp-content\/uploads\/2020\/05\/fibro-2-1024x576.jpg\" alt=\"\" class=\"wp-image-1500\" srcset=\"https:\/\/diarioprincipios.com\/wp-content\/uploads\/2020\/05\/fibro-2-1024x576.jpg 1024w, https:\/\/diarioprincipios.com\/wp-content\/uploads\/2020\/05\/fibro-2-300x169.jpg 300w, https:\/\/diarioprincipios.com\/wp-content\/uploads\/2020\/05\/fibro-2-768x432.jpg 768w, https:\/\/diarioprincipios.com\/wp-content\/uploads\/2020\/05\/fibro-2.jpg 1280w\" sizes=\"auto, (max-width: 1024px) 100vw, 1024px\" \/><\/figure>\n\n\n\n<p>\u00abNuestra condici\u00f3n f\u00edsica no nos permite realizar muchas actividades, sufrimos dolores constantes, muchas veces incomprensi\u00f3n porque es una enfermedad que no se ve, fatiga, depresi\u00f3n, falta de descanso reparador\u00bb, destacaron desde el grupo, sosteniendo que \u00abse conformaron grupos en varias ciudades y recibimos el apoyo de 27 Concejos Deliberantes, entre ellos Berazategui, Quilmes, Avellaneda, Varela, vamos a seguir peleando por la sanci\u00f3n de la Ley, necesitamos que salga\u00bb.&nbsp;<br><\/p>\n\n\n\n<figure class=\"wp-block-image size-large\"><img loading=\"lazy\" decoding=\"async\" width=\"1024\" height=\"576\" src=\"https:\/\/diarioprincipios.com\/wp-content\/uploads\/2020\/05\/fibro-3-1024x576.jpg\" alt=\"\" class=\"wp-image-1501\" srcset=\"https:\/\/diarioprincipios.com\/wp-content\/uploads\/2020\/05\/fibro-3-1024x576.jpg 1024w, https:\/\/diarioprincipios.com\/wp-content\/uploads\/2020\/05\/fibro-3-300x169.jpg 300w, https:\/\/diarioprincipios.com\/wp-content\/uploads\/2020\/05\/fibro-3-768x432.jpg 768w, https:\/\/diarioprincipios.com\/wp-content\/uploads\/2020\/05\/fibro-3.jpg 1280w\" sizes=\"auto, (max-width: 1024px) 100vw, 1024px\" \/><\/figure>\n\n\n\n<p><\/p>\n\n\n\n<p>El proyecto de ley de la diputada mandato cumplido Alejandra Mart\u00ednez, que adem\u00e1s de la Fibromialgia, tambi\u00e9n incluye S\u00edndrome de Fatiga Cr\u00f3nica (SFC) y S\u00edndrome Qu\u00edmico M\u00faltiple (SQM), qued\u00f3 en stand-by, junto a otros proyectos que no tuvieron avances en la C\u00e1mara de Diputados Provincial .&nbsp; &nbsp;Seg\u00fan informes presentados en la Legislatura bonaerense, se calcula que hasta el 40% de los pacientes que padecen alguno de los tres s\u00edndromes pierden el empleo y la obra social.&nbsp; &nbsp;Por este motivo, la iniciativa contempla la posibilidad de que los trabajadores que han sido diagnosticados puedan tramitar el certificado de discapacidad.&nbsp; &nbsp;<\/p>\n\n\n\n<p>Otro aspecto relevante es la inclusi\u00f3n en el Programa M\u00e9dico Obligatorio (PMO), para obligar a hospitales, cl\u00ednicas, obras sociales y prepagas a incluir su tratamiento. Se calcula que aproximadamente 1 mill\u00f3n de bonaerenses tienen la enfermedad.<br>\u00abMientras las condiciones de salud nos lo permitan vamos a seguir luchando por esto, hay gente que no tiene obra social, que no tiene remedios, no tiene rehabilitaci\u00f3n\u00bb, destacaron desde Fibromialgia Berazategui, manfestando por \u00faltimo que \u00abagradecemos el apoyo recibido hasta aqu\u00ed de parte del Municipio, y del concejal Marcelo Romio, en Berazategui nuestro pr\u00f3ximo paso es poder hacer encuestas para saber cuantas personas hay en el distrito con la enfermedad y a partir de all\u00ed pedir al municipio que nos ayude con acompa\u00f1amiento, tal vez con algunas horas de rehabilitaci\u00f3n en el centro municipal, son m\u00e1s de 100 s\u00edntomas que requieren ser tratados\u00bb<\/p>\n","protected":false},"excerpt":{"rendered":"<p>El 12 de mayo fue el D\u00eda Mundial de la Fibromialgia y el S\u00edndrome de la Fatiga Cr\u00f3nica, fecha se\u00f1alada con la intenci\u00f3n de subrayar las serias dificultades por las que pasan miles de enfermos en todo el mundo. Seg\u00fan datos de la Organizaci\u00f3n Mundial de la Salud, la Fibromialgia es una enfermedad autoinmune y&#8230;<\/p>\n","protected":false},"author":2,"featured_media":1502,"comment_status":"open","ping_status":"open","sticky":false,"template":"","format":"standard","meta":{"footnotes":""},"categories":[3],"tags":[],"class_list":["post-1496","post","type-post","status-publish","format-standard","has-post-thumbnail","hentry","category-berazategui"],"featured_image_src":"https:\/\/diarioprincipios.com\/wp-content\/uploads\/2020\/05\/fibro.jpg","blog_images":{"medium":"https:\/\/diarioprincipios.com\/wp-content\/uploads\/2020\/05\/fibro-300x153.jpg","large":"https:\/\/diarioprincipios.com\/wp-content\/uploads\/2020\/05\/fibro.jpg"},"ams_acf":[],"yoast_head":"<!-- This site is optimized with the Yoast SEO plugin v27.3 - https:\/\/yoast.com\/product\/yoast-seo-wordpress\/ -->\n<title>Pacientes con Fibromialgia agradecen apoyo del Municipio y piden por una Ley que &quot;duerme&quot; en Diputados - Principios<\/title>\n<meta name=\"robots\" content=\"index, follow, max-snippet:-1, max-image-preview:large, max-video-preview:-1\" \/>\n<link rel=\"canonical\" href=\"https:\/\/diarioprincipios.com\/index.php\/2020\/05\/13\/pacientes-con-fibromialgia-agradecen-apoyo-del-municipio-y-piden-por-una-ley-que-duerme-en-diputados\/\" \/>\n<meta property=\"og:locale\" content=\"es_ES\" \/>\n<meta property=\"og:type\" content=\"article\" \/>\n<meta property=\"og:title\" content=\"Pacientes con Fibromialgia agradecen apoyo del Municipio y piden por una Ley que &quot;duerme&quot; en Diputados - Principios\" \/>\n<meta property=\"og:description\" content=\"El 12 de mayo fue el D\u00eda Mundial de la Fibromialgia y el S\u00edndrome de la Fatiga Cr\u00f3nica, fecha se\u00f1alada con la intenci\u00f3n de subrayar las serias dificultades por las que pasan miles de enfermos en todo el mundo. Seg\u00fan datos de la Organizaci\u00f3n Mundial de la Salud, la Fibromialgia es una enfermedad autoinmune y...\" \/>\n<meta property=\"og:url\" content=\"https:\/\/diarioprincipios.com\/index.php\/2020\/05\/13\/pacientes-con-fibromialgia-agradecen-apoyo-del-municipio-y-piden-por-una-ley-que-duerme-en-diputados\/\" \/>\n<meta property=\"og:site_name\" content=\"Principios\" \/>\n<meta property=\"article:published_time\" content=\"2020-05-13T18:24:02+00:00\" \/>\n<meta property=\"article:modified_time\" content=\"2020-05-13T18:45:33+00:00\" \/>\n<meta property=\"og:image\" content=\"https:\/\/diarioprincipios.com\/wp-content\/uploads\/2020\/05\/fibro.jpg\" \/>\n\t<meta property=\"og:image:width\" content=\"720\" \/>\n\t<meta property=\"og:image:height\" content=\"366\" \/>\n\t<meta property=\"og:image:type\" content=\"image\/jpeg\" \/>\n<meta name=\"author\" content=\"Hern\u00e1n L\u00f3pez\" \/>\n<meta name=\"twitter:card\" content=\"summary_large_image\" \/>\n<meta name=\"twitter:label1\" content=\"Escrito por\" \/>\n\t<meta name=\"twitter:data1\" content=\"Hern\u00e1n L\u00f3pez\" \/>\n\t<meta name=\"twitter:label2\" content=\"Tiempo de lectura\" \/>\n\t<meta name=\"twitter:data2\" content=\"3 minutos\" \/>\n<script type=\"application\/ld+json\" class=\"yoast-schema-graph\">{\"@context\":\"https:\\\/\\\/schema.org\",\"@graph\":[{\"@type\":\"Article\",\"@id\":\"https:\\\/\\\/diarioprincipios.com\\\/index.php\\\/2020\\\/05\\\/13\\\/pacientes-con-fibromialgia-agradecen-apoyo-del-municipio-y-piden-por-una-ley-que-duerme-en-diputados\\\/#article\",\"isPartOf\":{\"@id\":\"https:\\\/\\\/diarioprincipios.com\\\/index.php\\\/2020\\\/05\\\/13\\\/pacientes-con-fibromialgia-agradecen-apoyo-del-municipio-y-piden-por-una-ley-que-duerme-en-diputados\\\/\"},\"author\":{\"name\":\"Hern\u00e1n L\u00f3pez\",\"@id\":\"https:\\\/\\\/diarioprincipios.com\\\/#\\\/schema\\\/person\\\/436d5a1fd41a5e250e23ff5a6a7cb080\"},\"headline\":\"Pacientes con Fibromialgia agradecen apoyo del Municipio y piden por una Ley que \u00abduerme\u00bb en Diputados\",\"datePublished\":\"2020-05-13T18:24:02+00:00\",\"dateModified\":\"2020-05-13T18:45:33+00:00\",\"mainEntityOfPage\":{\"@id\":\"https:\\\/\\\/diarioprincipios.com\\\/index.php\\\/2020\\\/05\\\/13\\\/pacientes-con-fibromialgia-agradecen-apoyo-del-municipio-y-piden-por-una-ley-que-duerme-en-diputados\\\/\"},\"wordCount\":673,\"commentCount\":0,\"publisher\":{\"@id\":\"https:\\\/\\\/diarioprincipios.com\\\/#organization\"},\"image\":{\"@id\":\"https:\\\/\\\/diarioprincipios.com\\\/index.php\\\/2020\\\/05\\\/13\\\/pacientes-con-fibromialgia-agradecen-apoyo-del-municipio-y-piden-por-una-ley-que-duerme-en-diputados\\\/#primaryimage\"},\"thumbnailUrl\":\"https:\\\/\\\/diarioprincipios.com\\\/wp-content\\\/uploads\\\/2020\\\/05\\\/fibro.jpg\",\"articleSection\":[\"Berazategui\"],\"inLanguage\":\"es\",\"potentialAction\":[{\"@type\":\"CommentAction\",\"name\":\"Comment\",\"target\":[\"https:\\\/\\\/diarioprincipios.com\\\/index.php\\\/2020\\\/05\\\/13\\\/pacientes-con-fibromialgia-agradecen-apoyo-del-municipio-y-piden-por-una-ley-que-duerme-en-diputados\\\/#respond\"]}]},{\"@type\":\"WebPage\",\"@id\":\"https:\\\/\\\/diarioprincipios.com\\\/index.php\\\/2020\\\/05\\\/13\\\/pacientes-con-fibromialgia-agradecen-apoyo-del-municipio-y-piden-por-una-ley-que-duerme-en-diputados\\\/\",\"url\":\"https:\\\/\\\/diarioprincipios.com\\\/index.php\\\/2020\\\/05\\\/13\\\/pacientes-con-fibromialgia-agradecen-apoyo-del-municipio-y-piden-por-una-ley-que-duerme-en-diputados\\\/\",\"name\":\"Pacientes con Fibromialgia agradecen apoyo del Municipio y piden por una Ley que \\\"duerme\\\" en Diputados - Principios\",\"isPartOf\":{\"@id\":\"https:\\\/\\\/diarioprincipios.com\\\/#website\"},\"primaryImageOfPage\":{\"@id\":\"https:\\\/\\\/diarioprincipios.com\\\/index.php\\\/2020\\\/05\\\/13\\\/pacientes-con-fibromialgia-agradecen-apoyo-del-municipio-y-piden-por-una-ley-que-duerme-en-diputados\\\/#primaryimage\"},\"image\":{\"@id\":\"https:\\\/\\\/diarioprincipios.com\\\/index.php\\\/2020\\\/05\\\/13\\\/pacientes-con-fibromialgia-agradecen-apoyo-del-municipio-y-piden-por-una-ley-que-duerme-en-diputados\\\/#primaryimage\"},\"thumbnailUrl\":\"https:\\\/\\\/diarioprincipios.com\\\/wp-content\\\/uploads\\\/2020\\\/05\\\/fibro.jpg\",\"datePublished\":\"2020-05-13T18:24:02+00:00\",\"dateModified\":\"2020-05-13T18:45:33+00:00\",\"breadcrumb\":{\"@id\":\"https:\\\/\\\/diarioprincipios.com\\\/index.php\\\/2020\\\/05\\\/13\\\/pacientes-con-fibromialgia-agradecen-apoyo-del-municipio-y-piden-por-una-ley-que-duerme-en-diputados\\\/#breadcrumb\"},\"inLanguage\":\"es\",\"potentialAction\":[{\"@type\":\"ReadAction\",\"target\":[\"https:\\\/\\\/diarioprincipios.com\\\/index.php\\\/2020\\\/05\\\/13\\\/pacientes-con-fibromialgia-agradecen-apoyo-del-municipio-y-piden-por-una-ley-que-duerme-en-diputados\\\/\"]}]},{\"@type\":\"ImageObject\",\"inLanguage\":\"es\",\"@id\":\"https:\\\/\\\/diarioprincipios.com\\\/index.php\\\/2020\\\/05\\\/13\\\/pacientes-con-fibromialgia-agradecen-apoyo-del-municipio-y-piden-por-una-ley-que-duerme-en-diputados\\\/#primaryimage\",\"url\":\"https:\\\/\\\/diarioprincipios.com\\\/wp-content\\\/uploads\\\/2020\\\/05\\\/fibro.jpg\",\"contentUrl\":\"https:\\\/\\\/diarioprincipios.com\\\/wp-content\\\/uploads\\\/2020\\\/05\\\/fibro.jpg\",\"width\":720,\"height\":366},{\"@type\":\"BreadcrumbList\",\"@id\":\"https:\\\/\\\/diarioprincipios.com\\\/index.php\\\/2020\\\/05\\\/13\\\/pacientes-con-fibromialgia-agradecen-apoyo-del-municipio-y-piden-por-una-ley-que-duerme-en-diputados\\\/#breadcrumb\",\"itemListElement\":[{\"@type\":\"ListItem\",\"position\":1,\"name\":\"Portada\",\"item\":\"https:\\\/\\\/diarioprincipios.com\\\/\"},{\"@type\":\"ListItem\",\"position\":2,\"name\":\"Pacientes con Fibromialgia agradecen apoyo del Municipio y piden por una Ley que \u00abduerme\u00bb en Diputados\"}]},{\"@type\":\"WebSite\",\"@id\":\"https:\\\/\\\/diarioprincipios.com\\\/#website\",\"url\":\"https:\\\/\\\/diarioprincipios.com\\\/\",\"name\":\"Principios\",\"description\":\"Principios Diario\",\"publisher\":{\"@id\":\"https:\\\/\\\/diarioprincipios.com\\\/#organization\"},\"potentialAction\":[{\"@type\":\"SearchAction\",\"target\":{\"@type\":\"EntryPoint\",\"urlTemplate\":\"https:\\\/\\\/diarioprincipios.com\\\/?s={search_term_string}\"},\"query-input\":{\"@type\":\"PropertyValueSpecification\",\"valueRequired\":true,\"valueName\":\"search_term_string\"}}],\"inLanguage\":\"es\"},{\"@type\":\"Organization\",\"@id\":\"https:\\\/\\\/diarioprincipios.com\\\/#organization\",\"name\":\"Principios\",\"url\":\"https:\\\/\\\/diarioprincipios.com\\\/\",\"logo\":{\"@type\":\"ImageObject\",\"inLanguage\":\"es\",\"@id\":\"https:\\\/\\\/diarioprincipios.com\\\/#\\\/schema\\\/logo\\\/image\\\/\",\"url\":\"https:\\\/\\\/diarioprincipios.com\\\/wp-content\\\/uploads\\\/2024\\\/04\\\/cropped-www.diarioprincipios.com_-1.png\",\"contentUrl\":\"https:\\\/\\\/diarioprincipios.com\\\/wp-content\\\/uploads\\\/2024\\\/04\\\/cropped-www.diarioprincipios.com_-1.png\",\"width\":5325,\"height\":1454,\"caption\":\"Principios\"},\"image\":{\"@id\":\"https:\\\/\\\/diarioprincipios.com\\\/#\\\/schema\\\/logo\\\/image\\\/\"}},{\"@type\":\"Person\",\"@id\":\"https:\\\/\\\/diarioprincipios.com\\\/#\\\/schema\\\/person\\\/436d5a1fd41a5e250e23ff5a6a7cb080\",\"name\":\"Hern\u00e1n L\u00f3pez\",\"image\":{\"@type\":\"ImageObject\",\"inLanguage\":\"es\",\"@id\":\"https:\\\/\\\/diarioprincipios.com\\\/wp-content\\\/litespeed\\\/avatar\\\/11ddfe5610ff3bd100522525b2571f48.jpg?ver=1777048341\",\"url\":\"https:\\\/\\\/diarioprincipios.com\\\/wp-content\\\/litespeed\\\/avatar\\\/11ddfe5610ff3bd100522525b2571f48.jpg?ver=1777048341\",\"contentUrl\":\"https:\\\/\\\/diarioprincipios.com\\\/wp-content\\\/litespeed\\\/avatar\\\/11ddfe5610ff3bd100522525b2571f48.jpg?ver=1777048341\",\"caption\":\"Hern\u00e1n L\u00f3pez\"},\"url\":\"https:\\\/\\\/diarioprincipios.com\\\/index.php\\\/author\\\/hernan\\\/\"}]}<\/script>\n<!-- \/ Yoast SEO plugin. -->","yoast_head_json":{"title":"Pacientes con Fibromialgia agradecen apoyo del Municipio y piden por una Ley que \"duerme\" en Diputados - Principios","robots":{"index":"index","follow":"follow","max-snippet":"max-snippet:-1","max-image-preview":"max-image-preview:large","max-video-preview":"max-video-preview:-1"},"canonical":"https:\/\/diarioprincipios.com\/index.php\/2020\/05\/13\/pacientes-con-fibromialgia-agradecen-apoyo-del-municipio-y-piden-por-una-ley-que-duerme-en-diputados\/","og_locale":"es_ES","og_type":"article","og_title":"Pacientes con Fibromialgia agradecen apoyo del Municipio y piden por una Ley que \"duerme\" en Diputados - Principios","og_description":"El 12 de mayo fue el D\u00eda Mundial de la Fibromialgia y el S\u00edndrome de la Fatiga Cr\u00f3nica, fecha se\u00f1alada con la intenci\u00f3n de subrayar las serias dificultades por las que pasan miles de enfermos en todo el mundo. Seg\u00fan datos de la Organizaci\u00f3n Mundial de la Salud, la Fibromialgia es una enfermedad autoinmune y...","og_url":"https:\/\/diarioprincipios.com\/index.php\/2020\/05\/13\/pacientes-con-fibromialgia-agradecen-apoyo-del-municipio-y-piden-por-una-ley-que-duerme-en-diputados\/","og_site_name":"Principios","article_published_time":"2020-05-13T18:24:02+00:00","article_modified_time":"2020-05-13T18:45:33+00:00","og_image":[{"width":720,"height":366,"url":"https:\/\/diarioprincipios.com\/wp-content\/uploads\/2020\/05\/fibro.jpg","type":"image\/jpeg"}],"author":"Hern\u00e1n L\u00f3pez","twitter_card":"summary_large_image","twitter_misc":{"Escrito por":"Hern\u00e1n L\u00f3pez","Tiempo de lectura":"3 minutos"},"schema":{"@context":"https:\/\/schema.org","@graph":[{"@type":"Article","@id":"https:\/\/diarioprincipios.com\/index.php\/2020\/05\/13\/pacientes-con-fibromialgia-agradecen-apoyo-del-municipio-y-piden-por-una-ley-que-duerme-en-diputados\/#article","isPartOf":{"@id":"https:\/\/diarioprincipios.com\/index.php\/2020\/05\/13\/pacientes-con-fibromialgia-agradecen-apoyo-del-municipio-y-piden-por-una-ley-que-duerme-en-diputados\/"},"author":{"name":"Hern\u00e1n L\u00f3pez","@id":"https:\/\/diarioprincipios.com\/#\/schema\/person\/436d5a1fd41a5e250e23ff5a6a7cb080"},"headline":"Pacientes con Fibromialgia agradecen apoyo del Municipio y piden por una Ley que \u00abduerme\u00bb en Diputados","datePublished":"2020-05-13T18:24:02+00:00","dateModified":"2020-05-13T18:45:33+00:00","mainEntityOfPage":{"@id":"https:\/\/diarioprincipios.com\/index.php\/2020\/05\/13\/pacientes-con-fibromialgia-agradecen-apoyo-del-municipio-y-piden-por-una-ley-que-duerme-en-diputados\/"},"wordCount":673,"commentCount":0,"publisher":{"@id":"https:\/\/diarioprincipios.com\/#organization"},"image":{"@id":"https:\/\/diarioprincipios.com\/index.php\/2020\/05\/13\/pacientes-con-fibromialgia-agradecen-apoyo-del-municipio-y-piden-por-una-ley-que-duerme-en-diputados\/#primaryimage"},"thumbnailUrl":"https:\/\/diarioprincipios.com\/wp-content\/uploads\/2020\/05\/fibro.jpg","articleSection":["Berazategui"],"inLanguage":"es","potentialAction":[{"@type":"CommentAction","name":"Comment","target":["https:\/\/diarioprincipios.com\/index.php\/2020\/05\/13\/pacientes-con-fibromialgia-agradecen-apoyo-del-municipio-y-piden-por-una-ley-que-duerme-en-diputados\/#respond"]}]},{"@type":"WebPage","@id":"https:\/\/diarioprincipios.com\/index.php\/2020\/05\/13\/pacientes-con-fibromialgia-agradecen-apoyo-del-municipio-y-piden-por-una-ley-que-duerme-en-diputados\/","url":"https:\/\/diarioprincipios.com\/index.php\/2020\/05\/13\/pacientes-con-fibromialgia-agradecen-apoyo-del-municipio-y-piden-por-una-ley-que-duerme-en-diputados\/","name":"Pacientes con Fibromialgia agradecen apoyo del Municipio y piden por una Ley que \"duerme\" en Diputados - Principios","isPartOf":{"@id":"https:\/\/diarioprincipios.com\/#website"},"primaryImageOfPage":{"@id":"https:\/\/diarioprincipios.com\/index.php\/2020\/05\/13\/pacientes-con-fibromialgia-agradecen-apoyo-del-municipio-y-piden-por-una-ley-que-duerme-en-diputados\/#primaryimage"},"image":{"@id":"https:\/\/diarioprincipios.com\/index.php\/2020\/05\/13\/pacientes-con-fibromialgia-agradecen-apoyo-del-municipio-y-piden-por-una-ley-que-duerme-en-diputados\/#primaryimage"},"thumbnailUrl":"https:\/\/diarioprincipios.com\/wp-content\/uploads\/2020\/05\/fibro.jpg","datePublished":"2020-05-13T18:24:02+00:00","dateModified":"2020-05-13T18:45:33+00:00","breadcrumb":{"@id":"https:\/\/diarioprincipios.com\/index.php\/2020\/05\/13\/pacientes-con-fibromialgia-agradecen-apoyo-del-municipio-y-piden-por-una-ley-que-duerme-en-diputados\/#breadcrumb"},"inLanguage":"es","potentialAction":[{"@type":"ReadAction","target":["https:\/\/diarioprincipios.com\/index.php\/2020\/05\/13\/pacientes-con-fibromialgia-agradecen-apoyo-del-municipio-y-piden-por-una-ley-que-duerme-en-diputados\/"]}]},{"@type":"ImageObject","inLanguage":"es","@id":"https:\/\/diarioprincipios.com\/index.php\/2020\/05\/13\/pacientes-con-fibromialgia-agradecen-apoyo-del-municipio-y-piden-por-una-ley-que-duerme-en-diputados\/#primaryimage","url":"https:\/\/diarioprincipios.com\/wp-content\/uploads\/2020\/05\/fibro.jpg","contentUrl":"https:\/\/diarioprincipios.com\/wp-content\/uploads\/2020\/05\/fibro.jpg","width":720,"height":366},{"@type":"BreadcrumbList","@id":"https:\/\/diarioprincipios.com\/index.php\/2020\/05\/13\/pacientes-con-fibromialgia-agradecen-apoyo-del-municipio-y-piden-por-una-ley-que-duerme-en-diputados\/#breadcrumb","itemListElement":[{"@type":"ListItem","position":1,"name":"Portada","item":"https:\/\/diarioprincipios.com\/"},{"@type":"ListItem","position":2,"name":"Pacientes con Fibromialgia agradecen apoyo del Municipio y piden por una Ley que \u00abduerme\u00bb en Diputados"}]},{"@type":"WebSite","@id":"https:\/\/diarioprincipios.com\/#website","url":"https:\/\/diarioprincipios.com\/","name":"Principios","description":"Principios Diario","publisher":{"@id":"https:\/\/diarioprincipios.com\/#organization"},"potentialAction":[{"@type":"SearchAction","target":{"@type":"EntryPoint","urlTemplate":"https:\/\/diarioprincipios.com\/?s={search_term_string}"},"query-input":{"@type":"PropertyValueSpecification","valueRequired":true,"valueName":"search_term_string"}}],"inLanguage":"es"},{"@type":"Organization","@id":"https:\/\/diarioprincipios.com\/#organization","name":"Principios","url":"https:\/\/diarioprincipios.com\/","logo":{"@type":"ImageObject","inLanguage":"es","@id":"https:\/\/diarioprincipios.com\/#\/schema\/logo\/image\/","url":"https:\/\/diarioprincipios.com\/wp-content\/uploads\/2024\/04\/cropped-www.diarioprincipios.com_-1.png","contentUrl":"https:\/\/diarioprincipios.com\/wp-content\/uploads\/2024\/04\/cropped-www.diarioprincipios.com_-1.png","width":5325,"height":1454,"caption":"Principios"},"image":{"@id":"https:\/\/diarioprincipios.com\/#\/schema\/logo\/image\/"}},{"@type":"Person","@id":"https:\/\/diarioprincipios.com\/#\/schema\/person\/436d5a1fd41a5e250e23ff5a6a7cb080","name":"Hern\u00e1n L\u00f3pez","image":{"@type":"ImageObject","inLanguage":"es","@id":"https:\/\/diarioprincipios.com\/wp-content\/litespeed\/avatar\/11ddfe5610ff3bd100522525b2571f48.jpg?ver=1777048341","url":"https:\/\/diarioprincipios.com\/wp-content\/litespeed\/avatar\/11ddfe5610ff3bd100522525b2571f48.jpg?ver=1777048341","contentUrl":"https:\/\/diarioprincipios.com\/wp-content\/litespeed\/avatar\/11ddfe5610ff3bd100522525b2571f48.jpg?ver=1777048341","caption":"Hern\u00e1n L\u00f3pez"},"url":"https:\/\/diarioprincipios.com\/index.php\/author\/hernan\/"}]}},"jetpack_featured_media_url":"https:\/\/diarioprincipios.com\/wp-content\/uploads\/2020\/05\/fibro.jpg","_links":{"self":[{"href":"https:\/\/diarioprincipios.com\/index.php\/wp-json\/wp\/v2\/posts\/1496","targetHints":{"allow":["GET"]}}],"collection":[{"href":"https:\/\/diarioprincipios.com\/index.php\/wp-json\/wp\/v2\/posts"}],"about":[{"href":"https:\/\/diarioprincipios.com\/index.php\/wp-json\/wp\/v2\/types\/post"}],"author":[{"embeddable":true,"href":"https:\/\/diarioprincipios.com\/index.php\/wp-json\/wp\/v2\/users\/2"}],"replies":[{"embeddable":true,"href":"https:\/\/diarioprincipios.com\/index.php\/wp-json\/wp\/v2\/comments?post=1496"}],"version-history":[{"count":4,"href":"https:\/\/diarioprincipios.com\/index.php\/wp-json\/wp\/v2\/posts\/1496\/revisions"}],"predecessor-version":[{"id":1508,"href":"https:\/\/diarioprincipios.com\/index.php\/wp-json\/wp\/v2\/posts\/1496\/revisions\/1508"}],"wp:featuredmedia":[{"embeddable":true,"href":"https:\/\/diarioprincipios.com\/index.php\/wp-json\/wp\/v2\/media\/1502"}],"wp:attachment":[{"href":"https:\/\/diarioprincipios.com\/index.php\/wp-json\/wp\/v2\/media?parent=1496"}],"wp:term":[{"taxonomy":"category","embeddable":true,"href":"https:\/\/diarioprincipios.com\/index.php\/wp-json\/wp\/v2\/categories?post=1496"},{"taxonomy":"post_tag","embeddable":true,"href":"https:\/\/diarioprincipios.com\/index.php\/wp-json\/wp\/v2\/tags?post=1496"}],"curies":[{"name":"wp","href":"https:\/\/api.w.org\/{rel}","templated":true}]}}