{"id":14941,"date":"2022-10-27T19:44:41","date_gmt":"2022-10-27T22:44:41","guid":{"rendered":"http:\/\/diarioprincipios.com\/?p=14941"},"modified":"2022-10-27T19:44:44","modified_gmt":"2022-10-27T22:44:44","slug":"el-senado-bonaerense-aprobo-el-proyecto-de-ley-de-alcohol-cero","status":"publish","type":"post","link":"https:\/\/diarioprincipios.com\/index.php\/2022\/10\/27\/el-senado-bonaerense-aprobo-el-proyecto-de-ley-de-alcohol-cero\/","title":{"rendered":"El Senado bonaerense aprob\u00f3 el proyecto de ley de Alcohol Cero"},"content":{"rendered":"\n<p><em>Por unanimidad, el Senado bonaerense aprob\u00f3 la propuesta impulsada por el ministro de Transporte Jorge D\u00b4onofrio. La iniciativa suprime el m\u00ednimo permitido (500 miligramos) de alcohol en sangre a la hora de conducir veh\u00edculos con motor y contempla penalidades severas para quienes la incumplan. El debate pas\u00f3 a Diputados.<\/em><\/p>\n\n\n\n<p>La C\u00e1mara de Senadores bonaerense otorg\u00f3 media sanci\u00f3n al proyecto de ley de Alcohol Cero presentado por el gobernador Axel Kicillof e impulsado por el ministro de Transporte de la provincia de Buenos Aires, Jorge D\u2019Onofrio, para erradicar el m\u00ednimo de alcohol permitido en sangre a la hora de conducir. La medida cont\u00f3 con el acompa\u00f1amiento de todas y todos los senadores.<\/p>\n\n\n\n<p>La iniciativa, que fue trabajada como uno de los ejes principales de la gesti\u00f3n de D\u2019Onofrio desde la asunci\u00f3n al frente de la cartera provincial, prev\u00e9 la modificaci\u00f3n de la Ley 13.927 del C\u00f3digo de Tr\u00e1nsito y crea tolerancia cero al volante en veh\u00edculos motorizados. De esa manera, elimina el grado permitido de 500 miligramos de alcohol por litro de sangre.<\/p>\n\n\n\n<p>\u201cEs un gran avance para la Provincia, es muy importante que podamos implementar esta nueva ley, que ser\u00e1 un paso fundamental para emprender el cambio cultural que pretendemos en la provincia en materia de seguridad vial\u201d, subray\u00f3 el Ministro. Y agreg\u00f3: \u201cDesde que se cre\u00f3 el Ministerio nuestro objetivo principal fue el de bajar la cantidad de fallecidos en siniestros viales y junto con el gobernador Axel Kicillof creemos que le Ley de Alcohol Cero es un gran paso en ese sentido\u201d.<\/p>\n\n\n\n<p>Tras el visto bueno del Senado, D\u2019Onofrio celebr\u00f3 el apoyo de las y los senadores, las distintas etapas de debate que nuclearon a varios actores y sectores comprometidos con la causa y el trabajo articulado para que el proyecto pueda avanzar. \u201cLa colaboraci\u00f3n de todos los legisladores fue determinante para que esta ley llegue al recinto. Lo m\u00e1s relevante es que si vamos a tomar alcohol, no tenemos que manejar\u201d, sostuvo el titular de la cartera de Transporte bonaerense.&nbsp;<\/p>\n\n\n\n<p>Asimismo, D\u2019Onofrio destac\u00f3 que \u201cac\u00e1 se trata de salvar vidas\u201d, y subray\u00f3: \u201cTenemos \u00edndices horribles en siniestralidad vial y el alcohol est\u00e1 presente en un gran porcentaje de los casos, con grandes cantidades de muertes que incluso son dif\u00edciles de calcular. Tenemos que entender que la vida humana es el \u00fanico bien que no es reemplazable\u201d.&nbsp;<\/p>\n\n\n\n<p>La nueva ley contempla penalidades como retenci\u00f3n de la licencia e inhabilitaci\u00f3n para conducir, arresto, multas y obligaci\u00f3n de concurrir a cursos especiales de educaci\u00f3n y capacitaci\u00f3n para el correcto uso de la v\u00eda p\u00fablica. Las puniciones tienen diferentes grados de aplicaci\u00f3n de acuerdo a los niveles de alcohol en sangre detectados.<\/p>\n\n\n\n<p>La modificaci\u00f3n para lograr la tolerancia cero al volante impulsada por el ministro D\u00b4Onofrio brinda respuestas a la lucha librada por familiares de v\u00edctimas de siniestros viales, de asociaciones civiles abocadas a la cuesti\u00f3n y de agencias nacionales e internacionales que buscan concientizar y reducir los altos \u00edndices de fatalidad. En ese aspecto, cabe mencionar que el alcohol est\u00e1 presente en uno de cada cuatro siniestros viales y que es la primera causa de muerte de menores de 35 a\u00f1os, seg\u00fan datos de la Agencia Nacional de Seguridad Vial.<\/p>\n\n\n\n<p>Por \u00faltimo, D\u00b4Onofrio renov\u00f3 los agradecimientos para el cuerpo legislativo por el tratamiento de la propuesta que busca salvar vidas. \u201cAgradecimiento y respeto, han hecho un abordaje integral, han participado de las comisiones todos los sectores, agradecimiento para la presidenta del Senado Ver\u00f3nica Magario, para todos los presidentes del bloque, especialmente Teresa Garc\u00eda, a Sof\u00eda Vanelli que llev\u00f3 adelante el tratamiento de la ley, y para hasta aquellos que no estaban de acuerdo, pero dieron el debate. El reconocimiento de toda la Provincia porque se han puesto a trabajar en una ley que era realmente necesaria\u201d, cerr\u00f3 el titular de Transporte.<\/p>\n","protected":false},"excerpt":{"rendered":"<p>Por unanimidad, el Senado bonaerense aprob\u00f3 la propuesta impulsada por el ministro de Transporte Jorge D\u00b4onofrio. La iniciativa suprime el m\u00ednimo permitido (500 miligramos) de alcohol en sangre a la hora de conducir veh\u00edculos con motor y contempla penalidades severas para quienes la incumplan. El debate pas\u00f3 a Diputados. La C\u00e1mara de Senadores bonaerense otorg\u00f3&#8230;<\/p>\n","protected":false},"author":2,"featured_media":14942,"comment_status":"open","ping_status":"open","sticky":false,"template":"","format":"standard","meta":{"footnotes":""},"categories":[7],"tags":[],"class_list":["post-14941","post","type-post","status-publish","format-standard","has-post-thumbnail","hentry","category-provincia"],"featured_image_src":"https:\/\/diarioprincipios.com\/wp-content\/uploads\/2022\/10\/WhatsApp-Image-2022-10-27-at-15.50.25-1024x683.jpeg","blog_images":{"medium":"https:\/\/diarioprincipios.com\/wp-content\/uploads\/2022\/10\/WhatsApp-Image-2022-10-27-at-15.50.25-300x200.jpeg","large":"https:\/\/diarioprincipios.com\/wp-content\/uploads\/2022\/10\/WhatsApp-Image-2022-10-27-at-15.50.25-1024x683.jpeg"},"ams_acf":[],"yoast_head":"<!-- This site is optimized with the Yoast SEO plugin v27.3 - https:\/\/yoast.com\/product\/yoast-seo-wordpress\/ -->\n<title>El Senado bonaerense aprob\u00f3 el proyecto de ley de Alcohol Cero - Principios<\/title>\n<meta name=\"robots\" content=\"index, follow, max-snippet:-1, max-image-preview:large, max-video-preview:-1\" \/>\n<link rel=\"canonical\" href=\"https:\/\/diarioprincipios.com\/index.php\/2022\/10\/27\/el-senado-bonaerense-aprobo-el-proyecto-de-ley-de-alcohol-cero\/\" \/>\n<meta property=\"og:locale\" content=\"es_ES\" \/>\n<meta property=\"og:type\" content=\"article\" \/>\n<meta property=\"og:title\" content=\"El Senado bonaerense aprob\u00f3 el proyecto de ley de Alcohol Cero - Principios\" \/>\n<meta property=\"og:description\" content=\"Por unanimidad, el Senado bonaerense aprob\u00f3 la propuesta impulsada por el ministro de Transporte Jorge D\u00b4onofrio. La iniciativa suprime el m\u00ednimo permitido (500 miligramos) de alcohol en sangre a la hora de conducir veh\u00edculos con motor y contempla penalidades severas para quienes la incumplan. El debate pas\u00f3 a Diputados. La C\u00e1mara de Senadores bonaerense otorg\u00f3...\" \/>\n<meta property=\"og:url\" content=\"https:\/\/diarioprincipios.com\/index.php\/2022\/10\/27\/el-senado-bonaerense-aprobo-el-proyecto-de-ley-de-alcohol-cero\/\" \/>\n<meta property=\"og:site_name\" content=\"Principios\" \/>\n<meta property=\"article:published_time\" content=\"2022-10-27T22:44:41+00:00\" \/>\n<meta property=\"article:modified_time\" content=\"2022-10-27T22:44:44+00:00\" \/>\n<meta property=\"og:image\" content=\"https:\/\/diarioprincipios.com\/wp-content\/uploads\/2022\/10\/WhatsApp-Image-2022-10-27-at-15.50.25.jpeg\" \/>\n\t<meta property=\"og:image:width\" content=\"1305\" \/>\n\t<meta property=\"og:image:height\" content=\"870\" \/>\n\t<meta property=\"og:image:type\" content=\"image\/jpeg\" \/>\n<meta name=\"author\" content=\"Hern\u00e1n L\u00f3pez\" \/>\n<meta name=\"twitter:card\" content=\"summary_large_image\" \/>\n<meta name=\"twitter:label1\" content=\"Escrito por\" \/>\n\t<meta name=\"twitter:data1\" content=\"Hern\u00e1n L\u00f3pez\" \/>\n\t<meta name=\"twitter:label2\" content=\"Tiempo de lectura\" \/>\n\t<meta name=\"twitter:data2\" content=\"3 minutos\" \/>\n<script type=\"application\/ld+json\" class=\"yoast-schema-graph\">{\"@context\":\"https:\\\/\\\/schema.org\",\"@graph\":[{\"@type\":\"Article\",\"@id\":\"https:\\\/\\\/diarioprincipios.com\\\/index.php\\\/2022\\\/10\\\/27\\\/el-senado-bonaerense-aprobo-el-proyecto-de-ley-de-alcohol-cero\\\/#article\",\"isPartOf\":{\"@id\":\"https:\\\/\\\/diarioprincipios.com\\\/index.php\\\/2022\\\/10\\\/27\\\/el-senado-bonaerense-aprobo-el-proyecto-de-ley-de-alcohol-cero\\\/\"},\"author\":{\"name\":\"Hern\u00e1n L\u00f3pez\",\"@id\":\"https:\\\/\\\/diarioprincipios.com\\\/#\\\/schema\\\/person\\\/436d5a1fd41a5e250e23ff5a6a7cb080\"},\"headline\":\"El Senado bonaerense aprob\u00f3 el proyecto de ley de Alcohol Cero\",\"datePublished\":\"2022-10-27T22:44:41+00:00\",\"dateModified\":\"2022-10-27T22:44:44+00:00\",\"mainEntityOfPage\":{\"@id\":\"https:\\\/\\\/diarioprincipios.com\\\/index.php\\\/2022\\\/10\\\/27\\\/el-senado-bonaerense-aprobo-el-proyecto-de-ley-de-alcohol-cero\\\/\"},\"wordCount\":678,\"commentCount\":0,\"publisher\":{\"@id\":\"https:\\\/\\\/diarioprincipios.com\\\/#organization\"},\"image\":{\"@id\":\"https:\\\/\\\/diarioprincipios.com\\\/index.php\\\/2022\\\/10\\\/27\\\/el-senado-bonaerense-aprobo-el-proyecto-de-ley-de-alcohol-cero\\\/#primaryimage\"},\"thumbnailUrl\":\"https:\\\/\\\/diarioprincipios.com\\\/wp-content\\\/uploads\\\/2022\\\/10\\\/WhatsApp-Image-2022-10-27-at-15.50.25.jpeg\",\"articleSection\":[\"Provincia\"],\"inLanguage\":\"es\",\"potentialAction\":[{\"@type\":\"CommentAction\",\"name\":\"Comment\",\"target\":[\"https:\\\/\\\/diarioprincipios.com\\\/index.php\\\/2022\\\/10\\\/27\\\/el-senado-bonaerense-aprobo-el-proyecto-de-ley-de-alcohol-cero\\\/#respond\"]}]},{\"@type\":\"WebPage\",\"@id\":\"https:\\\/\\\/diarioprincipios.com\\\/index.php\\\/2022\\\/10\\\/27\\\/el-senado-bonaerense-aprobo-el-proyecto-de-ley-de-alcohol-cero\\\/\",\"url\":\"https:\\\/\\\/diarioprincipios.com\\\/index.php\\\/2022\\\/10\\\/27\\\/el-senado-bonaerense-aprobo-el-proyecto-de-ley-de-alcohol-cero\\\/\",\"name\":\"El Senado bonaerense aprob\u00f3 el proyecto de ley de Alcohol Cero - Principios\",\"isPartOf\":{\"@id\":\"https:\\\/\\\/diarioprincipios.com\\\/#website\"},\"primaryImageOfPage\":{\"@id\":\"https:\\\/\\\/diarioprincipios.com\\\/index.php\\\/2022\\\/10\\\/27\\\/el-senado-bonaerense-aprobo-el-proyecto-de-ley-de-alcohol-cero\\\/#primaryimage\"},\"image\":{\"@id\":\"https:\\\/\\\/diarioprincipios.com\\\/index.php\\\/2022\\\/10\\\/27\\\/el-senado-bonaerense-aprobo-el-proyecto-de-ley-de-alcohol-cero\\\/#primaryimage\"},\"thumbnailUrl\":\"https:\\\/\\\/diarioprincipios.com\\\/wp-content\\\/uploads\\\/2022\\\/10\\\/WhatsApp-Image-2022-10-27-at-15.50.25.jpeg\",\"datePublished\":\"2022-10-27T22:44:41+00:00\",\"dateModified\":\"2022-10-27T22:44:44+00:00\",\"breadcrumb\":{\"@id\":\"https:\\\/\\\/diarioprincipios.com\\\/index.php\\\/2022\\\/10\\\/27\\\/el-senado-bonaerense-aprobo-el-proyecto-de-ley-de-alcohol-cero\\\/#breadcrumb\"},\"inLanguage\":\"es\",\"potentialAction\":[{\"@type\":\"ReadAction\",\"target\":[\"https:\\\/\\\/diarioprincipios.com\\\/index.php\\\/2022\\\/10\\\/27\\\/el-senado-bonaerense-aprobo-el-proyecto-de-ley-de-alcohol-cero\\\/\"]}]},{\"@type\":\"ImageObject\",\"inLanguage\":\"es\",\"@id\":\"https:\\\/\\\/diarioprincipios.com\\\/index.php\\\/2022\\\/10\\\/27\\\/el-senado-bonaerense-aprobo-el-proyecto-de-ley-de-alcohol-cero\\\/#primaryimage\",\"url\":\"https:\\\/\\\/diarioprincipios.com\\\/wp-content\\\/uploads\\\/2022\\\/10\\\/WhatsApp-Image-2022-10-27-at-15.50.25.jpeg\",\"contentUrl\":\"https:\\\/\\\/diarioprincipios.com\\\/wp-content\\\/uploads\\\/2022\\\/10\\\/WhatsApp-Image-2022-10-27-at-15.50.25.jpeg\",\"width\":1305,\"height\":870},{\"@type\":\"BreadcrumbList\",\"@id\":\"https:\\\/\\\/diarioprincipios.com\\\/index.php\\\/2022\\\/10\\\/27\\\/el-senado-bonaerense-aprobo-el-proyecto-de-ley-de-alcohol-cero\\\/#breadcrumb\",\"itemListElement\":[{\"@type\":\"ListItem\",\"position\":1,\"name\":\"Portada\",\"item\":\"https:\\\/\\\/diarioprincipios.com\\\/\"},{\"@type\":\"ListItem\",\"position\":2,\"name\":\"El Senado bonaerense aprob\u00f3 el proyecto de ley de Alcohol Cero\"}]},{\"@type\":\"WebSite\",\"@id\":\"https:\\\/\\\/diarioprincipios.com\\\/#website\",\"url\":\"https:\\\/\\\/diarioprincipios.com\\\/\",\"name\":\"Principios\",\"description\":\"Principios Diario\",\"publisher\":{\"@id\":\"https:\\\/\\\/diarioprincipios.com\\\/#organization\"},\"potentialAction\":[{\"@type\":\"SearchAction\",\"target\":{\"@type\":\"EntryPoint\",\"urlTemplate\":\"https:\\\/\\\/diarioprincipios.com\\\/?s={search_term_string}\"},\"query-input\":{\"@type\":\"PropertyValueSpecification\",\"valueRequired\":true,\"valueName\":\"search_term_string\"}}],\"inLanguage\":\"es\"},{\"@type\":\"Organization\",\"@id\":\"https:\\\/\\\/diarioprincipios.com\\\/#organization\",\"name\":\"Principios\",\"url\":\"https:\\\/\\\/diarioprincipios.com\\\/\",\"logo\":{\"@type\":\"ImageObject\",\"inLanguage\":\"es\",\"@id\":\"https:\\\/\\\/diarioprincipios.com\\\/#\\\/schema\\\/logo\\\/image\\\/\",\"url\":\"https:\\\/\\\/diarioprincipios.com\\\/wp-content\\\/uploads\\\/2024\\\/04\\\/cropped-www.diarioprincipios.com_-1.png\",\"contentUrl\":\"https:\\\/\\\/diarioprincipios.com\\\/wp-content\\\/uploads\\\/2024\\\/04\\\/cropped-www.diarioprincipios.com_-1.png\",\"width\":5325,\"height\":1454,\"caption\":\"Principios\"},\"image\":{\"@id\":\"https:\\\/\\\/diarioprincipios.com\\\/#\\\/schema\\\/logo\\\/image\\\/\"}},{\"@type\":\"Person\",\"@id\":\"https:\\\/\\\/diarioprincipios.com\\\/#\\\/schema\\\/person\\\/436d5a1fd41a5e250e23ff5a6a7cb080\",\"name\":\"Hern\u00e1n L\u00f3pez\",\"image\":{\"@type\":\"ImageObject\",\"inLanguage\":\"es\",\"@id\":\"https:\\\/\\\/diarioprincipios.com\\\/wp-content\\\/litespeed\\\/avatar\\\/11ddfe5610ff3bd100522525b2571f48.jpg?ver=1777653193\",\"url\":\"https:\\\/\\\/diarioprincipios.com\\\/wp-content\\\/litespeed\\\/avatar\\\/11ddfe5610ff3bd100522525b2571f48.jpg?ver=1777653193\",\"contentUrl\":\"https:\\\/\\\/diarioprincipios.com\\\/wp-content\\\/litespeed\\\/avatar\\\/11ddfe5610ff3bd100522525b2571f48.jpg?ver=1777653193\",\"caption\":\"Hern\u00e1n L\u00f3pez\"},\"url\":\"https:\\\/\\\/diarioprincipios.com\\\/index.php\\\/author\\\/hernan\\\/\"}]}<\/script>\n<!-- \/ Yoast SEO plugin. -->","yoast_head_json":{"title":"El Senado bonaerense aprob\u00f3 el proyecto de ley de Alcohol Cero - Principios","robots":{"index":"index","follow":"follow","max-snippet":"max-snippet:-1","max-image-preview":"max-image-preview:large","max-video-preview":"max-video-preview:-1"},"canonical":"https:\/\/diarioprincipios.com\/index.php\/2022\/10\/27\/el-senado-bonaerense-aprobo-el-proyecto-de-ley-de-alcohol-cero\/","og_locale":"es_ES","og_type":"article","og_title":"El Senado bonaerense aprob\u00f3 el proyecto de ley de Alcohol Cero - Principios","og_description":"Por unanimidad, el Senado bonaerense aprob\u00f3 la propuesta impulsada por el ministro de Transporte Jorge D\u00b4onofrio. La iniciativa suprime el m\u00ednimo permitido (500 miligramos) de alcohol en sangre a la hora de conducir veh\u00edculos con motor y contempla penalidades severas para quienes la incumplan. El debate pas\u00f3 a Diputados. La C\u00e1mara de Senadores bonaerense otorg\u00f3...","og_url":"https:\/\/diarioprincipios.com\/index.php\/2022\/10\/27\/el-senado-bonaerense-aprobo-el-proyecto-de-ley-de-alcohol-cero\/","og_site_name":"Principios","article_published_time":"2022-10-27T22:44:41+00:00","article_modified_time":"2022-10-27T22:44:44+00:00","og_image":[{"width":1305,"height":870,"url":"https:\/\/diarioprincipios.com\/wp-content\/uploads\/2022\/10\/WhatsApp-Image-2022-10-27-at-15.50.25.jpeg","type":"image\/jpeg"}],"author":"Hern\u00e1n L\u00f3pez","twitter_card":"summary_large_image","twitter_misc":{"Escrito por":"Hern\u00e1n L\u00f3pez","Tiempo de lectura":"3 minutos"},"schema":{"@context":"https:\/\/schema.org","@graph":[{"@type":"Article","@id":"https:\/\/diarioprincipios.com\/index.php\/2022\/10\/27\/el-senado-bonaerense-aprobo-el-proyecto-de-ley-de-alcohol-cero\/#article","isPartOf":{"@id":"https:\/\/diarioprincipios.com\/index.php\/2022\/10\/27\/el-senado-bonaerense-aprobo-el-proyecto-de-ley-de-alcohol-cero\/"},"author":{"name":"Hern\u00e1n L\u00f3pez","@id":"https:\/\/diarioprincipios.com\/#\/schema\/person\/436d5a1fd41a5e250e23ff5a6a7cb080"},"headline":"El Senado bonaerense aprob\u00f3 el proyecto de ley de Alcohol Cero","datePublished":"2022-10-27T22:44:41+00:00","dateModified":"2022-10-27T22:44:44+00:00","mainEntityOfPage":{"@id":"https:\/\/diarioprincipios.com\/index.php\/2022\/10\/27\/el-senado-bonaerense-aprobo-el-proyecto-de-ley-de-alcohol-cero\/"},"wordCount":678,"commentCount":0,"publisher":{"@id":"https:\/\/diarioprincipios.com\/#organization"},"image":{"@id":"https:\/\/diarioprincipios.com\/index.php\/2022\/10\/27\/el-senado-bonaerense-aprobo-el-proyecto-de-ley-de-alcohol-cero\/#primaryimage"},"thumbnailUrl":"https:\/\/diarioprincipios.com\/wp-content\/uploads\/2022\/10\/WhatsApp-Image-2022-10-27-at-15.50.25.jpeg","articleSection":["Provincia"],"inLanguage":"es","potentialAction":[{"@type":"CommentAction","name":"Comment","target":["https:\/\/diarioprincipios.com\/index.php\/2022\/10\/27\/el-senado-bonaerense-aprobo-el-proyecto-de-ley-de-alcohol-cero\/#respond"]}]},{"@type":"WebPage","@id":"https:\/\/diarioprincipios.com\/index.php\/2022\/10\/27\/el-senado-bonaerense-aprobo-el-proyecto-de-ley-de-alcohol-cero\/","url":"https:\/\/diarioprincipios.com\/index.php\/2022\/10\/27\/el-senado-bonaerense-aprobo-el-proyecto-de-ley-de-alcohol-cero\/","name":"El Senado bonaerense aprob\u00f3 el proyecto de ley de Alcohol Cero - Principios","isPartOf":{"@id":"https:\/\/diarioprincipios.com\/#website"},"primaryImageOfPage":{"@id":"https:\/\/diarioprincipios.com\/index.php\/2022\/10\/27\/el-senado-bonaerense-aprobo-el-proyecto-de-ley-de-alcohol-cero\/#primaryimage"},"image":{"@id":"https:\/\/diarioprincipios.com\/index.php\/2022\/10\/27\/el-senado-bonaerense-aprobo-el-proyecto-de-ley-de-alcohol-cero\/#primaryimage"},"thumbnailUrl":"https:\/\/diarioprincipios.com\/wp-content\/uploads\/2022\/10\/WhatsApp-Image-2022-10-27-at-15.50.25.jpeg","datePublished":"2022-10-27T22:44:41+00:00","dateModified":"2022-10-27T22:44:44+00:00","breadcrumb":{"@id":"https:\/\/diarioprincipios.com\/index.php\/2022\/10\/27\/el-senado-bonaerense-aprobo-el-proyecto-de-ley-de-alcohol-cero\/#breadcrumb"},"inLanguage":"es","potentialAction":[{"@type":"ReadAction","target":["https:\/\/diarioprincipios.com\/index.php\/2022\/10\/27\/el-senado-bonaerense-aprobo-el-proyecto-de-ley-de-alcohol-cero\/"]}]},{"@type":"ImageObject","inLanguage":"es","@id":"https:\/\/diarioprincipios.com\/index.php\/2022\/10\/27\/el-senado-bonaerense-aprobo-el-proyecto-de-ley-de-alcohol-cero\/#primaryimage","url":"https:\/\/diarioprincipios.com\/wp-content\/uploads\/2022\/10\/WhatsApp-Image-2022-10-27-at-15.50.25.jpeg","contentUrl":"https:\/\/diarioprincipios.com\/wp-content\/uploads\/2022\/10\/WhatsApp-Image-2022-10-27-at-15.50.25.jpeg","width":1305,"height":870},{"@type":"BreadcrumbList","@id":"https:\/\/diarioprincipios.com\/index.php\/2022\/10\/27\/el-senado-bonaerense-aprobo-el-proyecto-de-ley-de-alcohol-cero\/#breadcrumb","itemListElement":[{"@type":"ListItem","position":1,"name":"Portada","item":"https:\/\/diarioprincipios.com\/"},{"@type":"ListItem","position":2,"name":"El Senado bonaerense aprob\u00f3 el proyecto de ley de Alcohol Cero"}]},{"@type":"WebSite","@id":"https:\/\/diarioprincipios.com\/#website","url":"https:\/\/diarioprincipios.com\/","name":"Principios","description":"Principios Diario","publisher":{"@id":"https:\/\/diarioprincipios.com\/#organization"},"potentialAction":[{"@type":"SearchAction","target":{"@type":"EntryPoint","urlTemplate":"https:\/\/diarioprincipios.com\/?s={search_term_string}"},"query-input":{"@type":"PropertyValueSpecification","valueRequired":true,"valueName":"search_term_string"}}],"inLanguage":"es"},{"@type":"Organization","@id":"https:\/\/diarioprincipios.com\/#organization","name":"Principios","url":"https:\/\/diarioprincipios.com\/","logo":{"@type":"ImageObject","inLanguage":"es","@id":"https:\/\/diarioprincipios.com\/#\/schema\/logo\/image\/","url":"https:\/\/diarioprincipios.com\/wp-content\/uploads\/2024\/04\/cropped-www.diarioprincipios.com_-1.png","contentUrl":"https:\/\/diarioprincipios.com\/wp-content\/uploads\/2024\/04\/cropped-www.diarioprincipios.com_-1.png","width":5325,"height":1454,"caption":"Principios"},"image":{"@id":"https:\/\/diarioprincipios.com\/#\/schema\/logo\/image\/"}},{"@type":"Person","@id":"https:\/\/diarioprincipios.com\/#\/schema\/person\/436d5a1fd41a5e250e23ff5a6a7cb080","name":"Hern\u00e1n L\u00f3pez","image":{"@type":"ImageObject","inLanguage":"es","@id":"https:\/\/diarioprincipios.com\/wp-content\/litespeed\/avatar\/11ddfe5610ff3bd100522525b2571f48.jpg?ver=1777653193","url":"https:\/\/diarioprincipios.com\/wp-content\/litespeed\/avatar\/11ddfe5610ff3bd100522525b2571f48.jpg?ver=1777653193","contentUrl":"https:\/\/diarioprincipios.com\/wp-content\/litespeed\/avatar\/11ddfe5610ff3bd100522525b2571f48.jpg?ver=1777653193","caption":"Hern\u00e1n L\u00f3pez"},"url":"https:\/\/diarioprincipios.com\/index.php\/author\/hernan\/"}]}},"jetpack_featured_media_url":"https:\/\/diarioprincipios.com\/wp-content\/uploads\/2022\/10\/WhatsApp-Image-2022-10-27-at-15.50.25.jpeg","_links":{"self":[{"href":"https:\/\/diarioprincipios.com\/index.php\/wp-json\/wp\/v2\/posts\/14941","targetHints":{"allow":["GET"]}}],"collection":[{"href":"https:\/\/diarioprincipios.com\/index.php\/wp-json\/wp\/v2\/posts"}],"about":[{"href":"https:\/\/diarioprincipios.com\/index.php\/wp-json\/wp\/v2\/types\/post"}],"author":[{"embeddable":true,"href":"https:\/\/diarioprincipios.com\/index.php\/wp-json\/wp\/v2\/users\/2"}],"replies":[{"embeddable":true,"href":"https:\/\/diarioprincipios.com\/index.php\/wp-json\/wp\/v2\/comments?post=14941"}],"version-history":[{"count":1,"href":"https:\/\/diarioprincipios.com\/index.php\/wp-json\/wp\/v2\/posts\/14941\/revisions"}],"predecessor-version":[{"id":14943,"href":"https:\/\/diarioprincipios.com\/index.php\/wp-json\/wp\/v2\/posts\/14941\/revisions\/14943"}],"wp:featuredmedia":[{"embeddable":true,"href":"https:\/\/diarioprincipios.com\/index.php\/wp-json\/wp\/v2\/media\/14942"}],"wp:attachment":[{"href":"https:\/\/diarioprincipios.com\/index.php\/wp-json\/wp\/v2\/media?parent=14941"}],"wp:term":[{"taxonomy":"category","embeddable":true,"href":"https:\/\/diarioprincipios.com\/index.php\/wp-json\/wp\/v2\/categories?post=14941"},{"taxonomy":"post_tag","embeddable":true,"href":"https:\/\/diarioprincipios.com\/index.php\/wp-json\/wp\/v2\/tags?post=14941"}],"curies":[{"name":"wp","href":"https:\/\/api.w.org\/{rel}","templated":true}]}}