{"id":1491,"date":"2020-05-13T13:04:26","date_gmt":"2020-05-13T13:04:26","guid":{"rendered":"http:\/\/diarioprincipios.com\/?p=1491"},"modified":"2020-05-13T13:04:29","modified_gmt":"2020-05-13T13:04:29","slug":"senado-y-diputados-sesionan-hoy-en-forma-virtual-por-primera-vez-en-su-historia","status":"publish","type":"post","link":"https:\/\/diarioprincipios.com\/index.php\/2020\/05\/13\/senado-y-diputados-sesionan-hoy-en-forma-virtual-por-primera-vez-en-su-historia\/","title":{"rendered":"Senado y Diputados sesionan hoy en forma virtual por primera vez en su historia"},"content":{"rendered":"\n<p>Las c\u00e1maras de Senadores y de Diputados de la Naci\u00f3n realizar\u00e1n hoy sus primeras sesiones remotas de la historia parlamentaria, a trav\u00e9s de una plataforma digital en la cual los legisladores disertar\u00e1n y emitir\u00e1n su voto de manera virtual, debido a las restricciones por la pandemia del coronavirus.<\/p>\n\n\n\n<p>El Senado debatir\u00e1 desde las 14 la ratificaci\u00f3n de la veintena de Decretos de Necesidad y Urgencia (DNU) dictados por el gobierno, mientras que Diputados lo har\u00e1 a partir de las 18 para debatir dos proyectos: uno vinculado a la protecci\u00f3n integral del personal de salud y otro para eximir del Impuesto a las Ganancias a los trabajadores de la salud y la seguridad, entre otros que cumplen tareas esenciales en la cuarentena.<\/p>\n\n\n\n<p>Los legisladores podr\u00e1n participar de las sesiones remotas en las dos c\u00e1maras del Congreso desde sus casas o reparticiones p\u00fablicas de sus provincias, siempre que haya instalado un ancho de banda suficiente.<\/p>\n\n\n\n<p>Adem\u00e1s, deber\u00e1n ser identificados por el Registro Nacional de las Personas (Renaper), con un usuario y una contrase\u00f1a, tanto para la conformaci\u00f3n del qu\u00f3rum como en cada votaci\u00f3n.<\/p>\n\n\n\n<p>La sesi\u00f3n en el Senado comenzar\u00e1 a las 14 conducida por la presidenta del cuerpo, Cristina Fern\u00e1ndez de Kirchner, desde el recinto de la C\u00e1mara alta, acompa\u00f1ada por el secretario parlamentario, Marcelo Fuentes, y su segundo, Juan Tunessi.<\/p>\n\n\n\n<p>En el primer tramo de la sesi\u00f3n deber\u00e1n autorizar la realizaci\u00f3n de sesiones virtuales mientras dure la cuarentena, as\u00ed como prorrogar la validez de los expedientes que expirar\u00e1n dentro de pocas semanas.<\/p>\n\n\n\n<p>De hecho, las principales bancadas, del oficialista Frente de Todos y del interbloque de Juntos por el Cambio, acordaron incluir en el temario s\u00f3lo proyectos vinculados con la pandemia.<\/p>\n\n\n\n<p>El Senado, seg\u00fan se prev\u00e9, ratificar\u00e1 una veintena de decretos emitidos por el presidente Alberto Fern\u00e1ndez desde que comenz\u00f3 la propagaci\u00f3n del coronavirus en el pa\u00eds, entre los cuales se encuentra el que dispuso la emergencia sanitaria por el plazo de un a\u00f1o.<\/p>\n\n\n\n<p>Tambi\u00e9n se incluyen la prohibici\u00f3n del ingreso al territorio nacional de personas extranjeras por el plazo de 15 d\u00edas y el DNU del 19 de marzo (n\u00famero 297), que declar\u00f3 el aislamiento social preventivo y obligatorio, adem\u00e1s de la norma que impide los despidos y los cortes de servicios por mora o falta de pagos, entre otros.<\/p>\n\n\n\n<p>Por su parte, Diputados comenzar\u00e1 la sesi\u00f3n a las 18 y junto al presidente del cuerpo, Sergio Massa, estar\u00e1n en el recinto unos 47 legisladores, entre los que se encuentran el vicepresidente de la C\u00e1mara, el macrista Alvaro Gonz\u00e1lez, y los jefes de bloques parlamentarios.<\/p>\n\n\n\n<p>En el primer tramo se pondr\u00e1 a consideraci\u00f3n la aprobaci\u00f3n del protocolo para sesiones remotas, tras las modificaciones realizadas en las \u00faltimas horas para precisar la forma de comprobar el qu\u00f3rum y el resultado de las votaciones.<\/p>\n\n\n\n<p>Tambi\u00e9n se aceptar\u00e1n las renuncias de los diputados del Frente de Todos Daniel Scioli y Andr\u00e9s Larroque, y de la l\u00edder de la Coalici\u00f3n C\u00edvica, Elisa \u00abLilita\u00bb Carri\u00f3. Scioli fue designado embajador en Brasil y Larroque fue nombrado ministro de Desarrollo bonaerense, mientras Carri\u00f3 renunci\u00f3 desde el primero de marzo pasado, en lo que fue anunciado como su retiro de la pol\u00edtica.<\/p>\n","protected":false},"excerpt":{"rendered":"<p>Las c\u00e1maras de Senadores y de Diputados de la Naci\u00f3n realizar\u00e1n hoy sus primeras sesiones remotas de la historia parlamentaria, a trav\u00e9s de una plataforma digital en la cual los legisladores disertar\u00e1n y emitir\u00e1n su voto de manera virtual, debido a las restricciones por la pandemia del coronavirus. El Senado debatir\u00e1 desde las 14 la&#8230;<\/p>\n","protected":false},"author":2,"featured_media":1478,"comment_status":"open","ping_status":"open","sticky":false,"template":"","format":"standard","meta":{"footnotes":""},"categories":[10],"tags":[],"class_list":["post-1491","post","type-post","status-publish","format-standard","has-post-thumbnail","hentry","category-nacion"],"featured_image_src":"https:\/\/diarioprincipios.com\/wp-content\/uploads\/2020\/05\/sesion.jpg","blog_images":{"medium":"https:\/\/diarioprincipios.com\/wp-content\/uploads\/2020\/05\/sesion-300x200.jpg","large":"https:\/\/diarioprincipios.com\/wp-content\/uploads\/2020\/05\/sesion.jpg"},"ams_acf":[],"yoast_head":"<!-- This site is optimized with the Yoast SEO plugin v27.3 - https:\/\/yoast.com\/product\/yoast-seo-wordpress\/ -->\n<title>Senado y Diputados sesionan hoy en forma virtual por primera vez en su historia - Principios<\/title>\n<meta name=\"robots\" content=\"index, follow, max-snippet:-1, max-image-preview:large, max-video-preview:-1\" \/>\n<link rel=\"canonical\" href=\"https:\/\/diarioprincipios.com\/index.php\/2020\/05\/13\/senado-y-diputados-sesionan-hoy-en-forma-virtual-por-primera-vez-en-su-historia\/\" \/>\n<meta property=\"og:locale\" content=\"es_ES\" \/>\n<meta property=\"og:type\" content=\"article\" \/>\n<meta property=\"og:title\" content=\"Senado y Diputados sesionan hoy en forma virtual por primera vez en su historia - Principios\" \/>\n<meta property=\"og:description\" content=\"Las c\u00e1maras de Senadores y de Diputados de la Naci\u00f3n realizar\u00e1n hoy sus primeras sesiones remotas de la historia parlamentaria, a trav\u00e9s de una plataforma digital en la cual los legisladores disertar\u00e1n y emitir\u00e1n su voto de manera virtual, debido a las restricciones por la pandemia del coronavirus. El Senado debatir\u00e1 desde las 14 la...\" \/>\n<meta property=\"og:url\" content=\"https:\/\/diarioprincipios.com\/index.php\/2020\/05\/13\/senado-y-diputados-sesionan-hoy-en-forma-virtual-por-primera-vez-en-su-historia\/\" \/>\n<meta property=\"og:site_name\" content=\"Principios\" \/>\n<meta property=\"article:published_time\" content=\"2020-05-13T13:04:26+00:00\" \/>\n<meta property=\"article:modified_time\" content=\"2020-05-13T13:04:29+00:00\" \/>\n<meta property=\"og:image\" content=\"https:\/\/diarioprincipios.com\/wp-content\/uploads\/2020\/05\/sesion.jpg\" \/>\n\t<meta property=\"og:image:width\" content=\"960\" \/>\n\t<meta property=\"og:image:height\" content=\"640\" \/>\n\t<meta property=\"og:image:type\" content=\"image\/jpeg\" \/>\n<meta name=\"author\" content=\"Hern\u00e1n L\u00f3pez\" \/>\n<meta name=\"twitter:card\" content=\"summary_large_image\" \/>\n<meta name=\"twitter:label1\" content=\"Escrito por\" \/>\n\t<meta name=\"twitter:data1\" content=\"Hern\u00e1n L\u00f3pez\" \/>\n\t<meta name=\"twitter:label2\" content=\"Tiempo de lectura\" \/>\n\t<meta name=\"twitter:data2\" content=\"3 minutos\" \/>\n<script type=\"application\/ld+json\" class=\"yoast-schema-graph\">{\"@context\":\"https:\\\/\\\/schema.org\",\"@graph\":[{\"@type\":\"Article\",\"@id\":\"https:\\\/\\\/diarioprincipios.com\\\/index.php\\\/2020\\\/05\\\/13\\\/senado-y-diputados-sesionan-hoy-en-forma-virtual-por-primera-vez-en-su-historia\\\/#article\",\"isPartOf\":{\"@id\":\"https:\\\/\\\/diarioprincipios.com\\\/index.php\\\/2020\\\/05\\\/13\\\/senado-y-diputados-sesionan-hoy-en-forma-virtual-por-primera-vez-en-su-historia\\\/\"},\"author\":{\"name\":\"Hern\u00e1n L\u00f3pez\",\"@id\":\"https:\\\/\\\/diarioprincipios.com\\\/#\\\/schema\\\/person\\\/436d5a1fd41a5e250e23ff5a6a7cb080\"},\"headline\":\"Senado y Diputados sesionan hoy en forma virtual por primera vez en su historia\",\"datePublished\":\"2020-05-13T13:04:26+00:00\",\"dateModified\":\"2020-05-13T13:04:29+00:00\",\"mainEntityOfPage\":{\"@id\":\"https:\\\/\\\/diarioprincipios.com\\\/index.php\\\/2020\\\/05\\\/13\\\/senado-y-diputados-sesionan-hoy-en-forma-virtual-por-primera-vez-en-su-historia\\\/\"},\"wordCount\":580,\"commentCount\":0,\"publisher\":{\"@id\":\"https:\\\/\\\/diarioprincipios.com\\\/#organization\"},\"image\":{\"@id\":\"https:\\\/\\\/diarioprincipios.com\\\/index.php\\\/2020\\\/05\\\/13\\\/senado-y-diputados-sesionan-hoy-en-forma-virtual-por-primera-vez-en-su-historia\\\/#primaryimage\"},\"thumbnailUrl\":\"https:\\\/\\\/diarioprincipios.com\\\/wp-content\\\/uploads\\\/2020\\\/05\\\/sesion.jpg\",\"articleSection\":[\"Naci\u00f3n\"],\"inLanguage\":\"es\",\"potentialAction\":[{\"@type\":\"CommentAction\",\"name\":\"Comment\",\"target\":[\"https:\\\/\\\/diarioprincipios.com\\\/index.php\\\/2020\\\/05\\\/13\\\/senado-y-diputados-sesionan-hoy-en-forma-virtual-por-primera-vez-en-su-historia\\\/#respond\"]}]},{\"@type\":\"WebPage\",\"@id\":\"https:\\\/\\\/diarioprincipios.com\\\/index.php\\\/2020\\\/05\\\/13\\\/senado-y-diputados-sesionan-hoy-en-forma-virtual-por-primera-vez-en-su-historia\\\/\",\"url\":\"https:\\\/\\\/diarioprincipios.com\\\/index.php\\\/2020\\\/05\\\/13\\\/senado-y-diputados-sesionan-hoy-en-forma-virtual-por-primera-vez-en-su-historia\\\/\",\"name\":\"Senado y Diputados sesionan hoy en forma virtual por primera vez en su historia - Principios\",\"isPartOf\":{\"@id\":\"https:\\\/\\\/diarioprincipios.com\\\/#website\"},\"primaryImageOfPage\":{\"@id\":\"https:\\\/\\\/diarioprincipios.com\\\/index.php\\\/2020\\\/05\\\/13\\\/senado-y-diputados-sesionan-hoy-en-forma-virtual-por-primera-vez-en-su-historia\\\/#primaryimage\"},\"image\":{\"@id\":\"https:\\\/\\\/diarioprincipios.com\\\/index.php\\\/2020\\\/05\\\/13\\\/senado-y-diputados-sesionan-hoy-en-forma-virtual-por-primera-vez-en-su-historia\\\/#primaryimage\"},\"thumbnailUrl\":\"https:\\\/\\\/diarioprincipios.com\\\/wp-content\\\/uploads\\\/2020\\\/05\\\/sesion.jpg\",\"datePublished\":\"2020-05-13T13:04:26+00:00\",\"dateModified\":\"2020-05-13T13:04:29+00:00\",\"breadcrumb\":{\"@id\":\"https:\\\/\\\/diarioprincipios.com\\\/index.php\\\/2020\\\/05\\\/13\\\/senado-y-diputados-sesionan-hoy-en-forma-virtual-por-primera-vez-en-su-historia\\\/#breadcrumb\"},\"inLanguage\":\"es\",\"potentialAction\":[{\"@type\":\"ReadAction\",\"target\":[\"https:\\\/\\\/diarioprincipios.com\\\/index.php\\\/2020\\\/05\\\/13\\\/senado-y-diputados-sesionan-hoy-en-forma-virtual-por-primera-vez-en-su-historia\\\/\"]}]},{\"@type\":\"ImageObject\",\"inLanguage\":\"es\",\"@id\":\"https:\\\/\\\/diarioprincipios.com\\\/index.php\\\/2020\\\/05\\\/13\\\/senado-y-diputados-sesionan-hoy-en-forma-virtual-por-primera-vez-en-su-historia\\\/#primaryimage\",\"url\":\"https:\\\/\\\/diarioprincipios.com\\\/wp-content\\\/uploads\\\/2020\\\/05\\\/sesion.jpg\",\"contentUrl\":\"https:\\\/\\\/diarioprincipios.com\\\/wp-content\\\/uploads\\\/2020\\\/05\\\/sesion.jpg\",\"width\":960,\"height\":640},{\"@type\":\"BreadcrumbList\",\"@id\":\"https:\\\/\\\/diarioprincipios.com\\\/index.php\\\/2020\\\/05\\\/13\\\/senado-y-diputados-sesionan-hoy-en-forma-virtual-por-primera-vez-en-su-historia\\\/#breadcrumb\",\"itemListElement\":[{\"@type\":\"ListItem\",\"position\":1,\"name\":\"Portada\",\"item\":\"https:\\\/\\\/diarioprincipios.com\\\/\"},{\"@type\":\"ListItem\",\"position\":2,\"name\":\"Senado y Diputados sesionan hoy en forma virtual por primera vez en su historia\"}]},{\"@type\":\"WebSite\",\"@id\":\"https:\\\/\\\/diarioprincipios.com\\\/#website\",\"url\":\"https:\\\/\\\/diarioprincipios.com\\\/\",\"name\":\"Principios\",\"description\":\"Principios Diario\",\"publisher\":{\"@id\":\"https:\\\/\\\/diarioprincipios.com\\\/#organization\"},\"potentialAction\":[{\"@type\":\"SearchAction\",\"target\":{\"@type\":\"EntryPoint\",\"urlTemplate\":\"https:\\\/\\\/diarioprincipios.com\\\/?s={search_term_string}\"},\"query-input\":{\"@type\":\"PropertyValueSpecification\",\"valueRequired\":true,\"valueName\":\"search_term_string\"}}],\"inLanguage\":\"es\"},{\"@type\":\"Organization\",\"@id\":\"https:\\\/\\\/diarioprincipios.com\\\/#organization\",\"name\":\"Principios\",\"url\":\"https:\\\/\\\/diarioprincipios.com\\\/\",\"logo\":{\"@type\":\"ImageObject\",\"inLanguage\":\"es\",\"@id\":\"https:\\\/\\\/diarioprincipios.com\\\/#\\\/schema\\\/logo\\\/image\\\/\",\"url\":\"https:\\\/\\\/diarioprincipios.com\\\/wp-content\\\/uploads\\\/2024\\\/04\\\/cropped-www.diarioprincipios.com_-1.png\",\"contentUrl\":\"https:\\\/\\\/diarioprincipios.com\\\/wp-content\\\/uploads\\\/2024\\\/04\\\/cropped-www.diarioprincipios.com_-1.png\",\"width\":5325,\"height\":1454,\"caption\":\"Principios\"},\"image\":{\"@id\":\"https:\\\/\\\/diarioprincipios.com\\\/#\\\/schema\\\/logo\\\/image\\\/\"}},{\"@type\":\"Person\",\"@id\":\"https:\\\/\\\/diarioprincipios.com\\\/#\\\/schema\\\/person\\\/436d5a1fd41a5e250e23ff5a6a7cb080\",\"name\":\"Hern\u00e1n L\u00f3pez\",\"image\":{\"@type\":\"ImageObject\",\"inLanguage\":\"es\",\"@id\":\"https:\\\/\\\/diarioprincipios.com\\\/wp-content\\\/litespeed\\\/avatar\\\/11ddfe5610ff3bd100522525b2571f48.jpg?ver=1777048341\",\"url\":\"https:\\\/\\\/diarioprincipios.com\\\/wp-content\\\/litespeed\\\/avatar\\\/11ddfe5610ff3bd100522525b2571f48.jpg?ver=1777048341\",\"contentUrl\":\"https:\\\/\\\/diarioprincipios.com\\\/wp-content\\\/litespeed\\\/avatar\\\/11ddfe5610ff3bd100522525b2571f48.jpg?ver=1777048341\",\"caption\":\"Hern\u00e1n L\u00f3pez\"},\"url\":\"https:\\\/\\\/diarioprincipios.com\\\/index.php\\\/author\\\/hernan\\\/\"}]}<\/script>\n<!-- \/ Yoast SEO plugin. -->","yoast_head_json":{"title":"Senado y Diputados sesionan hoy en forma virtual por primera vez en su historia - Principios","robots":{"index":"index","follow":"follow","max-snippet":"max-snippet:-1","max-image-preview":"max-image-preview:large","max-video-preview":"max-video-preview:-1"},"canonical":"https:\/\/diarioprincipios.com\/index.php\/2020\/05\/13\/senado-y-diputados-sesionan-hoy-en-forma-virtual-por-primera-vez-en-su-historia\/","og_locale":"es_ES","og_type":"article","og_title":"Senado y Diputados sesionan hoy en forma virtual por primera vez en su historia - Principios","og_description":"Las c\u00e1maras de Senadores y de Diputados de la Naci\u00f3n realizar\u00e1n hoy sus primeras sesiones remotas de la historia parlamentaria, a trav\u00e9s de una plataforma digital en la cual los legisladores disertar\u00e1n y emitir\u00e1n su voto de manera virtual, debido a las restricciones por la pandemia del coronavirus. El Senado debatir\u00e1 desde las 14 la...","og_url":"https:\/\/diarioprincipios.com\/index.php\/2020\/05\/13\/senado-y-diputados-sesionan-hoy-en-forma-virtual-por-primera-vez-en-su-historia\/","og_site_name":"Principios","article_published_time":"2020-05-13T13:04:26+00:00","article_modified_time":"2020-05-13T13:04:29+00:00","og_image":[{"width":960,"height":640,"url":"https:\/\/diarioprincipios.com\/wp-content\/uploads\/2020\/05\/sesion.jpg","type":"image\/jpeg"}],"author":"Hern\u00e1n L\u00f3pez","twitter_card":"summary_large_image","twitter_misc":{"Escrito por":"Hern\u00e1n L\u00f3pez","Tiempo de lectura":"3 minutos"},"schema":{"@context":"https:\/\/schema.org","@graph":[{"@type":"Article","@id":"https:\/\/diarioprincipios.com\/index.php\/2020\/05\/13\/senado-y-diputados-sesionan-hoy-en-forma-virtual-por-primera-vez-en-su-historia\/#article","isPartOf":{"@id":"https:\/\/diarioprincipios.com\/index.php\/2020\/05\/13\/senado-y-diputados-sesionan-hoy-en-forma-virtual-por-primera-vez-en-su-historia\/"},"author":{"name":"Hern\u00e1n L\u00f3pez","@id":"https:\/\/diarioprincipios.com\/#\/schema\/person\/436d5a1fd41a5e250e23ff5a6a7cb080"},"headline":"Senado y Diputados sesionan hoy en forma virtual por primera vez en su historia","datePublished":"2020-05-13T13:04:26+00:00","dateModified":"2020-05-13T13:04:29+00:00","mainEntityOfPage":{"@id":"https:\/\/diarioprincipios.com\/index.php\/2020\/05\/13\/senado-y-diputados-sesionan-hoy-en-forma-virtual-por-primera-vez-en-su-historia\/"},"wordCount":580,"commentCount":0,"publisher":{"@id":"https:\/\/diarioprincipios.com\/#organization"},"image":{"@id":"https:\/\/diarioprincipios.com\/index.php\/2020\/05\/13\/senado-y-diputados-sesionan-hoy-en-forma-virtual-por-primera-vez-en-su-historia\/#primaryimage"},"thumbnailUrl":"https:\/\/diarioprincipios.com\/wp-content\/uploads\/2020\/05\/sesion.jpg","articleSection":["Naci\u00f3n"],"inLanguage":"es","potentialAction":[{"@type":"CommentAction","name":"Comment","target":["https:\/\/diarioprincipios.com\/index.php\/2020\/05\/13\/senado-y-diputados-sesionan-hoy-en-forma-virtual-por-primera-vez-en-su-historia\/#respond"]}]},{"@type":"WebPage","@id":"https:\/\/diarioprincipios.com\/index.php\/2020\/05\/13\/senado-y-diputados-sesionan-hoy-en-forma-virtual-por-primera-vez-en-su-historia\/","url":"https:\/\/diarioprincipios.com\/index.php\/2020\/05\/13\/senado-y-diputados-sesionan-hoy-en-forma-virtual-por-primera-vez-en-su-historia\/","name":"Senado y Diputados sesionan hoy en forma virtual por primera vez en su historia - Principios","isPartOf":{"@id":"https:\/\/diarioprincipios.com\/#website"},"primaryImageOfPage":{"@id":"https:\/\/diarioprincipios.com\/index.php\/2020\/05\/13\/senado-y-diputados-sesionan-hoy-en-forma-virtual-por-primera-vez-en-su-historia\/#primaryimage"},"image":{"@id":"https:\/\/diarioprincipios.com\/index.php\/2020\/05\/13\/senado-y-diputados-sesionan-hoy-en-forma-virtual-por-primera-vez-en-su-historia\/#primaryimage"},"thumbnailUrl":"https:\/\/diarioprincipios.com\/wp-content\/uploads\/2020\/05\/sesion.jpg","datePublished":"2020-05-13T13:04:26+00:00","dateModified":"2020-05-13T13:04:29+00:00","breadcrumb":{"@id":"https:\/\/diarioprincipios.com\/index.php\/2020\/05\/13\/senado-y-diputados-sesionan-hoy-en-forma-virtual-por-primera-vez-en-su-historia\/#breadcrumb"},"inLanguage":"es","potentialAction":[{"@type":"ReadAction","target":["https:\/\/diarioprincipios.com\/index.php\/2020\/05\/13\/senado-y-diputados-sesionan-hoy-en-forma-virtual-por-primera-vez-en-su-historia\/"]}]},{"@type":"ImageObject","inLanguage":"es","@id":"https:\/\/diarioprincipios.com\/index.php\/2020\/05\/13\/senado-y-diputados-sesionan-hoy-en-forma-virtual-por-primera-vez-en-su-historia\/#primaryimage","url":"https:\/\/diarioprincipios.com\/wp-content\/uploads\/2020\/05\/sesion.jpg","contentUrl":"https:\/\/diarioprincipios.com\/wp-content\/uploads\/2020\/05\/sesion.jpg","width":960,"height":640},{"@type":"BreadcrumbList","@id":"https:\/\/diarioprincipios.com\/index.php\/2020\/05\/13\/senado-y-diputados-sesionan-hoy-en-forma-virtual-por-primera-vez-en-su-historia\/#breadcrumb","itemListElement":[{"@type":"ListItem","position":1,"name":"Portada","item":"https:\/\/diarioprincipios.com\/"},{"@type":"ListItem","position":2,"name":"Senado y Diputados sesionan hoy en forma virtual por primera vez en su historia"}]},{"@type":"WebSite","@id":"https:\/\/diarioprincipios.com\/#website","url":"https:\/\/diarioprincipios.com\/","name":"Principios","description":"Principios Diario","publisher":{"@id":"https:\/\/diarioprincipios.com\/#organization"},"potentialAction":[{"@type":"SearchAction","target":{"@type":"EntryPoint","urlTemplate":"https:\/\/diarioprincipios.com\/?s={search_term_string}"},"query-input":{"@type":"PropertyValueSpecification","valueRequired":true,"valueName":"search_term_string"}}],"inLanguage":"es"},{"@type":"Organization","@id":"https:\/\/diarioprincipios.com\/#organization","name":"Principios","url":"https:\/\/diarioprincipios.com\/","logo":{"@type":"ImageObject","inLanguage":"es","@id":"https:\/\/diarioprincipios.com\/#\/schema\/logo\/image\/","url":"https:\/\/diarioprincipios.com\/wp-content\/uploads\/2024\/04\/cropped-www.diarioprincipios.com_-1.png","contentUrl":"https:\/\/diarioprincipios.com\/wp-content\/uploads\/2024\/04\/cropped-www.diarioprincipios.com_-1.png","width":5325,"height":1454,"caption":"Principios"},"image":{"@id":"https:\/\/diarioprincipios.com\/#\/schema\/logo\/image\/"}},{"@type":"Person","@id":"https:\/\/diarioprincipios.com\/#\/schema\/person\/436d5a1fd41a5e250e23ff5a6a7cb080","name":"Hern\u00e1n L\u00f3pez","image":{"@type":"ImageObject","inLanguage":"es","@id":"https:\/\/diarioprincipios.com\/wp-content\/litespeed\/avatar\/11ddfe5610ff3bd100522525b2571f48.jpg?ver=1777048341","url":"https:\/\/diarioprincipios.com\/wp-content\/litespeed\/avatar\/11ddfe5610ff3bd100522525b2571f48.jpg?ver=1777048341","contentUrl":"https:\/\/diarioprincipios.com\/wp-content\/litespeed\/avatar\/11ddfe5610ff3bd100522525b2571f48.jpg?ver=1777048341","caption":"Hern\u00e1n L\u00f3pez"},"url":"https:\/\/diarioprincipios.com\/index.php\/author\/hernan\/"}]}},"jetpack_featured_media_url":"https:\/\/diarioprincipios.com\/wp-content\/uploads\/2020\/05\/sesion.jpg","_links":{"self":[{"href":"https:\/\/diarioprincipios.com\/index.php\/wp-json\/wp\/v2\/posts\/1491","targetHints":{"allow":["GET"]}}],"collection":[{"href":"https:\/\/diarioprincipios.com\/index.php\/wp-json\/wp\/v2\/posts"}],"about":[{"href":"https:\/\/diarioprincipios.com\/index.php\/wp-json\/wp\/v2\/types\/post"}],"author":[{"embeddable":true,"href":"https:\/\/diarioprincipios.com\/index.php\/wp-json\/wp\/v2\/users\/2"}],"replies":[{"embeddable":true,"href":"https:\/\/diarioprincipios.com\/index.php\/wp-json\/wp\/v2\/comments?post=1491"}],"version-history":[{"count":1,"href":"https:\/\/diarioprincipios.com\/index.php\/wp-json\/wp\/v2\/posts\/1491\/revisions"}],"predecessor-version":[{"id":1492,"href":"https:\/\/diarioprincipios.com\/index.php\/wp-json\/wp\/v2\/posts\/1491\/revisions\/1492"}],"wp:featuredmedia":[{"embeddable":true,"href":"https:\/\/diarioprincipios.com\/index.php\/wp-json\/wp\/v2\/media\/1478"}],"wp:attachment":[{"href":"https:\/\/diarioprincipios.com\/index.php\/wp-json\/wp\/v2\/media?parent=1491"}],"wp:term":[{"taxonomy":"category","embeddable":true,"href":"https:\/\/diarioprincipios.com\/index.php\/wp-json\/wp\/v2\/categories?post=1491"},{"taxonomy":"post_tag","embeddable":true,"href":"https:\/\/diarioprincipios.com\/index.php\/wp-json\/wp\/v2\/tags?post=1491"}],"curies":[{"name":"wp","href":"https:\/\/api.w.org\/{rel}","templated":true}]}}