{"id":14909,"date":"2022-10-21T16:52:39","date_gmt":"2022-10-21T19:52:39","guid":{"rendered":"http:\/\/diarioprincipios.com\/?p=14909"},"modified":"2022-10-27T16:58:20","modified_gmt":"2022-10-27T19:58:20","slug":"mussi-participo-de-reunion-encabezada-por-kicillof-para-analizar-subsidios-energeticos","status":"publish","type":"post","link":"https:\/\/diarioprincipios.com\/index.php\/2022\/10\/21\/mussi-participo-de-reunion-encabezada-por-kicillof-para-analizar-subsidios-energeticos\/","title":{"rendered":"Mussi particip\u00f3 de reuni\u00f3n encabezada por Kicillof para analizar subsidios energ\u00e9ticos"},"content":{"rendered":"\n<p><strong>El gobernador de la provincia de Buenos Aires, Axel Kicillof, se reuni\u00f3 esta tarde con el jefe de Gabinete, Mart\u00edn Insaurralde; el subsecretario de Energ\u00eda, Gast\u00f3n Ghioni; el interventor del ENRE, Walter Martello; e intendentes de municipios, entre ellos el de Berazategui, Juan Jos\u00e9 Mussi.<\/strong><\/p>\n\n\n\n<p>El encuentro se concret\u00f3 con el objetivo de analizar el cuadro de situaci\u00f3n de las y los bonaerenses inscriptos en el Registro de Acceso a los Subsidios a la Energ\u00eda (RASE), en el marco del r\u00e9gimen de segmentaci\u00f3n de tarifas que propuso el Gobierno Nacional de acuerdo al nivel de ingresos.<\/p>\n\n\n\n<p>A partir de que la normativa estableci\u00f3 que todos aquellos que no se inscribieran dejar\u00edan de recibir los subsidios, la Provincia y los distritos promueven acciones territoriales para evitar que en hogares de bajos recursos dejen de percibirlos por no haberse anotado. Hasta el momento, el 73% de las y los usuarios del Gran Buenos Aires seguir\u00e1 contando con aportes del Estado Nacional, en tanto que el 27% integra la categor\u00eda que dejar\u00e1 de recibirlos.<\/p>\n\n\n\n<p>Estuvieron presentes el presidente del Organismo de Control de la Energ\u00eda El\u00e9ctrica de la provincia de Buenos Aires (OCEBA), Roberto Daoud; el director de OCEBA, Pablo San Miguel; las intendentas de Lomas de Zamora, Marina Lesci; de Ca\u00f1uelas, Marisa Fassi; de Moreno, Mariel Fern\u00e1ndez; de Merlo, Karina Men\u00e9ndez; los intendentes de Almirante Brown, Juan Jos\u00e9 Fabiani; de San Vicente, Nicol\u00e1s Mantegazza; de Ensenada, Mario Secco; de General Rodr\u00edguez, Mauro Garc\u00eda; de Marcos Paz, Ricardo Curutchet; de Pilar, Federico Ach\u00e1val; de Tigre, Julio Zamora; de Escobar, Alberto Ramil; de Mor\u00f3n, Lucas Ghi; de Navarro, Facundo Diz; de Mercedes, Juan Ustarroz; y funcionarios de Avellaneda, Ezeiza, Presidente Per\u00f3n, Florencio Varela, La Matanza, Las Heras, San Mart\u00edn y Luj\u00e1n.<\/p>\n","protected":false},"excerpt":{"rendered":"<p>El gobernador de la provincia de Buenos Aires, Axel Kicillof, se reuni\u00f3 esta tarde con el jefe de Gabinete, Mart\u00edn Insaurralde; el subsecretario de Energ\u00eda, Gast\u00f3n Ghioni; el interventor del ENRE, Walter Martello; e intendentes de municipios, entre ellos el de Berazategui, Juan Jos\u00e9 Mussi. El encuentro se concret\u00f3 con el objetivo de analizar el&#8230;<\/p>\n","protected":false},"author":2,"featured_media":14910,"comment_status":"open","ping_status":"open","sticky":false,"template":"","format":"standard","meta":{"footnotes":""},"categories":[7],"tags":[],"class_list":["post-14909","post","type-post","status-publish","format-standard","has-post-thumbnail","hentry","category-provincia"],"featured_image_src":"https:\/\/diarioprincipios.com\/wp-content\/uploads\/2022\/10\/KICILLOF-ENCABEZO-UNA-REUNION-DE-SEGUIMIENTO-DE-LOS-SUBSIDIOS-ENERGETICOS-DEL-GRAN-BUENOS-AIRES-1024x682.jpg","blog_images":{"medium":"https:\/\/diarioprincipios.com\/wp-content\/uploads\/2022\/10\/KICILLOF-ENCABEZO-UNA-REUNION-DE-SEGUIMIENTO-DE-LOS-SUBSIDIOS-ENERGETICOS-DEL-GRAN-BUENOS-AIRES-300x200.jpg","large":"https:\/\/diarioprincipios.com\/wp-content\/uploads\/2022\/10\/KICILLOF-ENCABEZO-UNA-REUNION-DE-SEGUIMIENTO-DE-LOS-SUBSIDIOS-ENERGETICOS-DEL-GRAN-BUENOS-AIRES-1024x682.jpg"},"ams_acf":[],"yoast_head":"<!-- This site is optimized with the Yoast SEO plugin v27.3 - https:\/\/yoast.com\/product\/yoast-seo-wordpress\/ -->\n<title>Mussi particip\u00f3 de reuni\u00f3n encabezada por Kicillof para analizar subsidios energ\u00e9ticos - Principios<\/title>\n<meta name=\"robots\" content=\"index, follow, max-snippet:-1, max-image-preview:large, max-video-preview:-1\" \/>\n<link rel=\"canonical\" href=\"https:\/\/diarioprincipios.com\/index.php\/2022\/10\/21\/mussi-participo-de-reunion-encabezada-por-kicillof-para-analizar-subsidios-energeticos\/\" \/>\n<meta property=\"og:locale\" content=\"es_ES\" \/>\n<meta property=\"og:type\" content=\"article\" \/>\n<meta property=\"og:title\" content=\"Mussi particip\u00f3 de reuni\u00f3n encabezada por Kicillof para analizar subsidios energ\u00e9ticos - Principios\" \/>\n<meta property=\"og:description\" content=\"El gobernador de la provincia de Buenos Aires, Axel Kicillof, se reuni\u00f3 esta tarde con el jefe de Gabinete, Mart\u00edn Insaurralde; el subsecretario de Energ\u00eda, Gast\u00f3n Ghioni; el interventor del ENRE, Walter Martello; e intendentes de municipios, entre ellos el de Berazategui, Juan Jos\u00e9 Mussi. El encuentro se concret\u00f3 con el objetivo de analizar el...\" \/>\n<meta property=\"og:url\" content=\"https:\/\/diarioprincipios.com\/index.php\/2022\/10\/21\/mussi-participo-de-reunion-encabezada-por-kicillof-para-analizar-subsidios-energeticos\/\" \/>\n<meta property=\"og:site_name\" content=\"Principios\" \/>\n<meta property=\"article:published_time\" content=\"2022-10-21T19:52:39+00:00\" \/>\n<meta property=\"article:modified_time\" content=\"2022-10-27T19:58:20+00:00\" \/>\n<meta property=\"og:image\" content=\"https:\/\/diarioprincipios.com\/wp-content\/uploads\/2022\/10\/KICILLOF-ENCABEZO-UNA-REUNION-DE-SEGUIMIENTO-DE-LOS-SUBSIDIOS-ENERGETICOS-DEL-GRAN-BUENOS-AIRES.jpg\" \/>\n\t<meta property=\"og:image:width\" content=\"1280\" \/>\n\t<meta property=\"og:image:height\" content=\"853\" \/>\n\t<meta property=\"og:image:type\" content=\"image\/jpeg\" \/>\n<meta name=\"author\" content=\"Hern\u00e1n L\u00f3pez\" \/>\n<meta name=\"twitter:card\" content=\"summary_large_image\" \/>\n<meta name=\"twitter:label1\" content=\"Escrito por\" \/>\n\t<meta name=\"twitter:data1\" content=\"Hern\u00e1n L\u00f3pez\" \/>\n\t<meta name=\"twitter:label2\" content=\"Tiempo de lectura\" \/>\n\t<meta name=\"twitter:data2\" content=\"2 minutos\" \/>\n<script type=\"application\/ld+json\" class=\"yoast-schema-graph\">{\"@context\":\"https:\\\/\\\/schema.org\",\"@graph\":[{\"@type\":\"Article\",\"@id\":\"https:\\\/\\\/diarioprincipios.com\\\/index.php\\\/2022\\\/10\\\/21\\\/mussi-participo-de-reunion-encabezada-por-kicillof-para-analizar-subsidios-energeticos\\\/#article\",\"isPartOf\":{\"@id\":\"https:\\\/\\\/diarioprincipios.com\\\/index.php\\\/2022\\\/10\\\/21\\\/mussi-participo-de-reunion-encabezada-por-kicillof-para-analizar-subsidios-energeticos\\\/\"},\"author\":{\"name\":\"Hern\u00e1n L\u00f3pez\",\"@id\":\"https:\\\/\\\/diarioprincipios.com\\\/#\\\/schema\\\/person\\\/436d5a1fd41a5e250e23ff5a6a7cb080\"},\"headline\":\"Mussi particip\u00f3 de reuni\u00f3n encabezada por Kicillof para analizar subsidios energ\u00e9ticos\",\"datePublished\":\"2022-10-21T19:52:39+00:00\",\"dateModified\":\"2022-10-27T19:58:20+00:00\",\"mainEntityOfPage\":{\"@id\":\"https:\\\/\\\/diarioprincipios.com\\\/index.php\\\/2022\\\/10\\\/21\\\/mussi-participo-de-reunion-encabezada-por-kicillof-para-analizar-subsidios-energeticos\\\/\"},\"wordCount\":320,\"commentCount\":0,\"publisher\":{\"@id\":\"https:\\\/\\\/diarioprincipios.com\\\/#organization\"},\"image\":{\"@id\":\"https:\\\/\\\/diarioprincipios.com\\\/index.php\\\/2022\\\/10\\\/21\\\/mussi-participo-de-reunion-encabezada-por-kicillof-para-analizar-subsidios-energeticos\\\/#primaryimage\"},\"thumbnailUrl\":\"https:\\\/\\\/diarioprincipios.com\\\/wp-content\\\/uploads\\\/2022\\\/10\\\/KICILLOF-ENCABEZO-UNA-REUNION-DE-SEGUIMIENTO-DE-LOS-SUBSIDIOS-ENERGETICOS-DEL-GRAN-BUENOS-AIRES.jpg\",\"articleSection\":[\"Provincia\"],\"inLanguage\":\"es\",\"potentialAction\":[{\"@type\":\"CommentAction\",\"name\":\"Comment\",\"target\":[\"https:\\\/\\\/diarioprincipios.com\\\/index.php\\\/2022\\\/10\\\/21\\\/mussi-participo-de-reunion-encabezada-por-kicillof-para-analizar-subsidios-energeticos\\\/#respond\"]}]},{\"@type\":\"WebPage\",\"@id\":\"https:\\\/\\\/diarioprincipios.com\\\/index.php\\\/2022\\\/10\\\/21\\\/mussi-participo-de-reunion-encabezada-por-kicillof-para-analizar-subsidios-energeticos\\\/\",\"url\":\"https:\\\/\\\/diarioprincipios.com\\\/index.php\\\/2022\\\/10\\\/21\\\/mussi-participo-de-reunion-encabezada-por-kicillof-para-analizar-subsidios-energeticos\\\/\",\"name\":\"Mussi particip\u00f3 de reuni\u00f3n encabezada por Kicillof para analizar subsidios energ\u00e9ticos - Principios\",\"isPartOf\":{\"@id\":\"https:\\\/\\\/diarioprincipios.com\\\/#website\"},\"primaryImageOfPage\":{\"@id\":\"https:\\\/\\\/diarioprincipios.com\\\/index.php\\\/2022\\\/10\\\/21\\\/mussi-participo-de-reunion-encabezada-por-kicillof-para-analizar-subsidios-energeticos\\\/#primaryimage\"},\"image\":{\"@id\":\"https:\\\/\\\/diarioprincipios.com\\\/index.php\\\/2022\\\/10\\\/21\\\/mussi-participo-de-reunion-encabezada-por-kicillof-para-analizar-subsidios-energeticos\\\/#primaryimage\"},\"thumbnailUrl\":\"https:\\\/\\\/diarioprincipios.com\\\/wp-content\\\/uploads\\\/2022\\\/10\\\/KICILLOF-ENCABEZO-UNA-REUNION-DE-SEGUIMIENTO-DE-LOS-SUBSIDIOS-ENERGETICOS-DEL-GRAN-BUENOS-AIRES.jpg\",\"datePublished\":\"2022-10-21T19:52:39+00:00\",\"dateModified\":\"2022-10-27T19:58:20+00:00\",\"breadcrumb\":{\"@id\":\"https:\\\/\\\/diarioprincipios.com\\\/index.php\\\/2022\\\/10\\\/21\\\/mussi-participo-de-reunion-encabezada-por-kicillof-para-analizar-subsidios-energeticos\\\/#breadcrumb\"},\"inLanguage\":\"es\",\"potentialAction\":[{\"@type\":\"ReadAction\",\"target\":[\"https:\\\/\\\/diarioprincipios.com\\\/index.php\\\/2022\\\/10\\\/21\\\/mussi-participo-de-reunion-encabezada-por-kicillof-para-analizar-subsidios-energeticos\\\/\"]}]},{\"@type\":\"ImageObject\",\"inLanguage\":\"es\",\"@id\":\"https:\\\/\\\/diarioprincipios.com\\\/index.php\\\/2022\\\/10\\\/21\\\/mussi-participo-de-reunion-encabezada-por-kicillof-para-analizar-subsidios-energeticos\\\/#primaryimage\",\"url\":\"https:\\\/\\\/diarioprincipios.com\\\/wp-content\\\/uploads\\\/2022\\\/10\\\/KICILLOF-ENCABEZO-UNA-REUNION-DE-SEGUIMIENTO-DE-LOS-SUBSIDIOS-ENERGETICOS-DEL-GRAN-BUENOS-AIRES.jpg\",\"contentUrl\":\"https:\\\/\\\/diarioprincipios.com\\\/wp-content\\\/uploads\\\/2022\\\/10\\\/KICILLOF-ENCABEZO-UNA-REUNION-DE-SEGUIMIENTO-DE-LOS-SUBSIDIOS-ENERGETICOS-DEL-GRAN-BUENOS-AIRES.jpg\",\"width\":1280,\"height\":853},{\"@type\":\"BreadcrumbList\",\"@id\":\"https:\\\/\\\/diarioprincipios.com\\\/index.php\\\/2022\\\/10\\\/21\\\/mussi-participo-de-reunion-encabezada-por-kicillof-para-analizar-subsidios-energeticos\\\/#breadcrumb\",\"itemListElement\":[{\"@type\":\"ListItem\",\"position\":1,\"name\":\"Portada\",\"item\":\"https:\\\/\\\/diarioprincipios.com\\\/\"},{\"@type\":\"ListItem\",\"position\":2,\"name\":\"Mussi particip\u00f3 de reuni\u00f3n encabezada por Kicillof para analizar subsidios energ\u00e9ticos\"}]},{\"@type\":\"WebSite\",\"@id\":\"https:\\\/\\\/diarioprincipios.com\\\/#website\",\"url\":\"https:\\\/\\\/diarioprincipios.com\\\/\",\"name\":\"Principios\",\"description\":\"Principios Diario\",\"publisher\":{\"@id\":\"https:\\\/\\\/diarioprincipios.com\\\/#organization\"},\"potentialAction\":[{\"@type\":\"SearchAction\",\"target\":{\"@type\":\"EntryPoint\",\"urlTemplate\":\"https:\\\/\\\/diarioprincipios.com\\\/?s={search_term_string}\"},\"query-input\":{\"@type\":\"PropertyValueSpecification\",\"valueRequired\":true,\"valueName\":\"search_term_string\"}}],\"inLanguage\":\"es\"},{\"@type\":\"Organization\",\"@id\":\"https:\\\/\\\/diarioprincipios.com\\\/#organization\",\"name\":\"Principios\",\"url\":\"https:\\\/\\\/diarioprincipios.com\\\/\",\"logo\":{\"@type\":\"ImageObject\",\"inLanguage\":\"es\",\"@id\":\"https:\\\/\\\/diarioprincipios.com\\\/#\\\/schema\\\/logo\\\/image\\\/\",\"url\":\"https:\\\/\\\/diarioprincipios.com\\\/wp-content\\\/uploads\\\/2024\\\/04\\\/cropped-www.diarioprincipios.com_-1.png\",\"contentUrl\":\"https:\\\/\\\/diarioprincipios.com\\\/wp-content\\\/uploads\\\/2024\\\/04\\\/cropped-www.diarioprincipios.com_-1.png\",\"width\":5325,\"height\":1454,\"caption\":\"Principios\"},\"image\":{\"@id\":\"https:\\\/\\\/diarioprincipios.com\\\/#\\\/schema\\\/logo\\\/image\\\/\"}},{\"@type\":\"Person\",\"@id\":\"https:\\\/\\\/diarioprincipios.com\\\/#\\\/schema\\\/person\\\/436d5a1fd41a5e250e23ff5a6a7cb080\",\"name\":\"Hern\u00e1n L\u00f3pez\",\"image\":{\"@type\":\"ImageObject\",\"inLanguage\":\"es\",\"@id\":\"https:\\\/\\\/diarioprincipios.com\\\/wp-content\\\/litespeed\\\/avatar\\\/11ddfe5610ff3bd100522525b2571f48.jpg?ver=1777048341\",\"url\":\"https:\\\/\\\/diarioprincipios.com\\\/wp-content\\\/litespeed\\\/avatar\\\/11ddfe5610ff3bd100522525b2571f48.jpg?ver=1777048341\",\"contentUrl\":\"https:\\\/\\\/diarioprincipios.com\\\/wp-content\\\/litespeed\\\/avatar\\\/11ddfe5610ff3bd100522525b2571f48.jpg?ver=1777048341\",\"caption\":\"Hern\u00e1n L\u00f3pez\"},\"url\":\"https:\\\/\\\/diarioprincipios.com\\\/index.php\\\/author\\\/hernan\\\/\"}]}<\/script>\n<!-- \/ Yoast SEO plugin. -->","yoast_head_json":{"title":"Mussi particip\u00f3 de reuni\u00f3n encabezada por Kicillof para analizar subsidios energ\u00e9ticos - Principios","robots":{"index":"index","follow":"follow","max-snippet":"max-snippet:-1","max-image-preview":"max-image-preview:large","max-video-preview":"max-video-preview:-1"},"canonical":"https:\/\/diarioprincipios.com\/index.php\/2022\/10\/21\/mussi-participo-de-reunion-encabezada-por-kicillof-para-analizar-subsidios-energeticos\/","og_locale":"es_ES","og_type":"article","og_title":"Mussi particip\u00f3 de reuni\u00f3n encabezada por Kicillof para analizar subsidios energ\u00e9ticos - Principios","og_description":"El gobernador de la provincia de Buenos Aires, Axel Kicillof, se reuni\u00f3 esta tarde con el jefe de Gabinete, Mart\u00edn Insaurralde; el subsecretario de Energ\u00eda, Gast\u00f3n Ghioni; el interventor del ENRE, Walter Martello; e intendentes de municipios, entre ellos el de Berazategui, Juan Jos\u00e9 Mussi. El encuentro se concret\u00f3 con el objetivo de analizar el...","og_url":"https:\/\/diarioprincipios.com\/index.php\/2022\/10\/21\/mussi-participo-de-reunion-encabezada-por-kicillof-para-analizar-subsidios-energeticos\/","og_site_name":"Principios","article_published_time":"2022-10-21T19:52:39+00:00","article_modified_time":"2022-10-27T19:58:20+00:00","og_image":[{"width":1280,"height":853,"url":"https:\/\/diarioprincipios.com\/wp-content\/uploads\/2022\/10\/KICILLOF-ENCABEZO-UNA-REUNION-DE-SEGUIMIENTO-DE-LOS-SUBSIDIOS-ENERGETICOS-DEL-GRAN-BUENOS-AIRES.jpg","type":"image\/jpeg"}],"author":"Hern\u00e1n L\u00f3pez","twitter_card":"summary_large_image","twitter_misc":{"Escrito por":"Hern\u00e1n L\u00f3pez","Tiempo de lectura":"2 minutos"},"schema":{"@context":"https:\/\/schema.org","@graph":[{"@type":"Article","@id":"https:\/\/diarioprincipios.com\/index.php\/2022\/10\/21\/mussi-participo-de-reunion-encabezada-por-kicillof-para-analizar-subsidios-energeticos\/#article","isPartOf":{"@id":"https:\/\/diarioprincipios.com\/index.php\/2022\/10\/21\/mussi-participo-de-reunion-encabezada-por-kicillof-para-analizar-subsidios-energeticos\/"},"author":{"name":"Hern\u00e1n L\u00f3pez","@id":"https:\/\/diarioprincipios.com\/#\/schema\/person\/436d5a1fd41a5e250e23ff5a6a7cb080"},"headline":"Mussi particip\u00f3 de reuni\u00f3n encabezada por Kicillof para analizar subsidios energ\u00e9ticos","datePublished":"2022-10-21T19:52:39+00:00","dateModified":"2022-10-27T19:58:20+00:00","mainEntityOfPage":{"@id":"https:\/\/diarioprincipios.com\/index.php\/2022\/10\/21\/mussi-participo-de-reunion-encabezada-por-kicillof-para-analizar-subsidios-energeticos\/"},"wordCount":320,"commentCount":0,"publisher":{"@id":"https:\/\/diarioprincipios.com\/#organization"},"image":{"@id":"https:\/\/diarioprincipios.com\/index.php\/2022\/10\/21\/mussi-participo-de-reunion-encabezada-por-kicillof-para-analizar-subsidios-energeticos\/#primaryimage"},"thumbnailUrl":"https:\/\/diarioprincipios.com\/wp-content\/uploads\/2022\/10\/KICILLOF-ENCABEZO-UNA-REUNION-DE-SEGUIMIENTO-DE-LOS-SUBSIDIOS-ENERGETICOS-DEL-GRAN-BUENOS-AIRES.jpg","articleSection":["Provincia"],"inLanguage":"es","potentialAction":[{"@type":"CommentAction","name":"Comment","target":["https:\/\/diarioprincipios.com\/index.php\/2022\/10\/21\/mussi-participo-de-reunion-encabezada-por-kicillof-para-analizar-subsidios-energeticos\/#respond"]}]},{"@type":"WebPage","@id":"https:\/\/diarioprincipios.com\/index.php\/2022\/10\/21\/mussi-participo-de-reunion-encabezada-por-kicillof-para-analizar-subsidios-energeticos\/","url":"https:\/\/diarioprincipios.com\/index.php\/2022\/10\/21\/mussi-participo-de-reunion-encabezada-por-kicillof-para-analizar-subsidios-energeticos\/","name":"Mussi particip\u00f3 de reuni\u00f3n encabezada por Kicillof para analizar subsidios energ\u00e9ticos - Principios","isPartOf":{"@id":"https:\/\/diarioprincipios.com\/#website"},"primaryImageOfPage":{"@id":"https:\/\/diarioprincipios.com\/index.php\/2022\/10\/21\/mussi-participo-de-reunion-encabezada-por-kicillof-para-analizar-subsidios-energeticos\/#primaryimage"},"image":{"@id":"https:\/\/diarioprincipios.com\/index.php\/2022\/10\/21\/mussi-participo-de-reunion-encabezada-por-kicillof-para-analizar-subsidios-energeticos\/#primaryimage"},"thumbnailUrl":"https:\/\/diarioprincipios.com\/wp-content\/uploads\/2022\/10\/KICILLOF-ENCABEZO-UNA-REUNION-DE-SEGUIMIENTO-DE-LOS-SUBSIDIOS-ENERGETICOS-DEL-GRAN-BUENOS-AIRES.jpg","datePublished":"2022-10-21T19:52:39+00:00","dateModified":"2022-10-27T19:58:20+00:00","breadcrumb":{"@id":"https:\/\/diarioprincipios.com\/index.php\/2022\/10\/21\/mussi-participo-de-reunion-encabezada-por-kicillof-para-analizar-subsidios-energeticos\/#breadcrumb"},"inLanguage":"es","potentialAction":[{"@type":"ReadAction","target":["https:\/\/diarioprincipios.com\/index.php\/2022\/10\/21\/mussi-participo-de-reunion-encabezada-por-kicillof-para-analizar-subsidios-energeticos\/"]}]},{"@type":"ImageObject","inLanguage":"es","@id":"https:\/\/diarioprincipios.com\/index.php\/2022\/10\/21\/mussi-participo-de-reunion-encabezada-por-kicillof-para-analizar-subsidios-energeticos\/#primaryimage","url":"https:\/\/diarioprincipios.com\/wp-content\/uploads\/2022\/10\/KICILLOF-ENCABEZO-UNA-REUNION-DE-SEGUIMIENTO-DE-LOS-SUBSIDIOS-ENERGETICOS-DEL-GRAN-BUENOS-AIRES.jpg","contentUrl":"https:\/\/diarioprincipios.com\/wp-content\/uploads\/2022\/10\/KICILLOF-ENCABEZO-UNA-REUNION-DE-SEGUIMIENTO-DE-LOS-SUBSIDIOS-ENERGETICOS-DEL-GRAN-BUENOS-AIRES.jpg","width":1280,"height":853},{"@type":"BreadcrumbList","@id":"https:\/\/diarioprincipios.com\/index.php\/2022\/10\/21\/mussi-participo-de-reunion-encabezada-por-kicillof-para-analizar-subsidios-energeticos\/#breadcrumb","itemListElement":[{"@type":"ListItem","position":1,"name":"Portada","item":"https:\/\/diarioprincipios.com\/"},{"@type":"ListItem","position":2,"name":"Mussi particip\u00f3 de reuni\u00f3n encabezada por Kicillof para analizar subsidios energ\u00e9ticos"}]},{"@type":"WebSite","@id":"https:\/\/diarioprincipios.com\/#website","url":"https:\/\/diarioprincipios.com\/","name":"Principios","description":"Principios Diario","publisher":{"@id":"https:\/\/diarioprincipios.com\/#organization"},"potentialAction":[{"@type":"SearchAction","target":{"@type":"EntryPoint","urlTemplate":"https:\/\/diarioprincipios.com\/?s={search_term_string}"},"query-input":{"@type":"PropertyValueSpecification","valueRequired":true,"valueName":"search_term_string"}}],"inLanguage":"es"},{"@type":"Organization","@id":"https:\/\/diarioprincipios.com\/#organization","name":"Principios","url":"https:\/\/diarioprincipios.com\/","logo":{"@type":"ImageObject","inLanguage":"es","@id":"https:\/\/diarioprincipios.com\/#\/schema\/logo\/image\/","url":"https:\/\/diarioprincipios.com\/wp-content\/uploads\/2024\/04\/cropped-www.diarioprincipios.com_-1.png","contentUrl":"https:\/\/diarioprincipios.com\/wp-content\/uploads\/2024\/04\/cropped-www.diarioprincipios.com_-1.png","width":5325,"height":1454,"caption":"Principios"},"image":{"@id":"https:\/\/diarioprincipios.com\/#\/schema\/logo\/image\/"}},{"@type":"Person","@id":"https:\/\/diarioprincipios.com\/#\/schema\/person\/436d5a1fd41a5e250e23ff5a6a7cb080","name":"Hern\u00e1n L\u00f3pez","image":{"@type":"ImageObject","inLanguage":"es","@id":"https:\/\/diarioprincipios.com\/wp-content\/litespeed\/avatar\/11ddfe5610ff3bd100522525b2571f48.jpg?ver=1777048341","url":"https:\/\/diarioprincipios.com\/wp-content\/litespeed\/avatar\/11ddfe5610ff3bd100522525b2571f48.jpg?ver=1777048341","contentUrl":"https:\/\/diarioprincipios.com\/wp-content\/litespeed\/avatar\/11ddfe5610ff3bd100522525b2571f48.jpg?ver=1777048341","caption":"Hern\u00e1n L\u00f3pez"},"url":"https:\/\/diarioprincipios.com\/index.php\/author\/hernan\/"}]}},"jetpack_featured_media_url":"https:\/\/diarioprincipios.com\/wp-content\/uploads\/2022\/10\/KICILLOF-ENCABEZO-UNA-REUNION-DE-SEGUIMIENTO-DE-LOS-SUBSIDIOS-ENERGETICOS-DEL-GRAN-BUENOS-AIRES.jpg","_links":{"self":[{"href":"https:\/\/diarioprincipios.com\/index.php\/wp-json\/wp\/v2\/posts\/14909","targetHints":{"allow":["GET"]}}],"collection":[{"href":"https:\/\/diarioprincipios.com\/index.php\/wp-json\/wp\/v2\/posts"}],"about":[{"href":"https:\/\/diarioprincipios.com\/index.php\/wp-json\/wp\/v2\/types\/post"}],"author":[{"embeddable":true,"href":"https:\/\/diarioprincipios.com\/index.php\/wp-json\/wp\/v2\/users\/2"}],"replies":[{"embeddable":true,"href":"https:\/\/diarioprincipios.com\/index.php\/wp-json\/wp\/v2\/comments?post=14909"}],"version-history":[{"count":1,"href":"https:\/\/diarioprincipios.com\/index.php\/wp-json\/wp\/v2\/posts\/14909\/revisions"}],"predecessor-version":[{"id":14911,"href":"https:\/\/diarioprincipios.com\/index.php\/wp-json\/wp\/v2\/posts\/14909\/revisions\/14911"}],"wp:featuredmedia":[{"embeddable":true,"href":"https:\/\/diarioprincipios.com\/index.php\/wp-json\/wp\/v2\/media\/14910"}],"wp:attachment":[{"href":"https:\/\/diarioprincipios.com\/index.php\/wp-json\/wp\/v2\/media?parent=14909"}],"wp:term":[{"taxonomy":"category","embeddable":true,"href":"https:\/\/diarioprincipios.com\/index.php\/wp-json\/wp\/v2\/categories?post=14909"},{"taxonomy":"post_tag","embeddable":true,"href":"https:\/\/diarioprincipios.com\/index.php\/wp-json\/wp\/v2\/tags?post=14909"}],"curies":[{"name":"wp","href":"https:\/\/api.w.org\/{rel}","templated":true}]}}