{"id":14884,"date":"2022-10-19T20:11:07","date_gmt":"2022-10-19T23:11:07","guid":{"rendered":"http:\/\/diarioprincipios.com\/?p=14884"},"modified":"2022-10-27T16:58:21","modified_gmt":"2022-10-27T19:58:21","slug":"katopodis-y-mussi-inauguraron-pavimentos-en-el-pato","status":"publish","type":"post","link":"https:\/\/diarioprincipios.com\/index.php\/2022\/10\/19\/katopodis-y-mussi-inauguraron-pavimentos-en-el-pato\/","title":{"rendered":"Katopodis y Mussi inauguraron pavimentos en El Pato"},"content":{"rendered":"\n<p><strong>Berazategui cuenta con nuevos pavimentos en la localidad de El Pato. En un acto encabezado por el ministro de Obras P\u00fablicas de la Naci\u00f3n, Gabriel Katopodis; y el intendente municipal, Juan Jos\u00e9 Mussi, quedaron inauguradas oficialmente las obras realizadas sobre la calle 635 entre 531 y 534.<\/strong><\/p>\n\n\n\n<p>Adem\u00e1s, se firmaron acuerdos con la Mutual 2050 y la Mesa Agraria El Pato 2050, que incluyen la canalizaci\u00f3n de fondos para la construcci\u00f3n y el equipamiento del Centro de Valor Agregado del Polo Agroalimentario Sustentable \u201cEl Pato 2050\u201d, y la cesi\u00f3n formal de 2 hect\u00e1reas a cada una de las 6 organizaciones de productores que integran la Mesa Agraria para cultivos agroecol\u00f3gicos.<\/p>\n\n\n\n<p>Al respecto, Katopodis afirm\u00f3: \u201cBerazategui es un verdadero faro, este Intendente y la comunidad transforman esta ciudad. Un com\u00fan denominador es el orgullo de estar y vivir aqu\u00ed, de sentirse cuidados. Queremos multiplicar este programa de entramados productivos en el territorio nacional\u201d.<\/p>\n\n\n\n<p>Asimismo, el Ministro de Obras P\u00fablicas destac\u00f3: \u201cHoy se suma el pavimento, la luminaria, las veredas, la posibilidad de que ingrese el colectivo; y sabemos lo que significan estas obras para un barrio. No vamos a bajar los brazos, la Patria sale adelante cuando el pueblo se la pone al hombro, trabajando cada d\u00eda con mucho esfuerzo\u201d.<\/p>\n\n\n\n<figure class=\"wp-block-image size-large\"><img loading=\"lazy\" decoding=\"async\" width=\"1024\" height=\"683\" src=\"https:\/\/diarioprincipios.com\/wp-content\/uploads\/2022\/10\/KATOPODIS-Y-MUSSI-INAUGURARON-PAVIMENTOS-EN-EL-PATO-4-1024x683.jpg\" alt=\"\" class=\"wp-image-14885\" srcset=\"https:\/\/diarioprincipios.com\/wp-content\/uploads\/2022\/10\/KATOPODIS-Y-MUSSI-INAUGURARON-PAVIMENTOS-EN-EL-PATO-4-1024x683.jpg 1024w, https:\/\/diarioprincipios.com\/wp-content\/uploads\/2022\/10\/KATOPODIS-Y-MUSSI-INAUGURARON-PAVIMENTOS-EN-EL-PATO-4-300x200.jpg 300w, https:\/\/diarioprincipios.com\/wp-content\/uploads\/2022\/10\/KATOPODIS-Y-MUSSI-INAUGURARON-PAVIMENTOS-EN-EL-PATO-4-768x512.jpg 768w, https:\/\/diarioprincipios.com\/wp-content\/uploads\/2022\/10\/KATOPODIS-Y-MUSSI-INAUGURARON-PAVIMENTOS-EN-EL-PATO-4-1536x1024.jpg 1536w, https:\/\/diarioprincipios.com\/wp-content\/uploads\/2022\/10\/KATOPODIS-Y-MUSSI-INAUGURARON-PAVIMENTOS-EN-EL-PATO-4.jpg 1920w\" sizes=\"auto, (max-width: 1024px) 100vw, 1024px\" \/><\/figure>\n\n\n\n<p>Por su parte, Mussi asegur\u00f3 que \u201cesto es parte del crecimiento de una de las zonas que m\u00e1s se ha desarrollado. Es una alegr\u00eda muy especial la de inaugurar este pavimento, que trae una soluci\u00f3n muy importante especialmente al barrio N\u00e9stor Kirchner, con 740 viviendas. Pronto van a tener dos escuelas inauguradas. Tuvimos un apoyo significativo de nuestro ministro Gabriel Katopodis, quien viene en representaci\u00f3n del presidente de la Naci\u00f3n, el Dr. Alberto Fern\u00e1ndez, y le pedimos que le traslade nuestro agradecimiento\u201d.&nbsp;<\/p>\n\n\n\n<p>Tambi\u00e9n, el Intendente inform\u00f3: \u201cFirmamos acuerdos con nuestros productores. La cesi\u00f3n de la tierra ya es una realidad. Ellos nos mostraron su alegr\u00eda porque van a tener un polo agroalimentario donde mejorar la calidad y precio de sus productos, para que nadie los explote. Queremos esta Argentina de los productores que quieren dignidad para su familia. Tenemos un Gobierno nacional y provincial que nos apoya, y da gusto ser Intendente as\u00ed\u201d.<\/p>\n\n\n\n<figure class=\"wp-block-image size-large\"><img loading=\"lazy\" decoding=\"async\" width=\"1024\" height=\"683\" src=\"https:\/\/diarioprincipios.com\/wp-content\/uploads\/2022\/10\/KATOPODIS-Y-MUSSI-INAUGURARON-PAVIMENTOS-EN-EL-PATO-1-1024x683.jpg\" alt=\"\" class=\"wp-image-14886\" srcset=\"https:\/\/diarioprincipios.com\/wp-content\/uploads\/2022\/10\/KATOPODIS-Y-MUSSI-INAUGURARON-PAVIMENTOS-EN-EL-PATO-1-1024x683.jpg 1024w, https:\/\/diarioprincipios.com\/wp-content\/uploads\/2022\/10\/KATOPODIS-Y-MUSSI-INAUGURARON-PAVIMENTOS-EN-EL-PATO-1-300x200.jpg 300w, https:\/\/diarioprincipios.com\/wp-content\/uploads\/2022\/10\/KATOPODIS-Y-MUSSI-INAUGURARON-PAVIMENTOS-EN-EL-PATO-1-768x512.jpg 768w, https:\/\/diarioprincipios.com\/wp-content\/uploads\/2022\/10\/KATOPODIS-Y-MUSSI-INAUGURARON-PAVIMENTOS-EN-EL-PATO-1-1536x1024.jpg 1536w, https:\/\/diarioprincipios.com\/wp-content\/uploads\/2022\/10\/KATOPODIS-Y-MUSSI-INAUGURARON-PAVIMENTOS-EN-EL-PATO-1.jpg 1920w\" sizes=\"auto, (max-width: 1024px) 100vw, 1024px\" \/><\/figure>\n\n\n\n<p>Para finalizar, el director ejecutivo de Berazategui 2050, Hugo Guerrieri, celebr\u00f3 \u201cel avance del Polo Agroalimentario Sustentable \u2018El Pato 2050\u2019, impulsado por nuestro intendente, Juan Jos\u00e9 Mussi, y el acuerdo firmado con la Mutual 2050 para financiar el proyecto de construcci\u00f3n y equipamiento del Centro de Valor Agregado para ese lugar\u201d.<\/p>\n","protected":false},"excerpt":{"rendered":"<p>Berazategui cuenta con nuevos pavimentos en la localidad de El Pato. En un acto encabezado por el ministro de Obras P\u00fablicas de la Naci\u00f3n, Gabriel Katopodis; y el intendente municipal, Juan Jos\u00e9 Mussi, quedaron inauguradas oficialmente las obras realizadas sobre la calle 635 entre 531 y 534. Adem\u00e1s, se firmaron acuerdos con la Mutual 2050&#8230;<\/p>\n","protected":false},"author":2,"featured_media":14887,"comment_status":"open","ping_status":"open","sticky":false,"template":"","format":"standard","meta":{"footnotes":""},"categories":[3],"tags":[],"class_list":["post-14884","post","type-post","status-publish","format-standard","has-post-thumbnail","hentry","category-berazategui"],"featured_image_src":"https:\/\/diarioprincipios.com\/wp-content\/uploads\/2022\/10\/KATOPODIS-Y-MUSSI-INAUGURARON-PAVIMENTOS-EN-EL-PATO-3-1024x683.jpg","blog_images":{"medium":"https:\/\/diarioprincipios.com\/wp-content\/uploads\/2022\/10\/KATOPODIS-Y-MUSSI-INAUGURARON-PAVIMENTOS-EN-EL-PATO-3-300x200.jpg","large":"https:\/\/diarioprincipios.com\/wp-content\/uploads\/2022\/10\/KATOPODIS-Y-MUSSI-INAUGURARON-PAVIMENTOS-EN-EL-PATO-3-1024x683.jpg"},"ams_acf":[],"yoast_head":"<!-- This site is optimized with the Yoast SEO plugin v27.3 - https:\/\/yoast.com\/product\/yoast-seo-wordpress\/ -->\n<title>Katopodis y Mussi inauguraron pavimentos en El Pato - Principios<\/title>\n<meta name=\"robots\" content=\"index, follow, max-snippet:-1, max-image-preview:large, max-video-preview:-1\" \/>\n<link rel=\"canonical\" href=\"https:\/\/diarioprincipios.com\/index.php\/2022\/10\/19\/katopodis-y-mussi-inauguraron-pavimentos-en-el-pato\/\" \/>\n<meta property=\"og:locale\" content=\"es_ES\" \/>\n<meta property=\"og:type\" content=\"article\" \/>\n<meta property=\"og:title\" content=\"Katopodis y Mussi inauguraron pavimentos en El Pato - Principios\" \/>\n<meta property=\"og:description\" content=\"Berazategui cuenta con nuevos pavimentos en la localidad de El Pato. En un acto encabezado por el ministro de Obras P\u00fablicas de la Naci\u00f3n, Gabriel Katopodis; y el intendente municipal, Juan Jos\u00e9 Mussi, quedaron inauguradas oficialmente las obras realizadas sobre la calle 635 entre 531 y 534. Adem\u00e1s, se firmaron acuerdos con la Mutual 2050...\" \/>\n<meta property=\"og:url\" content=\"https:\/\/diarioprincipios.com\/index.php\/2022\/10\/19\/katopodis-y-mussi-inauguraron-pavimentos-en-el-pato\/\" \/>\n<meta property=\"og:site_name\" content=\"Principios\" \/>\n<meta property=\"article:published_time\" content=\"2022-10-19T23:11:07+00:00\" \/>\n<meta property=\"article:modified_time\" content=\"2022-10-27T19:58:21+00:00\" \/>\n<meta property=\"og:image\" content=\"https:\/\/diarioprincipios.com\/wp-content\/uploads\/2022\/10\/KATOPODIS-Y-MUSSI-INAUGURARON-PAVIMENTOS-EN-EL-PATO-3.jpg\" \/>\n\t<meta property=\"og:image:width\" content=\"1920\" \/>\n\t<meta property=\"og:image:height\" content=\"1280\" \/>\n\t<meta property=\"og:image:type\" content=\"image\/jpeg\" \/>\n<meta name=\"author\" content=\"Hern\u00e1n L\u00f3pez\" \/>\n<meta name=\"twitter:card\" content=\"summary_large_image\" \/>\n<meta name=\"twitter:label1\" content=\"Escrito por\" \/>\n\t<meta name=\"twitter:data1\" content=\"Hern\u00e1n L\u00f3pez\" \/>\n\t<meta name=\"twitter:label2\" content=\"Tiempo de lectura\" \/>\n\t<meta name=\"twitter:data2\" content=\"3 minutos\" \/>\n<script type=\"application\/ld+json\" class=\"yoast-schema-graph\">{\"@context\":\"https:\\\/\\\/schema.org\",\"@graph\":[{\"@type\":\"Article\",\"@id\":\"https:\\\/\\\/diarioprincipios.com\\\/index.php\\\/2022\\\/10\\\/19\\\/katopodis-y-mussi-inauguraron-pavimentos-en-el-pato\\\/#article\",\"isPartOf\":{\"@id\":\"https:\\\/\\\/diarioprincipios.com\\\/index.php\\\/2022\\\/10\\\/19\\\/katopodis-y-mussi-inauguraron-pavimentos-en-el-pato\\\/\"},\"author\":{\"name\":\"Hern\u00e1n L\u00f3pez\",\"@id\":\"https:\\\/\\\/diarioprincipios.com\\\/#\\\/schema\\\/person\\\/436d5a1fd41a5e250e23ff5a6a7cb080\"},\"headline\":\"Katopodis y Mussi inauguraron pavimentos en El Pato\",\"datePublished\":\"2022-10-19T23:11:07+00:00\",\"dateModified\":\"2022-10-27T19:58:21+00:00\",\"mainEntityOfPage\":{\"@id\":\"https:\\\/\\\/diarioprincipios.com\\\/index.php\\\/2022\\\/10\\\/19\\\/katopodis-y-mussi-inauguraron-pavimentos-en-el-pato\\\/\"},\"wordCount\":432,\"commentCount\":0,\"publisher\":{\"@id\":\"https:\\\/\\\/diarioprincipios.com\\\/#organization\"},\"image\":{\"@id\":\"https:\\\/\\\/diarioprincipios.com\\\/index.php\\\/2022\\\/10\\\/19\\\/katopodis-y-mussi-inauguraron-pavimentos-en-el-pato\\\/#primaryimage\"},\"thumbnailUrl\":\"https:\\\/\\\/diarioprincipios.com\\\/wp-content\\\/uploads\\\/2022\\\/10\\\/KATOPODIS-Y-MUSSI-INAUGURARON-PAVIMENTOS-EN-EL-PATO-3.jpg\",\"articleSection\":[\"Berazategui\"],\"inLanguage\":\"es\",\"potentialAction\":[{\"@type\":\"CommentAction\",\"name\":\"Comment\",\"target\":[\"https:\\\/\\\/diarioprincipios.com\\\/index.php\\\/2022\\\/10\\\/19\\\/katopodis-y-mussi-inauguraron-pavimentos-en-el-pato\\\/#respond\"]}]},{\"@type\":\"WebPage\",\"@id\":\"https:\\\/\\\/diarioprincipios.com\\\/index.php\\\/2022\\\/10\\\/19\\\/katopodis-y-mussi-inauguraron-pavimentos-en-el-pato\\\/\",\"url\":\"https:\\\/\\\/diarioprincipios.com\\\/index.php\\\/2022\\\/10\\\/19\\\/katopodis-y-mussi-inauguraron-pavimentos-en-el-pato\\\/\",\"name\":\"Katopodis y Mussi inauguraron pavimentos en El Pato - Principios\",\"isPartOf\":{\"@id\":\"https:\\\/\\\/diarioprincipios.com\\\/#website\"},\"primaryImageOfPage\":{\"@id\":\"https:\\\/\\\/diarioprincipios.com\\\/index.php\\\/2022\\\/10\\\/19\\\/katopodis-y-mussi-inauguraron-pavimentos-en-el-pato\\\/#primaryimage\"},\"image\":{\"@id\":\"https:\\\/\\\/diarioprincipios.com\\\/index.php\\\/2022\\\/10\\\/19\\\/katopodis-y-mussi-inauguraron-pavimentos-en-el-pato\\\/#primaryimage\"},\"thumbnailUrl\":\"https:\\\/\\\/diarioprincipios.com\\\/wp-content\\\/uploads\\\/2022\\\/10\\\/KATOPODIS-Y-MUSSI-INAUGURARON-PAVIMENTOS-EN-EL-PATO-3.jpg\",\"datePublished\":\"2022-10-19T23:11:07+00:00\",\"dateModified\":\"2022-10-27T19:58:21+00:00\",\"breadcrumb\":{\"@id\":\"https:\\\/\\\/diarioprincipios.com\\\/index.php\\\/2022\\\/10\\\/19\\\/katopodis-y-mussi-inauguraron-pavimentos-en-el-pato\\\/#breadcrumb\"},\"inLanguage\":\"es\",\"potentialAction\":[{\"@type\":\"ReadAction\",\"target\":[\"https:\\\/\\\/diarioprincipios.com\\\/index.php\\\/2022\\\/10\\\/19\\\/katopodis-y-mussi-inauguraron-pavimentos-en-el-pato\\\/\"]}]},{\"@type\":\"ImageObject\",\"inLanguage\":\"es\",\"@id\":\"https:\\\/\\\/diarioprincipios.com\\\/index.php\\\/2022\\\/10\\\/19\\\/katopodis-y-mussi-inauguraron-pavimentos-en-el-pato\\\/#primaryimage\",\"url\":\"https:\\\/\\\/diarioprincipios.com\\\/wp-content\\\/uploads\\\/2022\\\/10\\\/KATOPODIS-Y-MUSSI-INAUGURARON-PAVIMENTOS-EN-EL-PATO-3.jpg\",\"contentUrl\":\"https:\\\/\\\/diarioprincipios.com\\\/wp-content\\\/uploads\\\/2022\\\/10\\\/KATOPODIS-Y-MUSSI-INAUGURARON-PAVIMENTOS-EN-EL-PATO-3.jpg\",\"width\":1920,\"height\":1280},{\"@type\":\"BreadcrumbList\",\"@id\":\"https:\\\/\\\/diarioprincipios.com\\\/index.php\\\/2022\\\/10\\\/19\\\/katopodis-y-mussi-inauguraron-pavimentos-en-el-pato\\\/#breadcrumb\",\"itemListElement\":[{\"@type\":\"ListItem\",\"position\":1,\"name\":\"Portada\",\"item\":\"https:\\\/\\\/diarioprincipios.com\\\/\"},{\"@type\":\"ListItem\",\"position\":2,\"name\":\"Katopodis y Mussi inauguraron pavimentos en El Pato\"}]},{\"@type\":\"WebSite\",\"@id\":\"https:\\\/\\\/diarioprincipios.com\\\/#website\",\"url\":\"https:\\\/\\\/diarioprincipios.com\\\/\",\"name\":\"Principios\",\"description\":\"Principios Diario\",\"publisher\":{\"@id\":\"https:\\\/\\\/diarioprincipios.com\\\/#organization\"},\"potentialAction\":[{\"@type\":\"SearchAction\",\"target\":{\"@type\":\"EntryPoint\",\"urlTemplate\":\"https:\\\/\\\/diarioprincipios.com\\\/?s={search_term_string}\"},\"query-input\":{\"@type\":\"PropertyValueSpecification\",\"valueRequired\":true,\"valueName\":\"search_term_string\"}}],\"inLanguage\":\"es\"},{\"@type\":\"Organization\",\"@id\":\"https:\\\/\\\/diarioprincipios.com\\\/#organization\",\"name\":\"Principios\",\"url\":\"https:\\\/\\\/diarioprincipios.com\\\/\",\"logo\":{\"@type\":\"ImageObject\",\"inLanguage\":\"es\",\"@id\":\"https:\\\/\\\/diarioprincipios.com\\\/#\\\/schema\\\/logo\\\/image\\\/\",\"url\":\"https:\\\/\\\/diarioprincipios.com\\\/wp-content\\\/uploads\\\/2024\\\/04\\\/cropped-www.diarioprincipios.com_-1.png\",\"contentUrl\":\"https:\\\/\\\/diarioprincipios.com\\\/wp-content\\\/uploads\\\/2024\\\/04\\\/cropped-www.diarioprincipios.com_-1.png\",\"width\":5325,\"height\":1454,\"caption\":\"Principios\"},\"image\":{\"@id\":\"https:\\\/\\\/diarioprincipios.com\\\/#\\\/schema\\\/logo\\\/image\\\/\"}},{\"@type\":\"Person\",\"@id\":\"https:\\\/\\\/diarioprincipios.com\\\/#\\\/schema\\\/person\\\/436d5a1fd41a5e250e23ff5a6a7cb080\",\"name\":\"Hern\u00e1n L\u00f3pez\",\"image\":{\"@type\":\"ImageObject\",\"inLanguage\":\"es\",\"@id\":\"https:\\\/\\\/diarioprincipios.com\\\/wp-content\\\/litespeed\\\/avatar\\\/11ddfe5610ff3bd100522525b2571f48.jpg?ver=1777048341\",\"url\":\"https:\\\/\\\/diarioprincipios.com\\\/wp-content\\\/litespeed\\\/avatar\\\/11ddfe5610ff3bd100522525b2571f48.jpg?ver=1777048341\",\"contentUrl\":\"https:\\\/\\\/diarioprincipios.com\\\/wp-content\\\/litespeed\\\/avatar\\\/11ddfe5610ff3bd100522525b2571f48.jpg?ver=1777048341\",\"caption\":\"Hern\u00e1n L\u00f3pez\"},\"url\":\"https:\\\/\\\/diarioprincipios.com\\\/index.php\\\/author\\\/hernan\\\/\"}]}<\/script>\n<!-- \/ Yoast SEO plugin. -->","yoast_head_json":{"title":"Katopodis y Mussi inauguraron pavimentos en El Pato - Principios","robots":{"index":"index","follow":"follow","max-snippet":"max-snippet:-1","max-image-preview":"max-image-preview:large","max-video-preview":"max-video-preview:-1"},"canonical":"https:\/\/diarioprincipios.com\/index.php\/2022\/10\/19\/katopodis-y-mussi-inauguraron-pavimentos-en-el-pato\/","og_locale":"es_ES","og_type":"article","og_title":"Katopodis y Mussi inauguraron pavimentos en El Pato - Principios","og_description":"Berazategui cuenta con nuevos pavimentos en la localidad de El Pato. En un acto encabezado por el ministro de Obras P\u00fablicas de la Naci\u00f3n, Gabriel Katopodis; y el intendente municipal, Juan Jos\u00e9 Mussi, quedaron inauguradas oficialmente las obras realizadas sobre la calle 635 entre 531 y 534. Adem\u00e1s, se firmaron acuerdos con la Mutual 2050...","og_url":"https:\/\/diarioprincipios.com\/index.php\/2022\/10\/19\/katopodis-y-mussi-inauguraron-pavimentos-en-el-pato\/","og_site_name":"Principios","article_published_time":"2022-10-19T23:11:07+00:00","article_modified_time":"2022-10-27T19:58:21+00:00","og_image":[{"width":1920,"height":1280,"url":"https:\/\/diarioprincipios.com\/wp-content\/uploads\/2022\/10\/KATOPODIS-Y-MUSSI-INAUGURARON-PAVIMENTOS-EN-EL-PATO-3.jpg","type":"image\/jpeg"}],"author":"Hern\u00e1n L\u00f3pez","twitter_card":"summary_large_image","twitter_misc":{"Escrito por":"Hern\u00e1n L\u00f3pez","Tiempo de lectura":"3 minutos"},"schema":{"@context":"https:\/\/schema.org","@graph":[{"@type":"Article","@id":"https:\/\/diarioprincipios.com\/index.php\/2022\/10\/19\/katopodis-y-mussi-inauguraron-pavimentos-en-el-pato\/#article","isPartOf":{"@id":"https:\/\/diarioprincipios.com\/index.php\/2022\/10\/19\/katopodis-y-mussi-inauguraron-pavimentos-en-el-pato\/"},"author":{"name":"Hern\u00e1n L\u00f3pez","@id":"https:\/\/diarioprincipios.com\/#\/schema\/person\/436d5a1fd41a5e250e23ff5a6a7cb080"},"headline":"Katopodis y Mussi inauguraron pavimentos en El Pato","datePublished":"2022-10-19T23:11:07+00:00","dateModified":"2022-10-27T19:58:21+00:00","mainEntityOfPage":{"@id":"https:\/\/diarioprincipios.com\/index.php\/2022\/10\/19\/katopodis-y-mussi-inauguraron-pavimentos-en-el-pato\/"},"wordCount":432,"commentCount":0,"publisher":{"@id":"https:\/\/diarioprincipios.com\/#organization"},"image":{"@id":"https:\/\/diarioprincipios.com\/index.php\/2022\/10\/19\/katopodis-y-mussi-inauguraron-pavimentos-en-el-pato\/#primaryimage"},"thumbnailUrl":"https:\/\/diarioprincipios.com\/wp-content\/uploads\/2022\/10\/KATOPODIS-Y-MUSSI-INAUGURARON-PAVIMENTOS-EN-EL-PATO-3.jpg","articleSection":["Berazategui"],"inLanguage":"es","potentialAction":[{"@type":"CommentAction","name":"Comment","target":["https:\/\/diarioprincipios.com\/index.php\/2022\/10\/19\/katopodis-y-mussi-inauguraron-pavimentos-en-el-pato\/#respond"]}]},{"@type":"WebPage","@id":"https:\/\/diarioprincipios.com\/index.php\/2022\/10\/19\/katopodis-y-mussi-inauguraron-pavimentos-en-el-pato\/","url":"https:\/\/diarioprincipios.com\/index.php\/2022\/10\/19\/katopodis-y-mussi-inauguraron-pavimentos-en-el-pato\/","name":"Katopodis y Mussi inauguraron pavimentos en El Pato - Principios","isPartOf":{"@id":"https:\/\/diarioprincipios.com\/#website"},"primaryImageOfPage":{"@id":"https:\/\/diarioprincipios.com\/index.php\/2022\/10\/19\/katopodis-y-mussi-inauguraron-pavimentos-en-el-pato\/#primaryimage"},"image":{"@id":"https:\/\/diarioprincipios.com\/index.php\/2022\/10\/19\/katopodis-y-mussi-inauguraron-pavimentos-en-el-pato\/#primaryimage"},"thumbnailUrl":"https:\/\/diarioprincipios.com\/wp-content\/uploads\/2022\/10\/KATOPODIS-Y-MUSSI-INAUGURARON-PAVIMENTOS-EN-EL-PATO-3.jpg","datePublished":"2022-10-19T23:11:07+00:00","dateModified":"2022-10-27T19:58:21+00:00","breadcrumb":{"@id":"https:\/\/diarioprincipios.com\/index.php\/2022\/10\/19\/katopodis-y-mussi-inauguraron-pavimentos-en-el-pato\/#breadcrumb"},"inLanguage":"es","potentialAction":[{"@type":"ReadAction","target":["https:\/\/diarioprincipios.com\/index.php\/2022\/10\/19\/katopodis-y-mussi-inauguraron-pavimentos-en-el-pato\/"]}]},{"@type":"ImageObject","inLanguage":"es","@id":"https:\/\/diarioprincipios.com\/index.php\/2022\/10\/19\/katopodis-y-mussi-inauguraron-pavimentos-en-el-pato\/#primaryimage","url":"https:\/\/diarioprincipios.com\/wp-content\/uploads\/2022\/10\/KATOPODIS-Y-MUSSI-INAUGURARON-PAVIMENTOS-EN-EL-PATO-3.jpg","contentUrl":"https:\/\/diarioprincipios.com\/wp-content\/uploads\/2022\/10\/KATOPODIS-Y-MUSSI-INAUGURARON-PAVIMENTOS-EN-EL-PATO-3.jpg","width":1920,"height":1280},{"@type":"BreadcrumbList","@id":"https:\/\/diarioprincipios.com\/index.php\/2022\/10\/19\/katopodis-y-mussi-inauguraron-pavimentos-en-el-pato\/#breadcrumb","itemListElement":[{"@type":"ListItem","position":1,"name":"Portada","item":"https:\/\/diarioprincipios.com\/"},{"@type":"ListItem","position":2,"name":"Katopodis y Mussi inauguraron pavimentos en El Pato"}]},{"@type":"WebSite","@id":"https:\/\/diarioprincipios.com\/#website","url":"https:\/\/diarioprincipios.com\/","name":"Principios","description":"Principios Diario","publisher":{"@id":"https:\/\/diarioprincipios.com\/#organization"},"potentialAction":[{"@type":"SearchAction","target":{"@type":"EntryPoint","urlTemplate":"https:\/\/diarioprincipios.com\/?s={search_term_string}"},"query-input":{"@type":"PropertyValueSpecification","valueRequired":true,"valueName":"search_term_string"}}],"inLanguage":"es"},{"@type":"Organization","@id":"https:\/\/diarioprincipios.com\/#organization","name":"Principios","url":"https:\/\/diarioprincipios.com\/","logo":{"@type":"ImageObject","inLanguage":"es","@id":"https:\/\/diarioprincipios.com\/#\/schema\/logo\/image\/","url":"https:\/\/diarioprincipios.com\/wp-content\/uploads\/2024\/04\/cropped-www.diarioprincipios.com_-1.png","contentUrl":"https:\/\/diarioprincipios.com\/wp-content\/uploads\/2024\/04\/cropped-www.diarioprincipios.com_-1.png","width":5325,"height":1454,"caption":"Principios"},"image":{"@id":"https:\/\/diarioprincipios.com\/#\/schema\/logo\/image\/"}},{"@type":"Person","@id":"https:\/\/diarioprincipios.com\/#\/schema\/person\/436d5a1fd41a5e250e23ff5a6a7cb080","name":"Hern\u00e1n L\u00f3pez","image":{"@type":"ImageObject","inLanguage":"es","@id":"https:\/\/diarioprincipios.com\/wp-content\/litespeed\/avatar\/11ddfe5610ff3bd100522525b2571f48.jpg?ver=1777048341","url":"https:\/\/diarioprincipios.com\/wp-content\/litespeed\/avatar\/11ddfe5610ff3bd100522525b2571f48.jpg?ver=1777048341","contentUrl":"https:\/\/diarioprincipios.com\/wp-content\/litespeed\/avatar\/11ddfe5610ff3bd100522525b2571f48.jpg?ver=1777048341","caption":"Hern\u00e1n L\u00f3pez"},"url":"https:\/\/diarioprincipios.com\/index.php\/author\/hernan\/"}]}},"jetpack_featured_media_url":"https:\/\/diarioprincipios.com\/wp-content\/uploads\/2022\/10\/KATOPODIS-Y-MUSSI-INAUGURARON-PAVIMENTOS-EN-EL-PATO-3.jpg","_links":{"self":[{"href":"https:\/\/diarioprincipios.com\/index.php\/wp-json\/wp\/v2\/posts\/14884","targetHints":{"allow":["GET"]}}],"collection":[{"href":"https:\/\/diarioprincipios.com\/index.php\/wp-json\/wp\/v2\/posts"}],"about":[{"href":"https:\/\/diarioprincipios.com\/index.php\/wp-json\/wp\/v2\/types\/post"}],"author":[{"embeddable":true,"href":"https:\/\/diarioprincipios.com\/index.php\/wp-json\/wp\/v2\/users\/2"}],"replies":[{"embeddable":true,"href":"https:\/\/diarioprincipios.com\/index.php\/wp-json\/wp\/v2\/comments?post=14884"}],"version-history":[{"count":1,"href":"https:\/\/diarioprincipios.com\/index.php\/wp-json\/wp\/v2\/posts\/14884\/revisions"}],"predecessor-version":[{"id":14888,"href":"https:\/\/diarioprincipios.com\/index.php\/wp-json\/wp\/v2\/posts\/14884\/revisions\/14888"}],"wp:featuredmedia":[{"embeddable":true,"href":"https:\/\/diarioprincipios.com\/index.php\/wp-json\/wp\/v2\/media\/14887"}],"wp:attachment":[{"href":"https:\/\/diarioprincipios.com\/index.php\/wp-json\/wp\/v2\/media?parent=14884"}],"wp:term":[{"taxonomy":"category","embeddable":true,"href":"https:\/\/diarioprincipios.com\/index.php\/wp-json\/wp\/v2\/categories?post=14884"},{"taxonomy":"post_tag","embeddable":true,"href":"https:\/\/diarioprincipios.com\/index.php\/wp-json\/wp\/v2\/tags?post=14884"}],"curies":[{"name":"wp","href":"https:\/\/api.w.org\/{rel}","templated":true}]}}