{"id":14881,"date":"2022-10-19T20:08:05","date_gmt":"2022-10-19T23:08:05","guid":{"rendered":"http:\/\/diarioprincipios.com\/?p=14881"},"modified":"2022-10-27T16:58:21","modified_gmt":"2022-10-27T19:58:21","slug":"transporte-y-la-unlp-apuestan-a-la-investigacion-y-el-desarrollo-de-vehiculos-electricos","status":"publish","type":"post","link":"https:\/\/diarioprincipios.com\/index.php\/2022\/10\/19\/transporte-y-la-unlp-apuestan-a-la-investigacion-y-el-desarrollo-de-vehiculos-electricos\/","title":{"rendered":"Transporte y la UNLP apuestan a la investigaci\u00f3n y el desarrollo de veh\u00edculos el\u00e9ctricos"},"content":{"rendered":"\n<p><em>Jorge D\u00b4Onofrio, titular de la cartera provincial, se reuni\u00f3 con el vicepresidente de la casa de Altos Estudios, Fernando Tauber, para avanzar en un plan articulado que promueva la electromovilidad en el territorio bonaerense. El proyecto busca fomentar la producci\u00f3n nacional y el ahorro de los costos log\u00edsticos.<\/em><\/p>\n\n\n\n<p>El Ministerio de Transporte de la provincia de Buenos Aires, conducido por Jorge D\u00b4Onofrio, junto con la Universidad Nacional de La Plata (UNLP), avanza en un ambicioso plan para garantizar la capacidad de electromovilidad en todo el territorio bonaerense. En concreto, el ministro D&#8217;Onofrio avanz\u00f3 con un plan que impulse la investigaci\u00f3n y el desarrollo de veh\u00edculos el\u00e9ctricos luego de reunirse con el vicepresidente de la UNLP, Fernando Tauber<\/p>\n\n\n\n<p>Con la articulaci\u00f3n entre Transporte y la casa de altos estudios, se apuesta a un trabajo a mediano plazo que consolide una movilidad sustentable y fomente la producci\u00f3n nacional. En concreto, el plan estrat\u00e9gico busca impulsar un emprendimiento que promueva la investigaci\u00f3n, el desarrollo y la eventual producci\u00f3n de las bater\u00edas y controladores de los veh\u00edculos.&nbsp;<\/p>\n\n\n\n<p>Asimsmo, D\u00b4Onofrio y Tauber plantearon la necesidad de crear un instituto de investigaci\u00f3n sobre el desarrollo el\u00e9ctrico y los pasos a seguir para contar con una mejor electromovilidad en toda la Provincia.&nbsp;<\/p>\n\n\n\n<p>\u201cSi la investigaci\u00f3n nos permite fabricar controladores, vamos a tener un ahorro de miles de millones de d\u00f3lares. Nuestro deber es pensar pol\u00edticas p\u00fablicas duraderas y que mejoren la calidad de vida de las vecinas y vecinos\u201d, sentenci\u00f3 D\u00b4Onofrio. En esa l\u00ednea, destac\u00f3 la importancia de trabajar de manera articulada con la UNLP: \u201cLa sociedad nos pide ir hacia un sistema m\u00e1s amigable con el ambiente, junto con la capacidad de la Universidad Nacional de La Plata vamos a trabajar para dar respuestas y alcanzar un transporte sustentable\u201d.<\/p>\n\n\n\n<p>En tanto, Tauber subray\u00f3: \u201cValoramos especialmente que la Provincia nos convoque para liderar juntos un emprendimiento de semejante envergadura. Tenemos el conocimiento, la tecnolog\u00eda y los recursos humanos formados para avanzar, de la mano del Ministerio, en el desarrollo y ejecuci\u00f3n de un proyecto de movilidad sustentable\u201d.<\/p>\n\n\n\n<p>Vale remarcar que hoy en d\u00eda, los veh\u00edculos el\u00e9ctricos tienen dos componentes centrales que marcan el precio. Se trata de la bater\u00eda y el controlador, que actualmente debe ser importado. As\u00ed, al mismo tiempo que la UNLP avanza con la Planta Nacional de Desarrollo Tecnol\u00f3gico de Celdas y Bater\u00edas de Litio (UniLiB), se apuesta a potenciar la movilidad sustentable con el desarrollo de controladores nacionales.<\/p>\n","protected":false},"excerpt":{"rendered":"<p>Jorge D\u00b4Onofrio, titular de la cartera provincial, se reuni\u00f3 con el vicepresidente de la casa de Altos Estudios, Fernando Tauber, para avanzar en un plan articulado que promueva la electromovilidad en el territorio bonaerense. El proyecto busca fomentar la producci\u00f3n nacional y el ahorro de los costos log\u00edsticos. El Ministerio de Transporte de la provincia&#8230;<\/p>\n","protected":false},"author":2,"featured_media":14882,"comment_status":"open","ping_status":"open","sticky":false,"template":"","format":"standard","meta":{"footnotes":""},"categories":[7],"tags":[],"class_list":["post-14881","post","type-post","status-publish","format-standard","has-post-thumbnail","hentry","category-provincia"],"featured_image_src":"https:\/\/diarioprincipios.com\/wp-content\/uploads\/2022\/10\/WhatsApp-Image-2022-10-19-at-14.55.20-1024x682.jpeg","blog_images":{"medium":"https:\/\/diarioprincipios.com\/wp-content\/uploads\/2022\/10\/WhatsApp-Image-2022-10-19-at-14.55.20-300x200.jpeg","large":"https:\/\/diarioprincipios.com\/wp-content\/uploads\/2022\/10\/WhatsApp-Image-2022-10-19-at-14.55.20-1024x682.jpeg"},"ams_acf":[],"yoast_head":"<!-- This site is optimized with the Yoast SEO plugin v27.3 - https:\/\/yoast.com\/product\/yoast-seo-wordpress\/ -->\n<title>Transporte y la UNLP apuestan a la investigaci\u00f3n y el desarrollo de veh\u00edculos el\u00e9ctricos - Principios<\/title>\n<meta name=\"robots\" content=\"index, follow, max-snippet:-1, max-image-preview:large, max-video-preview:-1\" \/>\n<link rel=\"canonical\" href=\"https:\/\/diarioprincipios.com\/index.php\/2022\/10\/19\/transporte-y-la-unlp-apuestan-a-la-investigacion-y-el-desarrollo-de-vehiculos-electricos\/\" \/>\n<meta property=\"og:locale\" content=\"es_ES\" \/>\n<meta property=\"og:type\" content=\"article\" \/>\n<meta property=\"og:title\" content=\"Transporte y la UNLP apuestan a la investigaci\u00f3n y el desarrollo de veh\u00edculos el\u00e9ctricos - Principios\" \/>\n<meta property=\"og:description\" content=\"Jorge D\u00b4Onofrio, titular de la cartera provincial, se reuni\u00f3 con el vicepresidente de la casa de Altos Estudios, Fernando Tauber, para avanzar en un plan articulado que promueva la electromovilidad en el territorio bonaerense. El proyecto busca fomentar la producci\u00f3n nacional y el ahorro de los costos log\u00edsticos. El Ministerio de Transporte de la provincia...\" \/>\n<meta property=\"og:url\" content=\"https:\/\/diarioprincipios.com\/index.php\/2022\/10\/19\/transporte-y-la-unlp-apuestan-a-la-investigacion-y-el-desarrollo-de-vehiculos-electricos\/\" \/>\n<meta property=\"og:site_name\" content=\"Principios\" \/>\n<meta property=\"article:published_time\" content=\"2022-10-19T23:08:05+00:00\" \/>\n<meta property=\"article:modified_time\" content=\"2022-10-27T19:58:21+00:00\" \/>\n<meta property=\"og:image\" content=\"https:\/\/diarioprincipios.com\/wp-content\/uploads\/2022\/10\/WhatsApp-Image-2022-10-19-at-14.55.20.jpeg\" \/>\n\t<meta property=\"og:image:width\" content=\"1154\" \/>\n\t<meta property=\"og:image:height\" content=\"769\" \/>\n\t<meta property=\"og:image:type\" content=\"image\/jpeg\" \/>\n<meta name=\"author\" content=\"Hern\u00e1n L\u00f3pez\" \/>\n<meta name=\"twitter:card\" content=\"summary_large_image\" \/>\n<meta name=\"twitter:label1\" content=\"Escrito por\" \/>\n\t<meta name=\"twitter:data1\" content=\"Hern\u00e1n L\u00f3pez\" \/>\n\t<meta name=\"twitter:label2\" content=\"Tiempo de lectura\" \/>\n\t<meta name=\"twitter:data2\" content=\"2 minutos\" \/>\n<script type=\"application\/ld+json\" class=\"yoast-schema-graph\">{\"@context\":\"https:\\\/\\\/schema.org\",\"@graph\":[{\"@type\":\"Article\",\"@id\":\"https:\\\/\\\/diarioprincipios.com\\\/index.php\\\/2022\\\/10\\\/19\\\/transporte-y-la-unlp-apuestan-a-la-investigacion-y-el-desarrollo-de-vehiculos-electricos\\\/#article\",\"isPartOf\":{\"@id\":\"https:\\\/\\\/diarioprincipios.com\\\/index.php\\\/2022\\\/10\\\/19\\\/transporte-y-la-unlp-apuestan-a-la-investigacion-y-el-desarrollo-de-vehiculos-electricos\\\/\"},\"author\":{\"name\":\"Hern\u00e1n L\u00f3pez\",\"@id\":\"https:\\\/\\\/diarioprincipios.com\\\/#\\\/schema\\\/person\\\/436d5a1fd41a5e250e23ff5a6a7cb080\"},\"headline\":\"Transporte y la UNLP apuestan a la investigaci\u00f3n y el desarrollo de veh\u00edculos el\u00e9ctricos\",\"datePublished\":\"2022-10-19T23:08:05+00:00\",\"dateModified\":\"2022-10-27T19:58:21+00:00\",\"mainEntityOfPage\":{\"@id\":\"https:\\\/\\\/diarioprincipios.com\\\/index.php\\\/2022\\\/10\\\/19\\\/transporte-y-la-unlp-apuestan-a-la-investigacion-y-el-desarrollo-de-vehiculos-electricos\\\/\"},\"wordCount\":457,\"commentCount\":0,\"publisher\":{\"@id\":\"https:\\\/\\\/diarioprincipios.com\\\/#organization\"},\"image\":{\"@id\":\"https:\\\/\\\/diarioprincipios.com\\\/index.php\\\/2022\\\/10\\\/19\\\/transporte-y-la-unlp-apuestan-a-la-investigacion-y-el-desarrollo-de-vehiculos-electricos\\\/#primaryimage\"},\"thumbnailUrl\":\"https:\\\/\\\/diarioprincipios.com\\\/wp-content\\\/uploads\\\/2022\\\/10\\\/WhatsApp-Image-2022-10-19-at-14.55.20.jpeg\",\"articleSection\":[\"Provincia\"],\"inLanguage\":\"es\",\"potentialAction\":[{\"@type\":\"CommentAction\",\"name\":\"Comment\",\"target\":[\"https:\\\/\\\/diarioprincipios.com\\\/index.php\\\/2022\\\/10\\\/19\\\/transporte-y-la-unlp-apuestan-a-la-investigacion-y-el-desarrollo-de-vehiculos-electricos\\\/#respond\"]}]},{\"@type\":\"WebPage\",\"@id\":\"https:\\\/\\\/diarioprincipios.com\\\/index.php\\\/2022\\\/10\\\/19\\\/transporte-y-la-unlp-apuestan-a-la-investigacion-y-el-desarrollo-de-vehiculos-electricos\\\/\",\"url\":\"https:\\\/\\\/diarioprincipios.com\\\/index.php\\\/2022\\\/10\\\/19\\\/transporte-y-la-unlp-apuestan-a-la-investigacion-y-el-desarrollo-de-vehiculos-electricos\\\/\",\"name\":\"Transporte y la UNLP apuestan a la investigaci\u00f3n y el desarrollo de veh\u00edculos el\u00e9ctricos - Principios\",\"isPartOf\":{\"@id\":\"https:\\\/\\\/diarioprincipios.com\\\/#website\"},\"primaryImageOfPage\":{\"@id\":\"https:\\\/\\\/diarioprincipios.com\\\/index.php\\\/2022\\\/10\\\/19\\\/transporte-y-la-unlp-apuestan-a-la-investigacion-y-el-desarrollo-de-vehiculos-electricos\\\/#primaryimage\"},\"image\":{\"@id\":\"https:\\\/\\\/diarioprincipios.com\\\/index.php\\\/2022\\\/10\\\/19\\\/transporte-y-la-unlp-apuestan-a-la-investigacion-y-el-desarrollo-de-vehiculos-electricos\\\/#primaryimage\"},\"thumbnailUrl\":\"https:\\\/\\\/diarioprincipios.com\\\/wp-content\\\/uploads\\\/2022\\\/10\\\/WhatsApp-Image-2022-10-19-at-14.55.20.jpeg\",\"datePublished\":\"2022-10-19T23:08:05+00:00\",\"dateModified\":\"2022-10-27T19:58:21+00:00\",\"breadcrumb\":{\"@id\":\"https:\\\/\\\/diarioprincipios.com\\\/index.php\\\/2022\\\/10\\\/19\\\/transporte-y-la-unlp-apuestan-a-la-investigacion-y-el-desarrollo-de-vehiculos-electricos\\\/#breadcrumb\"},\"inLanguage\":\"es\",\"potentialAction\":[{\"@type\":\"ReadAction\",\"target\":[\"https:\\\/\\\/diarioprincipios.com\\\/index.php\\\/2022\\\/10\\\/19\\\/transporte-y-la-unlp-apuestan-a-la-investigacion-y-el-desarrollo-de-vehiculos-electricos\\\/\"]}]},{\"@type\":\"ImageObject\",\"inLanguage\":\"es\",\"@id\":\"https:\\\/\\\/diarioprincipios.com\\\/index.php\\\/2022\\\/10\\\/19\\\/transporte-y-la-unlp-apuestan-a-la-investigacion-y-el-desarrollo-de-vehiculos-electricos\\\/#primaryimage\",\"url\":\"https:\\\/\\\/diarioprincipios.com\\\/wp-content\\\/uploads\\\/2022\\\/10\\\/WhatsApp-Image-2022-10-19-at-14.55.20.jpeg\",\"contentUrl\":\"https:\\\/\\\/diarioprincipios.com\\\/wp-content\\\/uploads\\\/2022\\\/10\\\/WhatsApp-Image-2022-10-19-at-14.55.20.jpeg\",\"width\":1154,\"height\":769},{\"@type\":\"BreadcrumbList\",\"@id\":\"https:\\\/\\\/diarioprincipios.com\\\/index.php\\\/2022\\\/10\\\/19\\\/transporte-y-la-unlp-apuestan-a-la-investigacion-y-el-desarrollo-de-vehiculos-electricos\\\/#breadcrumb\",\"itemListElement\":[{\"@type\":\"ListItem\",\"position\":1,\"name\":\"Portada\",\"item\":\"https:\\\/\\\/diarioprincipios.com\\\/\"},{\"@type\":\"ListItem\",\"position\":2,\"name\":\"Transporte y la UNLP apuestan a la investigaci\u00f3n y el desarrollo de veh\u00edculos el\u00e9ctricos\"}]},{\"@type\":\"WebSite\",\"@id\":\"https:\\\/\\\/diarioprincipios.com\\\/#website\",\"url\":\"https:\\\/\\\/diarioprincipios.com\\\/\",\"name\":\"Principios\",\"description\":\"Principios Diario\",\"publisher\":{\"@id\":\"https:\\\/\\\/diarioprincipios.com\\\/#organization\"},\"potentialAction\":[{\"@type\":\"SearchAction\",\"target\":{\"@type\":\"EntryPoint\",\"urlTemplate\":\"https:\\\/\\\/diarioprincipios.com\\\/?s={search_term_string}\"},\"query-input\":{\"@type\":\"PropertyValueSpecification\",\"valueRequired\":true,\"valueName\":\"search_term_string\"}}],\"inLanguage\":\"es\"},{\"@type\":\"Organization\",\"@id\":\"https:\\\/\\\/diarioprincipios.com\\\/#organization\",\"name\":\"Principios\",\"url\":\"https:\\\/\\\/diarioprincipios.com\\\/\",\"logo\":{\"@type\":\"ImageObject\",\"inLanguage\":\"es\",\"@id\":\"https:\\\/\\\/diarioprincipios.com\\\/#\\\/schema\\\/logo\\\/image\\\/\",\"url\":\"https:\\\/\\\/diarioprincipios.com\\\/wp-content\\\/uploads\\\/2024\\\/04\\\/cropped-www.diarioprincipios.com_-1.png\",\"contentUrl\":\"https:\\\/\\\/diarioprincipios.com\\\/wp-content\\\/uploads\\\/2024\\\/04\\\/cropped-www.diarioprincipios.com_-1.png\",\"width\":5325,\"height\":1454,\"caption\":\"Principios\"},\"image\":{\"@id\":\"https:\\\/\\\/diarioprincipios.com\\\/#\\\/schema\\\/logo\\\/image\\\/\"}},{\"@type\":\"Person\",\"@id\":\"https:\\\/\\\/diarioprincipios.com\\\/#\\\/schema\\\/person\\\/436d5a1fd41a5e250e23ff5a6a7cb080\",\"name\":\"Hern\u00e1n L\u00f3pez\",\"image\":{\"@type\":\"ImageObject\",\"inLanguage\":\"es\",\"@id\":\"https:\\\/\\\/diarioprincipios.com\\\/wp-content\\\/litespeed\\\/avatar\\\/11ddfe5610ff3bd100522525b2571f48.jpg?ver=1777048341\",\"url\":\"https:\\\/\\\/diarioprincipios.com\\\/wp-content\\\/litespeed\\\/avatar\\\/11ddfe5610ff3bd100522525b2571f48.jpg?ver=1777048341\",\"contentUrl\":\"https:\\\/\\\/diarioprincipios.com\\\/wp-content\\\/litespeed\\\/avatar\\\/11ddfe5610ff3bd100522525b2571f48.jpg?ver=1777048341\",\"caption\":\"Hern\u00e1n L\u00f3pez\"},\"url\":\"https:\\\/\\\/diarioprincipios.com\\\/index.php\\\/author\\\/hernan\\\/\"}]}<\/script>\n<!-- \/ Yoast SEO plugin. -->","yoast_head_json":{"title":"Transporte y la UNLP apuestan a la investigaci\u00f3n y el desarrollo de veh\u00edculos el\u00e9ctricos - Principios","robots":{"index":"index","follow":"follow","max-snippet":"max-snippet:-1","max-image-preview":"max-image-preview:large","max-video-preview":"max-video-preview:-1"},"canonical":"https:\/\/diarioprincipios.com\/index.php\/2022\/10\/19\/transporte-y-la-unlp-apuestan-a-la-investigacion-y-el-desarrollo-de-vehiculos-electricos\/","og_locale":"es_ES","og_type":"article","og_title":"Transporte y la UNLP apuestan a la investigaci\u00f3n y el desarrollo de veh\u00edculos el\u00e9ctricos - Principios","og_description":"Jorge D\u00b4Onofrio, titular de la cartera provincial, se reuni\u00f3 con el vicepresidente de la casa de Altos Estudios, Fernando Tauber, para avanzar en un plan articulado que promueva la electromovilidad en el territorio bonaerense. El proyecto busca fomentar la producci\u00f3n nacional y el ahorro de los costos log\u00edsticos. El Ministerio de Transporte de la provincia...","og_url":"https:\/\/diarioprincipios.com\/index.php\/2022\/10\/19\/transporte-y-la-unlp-apuestan-a-la-investigacion-y-el-desarrollo-de-vehiculos-electricos\/","og_site_name":"Principios","article_published_time":"2022-10-19T23:08:05+00:00","article_modified_time":"2022-10-27T19:58:21+00:00","og_image":[{"width":1154,"height":769,"url":"https:\/\/diarioprincipios.com\/wp-content\/uploads\/2022\/10\/WhatsApp-Image-2022-10-19-at-14.55.20.jpeg","type":"image\/jpeg"}],"author":"Hern\u00e1n L\u00f3pez","twitter_card":"summary_large_image","twitter_misc":{"Escrito por":"Hern\u00e1n L\u00f3pez","Tiempo de lectura":"2 minutos"},"schema":{"@context":"https:\/\/schema.org","@graph":[{"@type":"Article","@id":"https:\/\/diarioprincipios.com\/index.php\/2022\/10\/19\/transporte-y-la-unlp-apuestan-a-la-investigacion-y-el-desarrollo-de-vehiculos-electricos\/#article","isPartOf":{"@id":"https:\/\/diarioprincipios.com\/index.php\/2022\/10\/19\/transporte-y-la-unlp-apuestan-a-la-investigacion-y-el-desarrollo-de-vehiculos-electricos\/"},"author":{"name":"Hern\u00e1n L\u00f3pez","@id":"https:\/\/diarioprincipios.com\/#\/schema\/person\/436d5a1fd41a5e250e23ff5a6a7cb080"},"headline":"Transporte y la UNLP apuestan a la investigaci\u00f3n y el desarrollo de veh\u00edculos el\u00e9ctricos","datePublished":"2022-10-19T23:08:05+00:00","dateModified":"2022-10-27T19:58:21+00:00","mainEntityOfPage":{"@id":"https:\/\/diarioprincipios.com\/index.php\/2022\/10\/19\/transporte-y-la-unlp-apuestan-a-la-investigacion-y-el-desarrollo-de-vehiculos-electricos\/"},"wordCount":457,"commentCount":0,"publisher":{"@id":"https:\/\/diarioprincipios.com\/#organization"},"image":{"@id":"https:\/\/diarioprincipios.com\/index.php\/2022\/10\/19\/transporte-y-la-unlp-apuestan-a-la-investigacion-y-el-desarrollo-de-vehiculos-electricos\/#primaryimage"},"thumbnailUrl":"https:\/\/diarioprincipios.com\/wp-content\/uploads\/2022\/10\/WhatsApp-Image-2022-10-19-at-14.55.20.jpeg","articleSection":["Provincia"],"inLanguage":"es","potentialAction":[{"@type":"CommentAction","name":"Comment","target":["https:\/\/diarioprincipios.com\/index.php\/2022\/10\/19\/transporte-y-la-unlp-apuestan-a-la-investigacion-y-el-desarrollo-de-vehiculos-electricos\/#respond"]}]},{"@type":"WebPage","@id":"https:\/\/diarioprincipios.com\/index.php\/2022\/10\/19\/transporte-y-la-unlp-apuestan-a-la-investigacion-y-el-desarrollo-de-vehiculos-electricos\/","url":"https:\/\/diarioprincipios.com\/index.php\/2022\/10\/19\/transporte-y-la-unlp-apuestan-a-la-investigacion-y-el-desarrollo-de-vehiculos-electricos\/","name":"Transporte y la UNLP apuestan a la investigaci\u00f3n y el desarrollo de veh\u00edculos el\u00e9ctricos - Principios","isPartOf":{"@id":"https:\/\/diarioprincipios.com\/#website"},"primaryImageOfPage":{"@id":"https:\/\/diarioprincipios.com\/index.php\/2022\/10\/19\/transporte-y-la-unlp-apuestan-a-la-investigacion-y-el-desarrollo-de-vehiculos-electricos\/#primaryimage"},"image":{"@id":"https:\/\/diarioprincipios.com\/index.php\/2022\/10\/19\/transporte-y-la-unlp-apuestan-a-la-investigacion-y-el-desarrollo-de-vehiculos-electricos\/#primaryimage"},"thumbnailUrl":"https:\/\/diarioprincipios.com\/wp-content\/uploads\/2022\/10\/WhatsApp-Image-2022-10-19-at-14.55.20.jpeg","datePublished":"2022-10-19T23:08:05+00:00","dateModified":"2022-10-27T19:58:21+00:00","breadcrumb":{"@id":"https:\/\/diarioprincipios.com\/index.php\/2022\/10\/19\/transporte-y-la-unlp-apuestan-a-la-investigacion-y-el-desarrollo-de-vehiculos-electricos\/#breadcrumb"},"inLanguage":"es","potentialAction":[{"@type":"ReadAction","target":["https:\/\/diarioprincipios.com\/index.php\/2022\/10\/19\/transporte-y-la-unlp-apuestan-a-la-investigacion-y-el-desarrollo-de-vehiculos-electricos\/"]}]},{"@type":"ImageObject","inLanguage":"es","@id":"https:\/\/diarioprincipios.com\/index.php\/2022\/10\/19\/transporte-y-la-unlp-apuestan-a-la-investigacion-y-el-desarrollo-de-vehiculos-electricos\/#primaryimage","url":"https:\/\/diarioprincipios.com\/wp-content\/uploads\/2022\/10\/WhatsApp-Image-2022-10-19-at-14.55.20.jpeg","contentUrl":"https:\/\/diarioprincipios.com\/wp-content\/uploads\/2022\/10\/WhatsApp-Image-2022-10-19-at-14.55.20.jpeg","width":1154,"height":769},{"@type":"BreadcrumbList","@id":"https:\/\/diarioprincipios.com\/index.php\/2022\/10\/19\/transporte-y-la-unlp-apuestan-a-la-investigacion-y-el-desarrollo-de-vehiculos-electricos\/#breadcrumb","itemListElement":[{"@type":"ListItem","position":1,"name":"Portada","item":"https:\/\/diarioprincipios.com\/"},{"@type":"ListItem","position":2,"name":"Transporte y la UNLP apuestan a la investigaci\u00f3n y el desarrollo de veh\u00edculos el\u00e9ctricos"}]},{"@type":"WebSite","@id":"https:\/\/diarioprincipios.com\/#website","url":"https:\/\/diarioprincipios.com\/","name":"Principios","description":"Principios Diario","publisher":{"@id":"https:\/\/diarioprincipios.com\/#organization"},"potentialAction":[{"@type":"SearchAction","target":{"@type":"EntryPoint","urlTemplate":"https:\/\/diarioprincipios.com\/?s={search_term_string}"},"query-input":{"@type":"PropertyValueSpecification","valueRequired":true,"valueName":"search_term_string"}}],"inLanguage":"es"},{"@type":"Organization","@id":"https:\/\/diarioprincipios.com\/#organization","name":"Principios","url":"https:\/\/diarioprincipios.com\/","logo":{"@type":"ImageObject","inLanguage":"es","@id":"https:\/\/diarioprincipios.com\/#\/schema\/logo\/image\/","url":"https:\/\/diarioprincipios.com\/wp-content\/uploads\/2024\/04\/cropped-www.diarioprincipios.com_-1.png","contentUrl":"https:\/\/diarioprincipios.com\/wp-content\/uploads\/2024\/04\/cropped-www.diarioprincipios.com_-1.png","width":5325,"height":1454,"caption":"Principios"},"image":{"@id":"https:\/\/diarioprincipios.com\/#\/schema\/logo\/image\/"}},{"@type":"Person","@id":"https:\/\/diarioprincipios.com\/#\/schema\/person\/436d5a1fd41a5e250e23ff5a6a7cb080","name":"Hern\u00e1n L\u00f3pez","image":{"@type":"ImageObject","inLanguage":"es","@id":"https:\/\/diarioprincipios.com\/wp-content\/litespeed\/avatar\/11ddfe5610ff3bd100522525b2571f48.jpg?ver=1777048341","url":"https:\/\/diarioprincipios.com\/wp-content\/litespeed\/avatar\/11ddfe5610ff3bd100522525b2571f48.jpg?ver=1777048341","contentUrl":"https:\/\/diarioprincipios.com\/wp-content\/litespeed\/avatar\/11ddfe5610ff3bd100522525b2571f48.jpg?ver=1777048341","caption":"Hern\u00e1n L\u00f3pez"},"url":"https:\/\/diarioprincipios.com\/index.php\/author\/hernan\/"}]}},"jetpack_featured_media_url":"https:\/\/diarioprincipios.com\/wp-content\/uploads\/2022\/10\/WhatsApp-Image-2022-10-19-at-14.55.20.jpeg","_links":{"self":[{"href":"https:\/\/diarioprincipios.com\/index.php\/wp-json\/wp\/v2\/posts\/14881","targetHints":{"allow":["GET"]}}],"collection":[{"href":"https:\/\/diarioprincipios.com\/index.php\/wp-json\/wp\/v2\/posts"}],"about":[{"href":"https:\/\/diarioprincipios.com\/index.php\/wp-json\/wp\/v2\/types\/post"}],"author":[{"embeddable":true,"href":"https:\/\/diarioprincipios.com\/index.php\/wp-json\/wp\/v2\/users\/2"}],"replies":[{"embeddable":true,"href":"https:\/\/diarioprincipios.com\/index.php\/wp-json\/wp\/v2\/comments?post=14881"}],"version-history":[{"count":1,"href":"https:\/\/diarioprincipios.com\/index.php\/wp-json\/wp\/v2\/posts\/14881\/revisions"}],"predecessor-version":[{"id":14883,"href":"https:\/\/diarioprincipios.com\/index.php\/wp-json\/wp\/v2\/posts\/14881\/revisions\/14883"}],"wp:featuredmedia":[{"embeddable":true,"href":"https:\/\/diarioprincipios.com\/index.php\/wp-json\/wp\/v2\/media\/14882"}],"wp:attachment":[{"href":"https:\/\/diarioprincipios.com\/index.php\/wp-json\/wp\/v2\/media?parent=14881"}],"wp:term":[{"taxonomy":"category","embeddable":true,"href":"https:\/\/diarioprincipios.com\/index.php\/wp-json\/wp\/v2\/categories?post=14881"},{"taxonomy":"post_tag","embeddable":true,"href":"https:\/\/diarioprincipios.com\/index.php\/wp-json\/wp\/v2\/tags?post=14881"}],"curies":[{"name":"wp","href":"https:\/\/api.w.org\/{rel}","templated":true}]}}