{"id":1488,"date":"2020-05-13T12:57:21","date_gmt":"2020-05-13T12:57:21","guid":{"rendered":"http:\/\/diarioprincipios.com\/?p=1488"},"modified":"2020-05-13T12:57:23","modified_gmt":"2020-05-13T12:57:23","slug":"el-coronavirus-ya-esta-en-todos-los-paises-de-africa-tras-primer-caso-en-lesoto","status":"publish","type":"post","link":"https:\/\/diarioprincipios.com\/index.php\/2020\/05\/13\/el-coronavirus-ya-esta-en-todos-los-paises-de-africa-tras-primer-caso-en-lesoto\/","title":{"rendered":"El coronavirus ya est\u00e1 en todos los pa\u00edses de \u00c1frica tras primer caso en Lesoto"},"content":{"rendered":"\n<p>El gobierno de Lesoto, el \u00fanico de los 54 pa\u00edses de \u00c1frica que no ten\u00eda casos de coronavirus confirmados, anunci\u00f3 hoy su primer contagio, correspondiente a un ciudadano que hab\u00eda llegado desde el extranjero.<\/p>\n\n\n\n<p>En un comunicado, el centro de control de enfermedades del peque\u00f1o reino monta\u00f1oso enclavado dentro de Sud\u00e1frica dijo que se trata de \u00abun caso importado de Medio Oriente\u00bb sin signos ni s\u00edntomas de la Covid-19, la enfermedad que causa el nuevo coronavirus.<\/p>\n\n\n\n<p>El Ministerio de Salud lesotense detall\u00f3 en otro comunicado que el positivo se confirm\u00f3 el 12 de mayo despu\u00e9s de haber realizado 81 test entre personas llegadas desde Sud\u00e1frica y Arabia Saudita, inform\u00f3 la agencia de noticias EFE.<\/p>\n\n\n\n<p>Lesoto era el \u00fanico pa\u00eds que quedaba en todo el continente africano sin casos confirmados, si bien la disparidad en la capacidad para hacer pruebas de los distintos pa\u00edses es un factor de incertidumbre en cuanto al control de la epidemia en la regi\u00f3n.<\/p>\n\n\n\n<p>El peque\u00f1o reino austral no tiene capacidad para hacer este tipo de pruebas por s\u00ed mismo y, hasta la fecha, solo realiz\u00f3 597 con ayuda de laboratorios sudafricanos, 300 de los cuales a\u00fan tienen resultado pendiente.<\/p>\n\n\n\n<p>La vecina Sud\u00e1frica es, de hecho, el pa\u00eds del continente m\u00e1s afectado por la pandemia en cuanto a n\u00famero de casos, con 11.350 infecciones y 206 fallecimientos.<\/p>\n\n\n\n<p>En total, \u00c1frica registra, hasta la fecha, en torno a 70.000 contagios de Covid-19 y unas 2.400 muertes.<\/p>\n\n\n\n<p>La epidemia se est\u00e1 expandiendo en este continente de forma m\u00e1s lenta que en otras regiones, gracias, en gran medida, a la respuesta estricta y temprana de la mayor\u00eda de los gobiernos.<\/p>\n\n\n\n<p>No obstante, a la Organizaci\u00f3n Mundial de la Salud (OMS) le preocupan factores como el alto nivel de contagios comunitarios en \u00c1frica occidental o la popularizaci\u00f3n de un remedio herbal no testado que est\u00e1 comercializando Madagascar.<\/p>\n\n\n\n<p>El organismo de la ONU ha advertido de que, de no tomarse las medidas adecuadas, las muertes africanas por culpa del coronavirus podr\u00edan oscilar entre 83.000 y 190.000.<\/p>\n","protected":false},"excerpt":{"rendered":"<p>El gobierno de Lesoto, el \u00fanico de los 54 pa\u00edses de \u00c1frica que no ten\u00eda casos de coronavirus confirmados, anunci\u00f3 hoy su primer contagio, correspondiente a un ciudadano que hab\u00eda llegado desde el extranjero. En un comunicado, el centro de control de enfermedades del peque\u00f1o reino monta\u00f1oso enclavado dentro de Sud\u00e1frica dijo que se trata&#8230;<\/p>\n","protected":false},"author":2,"featured_media":1489,"comment_status":"open","ping_status":"open","sticky":false,"template":"","format":"standard","meta":{"footnotes":""},"categories":[1],"tags":[],"class_list":["post-1488","post","type-post","status-publish","format-standard","has-post-thumbnail","hentry","category-uncategorized"],"featured_image_src":"https:\/\/diarioprincipios.com\/wp-content\/uploads\/2020\/05\/1200px-Africa_on_the_globe_red.svg_-1024x1024.png","blog_images":{"medium":"https:\/\/diarioprincipios.com\/wp-content\/uploads\/2020\/05\/1200px-Africa_on_the_globe_red.svg_-300x300.png","large":"https:\/\/diarioprincipios.com\/wp-content\/uploads\/2020\/05\/1200px-Africa_on_the_globe_red.svg_-1024x1024.png"},"ams_acf":[],"yoast_head":"<!-- This site is optimized with the Yoast SEO plugin v27.3 - https:\/\/yoast.com\/product\/yoast-seo-wordpress\/ -->\n<title>El coronavirus ya est\u00e1 en todos los pa\u00edses de \u00c1frica tras primer caso en Lesoto - Principios<\/title>\n<meta name=\"robots\" content=\"index, follow, max-snippet:-1, max-image-preview:large, max-video-preview:-1\" \/>\n<link rel=\"canonical\" href=\"https:\/\/diarioprincipios.com\/index.php\/2020\/05\/13\/el-coronavirus-ya-esta-en-todos-los-paises-de-africa-tras-primer-caso-en-lesoto\/\" \/>\n<meta property=\"og:locale\" content=\"es_ES\" \/>\n<meta property=\"og:type\" content=\"article\" \/>\n<meta property=\"og:title\" content=\"El coronavirus ya est\u00e1 en todos los pa\u00edses de \u00c1frica tras primer caso en Lesoto - Principios\" \/>\n<meta property=\"og:description\" content=\"El gobierno de Lesoto, el \u00fanico de los 54 pa\u00edses de \u00c1frica que no ten\u00eda casos de coronavirus confirmados, anunci\u00f3 hoy su primer contagio, correspondiente a un ciudadano que hab\u00eda llegado desde el extranjero. En un comunicado, el centro de control de enfermedades del peque\u00f1o reino monta\u00f1oso enclavado dentro de Sud\u00e1frica dijo que se trata...\" \/>\n<meta property=\"og:url\" content=\"https:\/\/diarioprincipios.com\/index.php\/2020\/05\/13\/el-coronavirus-ya-esta-en-todos-los-paises-de-africa-tras-primer-caso-en-lesoto\/\" \/>\n<meta property=\"og:site_name\" content=\"Principios\" \/>\n<meta property=\"article:published_time\" content=\"2020-05-13T12:57:21+00:00\" \/>\n<meta property=\"article:modified_time\" content=\"2020-05-13T12:57:23+00:00\" \/>\n<meta property=\"og:image\" content=\"https:\/\/diarioprincipios.com\/wp-content\/uploads\/2020\/05\/1200px-Africa_on_the_globe_red.svg_.png\" \/>\n\t<meta property=\"og:image:width\" content=\"1200\" \/>\n\t<meta property=\"og:image:height\" content=\"1200\" \/>\n\t<meta property=\"og:image:type\" content=\"image\/png\" \/>\n<meta name=\"author\" content=\"Hern\u00e1n L\u00f3pez\" \/>\n<meta name=\"twitter:card\" content=\"summary_large_image\" \/>\n<meta name=\"twitter:label1\" content=\"Escrito por\" \/>\n\t<meta name=\"twitter:data1\" content=\"Hern\u00e1n L\u00f3pez\" \/>\n\t<meta name=\"twitter:label2\" content=\"Tiempo de lectura\" \/>\n\t<meta name=\"twitter:data2\" content=\"2 minutos\" \/>\n<script type=\"application\/ld+json\" class=\"yoast-schema-graph\">{\"@context\":\"https:\\\/\\\/schema.org\",\"@graph\":[{\"@type\":\"Article\",\"@id\":\"https:\\\/\\\/diarioprincipios.com\\\/index.php\\\/2020\\\/05\\\/13\\\/el-coronavirus-ya-esta-en-todos-los-paises-de-africa-tras-primer-caso-en-lesoto\\\/#article\",\"isPartOf\":{\"@id\":\"https:\\\/\\\/diarioprincipios.com\\\/index.php\\\/2020\\\/05\\\/13\\\/el-coronavirus-ya-esta-en-todos-los-paises-de-africa-tras-primer-caso-en-lesoto\\\/\"},\"author\":{\"name\":\"Hern\u00e1n L\u00f3pez\",\"@id\":\"https:\\\/\\\/diarioprincipios.com\\\/#\\\/schema\\\/person\\\/436d5a1fd41a5e250e23ff5a6a7cb080\"},\"headline\":\"El coronavirus ya est\u00e1 en todos los pa\u00edses de \u00c1frica tras primer caso en Lesoto\",\"datePublished\":\"2020-05-13T12:57:21+00:00\",\"dateModified\":\"2020-05-13T12:57:23+00:00\",\"mainEntityOfPage\":{\"@id\":\"https:\\\/\\\/diarioprincipios.com\\\/index.php\\\/2020\\\/05\\\/13\\\/el-coronavirus-ya-esta-en-todos-los-paises-de-africa-tras-primer-caso-en-lesoto\\\/\"},\"wordCount\":363,\"commentCount\":0,\"publisher\":{\"@id\":\"https:\\\/\\\/diarioprincipios.com\\\/#organization\"},\"image\":{\"@id\":\"https:\\\/\\\/diarioprincipios.com\\\/index.php\\\/2020\\\/05\\\/13\\\/el-coronavirus-ya-esta-en-todos-los-paises-de-africa-tras-primer-caso-en-lesoto\\\/#primaryimage\"},\"thumbnailUrl\":\"https:\\\/\\\/diarioprincipios.com\\\/wp-content\\\/uploads\\\/2020\\\/05\\\/1200px-Africa_on_the_globe_red.svg_.png\",\"articleSection\":[\"Uncategorized\"],\"inLanguage\":\"es\",\"potentialAction\":[{\"@type\":\"CommentAction\",\"name\":\"Comment\",\"target\":[\"https:\\\/\\\/diarioprincipios.com\\\/index.php\\\/2020\\\/05\\\/13\\\/el-coronavirus-ya-esta-en-todos-los-paises-de-africa-tras-primer-caso-en-lesoto\\\/#respond\"]}]},{\"@type\":\"WebPage\",\"@id\":\"https:\\\/\\\/diarioprincipios.com\\\/index.php\\\/2020\\\/05\\\/13\\\/el-coronavirus-ya-esta-en-todos-los-paises-de-africa-tras-primer-caso-en-lesoto\\\/\",\"url\":\"https:\\\/\\\/diarioprincipios.com\\\/index.php\\\/2020\\\/05\\\/13\\\/el-coronavirus-ya-esta-en-todos-los-paises-de-africa-tras-primer-caso-en-lesoto\\\/\",\"name\":\"El coronavirus ya est\u00e1 en todos los pa\u00edses de \u00c1frica tras primer caso en Lesoto - Principios\",\"isPartOf\":{\"@id\":\"https:\\\/\\\/diarioprincipios.com\\\/#website\"},\"primaryImageOfPage\":{\"@id\":\"https:\\\/\\\/diarioprincipios.com\\\/index.php\\\/2020\\\/05\\\/13\\\/el-coronavirus-ya-esta-en-todos-los-paises-de-africa-tras-primer-caso-en-lesoto\\\/#primaryimage\"},\"image\":{\"@id\":\"https:\\\/\\\/diarioprincipios.com\\\/index.php\\\/2020\\\/05\\\/13\\\/el-coronavirus-ya-esta-en-todos-los-paises-de-africa-tras-primer-caso-en-lesoto\\\/#primaryimage\"},\"thumbnailUrl\":\"https:\\\/\\\/diarioprincipios.com\\\/wp-content\\\/uploads\\\/2020\\\/05\\\/1200px-Africa_on_the_globe_red.svg_.png\",\"datePublished\":\"2020-05-13T12:57:21+00:00\",\"dateModified\":\"2020-05-13T12:57:23+00:00\",\"breadcrumb\":{\"@id\":\"https:\\\/\\\/diarioprincipios.com\\\/index.php\\\/2020\\\/05\\\/13\\\/el-coronavirus-ya-esta-en-todos-los-paises-de-africa-tras-primer-caso-en-lesoto\\\/#breadcrumb\"},\"inLanguage\":\"es\",\"potentialAction\":[{\"@type\":\"ReadAction\",\"target\":[\"https:\\\/\\\/diarioprincipios.com\\\/index.php\\\/2020\\\/05\\\/13\\\/el-coronavirus-ya-esta-en-todos-los-paises-de-africa-tras-primer-caso-en-lesoto\\\/\"]}]},{\"@type\":\"ImageObject\",\"inLanguage\":\"es\",\"@id\":\"https:\\\/\\\/diarioprincipios.com\\\/index.php\\\/2020\\\/05\\\/13\\\/el-coronavirus-ya-esta-en-todos-los-paises-de-africa-tras-primer-caso-en-lesoto\\\/#primaryimage\",\"url\":\"https:\\\/\\\/diarioprincipios.com\\\/wp-content\\\/uploads\\\/2020\\\/05\\\/1200px-Africa_on_the_globe_red.svg_.png\",\"contentUrl\":\"https:\\\/\\\/diarioprincipios.com\\\/wp-content\\\/uploads\\\/2020\\\/05\\\/1200px-Africa_on_the_globe_red.svg_.png\",\"width\":1200,\"height\":1200},{\"@type\":\"BreadcrumbList\",\"@id\":\"https:\\\/\\\/diarioprincipios.com\\\/index.php\\\/2020\\\/05\\\/13\\\/el-coronavirus-ya-esta-en-todos-los-paises-de-africa-tras-primer-caso-en-lesoto\\\/#breadcrumb\",\"itemListElement\":[{\"@type\":\"ListItem\",\"position\":1,\"name\":\"Portada\",\"item\":\"https:\\\/\\\/diarioprincipios.com\\\/\"},{\"@type\":\"ListItem\",\"position\":2,\"name\":\"El coronavirus ya est\u00e1 en todos los pa\u00edses de \u00c1frica tras primer caso en Lesoto\"}]},{\"@type\":\"WebSite\",\"@id\":\"https:\\\/\\\/diarioprincipios.com\\\/#website\",\"url\":\"https:\\\/\\\/diarioprincipios.com\\\/\",\"name\":\"Principios\",\"description\":\"Principios Diario\",\"publisher\":{\"@id\":\"https:\\\/\\\/diarioprincipios.com\\\/#organization\"},\"potentialAction\":[{\"@type\":\"SearchAction\",\"target\":{\"@type\":\"EntryPoint\",\"urlTemplate\":\"https:\\\/\\\/diarioprincipios.com\\\/?s={search_term_string}\"},\"query-input\":{\"@type\":\"PropertyValueSpecification\",\"valueRequired\":true,\"valueName\":\"search_term_string\"}}],\"inLanguage\":\"es\"},{\"@type\":\"Organization\",\"@id\":\"https:\\\/\\\/diarioprincipios.com\\\/#organization\",\"name\":\"Principios\",\"url\":\"https:\\\/\\\/diarioprincipios.com\\\/\",\"logo\":{\"@type\":\"ImageObject\",\"inLanguage\":\"es\",\"@id\":\"https:\\\/\\\/diarioprincipios.com\\\/#\\\/schema\\\/logo\\\/image\\\/\",\"url\":\"https:\\\/\\\/diarioprincipios.com\\\/wp-content\\\/uploads\\\/2024\\\/04\\\/cropped-www.diarioprincipios.com_-1.png\",\"contentUrl\":\"https:\\\/\\\/diarioprincipios.com\\\/wp-content\\\/uploads\\\/2024\\\/04\\\/cropped-www.diarioprincipios.com_-1.png\",\"width\":5325,\"height\":1454,\"caption\":\"Principios\"},\"image\":{\"@id\":\"https:\\\/\\\/diarioprincipios.com\\\/#\\\/schema\\\/logo\\\/image\\\/\"}},{\"@type\":\"Person\",\"@id\":\"https:\\\/\\\/diarioprincipios.com\\\/#\\\/schema\\\/person\\\/436d5a1fd41a5e250e23ff5a6a7cb080\",\"name\":\"Hern\u00e1n L\u00f3pez\",\"image\":{\"@type\":\"ImageObject\",\"inLanguage\":\"es\",\"@id\":\"https:\\\/\\\/diarioprincipios.com\\\/wp-content\\\/litespeed\\\/avatar\\\/11ddfe5610ff3bd100522525b2571f48.jpg?ver=1777048341\",\"url\":\"https:\\\/\\\/diarioprincipios.com\\\/wp-content\\\/litespeed\\\/avatar\\\/11ddfe5610ff3bd100522525b2571f48.jpg?ver=1777048341\",\"contentUrl\":\"https:\\\/\\\/diarioprincipios.com\\\/wp-content\\\/litespeed\\\/avatar\\\/11ddfe5610ff3bd100522525b2571f48.jpg?ver=1777048341\",\"caption\":\"Hern\u00e1n L\u00f3pez\"},\"url\":\"https:\\\/\\\/diarioprincipios.com\\\/index.php\\\/author\\\/hernan\\\/\"}]}<\/script>\n<!-- \/ Yoast SEO plugin. -->","yoast_head_json":{"title":"El coronavirus ya est\u00e1 en todos los pa\u00edses de \u00c1frica tras primer caso en Lesoto - Principios","robots":{"index":"index","follow":"follow","max-snippet":"max-snippet:-1","max-image-preview":"max-image-preview:large","max-video-preview":"max-video-preview:-1"},"canonical":"https:\/\/diarioprincipios.com\/index.php\/2020\/05\/13\/el-coronavirus-ya-esta-en-todos-los-paises-de-africa-tras-primer-caso-en-lesoto\/","og_locale":"es_ES","og_type":"article","og_title":"El coronavirus ya est\u00e1 en todos los pa\u00edses de \u00c1frica tras primer caso en Lesoto - Principios","og_description":"El gobierno de Lesoto, el \u00fanico de los 54 pa\u00edses de \u00c1frica que no ten\u00eda casos de coronavirus confirmados, anunci\u00f3 hoy su primer contagio, correspondiente a un ciudadano que hab\u00eda llegado desde el extranjero. En un comunicado, el centro de control de enfermedades del peque\u00f1o reino monta\u00f1oso enclavado dentro de Sud\u00e1frica dijo que se trata...","og_url":"https:\/\/diarioprincipios.com\/index.php\/2020\/05\/13\/el-coronavirus-ya-esta-en-todos-los-paises-de-africa-tras-primer-caso-en-lesoto\/","og_site_name":"Principios","article_published_time":"2020-05-13T12:57:21+00:00","article_modified_time":"2020-05-13T12:57:23+00:00","og_image":[{"width":1200,"height":1200,"url":"https:\/\/diarioprincipios.com\/wp-content\/uploads\/2020\/05\/1200px-Africa_on_the_globe_red.svg_.png","type":"image\/png"}],"author":"Hern\u00e1n L\u00f3pez","twitter_card":"summary_large_image","twitter_misc":{"Escrito por":"Hern\u00e1n L\u00f3pez","Tiempo de lectura":"2 minutos"},"schema":{"@context":"https:\/\/schema.org","@graph":[{"@type":"Article","@id":"https:\/\/diarioprincipios.com\/index.php\/2020\/05\/13\/el-coronavirus-ya-esta-en-todos-los-paises-de-africa-tras-primer-caso-en-lesoto\/#article","isPartOf":{"@id":"https:\/\/diarioprincipios.com\/index.php\/2020\/05\/13\/el-coronavirus-ya-esta-en-todos-los-paises-de-africa-tras-primer-caso-en-lesoto\/"},"author":{"name":"Hern\u00e1n L\u00f3pez","@id":"https:\/\/diarioprincipios.com\/#\/schema\/person\/436d5a1fd41a5e250e23ff5a6a7cb080"},"headline":"El coronavirus ya est\u00e1 en todos los pa\u00edses de \u00c1frica tras primer caso en Lesoto","datePublished":"2020-05-13T12:57:21+00:00","dateModified":"2020-05-13T12:57:23+00:00","mainEntityOfPage":{"@id":"https:\/\/diarioprincipios.com\/index.php\/2020\/05\/13\/el-coronavirus-ya-esta-en-todos-los-paises-de-africa-tras-primer-caso-en-lesoto\/"},"wordCount":363,"commentCount":0,"publisher":{"@id":"https:\/\/diarioprincipios.com\/#organization"},"image":{"@id":"https:\/\/diarioprincipios.com\/index.php\/2020\/05\/13\/el-coronavirus-ya-esta-en-todos-los-paises-de-africa-tras-primer-caso-en-lesoto\/#primaryimage"},"thumbnailUrl":"https:\/\/diarioprincipios.com\/wp-content\/uploads\/2020\/05\/1200px-Africa_on_the_globe_red.svg_.png","articleSection":["Uncategorized"],"inLanguage":"es","potentialAction":[{"@type":"CommentAction","name":"Comment","target":["https:\/\/diarioprincipios.com\/index.php\/2020\/05\/13\/el-coronavirus-ya-esta-en-todos-los-paises-de-africa-tras-primer-caso-en-lesoto\/#respond"]}]},{"@type":"WebPage","@id":"https:\/\/diarioprincipios.com\/index.php\/2020\/05\/13\/el-coronavirus-ya-esta-en-todos-los-paises-de-africa-tras-primer-caso-en-lesoto\/","url":"https:\/\/diarioprincipios.com\/index.php\/2020\/05\/13\/el-coronavirus-ya-esta-en-todos-los-paises-de-africa-tras-primer-caso-en-lesoto\/","name":"El coronavirus ya est\u00e1 en todos los pa\u00edses de \u00c1frica tras primer caso en Lesoto - Principios","isPartOf":{"@id":"https:\/\/diarioprincipios.com\/#website"},"primaryImageOfPage":{"@id":"https:\/\/diarioprincipios.com\/index.php\/2020\/05\/13\/el-coronavirus-ya-esta-en-todos-los-paises-de-africa-tras-primer-caso-en-lesoto\/#primaryimage"},"image":{"@id":"https:\/\/diarioprincipios.com\/index.php\/2020\/05\/13\/el-coronavirus-ya-esta-en-todos-los-paises-de-africa-tras-primer-caso-en-lesoto\/#primaryimage"},"thumbnailUrl":"https:\/\/diarioprincipios.com\/wp-content\/uploads\/2020\/05\/1200px-Africa_on_the_globe_red.svg_.png","datePublished":"2020-05-13T12:57:21+00:00","dateModified":"2020-05-13T12:57:23+00:00","breadcrumb":{"@id":"https:\/\/diarioprincipios.com\/index.php\/2020\/05\/13\/el-coronavirus-ya-esta-en-todos-los-paises-de-africa-tras-primer-caso-en-lesoto\/#breadcrumb"},"inLanguage":"es","potentialAction":[{"@type":"ReadAction","target":["https:\/\/diarioprincipios.com\/index.php\/2020\/05\/13\/el-coronavirus-ya-esta-en-todos-los-paises-de-africa-tras-primer-caso-en-lesoto\/"]}]},{"@type":"ImageObject","inLanguage":"es","@id":"https:\/\/diarioprincipios.com\/index.php\/2020\/05\/13\/el-coronavirus-ya-esta-en-todos-los-paises-de-africa-tras-primer-caso-en-lesoto\/#primaryimage","url":"https:\/\/diarioprincipios.com\/wp-content\/uploads\/2020\/05\/1200px-Africa_on_the_globe_red.svg_.png","contentUrl":"https:\/\/diarioprincipios.com\/wp-content\/uploads\/2020\/05\/1200px-Africa_on_the_globe_red.svg_.png","width":1200,"height":1200},{"@type":"BreadcrumbList","@id":"https:\/\/diarioprincipios.com\/index.php\/2020\/05\/13\/el-coronavirus-ya-esta-en-todos-los-paises-de-africa-tras-primer-caso-en-lesoto\/#breadcrumb","itemListElement":[{"@type":"ListItem","position":1,"name":"Portada","item":"https:\/\/diarioprincipios.com\/"},{"@type":"ListItem","position":2,"name":"El coronavirus ya est\u00e1 en todos los pa\u00edses de \u00c1frica tras primer caso en Lesoto"}]},{"@type":"WebSite","@id":"https:\/\/diarioprincipios.com\/#website","url":"https:\/\/diarioprincipios.com\/","name":"Principios","description":"Principios Diario","publisher":{"@id":"https:\/\/diarioprincipios.com\/#organization"},"potentialAction":[{"@type":"SearchAction","target":{"@type":"EntryPoint","urlTemplate":"https:\/\/diarioprincipios.com\/?s={search_term_string}"},"query-input":{"@type":"PropertyValueSpecification","valueRequired":true,"valueName":"search_term_string"}}],"inLanguage":"es"},{"@type":"Organization","@id":"https:\/\/diarioprincipios.com\/#organization","name":"Principios","url":"https:\/\/diarioprincipios.com\/","logo":{"@type":"ImageObject","inLanguage":"es","@id":"https:\/\/diarioprincipios.com\/#\/schema\/logo\/image\/","url":"https:\/\/diarioprincipios.com\/wp-content\/uploads\/2024\/04\/cropped-www.diarioprincipios.com_-1.png","contentUrl":"https:\/\/diarioprincipios.com\/wp-content\/uploads\/2024\/04\/cropped-www.diarioprincipios.com_-1.png","width":5325,"height":1454,"caption":"Principios"},"image":{"@id":"https:\/\/diarioprincipios.com\/#\/schema\/logo\/image\/"}},{"@type":"Person","@id":"https:\/\/diarioprincipios.com\/#\/schema\/person\/436d5a1fd41a5e250e23ff5a6a7cb080","name":"Hern\u00e1n L\u00f3pez","image":{"@type":"ImageObject","inLanguage":"es","@id":"https:\/\/diarioprincipios.com\/wp-content\/litespeed\/avatar\/11ddfe5610ff3bd100522525b2571f48.jpg?ver=1777048341","url":"https:\/\/diarioprincipios.com\/wp-content\/litespeed\/avatar\/11ddfe5610ff3bd100522525b2571f48.jpg?ver=1777048341","contentUrl":"https:\/\/diarioprincipios.com\/wp-content\/litespeed\/avatar\/11ddfe5610ff3bd100522525b2571f48.jpg?ver=1777048341","caption":"Hern\u00e1n L\u00f3pez"},"url":"https:\/\/diarioprincipios.com\/index.php\/author\/hernan\/"}]}},"jetpack_featured_media_url":"https:\/\/diarioprincipios.com\/wp-content\/uploads\/2020\/05\/1200px-Africa_on_the_globe_red.svg_.png","_links":{"self":[{"href":"https:\/\/diarioprincipios.com\/index.php\/wp-json\/wp\/v2\/posts\/1488","targetHints":{"allow":["GET"]}}],"collection":[{"href":"https:\/\/diarioprincipios.com\/index.php\/wp-json\/wp\/v2\/posts"}],"about":[{"href":"https:\/\/diarioprincipios.com\/index.php\/wp-json\/wp\/v2\/types\/post"}],"author":[{"embeddable":true,"href":"https:\/\/diarioprincipios.com\/index.php\/wp-json\/wp\/v2\/users\/2"}],"replies":[{"embeddable":true,"href":"https:\/\/diarioprincipios.com\/index.php\/wp-json\/wp\/v2\/comments?post=1488"}],"version-history":[{"count":1,"href":"https:\/\/diarioprincipios.com\/index.php\/wp-json\/wp\/v2\/posts\/1488\/revisions"}],"predecessor-version":[{"id":1490,"href":"https:\/\/diarioprincipios.com\/index.php\/wp-json\/wp\/v2\/posts\/1488\/revisions\/1490"}],"wp:featuredmedia":[{"embeddable":true,"href":"https:\/\/diarioprincipios.com\/index.php\/wp-json\/wp\/v2\/media\/1489"}],"wp:attachment":[{"href":"https:\/\/diarioprincipios.com\/index.php\/wp-json\/wp\/v2\/media?parent=1488"}],"wp:term":[{"taxonomy":"category","embeddable":true,"href":"https:\/\/diarioprincipios.com\/index.php\/wp-json\/wp\/v2\/categories?post=1488"},{"taxonomy":"post_tag","embeddable":true,"href":"https:\/\/diarioprincipios.com\/index.php\/wp-json\/wp\/v2\/tags?post=1488"}],"curies":[{"name":"wp","href":"https:\/\/api.w.org\/{rel}","templated":true}]}}