{"id":14864,"date":"2022-10-19T10:22:30","date_gmt":"2022-10-19T13:22:30","guid":{"rendered":"http:\/\/diarioprincipios.com\/?p=14864"},"modified":"2022-10-27T16:58:23","modified_gmt":"2022-10-27T19:58:23","slug":"kicillof-encabezo-entrega-de-escrituras-en-el-cpa-de-bernal","status":"publish","type":"post","link":"https:\/\/diarioprincipios.com\/index.php\/2022\/10\/19\/kicillof-encabezo-entrega-de-escrituras-en-el-cpa-de-bernal\/","title":{"rendered":"Kicillof encabez\u00f3 entrega de Escrituras en el CPA de Bernal"},"content":{"rendered":"\n<p>La intendenta de Quilmes, Mayra Mendoza, encabez\u00f3 junto al gobernador de la provincia de Buenos Aires, Axel Kicillof y el ministro de Justicia y Derechos Humanos bonaerense, Julio Alak, la entrega de 237 escrituras a familias del distrito, en el marco del programa \u201cMi Escritura, Mi Casa\u201d que tiene como objetivo la regularizaci\u00f3n dominial de vecinos y vecinas, cuyas escrituras fueron firmadas en el transcurso del a\u00f1o 2021 y 2022, y se desarroll\u00f3 en el Centro de Producci\u00f3n Audiovisual (CPA) Leonardo Favio, de Chacabuco 600, Bernal.<\/p>\n\n\n\n<p>\u201cHoy recibimos de parte del Gobierno de la Provincia de Buenos Aires 237 escrituras que son las que hicimos entrega para vecinos y vecinas de diferentes puntos del distrito. Este es el final de un tr\u00e1mite muy esperado por las familias de Quilmes, es un momento de mucha alegr\u00eda y ellos lo vivieron con la tranquilidad de saber que tienen su casa y son propietarios. Este acto y la posibilidad de estar ac\u00e1 es el resultado del trabajo mancomunado que hacemos desde nuestro Municipio con la Gobernaci\u00f3n de la Provincia. Cuando hay compromiso y gesti\u00f3n, esos tr\u00e1mites finalizan y tienen la escritura en sus manos. Es el reconocimiento de un derecho a partir de un Estado presente\u201d, sostuvo Mayra.<\/p>\n\n\n\n<p>En la misma l\u00ednea, la Jefa comunal resalt\u00f3: \u201cQuiero que sepan que nosotros y nosotras trabajamos incansablemente desde donde nos toca. Axel todos los d\u00edas desde la Provincia de Buenos Aires con una responsabilidad enorme, y nosotros desde ac\u00e1 desde el Municipio para garantizar derechos. Nuestros gobiernos tienen que ser reconocidos y caracterizados por el trabajo incansable para garantizar los derechos de nuestra poblaci\u00f3n. Ese es nuestro \u00fanico objetivo y es lo que nos van a ver haciendo siempre\u201d.<\/p>\n\n\n\n<p>En ese marco, Kicillof asegur\u00f3: \u201cAgradecemos a Mayra por recibirnos ac\u00e1 en Quilmes, es un gran orgullo ver todo lo que est\u00e1 haciendo por los quilme\u00f1os. Esto de producir las escrituras que hace nuestra Escriban\u00eda de Gobierno, que va a buscar junto con cada uno de los municipios a aquellos que est\u00e1n en esta situaci\u00f3n, es un tr\u00e1mite completamente gratuito, sin deudas inmobiliarias 6 con sus casas como bienes inembargables. Es un programa que viene a reconocer este derecho, ya vamos 75 mil escrituras entregadas en toda la Provincia de Buenos Aires y hoy las est\u00e1n recibiendo 237 familias de Quilmes\u201d.<\/p>\n\n\n\n<p>Por su parte, Alak asever\u00f3: \u201cEsto fue producto de una decisi\u00f3n pol\u00edtica del Gobernador de trabajar junto a los intendentes, en este caso junto a una gran intendenta como Mayra Mendoza, y de esa manera avanzar en garantizar la seguridad jur\u00eddica de los bonaerenses\u201d.<\/p>\n\n\n\n<p>En tanto que, Carlos Arga\u00f1araz, beneficiario de este programa, destac\u00f3: \u201cDespu\u00e9s de muchos a\u00f1os de esperar, esto es un sue\u00f1o cumplido. Estas son las pol\u00edticas de Estado que realmente nos enorgullecen como argentinos. Un Estado presente, donde esas pol\u00edticas llegan a m\u00ed y a toda la gente. Entre tanto discurso de odio, esto es un acto de amor y de igualdad. Agradezco a Mayra Mendoza y a Axel Kicillof, que nos enorgullecen y llenan de felicidad a tanta gente\u201d.<\/p>\n\n\n\n<figure class=\"wp-block-image size-large\"><img loading=\"lazy\" decoding=\"async\" width=\"1024\" height=\"682\" src=\"https:\/\/diarioprincipios.com\/wp-content\/uploads\/2022\/10\/MAYRA-Y-AXEL-EN-ENTREGA-DE-ESCRITURAS-1-1024x682.jpg\" alt=\"\" class=\"wp-image-14866\" srcset=\"https:\/\/diarioprincipios.com\/wp-content\/uploads\/2022\/10\/MAYRA-Y-AXEL-EN-ENTREGA-DE-ESCRITURAS-1-1024x682.jpg 1024w, https:\/\/diarioprincipios.com\/wp-content\/uploads\/2022\/10\/MAYRA-Y-AXEL-EN-ENTREGA-DE-ESCRITURAS-1-300x200.jpg 300w, https:\/\/diarioprincipios.com\/wp-content\/uploads\/2022\/10\/MAYRA-Y-AXEL-EN-ENTREGA-DE-ESCRITURAS-1-768x512.jpg 768w, https:\/\/diarioprincipios.com\/wp-content\/uploads\/2022\/10\/MAYRA-Y-AXEL-EN-ENTREGA-DE-ESCRITURAS-1.jpg 1280w\" sizes=\"auto, (max-width: 1024px) 100vw, 1024px\" \/><\/figure>\n\n\n\n<p>Esta es la segunda vez que se realiza esta entrega de t\u00edtulos a beneficiarios durante la gesti\u00f3n, siendo la primera en octubre de 2021, cuando se entregaron 249 t\u00edtulos repartidos en diferentes operatorias 124 IPVBA (viviendas sociales), 24 inmuebles fiscales (lotes fiscales vendidos a sus ocupantes por ordenanza municipal), 1 sin operatoria (inscripci\u00f3n bien de familia) y 100 de ley 10.830 (escrituraci\u00f3n social).<\/p>\n\n\n\n<p>En esta oportunidad, se otorgaron 237 escrituras de diferentes operatorias a nuestros vecinos, siendo 58 del IPVBA (viviendas sociales barrio Papelero, Lomas, Jos\u00e9 Hern\u00e1ndez, Covendiar I y II), 8 del plan Familia Propietaria (ley 11.423 programa de Provincia, barrio Esperanza Grande), 2 sin operatoria (bien de familia, Bernal Oeste), 1 del r\u00e9gimen de vivienda (Solano), 36 del programa Protierra (adjudicados y escriturados por la provincia barrios Covas, Santa Luc\u00eda, El Tala y Esperanza Grande), 10 de inmuebles fiscales (barrios Esperanza Grande,&nbsp; IAPI,&nbsp; El Tala,&nbsp; La Paz y Malvinas), y 122 de la Ley 10.830 (Santa Luc\u00eda, Ezpeleta, Bernal, Bernal Oeste, Solano, Quilmes Este, Quilmes Sur y La Ribera).<\/p>\n\n\n\n<p>Fueron parte de la actividad el jefe de Asesores del Gobernador, Carlos Bianco; el subsecretario de Pol\u00edtica Criminal bonaerense, Lisandro Pellegrini; la escribana general de Gobierno, Paula Sidoti; los secretarios locales de Desarrollo Urbano y Obra P\u00fablica, Ceci Soler; de Seguridad y Ordenamiento Urbano, Gaspar De St\u00e9fano; y de Desarrollo Econ\u00f3mico Sostenible, Mario Lozano, entre otros.<\/p>\n\n\n\n<p><strong>Mi escritura, mi casa<\/strong><\/p>\n\n\n\n<p>El Municipio de Quilmes inicia el tr\u00e1mite de escrituraci\u00f3n gratuita que contempla la ley 10.830 para acceder al t\u00edtulo de propiedad a trav\u00e9s del programa \u201cMi escritura, mi casa\u201d, que lleva adelante la Escriban\u00eda General de Gobierno, dependiente del Ministerio de Justicia y Derechos Humanos de la provincia.<\/p>\n\n\n\n<p>Mediante este programa de regularizaci\u00f3n dominial, cada vecino y vecina bonaerense obtendr\u00e1 la seguridad jur\u00eddica de su hogar y podr\u00e1 acceder a nuevos derechos como gestionar la protecci\u00f3n a la vivienda, solicitar un cr\u00e9dito hipotecario para la ampliaci\u00f3n de su casa o presentar la escritura como garant\u00eda, entre otros.<\/p>\n","protected":false},"excerpt":{"rendered":"<p>La intendenta de Quilmes, Mayra Mendoza, encabez\u00f3 junto al gobernador de la provincia de Buenos Aires, Axel Kicillof y el ministro de Justicia y Derechos Humanos bonaerense, Julio Alak, la entrega de 237 escrituras a familias del distrito, en el marco del programa \u201cMi Escritura, Mi Casa\u201d que tiene como objetivo la regularizaci\u00f3n dominial de&#8230;<\/p>\n","protected":false},"author":2,"featured_media":14865,"comment_status":"open","ping_status":"open","sticky":false,"template":"","format":"standard","meta":{"footnotes":""},"categories":[4],"tags":[],"class_list":["post-14864","post","type-post","status-publish","format-standard","has-post-thumbnail","hentry","category-quilmes"],"featured_image_src":"https:\/\/diarioprincipios.com\/wp-content\/uploads\/2022\/10\/MAYRA-Y-AXEL-EN-ENTREGA-DE-ESCRITURAS-4.jpg","blog_images":{"medium":"https:\/\/diarioprincipios.com\/wp-content\/uploads\/2022\/10\/MAYRA-Y-AXEL-EN-ENTREGA-DE-ESCRITURAS-4-300x200.jpg","large":"https:\/\/diarioprincipios.com\/wp-content\/uploads\/2022\/10\/MAYRA-Y-AXEL-EN-ENTREGA-DE-ESCRITURAS-4.jpg"},"ams_acf":[],"yoast_head":"<!-- This site is optimized with the Yoast SEO plugin v27.3 - https:\/\/yoast.com\/product\/yoast-seo-wordpress\/ -->\n<title>Kicillof encabez\u00f3 entrega de Escrituras en el CPA de Bernal - Principios<\/title>\n<meta name=\"robots\" content=\"index, follow, max-snippet:-1, max-image-preview:large, max-video-preview:-1\" \/>\n<link rel=\"canonical\" href=\"https:\/\/diarioprincipios.com\/index.php\/2022\/10\/19\/kicillof-encabezo-entrega-de-escrituras-en-el-cpa-de-bernal\/\" \/>\n<meta property=\"og:locale\" content=\"es_ES\" \/>\n<meta property=\"og:type\" content=\"article\" \/>\n<meta property=\"og:title\" content=\"Kicillof encabez\u00f3 entrega de Escrituras en el CPA de Bernal - Principios\" \/>\n<meta property=\"og:description\" content=\"La intendenta de Quilmes, Mayra Mendoza, encabez\u00f3 junto al gobernador de la provincia de Buenos Aires, Axel Kicillof y el ministro de Justicia y Derechos Humanos bonaerense, Julio Alak, la entrega de 237 escrituras a familias del distrito, en el marco del programa \u201cMi Escritura, Mi Casa\u201d que tiene como objetivo la regularizaci\u00f3n dominial de...\" \/>\n<meta property=\"og:url\" content=\"https:\/\/diarioprincipios.com\/index.php\/2022\/10\/19\/kicillof-encabezo-entrega-de-escrituras-en-el-cpa-de-bernal\/\" \/>\n<meta property=\"og:site_name\" content=\"Principios\" \/>\n<meta property=\"article:published_time\" content=\"2022-10-19T13:22:30+00:00\" \/>\n<meta property=\"article:modified_time\" content=\"2022-10-27T19:58:23+00:00\" \/>\n<meta property=\"og:image\" content=\"https:\/\/diarioprincipios.com\/wp-content\/uploads\/2022\/10\/MAYRA-Y-AXEL-EN-ENTREGA-DE-ESCRITURAS-4.jpg\" \/>\n\t<meta property=\"og:image:width\" content=\"1024\" \/>\n\t<meta property=\"og:image:height\" content=\"682\" \/>\n\t<meta property=\"og:image:type\" content=\"image\/jpeg\" \/>\n<meta name=\"author\" content=\"Hern\u00e1n L\u00f3pez\" \/>\n<meta name=\"twitter:card\" content=\"summary_large_image\" \/>\n<meta name=\"twitter:label1\" content=\"Escrito por\" \/>\n\t<meta name=\"twitter:data1\" content=\"Hern\u00e1n L\u00f3pez\" \/>\n\t<meta name=\"twitter:label2\" content=\"Tiempo de lectura\" \/>\n\t<meta name=\"twitter:data2\" content=\"5 minutos\" \/>\n<script type=\"application\/ld+json\" class=\"yoast-schema-graph\">{\"@context\":\"https:\\\/\\\/schema.org\",\"@graph\":[{\"@type\":\"Article\",\"@id\":\"https:\\\/\\\/diarioprincipios.com\\\/index.php\\\/2022\\\/10\\\/19\\\/kicillof-encabezo-entrega-de-escrituras-en-el-cpa-de-bernal\\\/#article\",\"isPartOf\":{\"@id\":\"https:\\\/\\\/diarioprincipios.com\\\/index.php\\\/2022\\\/10\\\/19\\\/kicillof-encabezo-entrega-de-escrituras-en-el-cpa-de-bernal\\\/\"},\"author\":{\"name\":\"Hern\u00e1n L\u00f3pez\",\"@id\":\"https:\\\/\\\/diarioprincipios.com\\\/#\\\/schema\\\/person\\\/436d5a1fd41a5e250e23ff5a6a7cb080\"},\"headline\":\"Kicillof encabez\u00f3 entrega de Escrituras en el CPA de Bernal\",\"datePublished\":\"2022-10-19T13:22:30+00:00\",\"dateModified\":\"2022-10-27T19:58:23+00:00\",\"mainEntityOfPage\":{\"@id\":\"https:\\\/\\\/diarioprincipios.com\\\/index.php\\\/2022\\\/10\\\/19\\\/kicillof-encabezo-entrega-de-escrituras-en-el-cpa-de-bernal\\\/\"},\"wordCount\":873,\"commentCount\":0,\"publisher\":{\"@id\":\"https:\\\/\\\/diarioprincipios.com\\\/#organization\"},\"image\":{\"@id\":\"https:\\\/\\\/diarioprincipios.com\\\/index.php\\\/2022\\\/10\\\/19\\\/kicillof-encabezo-entrega-de-escrituras-en-el-cpa-de-bernal\\\/#primaryimage\"},\"thumbnailUrl\":\"https:\\\/\\\/diarioprincipios.com\\\/wp-content\\\/uploads\\\/2022\\\/10\\\/MAYRA-Y-AXEL-EN-ENTREGA-DE-ESCRITURAS-4.jpg\",\"articleSection\":[\"Quilmes\"],\"inLanguage\":\"es\",\"potentialAction\":[{\"@type\":\"CommentAction\",\"name\":\"Comment\",\"target\":[\"https:\\\/\\\/diarioprincipios.com\\\/index.php\\\/2022\\\/10\\\/19\\\/kicillof-encabezo-entrega-de-escrituras-en-el-cpa-de-bernal\\\/#respond\"]}]},{\"@type\":\"WebPage\",\"@id\":\"https:\\\/\\\/diarioprincipios.com\\\/index.php\\\/2022\\\/10\\\/19\\\/kicillof-encabezo-entrega-de-escrituras-en-el-cpa-de-bernal\\\/\",\"url\":\"https:\\\/\\\/diarioprincipios.com\\\/index.php\\\/2022\\\/10\\\/19\\\/kicillof-encabezo-entrega-de-escrituras-en-el-cpa-de-bernal\\\/\",\"name\":\"Kicillof encabez\u00f3 entrega de Escrituras en el CPA de Bernal - Principios\",\"isPartOf\":{\"@id\":\"https:\\\/\\\/diarioprincipios.com\\\/#website\"},\"primaryImageOfPage\":{\"@id\":\"https:\\\/\\\/diarioprincipios.com\\\/index.php\\\/2022\\\/10\\\/19\\\/kicillof-encabezo-entrega-de-escrituras-en-el-cpa-de-bernal\\\/#primaryimage\"},\"image\":{\"@id\":\"https:\\\/\\\/diarioprincipios.com\\\/index.php\\\/2022\\\/10\\\/19\\\/kicillof-encabezo-entrega-de-escrituras-en-el-cpa-de-bernal\\\/#primaryimage\"},\"thumbnailUrl\":\"https:\\\/\\\/diarioprincipios.com\\\/wp-content\\\/uploads\\\/2022\\\/10\\\/MAYRA-Y-AXEL-EN-ENTREGA-DE-ESCRITURAS-4.jpg\",\"datePublished\":\"2022-10-19T13:22:30+00:00\",\"dateModified\":\"2022-10-27T19:58:23+00:00\",\"breadcrumb\":{\"@id\":\"https:\\\/\\\/diarioprincipios.com\\\/index.php\\\/2022\\\/10\\\/19\\\/kicillof-encabezo-entrega-de-escrituras-en-el-cpa-de-bernal\\\/#breadcrumb\"},\"inLanguage\":\"es\",\"potentialAction\":[{\"@type\":\"ReadAction\",\"target\":[\"https:\\\/\\\/diarioprincipios.com\\\/index.php\\\/2022\\\/10\\\/19\\\/kicillof-encabezo-entrega-de-escrituras-en-el-cpa-de-bernal\\\/\"]}]},{\"@type\":\"ImageObject\",\"inLanguage\":\"es\",\"@id\":\"https:\\\/\\\/diarioprincipios.com\\\/index.php\\\/2022\\\/10\\\/19\\\/kicillof-encabezo-entrega-de-escrituras-en-el-cpa-de-bernal\\\/#primaryimage\",\"url\":\"https:\\\/\\\/diarioprincipios.com\\\/wp-content\\\/uploads\\\/2022\\\/10\\\/MAYRA-Y-AXEL-EN-ENTREGA-DE-ESCRITURAS-4.jpg\",\"contentUrl\":\"https:\\\/\\\/diarioprincipios.com\\\/wp-content\\\/uploads\\\/2022\\\/10\\\/MAYRA-Y-AXEL-EN-ENTREGA-DE-ESCRITURAS-4.jpg\",\"width\":1024,\"height\":682},{\"@type\":\"BreadcrumbList\",\"@id\":\"https:\\\/\\\/diarioprincipios.com\\\/index.php\\\/2022\\\/10\\\/19\\\/kicillof-encabezo-entrega-de-escrituras-en-el-cpa-de-bernal\\\/#breadcrumb\",\"itemListElement\":[{\"@type\":\"ListItem\",\"position\":1,\"name\":\"Portada\",\"item\":\"https:\\\/\\\/diarioprincipios.com\\\/\"},{\"@type\":\"ListItem\",\"position\":2,\"name\":\"Kicillof encabez\u00f3 entrega de Escrituras en el CPA de Bernal\"}]},{\"@type\":\"WebSite\",\"@id\":\"https:\\\/\\\/diarioprincipios.com\\\/#website\",\"url\":\"https:\\\/\\\/diarioprincipios.com\\\/\",\"name\":\"Principios\",\"description\":\"Principios Diario\",\"publisher\":{\"@id\":\"https:\\\/\\\/diarioprincipios.com\\\/#organization\"},\"potentialAction\":[{\"@type\":\"SearchAction\",\"target\":{\"@type\":\"EntryPoint\",\"urlTemplate\":\"https:\\\/\\\/diarioprincipios.com\\\/?s={search_term_string}\"},\"query-input\":{\"@type\":\"PropertyValueSpecification\",\"valueRequired\":true,\"valueName\":\"search_term_string\"}}],\"inLanguage\":\"es\"},{\"@type\":\"Organization\",\"@id\":\"https:\\\/\\\/diarioprincipios.com\\\/#organization\",\"name\":\"Principios\",\"url\":\"https:\\\/\\\/diarioprincipios.com\\\/\",\"logo\":{\"@type\":\"ImageObject\",\"inLanguage\":\"es\",\"@id\":\"https:\\\/\\\/diarioprincipios.com\\\/#\\\/schema\\\/logo\\\/image\\\/\",\"url\":\"https:\\\/\\\/diarioprincipios.com\\\/wp-content\\\/uploads\\\/2024\\\/04\\\/cropped-www.diarioprincipios.com_-1.png\",\"contentUrl\":\"https:\\\/\\\/diarioprincipios.com\\\/wp-content\\\/uploads\\\/2024\\\/04\\\/cropped-www.diarioprincipios.com_-1.png\",\"width\":5325,\"height\":1454,\"caption\":\"Principios\"},\"image\":{\"@id\":\"https:\\\/\\\/diarioprincipios.com\\\/#\\\/schema\\\/logo\\\/image\\\/\"}},{\"@type\":\"Person\",\"@id\":\"https:\\\/\\\/diarioprincipios.com\\\/#\\\/schema\\\/person\\\/436d5a1fd41a5e250e23ff5a6a7cb080\",\"name\":\"Hern\u00e1n L\u00f3pez\",\"image\":{\"@type\":\"ImageObject\",\"inLanguage\":\"es\",\"@id\":\"https:\\\/\\\/diarioprincipios.com\\\/wp-content\\\/litespeed\\\/avatar\\\/11ddfe5610ff3bd100522525b2571f48.jpg?ver=1777048341\",\"url\":\"https:\\\/\\\/diarioprincipios.com\\\/wp-content\\\/litespeed\\\/avatar\\\/11ddfe5610ff3bd100522525b2571f48.jpg?ver=1777048341\",\"contentUrl\":\"https:\\\/\\\/diarioprincipios.com\\\/wp-content\\\/litespeed\\\/avatar\\\/11ddfe5610ff3bd100522525b2571f48.jpg?ver=1777048341\",\"caption\":\"Hern\u00e1n L\u00f3pez\"},\"url\":\"https:\\\/\\\/diarioprincipios.com\\\/index.php\\\/author\\\/hernan\\\/\"}]}<\/script>\n<!-- \/ Yoast SEO plugin. -->","yoast_head_json":{"title":"Kicillof encabez\u00f3 entrega de Escrituras en el CPA de Bernal - Principios","robots":{"index":"index","follow":"follow","max-snippet":"max-snippet:-1","max-image-preview":"max-image-preview:large","max-video-preview":"max-video-preview:-1"},"canonical":"https:\/\/diarioprincipios.com\/index.php\/2022\/10\/19\/kicillof-encabezo-entrega-de-escrituras-en-el-cpa-de-bernal\/","og_locale":"es_ES","og_type":"article","og_title":"Kicillof encabez\u00f3 entrega de Escrituras en el CPA de Bernal - Principios","og_description":"La intendenta de Quilmes, Mayra Mendoza, encabez\u00f3 junto al gobernador de la provincia de Buenos Aires, Axel Kicillof y el ministro de Justicia y Derechos Humanos bonaerense, Julio Alak, la entrega de 237 escrituras a familias del distrito, en el marco del programa \u201cMi Escritura, Mi Casa\u201d que tiene como objetivo la regularizaci\u00f3n dominial de...","og_url":"https:\/\/diarioprincipios.com\/index.php\/2022\/10\/19\/kicillof-encabezo-entrega-de-escrituras-en-el-cpa-de-bernal\/","og_site_name":"Principios","article_published_time":"2022-10-19T13:22:30+00:00","article_modified_time":"2022-10-27T19:58:23+00:00","og_image":[{"width":1024,"height":682,"url":"https:\/\/diarioprincipios.com\/wp-content\/uploads\/2022\/10\/MAYRA-Y-AXEL-EN-ENTREGA-DE-ESCRITURAS-4.jpg","type":"image\/jpeg"}],"author":"Hern\u00e1n L\u00f3pez","twitter_card":"summary_large_image","twitter_misc":{"Escrito por":"Hern\u00e1n L\u00f3pez","Tiempo de lectura":"5 minutos"},"schema":{"@context":"https:\/\/schema.org","@graph":[{"@type":"Article","@id":"https:\/\/diarioprincipios.com\/index.php\/2022\/10\/19\/kicillof-encabezo-entrega-de-escrituras-en-el-cpa-de-bernal\/#article","isPartOf":{"@id":"https:\/\/diarioprincipios.com\/index.php\/2022\/10\/19\/kicillof-encabezo-entrega-de-escrituras-en-el-cpa-de-bernal\/"},"author":{"name":"Hern\u00e1n L\u00f3pez","@id":"https:\/\/diarioprincipios.com\/#\/schema\/person\/436d5a1fd41a5e250e23ff5a6a7cb080"},"headline":"Kicillof encabez\u00f3 entrega de Escrituras en el CPA de Bernal","datePublished":"2022-10-19T13:22:30+00:00","dateModified":"2022-10-27T19:58:23+00:00","mainEntityOfPage":{"@id":"https:\/\/diarioprincipios.com\/index.php\/2022\/10\/19\/kicillof-encabezo-entrega-de-escrituras-en-el-cpa-de-bernal\/"},"wordCount":873,"commentCount":0,"publisher":{"@id":"https:\/\/diarioprincipios.com\/#organization"},"image":{"@id":"https:\/\/diarioprincipios.com\/index.php\/2022\/10\/19\/kicillof-encabezo-entrega-de-escrituras-en-el-cpa-de-bernal\/#primaryimage"},"thumbnailUrl":"https:\/\/diarioprincipios.com\/wp-content\/uploads\/2022\/10\/MAYRA-Y-AXEL-EN-ENTREGA-DE-ESCRITURAS-4.jpg","articleSection":["Quilmes"],"inLanguage":"es","potentialAction":[{"@type":"CommentAction","name":"Comment","target":["https:\/\/diarioprincipios.com\/index.php\/2022\/10\/19\/kicillof-encabezo-entrega-de-escrituras-en-el-cpa-de-bernal\/#respond"]}]},{"@type":"WebPage","@id":"https:\/\/diarioprincipios.com\/index.php\/2022\/10\/19\/kicillof-encabezo-entrega-de-escrituras-en-el-cpa-de-bernal\/","url":"https:\/\/diarioprincipios.com\/index.php\/2022\/10\/19\/kicillof-encabezo-entrega-de-escrituras-en-el-cpa-de-bernal\/","name":"Kicillof encabez\u00f3 entrega de Escrituras en el CPA de Bernal - Principios","isPartOf":{"@id":"https:\/\/diarioprincipios.com\/#website"},"primaryImageOfPage":{"@id":"https:\/\/diarioprincipios.com\/index.php\/2022\/10\/19\/kicillof-encabezo-entrega-de-escrituras-en-el-cpa-de-bernal\/#primaryimage"},"image":{"@id":"https:\/\/diarioprincipios.com\/index.php\/2022\/10\/19\/kicillof-encabezo-entrega-de-escrituras-en-el-cpa-de-bernal\/#primaryimage"},"thumbnailUrl":"https:\/\/diarioprincipios.com\/wp-content\/uploads\/2022\/10\/MAYRA-Y-AXEL-EN-ENTREGA-DE-ESCRITURAS-4.jpg","datePublished":"2022-10-19T13:22:30+00:00","dateModified":"2022-10-27T19:58:23+00:00","breadcrumb":{"@id":"https:\/\/diarioprincipios.com\/index.php\/2022\/10\/19\/kicillof-encabezo-entrega-de-escrituras-en-el-cpa-de-bernal\/#breadcrumb"},"inLanguage":"es","potentialAction":[{"@type":"ReadAction","target":["https:\/\/diarioprincipios.com\/index.php\/2022\/10\/19\/kicillof-encabezo-entrega-de-escrituras-en-el-cpa-de-bernal\/"]}]},{"@type":"ImageObject","inLanguage":"es","@id":"https:\/\/diarioprincipios.com\/index.php\/2022\/10\/19\/kicillof-encabezo-entrega-de-escrituras-en-el-cpa-de-bernal\/#primaryimage","url":"https:\/\/diarioprincipios.com\/wp-content\/uploads\/2022\/10\/MAYRA-Y-AXEL-EN-ENTREGA-DE-ESCRITURAS-4.jpg","contentUrl":"https:\/\/diarioprincipios.com\/wp-content\/uploads\/2022\/10\/MAYRA-Y-AXEL-EN-ENTREGA-DE-ESCRITURAS-4.jpg","width":1024,"height":682},{"@type":"BreadcrumbList","@id":"https:\/\/diarioprincipios.com\/index.php\/2022\/10\/19\/kicillof-encabezo-entrega-de-escrituras-en-el-cpa-de-bernal\/#breadcrumb","itemListElement":[{"@type":"ListItem","position":1,"name":"Portada","item":"https:\/\/diarioprincipios.com\/"},{"@type":"ListItem","position":2,"name":"Kicillof encabez\u00f3 entrega de Escrituras en el CPA de Bernal"}]},{"@type":"WebSite","@id":"https:\/\/diarioprincipios.com\/#website","url":"https:\/\/diarioprincipios.com\/","name":"Principios","description":"Principios Diario","publisher":{"@id":"https:\/\/diarioprincipios.com\/#organization"},"potentialAction":[{"@type":"SearchAction","target":{"@type":"EntryPoint","urlTemplate":"https:\/\/diarioprincipios.com\/?s={search_term_string}"},"query-input":{"@type":"PropertyValueSpecification","valueRequired":true,"valueName":"search_term_string"}}],"inLanguage":"es"},{"@type":"Organization","@id":"https:\/\/diarioprincipios.com\/#organization","name":"Principios","url":"https:\/\/diarioprincipios.com\/","logo":{"@type":"ImageObject","inLanguage":"es","@id":"https:\/\/diarioprincipios.com\/#\/schema\/logo\/image\/","url":"https:\/\/diarioprincipios.com\/wp-content\/uploads\/2024\/04\/cropped-www.diarioprincipios.com_-1.png","contentUrl":"https:\/\/diarioprincipios.com\/wp-content\/uploads\/2024\/04\/cropped-www.diarioprincipios.com_-1.png","width":5325,"height":1454,"caption":"Principios"},"image":{"@id":"https:\/\/diarioprincipios.com\/#\/schema\/logo\/image\/"}},{"@type":"Person","@id":"https:\/\/diarioprincipios.com\/#\/schema\/person\/436d5a1fd41a5e250e23ff5a6a7cb080","name":"Hern\u00e1n L\u00f3pez","image":{"@type":"ImageObject","inLanguage":"es","@id":"https:\/\/diarioprincipios.com\/wp-content\/litespeed\/avatar\/11ddfe5610ff3bd100522525b2571f48.jpg?ver=1777048341","url":"https:\/\/diarioprincipios.com\/wp-content\/litespeed\/avatar\/11ddfe5610ff3bd100522525b2571f48.jpg?ver=1777048341","contentUrl":"https:\/\/diarioprincipios.com\/wp-content\/litespeed\/avatar\/11ddfe5610ff3bd100522525b2571f48.jpg?ver=1777048341","caption":"Hern\u00e1n L\u00f3pez"},"url":"https:\/\/diarioprincipios.com\/index.php\/author\/hernan\/"}]}},"jetpack_featured_media_url":"https:\/\/diarioprincipios.com\/wp-content\/uploads\/2022\/10\/MAYRA-Y-AXEL-EN-ENTREGA-DE-ESCRITURAS-4.jpg","_links":{"self":[{"href":"https:\/\/diarioprincipios.com\/index.php\/wp-json\/wp\/v2\/posts\/14864","targetHints":{"allow":["GET"]}}],"collection":[{"href":"https:\/\/diarioprincipios.com\/index.php\/wp-json\/wp\/v2\/posts"}],"about":[{"href":"https:\/\/diarioprincipios.com\/index.php\/wp-json\/wp\/v2\/types\/post"}],"author":[{"embeddable":true,"href":"https:\/\/diarioprincipios.com\/index.php\/wp-json\/wp\/v2\/users\/2"}],"replies":[{"embeddable":true,"href":"https:\/\/diarioprincipios.com\/index.php\/wp-json\/wp\/v2\/comments?post=14864"}],"version-history":[{"count":1,"href":"https:\/\/diarioprincipios.com\/index.php\/wp-json\/wp\/v2\/posts\/14864\/revisions"}],"predecessor-version":[{"id":14867,"href":"https:\/\/diarioprincipios.com\/index.php\/wp-json\/wp\/v2\/posts\/14864\/revisions\/14867"}],"wp:featuredmedia":[{"embeddable":true,"href":"https:\/\/diarioprincipios.com\/index.php\/wp-json\/wp\/v2\/media\/14865"}],"wp:attachment":[{"href":"https:\/\/diarioprincipios.com\/index.php\/wp-json\/wp\/v2\/media?parent=14864"}],"wp:term":[{"taxonomy":"category","embeddable":true,"href":"https:\/\/diarioprincipios.com\/index.php\/wp-json\/wp\/v2\/categories?post=14864"},{"taxonomy":"post_tag","embeddable":true,"href":"https:\/\/diarioprincipios.com\/index.php\/wp-json\/wp\/v2\/tags?post=14864"}],"curies":[{"name":"wp","href":"https:\/\/api.w.org\/{rel}","templated":true}]}}