{"id":14860,"date":"2022-10-17T13:22:52","date_gmt":"2022-10-17T16:22:52","guid":{"rendered":"http:\/\/diarioprincipios.com\/?p=14860"},"modified":"2022-10-27T16:58:23","modified_gmt":"2022-10-27T19:58:23","slug":"con-la-presencia-de-kicillof-se-inauguraron-obras-en-el-centro-cultural-la-calle","status":"publish","type":"post","link":"https:\/\/diarioprincipios.com\/index.php\/2022\/10\/17\/con-la-presencia-de-kicillof-se-inauguraron-obras-en-el-centro-cultural-la-calle\/","title":{"rendered":"Con la presencia de Kicillof se inauguraron obras en el Centro Cultural La Calle"},"content":{"rendered":"\n<p><strong>Se inauguraron obras en el Complejo Cultural Municipal La Calle, situado en 148 y 18 A, con la presencia del gobernador de la provincia de Buenos Aires, Axel Kicillof; el intendente de Berazategui, Juan Jos\u00e9 Mussi; y el secretario de Cultura y Educaci\u00f3n local, Federico L\u00f3pez. Los trabajos se realizaron con fondos nacionales, provinciales y municipales.<\/strong><\/p>\n\n\n\n<p>Durante la inauguraci\u00f3n, la Orquesta Infantojuvenil de Hudson -compuesta por 38 estudiantes- interpret\u00f3 el Himno Nacional Argentino y una versi\u00f3n instrumental de la canci\u00f3n We Will Rock You del grupo de rock brit\u00e1nico Queen, acompa\u00f1ados por tres bailarines del taller de ritmos urbanos que brinda la Secretar\u00eda de Cultura y Educaci\u00f3n.<\/p>\n\n\n\n<p>Al respecto, Kicillof manifest\u00f3: \u201cEsto forma parte del trabajo en conjunto que hacemos con el Municipio, cuyo resultado se encuentra a la vista\u201d. Y agreg\u00f3: \u201cMe llena de orgullo presenciar estas expresiones de la cultura popular, como la Orquesta o los chicos que bailaron. Es un nuevo avance para Berazategui. La provincia de Buenos Aires necesita intendentes como el Dr. Mussi, con su capacidad de gesti\u00f3n para aplicar territorialmente todas las pol\u00edticas que impulsamos\u201d.<\/p>\n\n\n\n<figure class=\"wp-block-image size-large\"><img loading=\"lazy\" decoding=\"async\" width=\"1024\" height=\"682\" src=\"https:\/\/diarioprincipios.com\/wp-content\/uploads\/2022\/10\/KICILLOF-Y-MUSSI-INAUGURARON-OBRAS-EN-EL-COMPLEJO-CULTURAL-MUNICIPAL-LA-CALLE1-1024x682.jpg\" alt=\"\" class=\"wp-image-14861\" srcset=\"https:\/\/diarioprincipios.com\/wp-content\/uploads\/2022\/10\/KICILLOF-Y-MUSSI-INAUGURARON-OBRAS-EN-EL-COMPLEJO-CULTURAL-MUNICIPAL-LA-CALLE1-1024x682.jpg 1024w, https:\/\/diarioprincipios.com\/wp-content\/uploads\/2022\/10\/KICILLOF-Y-MUSSI-INAUGURARON-OBRAS-EN-EL-COMPLEJO-CULTURAL-MUNICIPAL-LA-CALLE1-300x200.jpg 300w, https:\/\/diarioprincipios.com\/wp-content\/uploads\/2022\/10\/KICILLOF-Y-MUSSI-INAUGURARON-OBRAS-EN-EL-COMPLEJO-CULTURAL-MUNICIPAL-LA-CALLE1-768x512.jpg 768w, https:\/\/diarioprincipios.com\/wp-content\/uploads\/2022\/10\/KICILLOF-Y-MUSSI-INAUGURARON-OBRAS-EN-EL-COMPLEJO-CULTURAL-MUNICIPAL-LA-CALLE1.jpg 1280w\" sizes=\"auto, (max-width: 1024px) 100vw, 1024px\" \/><\/figure>\n\n\n\n<p>Por su parte, Mussi expres\u00f3 que \u201cestas mejoras dignifican este espacio cultural y estamos convencidos de que donde hay cultura y educaci\u00f3n, las otras cosas se pueden solucionar. Agradezco el incondicional acompa\u00f1amiento tanto del Gobierno provincial como nacional\u201d.<\/p>\n\n\n\n<p>Las obras del interior del Complejo La Calle consistieron en la instalaci\u00f3n de tableros el\u00e9ctricos para el control de la iluminaci\u00f3n y los nuevos equipos de climatizaci\u00f3n fr\u00edo\/calor, colocaci\u00f3n de paneles ac\u00fasticos, renovaci\u00f3n e instalaci\u00f3n de ventanales y la construcci\u00f3n del nuevo pilar el\u00e9ctrico. En tanto, en el exterior se realiz\u00f3 el desmonte del terreno vegetal y carpeta asf\u00e1ltica, ejecuci\u00f3n de cordones, rampas y bases para luminarias nuevas, adem\u00e1s de la adaptaci\u00f3n de c\u00e1maras y desag\u00fces pluviales.<\/p>\n\n\n\n<p>El Complejo Cultural Municipal La Calle funciona desde 2021 y forma parte del proyecto integral Estaciones, orientado a la generaci\u00f3n de espacios participativos para la comunidad en la cercan\u00eda de Estaciones ferroviarias. Dentro de su agenda semanal se desarrollan distintas propuestas din\u00e1micas, presentaciones art\u00edsticas y recreativas, adem\u00e1s de talleres para j\u00f3venes y clases de alfabetizaci\u00f3n.<\/p>\n","protected":false},"excerpt":{"rendered":"<p>Se inauguraron obras en el Complejo Cultural Municipal La Calle, situado en 148 y 18 A, con la presencia del gobernador de la provincia de Buenos Aires, Axel Kicillof; el intendente de Berazategui, Juan Jos\u00e9 Mussi; y el secretario de Cultura y Educaci\u00f3n local, Federico L\u00f3pez. Los trabajos se realizaron con fondos nacionales, provinciales y&#8230;<\/p>\n","protected":false},"author":2,"featured_media":14862,"comment_status":"open","ping_status":"open","sticky":false,"template":"","format":"standard","meta":{"footnotes":""},"categories":[3],"tags":[],"class_list":["post-14860","post","type-post","status-publish","format-standard","has-post-thumbnail","hentry","category-berazategui"],"featured_image_src":"https:\/\/diarioprincipios.com\/wp-content\/uploads\/2022\/10\/KICILLOF-Y-MUSSI-INAUGURARON-OBRAS-EN-EL-COMPLEJO-CULTURAL-MUNICIPAL-LA-CALLE-1024x682.jpg","blog_images":{"medium":"https:\/\/diarioprincipios.com\/wp-content\/uploads\/2022\/10\/KICILLOF-Y-MUSSI-INAUGURARON-OBRAS-EN-EL-COMPLEJO-CULTURAL-MUNICIPAL-LA-CALLE-300x200.jpg","large":"https:\/\/diarioprincipios.com\/wp-content\/uploads\/2022\/10\/KICILLOF-Y-MUSSI-INAUGURARON-OBRAS-EN-EL-COMPLEJO-CULTURAL-MUNICIPAL-LA-CALLE-1024x682.jpg"},"ams_acf":[],"yoast_head":"<!-- This site is optimized with the Yoast SEO plugin v27.3 - https:\/\/yoast.com\/product\/yoast-seo-wordpress\/ -->\n<title>Con la presencia de Kicillof se inauguraron obras en el Centro Cultural La Calle - Principios<\/title>\n<meta name=\"robots\" content=\"index, follow, max-snippet:-1, max-image-preview:large, max-video-preview:-1\" \/>\n<link rel=\"canonical\" href=\"https:\/\/diarioprincipios.com\/index.php\/2022\/10\/17\/con-la-presencia-de-kicillof-se-inauguraron-obras-en-el-centro-cultural-la-calle\/\" \/>\n<meta property=\"og:locale\" content=\"es_ES\" \/>\n<meta property=\"og:type\" content=\"article\" \/>\n<meta property=\"og:title\" content=\"Con la presencia de Kicillof se inauguraron obras en el Centro Cultural La Calle - Principios\" \/>\n<meta property=\"og:description\" content=\"Se inauguraron obras en el Complejo Cultural Municipal La Calle, situado en 148 y 18 A, con la presencia del gobernador de la provincia de Buenos Aires, Axel Kicillof; el intendente de Berazategui, Juan Jos\u00e9 Mussi; y el secretario de Cultura y Educaci\u00f3n local, Federico L\u00f3pez. Los trabajos se realizaron con fondos nacionales, provinciales y...\" \/>\n<meta property=\"og:url\" content=\"https:\/\/diarioprincipios.com\/index.php\/2022\/10\/17\/con-la-presencia-de-kicillof-se-inauguraron-obras-en-el-centro-cultural-la-calle\/\" \/>\n<meta property=\"og:site_name\" content=\"Principios\" \/>\n<meta property=\"article:published_time\" content=\"2022-10-17T16:22:52+00:00\" \/>\n<meta property=\"article:modified_time\" content=\"2022-10-27T19:58:23+00:00\" \/>\n<meta property=\"og:image\" content=\"https:\/\/diarioprincipios.com\/wp-content\/uploads\/2022\/10\/KICILLOF-Y-MUSSI-INAUGURARON-OBRAS-EN-EL-COMPLEJO-CULTURAL-MUNICIPAL-LA-CALLE.jpg\" \/>\n\t<meta property=\"og:image:width\" content=\"1280\" \/>\n\t<meta property=\"og:image:height\" content=\"853\" \/>\n\t<meta property=\"og:image:type\" content=\"image\/jpeg\" \/>\n<meta name=\"author\" content=\"Hern\u00e1n L\u00f3pez\" \/>\n<meta name=\"twitter:card\" content=\"summary_large_image\" \/>\n<meta name=\"twitter:label1\" content=\"Escrito por\" \/>\n\t<meta name=\"twitter:data1\" content=\"Hern\u00e1n L\u00f3pez\" \/>\n\t<meta name=\"twitter:label2\" content=\"Tiempo de lectura\" \/>\n\t<meta name=\"twitter:data2\" content=\"2 minutos\" \/>\n<script type=\"application\/ld+json\" class=\"yoast-schema-graph\">{\"@context\":\"https:\\\/\\\/schema.org\",\"@graph\":[{\"@type\":\"Article\",\"@id\":\"https:\\\/\\\/diarioprincipios.com\\\/index.php\\\/2022\\\/10\\\/17\\\/con-la-presencia-de-kicillof-se-inauguraron-obras-en-el-centro-cultural-la-calle\\\/#article\",\"isPartOf\":{\"@id\":\"https:\\\/\\\/diarioprincipios.com\\\/index.php\\\/2022\\\/10\\\/17\\\/con-la-presencia-de-kicillof-se-inauguraron-obras-en-el-centro-cultural-la-calle\\\/\"},\"author\":{\"name\":\"Hern\u00e1n L\u00f3pez\",\"@id\":\"https:\\\/\\\/diarioprincipios.com\\\/#\\\/schema\\\/person\\\/436d5a1fd41a5e250e23ff5a6a7cb080\"},\"headline\":\"Con la presencia de Kicillof se inauguraron obras en el Centro Cultural La Calle\",\"datePublished\":\"2022-10-17T16:22:52+00:00\",\"dateModified\":\"2022-10-27T19:58:23+00:00\",\"mainEntityOfPage\":{\"@id\":\"https:\\\/\\\/diarioprincipios.com\\\/index.php\\\/2022\\\/10\\\/17\\\/con-la-presencia-de-kicillof-se-inauguraron-obras-en-el-centro-cultural-la-calle\\\/\"},\"wordCount\":399,\"commentCount\":0,\"publisher\":{\"@id\":\"https:\\\/\\\/diarioprincipios.com\\\/#organization\"},\"image\":{\"@id\":\"https:\\\/\\\/diarioprincipios.com\\\/index.php\\\/2022\\\/10\\\/17\\\/con-la-presencia-de-kicillof-se-inauguraron-obras-en-el-centro-cultural-la-calle\\\/#primaryimage\"},\"thumbnailUrl\":\"https:\\\/\\\/diarioprincipios.com\\\/wp-content\\\/uploads\\\/2022\\\/10\\\/KICILLOF-Y-MUSSI-INAUGURARON-OBRAS-EN-EL-COMPLEJO-CULTURAL-MUNICIPAL-LA-CALLE.jpg\",\"articleSection\":[\"Berazategui\"],\"inLanguage\":\"es\",\"potentialAction\":[{\"@type\":\"CommentAction\",\"name\":\"Comment\",\"target\":[\"https:\\\/\\\/diarioprincipios.com\\\/index.php\\\/2022\\\/10\\\/17\\\/con-la-presencia-de-kicillof-se-inauguraron-obras-en-el-centro-cultural-la-calle\\\/#respond\"]}]},{\"@type\":\"WebPage\",\"@id\":\"https:\\\/\\\/diarioprincipios.com\\\/index.php\\\/2022\\\/10\\\/17\\\/con-la-presencia-de-kicillof-se-inauguraron-obras-en-el-centro-cultural-la-calle\\\/\",\"url\":\"https:\\\/\\\/diarioprincipios.com\\\/index.php\\\/2022\\\/10\\\/17\\\/con-la-presencia-de-kicillof-se-inauguraron-obras-en-el-centro-cultural-la-calle\\\/\",\"name\":\"Con la presencia de Kicillof se inauguraron obras en el Centro Cultural La Calle - Principios\",\"isPartOf\":{\"@id\":\"https:\\\/\\\/diarioprincipios.com\\\/#website\"},\"primaryImageOfPage\":{\"@id\":\"https:\\\/\\\/diarioprincipios.com\\\/index.php\\\/2022\\\/10\\\/17\\\/con-la-presencia-de-kicillof-se-inauguraron-obras-en-el-centro-cultural-la-calle\\\/#primaryimage\"},\"image\":{\"@id\":\"https:\\\/\\\/diarioprincipios.com\\\/index.php\\\/2022\\\/10\\\/17\\\/con-la-presencia-de-kicillof-se-inauguraron-obras-en-el-centro-cultural-la-calle\\\/#primaryimage\"},\"thumbnailUrl\":\"https:\\\/\\\/diarioprincipios.com\\\/wp-content\\\/uploads\\\/2022\\\/10\\\/KICILLOF-Y-MUSSI-INAUGURARON-OBRAS-EN-EL-COMPLEJO-CULTURAL-MUNICIPAL-LA-CALLE.jpg\",\"datePublished\":\"2022-10-17T16:22:52+00:00\",\"dateModified\":\"2022-10-27T19:58:23+00:00\",\"breadcrumb\":{\"@id\":\"https:\\\/\\\/diarioprincipios.com\\\/index.php\\\/2022\\\/10\\\/17\\\/con-la-presencia-de-kicillof-se-inauguraron-obras-en-el-centro-cultural-la-calle\\\/#breadcrumb\"},\"inLanguage\":\"es\",\"potentialAction\":[{\"@type\":\"ReadAction\",\"target\":[\"https:\\\/\\\/diarioprincipios.com\\\/index.php\\\/2022\\\/10\\\/17\\\/con-la-presencia-de-kicillof-se-inauguraron-obras-en-el-centro-cultural-la-calle\\\/\"]}]},{\"@type\":\"ImageObject\",\"inLanguage\":\"es\",\"@id\":\"https:\\\/\\\/diarioprincipios.com\\\/index.php\\\/2022\\\/10\\\/17\\\/con-la-presencia-de-kicillof-se-inauguraron-obras-en-el-centro-cultural-la-calle\\\/#primaryimage\",\"url\":\"https:\\\/\\\/diarioprincipios.com\\\/wp-content\\\/uploads\\\/2022\\\/10\\\/KICILLOF-Y-MUSSI-INAUGURARON-OBRAS-EN-EL-COMPLEJO-CULTURAL-MUNICIPAL-LA-CALLE.jpg\",\"contentUrl\":\"https:\\\/\\\/diarioprincipios.com\\\/wp-content\\\/uploads\\\/2022\\\/10\\\/KICILLOF-Y-MUSSI-INAUGURARON-OBRAS-EN-EL-COMPLEJO-CULTURAL-MUNICIPAL-LA-CALLE.jpg\",\"width\":1280,\"height\":853},{\"@type\":\"BreadcrumbList\",\"@id\":\"https:\\\/\\\/diarioprincipios.com\\\/index.php\\\/2022\\\/10\\\/17\\\/con-la-presencia-de-kicillof-se-inauguraron-obras-en-el-centro-cultural-la-calle\\\/#breadcrumb\",\"itemListElement\":[{\"@type\":\"ListItem\",\"position\":1,\"name\":\"Portada\",\"item\":\"https:\\\/\\\/diarioprincipios.com\\\/\"},{\"@type\":\"ListItem\",\"position\":2,\"name\":\"Con la presencia de Kicillof se inauguraron obras en el Centro Cultural La Calle\"}]},{\"@type\":\"WebSite\",\"@id\":\"https:\\\/\\\/diarioprincipios.com\\\/#website\",\"url\":\"https:\\\/\\\/diarioprincipios.com\\\/\",\"name\":\"Principios\",\"description\":\"Principios Diario\",\"publisher\":{\"@id\":\"https:\\\/\\\/diarioprincipios.com\\\/#organization\"},\"potentialAction\":[{\"@type\":\"SearchAction\",\"target\":{\"@type\":\"EntryPoint\",\"urlTemplate\":\"https:\\\/\\\/diarioprincipios.com\\\/?s={search_term_string}\"},\"query-input\":{\"@type\":\"PropertyValueSpecification\",\"valueRequired\":true,\"valueName\":\"search_term_string\"}}],\"inLanguage\":\"es\"},{\"@type\":\"Organization\",\"@id\":\"https:\\\/\\\/diarioprincipios.com\\\/#organization\",\"name\":\"Principios\",\"url\":\"https:\\\/\\\/diarioprincipios.com\\\/\",\"logo\":{\"@type\":\"ImageObject\",\"inLanguage\":\"es\",\"@id\":\"https:\\\/\\\/diarioprincipios.com\\\/#\\\/schema\\\/logo\\\/image\\\/\",\"url\":\"https:\\\/\\\/diarioprincipios.com\\\/wp-content\\\/uploads\\\/2024\\\/04\\\/cropped-www.diarioprincipios.com_-1.png\",\"contentUrl\":\"https:\\\/\\\/diarioprincipios.com\\\/wp-content\\\/uploads\\\/2024\\\/04\\\/cropped-www.diarioprincipios.com_-1.png\",\"width\":5325,\"height\":1454,\"caption\":\"Principios\"},\"image\":{\"@id\":\"https:\\\/\\\/diarioprincipios.com\\\/#\\\/schema\\\/logo\\\/image\\\/\"}},{\"@type\":\"Person\",\"@id\":\"https:\\\/\\\/diarioprincipios.com\\\/#\\\/schema\\\/person\\\/436d5a1fd41a5e250e23ff5a6a7cb080\",\"name\":\"Hern\u00e1n L\u00f3pez\",\"image\":{\"@type\":\"ImageObject\",\"inLanguage\":\"es\",\"@id\":\"https:\\\/\\\/diarioprincipios.com\\\/wp-content\\\/litespeed\\\/avatar\\\/11ddfe5610ff3bd100522525b2571f48.jpg?ver=1777048341\",\"url\":\"https:\\\/\\\/diarioprincipios.com\\\/wp-content\\\/litespeed\\\/avatar\\\/11ddfe5610ff3bd100522525b2571f48.jpg?ver=1777048341\",\"contentUrl\":\"https:\\\/\\\/diarioprincipios.com\\\/wp-content\\\/litespeed\\\/avatar\\\/11ddfe5610ff3bd100522525b2571f48.jpg?ver=1777048341\",\"caption\":\"Hern\u00e1n L\u00f3pez\"},\"url\":\"https:\\\/\\\/diarioprincipios.com\\\/index.php\\\/author\\\/hernan\\\/\"}]}<\/script>\n<!-- \/ Yoast SEO plugin. -->","yoast_head_json":{"title":"Con la presencia de Kicillof se inauguraron obras en el Centro Cultural La Calle - Principios","robots":{"index":"index","follow":"follow","max-snippet":"max-snippet:-1","max-image-preview":"max-image-preview:large","max-video-preview":"max-video-preview:-1"},"canonical":"https:\/\/diarioprincipios.com\/index.php\/2022\/10\/17\/con-la-presencia-de-kicillof-se-inauguraron-obras-en-el-centro-cultural-la-calle\/","og_locale":"es_ES","og_type":"article","og_title":"Con la presencia de Kicillof se inauguraron obras en el Centro Cultural La Calle - Principios","og_description":"Se inauguraron obras en el Complejo Cultural Municipal La Calle, situado en 148 y 18 A, con la presencia del gobernador de la provincia de Buenos Aires, Axel Kicillof; el intendente de Berazategui, Juan Jos\u00e9 Mussi; y el secretario de Cultura y Educaci\u00f3n local, Federico L\u00f3pez. Los trabajos se realizaron con fondos nacionales, provinciales y...","og_url":"https:\/\/diarioprincipios.com\/index.php\/2022\/10\/17\/con-la-presencia-de-kicillof-se-inauguraron-obras-en-el-centro-cultural-la-calle\/","og_site_name":"Principios","article_published_time":"2022-10-17T16:22:52+00:00","article_modified_time":"2022-10-27T19:58:23+00:00","og_image":[{"width":1280,"height":853,"url":"https:\/\/diarioprincipios.com\/wp-content\/uploads\/2022\/10\/KICILLOF-Y-MUSSI-INAUGURARON-OBRAS-EN-EL-COMPLEJO-CULTURAL-MUNICIPAL-LA-CALLE.jpg","type":"image\/jpeg"}],"author":"Hern\u00e1n L\u00f3pez","twitter_card":"summary_large_image","twitter_misc":{"Escrito por":"Hern\u00e1n L\u00f3pez","Tiempo de lectura":"2 minutos"},"schema":{"@context":"https:\/\/schema.org","@graph":[{"@type":"Article","@id":"https:\/\/diarioprincipios.com\/index.php\/2022\/10\/17\/con-la-presencia-de-kicillof-se-inauguraron-obras-en-el-centro-cultural-la-calle\/#article","isPartOf":{"@id":"https:\/\/diarioprincipios.com\/index.php\/2022\/10\/17\/con-la-presencia-de-kicillof-se-inauguraron-obras-en-el-centro-cultural-la-calle\/"},"author":{"name":"Hern\u00e1n L\u00f3pez","@id":"https:\/\/diarioprincipios.com\/#\/schema\/person\/436d5a1fd41a5e250e23ff5a6a7cb080"},"headline":"Con la presencia de Kicillof se inauguraron obras en el Centro Cultural La Calle","datePublished":"2022-10-17T16:22:52+00:00","dateModified":"2022-10-27T19:58:23+00:00","mainEntityOfPage":{"@id":"https:\/\/diarioprincipios.com\/index.php\/2022\/10\/17\/con-la-presencia-de-kicillof-se-inauguraron-obras-en-el-centro-cultural-la-calle\/"},"wordCount":399,"commentCount":0,"publisher":{"@id":"https:\/\/diarioprincipios.com\/#organization"},"image":{"@id":"https:\/\/diarioprincipios.com\/index.php\/2022\/10\/17\/con-la-presencia-de-kicillof-se-inauguraron-obras-en-el-centro-cultural-la-calle\/#primaryimage"},"thumbnailUrl":"https:\/\/diarioprincipios.com\/wp-content\/uploads\/2022\/10\/KICILLOF-Y-MUSSI-INAUGURARON-OBRAS-EN-EL-COMPLEJO-CULTURAL-MUNICIPAL-LA-CALLE.jpg","articleSection":["Berazategui"],"inLanguage":"es","potentialAction":[{"@type":"CommentAction","name":"Comment","target":["https:\/\/diarioprincipios.com\/index.php\/2022\/10\/17\/con-la-presencia-de-kicillof-se-inauguraron-obras-en-el-centro-cultural-la-calle\/#respond"]}]},{"@type":"WebPage","@id":"https:\/\/diarioprincipios.com\/index.php\/2022\/10\/17\/con-la-presencia-de-kicillof-se-inauguraron-obras-en-el-centro-cultural-la-calle\/","url":"https:\/\/diarioprincipios.com\/index.php\/2022\/10\/17\/con-la-presencia-de-kicillof-se-inauguraron-obras-en-el-centro-cultural-la-calle\/","name":"Con la presencia de Kicillof se inauguraron obras en el Centro Cultural La Calle - Principios","isPartOf":{"@id":"https:\/\/diarioprincipios.com\/#website"},"primaryImageOfPage":{"@id":"https:\/\/diarioprincipios.com\/index.php\/2022\/10\/17\/con-la-presencia-de-kicillof-se-inauguraron-obras-en-el-centro-cultural-la-calle\/#primaryimage"},"image":{"@id":"https:\/\/diarioprincipios.com\/index.php\/2022\/10\/17\/con-la-presencia-de-kicillof-se-inauguraron-obras-en-el-centro-cultural-la-calle\/#primaryimage"},"thumbnailUrl":"https:\/\/diarioprincipios.com\/wp-content\/uploads\/2022\/10\/KICILLOF-Y-MUSSI-INAUGURARON-OBRAS-EN-EL-COMPLEJO-CULTURAL-MUNICIPAL-LA-CALLE.jpg","datePublished":"2022-10-17T16:22:52+00:00","dateModified":"2022-10-27T19:58:23+00:00","breadcrumb":{"@id":"https:\/\/diarioprincipios.com\/index.php\/2022\/10\/17\/con-la-presencia-de-kicillof-se-inauguraron-obras-en-el-centro-cultural-la-calle\/#breadcrumb"},"inLanguage":"es","potentialAction":[{"@type":"ReadAction","target":["https:\/\/diarioprincipios.com\/index.php\/2022\/10\/17\/con-la-presencia-de-kicillof-se-inauguraron-obras-en-el-centro-cultural-la-calle\/"]}]},{"@type":"ImageObject","inLanguage":"es","@id":"https:\/\/diarioprincipios.com\/index.php\/2022\/10\/17\/con-la-presencia-de-kicillof-se-inauguraron-obras-en-el-centro-cultural-la-calle\/#primaryimage","url":"https:\/\/diarioprincipios.com\/wp-content\/uploads\/2022\/10\/KICILLOF-Y-MUSSI-INAUGURARON-OBRAS-EN-EL-COMPLEJO-CULTURAL-MUNICIPAL-LA-CALLE.jpg","contentUrl":"https:\/\/diarioprincipios.com\/wp-content\/uploads\/2022\/10\/KICILLOF-Y-MUSSI-INAUGURARON-OBRAS-EN-EL-COMPLEJO-CULTURAL-MUNICIPAL-LA-CALLE.jpg","width":1280,"height":853},{"@type":"BreadcrumbList","@id":"https:\/\/diarioprincipios.com\/index.php\/2022\/10\/17\/con-la-presencia-de-kicillof-se-inauguraron-obras-en-el-centro-cultural-la-calle\/#breadcrumb","itemListElement":[{"@type":"ListItem","position":1,"name":"Portada","item":"https:\/\/diarioprincipios.com\/"},{"@type":"ListItem","position":2,"name":"Con la presencia de Kicillof se inauguraron obras en el Centro Cultural La Calle"}]},{"@type":"WebSite","@id":"https:\/\/diarioprincipios.com\/#website","url":"https:\/\/diarioprincipios.com\/","name":"Principios","description":"Principios Diario","publisher":{"@id":"https:\/\/diarioprincipios.com\/#organization"},"potentialAction":[{"@type":"SearchAction","target":{"@type":"EntryPoint","urlTemplate":"https:\/\/diarioprincipios.com\/?s={search_term_string}"},"query-input":{"@type":"PropertyValueSpecification","valueRequired":true,"valueName":"search_term_string"}}],"inLanguage":"es"},{"@type":"Organization","@id":"https:\/\/diarioprincipios.com\/#organization","name":"Principios","url":"https:\/\/diarioprincipios.com\/","logo":{"@type":"ImageObject","inLanguage":"es","@id":"https:\/\/diarioprincipios.com\/#\/schema\/logo\/image\/","url":"https:\/\/diarioprincipios.com\/wp-content\/uploads\/2024\/04\/cropped-www.diarioprincipios.com_-1.png","contentUrl":"https:\/\/diarioprincipios.com\/wp-content\/uploads\/2024\/04\/cropped-www.diarioprincipios.com_-1.png","width":5325,"height":1454,"caption":"Principios"},"image":{"@id":"https:\/\/diarioprincipios.com\/#\/schema\/logo\/image\/"}},{"@type":"Person","@id":"https:\/\/diarioprincipios.com\/#\/schema\/person\/436d5a1fd41a5e250e23ff5a6a7cb080","name":"Hern\u00e1n L\u00f3pez","image":{"@type":"ImageObject","inLanguage":"es","@id":"https:\/\/diarioprincipios.com\/wp-content\/litespeed\/avatar\/11ddfe5610ff3bd100522525b2571f48.jpg?ver=1777048341","url":"https:\/\/diarioprincipios.com\/wp-content\/litespeed\/avatar\/11ddfe5610ff3bd100522525b2571f48.jpg?ver=1777048341","contentUrl":"https:\/\/diarioprincipios.com\/wp-content\/litespeed\/avatar\/11ddfe5610ff3bd100522525b2571f48.jpg?ver=1777048341","caption":"Hern\u00e1n L\u00f3pez"},"url":"https:\/\/diarioprincipios.com\/index.php\/author\/hernan\/"}]}},"jetpack_featured_media_url":"https:\/\/diarioprincipios.com\/wp-content\/uploads\/2022\/10\/KICILLOF-Y-MUSSI-INAUGURARON-OBRAS-EN-EL-COMPLEJO-CULTURAL-MUNICIPAL-LA-CALLE.jpg","_links":{"self":[{"href":"https:\/\/diarioprincipios.com\/index.php\/wp-json\/wp\/v2\/posts\/14860","targetHints":{"allow":["GET"]}}],"collection":[{"href":"https:\/\/diarioprincipios.com\/index.php\/wp-json\/wp\/v2\/posts"}],"about":[{"href":"https:\/\/diarioprincipios.com\/index.php\/wp-json\/wp\/v2\/types\/post"}],"author":[{"embeddable":true,"href":"https:\/\/diarioprincipios.com\/index.php\/wp-json\/wp\/v2\/users\/2"}],"replies":[{"embeddable":true,"href":"https:\/\/diarioprincipios.com\/index.php\/wp-json\/wp\/v2\/comments?post=14860"}],"version-history":[{"count":1,"href":"https:\/\/diarioprincipios.com\/index.php\/wp-json\/wp\/v2\/posts\/14860\/revisions"}],"predecessor-version":[{"id":14863,"href":"https:\/\/diarioprincipios.com\/index.php\/wp-json\/wp\/v2\/posts\/14860\/revisions\/14863"}],"wp:featuredmedia":[{"embeddable":true,"href":"https:\/\/diarioprincipios.com\/index.php\/wp-json\/wp\/v2\/media\/14862"}],"wp:attachment":[{"href":"https:\/\/diarioprincipios.com\/index.php\/wp-json\/wp\/v2\/media?parent=14860"}],"wp:term":[{"taxonomy":"category","embeddable":true,"href":"https:\/\/diarioprincipios.com\/index.php\/wp-json\/wp\/v2\/categories?post=14860"},{"taxonomy":"post_tag","embeddable":true,"href":"https:\/\/diarioprincipios.com\/index.php\/wp-json\/wp\/v2\/tags?post=14860"}],"curies":[{"name":"wp","href":"https:\/\/api.w.org\/{rel}","templated":true}]}}