{"id":14849,"date":"2022-10-17T12:27:55","date_gmt":"2022-10-17T15:27:55","guid":{"rendered":"http:\/\/diarioprincipios.com\/?p=14849"},"modified":"2022-10-27T16:49:22","modified_gmt":"2022-10-27T19:49:22","slug":"comenzo-el-torneo-de-inferiores-de-la-asociacion-de-voley","status":"publish","type":"post","link":"https:\/\/diarioprincipios.com\/index.php\/2022\/10\/17\/comenzo-el-torneo-de-inferiores-de-la-asociacion-de-voley\/","title":{"rendered":"Comenz\u00f3 el Torneo de Inferiores de la Asociaci\u00f3n de Voley"},"content":{"rendered":"\n<p>Este fin de semana, en diferentes sedes de la regi\u00f3n, comenz\u00f3 a disputarse el Torneo de Inferiores\u00a0organizado por la Asociaci\u00f3n de Voley Capital Nacional del Vidrio.<\/p>\n\n\n\n<figure class=\"wp-block-image size-large\"><img loading=\"lazy\" decoding=\"async\" width=\"1024\" height=\"461\" src=\"https:\/\/diarioprincipios.com\/wp-content\/uploads\/2022\/10\/IMG-20221017-WA0029-1024x461.jpg\" alt=\"\" class=\"wp-image-14850\" srcset=\"https:\/\/diarioprincipios.com\/wp-content\/uploads\/2022\/10\/IMG-20221017-WA0029-1024x461.jpg 1024w, https:\/\/diarioprincipios.com\/wp-content\/uploads\/2022\/10\/IMG-20221017-WA0029-300x135.jpg 300w, https:\/\/diarioprincipios.com\/wp-content\/uploads\/2022\/10\/IMG-20221017-WA0029-768x346.jpg 768w, https:\/\/diarioprincipios.com\/wp-content\/uploads\/2022\/10\/IMG-20221017-WA0029-1536x691.jpg 1536w, https:\/\/diarioprincipios.com\/wp-content\/uploads\/2022\/10\/IMG-20221017-WA0029.jpg 1600w\" sizes=\"auto, (max-width: 1024px) 100vw, 1024px\" \/><\/figure>\n\n\n\n<p>Las apasionadas competencias que cada fin de semana se dan en el Torneo Clausura de Mayores ahora tambi\u00e9n tienen como protagonistas a los m\u00e1s j\u00f3venes, que disputaron interesantes encuentros en las categor\u00edas de inferiores Sub 14, Sub 16, Sub 18 y tambi\u00e9n Sub 21, tanto en la categor\u00eda Damas como en Caballeros.<\/p>\n\n\n\n<figure class=\"wp-block-image size-large\"><img loading=\"lazy\" decoding=\"async\" width=\"1024\" height=\"461\" src=\"https:\/\/diarioprincipios.com\/wp-content\/uploads\/2022\/10\/IMG-20221017-WA0023-1024x461.jpg\" alt=\"\" class=\"wp-image-14851\" srcset=\"https:\/\/diarioprincipios.com\/wp-content\/uploads\/2022\/10\/IMG-20221017-WA0023-1024x461.jpg 1024w, https:\/\/diarioprincipios.com\/wp-content\/uploads\/2022\/10\/IMG-20221017-WA0023-300x135.jpg 300w, https:\/\/diarioprincipios.com\/wp-content\/uploads\/2022\/10\/IMG-20221017-WA0023-768x346.jpg 768w, https:\/\/diarioprincipios.com\/wp-content\/uploads\/2022\/10\/IMG-20221017-WA0023-1536x691.jpg 1536w, https:\/\/diarioprincipios.com\/wp-content\/uploads\/2022\/10\/IMG-20221017-WA0023.jpg 1600w\" sizes=\"auto, (max-width: 1024px) 100vw, 1024px\" \/><\/figure>\n\n\n\n<p>Los equipos que participan en estas instancias son SOIVA,\u00a0 Juventud de Wilde,\u00a0 Villa Arguello,\u00a0 Vikingos, Pueblo Nuevo, San Pedro,\u00a0 20 de Junio,\u00a0 Los Quilmes y Cortazar.<\/p>\n\n\n\n<figure class=\"wp-block-image size-large\"><img loading=\"lazy\" decoding=\"async\" width=\"1024\" height=\"461\" src=\"https:\/\/diarioprincipios.com\/wp-content\/uploads\/2022\/10\/IMG-20221017-WA0017-1024x461.jpg\" alt=\"\" class=\"wp-image-14852\" srcset=\"https:\/\/diarioprincipios.com\/wp-content\/uploads\/2022\/10\/IMG-20221017-WA0017-1024x461.jpg 1024w, https:\/\/diarioprincipios.com\/wp-content\/uploads\/2022\/10\/IMG-20221017-WA0017-300x135.jpg 300w, https:\/\/diarioprincipios.com\/wp-content\/uploads\/2022\/10\/IMG-20221017-WA0017-768x346.jpg 768w, https:\/\/diarioprincipios.com\/wp-content\/uploads\/2022\/10\/IMG-20221017-WA0017-1536x691.jpg 1536w, https:\/\/diarioprincipios.com\/wp-content\/uploads\/2022\/10\/IMG-20221017-WA0017.jpg 1600w\" sizes=\"auto, (max-width: 1024px) 100vw, 1024px\" \/><\/figure>\n\n\n\n<p>Celia Cabrera, presidenta de la Asociaci\u00f3n de Voley Capital Nacional del Vidrio destac\u00f3 que \u00abest\u00e1bamos esperando el inicio del Torneo de Inferiores con muchas ansias, ver competir con tanto entusiasmo a decenas de adolescentes y j\u00f3venes nos llena el alma y nos impulsa a seguir trabajando por ellos con todo el compromiso y el esfuerzo que le venimos poniendo desde el primer d\u00eda\u00bb.<\/p>\n\n\n\n<figure class=\"wp-block-image size-large\"><img loading=\"lazy\" decoding=\"async\" width=\"1024\" height=\"576\" src=\"https:\/\/diarioprincipios.com\/wp-content\/uploads\/2022\/10\/IMG-20221016-WA0028-1024x576.jpg\" alt=\"\" class=\"wp-image-14853\" srcset=\"https:\/\/diarioprincipios.com\/wp-content\/uploads\/2022\/10\/IMG-20221016-WA0028-1024x576.jpg 1024w, https:\/\/diarioprincipios.com\/wp-content\/uploads\/2022\/10\/IMG-20221016-WA0028-300x169.jpg 300w, https:\/\/diarioprincipios.com\/wp-content\/uploads\/2022\/10\/IMG-20221016-WA0028-768x432.jpg 768w, https:\/\/diarioprincipios.com\/wp-content\/uploads\/2022\/10\/IMG-20221016-WA0028-1536x864.jpg 1536w, https:\/\/diarioprincipios.com\/wp-content\/uploads\/2022\/10\/IMG-20221016-WA0028.jpg 1600w\" sizes=\"auto, (max-width: 1024px) 100vw, 1024px\" \/><\/figure>\n\n\n\n<p>Agreg\u00f3 que \u00abtenemos a\u00fan muchos desaf\u00edos por delante, queremos seguir creciendo con nuestro Torneo de Mayores que cada vez est\u00e1 m\u00e1s interesante, lo mismo con este proyecto que iniciamos en las Inferiores y muy pronto esperamos tambi\u00e9n comenzar con el Mini Voley, apuntando tambi\u00e9n a la participaci\u00f3n de los ni\u00f1os\u00bb.<\/p>\n\n\n\n<figure class=\"wp-block-image size-large\"><img loading=\"lazy\" decoding=\"async\" width=\"1024\" height=\"768\" src=\"https:\/\/diarioprincipios.com\/wp-content\/uploads\/2022\/10\/IMG-20221016-WA0022-1024x768.jpg\" alt=\"\" class=\"wp-image-14854\" srcset=\"https:\/\/diarioprincipios.com\/wp-content\/uploads\/2022\/10\/IMG-20221016-WA0022-1024x768.jpg 1024w, https:\/\/diarioprincipios.com\/wp-content\/uploads\/2022\/10\/IMG-20221016-WA0022-300x225.jpg 300w, https:\/\/diarioprincipios.com\/wp-content\/uploads\/2022\/10\/IMG-20221016-WA0022-768x576.jpg 768w, https:\/\/diarioprincipios.com\/wp-content\/uploads\/2022\/10\/IMG-20221016-WA0022.jpg 1032w\" sizes=\"auto, (max-width: 1024px) 100vw, 1024px\" \/><\/figure>\n\n\n\n<p>Finalmente, destac\u00f3 que \u00abincluir a ni\u00f1os, adolescentes y j\u00f3venes en el deporte es para nosotros la satisfacci\u00f3n m\u00e1s grande, todos sabemos la importancia que ello tiene, fomentando la salud, la integraci\u00f3n, la fraternidad, ayudando en la formaci\u00f3n de las futuras generaciones, en nuestro caso tambi\u00e9n brind\u00e1ndole una posibilidad de costear sus estudios a muchos j\u00f3venes que se prepararon para ser \u00e1rbitros y planilleros de las competencias en los cursos que nosotros mismos fomentamos\u00bb.<\/p>\n","protected":false},"excerpt":{"rendered":"<p>Este fin de semana, en diferentes sedes de la regi\u00f3n, comenz\u00f3 a disputarse el Torneo de Inferiores\u00a0organizado por la Asociaci\u00f3n de Voley Capital Nacional del Vidrio. Las apasionadas competencias que cada fin de semana se dan en el Torneo Clausura de Mayores ahora tambi\u00e9n tienen como protagonistas a los m\u00e1s j\u00f3venes, que disputaron interesantes encuentros&#8230;<\/p>\n","protected":false},"author":2,"featured_media":14855,"comment_status":"open","ping_status":"open","sticky":false,"template":"","format":"standard","meta":{"footnotes":""},"categories":[6],"tags":[],"class_list":["post-14849","post","type-post","status-publish","format-standard","has-post-thumbnail","hentry","category-deportes"],"featured_image_src":"https:\/\/diarioprincipios.com\/wp-content\/uploads\/2022\/10\/IMG-20221016-WA0029-1024x768.jpg","blog_images":{"medium":"https:\/\/diarioprincipios.com\/wp-content\/uploads\/2022\/10\/IMG-20221016-WA0029-300x225.jpg","large":"https:\/\/diarioprincipios.com\/wp-content\/uploads\/2022\/10\/IMG-20221016-WA0029-1024x768.jpg"},"ams_acf":[],"yoast_head":"<!-- This site is optimized with the Yoast SEO plugin v27.3 - https:\/\/yoast.com\/product\/yoast-seo-wordpress\/ -->\n<title>Comenz\u00f3 el Torneo de Inferiores de la Asociaci\u00f3n de Voley - Principios<\/title>\n<meta name=\"robots\" content=\"index, follow, max-snippet:-1, max-image-preview:large, max-video-preview:-1\" \/>\n<link rel=\"canonical\" href=\"https:\/\/diarioprincipios.com\/index.php\/2022\/10\/17\/comenzo-el-torneo-de-inferiores-de-la-asociacion-de-voley\/\" \/>\n<meta property=\"og:locale\" content=\"es_ES\" \/>\n<meta property=\"og:type\" content=\"article\" \/>\n<meta property=\"og:title\" content=\"Comenz\u00f3 el Torneo de Inferiores de la Asociaci\u00f3n de Voley - Principios\" \/>\n<meta property=\"og:description\" content=\"Este fin de semana, en diferentes sedes de la regi\u00f3n, comenz\u00f3 a disputarse el Torneo de Inferiores\u00a0organizado por la Asociaci\u00f3n de Voley Capital Nacional del Vidrio. Las apasionadas competencias que cada fin de semana se dan en el Torneo Clausura de Mayores ahora tambi\u00e9n tienen como protagonistas a los m\u00e1s j\u00f3venes, que disputaron interesantes encuentros...\" \/>\n<meta property=\"og:url\" content=\"https:\/\/diarioprincipios.com\/index.php\/2022\/10\/17\/comenzo-el-torneo-de-inferiores-de-la-asociacion-de-voley\/\" \/>\n<meta property=\"og:site_name\" content=\"Principios\" \/>\n<meta property=\"article:published_time\" content=\"2022-10-17T15:27:55+00:00\" \/>\n<meta property=\"article:modified_time\" content=\"2022-10-27T19:49:22+00:00\" \/>\n<meta property=\"og:image\" content=\"https:\/\/diarioprincipios.com\/wp-content\/uploads\/2022\/10\/IMG-20221016-WA0029.jpg\" \/>\n\t<meta property=\"og:image:width\" content=\"1032\" \/>\n\t<meta property=\"og:image:height\" content=\"774\" \/>\n\t<meta property=\"og:image:type\" content=\"image\/jpeg\" \/>\n<meta name=\"author\" content=\"Hern\u00e1n L\u00f3pez\" \/>\n<meta name=\"twitter:card\" content=\"summary_large_image\" \/>\n<meta name=\"twitter:label1\" content=\"Escrito por\" \/>\n\t<meta name=\"twitter:data1\" content=\"Hern\u00e1n L\u00f3pez\" \/>\n\t<meta name=\"twitter:label2\" content=\"Tiempo de lectura\" \/>\n\t<meta name=\"twitter:data2\" content=\"3 minutos\" \/>\n<script type=\"application\/ld+json\" class=\"yoast-schema-graph\">{\"@context\":\"https:\\\/\\\/schema.org\",\"@graph\":[{\"@type\":\"Article\",\"@id\":\"https:\\\/\\\/diarioprincipios.com\\\/index.php\\\/2022\\\/10\\\/17\\\/comenzo-el-torneo-de-inferiores-de-la-asociacion-de-voley\\\/#article\",\"isPartOf\":{\"@id\":\"https:\\\/\\\/diarioprincipios.com\\\/index.php\\\/2022\\\/10\\\/17\\\/comenzo-el-torneo-de-inferiores-de-la-asociacion-de-voley\\\/\"},\"author\":{\"name\":\"Hern\u00e1n L\u00f3pez\",\"@id\":\"https:\\\/\\\/diarioprincipios.com\\\/#\\\/schema\\\/person\\\/436d5a1fd41a5e250e23ff5a6a7cb080\"},\"headline\":\"Comenz\u00f3 el Torneo de Inferiores de la Asociaci\u00f3n de Voley\",\"datePublished\":\"2022-10-17T15:27:55+00:00\",\"dateModified\":\"2022-10-27T19:49:22+00:00\",\"mainEntityOfPage\":{\"@id\":\"https:\\\/\\\/diarioprincipios.com\\\/index.php\\\/2022\\\/10\\\/17\\\/comenzo-el-torneo-de-inferiores-de-la-asociacion-de-voley\\\/\"},\"wordCount\":325,\"commentCount\":0,\"publisher\":{\"@id\":\"https:\\\/\\\/diarioprincipios.com\\\/#organization\"},\"image\":{\"@id\":\"https:\\\/\\\/diarioprincipios.com\\\/index.php\\\/2022\\\/10\\\/17\\\/comenzo-el-torneo-de-inferiores-de-la-asociacion-de-voley\\\/#primaryimage\"},\"thumbnailUrl\":\"https:\\\/\\\/diarioprincipios.com\\\/wp-content\\\/uploads\\\/2022\\\/10\\\/IMG-20221016-WA0029.jpg\",\"articleSection\":[\"Deportes\"],\"inLanguage\":\"es\",\"potentialAction\":[{\"@type\":\"CommentAction\",\"name\":\"Comment\",\"target\":[\"https:\\\/\\\/diarioprincipios.com\\\/index.php\\\/2022\\\/10\\\/17\\\/comenzo-el-torneo-de-inferiores-de-la-asociacion-de-voley\\\/#respond\"]}]},{\"@type\":\"WebPage\",\"@id\":\"https:\\\/\\\/diarioprincipios.com\\\/index.php\\\/2022\\\/10\\\/17\\\/comenzo-el-torneo-de-inferiores-de-la-asociacion-de-voley\\\/\",\"url\":\"https:\\\/\\\/diarioprincipios.com\\\/index.php\\\/2022\\\/10\\\/17\\\/comenzo-el-torneo-de-inferiores-de-la-asociacion-de-voley\\\/\",\"name\":\"Comenz\u00f3 el Torneo de Inferiores de la Asociaci\u00f3n de Voley - Principios\",\"isPartOf\":{\"@id\":\"https:\\\/\\\/diarioprincipios.com\\\/#website\"},\"primaryImageOfPage\":{\"@id\":\"https:\\\/\\\/diarioprincipios.com\\\/index.php\\\/2022\\\/10\\\/17\\\/comenzo-el-torneo-de-inferiores-de-la-asociacion-de-voley\\\/#primaryimage\"},\"image\":{\"@id\":\"https:\\\/\\\/diarioprincipios.com\\\/index.php\\\/2022\\\/10\\\/17\\\/comenzo-el-torneo-de-inferiores-de-la-asociacion-de-voley\\\/#primaryimage\"},\"thumbnailUrl\":\"https:\\\/\\\/diarioprincipios.com\\\/wp-content\\\/uploads\\\/2022\\\/10\\\/IMG-20221016-WA0029.jpg\",\"datePublished\":\"2022-10-17T15:27:55+00:00\",\"dateModified\":\"2022-10-27T19:49:22+00:00\",\"breadcrumb\":{\"@id\":\"https:\\\/\\\/diarioprincipios.com\\\/index.php\\\/2022\\\/10\\\/17\\\/comenzo-el-torneo-de-inferiores-de-la-asociacion-de-voley\\\/#breadcrumb\"},\"inLanguage\":\"es\",\"potentialAction\":[{\"@type\":\"ReadAction\",\"target\":[\"https:\\\/\\\/diarioprincipios.com\\\/index.php\\\/2022\\\/10\\\/17\\\/comenzo-el-torneo-de-inferiores-de-la-asociacion-de-voley\\\/\"]}]},{\"@type\":\"ImageObject\",\"inLanguage\":\"es\",\"@id\":\"https:\\\/\\\/diarioprincipios.com\\\/index.php\\\/2022\\\/10\\\/17\\\/comenzo-el-torneo-de-inferiores-de-la-asociacion-de-voley\\\/#primaryimage\",\"url\":\"https:\\\/\\\/diarioprincipios.com\\\/wp-content\\\/uploads\\\/2022\\\/10\\\/IMG-20221016-WA0029.jpg\",\"contentUrl\":\"https:\\\/\\\/diarioprincipios.com\\\/wp-content\\\/uploads\\\/2022\\\/10\\\/IMG-20221016-WA0029.jpg\",\"width\":1032,\"height\":774},{\"@type\":\"BreadcrumbList\",\"@id\":\"https:\\\/\\\/diarioprincipios.com\\\/index.php\\\/2022\\\/10\\\/17\\\/comenzo-el-torneo-de-inferiores-de-la-asociacion-de-voley\\\/#breadcrumb\",\"itemListElement\":[{\"@type\":\"ListItem\",\"position\":1,\"name\":\"Portada\",\"item\":\"https:\\\/\\\/diarioprincipios.com\\\/\"},{\"@type\":\"ListItem\",\"position\":2,\"name\":\"Comenz\u00f3 el Torneo de Inferiores de la Asociaci\u00f3n de Voley\"}]},{\"@type\":\"WebSite\",\"@id\":\"https:\\\/\\\/diarioprincipios.com\\\/#website\",\"url\":\"https:\\\/\\\/diarioprincipios.com\\\/\",\"name\":\"Principios\",\"description\":\"Principios Diario\",\"publisher\":{\"@id\":\"https:\\\/\\\/diarioprincipios.com\\\/#organization\"},\"potentialAction\":[{\"@type\":\"SearchAction\",\"target\":{\"@type\":\"EntryPoint\",\"urlTemplate\":\"https:\\\/\\\/diarioprincipios.com\\\/?s={search_term_string}\"},\"query-input\":{\"@type\":\"PropertyValueSpecification\",\"valueRequired\":true,\"valueName\":\"search_term_string\"}}],\"inLanguage\":\"es\"},{\"@type\":\"Organization\",\"@id\":\"https:\\\/\\\/diarioprincipios.com\\\/#organization\",\"name\":\"Principios\",\"url\":\"https:\\\/\\\/diarioprincipios.com\\\/\",\"logo\":{\"@type\":\"ImageObject\",\"inLanguage\":\"es\",\"@id\":\"https:\\\/\\\/diarioprincipios.com\\\/#\\\/schema\\\/logo\\\/image\\\/\",\"url\":\"https:\\\/\\\/diarioprincipios.com\\\/wp-content\\\/uploads\\\/2024\\\/04\\\/cropped-www.diarioprincipios.com_-1.png\",\"contentUrl\":\"https:\\\/\\\/diarioprincipios.com\\\/wp-content\\\/uploads\\\/2024\\\/04\\\/cropped-www.diarioprincipios.com_-1.png\",\"width\":5325,\"height\":1454,\"caption\":\"Principios\"},\"image\":{\"@id\":\"https:\\\/\\\/diarioprincipios.com\\\/#\\\/schema\\\/logo\\\/image\\\/\"}},{\"@type\":\"Person\",\"@id\":\"https:\\\/\\\/diarioprincipios.com\\\/#\\\/schema\\\/person\\\/436d5a1fd41a5e250e23ff5a6a7cb080\",\"name\":\"Hern\u00e1n L\u00f3pez\",\"image\":{\"@type\":\"ImageObject\",\"inLanguage\":\"es\",\"@id\":\"https:\\\/\\\/diarioprincipios.com\\\/wp-content\\\/litespeed\\\/avatar\\\/11ddfe5610ff3bd100522525b2571f48.jpg?ver=1777048341\",\"url\":\"https:\\\/\\\/diarioprincipios.com\\\/wp-content\\\/litespeed\\\/avatar\\\/11ddfe5610ff3bd100522525b2571f48.jpg?ver=1777048341\",\"contentUrl\":\"https:\\\/\\\/diarioprincipios.com\\\/wp-content\\\/litespeed\\\/avatar\\\/11ddfe5610ff3bd100522525b2571f48.jpg?ver=1777048341\",\"caption\":\"Hern\u00e1n L\u00f3pez\"},\"url\":\"https:\\\/\\\/diarioprincipios.com\\\/index.php\\\/author\\\/hernan\\\/\"}]}<\/script>\n<!-- \/ Yoast SEO plugin. -->","yoast_head_json":{"title":"Comenz\u00f3 el Torneo de Inferiores de la Asociaci\u00f3n de Voley - Principios","robots":{"index":"index","follow":"follow","max-snippet":"max-snippet:-1","max-image-preview":"max-image-preview:large","max-video-preview":"max-video-preview:-1"},"canonical":"https:\/\/diarioprincipios.com\/index.php\/2022\/10\/17\/comenzo-el-torneo-de-inferiores-de-la-asociacion-de-voley\/","og_locale":"es_ES","og_type":"article","og_title":"Comenz\u00f3 el Torneo de Inferiores de la Asociaci\u00f3n de Voley - Principios","og_description":"Este fin de semana, en diferentes sedes de la regi\u00f3n, comenz\u00f3 a disputarse el Torneo de Inferiores\u00a0organizado por la Asociaci\u00f3n de Voley Capital Nacional del Vidrio. Las apasionadas competencias que cada fin de semana se dan en el Torneo Clausura de Mayores ahora tambi\u00e9n tienen como protagonistas a los m\u00e1s j\u00f3venes, que disputaron interesantes encuentros...","og_url":"https:\/\/diarioprincipios.com\/index.php\/2022\/10\/17\/comenzo-el-torneo-de-inferiores-de-la-asociacion-de-voley\/","og_site_name":"Principios","article_published_time":"2022-10-17T15:27:55+00:00","article_modified_time":"2022-10-27T19:49:22+00:00","og_image":[{"width":1032,"height":774,"url":"https:\/\/diarioprincipios.com\/wp-content\/uploads\/2022\/10\/IMG-20221016-WA0029.jpg","type":"image\/jpeg"}],"author":"Hern\u00e1n L\u00f3pez","twitter_card":"summary_large_image","twitter_misc":{"Escrito por":"Hern\u00e1n L\u00f3pez","Tiempo de lectura":"3 minutos"},"schema":{"@context":"https:\/\/schema.org","@graph":[{"@type":"Article","@id":"https:\/\/diarioprincipios.com\/index.php\/2022\/10\/17\/comenzo-el-torneo-de-inferiores-de-la-asociacion-de-voley\/#article","isPartOf":{"@id":"https:\/\/diarioprincipios.com\/index.php\/2022\/10\/17\/comenzo-el-torneo-de-inferiores-de-la-asociacion-de-voley\/"},"author":{"name":"Hern\u00e1n L\u00f3pez","@id":"https:\/\/diarioprincipios.com\/#\/schema\/person\/436d5a1fd41a5e250e23ff5a6a7cb080"},"headline":"Comenz\u00f3 el Torneo de Inferiores de la Asociaci\u00f3n de Voley","datePublished":"2022-10-17T15:27:55+00:00","dateModified":"2022-10-27T19:49:22+00:00","mainEntityOfPage":{"@id":"https:\/\/diarioprincipios.com\/index.php\/2022\/10\/17\/comenzo-el-torneo-de-inferiores-de-la-asociacion-de-voley\/"},"wordCount":325,"commentCount":0,"publisher":{"@id":"https:\/\/diarioprincipios.com\/#organization"},"image":{"@id":"https:\/\/diarioprincipios.com\/index.php\/2022\/10\/17\/comenzo-el-torneo-de-inferiores-de-la-asociacion-de-voley\/#primaryimage"},"thumbnailUrl":"https:\/\/diarioprincipios.com\/wp-content\/uploads\/2022\/10\/IMG-20221016-WA0029.jpg","articleSection":["Deportes"],"inLanguage":"es","potentialAction":[{"@type":"CommentAction","name":"Comment","target":["https:\/\/diarioprincipios.com\/index.php\/2022\/10\/17\/comenzo-el-torneo-de-inferiores-de-la-asociacion-de-voley\/#respond"]}]},{"@type":"WebPage","@id":"https:\/\/diarioprincipios.com\/index.php\/2022\/10\/17\/comenzo-el-torneo-de-inferiores-de-la-asociacion-de-voley\/","url":"https:\/\/diarioprincipios.com\/index.php\/2022\/10\/17\/comenzo-el-torneo-de-inferiores-de-la-asociacion-de-voley\/","name":"Comenz\u00f3 el Torneo de Inferiores de la Asociaci\u00f3n de Voley - Principios","isPartOf":{"@id":"https:\/\/diarioprincipios.com\/#website"},"primaryImageOfPage":{"@id":"https:\/\/diarioprincipios.com\/index.php\/2022\/10\/17\/comenzo-el-torneo-de-inferiores-de-la-asociacion-de-voley\/#primaryimage"},"image":{"@id":"https:\/\/diarioprincipios.com\/index.php\/2022\/10\/17\/comenzo-el-torneo-de-inferiores-de-la-asociacion-de-voley\/#primaryimage"},"thumbnailUrl":"https:\/\/diarioprincipios.com\/wp-content\/uploads\/2022\/10\/IMG-20221016-WA0029.jpg","datePublished":"2022-10-17T15:27:55+00:00","dateModified":"2022-10-27T19:49:22+00:00","breadcrumb":{"@id":"https:\/\/diarioprincipios.com\/index.php\/2022\/10\/17\/comenzo-el-torneo-de-inferiores-de-la-asociacion-de-voley\/#breadcrumb"},"inLanguage":"es","potentialAction":[{"@type":"ReadAction","target":["https:\/\/diarioprincipios.com\/index.php\/2022\/10\/17\/comenzo-el-torneo-de-inferiores-de-la-asociacion-de-voley\/"]}]},{"@type":"ImageObject","inLanguage":"es","@id":"https:\/\/diarioprincipios.com\/index.php\/2022\/10\/17\/comenzo-el-torneo-de-inferiores-de-la-asociacion-de-voley\/#primaryimage","url":"https:\/\/diarioprincipios.com\/wp-content\/uploads\/2022\/10\/IMG-20221016-WA0029.jpg","contentUrl":"https:\/\/diarioprincipios.com\/wp-content\/uploads\/2022\/10\/IMG-20221016-WA0029.jpg","width":1032,"height":774},{"@type":"BreadcrumbList","@id":"https:\/\/diarioprincipios.com\/index.php\/2022\/10\/17\/comenzo-el-torneo-de-inferiores-de-la-asociacion-de-voley\/#breadcrumb","itemListElement":[{"@type":"ListItem","position":1,"name":"Portada","item":"https:\/\/diarioprincipios.com\/"},{"@type":"ListItem","position":2,"name":"Comenz\u00f3 el Torneo de Inferiores de la Asociaci\u00f3n de Voley"}]},{"@type":"WebSite","@id":"https:\/\/diarioprincipios.com\/#website","url":"https:\/\/diarioprincipios.com\/","name":"Principios","description":"Principios Diario","publisher":{"@id":"https:\/\/diarioprincipios.com\/#organization"},"potentialAction":[{"@type":"SearchAction","target":{"@type":"EntryPoint","urlTemplate":"https:\/\/diarioprincipios.com\/?s={search_term_string}"},"query-input":{"@type":"PropertyValueSpecification","valueRequired":true,"valueName":"search_term_string"}}],"inLanguage":"es"},{"@type":"Organization","@id":"https:\/\/diarioprincipios.com\/#organization","name":"Principios","url":"https:\/\/diarioprincipios.com\/","logo":{"@type":"ImageObject","inLanguage":"es","@id":"https:\/\/diarioprincipios.com\/#\/schema\/logo\/image\/","url":"https:\/\/diarioprincipios.com\/wp-content\/uploads\/2024\/04\/cropped-www.diarioprincipios.com_-1.png","contentUrl":"https:\/\/diarioprincipios.com\/wp-content\/uploads\/2024\/04\/cropped-www.diarioprincipios.com_-1.png","width":5325,"height":1454,"caption":"Principios"},"image":{"@id":"https:\/\/diarioprincipios.com\/#\/schema\/logo\/image\/"}},{"@type":"Person","@id":"https:\/\/diarioprincipios.com\/#\/schema\/person\/436d5a1fd41a5e250e23ff5a6a7cb080","name":"Hern\u00e1n L\u00f3pez","image":{"@type":"ImageObject","inLanguage":"es","@id":"https:\/\/diarioprincipios.com\/wp-content\/litespeed\/avatar\/11ddfe5610ff3bd100522525b2571f48.jpg?ver=1777048341","url":"https:\/\/diarioprincipios.com\/wp-content\/litespeed\/avatar\/11ddfe5610ff3bd100522525b2571f48.jpg?ver=1777048341","contentUrl":"https:\/\/diarioprincipios.com\/wp-content\/litespeed\/avatar\/11ddfe5610ff3bd100522525b2571f48.jpg?ver=1777048341","caption":"Hern\u00e1n L\u00f3pez"},"url":"https:\/\/diarioprincipios.com\/index.php\/author\/hernan\/"}]}},"jetpack_featured_media_url":"https:\/\/diarioprincipios.com\/wp-content\/uploads\/2022\/10\/IMG-20221016-WA0029.jpg","_links":{"self":[{"href":"https:\/\/diarioprincipios.com\/index.php\/wp-json\/wp\/v2\/posts\/14849","targetHints":{"allow":["GET"]}}],"collection":[{"href":"https:\/\/diarioprincipios.com\/index.php\/wp-json\/wp\/v2\/posts"}],"about":[{"href":"https:\/\/diarioprincipios.com\/index.php\/wp-json\/wp\/v2\/types\/post"}],"author":[{"embeddable":true,"href":"https:\/\/diarioprincipios.com\/index.php\/wp-json\/wp\/v2\/users\/2"}],"replies":[{"embeddable":true,"href":"https:\/\/diarioprincipios.com\/index.php\/wp-json\/wp\/v2\/comments?post=14849"}],"version-history":[{"count":1,"href":"https:\/\/diarioprincipios.com\/index.php\/wp-json\/wp\/v2\/posts\/14849\/revisions"}],"predecessor-version":[{"id":14856,"href":"https:\/\/diarioprincipios.com\/index.php\/wp-json\/wp\/v2\/posts\/14849\/revisions\/14856"}],"wp:featuredmedia":[{"embeddable":true,"href":"https:\/\/diarioprincipios.com\/index.php\/wp-json\/wp\/v2\/media\/14855"}],"wp:attachment":[{"href":"https:\/\/diarioprincipios.com\/index.php\/wp-json\/wp\/v2\/media?parent=14849"}],"wp:term":[{"taxonomy":"category","embeddable":true,"href":"https:\/\/diarioprincipios.com\/index.php\/wp-json\/wp\/v2\/categories?post=14849"},{"taxonomy":"post_tag","embeddable":true,"href":"https:\/\/diarioprincipios.com\/index.php\/wp-json\/wp\/v2\/tags?post=14849"}],"curies":[{"name":"wp","href":"https:\/\/api.w.org\/{rel}","templated":true}]}}